{"id":15802,"date":"2025-02-04T17:41:36","date_gmt":"2025-02-04T16:41:36","guid":{"rendered":"https:\/\/www.visitcentroamerica.com\/sala-prensa\/?p=15802"},"modified":"2025-02-06T16:32:44","modified_gmt":"2025-02-06T15:32:44","slug":"centroamerica-vuelve-a-milan-para-conquistar-a-los-viajeros-de-italianos","status":"publish","type":"post","link":"https:\/\/www.visitcentroamerica.com\/sala-prensa\/otros\/centroamerica-vuelve-a-milan-para-conquistar-a-los-viajeros-de-italianos\/","title":{"rendered":"Centroam\u00e9rica vuelve a Mil\u00e1n para conquistar a los viajeros italianos"},"content":{"rendered":"<p><img loading=\"lazy\" decoding=\"async\" class=\"alignnone wp-image-15803 size-full\" src=\"https:\/\/www.visitcentroamerica.com\/sala-prensa\/wp-content\/uploads\/2025\/02\/Sin-titulo-1024-x-600-px-95.png\" alt=\"\" width=\"1024\" height=\"600\" srcset=\"https:\/\/www.visitcentroamerica.com\/sala-prensa\/wp-content\/uploads\/2025\/02\/Sin-titulo-1024-x-600-px-95.png 1024w, https:\/\/www.visitcentroamerica.com\/sala-prensa\/wp-content\/uploads\/2025\/02\/Sin-titulo-1024-x-600-px-95-300x176.png 300w, https:\/\/www.visitcentroamerica.com\/sala-prensa\/wp-content\/uploads\/2025\/02\/Sin-titulo-1024-x-600-px-95-768x450.png 768w, https:\/\/www.visitcentroamerica.com\/sala-prensa\/wp-content\/uploads\/2025\/02\/Sin-titulo-1024-x-600-px-95-717x420.png 717w, https:\/\/www.visitcentroamerica.com\/sala-prensa\/wp-content\/uploads\/2025\/02\/Sin-titulo-1024-x-600-px-95-696x408.png 696w, https:\/\/www.visitcentroamerica.com\/sala-prensa\/wp-content\/uploads\/2025\/02\/Sin-titulo-1024-x-600-px-95-500x293.png 500w\" sizes=\"auto, (max-width: 1024px) 100vw, 1024px\" \/><\/p>\n<p>Centroam\u00e9rica se prepara para cautivar al mercado italiano con su regreso a la Bolsa Internacional de Turismo (BIT) de Mil\u00e1n 2025, reafirmando su posici\u00f3n como un destino atractivo y competitivo. Representada por la Agencia de Promoci\u00f3n Tur\u00edstica de Centroam\u00e9rica (CATA), la regi\u00f3n promover\u00e1 las riquezas tur\u00edsticas de Belice, Guatemala, El Salvador, Honduras, Nicaragua, Panam\u00e1 y Rep\u00fablica Dominicana a trav\u00e9s de una agenda de trabajo dirigida a la industria de viajes, la prensa especializada y el consumidor final.<\/p>\n<p>De acuerdo con datos preliminares, la regi\u00f3n recibi\u00f3 m\u00e1s de 25 millones de visitantes durante 2024, esto es al menos 11% m\u00e1s que el a\u00f1o anterior a nivel total. De ellos, se estima que unos 170,000 fueron viajeros italianos que volaron hacia Centroam\u00e9rica. En ese sentido, Italia es un mercado clave para Centroam\u00e9rica, con un inter\u00e9s creciente por el turismo de experiencias aut\u00e9nticas<\/p>\n<p>La presencia de CATA en BIT Mil\u00e1n marca un momento crucial para fortalecer la relaci\u00f3n con tour operadores, medios y potenciales viajeros, en un contexto en que el turismo europeo hacia la regi\u00f3n ha mostrado un aumento debido a ser destinos no masificados con una carga cultural significativa.<\/p>\n<p>Boris Iraheta, secretario general de CATA, ha asegurado que: \u00abCentroam\u00e9rica regresa a BIT Mil\u00e1n con una apuesta fuerte y clara: consolidar nuestra presencia en el mercado italiano y ofrecer experiencias que respondan a las tendencias actuales de los viajeros. Nuestra diversidad cultural, natural y de aventura convierte a la regi\u00f3n en un destino ideal para quienes buscan algo m\u00e1s all\u00e1 de lo convencional\u00bb.<\/p>\n<p>En BIT Mil\u00e1n 2025, CATA implementar\u00e1 una estrategia de promoci\u00f3n que incluir\u00e1 actividades con medios y socios comerciales para posicionar a la regi\u00f3n en el escenario tur\u00edstico internacional 2025. Con una oferta que combina naturaleza, cultura y aventura, Centroam\u00e9rica buscar\u00e1 posicionarse como una opci\u00f3n de viaje \u00fanica, aut\u00e9ntica y llena de experiencias inigualables.<\/p>\n","protected":false},"excerpt":{"rendered":"<p>Centroam\u00e9rica se prepara para cautivar al mercado italiano con su regreso a la Bolsa Internacional de Turismo (BIT) de Mil\u00e1n 2025, reafirmando su posici\u00f3n como un destino atractivo y competitivo. Representada por la Agencia de Promoci\u00f3n Tur\u00edstica de Centroam\u00e9rica (CATA), la regi\u00f3n promover\u00e1 las riquezas tur\u00edsticas de Belice, Guatemala, El Salvador, Honduras, Nicaragua, Panam\u00e1 y [&hellip;]<\/p>\n","protected":false},"author":5,"featured_media":15803,"comment_status":"open","ping_status":"closed","sticky":false,"template":"","format":"standard","meta":{"footnotes":""},"categories":[1],"tags":[],"class_list":{"0":"post-15802","1":"post","2":"type-post","3":"status-publish","4":"format-standard","5":"has-post-thumbnail","7":"category-otros"},"yoast_head":"<!-- This site is optimized with the Yoast SEO plugin v27.3 - https:\/\/yoast.com\/product\/yoast-seo-wordpress\/ -->\n<title>Centroam\u00e9rica vuelve a Mil\u00e1n para conquistar a los viajeros italianos - Sala de prensa<\/title>\n<meta name=\"robots\" content=\"index, follow, max-snippet:-1, max-image-preview:large, max-video-preview:-1\" \/>\n<link rel=\"canonical\" href=\"https:\/\/www.visitcentroamerica.com\/sala-prensa\/otros\/centroamerica-vuelve-a-milan-para-conquistar-a-los-viajeros-de-italianos\/\" \/>\n<meta property=\"og:locale\" content=\"es_ES\" \/>\n<meta property=\"og:type\" content=\"article\" \/>\n<meta property=\"og:title\" content=\"Centroam\u00e9rica vuelve a Mil\u00e1n para conquistar a los viajeros italianos - Sala de prensa\" \/>\n<meta property=\"og:description\" content=\"Centroam\u00e9rica se prepara para cautivar al mercado italiano con su regreso a la Bolsa Internacional de Turismo (BIT) de Mil\u00e1n 2025, reafirmando su posici\u00f3n como un destino atractivo y competitivo. Representada por la Agencia de Promoci\u00f3n Tur\u00edstica de Centroam\u00e9rica (CATA), la regi\u00f3n promover\u00e1 las riquezas tur\u00edsticas de Belice, Guatemala, El Salvador, Honduras, Nicaragua, Panam\u00e1 y [&hellip;]\" \/>\n<meta property=\"og:url\" content=\"https:\/\/www.visitcentroamerica.com\/sala-prensa\/otros\/centroamerica-vuelve-a-milan-para-conquistar-a-los-viajeros-de-italianos\/\" \/>\n<meta property=\"og:site_name\" content=\"Sala de prensa\" \/>\n<meta property=\"article:published_time\" content=\"2025-02-04T16:41:36+00:00\" \/>\n<meta property=\"article:modified_time\" content=\"2025-02-06T15:32:44+00:00\" \/>\n<meta property=\"og:image\" content=\"https:\/\/www.visitcentroamerica.com\/sala-prensa\/wp-content\/uploads\/2025\/02\/Sin-titulo-1024-x-600-px-95.png\" \/>\n\t<meta property=\"og:image:width\" content=\"1024\" \/>\n\t<meta property=\"og:image:height\" content=\"600\" \/>\n\t<meta property=\"og:image:type\" content=\"image\/png\" \/>\n<meta name=\"author\" content=\"Denis Alvarado\" \/>\n<meta name=\"twitter:card\" content=\"summary_large_image\" \/>\n<meta name=\"twitter:label1\" content=\"Escrito por\" \/>\n\t<meta name=\"twitter:data1\" content=\"Denis Alvarado\" \/>\n\t<meta name=\"twitter:label2\" content=\"Tiempo de lectura\" \/>\n\t<meta name=\"twitter:data2\" content=\"2 minutos\" \/>\n<script type=\"application\/ld+json\" class=\"yoast-schema-graph\">{\"@context\":\"https:\\\/\\\/schema.org\",\"@graph\":[{\"@type\":\"Article\",\"@id\":\"https:\\\/\\\/www.visitcentroamerica.com\\\/sala-prensa\\\/otros\\\/centroamerica-vuelve-a-milan-para-conquistar-a-los-viajeros-de-italianos\\\/#article\",\"isPartOf\":{\"@id\":\"https:\\\/\\\/www.visitcentroamerica.com\\\/sala-prensa\\\/otros\\\/centroamerica-vuelve-a-milan-para-conquistar-a-los-viajeros-de-italianos\\\/\"},\"author\":{\"name\":\"Denis Alvarado\",\"@id\":\"https:\\\/\\\/www.visitcentroamerica.com\\\/sala-prensa\\\/#\\\/schema\\\/person\\\/0aa3bd0dbaabaead6089ee3dd0cd7ae5\"},\"headline\":\"Centroam\u00e9rica vuelve a Mil\u00e1n para conquistar a los viajeros italianos\",\"datePublished\":\"2025-02-04T16:41:36+00:00\",\"dateModified\":\"2025-02-06T15:32:44+00:00\",\"mainEntityOfPage\":{\"@id\":\"https:\\\/\\\/www.visitcentroamerica.com\\\/sala-prensa\\\/otros\\\/centroamerica-vuelve-a-milan-para-conquistar-a-los-viajeros-de-italianos\\\/\"},\"wordCount\":341,\"commentCount\":0,\"image\":{\"@id\":\"https:\\\/\\\/www.visitcentroamerica.com\\\/sala-prensa\\\/otros\\\/centroamerica-vuelve-a-milan-para-conquistar-a-los-viajeros-de-italianos\\\/#primaryimage\"},\"thumbnailUrl\":\"https:\\\/\\\/www.visitcentroamerica.com\\\/sala-prensa\\\/wp-content\\\/uploads\\\/2025\\\/02\\\/Sin-titulo-1024-x-600-px-95.png\",\"articleSection\":[\"Otros\"],\"inLanguage\":\"es\",\"potentialAction\":[{\"@type\":\"CommentAction\",\"name\":\"Comment\",\"target\":[\"https:\\\/\\\/www.visitcentroamerica.com\\\/sala-prensa\\\/otros\\\/centroamerica-vuelve-a-milan-para-conquistar-a-los-viajeros-de-italianos\\\/#respond\"]}]},{\"@type\":\"WebPage\",\"@id\":\"https:\\\/\\\/www.visitcentroamerica.com\\\/sala-prensa\\\/otros\\\/centroamerica-vuelve-a-milan-para-conquistar-a-los-viajeros-de-italianos\\\/\",\"url\":\"https:\\\/\\\/www.visitcentroamerica.com\\\/sala-prensa\\\/otros\\\/centroamerica-vuelve-a-milan-para-conquistar-a-los-viajeros-de-italianos\\\/\",\"name\":\"Centroam\u00e9rica vuelve a Mil\u00e1n para conquistar a los viajeros italianos - Sala de prensa\",\"isPartOf\":{\"@id\":\"https:\\\/\\\/www.visitcentroamerica.com\\\/sala-prensa\\\/#website\"},\"primaryImageOfPage\":{\"@id\":\"https:\\\/\\\/www.visitcentroamerica.com\\\/sala-prensa\\\/otros\\\/centroamerica-vuelve-a-milan-para-conquistar-a-los-viajeros-de-italianos\\\/#primaryimage\"},\"image\":{\"@id\":\"https:\\\/\\\/www.visitcentroamerica.com\\\/sala-prensa\\\/otros\\\/centroamerica-vuelve-a-milan-para-conquistar-a-los-viajeros-de-italianos\\\/#primaryimage\"},\"thumbnailUrl\":\"https:\\\/\\\/www.visitcentroamerica.com\\\/sala-prensa\\\/wp-content\\\/uploads\\\/2025\\\/02\\\/Sin-titulo-1024-x-600-px-95.png\",\"datePublished\":\"2025-02-04T16:41:36+00:00\",\"dateModified\":\"2025-02-06T15:32:44+00:00\",\"author\":{\"@id\":\"https:\\\/\\\/www.visitcentroamerica.com\\\/sala-prensa\\\/#\\\/schema\\\/person\\\/0aa3bd0dbaabaead6089ee3dd0cd7ae5\"},\"breadcrumb\":{\"@id\":\"https:\\\/\\\/www.visitcentroamerica.com\\\/sala-prensa\\\/otros\\\/centroamerica-vuelve-a-milan-para-conquistar-a-los-viajeros-de-italianos\\\/#breadcrumb\"},\"inLanguage\":\"es\",\"potentialAction\":[{\"@type\":\"ReadAction\",\"target\":[\"https:\\\/\\\/www.visitcentroamerica.com\\\/sala-prensa\\\/otros\\\/centroamerica-vuelve-a-milan-para-conquistar-a-los-viajeros-de-italianos\\\/\"]}]},{\"@type\":\"ImageObject\",\"inLanguage\":\"es\",\"@id\":\"https:\\\/\\\/www.visitcentroamerica.com\\\/sala-prensa\\\/otros\\\/centroamerica-vuelve-a-milan-para-conquistar-a-los-viajeros-de-italianos\\\/#primaryimage\",\"url\":\"https:\\\/\\\/www.visitcentroamerica.com\\\/sala-prensa\\\/wp-content\\\/uploads\\\/2025\\\/02\\\/Sin-titulo-1024-x-600-px-95.png\",\"contentUrl\":\"https:\\\/\\\/www.visitcentroamerica.com\\\/sala-prensa\\\/wp-content\\\/uploads\\\/2025\\\/02\\\/Sin-titulo-1024-x-600-px-95.png\",\"width\":1024,\"height\":600},{\"@type\":\"BreadcrumbList\",\"@id\":\"https:\\\/\\\/www.visitcentroamerica.com\\\/sala-prensa\\\/otros\\\/centroamerica-vuelve-a-milan-para-conquistar-a-los-viajeros-de-italianos\\\/#breadcrumb\",\"itemListElement\":[{\"@type\":\"ListItem\",\"position\":1,\"name\":\"Portada\",\"item\":\"https:\\\/\\\/www.visitcentroamerica.com\\\/sala-prensa\\\/\"},{\"@type\":\"ListItem\",\"position\":2,\"name\":\"Centroam\u00e9rica vuelve a Mil\u00e1n para conquistar a los viajeros italianos\"}]},{\"@type\":\"WebSite\",\"@id\":\"https:\\\/\\\/www.visitcentroamerica.com\\\/sala-prensa\\\/#website\",\"url\":\"https:\\\/\\\/www.visitcentroamerica.com\\\/sala-prensa\\\/\",\"name\":\"Sala de prensa\",\"description\":\"\",\"potentialAction\":[{\"@type\":\"SearchAction\",\"target\":{\"@type\":\"EntryPoint\",\"urlTemplate\":\"https:\\\/\\\/www.visitcentroamerica.com\\\/sala-prensa\\\/?s={search_term_string}\"},\"query-input\":{\"@type\":\"PropertyValueSpecification\",\"valueRequired\":true,\"valueName\":\"search_term_string\"}}],\"inLanguage\":\"es\"},{\"@type\":\"Person\",\"@id\":\"https:\\\/\\\/www.visitcentroamerica.com\\\/sala-prensa\\\/#\\\/schema\\\/person\\\/0aa3bd0dbaabaead6089ee3dd0cd7ae5\",\"name\":\"Denis Alvarado\",\"image\":{\"@type\":\"ImageObject\",\"inLanguage\":\"es\",\"@id\":\"https:\\\/\\\/secure.gravatar.com\\\/avatar\\\/c31f0697f6edb7c68d5dedc2ccbd548d2a9f73aa293e81c6a1425229ec4c9135?s=96&d=mm&r=g\",\"url\":\"https:\\\/\\\/secure.gravatar.com\\\/avatar\\\/c31f0697f6edb7c68d5dedc2ccbd548d2a9f73aa293e81c6a1425229ec4c9135?s=96&d=mm&r=g\",\"contentUrl\":\"https:\\\/\\\/secure.gravatar.com\\\/avatar\\\/c31f0697f6edb7c68d5dedc2ccbd548d2a9f73aa293e81c6a1425229ec4c9135?s=96&d=mm&r=g\",\"caption\":\"Denis Alvarado\"},\"url\":\"https:\\\/\\\/www.visitcentroamerica.com\\\/sala-prensa\\\/author\\\/denis\\\/\"}]}<\/script>\n<!-- \/ Yoast SEO plugin. -->","yoast_head_json":{"title":"Centroam\u00e9rica vuelve a Mil\u00e1n para conquistar a los viajeros italianos - Sala de prensa","robots":{"index":"index","follow":"follow","max-snippet":"max-snippet:-1","max-image-preview":"max-image-preview:large","max-video-preview":"max-video-preview:-1"},"canonical":"https:\/\/www.visitcentroamerica.com\/sala-prensa\/otros\/centroamerica-vuelve-a-milan-para-conquistar-a-los-viajeros-de-italianos\/","og_locale":"es_ES","og_type":"article","og_title":"Centroam\u00e9rica vuelve a Mil\u00e1n para conquistar a los viajeros italianos - Sala de prensa","og_description":"Centroam\u00e9rica se prepara para cautivar al mercado italiano con su regreso a la Bolsa Internacional de Turismo (BIT) de Mil\u00e1n 2025, reafirmando su posici\u00f3n como un destino atractivo y competitivo. Representada por la Agencia de Promoci\u00f3n Tur\u00edstica de Centroam\u00e9rica (CATA), la regi\u00f3n promover\u00e1 las riquezas tur\u00edsticas de Belice, Guatemala, El Salvador, Honduras, Nicaragua, Panam\u00e1 y [&hellip;]","og_url":"https:\/\/www.visitcentroamerica.com\/sala-prensa\/otros\/centroamerica-vuelve-a-milan-para-conquistar-a-los-viajeros-de-italianos\/","og_site_name":"Sala de prensa","article_published_time":"2025-02-04T16:41:36+00:00","article_modified_time":"2025-02-06T15:32:44+00:00","og_image":[{"width":1024,"height":600,"url":"https:\/\/www.visitcentroamerica.com\/sala-prensa\/wp-content\/uploads\/2025\/02\/Sin-titulo-1024-x-600-px-95.png","type":"image\/png"}],"author":"Denis Alvarado","twitter_card":"summary_large_image","twitter_misc":{"Escrito por":"Denis Alvarado","Tiempo de lectura":"2 minutos"},"schema":{"@context":"https:\/\/schema.org","@graph":[{"@type":"Article","@id":"https:\/\/www.visitcentroamerica.com\/sala-prensa\/otros\/centroamerica-vuelve-a-milan-para-conquistar-a-los-viajeros-de-italianos\/#article","isPartOf":{"@id":"https:\/\/www.visitcentroamerica.com\/sala-prensa\/otros\/centroamerica-vuelve-a-milan-para-conquistar-a-los-viajeros-de-italianos\/"},"author":{"name":"Denis Alvarado","@id":"https:\/\/www.visitcentroamerica.com\/sala-prensa\/#\/schema\/person\/0aa3bd0dbaabaead6089ee3dd0cd7ae5"},"headline":"Centroam\u00e9rica vuelve a Mil\u00e1n para conquistar a los viajeros italianos","datePublished":"2025-02-04T16:41:36+00:00","dateModified":"2025-02-06T15:32:44+00:00","mainEntityOfPage":{"@id":"https:\/\/www.visitcentroamerica.com\/sala-prensa\/otros\/centroamerica-vuelve-a-milan-para-conquistar-a-los-viajeros-de-italianos\/"},"wordCount":341,"commentCount":0,"image":{"@id":"https:\/\/www.visitcentroamerica.com\/sala-prensa\/otros\/centroamerica-vuelve-a-milan-para-conquistar-a-los-viajeros-de-italianos\/#primaryimage"},"thumbnailUrl":"https:\/\/www.visitcentroamerica.com\/sala-prensa\/wp-content\/uploads\/2025\/02\/Sin-titulo-1024-x-600-px-95.png","articleSection":["Otros"],"inLanguage":"es","potentialAction":[{"@type":"CommentAction","name":"Comment","target":["https:\/\/www.visitcentroamerica.com\/sala-prensa\/otros\/centroamerica-vuelve-a-milan-para-conquistar-a-los-viajeros-de-italianos\/#respond"]}]},{"@type":"WebPage","@id":"https:\/\/www.visitcentroamerica.com\/sala-prensa\/otros\/centroamerica-vuelve-a-milan-para-conquistar-a-los-viajeros-de-italianos\/","url":"https:\/\/www.visitcentroamerica.com\/sala-prensa\/otros\/centroamerica-vuelve-a-milan-para-conquistar-a-los-viajeros-de-italianos\/","name":"Centroam\u00e9rica vuelve a Mil\u00e1n para conquistar a los viajeros italianos - Sala de prensa","isPartOf":{"@id":"https:\/\/www.visitcentroamerica.com\/sala-prensa\/#website"},"primaryImageOfPage":{"@id":"https:\/\/www.visitcentroamerica.com\/sala-prensa\/otros\/centroamerica-vuelve-a-milan-para-conquistar-a-los-viajeros-de-italianos\/#primaryimage"},"image":{"@id":"https:\/\/www.visitcentroamerica.com\/sala-prensa\/otros\/centroamerica-vuelve-a-milan-para-conquistar-a-los-viajeros-de-italianos\/#primaryimage"},"thumbnailUrl":"https:\/\/www.visitcentroamerica.com\/sala-prensa\/wp-content\/uploads\/2025\/02\/Sin-titulo-1024-x-600-px-95.png","datePublished":"2025-02-04T16:41:36+00:00","dateModified":"2025-02-06T15:32:44+00:00","author":{"@id":"https:\/\/www.visitcentroamerica.com\/sala-prensa\/#\/schema\/person\/0aa3bd0dbaabaead6089ee3dd0cd7ae5"},"breadcrumb":{"@id":"https:\/\/www.visitcentroamerica.com\/sala-prensa\/otros\/centroamerica-vuelve-a-milan-para-conquistar-a-los-viajeros-de-italianos\/#breadcrumb"},"inLanguage":"es","potentialAction":[{"@type":"ReadAction","target":["https:\/\/www.visitcentroamerica.com\/sala-prensa\/otros\/centroamerica-vuelve-a-milan-para-conquistar-a-los-viajeros-de-italianos\/"]}]},{"@type":"ImageObject","inLanguage":"es","@id":"https:\/\/www.visitcentroamerica.com\/sala-prensa\/otros\/centroamerica-vuelve-a-milan-para-conquistar-a-los-viajeros-de-italianos\/#primaryimage","url":"https:\/\/www.visitcentroamerica.com\/sala-prensa\/wp-content\/uploads\/2025\/02\/Sin-titulo-1024-x-600-px-95.png","contentUrl":"https:\/\/www.visitcentroamerica.com\/sala-prensa\/wp-content\/uploads\/2025\/02\/Sin-titulo-1024-x-600-px-95.png","width":1024,"height":600},{"@type":"BreadcrumbList","@id":"https:\/\/www.visitcentroamerica.com\/sala-prensa\/otros\/centroamerica-vuelve-a-milan-para-conquistar-a-los-viajeros-de-italianos\/#breadcrumb","itemListElement":[{"@type":"ListItem","position":1,"name":"Portada","item":"https:\/\/www.visitcentroamerica.com\/sala-prensa\/"},{"@type":"ListItem","position":2,"name":"Centroam\u00e9rica vuelve a Mil\u00e1n para conquistar a los viajeros italianos"}]},{"@type":"WebSite","@id":"https:\/\/www.visitcentroamerica.com\/sala-prensa\/#website","url":"https:\/\/www.visitcentroamerica.com\/sala-prensa\/","name":"Sala de prensa","description":"","potentialAction":[{"@type":"SearchAction","target":{"@type":"EntryPoint","urlTemplate":"https:\/\/www.visitcentroamerica.com\/sala-prensa\/?s={search_term_string}"},"query-input":{"@type":"PropertyValueSpecification","valueRequired":true,"valueName":"search_term_string"}}],"inLanguage":"es"},{"@type":"Person","@id":"https:\/\/www.visitcentroamerica.com\/sala-prensa\/#\/schema\/person\/0aa3bd0dbaabaead6089ee3dd0cd7ae5","name":"Denis Alvarado","image":{"@type":"ImageObject","inLanguage":"es","@id":"https:\/\/secure.gravatar.com\/avatar\/c31f0697f6edb7c68d5dedc2ccbd548d2a9f73aa293e81c6a1425229ec4c9135?s=96&d=mm&r=g","url":"https:\/\/secure.gravatar.com\/avatar\/c31f0697f6edb7c68d5dedc2ccbd548d2a9f73aa293e81c6a1425229ec4c9135?s=96&d=mm&r=g","contentUrl":"https:\/\/secure.gravatar.com\/avatar\/c31f0697f6edb7c68d5dedc2ccbd548d2a9f73aa293e81c6a1425229ec4c9135?s=96&d=mm&r=g","caption":"Denis Alvarado"},"url":"https:\/\/www.visitcentroamerica.com\/sala-prensa\/author\/denis\/"}]}},"_links":{"self":[{"href":"https:\/\/www.visitcentroamerica.com\/sala-prensa\/wp-json\/wp\/v2\/posts\/15802","targetHints":{"allow":["GET"]}}],"collection":[{"href":"https:\/\/www.visitcentroamerica.com\/sala-prensa\/wp-json\/wp\/v2\/posts"}],"about":[{"href":"https:\/\/www.visitcentroamerica.com\/sala-prensa\/wp-json\/wp\/v2\/types\/post"}],"author":[{"embeddable":true,"href":"https:\/\/www.visitcentroamerica.com\/sala-prensa\/wp-json\/wp\/v2\/users\/5"}],"replies":[{"embeddable":true,"href":"https:\/\/www.visitcentroamerica.com\/sala-prensa\/wp-json\/wp\/v2\/comments?post=15802"}],"version-history":[{"count":3,"href":"https:\/\/www.visitcentroamerica.com\/sala-prensa\/wp-json\/wp\/v2\/posts\/15802\/revisions"}],"predecessor-version":[{"id":15814,"href":"https:\/\/www.visitcentroamerica.com\/sala-prensa\/wp-json\/wp\/v2\/posts\/15802\/revisions\/15814"}],"wp:featuredmedia":[{"embeddable":true,"href":"https:\/\/www.visitcentroamerica.com\/sala-prensa\/wp-json\/wp\/v2\/media\/15803"}],"wp:attachment":[{"href":"https:\/\/www.visitcentroamerica.com\/sala-prensa\/wp-json\/wp\/v2\/media?parent=15802"}],"wp:term":[{"taxonomy":"category","embeddable":true,"href":"https:\/\/www.visitcentroamerica.com\/sala-prensa\/wp-json\/wp\/v2\/categories?post=15802"},{"taxonomy":"post_tag","embeddable":true,"href":"https:\/\/www.visitcentroamerica.com\/sala-prensa\/wp-json\/wp\/v2\/tags?post=15802"}],"curies":[{"name":"wp","href":"https:\/\/api.w.org\/{rel}","templated":true}]}}