{"id":15795,"date":"2025-02-03T20:08:34","date_gmt":"2025-02-03T19:08:34","guid":{"rendered":"https:\/\/www.visitcentroamerica.com\/sala-prensa\/?p=15795"},"modified":"2025-02-03T20:08:34","modified_gmt":"2025-02-03T19:08:34","slug":"panama-sera-sede-del-15o-congreso-fepimcti-2025-en-abril","status":"publish","type":"post","link":"https:\/\/www.visitcentroamerica.com\/sala-prensa\/otros\/panama-sera-sede-del-15o-congreso-fepimcti-2025-en-abril\/","title":{"rendered":"Panam\u00e1 ser\u00e1 sede del 15\u00ba Congreso FEPIMCTI 2025 en abril"},"content":{"rendered":"<p><img loading=\"lazy\" decoding=\"async\" class=\"alignnone wp-image-15796 size-full\" src=\"https:\/\/www.visitcentroamerica.com\/sala-prensa\/wp-content\/uploads\/2025\/02\/Sin-titulo-1024-x-600-px-93.png\" alt=\"\" width=\"1024\" height=\"600\" srcset=\"https:\/\/www.visitcentroamerica.com\/sala-prensa\/wp-content\/uploads\/2025\/02\/Sin-titulo-1024-x-600-px-93.png 1024w, https:\/\/www.visitcentroamerica.com\/sala-prensa\/wp-content\/uploads\/2025\/02\/Sin-titulo-1024-x-600-px-93-300x176.png 300w, https:\/\/www.visitcentroamerica.com\/sala-prensa\/wp-content\/uploads\/2025\/02\/Sin-titulo-1024-x-600-px-93-768x450.png 768w, https:\/\/www.visitcentroamerica.com\/sala-prensa\/wp-content\/uploads\/2025\/02\/Sin-titulo-1024-x-600-px-93-717x420.png 717w, https:\/\/www.visitcentroamerica.com\/sala-prensa\/wp-content\/uploads\/2025\/02\/Sin-titulo-1024-x-600-px-93-696x408.png 696w, https:\/\/www.visitcentroamerica.com\/sala-prensa\/wp-content\/uploads\/2025\/02\/Sin-titulo-1024-x-600-px-93-500x293.png 500w\" sizes=\"auto, (max-width: 1024px) 100vw, 1024px\" \/><\/p>\n<p>M\u00e1s de 2 mil asistentes, 180 profesores internacionales y 80 nacionales se dar\u00e1n cita al\u00a0<a href=\"https:\/\/congresofepimctipanama2025.com\/\">15\u00ba Congreso FEPIMCTI 2025<\/a>\u00a0de la\u00a0<strong>Federaci\u00f3n Panamericana e Ib\u00e9rica de Medicina Cr\u00edtica y Terapia Intensiva,<\/strong>\u00a0que se llevar\u00e1 a cabo del 8 al 12 de abril de 2025, en la ciudad de Panam\u00e1.<\/p>\n<p>Reconocido como uno de los encuentros m\u00e1s importantes de esta disciplina, el congreso permitir\u00e1 a profesionales y cient\u00edficos\u00a0<strong>de m\u00e1s de 25 pa\u00edses<\/strong>, aumentar el nivel acad\u00e9mico y la excelencia en el conocimiento y dominio de temas de inter\u00e9s relacionados con la medicina cr\u00edtica; especialidad m\u00e9dica enfocada en el control y cuidados avanzados de pacientes.<\/p>\n<p>Organizado por la Federaci\u00f3n Panamericana e Ib\u00e9rica de Medicina Cr\u00edtica y Terapia Intensiva (<a href=\"https:\/\/congresofepimctipanama2025.com\/\">FEPIMCTI<\/a>), integrada por 25 sociedades o asociaciones de medicina cr\u00edtica a nivel internacional, con el apoyo de la Asociaci\u00f3n Paname\u00f1a de Medicina Cr\u00edtica y Terapia Intensiva, este encuentro adem\u00e1s albergar\u00e1\u00a0<strong>5 congresos simult\u00e1neos<\/strong>.<\/p>\n<p>El Dr. Alfredo Matos, presidente de\u00a0<a href=\"https:\/\/congresofepimctipanama2025.com\/\">FEPIMCTI<\/a>, destac\u00f3 que: \u201cEs la primera vez que se realiza en Panam\u00e1 un Congreso de Cuidados Intensivos de esta magnitud \u2013 con m\u00e1s de 180 profesores internacionales y m\u00e1s de 2,000 asistentes de las Am\u00e9ricas. Existen grandes expectativas y entusiasmo\u00a0\u00a0 por parte de los participantes en visitar nuestro pa\u00eds y debatir sobre los avances en esta especialidad\u201d.<\/p>\n<p>Adem\u00e1s del 15\u00ba Congreso FEPIMCTI 2025, el pa\u00eds ser\u00e1 sede del 16\u00ba Congreso Paname\u00f1o de Medicina Cr\u00edtica y Terapia Intensiva; 2\u00ba Congreso Mundial de la Sociedad Internacional de Oncolog\u00eda Cr\u00edtica; 2\u00ba Congreso Pan-Ib\u00e9rico de Pediatr\u00eda Cr\u00edtica; 2\u00ba Congreso Avanzado de Nutrici\u00f3n Cl\u00ednica y el 1\u00ba Congreso de la Asociaci\u00f3n Paname\u00f1a de Terapia Respiratoria.<\/p>\n<p>Los congresos m\u00e9dicos atraen a cientos de profesionales e investigadores de la salud de todo el mundo y fomentan la actividad tur\u00edstica en el pa\u00eds al extender la estancia de los asistentes y promover la visita a sus principales atractivos.<\/p>\n<p>\u201cLa realizaci\u00f3n de este prestigioso congreso en Panam\u00e1 resalta nuestro posicionamiento como un destino clave para el turismo de congresos.\u00a0 Este encuentro, que re\u00fane a destacados profesionales y cient\u00edficos de m\u00e1s de 25 pa\u00edses, no solo enriquece la agenda m\u00e9dica global, sino que tambi\u00e9n impulsa significativamente la econom\u00eda local, y refuerza nuestra capacidad para recibir eventos de gran envergadura, que desde la Autoridad de Turismo de Panam\u00e1, venimos trabajando para consolidar al pa\u00eds como un centro de excelencia\u00a0 para el turismo de negocios y conferencias\u201d\u00a0<strong>Gloria de Le\u00f3n, Ministra de Turismo de la Autoridad de Turismo de Panam\u00e1.<\/strong><\/p>\n<p>\u201cEl turismo de reuniones genera un flujo de visitantes internacionales que convierte a los destinos anfitriones en epicentros de conocimiento, fomentando la creaci\u00f3n de ideas innovadoras para enfrentar los desaf\u00edos del futuro en diversas disciplinas, como es el caso de este importante congreso de medicina cr\u00edtica y cuidados intensivos\u201d, manifest\u00f3 Francisco Pinedo, Gerente de Desarrollo de Negocios de PROMTUR Panam\u00e1.<\/p>\n<p>\u201cA trav\u00e9s de este evento, se proyecta alcanzar una ocupaci\u00f3n hotelera de 6,221 cuartos por noche, lo que representa un impacto econ\u00f3mico directo aproximado de<strong>\u00a03.5 millones de d\u00f3lares<\/strong>, que se traducen en notables beneficios para toda la cadena de valor del turismo. De esta manera, Panam\u00e1 contin\u00faa destac\u00e1ndose en la regi\u00f3n como \u201cHub de Congresos y Convenciones\u201d en Am\u00e9rica Latina\u201d, a\u00f1adi\u00f3 Pinedo.<\/p>\n<p>El 15\u00ba Congreso FEPIMCTI 2025 ser\u00e1 una cita de referencia para cientos de profesionales de Am\u00e9rica, Espa\u00f1a y Portugal. Contar\u00e1 con amplias jornadas acad\u00e9micas y cursos de primer nivel con l\u00edderes locales e internacionales del campo de la medicina cr\u00edtica y la terapia intensiva. Para m\u00e1s informaci\u00f3n dirigirse a la p\u00e1gina web\u00a0 <a href=\"http:\/\/www.congresofepimctipanama2025.com\/\">www.congresofepimctipanama2025.com<\/a><\/p>\n","protected":false},"excerpt":{"rendered":"<p>M\u00e1s de 2 mil asistentes, 180 profesores internacionales y 80 nacionales se dar\u00e1n cita al\u00a015\u00ba Congreso FEPIMCTI 2025\u00a0de la\u00a0Federaci\u00f3n Panamericana e Ib\u00e9rica de Medicina Cr\u00edtica y Terapia Intensiva,\u00a0que se llevar\u00e1 a cabo del 8 al 12 de abril de 2025, en la ciudad de Panam\u00e1. Reconocido como uno de los encuentros m\u00e1s importantes de esta [&hellip;]<\/p>\n","protected":false},"author":5,"featured_media":15796,"comment_status":"open","ping_status":"closed","sticky":false,"template":"","format":"standard","meta":{"footnotes":""},"categories":[1],"tags":[],"class_list":{"0":"post-15795","1":"post","2":"type-post","3":"status-publish","4":"format-standard","5":"has-post-thumbnail","7":"category-otros"},"yoast_head":"<!-- This site is optimized with the Yoast SEO plugin v27.3 - https:\/\/yoast.com\/product\/yoast-seo-wordpress\/ -->\n<title>Panam\u00e1 ser\u00e1 sede del 15\u00ba Congreso FEPIMCTI 2025 en abril - Sala de prensa<\/title>\n<meta name=\"robots\" content=\"index, follow, max-snippet:-1, max-image-preview:large, max-video-preview:-1\" \/>\n<link rel=\"canonical\" href=\"https:\/\/www.visitcentroamerica.com\/sala-prensa\/otros\/panama-sera-sede-del-15o-congreso-fepimcti-2025-en-abril\/\" \/>\n<meta property=\"og:locale\" content=\"es_ES\" \/>\n<meta property=\"og:type\" content=\"article\" \/>\n<meta property=\"og:title\" content=\"Panam\u00e1 ser\u00e1 sede del 15\u00ba Congreso FEPIMCTI 2025 en abril - Sala de prensa\" \/>\n<meta property=\"og:description\" content=\"M\u00e1s de 2 mil asistentes, 180 profesores internacionales y 80 nacionales se dar\u00e1n cita al\u00a015\u00ba Congreso FEPIMCTI 2025\u00a0de la\u00a0Federaci\u00f3n Panamericana e Ib\u00e9rica de Medicina Cr\u00edtica y Terapia Intensiva,\u00a0que se llevar\u00e1 a cabo del 8 al 12 de abril de 2025, en la ciudad de Panam\u00e1. Reconocido como uno de los encuentros m\u00e1s importantes de esta [&hellip;]\" \/>\n<meta property=\"og:url\" content=\"https:\/\/www.visitcentroamerica.com\/sala-prensa\/otros\/panama-sera-sede-del-15o-congreso-fepimcti-2025-en-abril\/\" \/>\n<meta property=\"og:site_name\" content=\"Sala de prensa\" \/>\n<meta property=\"article:published_time\" content=\"2025-02-03T19:08:34+00:00\" \/>\n<meta property=\"og:image\" content=\"https:\/\/www.visitcentroamerica.com\/sala-prensa\/wp-content\/uploads\/2025\/02\/Sin-titulo-1024-x-600-px-93.png\" \/>\n\t<meta property=\"og:image:width\" content=\"1024\" \/>\n\t<meta property=\"og:image:height\" content=\"600\" \/>\n\t<meta property=\"og:image:type\" content=\"image\/png\" \/>\n<meta name=\"author\" content=\"Denis Alvarado\" \/>\n<meta name=\"twitter:card\" content=\"summary_large_image\" \/>\n<meta name=\"twitter:label1\" content=\"Escrito por\" \/>\n\t<meta name=\"twitter:data1\" content=\"Denis Alvarado\" \/>\n\t<meta name=\"twitter:label2\" content=\"Tiempo de lectura\" \/>\n\t<meta name=\"twitter:data2\" content=\"4 minutos\" \/>\n<script type=\"application\/ld+json\" class=\"yoast-schema-graph\">{\"@context\":\"https:\\\/\\\/schema.org\",\"@graph\":[{\"@type\":\"Article\",\"@id\":\"https:\\\/\\\/www.visitcentroamerica.com\\\/sala-prensa\\\/otros\\\/panama-sera-sede-del-15o-congreso-fepimcti-2025-en-abril\\\/#article\",\"isPartOf\":{\"@id\":\"https:\\\/\\\/www.visitcentroamerica.com\\\/sala-prensa\\\/otros\\\/panama-sera-sede-del-15o-congreso-fepimcti-2025-en-abril\\\/\"},\"author\":{\"name\":\"Denis Alvarado\",\"@id\":\"https:\\\/\\\/www.visitcentroamerica.com\\\/sala-prensa\\\/#\\\/schema\\\/person\\\/0aa3bd0dbaabaead6089ee3dd0cd7ae5\"},\"headline\":\"Panam\u00e1 ser\u00e1 sede del 15\u00ba Congreso FEPIMCTI 2025 en abril\",\"datePublished\":\"2025-02-03T19:08:34+00:00\",\"mainEntityOfPage\":{\"@id\":\"https:\\\/\\\/www.visitcentroamerica.com\\\/sala-prensa\\\/otros\\\/panama-sera-sede-del-15o-congreso-fepimcti-2025-en-abril\\\/\"},\"wordCount\":636,\"commentCount\":0,\"image\":{\"@id\":\"https:\\\/\\\/www.visitcentroamerica.com\\\/sala-prensa\\\/otros\\\/panama-sera-sede-del-15o-congreso-fepimcti-2025-en-abril\\\/#primaryimage\"},\"thumbnailUrl\":\"https:\\\/\\\/www.visitcentroamerica.com\\\/sala-prensa\\\/wp-content\\\/uploads\\\/2025\\\/02\\\/Sin-titulo-1024-x-600-px-93.png\",\"articleSection\":[\"Otros\"],\"inLanguage\":\"es\",\"potentialAction\":[{\"@type\":\"CommentAction\",\"name\":\"Comment\",\"target\":[\"https:\\\/\\\/www.visitcentroamerica.com\\\/sala-prensa\\\/otros\\\/panama-sera-sede-del-15o-congreso-fepimcti-2025-en-abril\\\/#respond\"]}]},{\"@type\":\"WebPage\",\"@id\":\"https:\\\/\\\/www.visitcentroamerica.com\\\/sala-prensa\\\/otros\\\/panama-sera-sede-del-15o-congreso-fepimcti-2025-en-abril\\\/\",\"url\":\"https:\\\/\\\/www.visitcentroamerica.com\\\/sala-prensa\\\/otros\\\/panama-sera-sede-del-15o-congreso-fepimcti-2025-en-abril\\\/\",\"name\":\"Panam\u00e1 ser\u00e1 sede del 15\u00ba Congreso FEPIMCTI 2025 en abril - Sala de prensa\",\"isPartOf\":{\"@id\":\"https:\\\/\\\/www.visitcentroamerica.com\\\/sala-prensa\\\/#website\"},\"primaryImageOfPage\":{\"@id\":\"https:\\\/\\\/www.visitcentroamerica.com\\\/sala-prensa\\\/otros\\\/panama-sera-sede-del-15o-congreso-fepimcti-2025-en-abril\\\/#primaryimage\"},\"image\":{\"@id\":\"https:\\\/\\\/www.visitcentroamerica.com\\\/sala-prensa\\\/otros\\\/panama-sera-sede-del-15o-congreso-fepimcti-2025-en-abril\\\/#primaryimage\"},\"thumbnailUrl\":\"https:\\\/\\\/www.visitcentroamerica.com\\\/sala-prensa\\\/wp-content\\\/uploads\\\/2025\\\/02\\\/Sin-titulo-1024-x-600-px-93.png\",\"datePublished\":\"2025-02-03T19:08:34+00:00\",\"author\":{\"@id\":\"https:\\\/\\\/www.visitcentroamerica.com\\\/sala-prensa\\\/#\\\/schema\\\/person\\\/0aa3bd0dbaabaead6089ee3dd0cd7ae5\"},\"breadcrumb\":{\"@id\":\"https:\\\/\\\/www.visitcentroamerica.com\\\/sala-prensa\\\/otros\\\/panama-sera-sede-del-15o-congreso-fepimcti-2025-en-abril\\\/#breadcrumb\"},\"inLanguage\":\"es\",\"potentialAction\":[{\"@type\":\"ReadAction\",\"target\":[\"https:\\\/\\\/www.visitcentroamerica.com\\\/sala-prensa\\\/otros\\\/panama-sera-sede-del-15o-congreso-fepimcti-2025-en-abril\\\/\"]}]},{\"@type\":\"ImageObject\",\"inLanguage\":\"es\",\"@id\":\"https:\\\/\\\/www.visitcentroamerica.com\\\/sala-prensa\\\/otros\\\/panama-sera-sede-del-15o-congreso-fepimcti-2025-en-abril\\\/#primaryimage\",\"url\":\"https:\\\/\\\/www.visitcentroamerica.com\\\/sala-prensa\\\/wp-content\\\/uploads\\\/2025\\\/02\\\/Sin-titulo-1024-x-600-px-93.png\",\"contentUrl\":\"https:\\\/\\\/www.visitcentroamerica.com\\\/sala-prensa\\\/wp-content\\\/uploads\\\/2025\\\/02\\\/Sin-titulo-1024-x-600-px-93.png\",\"width\":1024,\"height\":600},{\"@type\":\"BreadcrumbList\",\"@id\":\"https:\\\/\\\/www.visitcentroamerica.com\\\/sala-prensa\\\/otros\\\/panama-sera-sede-del-15o-congreso-fepimcti-2025-en-abril\\\/#breadcrumb\",\"itemListElement\":[{\"@type\":\"ListItem\",\"position\":1,\"name\":\"Portada\",\"item\":\"https:\\\/\\\/www.visitcentroamerica.com\\\/sala-prensa\\\/\"},{\"@type\":\"ListItem\",\"position\":2,\"name\":\"Panam\u00e1 ser\u00e1 sede del 15\u00ba Congreso FEPIMCTI 2025 en abril\"}]},{\"@type\":\"WebSite\",\"@id\":\"https:\\\/\\\/www.visitcentroamerica.com\\\/sala-prensa\\\/#website\",\"url\":\"https:\\\/\\\/www.visitcentroamerica.com\\\/sala-prensa\\\/\",\"name\":\"Sala de prensa\",\"description\":\"\",\"potentialAction\":[{\"@type\":\"SearchAction\",\"target\":{\"@type\":\"EntryPoint\",\"urlTemplate\":\"https:\\\/\\\/www.visitcentroamerica.com\\\/sala-prensa\\\/?s={search_term_string}\"},\"query-input\":{\"@type\":\"PropertyValueSpecification\",\"valueRequired\":true,\"valueName\":\"search_term_string\"}}],\"inLanguage\":\"es\"},{\"@type\":\"Person\",\"@id\":\"https:\\\/\\\/www.visitcentroamerica.com\\\/sala-prensa\\\/#\\\/schema\\\/person\\\/0aa3bd0dbaabaead6089ee3dd0cd7ae5\",\"name\":\"Denis Alvarado\",\"image\":{\"@type\":\"ImageObject\",\"inLanguage\":\"es\",\"@id\":\"https:\\\/\\\/secure.gravatar.com\\\/avatar\\\/c31f0697f6edb7c68d5dedc2ccbd548d2a9f73aa293e81c6a1425229ec4c9135?s=96&d=mm&r=g\",\"url\":\"https:\\\/\\\/secure.gravatar.com\\\/avatar\\\/c31f0697f6edb7c68d5dedc2ccbd548d2a9f73aa293e81c6a1425229ec4c9135?s=96&d=mm&r=g\",\"contentUrl\":\"https:\\\/\\\/secure.gravatar.com\\\/avatar\\\/c31f0697f6edb7c68d5dedc2ccbd548d2a9f73aa293e81c6a1425229ec4c9135?s=96&d=mm&r=g\",\"caption\":\"Denis Alvarado\"},\"url\":\"https:\\\/\\\/www.visitcentroamerica.com\\\/sala-prensa\\\/author\\\/denis\\\/\"}]}<\/script>\n<!-- \/ Yoast SEO plugin. -->","yoast_head_json":{"title":"Panam\u00e1 ser\u00e1 sede del 15\u00ba Congreso FEPIMCTI 2025 en abril - Sala de prensa","robots":{"index":"index","follow":"follow","max-snippet":"max-snippet:-1","max-image-preview":"max-image-preview:large","max-video-preview":"max-video-preview:-1"},"canonical":"https:\/\/www.visitcentroamerica.com\/sala-prensa\/otros\/panama-sera-sede-del-15o-congreso-fepimcti-2025-en-abril\/","og_locale":"es_ES","og_type":"article","og_title":"Panam\u00e1 ser\u00e1 sede del 15\u00ba Congreso FEPIMCTI 2025 en abril - Sala de prensa","og_description":"M\u00e1s de 2 mil asistentes, 180 profesores internacionales y 80 nacionales se dar\u00e1n cita al\u00a015\u00ba Congreso FEPIMCTI 2025\u00a0de la\u00a0Federaci\u00f3n Panamericana e Ib\u00e9rica de Medicina Cr\u00edtica y Terapia Intensiva,\u00a0que se llevar\u00e1 a cabo del 8 al 12 de abril de 2025, en la ciudad de Panam\u00e1. Reconocido como uno de los encuentros m\u00e1s importantes de esta [&hellip;]","og_url":"https:\/\/www.visitcentroamerica.com\/sala-prensa\/otros\/panama-sera-sede-del-15o-congreso-fepimcti-2025-en-abril\/","og_site_name":"Sala de prensa","article_published_time":"2025-02-03T19:08:34+00:00","og_image":[{"width":1024,"height":600,"url":"https:\/\/www.visitcentroamerica.com\/sala-prensa\/wp-content\/uploads\/2025\/02\/Sin-titulo-1024-x-600-px-93.png","type":"image\/png"}],"author":"Denis Alvarado","twitter_card":"summary_large_image","twitter_misc":{"Escrito por":"Denis Alvarado","Tiempo de lectura":"4 minutos"},"schema":{"@context":"https:\/\/schema.org","@graph":[{"@type":"Article","@id":"https:\/\/www.visitcentroamerica.com\/sala-prensa\/otros\/panama-sera-sede-del-15o-congreso-fepimcti-2025-en-abril\/#article","isPartOf":{"@id":"https:\/\/www.visitcentroamerica.com\/sala-prensa\/otros\/panama-sera-sede-del-15o-congreso-fepimcti-2025-en-abril\/"},"author":{"name":"Denis Alvarado","@id":"https:\/\/www.visitcentroamerica.com\/sala-prensa\/#\/schema\/person\/0aa3bd0dbaabaead6089ee3dd0cd7ae5"},"headline":"Panam\u00e1 ser\u00e1 sede del 15\u00ba Congreso FEPIMCTI 2025 en abril","datePublished":"2025-02-03T19:08:34+00:00","mainEntityOfPage":{"@id":"https:\/\/www.visitcentroamerica.com\/sala-prensa\/otros\/panama-sera-sede-del-15o-congreso-fepimcti-2025-en-abril\/"},"wordCount":636,"commentCount":0,"image":{"@id":"https:\/\/www.visitcentroamerica.com\/sala-prensa\/otros\/panama-sera-sede-del-15o-congreso-fepimcti-2025-en-abril\/#primaryimage"},"thumbnailUrl":"https:\/\/www.visitcentroamerica.com\/sala-prensa\/wp-content\/uploads\/2025\/02\/Sin-titulo-1024-x-600-px-93.png","articleSection":["Otros"],"inLanguage":"es","potentialAction":[{"@type":"CommentAction","name":"Comment","target":["https:\/\/www.visitcentroamerica.com\/sala-prensa\/otros\/panama-sera-sede-del-15o-congreso-fepimcti-2025-en-abril\/#respond"]}]},{"@type":"WebPage","@id":"https:\/\/www.visitcentroamerica.com\/sala-prensa\/otros\/panama-sera-sede-del-15o-congreso-fepimcti-2025-en-abril\/","url":"https:\/\/www.visitcentroamerica.com\/sala-prensa\/otros\/panama-sera-sede-del-15o-congreso-fepimcti-2025-en-abril\/","name":"Panam\u00e1 ser\u00e1 sede del 15\u00ba Congreso FEPIMCTI 2025 en abril - Sala de prensa","isPartOf":{"@id":"https:\/\/www.visitcentroamerica.com\/sala-prensa\/#website"},"primaryImageOfPage":{"@id":"https:\/\/www.visitcentroamerica.com\/sala-prensa\/otros\/panama-sera-sede-del-15o-congreso-fepimcti-2025-en-abril\/#primaryimage"},"image":{"@id":"https:\/\/www.visitcentroamerica.com\/sala-prensa\/otros\/panama-sera-sede-del-15o-congreso-fepimcti-2025-en-abril\/#primaryimage"},"thumbnailUrl":"https:\/\/www.visitcentroamerica.com\/sala-prensa\/wp-content\/uploads\/2025\/02\/Sin-titulo-1024-x-600-px-93.png","datePublished":"2025-02-03T19:08:34+00:00","author":{"@id":"https:\/\/www.visitcentroamerica.com\/sala-prensa\/#\/schema\/person\/0aa3bd0dbaabaead6089ee3dd0cd7ae5"},"breadcrumb":{"@id":"https:\/\/www.visitcentroamerica.com\/sala-prensa\/otros\/panama-sera-sede-del-15o-congreso-fepimcti-2025-en-abril\/#breadcrumb"},"inLanguage":"es","potentialAction":[{"@type":"ReadAction","target":["https:\/\/www.visitcentroamerica.com\/sala-prensa\/otros\/panama-sera-sede-del-15o-congreso-fepimcti-2025-en-abril\/"]}]},{"@type":"ImageObject","inLanguage":"es","@id":"https:\/\/www.visitcentroamerica.com\/sala-prensa\/otros\/panama-sera-sede-del-15o-congreso-fepimcti-2025-en-abril\/#primaryimage","url":"https:\/\/www.visitcentroamerica.com\/sala-prensa\/wp-content\/uploads\/2025\/02\/Sin-titulo-1024-x-600-px-93.png","contentUrl":"https:\/\/www.visitcentroamerica.com\/sala-prensa\/wp-content\/uploads\/2025\/02\/Sin-titulo-1024-x-600-px-93.png","width":1024,"height":600},{"@type":"BreadcrumbList","@id":"https:\/\/www.visitcentroamerica.com\/sala-prensa\/otros\/panama-sera-sede-del-15o-congreso-fepimcti-2025-en-abril\/#breadcrumb","itemListElement":[{"@type":"ListItem","position":1,"name":"Portada","item":"https:\/\/www.visitcentroamerica.com\/sala-prensa\/"},{"@type":"ListItem","position":2,"name":"Panam\u00e1 ser\u00e1 sede del 15\u00ba Congreso FEPIMCTI 2025 en abril"}]},{"@type":"WebSite","@id":"https:\/\/www.visitcentroamerica.com\/sala-prensa\/#website","url":"https:\/\/www.visitcentroamerica.com\/sala-prensa\/","name":"Sala de prensa","description":"","potentialAction":[{"@type":"SearchAction","target":{"@type":"EntryPoint","urlTemplate":"https:\/\/www.visitcentroamerica.com\/sala-prensa\/?s={search_term_string}"},"query-input":{"@type":"PropertyValueSpecification","valueRequired":true,"valueName":"search_term_string"}}],"inLanguage":"es"},{"@type":"Person","@id":"https:\/\/www.visitcentroamerica.com\/sala-prensa\/#\/schema\/person\/0aa3bd0dbaabaead6089ee3dd0cd7ae5","name":"Denis Alvarado","image":{"@type":"ImageObject","inLanguage":"es","@id":"https:\/\/secure.gravatar.com\/avatar\/c31f0697f6edb7c68d5dedc2ccbd548d2a9f73aa293e81c6a1425229ec4c9135?s=96&d=mm&r=g","url":"https:\/\/secure.gravatar.com\/avatar\/c31f0697f6edb7c68d5dedc2ccbd548d2a9f73aa293e81c6a1425229ec4c9135?s=96&d=mm&r=g","contentUrl":"https:\/\/secure.gravatar.com\/avatar\/c31f0697f6edb7c68d5dedc2ccbd548d2a9f73aa293e81c6a1425229ec4c9135?s=96&d=mm&r=g","caption":"Denis Alvarado"},"url":"https:\/\/www.visitcentroamerica.com\/sala-prensa\/author\/denis\/"}]}},"_links":{"self":[{"href":"https:\/\/www.visitcentroamerica.com\/sala-prensa\/wp-json\/wp\/v2\/posts\/15795","targetHints":{"allow":["GET"]}}],"collection":[{"href":"https:\/\/www.visitcentroamerica.com\/sala-prensa\/wp-json\/wp\/v2\/posts"}],"about":[{"href":"https:\/\/www.visitcentroamerica.com\/sala-prensa\/wp-json\/wp\/v2\/types\/post"}],"author":[{"embeddable":true,"href":"https:\/\/www.visitcentroamerica.com\/sala-prensa\/wp-json\/wp\/v2\/users\/5"}],"replies":[{"embeddable":true,"href":"https:\/\/www.visitcentroamerica.com\/sala-prensa\/wp-json\/wp\/v2\/comments?post=15795"}],"version-history":[{"count":1,"href":"https:\/\/www.visitcentroamerica.com\/sala-prensa\/wp-json\/wp\/v2\/posts\/15795\/revisions"}],"predecessor-version":[{"id":15798,"href":"https:\/\/www.visitcentroamerica.com\/sala-prensa\/wp-json\/wp\/v2\/posts\/15795\/revisions\/15798"}],"wp:featuredmedia":[{"embeddable":true,"href":"https:\/\/www.visitcentroamerica.com\/sala-prensa\/wp-json\/wp\/v2\/media\/15796"}],"wp:attachment":[{"href":"https:\/\/www.visitcentroamerica.com\/sala-prensa\/wp-json\/wp\/v2\/media?parent=15795"}],"wp:term":[{"taxonomy":"category","embeddable":true,"href":"https:\/\/www.visitcentroamerica.com\/sala-prensa\/wp-json\/wp\/v2\/categories?post=15795"},{"taxonomy":"post_tag","embeddable":true,"href":"https:\/\/www.visitcentroamerica.com\/sala-prensa\/wp-json\/wp\/v2\/tags?post=15795"}],"curies":[{"name":"wp","href":"https:\/\/api.w.org\/{rel}","templated":true}]}}