{"id":15789,"date":"2025-02-03T18:42:51","date_gmt":"2025-02-03T17:42:51","guid":{"rendered":"https:\/\/www.visitcentroamerica.com\/sala-prensa\/?p=15789"},"modified":"2025-02-03T18:42:51","modified_gmt":"2025-02-03T17:42:51","slug":"onu-turismo-y-caf-presentan-nuevas-guias-para-potenciar-la-inversion-en-turismo-en-brasil-y-panama","status":"publish","type":"post","link":"https:\/\/www.visitcentroamerica.com\/sala-prensa\/otros\/onu-turismo-y-caf-presentan-nuevas-guias-para-potenciar-la-inversion-en-turismo-en-brasil-y-panama\/","title":{"rendered":"ONU Turismo y CAF presentan nuevas gu\u00edas para potenciar la inversi\u00f3n en turismo en Brasil y Panam\u00e1"},"content":{"rendered":"<div class=\"l-shared-sec-outer\">\n<div class=\"l-shared-sec\">\n<div class=\"l-shared-items effect-fadeout\">\u00a0<img decoding=\"async\" src=\"https:\/\/i0.wp.com\/destinopanama.com.pa\/wp-content\/uploads\/2025\/01\/EuropaPress_.jpg?resize=860%2C378&amp;ssl=1\" \/><\/div>\n<\/div>\n<\/div>\n<div class=\"e-ct-outer\">\n<div class=\"entry-content rbct clearfix\">\n<p>El secretario general de ONU Turismo, Zurab Pololikashvili, ha presentado este jueves las nuevas Gu\u00edas de Inversi\u00f3n elaboradas junto al Banco de Desarrollo de Am\u00e9rica Latina y el Caribe (CAF) para promover la inversi\u00f3n tur\u00edstica en Panam\u00e1 y Brasil, pa\u00eds socio de Fitur 2025.<\/p>\n<p>Pololikashvili ha declarado que Am\u00e9rica Latina y el Caribe, en su conjunto, es una de las regiones con mejor recuperaci\u00f3n del turismo, registrando un aumento del 27% en las llegadas internacionales en el \u00faltimo a\u00f1o. Este avance consolida a la regi\u00f3n como un destino din\u00e1mico y en constante recuperaci\u00f3n.<\/p>\n<p>Sin embargo, ha se\u00f1alado que este progreso requiere el apoyo continuo de inversiones estrat\u00e9gicas. \u00abONU Turismo y CAF est\u00e1n trabajando juntos para hacer crecer y dirigir las inversiones en el sector, para impulsar la resiliencia y promover el crecimiento sostenible\u00bb, ha resaltado.<\/p>\n<p>El secretario general ha presentado estas nuevas gu\u00edas durante el Desayuno de Inversi\u00f3n en Turismo en Am\u00e9rica Latina y el Caribe organizado por ONU Turismo y CAF, al que acudieron l\u00edderes del sector p\u00fablico y privado para explorar las oportunidades y los retos que plantea el impulso de las inversiones en el sector en toda la regi\u00f3n.<\/p>\n<p>El acto puso de relieve el enorme potencial de inversi\u00f3n de la zona: Entre 2019 y 2023, Am\u00e9rica Latina y el Caribe atrajeron 213 proyectos de inversi\u00f3n extranjera directa greenfield en turismo, los cuales generaron m\u00e1s de 20.000 millones de d\u00f3lares en capital y m\u00e1s de 73.000 empleos.<\/p>\n<h3 id=\"h-estrategia-de-inversion-turistica-de-onu-turismo\" class=\"wp-block-heading\">ESTRATEGIA DE INVERSI\u00d3N TUR\u00cdSTICA DE ONU TURISMO<\/h3>\n<p>Desde el inicio de su mandato en 2018, Zurab Pololikashvili ha impulsado la elaboraci\u00f3n de gu\u00edas promoviendo la inversi\u00f3n en diferentes destinos a nivel internacional, poniendo el foco en la inversi\u00f3n como uno de los pilares del desarrollo tur\u00edstico.<\/p>\n<p>Panam\u00e1 y Brasil se suman as\u00ed al portfolio \u2018Tourism Doing Business\u2019 de gu\u00edas de inversi\u00f3n elaboradas por ONU Turismo y CAF, resaltando el potencial de estos destinos para atraer inversi\u00f3n extranjera.<\/p>\n<p>En 2023, los flujos de entrada de Inversi\u00f3n Extranjera Directa (IED) en Brasil ascendieron a 65.897 millones de d\u00f3lares, lo que represent\u00f3 una disminuci\u00f3n del 10,2% en comparaci\u00f3n con 2022, y un crecimiento del 0,8% en comparaci\u00f3n con 2019. Esto supone que Brasil fue el segundo mayor destino de IED en 2023, s\u00f3lo superado por Estados Unidos, seg\u00fan los datos de la OCDE.<\/p>\n<p>El pa\u00eds sudamericano se consolida como un destino clave a nivel mundial, una relevancia en la industria que tambi\u00e9n se ver\u00e1 reflejada en la nueva Oficina Regional de las Am\u00e9ricas de ONU Turismo, que abrir\u00e1 sus puertas en R\u00edo de Janeiro en 2025.<\/p>\n<p>Por su parte, Panam\u00e1 atrajo en el primer semestre de 2024 1.610 millones de d\u00f3lares en IED, un aumento del 23% respecto al mismo periodo de 2023, destacando en la regi\u00f3n como un destino fiable para la inversi\u00f3n extranjera en todos los sectores.<\/p>\n<p>Entre 2018 y 2023, el pa\u00eds se consolid\u00f3 ya como el destino de Centroam\u00e9rica con el segundo mayor n\u00famero de anuncios de proyectos greenfield de IED en turismo. En este periodo, el pa\u00eds registr\u00f3 6 proyectos tur\u00edsticos, que representan el 20.1% de los anuncios de la regi\u00f3n, con una inversi\u00f3n total de 2.652 millones de d\u00f3lares y la creaci\u00f3n de m\u00e1s de 13.800 empleos.<\/p>\n<\/div>\n<\/div>\n","protected":false},"excerpt":{"rendered":"<p>\u00a0 El secretario general de ONU Turismo, Zurab Pololikashvili, ha presentado este jueves las nuevas Gu\u00edas de Inversi\u00f3n elaboradas junto al Banco de Desarrollo de Am\u00e9rica Latina y el Caribe (CAF) para promover la inversi\u00f3n tur\u00edstica en Panam\u00e1 y Brasil, pa\u00eds socio de Fitur 2025. Pololikashvili ha declarado que Am\u00e9rica Latina y el Caribe, en [&hellip;]<\/p>\n","protected":false},"author":5,"featured_media":15792,"comment_status":"open","ping_status":"closed","sticky":false,"template":"","format":"standard","meta":{"footnotes":""},"categories":[1],"tags":[],"class_list":{"0":"post-15789","1":"post","2":"type-post","3":"status-publish","4":"format-standard","5":"has-post-thumbnail","7":"category-otros"},"yoast_head":"<!-- This site is optimized with the Yoast SEO plugin v27.3 - https:\/\/yoast.com\/product\/yoast-seo-wordpress\/ -->\n<title>ONU Turismo y CAF presentan nuevas gu\u00edas para potenciar la inversi\u00f3n en turismo en Brasil y Panam\u00e1 - Sala de prensa<\/title>\n<meta name=\"robots\" content=\"index, follow, max-snippet:-1, max-image-preview:large, max-video-preview:-1\" \/>\n<link rel=\"canonical\" href=\"https:\/\/www.visitcentroamerica.com\/sala-prensa\/otros\/onu-turismo-y-caf-presentan-nuevas-guias-para-potenciar-la-inversion-en-turismo-en-brasil-y-panama\/\" \/>\n<meta property=\"og:locale\" content=\"es_ES\" \/>\n<meta property=\"og:type\" content=\"article\" \/>\n<meta property=\"og:title\" content=\"ONU Turismo y CAF presentan nuevas gu\u00edas para potenciar la inversi\u00f3n en turismo en Brasil y Panam\u00e1 - Sala de prensa\" \/>\n<meta property=\"og:description\" content=\"\u00a0 El secretario general de ONU Turismo, Zurab Pololikashvili, ha presentado este jueves las nuevas Gu\u00edas de Inversi\u00f3n elaboradas junto al Banco de Desarrollo de Am\u00e9rica Latina y el Caribe (CAF) para promover la inversi\u00f3n tur\u00edstica en Panam\u00e1 y Brasil, pa\u00eds socio de Fitur 2025. Pololikashvili ha declarado que Am\u00e9rica Latina y el Caribe, en [&hellip;]\" \/>\n<meta property=\"og:url\" content=\"https:\/\/www.visitcentroamerica.com\/sala-prensa\/otros\/onu-turismo-y-caf-presentan-nuevas-guias-para-potenciar-la-inversion-en-turismo-en-brasil-y-panama\/\" \/>\n<meta property=\"og:site_name\" content=\"Sala de prensa\" \/>\n<meta property=\"article:published_time\" content=\"2025-02-03T17:42:51+00:00\" \/>\n<meta property=\"og:image\" content=\"https:\/\/www.visitcentroamerica.com\/sala-prensa\/wp-content\/uploads\/2025\/02\/NTP-Panama-Brazil.webp\" \/>\n\t<meta property=\"og:image:width\" content=\"860\" \/>\n\t<meta property=\"og:image:height\" content=\"378\" \/>\n\t<meta property=\"og:image:type\" content=\"image\/webp\" \/>\n<meta name=\"author\" content=\"Denis Alvarado\" \/>\n<meta name=\"twitter:card\" content=\"summary_large_image\" \/>\n<meta name=\"twitter:label1\" content=\"Escrito por\" \/>\n\t<meta name=\"twitter:data1\" content=\"Denis Alvarado\" \/>\n\t<meta name=\"twitter:label2\" content=\"Tiempo de lectura\" \/>\n\t<meta name=\"twitter:data2\" content=\"3 minutos\" \/>\n<script type=\"application\/ld+json\" class=\"yoast-schema-graph\">{\"@context\":\"https:\\\/\\\/schema.org\",\"@graph\":[{\"@type\":\"Article\",\"@id\":\"https:\\\/\\\/www.visitcentroamerica.com\\\/sala-prensa\\\/otros\\\/onu-turismo-y-caf-presentan-nuevas-guias-para-potenciar-la-inversion-en-turismo-en-brasil-y-panama\\\/#article\",\"isPartOf\":{\"@id\":\"https:\\\/\\\/www.visitcentroamerica.com\\\/sala-prensa\\\/otros\\\/onu-turismo-y-caf-presentan-nuevas-guias-para-potenciar-la-inversion-en-turismo-en-brasil-y-panama\\\/\"},\"author\":{\"name\":\"Denis Alvarado\",\"@id\":\"https:\\\/\\\/www.visitcentroamerica.com\\\/sala-prensa\\\/#\\\/schema\\\/person\\\/0aa3bd0dbaabaead6089ee3dd0cd7ae5\"},\"headline\":\"ONU Turismo y CAF presentan nuevas gu\u00edas para potenciar la inversi\u00f3n en turismo en Brasil y Panam\u00e1\",\"datePublished\":\"2025-02-03T17:42:51+00:00\",\"mainEntityOfPage\":{\"@id\":\"https:\\\/\\\/www.visitcentroamerica.com\\\/sala-prensa\\\/otros\\\/onu-turismo-y-caf-presentan-nuevas-guias-para-potenciar-la-inversion-en-turismo-en-brasil-y-panama\\\/\"},\"wordCount\":584,\"commentCount\":0,\"image\":{\"@id\":\"https:\\\/\\\/www.visitcentroamerica.com\\\/sala-prensa\\\/otros\\\/onu-turismo-y-caf-presentan-nuevas-guias-para-potenciar-la-inversion-en-turismo-en-brasil-y-panama\\\/#primaryimage\"},\"thumbnailUrl\":\"https:\\\/\\\/www.visitcentroamerica.com\\\/sala-prensa\\\/wp-content\\\/uploads\\\/2025\\\/02\\\/NTP-Panama-Brazil.webp\",\"articleSection\":[\"Otros\"],\"inLanguage\":\"es\",\"potentialAction\":[{\"@type\":\"CommentAction\",\"name\":\"Comment\",\"target\":[\"https:\\\/\\\/www.visitcentroamerica.com\\\/sala-prensa\\\/otros\\\/onu-turismo-y-caf-presentan-nuevas-guias-para-potenciar-la-inversion-en-turismo-en-brasil-y-panama\\\/#respond\"]}]},{\"@type\":\"WebPage\",\"@id\":\"https:\\\/\\\/www.visitcentroamerica.com\\\/sala-prensa\\\/otros\\\/onu-turismo-y-caf-presentan-nuevas-guias-para-potenciar-la-inversion-en-turismo-en-brasil-y-panama\\\/\",\"url\":\"https:\\\/\\\/www.visitcentroamerica.com\\\/sala-prensa\\\/otros\\\/onu-turismo-y-caf-presentan-nuevas-guias-para-potenciar-la-inversion-en-turismo-en-brasil-y-panama\\\/\",\"name\":\"ONU Turismo y CAF presentan nuevas gu\u00edas para potenciar la inversi\u00f3n en turismo en Brasil y Panam\u00e1 - Sala de prensa\",\"isPartOf\":{\"@id\":\"https:\\\/\\\/www.visitcentroamerica.com\\\/sala-prensa\\\/#website\"},\"primaryImageOfPage\":{\"@id\":\"https:\\\/\\\/www.visitcentroamerica.com\\\/sala-prensa\\\/otros\\\/onu-turismo-y-caf-presentan-nuevas-guias-para-potenciar-la-inversion-en-turismo-en-brasil-y-panama\\\/#primaryimage\"},\"image\":{\"@id\":\"https:\\\/\\\/www.visitcentroamerica.com\\\/sala-prensa\\\/otros\\\/onu-turismo-y-caf-presentan-nuevas-guias-para-potenciar-la-inversion-en-turismo-en-brasil-y-panama\\\/#primaryimage\"},\"thumbnailUrl\":\"https:\\\/\\\/www.visitcentroamerica.com\\\/sala-prensa\\\/wp-content\\\/uploads\\\/2025\\\/02\\\/NTP-Panama-Brazil.webp\",\"datePublished\":\"2025-02-03T17:42:51+00:00\",\"author\":{\"@id\":\"https:\\\/\\\/www.visitcentroamerica.com\\\/sala-prensa\\\/#\\\/schema\\\/person\\\/0aa3bd0dbaabaead6089ee3dd0cd7ae5\"},\"breadcrumb\":{\"@id\":\"https:\\\/\\\/www.visitcentroamerica.com\\\/sala-prensa\\\/otros\\\/onu-turismo-y-caf-presentan-nuevas-guias-para-potenciar-la-inversion-en-turismo-en-brasil-y-panama\\\/#breadcrumb\"},\"inLanguage\":\"es\",\"potentialAction\":[{\"@type\":\"ReadAction\",\"target\":[\"https:\\\/\\\/www.visitcentroamerica.com\\\/sala-prensa\\\/otros\\\/onu-turismo-y-caf-presentan-nuevas-guias-para-potenciar-la-inversion-en-turismo-en-brasil-y-panama\\\/\"]}]},{\"@type\":\"ImageObject\",\"inLanguage\":\"es\",\"@id\":\"https:\\\/\\\/www.visitcentroamerica.com\\\/sala-prensa\\\/otros\\\/onu-turismo-y-caf-presentan-nuevas-guias-para-potenciar-la-inversion-en-turismo-en-brasil-y-panama\\\/#primaryimage\",\"url\":\"https:\\\/\\\/www.visitcentroamerica.com\\\/sala-prensa\\\/wp-content\\\/uploads\\\/2025\\\/02\\\/NTP-Panama-Brazil.webp\",\"contentUrl\":\"https:\\\/\\\/www.visitcentroamerica.com\\\/sala-prensa\\\/wp-content\\\/uploads\\\/2025\\\/02\\\/NTP-Panama-Brazil.webp\",\"width\":860,\"height\":378},{\"@type\":\"BreadcrumbList\",\"@id\":\"https:\\\/\\\/www.visitcentroamerica.com\\\/sala-prensa\\\/otros\\\/onu-turismo-y-caf-presentan-nuevas-guias-para-potenciar-la-inversion-en-turismo-en-brasil-y-panama\\\/#breadcrumb\",\"itemListElement\":[{\"@type\":\"ListItem\",\"position\":1,\"name\":\"Portada\",\"item\":\"https:\\\/\\\/www.visitcentroamerica.com\\\/sala-prensa\\\/\"},{\"@type\":\"ListItem\",\"position\":2,\"name\":\"ONU Turismo y CAF presentan nuevas gu\u00edas para potenciar la inversi\u00f3n en turismo en Brasil y Panam\u00e1\"}]},{\"@type\":\"WebSite\",\"@id\":\"https:\\\/\\\/www.visitcentroamerica.com\\\/sala-prensa\\\/#website\",\"url\":\"https:\\\/\\\/www.visitcentroamerica.com\\\/sala-prensa\\\/\",\"name\":\"Sala de prensa\",\"description\":\"\",\"potentialAction\":[{\"@type\":\"SearchAction\",\"target\":{\"@type\":\"EntryPoint\",\"urlTemplate\":\"https:\\\/\\\/www.visitcentroamerica.com\\\/sala-prensa\\\/?s={search_term_string}\"},\"query-input\":{\"@type\":\"PropertyValueSpecification\",\"valueRequired\":true,\"valueName\":\"search_term_string\"}}],\"inLanguage\":\"es\"},{\"@type\":\"Person\",\"@id\":\"https:\\\/\\\/www.visitcentroamerica.com\\\/sala-prensa\\\/#\\\/schema\\\/person\\\/0aa3bd0dbaabaead6089ee3dd0cd7ae5\",\"name\":\"Denis Alvarado\",\"image\":{\"@type\":\"ImageObject\",\"inLanguage\":\"es\",\"@id\":\"https:\\\/\\\/secure.gravatar.com\\\/avatar\\\/c31f0697f6edb7c68d5dedc2ccbd548d2a9f73aa293e81c6a1425229ec4c9135?s=96&d=mm&r=g\",\"url\":\"https:\\\/\\\/secure.gravatar.com\\\/avatar\\\/c31f0697f6edb7c68d5dedc2ccbd548d2a9f73aa293e81c6a1425229ec4c9135?s=96&d=mm&r=g\",\"contentUrl\":\"https:\\\/\\\/secure.gravatar.com\\\/avatar\\\/c31f0697f6edb7c68d5dedc2ccbd548d2a9f73aa293e81c6a1425229ec4c9135?s=96&d=mm&r=g\",\"caption\":\"Denis Alvarado\"},\"url\":\"https:\\\/\\\/www.visitcentroamerica.com\\\/sala-prensa\\\/author\\\/denis\\\/\"}]}<\/script>\n<!-- \/ Yoast SEO plugin. -->","yoast_head_json":{"title":"ONU Turismo y CAF presentan nuevas gu\u00edas para potenciar la inversi\u00f3n en turismo en Brasil y Panam\u00e1 - Sala de prensa","robots":{"index":"index","follow":"follow","max-snippet":"max-snippet:-1","max-image-preview":"max-image-preview:large","max-video-preview":"max-video-preview:-1"},"canonical":"https:\/\/www.visitcentroamerica.com\/sala-prensa\/otros\/onu-turismo-y-caf-presentan-nuevas-guias-para-potenciar-la-inversion-en-turismo-en-brasil-y-panama\/","og_locale":"es_ES","og_type":"article","og_title":"ONU Turismo y CAF presentan nuevas gu\u00edas para potenciar la inversi\u00f3n en turismo en Brasil y Panam\u00e1 - Sala de prensa","og_description":"\u00a0 El secretario general de ONU Turismo, Zurab Pololikashvili, ha presentado este jueves las nuevas Gu\u00edas de Inversi\u00f3n elaboradas junto al Banco de Desarrollo de Am\u00e9rica Latina y el Caribe (CAF) para promover la inversi\u00f3n tur\u00edstica en Panam\u00e1 y Brasil, pa\u00eds socio de Fitur 2025. Pololikashvili ha declarado que Am\u00e9rica Latina y el Caribe, en [&hellip;]","og_url":"https:\/\/www.visitcentroamerica.com\/sala-prensa\/otros\/onu-turismo-y-caf-presentan-nuevas-guias-para-potenciar-la-inversion-en-turismo-en-brasil-y-panama\/","og_site_name":"Sala de prensa","article_published_time":"2025-02-03T17:42:51+00:00","og_image":[{"width":860,"height":378,"url":"https:\/\/www.visitcentroamerica.com\/sala-prensa\/wp-content\/uploads\/2025\/02\/NTP-Panama-Brazil.webp","type":"image\/webp"}],"author":"Denis Alvarado","twitter_card":"summary_large_image","twitter_misc":{"Escrito por":"Denis Alvarado","Tiempo de lectura":"3 minutos"},"schema":{"@context":"https:\/\/schema.org","@graph":[{"@type":"Article","@id":"https:\/\/www.visitcentroamerica.com\/sala-prensa\/otros\/onu-turismo-y-caf-presentan-nuevas-guias-para-potenciar-la-inversion-en-turismo-en-brasil-y-panama\/#article","isPartOf":{"@id":"https:\/\/www.visitcentroamerica.com\/sala-prensa\/otros\/onu-turismo-y-caf-presentan-nuevas-guias-para-potenciar-la-inversion-en-turismo-en-brasil-y-panama\/"},"author":{"name":"Denis Alvarado","@id":"https:\/\/www.visitcentroamerica.com\/sala-prensa\/#\/schema\/person\/0aa3bd0dbaabaead6089ee3dd0cd7ae5"},"headline":"ONU Turismo y CAF presentan nuevas gu\u00edas para potenciar la inversi\u00f3n en turismo en Brasil y Panam\u00e1","datePublished":"2025-02-03T17:42:51+00:00","mainEntityOfPage":{"@id":"https:\/\/www.visitcentroamerica.com\/sala-prensa\/otros\/onu-turismo-y-caf-presentan-nuevas-guias-para-potenciar-la-inversion-en-turismo-en-brasil-y-panama\/"},"wordCount":584,"commentCount":0,"image":{"@id":"https:\/\/www.visitcentroamerica.com\/sala-prensa\/otros\/onu-turismo-y-caf-presentan-nuevas-guias-para-potenciar-la-inversion-en-turismo-en-brasil-y-panama\/#primaryimage"},"thumbnailUrl":"https:\/\/www.visitcentroamerica.com\/sala-prensa\/wp-content\/uploads\/2025\/02\/NTP-Panama-Brazil.webp","articleSection":["Otros"],"inLanguage":"es","potentialAction":[{"@type":"CommentAction","name":"Comment","target":["https:\/\/www.visitcentroamerica.com\/sala-prensa\/otros\/onu-turismo-y-caf-presentan-nuevas-guias-para-potenciar-la-inversion-en-turismo-en-brasil-y-panama\/#respond"]}]},{"@type":"WebPage","@id":"https:\/\/www.visitcentroamerica.com\/sala-prensa\/otros\/onu-turismo-y-caf-presentan-nuevas-guias-para-potenciar-la-inversion-en-turismo-en-brasil-y-panama\/","url":"https:\/\/www.visitcentroamerica.com\/sala-prensa\/otros\/onu-turismo-y-caf-presentan-nuevas-guias-para-potenciar-la-inversion-en-turismo-en-brasil-y-panama\/","name":"ONU Turismo y CAF presentan nuevas gu\u00edas para potenciar la inversi\u00f3n en turismo en Brasil y Panam\u00e1 - Sala de prensa","isPartOf":{"@id":"https:\/\/www.visitcentroamerica.com\/sala-prensa\/#website"},"primaryImageOfPage":{"@id":"https:\/\/www.visitcentroamerica.com\/sala-prensa\/otros\/onu-turismo-y-caf-presentan-nuevas-guias-para-potenciar-la-inversion-en-turismo-en-brasil-y-panama\/#primaryimage"},"image":{"@id":"https:\/\/www.visitcentroamerica.com\/sala-prensa\/otros\/onu-turismo-y-caf-presentan-nuevas-guias-para-potenciar-la-inversion-en-turismo-en-brasil-y-panama\/#primaryimage"},"thumbnailUrl":"https:\/\/www.visitcentroamerica.com\/sala-prensa\/wp-content\/uploads\/2025\/02\/NTP-Panama-Brazil.webp","datePublished":"2025-02-03T17:42:51+00:00","author":{"@id":"https:\/\/www.visitcentroamerica.com\/sala-prensa\/#\/schema\/person\/0aa3bd0dbaabaead6089ee3dd0cd7ae5"},"breadcrumb":{"@id":"https:\/\/www.visitcentroamerica.com\/sala-prensa\/otros\/onu-turismo-y-caf-presentan-nuevas-guias-para-potenciar-la-inversion-en-turismo-en-brasil-y-panama\/#breadcrumb"},"inLanguage":"es","potentialAction":[{"@type":"ReadAction","target":["https:\/\/www.visitcentroamerica.com\/sala-prensa\/otros\/onu-turismo-y-caf-presentan-nuevas-guias-para-potenciar-la-inversion-en-turismo-en-brasil-y-panama\/"]}]},{"@type":"ImageObject","inLanguage":"es","@id":"https:\/\/www.visitcentroamerica.com\/sala-prensa\/otros\/onu-turismo-y-caf-presentan-nuevas-guias-para-potenciar-la-inversion-en-turismo-en-brasil-y-panama\/#primaryimage","url":"https:\/\/www.visitcentroamerica.com\/sala-prensa\/wp-content\/uploads\/2025\/02\/NTP-Panama-Brazil.webp","contentUrl":"https:\/\/www.visitcentroamerica.com\/sala-prensa\/wp-content\/uploads\/2025\/02\/NTP-Panama-Brazil.webp","width":860,"height":378},{"@type":"BreadcrumbList","@id":"https:\/\/www.visitcentroamerica.com\/sala-prensa\/otros\/onu-turismo-y-caf-presentan-nuevas-guias-para-potenciar-la-inversion-en-turismo-en-brasil-y-panama\/#breadcrumb","itemListElement":[{"@type":"ListItem","position":1,"name":"Portada","item":"https:\/\/www.visitcentroamerica.com\/sala-prensa\/"},{"@type":"ListItem","position":2,"name":"ONU Turismo y CAF presentan nuevas gu\u00edas para potenciar la inversi\u00f3n en turismo en Brasil y Panam\u00e1"}]},{"@type":"WebSite","@id":"https:\/\/www.visitcentroamerica.com\/sala-prensa\/#website","url":"https:\/\/www.visitcentroamerica.com\/sala-prensa\/","name":"Sala de prensa","description":"","potentialAction":[{"@type":"SearchAction","target":{"@type":"EntryPoint","urlTemplate":"https:\/\/www.visitcentroamerica.com\/sala-prensa\/?s={search_term_string}"},"query-input":{"@type":"PropertyValueSpecification","valueRequired":true,"valueName":"search_term_string"}}],"inLanguage":"es"},{"@type":"Person","@id":"https:\/\/www.visitcentroamerica.com\/sala-prensa\/#\/schema\/person\/0aa3bd0dbaabaead6089ee3dd0cd7ae5","name":"Denis Alvarado","image":{"@type":"ImageObject","inLanguage":"es","@id":"https:\/\/secure.gravatar.com\/avatar\/c31f0697f6edb7c68d5dedc2ccbd548d2a9f73aa293e81c6a1425229ec4c9135?s=96&d=mm&r=g","url":"https:\/\/secure.gravatar.com\/avatar\/c31f0697f6edb7c68d5dedc2ccbd548d2a9f73aa293e81c6a1425229ec4c9135?s=96&d=mm&r=g","contentUrl":"https:\/\/secure.gravatar.com\/avatar\/c31f0697f6edb7c68d5dedc2ccbd548d2a9f73aa293e81c6a1425229ec4c9135?s=96&d=mm&r=g","caption":"Denis Alvarado"},"url":"https:\/\/www.visitcentroamerica.com\/sala-prensa\/author\/denis\/"}]}},"_links":{"self":[{"href":"https:\/\/www.visitcentroamerica.com\/sala-prensa\/wp-json\/wp\/v2\/posts\/15789","targetHints":{"allow":["GET"]}}],"collection":[{"href":"https:\/\/www.visitcentroamerica.com\/sala-prensa\/wp-json\/wp\/v2\/posts"}],"about":[{"href":"https:\/\/www.visitcentroamerica.com\/sala-prensa\/wp-json\/wp\/v2\/types\/post"}],"author":[{"embeddable":true,"href":"https:\/\/www.visitcentroamerica.com\/sala-prensa\/wp-json\/wp\/v2\/users\/5"}],"replies":[{"embeddable":true,"href":"https:\/\/www.visitcentroamerica.com\/sala-prensa\/wp-json\/wp\/v2\/comments?post=15789"}],"version-history":[{"count":1,"href":"https:\/\/www.visitcentroamerica.com\/sala-prensa\/wp-json\/wp\/v2\/posts\/15789\/revisions"}],"predecessor-version":[{"id":15794,"href":"https:\/\/www.visitcentroamerica.com\/sala-prensa\/wp-json\/wp\/v2\/posts\/15789\/revisions\/15794"}],"wp:featuredmedia":[{"embeddable":true,"href":"https:\/\/www.visitcentroamerica.com\/sala-prensa\/wp-json\/wp\/v2\/media\/15792"}],"wp:attachment":[{"href":"https:\/\/www.visitcentroamerica.com\/sala-prensa\/wp-json\/wp\/v2\/media?parent=15789"}],"wp:term":[{"taxonomy":"category","embeddable":true,"href":"https:\/\/www.visitcentroamerica.com\/sala-prensa\/wp-json\/wp\/v2\/categories?post=15789"},{"taxonomy":"post_tag","embeddable":true,"href":"https:\/\/www.visitcentroamerica.com\/sala-prensa\/wp-json\/wp\/v2\/tags?post=15789"}],"curies":[{"name":"wp","href":"https:\/\/api.w.org\/{rel}","templated":true}]}}