{"id":15771,"date":"2025-01-23T22:31:04","date_gmt":"2025-01-23T21:31:04","guid":{"rendered":"https:\/\/www.visitcentroamerica.com\/sala-prensa\/?p=15771"},"modified":"2025-01-23T22:31:04","modified_gmt":"2025-01-23T21:31:04","slug":"cata-y-mundo-maya-presentan-producto-turistico-de-arqueologia-y-naturaleza-ante-sector-turistico-espanol","status":"publish","type":"post","link":"https:\/\/www.visitcentroamerica.com\/sala-prensa\/otros\/cata-y-mundo-maya-presentan-producto-turistico-de-arqueologia-y-naturaleza-ante-sector-turistico-espanol\/","title":{"rendered":"CATA y Mundo Maya presentan producto tur\u00edstico de arqueolog\u00eda y naturaleza ante sector tur\u00edstico espa\u00f1ol"},"content":{"rendered":"<p><img loading=\"lazy\" decoding=\"async\" class=\"alignnone wp-image-15772 size-full\" src=\"https:\/\/www.visitcentroamerica.com\/sala-prensa\/wp-content\/uploads\/2025\/01\/Sin-titulo-1024-x-600-px-62.png\" alt=\"\" width=\"1024\" height=\"600\" srcset=\"https:\/\/www.visitcentroamerica.com\/sala-prensa\/wp-content\/uploads\/2025\/01\/Sin-titulo-1024-x-600-px-62.png 1024w, https:\/\/www.visitcentroamerica.com\/sala-prensa\/wp-content\/uploads\/2025\/01\/Sin-titulo-1024-x-600-px-62-300x176.png 300w, https:\/\/www.visitcentroamerica.com\/sala-prensa\/wp-content\/uploads\/2025\/01\/Sin-titulo-1024-x-600-px-62-768x450.png 768w, https:\/\/www.visitcentroamerica.com\/sala-prensa\/wp-content\/uploads\/2025\/01\/Sin-titulo-1024-x-600-px-62-717x420.png 717w, https:\/\/www.visitcentroamerica.com\/sala-prensa\/wp-content\/uploads\/2025\/01\/Sin-titulo-1024-x-600-px-62-696x408.png 696w, https:\/\/www.visitcentroamerica.com\/sala-prensa\/wp-content\/uploads\/2025\/01\/Sin-titulo-1024-x-600-px-62-500x293.png 500w\" sizes=\"auto, (max-width: 1024px) 100vw, 1024px\" \/><\/p>\n<p>La Agencia de Promoci\u00f3n Tur\u00edstica de Centroam\u00e9rica (CATA) junto con la Organizaci\u00f3n Mundo Maya presentaron la riqueza arqueol\u00f3gica, natural y de aventura que ofrece la regi\u00f3n centroamericana. Esta presentaci\u00f3n se llev\u00f3 a cabo en un espacio coorganizado con la Confederaci\u00f3n Espa\u00f1ola de Agencias de Viajes (CEAV), fortaleciendo la promoci\u00f3n de los destinos ante el mercado espa\u00f1ol, reconocido por su inter\u00e9s en experiencias culturales y de naturaleza \u00fanicas.<\/p>\n<p>Durante la presentaci\u00f3n se realiz\u00f3 el anuncio oficial sobre la Feria Centroam\u00e9rica Travel Market &#8211; Honduras 2024. Por parte de la C\u00e1mara Nacional de Turismo de Honduras. Con el objetivo de seguir promoviendo a la regi\u00f3n como un multidestino tur\u00edstico.<\/p>\n<p>La CATM es un evento pionero que re\u00fane a proveedores de servicios tur\u00edsticos, hoteles, operadores de tours, aerol\u00edneas y otros actores de la cadena de valor de la industria, facilitando un entorno propicio para establecer relaciones comerciales y generar acuerdos con las principales agencias mayoristas de Europa y Am\u00e9rica.<\/p>\n<p>Esta presentaci\u00f3n multidestino forma parte de las acciones que CATA impulsa en el mercado europeo para fortalecer las relaciones con socios estrat\u00e9gicos. Realizada en el marco de la feria FITUR tuvo como prop\u00f3sito posicionar a la regi\u00f3n siendo Espa\u00f1a uno de los mercados de inter\u00e9s.<\/p>\n","protected":false},"excerpt":{"rendered":"<p>La Agencia de Promoci\u00f3n Tur\u00edstica de Centroam\u00e9rica (CATA) junto con la Organizaci\u00f3n Mundo Maya presentaron la riqueza arqueol\u00f3gica, natural y de aventura que ofrece la regi\u00f3n centroamericana. Esta presentaci\u00f3n se llev\u00f3 a cabo en un espacio coorganizado con la Confederaci\u00f3n Espa\u00f1ola de Agencias de Viajes (CEAV), fortaleciendo la promoci\u00f3n de los destinos ante el mercado [&hellip;]<\/p>\n","protected":false},"author":5,"featured_media":15772,"comment_status":"open","ping_status":"closed","sticky":false,"template":"","format":"standard","meta":{"footnotes":""},"categories":[1],"tags":[],"class_list":{"0":"post-15771","1":"post","2":"type-post","3":"status-publish","4":"format-standard","5":"has-post-thumbnail","7":"category-otros"},"yoast_head":"<!-- This site is optimized with the Yoast SEO plugin v27.3 - https:\/\/yoast.com\/product\/yoast-seo-wordpress\/ -->\n<title>CATA y Mundo Maya presentan producto tur\u00edstico de arqueolog\u00eda y naturaleza ante sector tur\u00edstico espa\u00f1ol - Sala de prensa<\/title>\n<meta name=\"robots\" content=\"index, follow, max-snippet:-1, max-image-preview:large, max-video-preview:-1\" \/>\n<link rel=\"canonical\" href=\"https:\/\/www.visitcentroamerica.com\/sala-prensa\/otros\/cata-y-mundo-maya-presentan-producto-turistico-de-arqueologia-y-naturaleza-ante-sector-turistico-espanol\/\" \/>\n<meta property=\"og:locale\" content=\"es_ES\" \/>\n<meta property=\"og:type\" content=\"article\" \/>\n<meta property=\"og:title\" content=\"CATA y Mundo Maya presentan producto tur\u00edstico de arqueolog\u00eda y naturaleza ante sector tur\u00edstico espa\u00f1ol - Sala de prensa\" \/>\n<meta property=\"og:description\" content=\"La Agencia de Promoci\u00f3n Tur\u00edstica de Centroam\u00e9rica (CATA) junto con la Organizaci\u00f3n Mundo Maya presentaron la riqueza arqueol\u00f3gica, natural y de aventura que ofrece la regi\u00f3n centroamericana. Esta presentaci\u00f3n se llev\u00f3 a cabo en un espacio coorganizado con la Confederaci\u00f3n Espa\u00f1ola de Agencias de Viajes (CEAV), fortaleciendo la promoci\u00f3n de los destinos ante el mercado [&hellip;]\" \/>\n<meta property=\"og:url\" content=\"https:\/\/www.visitcentroamerica.com\/sala-prensa\/otros\/cata-y-mundo-maya-presentan-producto-turistico-de-arqueologia-y-naturaleza-ante-sector-turistico-espanol\/\" \/>\n<meta property=\"og:site_name\" content=\"Sala de prensa\" \/>\n<meta property=\"article:published_time\" content=\"2025-01-23T21:31:04+00:00\" \/>\n<meta property=\"og:image\" content=\"https:\/\/www.visitcentroamerica.com\/sala-prensa\/wp-content\/uploads\/2025\/01\/Sin-titulo-1024-x-600-px-62.png\" \/>\n\t<meta property=\"og:image:width\" content=\"1024\" \/>\n\t<meta property=\"og:image:height\" content=\"600\" \/>\n\t<meta property=\"og:image:type\" content=\"image\/png\" \/>\n<meta name=\"author\" content=\"Denis Alvarado\" \/>\n<meta name=\"twitter:card\" content=\"summary_large_image\" \/>\n<meta name=\"twitter:label1\" content=\"Escrito por\" \/>\n\t<meta name=\"twitter:data1\" content=\"Denis Alvarado\" \/>\n\t<meta name=\"twitter:label2\" content=\"Tiempo de lectura\" \/>\n\t<meta name=\"twitter:data2\" content=\"2 minutos\" \/>\n<script type=\"application\/ld+json\" class=\"yoast-schema-graph\">{\"@context\":\"https:\\\/\\\/schema.org\",\"@graph\":[{\"@type\":\"Article\",\"@id\":\"https:\\\/\\\/www.visitcentroamerica.com\\\/sala-prensa\\\/otros\\\/cata-y-mundo-maya-presentan-producto-turistico-de-arqueologia-y-naturaleza-ante-sector-turistico-espanol\\\/#article\",\"isPartOf\":{\"@id\":\"https:\\\/\\\/www.visitcentroamerica.com\\\/sala-prensa\\\/otros\\\/cata-y-mundo-maya-presentan-producto-turistico-de-arqueologia-y-naturaleza-ante-sector-turistico-espanol\\\/\"},\"author\":{\"name\":\"Denis Alvarado\",\"@id\":\"https:\\\/\\\/www.visitcentroamerica.com\\\/sala-prensa\\\/#\\\/schema\\\/person\\\/0aa3bd0dbaabaead6089ee3dd0cd7ae5\"},\"headline\":\"CATA y Mundo Maya presentan producto tur\u00edstico de arqueolog\u00eda y naturaleza ante sector tur\u00edstico espa\u00f1ol\",\"datePublished\":\"2025-01-23T21:31:04+00:00\",\"mainEntityOfPage\":{\"@id\":\"https:\\\/\\\/www.visitcentroamerica.com\\\/sala-prensa\\\/otros\\\/cata-y-mundo-maya-presentan-producto-turistico-de-arqueologia-y-naturaleza-ante-sector-turistico-espanol\\\/\"},\"wordCount\":246,\"commentCount\":0,\"image\":{\"@id\":\"https:\\\/\\\/www.visitcentroamerica.com\\\/sala-prensa\\\/otros\\\/cata-y-mundo-maya-presentan-producto-turistico-de-arqueologia-y-naturaleza-ante-sector-turistico-espanol\\\/#primaryimage\"},\"thumbnailUrl\":\"https:\\\/\\\/www.visitcentroamerica.com\\\/sala-prensa\\\/wp-content\\\/uploads\\\/2025\\\/01\\\/Sin-titulo-1024-x-600-px-62.png\",\"articleSection\":[\"Otros\"],\"inLanguage\":\"es\",\"potentialAction\":[{\"@type\":\"CommentAction\",\"name\":\"Comment\",\"target\":[\"https:\\\/\\\/www.visitcentroamerica.com\\\/sala-prensa\\\/otros\\\/cata-y-mundo-maya-presentan-producto-turistico-de-arqueologia-y-naturaleza-ante-sector-turistico-espanol\\\/#respond\"]}]},{\"@type\":\"WebPage\",\"@id\":\"https:\\\/\\\/www.visitcentroamerica.com\\\/sala-prensa\\\/otros\\\/cata-y-mundo-maya-presentan-producto-turistico-de-arqueologia-y-naturaleza-ante-sector-turistico-espanol\\\/\",\"url\":\"https:\\\/\\\/www.visitcentroamerica.com\\\/sala-prensa\\\/otros\\\/cata-y-mundo-maya-presentan-producto-turistico-de-arqueologia-y-naturaleza-ante-sector-turistico-espanol\\\/\",\"name\":\"CATA y Mundo Maya presentan producto tur\u00edstico de arqueolog\u00eda y naturaleza ante sector tur\u00edstico espa\u00f1ol - Sala de prensa\",\"isPartOf\":{\"@id\":\"https:\\\/\\\/www.visitcentroamerica.com\\\/sala-prensa\\\/#website\"},\"primaryImageOfPage\":{\"@id\":\"https:\\\/\\\/www.visitcentroamerica.com\\\/sala-prensa\\\/otros\\\/cata-y-mundo-maya-presentan-producto-turistico-de-arqueologia-y-naturaleza-ante-sector-turistico-espanol\\\/#primaryimage\"},\"image\":{\"@id\":\"https:\\\/\\\/www.visitcentroamerica.com\\\/sala-prensa\\\/otros\\\/cata-y-mundo-maya-presentan-producto-turistico-de-arqueologia-y-naturaleza-ante-sector-turistico-espanol\\\/#primaryimage\"},\"thumbnailUrl\":\"https:\\\/\\\/www.visitcentroamerica.com\\\/sala-prensa\\\/wp-content\\\/uploads\\\/2025\\\/01\\\/Sin-titulo-1024-x-600-px-62.png\",\"datePublished\":\"2025-01-23T21:31:04+00:00\",\"author\":{\"@id\":\"https:\\\/\\\/www.visitcentroamerica.com\\\/sala-prensa\\\/#\\\/schema\\\/person\\\/0aa3bd0dbaabaead6089ee3dd0cd7ae5\"},\"breadcrumb\":{\"@id\":\"https:\\\/\\\/www.visitcentroamerica.com\\\/sala-prensa\\\/otros\\\/cata-y-mundo-maya-presentan-producto-turistico-de-arqueologia-y-naturaleza-ante-sector-turistico-espanol\\\/#breadcrumb\"},\"inLanguage\":\"es\",\"potentialAction\":[{\"@type\":\"ReadAction\",\"target\":[\"https:\\\/\\\/www.visitcentroamerica.com\\\/sala-prensa\\\/otros\\\/cata-y-mundo-maya-presentan-producto-turistico-de-arqueologia-y-naturaleza-ante-sector-turistico-espanol\\\/\"]}]},{\"@type\":\"ImageObject\",\"inLanguage\":\"es\",\"@id\":\"https:\\\/\\\/www.visitcentroamerica.com\\\/sala-prensa\\\/otros\\\/cata-y-mundo-maya-presentan-producto-turistico-de-arqueologia-y-naturaleza-ante-sector-turistico-espanol\\\/#primaryimage\",\"url\":\"https:\\\/\\\/www.visitcentroamerica.com\\\/sala-prensa\\\/wp-content\\\/uploads\\\/2025\\\/01\\\/Sin-titulo-1024-x-600-px-62.png\",\"contentUrl\":\"https:\\\/\\\/www.visitcentroamerica.com\\\/sala-prensa\\\/wp-content\\\/uploads\\\/2025\\\/01\\\/Sin-titulo-1024-x-600-px-62.png\",\"width\":1024,\"height\":600},{\"@type\":\"BreadcrumbList\",\"@id\":\"https:\\\/\\\/www.visitcentroamerica.com\\\/sala-prensa\\\/otros\\\/cata-y-mundo-maya-presentan-producto-turistico-de-arqueologia-y-naturaleza-ante-sector-turistico-espanol\\\/#breadcrumb\",\"itemListElement\":[{\"@type\":\"ListItem\",\"position\":1,\"name\":\"Portada\",\"item\":\"https:\\\/\\\/www.visitcentroamerica.com\\\/sala-prensa\\\/\"},{\"@type\":\"ListItem\",\"position\":2,\"name\":\"CATA y Mundo Maya presentan producto tur\u00edstico de arqueolog\u00eda y naturaleza ante sector tur\u00edstico espa\u00f1ol\"}]},{\"@type\":\"WebSite\",\"@id\":\"https:\\\/\\\/www.visitcentroamerica.com\\\/sala-prensa\\\/#website\",\"url\":\"https:\\\/\\\/www.visitcentroamerica.com\\\/sala-prensa\\\/\",\"name\":\"Sala de prensa\",\"description\":\"\",\"potentialAction\":[{\"@type\":\"SearchAction\",\"target\":{\"@type\":\"EntryPoint\",\"urlTemplate\":\"https:\\\/\\\/www.visitcentroamerica.com\\\/sala-prensa\\\/?s={search_term_string}\"},\"query-input\":{\"@type\":\"PropertyValueSpecification\",\"valueRequired\":true,\"valueName\":\"search_term_string\"}}],\"inLanguage\":\"es\"},{\"@type\":\"Person\",\"@id\":\"https:\\\/\\\/www.visitcentroamerica.com\\\/sala-prensa\\\/#\\\/schema\\\/person\\\/0aa3bd0dbaabaead6089ee3dd0cd7ae5\",\"name\":\"Denis Alvarado\",\"image\":{\"@type\":\"ImageObject\",\"inLanguage\":\"es\",\"@id\":\"https:\\\/\\\/secure.gravatar.com\\\/avatar\\\/c31f0697f6edb7c68d5dedc2ccbd548d2a9f73aa293e81c6a1425229ec4c9135?s=96&d=mm&r=g\",\"url\":\"https:\\\/\\\/secure.gravatar.com\\\/avatar\\\/c31f0697f6edb7c68d5dedc2ccbd548d2a9f73aa293e81c6a1425229ec4c9135?s=96&d=mm&r=g\",\"contentUrl\":\"https:\\\/\\\/secure.gravatar.com\\\/avatar\\\/c31f0697f6edb7c68d5dedc2ccbd548d2a9f73aa293e81c6a1425229ec4c9135?s=96&d=mm&r=g\",\"caption\":\"Denis Alvarado\"},\"url\":\"https:\\\/\\\/www.visitcentroamerica.com\\\/sala-prensa\\\/author\\\/denis\\\/\"}]}<\/script>\n<!-- \/ Yoast SEO plugin. -->","yoast_head_json":{"title":"CATA y Mundo Maya presentan producto tur\u00edstico de arqueolog\u00eda y naturaleza ante sector tur\u00edstico espa\u00f1ol - Sala de prensa","robots":{"index":"index","follow":"follow","max-snippet":"max-snippet:-1","max-image-preview":"max-image-preview:large","max-video-preview":"max-video-preview:-1"},"canonical":"https:\/\/www.visitcentroamerica.com\/sala-prensa\/otros\/cata-y-mundo-maya-presentan-producto-turistico-de-arqueologia-y-naturaleza-ante-sector-turistico-espanol\/","og_locale":"es_ES","og_type":"article","og_title":"CATA y Mundo Maya presentan producto tur\u00edstico de arqueolog\u00eda y naturaleza ante sector tur\u00edstico espa\u00f1ol - Sala de prensa","og_description":"La Agencia de Promoci\u00f3n Tur\u00edstica de Centroam\u00e9rica (CATA) junto con la Organizaci\u00f3n Mundo Maya presentaron la riqueza arqueol\u00f3gica, natural y de aventura que ofrece la regi\u00f3n centroamericana. Esta presentaci\u00f3n se llev\u00f3 a cabo en un espacio coorganizado con la Confederaci\u00f3n Espa\u00f1ola de Agencias de Viajes (CEAV), fortaleciendo la promoci\u00f3n de los destinos ante el mercado [&hellip;]","og_url":"https:\/\/www.visitcentroamerica.com\/sala-prensa\/otros\/cata-y-mundo-maya-presentan-producto-turistico-de-arqueologia-y-naturaleza-ante-sector-turistico-espanol\/","og_site_name":"Sala de prensa","article_published_time":"2025-01-23T21:31:04+00:00","og_image":[{"width":1024,"height":600,"url":"https:\/\/www.visitcentroamerica.com\/sala-prensa\/wp-content\/uploads\/2025\/01\/Sin-titulo-1024-x-600-px-62.png","type":"image\/png"}],"author":"Denis Alvarado","twitter_card":"summary_large_image","twitter_misc":{"Escrito por":"Denis Alvarado","Tiempo de lectura":"2 minutos"},"schema":{"@context":"https:\/\/schema.org","@graph":[{"@type":"Article","@id":"https:\/\/www.visitcentroamerica.com\/sala-prensa\/otros\/cata-y-mundo-maya-presentan-producto-turistico-de-arqueologia-y-naturaleza-ante-sector-turistico-espanol\/#article","isPartOf":{"@id":"https:\/\/www.visitcentroamerica.com\/sala-prensa\/otros\/cata-y-mundo-maya-presentan-producto-turistico-de-arqueologia-y-naturaleza-ante-sector-turistico-espanol\/"},"author":{"name":"Denis Alvarado","@id":"https:\/\/www.visitcentroamerica.com\/sala-prensa\/#\/schema\/person\/0aa3bd0dbaabaead6089ee3dd0cd7ae5"},"headline":"CATA y Mundo Maya presentan producto tur\u00edstico de arqueolog\u00eda y naturaleza ante sector tur\u00edstico espa\u00f1ol","datePublished":"2025-01-23T21:31:04+00:00","mainEntityOfPage":{"@id":"https:\/\/www.visitcentroamerica.com\/sala-prensa\/otros\/cata-y-mundo-maya-presentan-producto-turistico-de-arqueologia-y-naturaleza-ante-sector-turistico-espanol\/"},"wordCount":246,"commentCount":0,"image":{"@id":"https:\/\/www.visitcentroamerica.com\/sala-prensa\/otros\/cata-y-mundo-maya-presentan-producto-turistico-de-arqueologia-y-naturaleza-ante-sector-turistico-espanol\/#primaryimage"},"thumbnailUrl":"https:\/\/www.visitcentroamerica.com\/sala-prensa\/wp-content\/uploads\/2025\/01\/Sin-titulo-1024-x-600-px-62.png","articleSection":["Otros"],"inLanguage":"es","potentialAction":[{"@type":"CommentAction","name":"Comment","target":["https:\/\/www.visitcentroamerica.com\/sala-prensa\/otros\/cata-y-mundo-maya-presentan-producto-turistico-de-arqueologia-y-naturaleza-ante-sector-turistico-espanol\/#respond"]}]},{"@type":"WebPage","@id":"https:\/\/www.visitcentroamerica.com\/sala-prensa\/otros\/cata-y-mundo-maya-presentan-producto-turistico-de-arqueologia-y-naturaleza-ante-sector-turistico-espanol\/","url":"https:\/\/www.visitcentroamerica.com\/sala-prensa\/otros\/cata-y-mundo-maya-presentan-producto-turistico-de-arqueologia-y-naturaleza-ante-sector-turistico-espanol\/","name":"CATA y Mundo Maya presentan producto tur\u00edstico de arqueolog\u00eda y naturaleza ante sector tur\u00edstico espa\u00f1ol - Sala de prensa","isPartOf":{"@id":"https:\/\/www.visitcentroamerica.com\/sala-prensa\/#website"},"primaryImageOfPage":{"@id":"https:\/\/www.visitcentroamerica.com\/sala-prensa\/otros\/cata-y-mundo-maya-presentan-producto-turistico-de-arqueologia-y-naturaleza-ante-sector-turistico-espanol\/#primaryimage"},"image":{"@id":"https:\/\/www.visitcentroamerica.com\/sala-prensa\/otros\/cata-y-mundo-maya-presentan-producto-turistico-de-arqueologia-y-naturaleza-ante-sector-turistico-espanol\/#primaryimage"},"thumbnailUrl":"https:\/\/www.visitcentroamerica.com\/sala-prensa\/wp-content\/uploads\/2025\/01\/Sin-titulo-1024-x-600-px-62.png","datePublished":"2025-01-23T21:31:04+00:00","author":{"@id":"https:\/\/www.visitcentroamerica.com\/sala-prensa\/#\/schema\/person\/0aa3bd0dbaabaead6089ee3dd0cd7ae5"},"breadcrumb":{"@id":"https:\/\/www.visitcentroamerica.com\/sala-prensa\/otros\/cata-y-mundo-maya-presentan-producto-turistico-de-arqueologia-y-naturaleza-ante-sector-turistico-espanol\/#breadcrumb"},"inLanguage":"es","potentialAction":[{"@type":"ReadAction","target":["https:\/\/www.visitcentroamerica.com\/sala-prensa\/otros\/cata-y-mundo-maya-presentan-producto-turistico-de-arqueologia-y-naturaleza-ante-sector-turistico-espanol\/"]}]},{"@type":"ImageObject","inLanguage":"es","@id":"https:\/\/www.visitcentroamerica.com\/sala-prensa\/otros\/cata-y-mundo-maya-presentan-producto-turistico-de-arqueologia-y-naturaleza-ante-sector-turistico-espanol\/#primaryimage","url":"https:\/\/www.visitcentroamerica.com\/sala-prensa\/wp-content\/uploads\/2025\/01\/Sin-titulo-1024-x-600-px-62.png","contentUrl":"https:\/\/www.visitcentroamerica.com\/sala-prensa\/wp-content\/uploads\/2025\/01\/Sin-titulo-1024-x-600-px-62.png","width":1024,"height":600},{"@type":"BreadcrumbList","@id":"https:\/\/www.visitcentroamerica.com\/sala-prensa\/otros\/cata-y-mundo-maya-presentan-producto-turistico-de-arqueologia-y-naturaleza-ante-sector-turistico-espanol\/#breadcrumb","itemListElement":[{"@type":"ListItem","position":1,"name":"Portada","item":"https:\/\/www.visitcentroamerica.com\/sala-prensa\/"},{"@type":"ListItem","position":2,"name":"CATA y Mundo Maya presentan producto tur\u00edstico de arqueolog\u00eda y naturaleza ante sector tur\u00edstico espa\u00f1ol"}]},{"@type":"WebSite","@id":"https:\/\/www.visitcentroamerica.com\/sala-prensa\/#website","url":"https:\/\/www.visitcentroamerica.com\/sala-prensa\/","name":"Sala de prensa","description":"","potentialAction":[{"@type":"SearchAction","target":{"@type":"EntryPoint","urlTemplate":"https:\/\/www.visitcentroamerica.com\/sala-prensa\/?s={search_term_string}"},"query-input":{"@type":"PropertyValueSpecification","valueRequired":true,"valueName":"search_term_string"}}],"inLanguage":"es"},{"@type":"Person","@id":"https:\/\/www.visitcentroamerica.com\/sala-prensa\/#\/schema\/person\/0aa3bd0dbaabaead6089ee3dd0cd7ae5","name":"Denis Alvarado","image":{"@type":"ImageObject","inLanguage":"es","@id":"https:\/\/secure.gravatar.com\/avatar\/c31f0697f6edb7c68d5dedc2ccbd548d2a9f73aa293e81c6a1425229ec4c9135?s=96&d=mm&r=g","url":"https:\/\/secure.gravatar.com\/avatar\/c31f0697f6edb7c68d5dedc2ccbd548d2a9f73aa293e81c6a1425229ec4c9135?s=96&d=mm&r=g","contentUrl":"https:\/\/secure.gravatar.com\/avatar\/c31f0697f6edb7c68d5dedc2ccbd548d2a9f73aa293e81c6a1425229ec4c9135?s=96&d=mm&r=g","caption":"Denis Alvarado"},"url":"https:\/\/www.visitcentroamerica.com\/sala-prensa\/author\/denis\/"}]}},"_links":{"self":[{"href":"https:\/\/www.visitcentroamerica.com\/sala-prensa\/wp-json\/wp\/v2\/posts\/15771","targetHints":{"allow":["GET"]}}],"collection":[{"href":"https:\/\/www.visitcentroamerica.com\/sala-prensa\/wp-json\/wp\/v2\/posts"}],"about":[{"href":"https:\/\/www.visitcentroamerica.com\/sala-prensa\/wp-json\/wp\/v2\/types\/post"}],"author":[{"embeddable":true,"href":"https:\/\/www.visitcentroamerica.com\/sala-prensa\/wp-json\/wp\/v2\/users\/5"}],"replies":[{"embeddable":true,"href":"https:\/\/www.visitcentroamerica.com\/sala-prensa\/wp-json\/wp\/v2\/comments?post=15771"}],"version-history":[{"count":1,"href":"https:\/\/www.visitcentroamerica.com\/sala-prensa\/wp-json\/wp\/v2\/posts\/15771\/revisions"}],"predecessor-version":[{"id":15774,"href":"https:\/\/www.visitcentroamerica.com\/sala-prensa\/wp-json\/wp\/v2\/posts\/15771\/revisions\/15774"}],"wp:featuredmedia":[{"embeddable":true,"href":"https:\/\/www.visitcentroamerica.com\/sala-prensa\/wp-json\/wp\/v2\/media\/15772"}],"wp:attachment":[{"href":"https:\/\/www.visitcentroamerica.com\/sala-prensa\/wp-json\/wp\/v2\/media?parent=15771"}],"wp:term":[{"taxonomy":"category","embeddable":true,"href":"https:\/\/www.visitcentroamerica.com\/sala-prensa\/wp-json\/wp\/v2\/categories?post=15771"},{"taxonomy":"post_tag","embeddable":true,"href":"https:\/\/www.visitcentroamerica.com\/sala-prensa\/wp-json\/wp\/v2\/tags?post=15771"}],"curies":[{"name":"wp","href":"https:\/\/api.w.org\/{rel}","templated":true}]}}