{"id":15717,"date":"2025-01-15T09:30:27","date_gmt":"2025-01-15T08:30:27","guid":{"rendered":"https:\/\/www.visitcentroamerica.com\/sala-prensa\/?p=15717"},"modified":"2025-01-15T00:17:50","modified_gmt":"2025-01-14T23:17:50","slug":"panama-lider-mundial-en-cafe-de-especialidad-con-el-record-de-su-cafe-geisha","status":"publish","type":"post","link":"https:\/\/www.visitcentroamerica.com\/sala-prensa\/otros\/panama-lider-mundial-en-cafe-de-especialidad-con-el-record-de-su-cafe-geisha\/","title":{"rendered":"Panam\u00e1, l\u00edder mundial en caf\u00e9 de especialidad  con el r\u00e9cord de su caf\u00e9 Geisha"},"content":{"rendered":"<p><img loading=\"lazy\" decoding=\"async\" class=\"alignnone wp-image-15720 size-full\" src=\"https:\/\/www.visitcentroamerica.com\/sala-prensa\/wp-content\/uploads\/2025\/01\/Sin-titulo-1024-x-600-px-7.png\" alt=\"Caf\u00e9 Geisha, Panama\" width=\"1024\" height=\"600\" srcset=\"https:\/\/www.visitcentroamerica.com\/sala-prensa\/wp-content\/uploads\/2025\/01\/Sin-titulo-1024-x-600-px-7.png 1024w, https:\/\/www.visitcentroamerica.com\/sala-prensa\/wp-content\/uploads\/2025\/01\/Sin-titulo-1024-x-600-px-7-300x176.png 300w, https:\/\/www.visitcentroamerica.com\/sala-prensa\/wp-content\/uploads\/2025\/01\/Sin-titulo-1024-x-600-px-7-768x450.png 768w, https:\/\/www.visitcentroamerica.com\/sala-prensa\/wp-content\/uploads\/2025\/01\/Sin-titulo-1024-x-600-px-7-717x420.png 717w, https:\/\/www.visitcentroamerica.com\/sala-prensa\/wp-content\/uploads\/2025\/01\/Sin-titulo-1024-x-600-px-7-696x408.png 696w, https:\/\/www.visitcentroamerica.com\/sala-prensa\/wp-content\/uploads\/2025\/01\/Sin-titulo-1024-x-600-px-7-500x293.png 500w\" sizes=\"auto, (max-width: 1024px) 100vw, 1024px\" \/><\/p>\n<p><span style=\"font-weight: 400\">Hace apenas 20 a\u00f1os, la relaci\u00f3n entre Panam\u00e1 y el caf\u00e9 no era evidente en el mercado internacional. Sin embargo, en 2004, en la subasta del evento \u201cBest of Panama\u201d, el mundo descubri\u00f3 el caf\u00e9 Geisha. Desde entonces, Panam\u00e1 emergi\u00f3 como uno de los principales pa\u00edses productores de caf\u00e9 de especialidad, cautivando a tostadores y compradores globales con su caf\u00e9 de \u201cSuper Specialty\u201d.<\/span><\/p>\n<p><span style=\"font-weight: 400\">Hoy en d\u00eda, Panam\u00e1 no solo es conocido por el caf\u00e9 Geisha, sino tambi\u00e9n por su oferta de caf\u00e9s tradicionales de alta calidad, como Typica, Catuai, Caturra, Maragogype, Bourbon y Pacamara. Pero el Geisha paname\u00f1o, con sus notas florales, c\u00edtricas y afrutadas intensificadas por el territorio del pa\u00eds, sigue siendo la joya de la corona, presentando una calidad \u00fanica incluso en comparaci\u00f3n con sus or\u00edgenes en Etiop\u00eda.<\/span><\/p>\n<p><span style=\"font-weight: 400\">El pa\u00eds ofrece condiciones clim\u00e1ticas extraordinarias gracias a su ubicaci\u00f3n entre los oc\u00e9anos Pac\u00edfico y Atl\u00e1ntico, que permite un flujo constante de vientos y temperaturas frescas. La regi\u00f3n alrededor del Volc\u00e1n Bar\u00fa, con sus suelos volc\u00e1nicos, ma\u00f1anas soleadas, tardes de bajareque y noches fr\u00edas a m\u00e1s de 2,000 metros sobre el nivel del mar, genera un ambiente ideal para el desarrollo de los az\u00facares en las cerezas de caf\u00e9.<\/span><\/p>\n<p><span style=\"font-weight: 400\">Adem\u00e1s de su ubicaci\u00f3n, las pr\u00e1cticas de producci\u00f3n combinadas con la innovaci\u00f3n ha sido clave para el \u00e9xito del caf\u00e9 del pa\u00eds. Pr\u00e1cticas de fermentaci\u00f3n anaer\u00f3bica y aer\u00f3bica, el uso de levaduras, maceraci\u00f3n carb\u00f3nica y t\u00e9cnicas de secado controladas permiten un perfil de taza \u00fanico y complejo que posiciona al caf\u00e9 paname\u00f1o en las competiciones internacionales.<\/span><\/p>\n<p><span style=\"font-weight: 400\">En agosto de 2024, Panam\u00e1 super\u00f3 su propio r\u00e9cord en la subasta \u201cBest of Panama\u201d, al vender caf\u00e9 Geisha cultivado a m\u00e1s de 1,950 metros sobre el nivel del mar por un precio r\u00e9cord de 10,005 d\u00f3lares por kilogramo, alcanzando un total de 200,260 d\u00f3lares. Esta extraordinaria subasta resalta el compromiso y la innovaci\u00f3n de la Asociaci\u00f3n de Caf\u00e9s Especiales de Panam\u00e1 (SCAP), cuyo esfuerzo ha consolidado la posici\u00f3n del pa\u00eds como l\u00edder en el mercado de caf\u00e9 de especialidad a nivel global.<\/span><\/p>\n","protected":false},"excerpt":{"rendered":"<p>Hace apenas 20 a\u00f1os, la relaci\u00f3n entre Panam\u00e1 y el caf\u00e9 no era evidente en el mercado internacional. Sin embargo, en 2004, en la subasta del evento \u201cBest of Panama\u201d, el mundo descubri\u00f3 el caf\u00e9 Geisha. Desde entonces, Panam\u00e1 emergi\u00f3 como uno de los principales pa\u00edses productores de caf\u00e9 de especialidad, cautivando a tostadores y [&hellip;]<\/p>\n","protected":false},"author":5,"featured_media":15720,"comment_status":"open","ping_status":"closed","sticky":false,"template":"","format":"standard","meta":{"footnotes":""},"categories":[1],"tags":[],"class_list":{"0":"post-15717","1":"post","2":"type-post","3":"status-publish","4":"format-standard","5":"has-post-thumbnail","7":"category-otros"},"yoast_head":"<!-- This site is optimized with the Yoast SEO plugin v27.3 - https:\/\/yoast.com\/product\/yoast-seo-wordpress\/ -->\n<title>Panam\u00e1, l\u00edder mundial en caf\u00e9 de especialidad con el r\u00e9cord de su caf\u00e9 Geisha - Sala de prensa<\/title>\n<meta name=\"robots\" content=\"index, follow, max-snippet:-1, max-image-preview:large, max-video-preview:-1\" \/>\n<link rel=\"canonical\" href=\"https:\/\/www.visitcentroamerica.com\/sala-prensa\/otros\/panama-lider-mundial-en-cafe-de-especialidad-con-el-record-de-su-cafe-geisha\/\" \/>\n<meta property=\"og:locale\" content=\"es_ES\" \/>\n<meta property=\"og:type\" content=\"article\" \/>\n<meta property=\"og:title\" content=\"Panam\u00e1, l\u00edder mundial en caf\u00e9 de especialidad con el r\u00e9cord de su caf\u00e9 Geisha - Sala de prensa\" \/>\n<meta property=\"og:description\" content=\"Hace apenas 20 a\u00f1os, la relaci\u00f3n entre Panam\u00e1 y el caf\u00e9 no era evidente en el mercado internacional. Sin embargo, en 2004, en la subasta del evento \u201cBest of Panama\u201d, el mundo descubri\u00f3 el caf\u00e9 Geisha. Desde entonces, Panam\u00e1 emergi\u00f3 como uno de los principales pa\u00edses productores de caf\u00e9 de especialidad, cautivando a tostadores y [&hellip;]\" \/>\n<meta property=\"og:url\" content=\"https:\/\/www.visitcentroamerica.com\/sala-prensa\/otros\/panama-lider-mundial-en-cafe-de-especialidad-con-el-record-de-su-cafe-geisha\/\" \/>\n<meta property=\"og:site_name\" content=\"Sala de prensa\" \/>\n<meta property=\"article:published_time\" content=\"2025-01-15T08:30:27+00:00\" \/>\n<meta property=\"og:image\" content=\"https:\/\/www.visitcentroamerica.com\/sala-prensa\/wp-content\/uploads\/2025\/01\/Sin-titulo-1024-x-600-px-7.png\" \/>\n\t<meta property=\"og:image:width\" content=\"1024\" \/>\n\t<meta property=\"og:image:height\" content=\"600\" \/>\n\t<meta property=\"og:image:type\" content=\"image\/png\" \/>\n<meta name=\"author\" content=\"Denis Alvarado\" \/>\n<meta name=\"twitter:card\" content=\"summary_large_image\" \/>\n<meta name=\"twitter:label1\" content=\"Escrito por\" \/>\n\t<meta name=\"twitter:data1\" content=\"Denis Alvarado\" \/>\n\t<meta name=\"twitter:label2\" content=\"Tiempo de lectura\" \/>\n\t<meta name=\"twitter:data2\" content=\"2 minutos\" \/>\n<script type=\"application\/ld+json\" class=\"yoast-schema-graph\">{\"@context\":\"https:\\\/\\\/schema.org\",\"@graph\":[{\"@type\":\"Article\",\"@id\":\"https:\\\/\\\/www.visitcentroamerica.com\\\/sala-prensa\\\/otros\\\/panama-lider-mundial-en-cafe-de-especialidad-con-el-record-de-su-cafe-geisha\\\/#article\",\"isPartOf\":{\"@id\":\"https:\\\/\\\/www.visitcentroamerica.com\\\/sala-prensa\\\/otros\\\/panama-lider-mundial-en-cafe-de-especialidad-con-el-record-de-su-cafe-geisha\\\/\"},\"author\":{\"name\":\"Denis Alvarado\",\"@id\":\"https:\\\/\\\/www.visitcentroamerica.com\\\/sala-prensa\\\/#\\\/schema\\\/person\\\/0aa3bd0dbaabaead6089ee3dd0cd7ae5\"},\"headline\":\"Panam\u00e1, l\u00edder mundial en caf\u00e9 de especialidad con el r\u00e9cord de su caf\u00e9 Geisha\",\"datePublished\":\"2025-01-15T08:30:27+00:00\",\"mainEntityOfPage\":{\"@id\":\"https:\\\/\\\/www.visitcentroamerica.com\\\/sala-prensa\\\/otros\\\/panama-lider-mundial-en-cafe-de-especialidad-con-el-record-de-su-cafe-geisha\\\/\"},\"wordCount\":397,\"commentCount\":0,\"image\":{\"@id\":\"https:\\\/\\\/www.visitcentroamerica.com\\\/sala-prensa\\\/otros\\\/panama-lider-mundial-en-cafe-de-especialidad-con-el-record-de-su-cafe-geisha\\\/#primaryimage\"},\"thumbnailUrl\":\"https:\\\/\\\/www.visitcentroamerica.com\\\/sala-prensa\\\/wp-content\\\/uploads\\\/2025\\\/01\\\/Sin-titulo-1024-x-600-px-7.png\",\"articleSection\":[\"Otros\"],\"inLanguage\":\"es\",\"potentialAction\":[{\"@type\":\"CommentAction\",\"name\":\"Comment\",\"target\":[\"https:\\\/\\\/www.visitcentroamerica.com\\\/sala-prensa\\\/otros\\\/panama-lider-mundial-en-cafe-de-especialidad-con-el-record-de-su-cafe-geisha\\\/#respond\"]}]},{\"@type\":\"WebPage\",\"@id\":\"https:\\\/\\\/www.visitcentroamerica.com\\\/sala-prensa\\\/otros\\\/panama-lider-mundial-en-cafe-de-especialidad-con-el-record-de-su-cafe-geisha\\\/\",\"url\":\"https:\\\/\\\/www.visitcentroamerica.com\\\/sala-prensa\\\/otros\\\/panama-lider-mundial-en-cafe-de-especialidad-con-el-record-de-su-cafe-geisha\\\/\",\"name\":\"Panam\u00e1, l\u00edder mundial en caf\u00e9 de especialidad con el r\u00e9cord de su caf\u00e9 Geisha - Sala de prensa\",\"isPartOf\":{\"@id\":\"https:\\\/\\\/www.visitcentroamerica.com\\\/sala-prensa\\\/#website\"},\"primaryImageOfPage\":{\"@id\":\"https:\\\/\\\/www.visitcentroamerica.com\\\/sala-prensa\\\/otros\\\/panama-lider-mundial-en-cafe-de-especialidad-con-el-record-de-su-cafe-geisha\\\/#primaryimage\"},\"image\":{\"@id\":\"https:\\\/\\\/www.visitcentroamerica.com\\\/sala-prensa\\\/otros\\\/panama-lider-mundial-en-cafe-de-especialidad-con-el-record-de-su-cafe-geisha\\\/#primaryimage\"},\"thumbnailUrl\":\"https:\\\/\\\/www.visitcentroamerica.com\\\/sala-prensa\\\/wp-content\\\/uploads\\\/2025\\\/01\\\/Sin-titulo-1024-x-600-px-7.png\",\"datePublished\":\"2025-01-15T08:30:27+00:00\",\"author\":{\"@id\":\"https:\\\/\\\/www.visitcentroamerica.com\\\/sala-prensa\\\/#\\\/schema\\\/person\\\/0aa3bd0dbaabaead6089ee3dd0cd7ae5\"},\"breadcrumb\":{\"@id\":\"https:\\\/\\\/www.visitcentroamerica.com\\\/sala-prensa\\\/otros\\\/panama-lider-mundial-en-cafe-de-especialidad-con-el-record-de-su-cafe-geisha\\\/#breadcrumb\"},\"inLanguage\":\"es\",\"potentialAction\":[{\"@type\":\"ReadAction\",\"target\":[\"https:\\\/\\\/www.visitcentroamerica.com\\\/sala-prensa\\\/otros\\\/panama-lider-mundial-en-cafe-de-especialidad-con-el-record-de-su-cafe-geisha\\\/\"]}]},{\"@type\":\"ImageObject\",\"inLanguage\":\"es\",\"@id\":\"https:\\\/\\\/www.visitcentroamerica.com\\\/sala-prensa\\\/otros\\\/panama-lider-mundial-en-cafe-de-especialidad-con-el-record-de-su-cafe-geisha\\\/#primaryimage\",\"url\":\"https:\\\/\\\/www.visitcentroamerica.com\\\/sala-prensa\\\/wp-content\\\/uploads\\\/2025\\\/01\\\/Sin-titulo-1024-x-600-px-7.png\",\"contentUrl\":\"https:\\\/\\\/www.visitcentroamerica.com\\\/sala-prensa\\\/wp-content\\\/uploads\\\/2025\\\/01\\\/Sin-titulo-1024-x-600-px-7.png\",\"width\":1024,\"height\":600,\"caption\":\"Caf\u00e9 Geisha, Panama\"},{\"@type\":\"BreadcrumbList\",\"@id\":\"https:\\\/\\\/www.visitcentroamerica.com\\\/sala-prensa\\\/otros\\\/panama-lider-mundial-en-cafe-de-especialidad-con-el-record-de-su-cafe-geisha\\\/#breadcrumb\",\"itemListElement\":[{\"@type\":\"ListItem\",\"position\":1,\"name\":\"Portada\",\"item\":\"https:\\\/\\\/www.visitcentroamerica.com\\\/sala-prensa\\\/\"},{\"@type\":\"ListItem\",\"position\":2,\"name\":\"Panam\u00e1, l\u00edder mundial en caf\u00e9 de especialidad con el r\u00e9cord de su caf\u00e9 Geisha\"}]},{\"@type\":\"WebSite\",\"@id\":\"https:\\\/\\\/www.visitcentroamerica.com\\\/sala-prensa\\\/#website\",\"url\":\"https:\\\/\\\/www.visitcentroamerica.com\\\/sala-prensa\\\/\",\"name\":\"Sala de prensa\",\"description\":\"\",\"potentialAction\":[{\"@type\":\"SearchAction\",\"target\":{\"@type\":\"EntryPoint\",\"urlTemplate\":\"https:\\\/\\\/www.visitcentroamerica.com\\\/sala-prensa\\\/?s={search_term_string}\"},\"query-input\":{\"@type\":\"PropertyValueSpecification\",\"valueRequired\":true,\"valueName\":\"search_term_string\"}}],\"inLanguage\":\"es\"},{\"@type\":\"Person\",\"@id\":\"https:\\\/\\\/www.visitcentroamerica.com\\\/sala-prensa\\\/#\\\/schema\\\/person\\\/0aa3bd0dbaabaead6089ee3dd0cd7ae5\",\"name\":\"Denis Alvarado\",\"image\":{\"@type\":\"ImageObject\",\"inLanguage\":\"es\",\"@id\":\"https:\\\/\\\/secure.gravatar.com\\\/avatar\\\/c31f0697f6edb7c68d5dedc2ccbd548d2a9f73aa293e81c6a1425229ec4c9135?s=96&d=mm&r=g\",\"url\":\"https:\\\/\\\/secure.gravatar.com\\\/avatar\\\/c31f0697f6edb7c68d5dedc2ccbd548d2a9f73aa293e81c6a1425229ec4c9135?s=96&d=mm&r=g\",\"contentUrl\":\"https:\\\/\\\/secure.gravatar.com\\\/avatar\\\/c31f0697f6edb7c68d5dedc2ccbd548d2a9f73aa293e81c6a1425229ec4c9135?s=96&d=mm&r=g\",\"caption\":\"Denis Alvarado\"},\"url\":\"https:\\\/\\\/www.visitcentroamerica.com\\\/sala-prensa\\\/author\\\/denis\\\/\"}]}<\/script>\n<!-- \/ Yoast SEO plugin. -->","yoast_head_json":{"title":"Panam\u00e1, l\u00edder mundial en caf\u00e9 de especialidad con el r\u00e9cord de su caf\u00e9 Geisha - Sala de prensa","robots":{"index":"index","follow":"follow","max-snippet":"max-snippet:-1","max-image-preview":"max-image-preview:large","max-video-preview":"max-video-preview:-1"},"canonical":"https:\/\/www.visitcentroamerica.com\/sala-prensa\/otros\/panama-lider-mundial-en-cafe-de-especialidad-con-el-record-de-su-cafe-geisha\/","og_locale":"es_ES","og_type":"article","og_title":"Panam\u00e1, l\u00edder mundial en caf\u00e9 de especialidad con el r\u00e9cord de su caf\u00e9 Geisha - Sala de prensa","og_description":"Hace apenas 20 a\u00f1os, la relaci\u00f3n entre Panam\u00e1 y el caf\u00e9 no era evidente en el mercado internacional. Sin embargo, en 2004, en la subasta del evento \u201cBest of Panama\u201d, el mundo descubri\u00f3 el caf\u00e9 Geisha. Desde entonces, Panam\u00e1 emergi\u00f3 como uno de los principales pa\u00edses productores de caf\u00e9 de especialidad, cautivando a tostadores y [&hellip;]","og_url":"https:\/\/www.visitcentroamerica.com\/sala-prensa\/otros\/panama-lider-mundial-en-cafe-de-especialidad-con-el-record-de-su-cafe-geisha\/","og_site_name":"Sala de prensa","article_published_time":"2025-01-15T08:30:27+00:00","og_image":[{"width":1024,"height":600,"url":"https:\/\/www.visitcentroamerica.com\/sala-prensa\/wp-content\/uploads\/2025\/01\/Sin-titulo-1024-x-600-px-7.png","type":"image\/png"}],"author":"Denis Alvarado","twitter_card":"summary_large_image","twitter_misc":{"Escrito por":"Denis Alvarado","Tiempo de lectura":"2 minutos"},"schema":{"@context":"https:\/\/schema.org","@graph":[{"@type":"Article","@id":"https:\/\/www.visitcentroamerica.com\/sala-prensa\/otros\/panama-lider-mundial-en-cafe-de-especialidad-con-el-record-de-su-cafe-geisha\/#article","isPartOf":{"@id":"https:\/\/www.visitcentroamerica.com\/sala-prensa\/otros\/panama-lider-mundial-en-cafe-de-especialidad-con-el-record-de-su-cafe-geisha\/"},"author":{"name":"Denis Alvarado","@id":"https:\/\/www.visitcentroamerica.com\/sala-prensa\/#\/schema\/person\/0aa3bd0dbaabaead6089ee3dd0cd7ae5"},"headline":"Panam\u00e1, l\u00edder mundial en caf\u00e9 de especialidad con el r\u00e9cord de su caf\u00e9 Geisha","datePublished":"2025-01-15T08:30:27+00:00","mainEntityOfPage":{"@id":"https:\/\/www.visitcentroamerica.com\/sala-prensa\/otros\/panama-lider-mundial-en-cafe-de-especialidad-con-el-record-de-su-cafe-geisha\/"},"wordCount":397,"commentCount":0,"image":{"@id":"https:\/\/www.visitcentroamerica.com\/sala-prensa\/otros\/panama-lider-mundial-en-cafe-de-especialidad-con-el-record-de-su-cafe-geisha\/#primaryimage"},"thumbnailUrl":"https:\/\/www.visitcentroamerica.com\/sala-prensa\/wp-content\/uploads\/2025\/01\/Sin-titulo-1024-x-600-px-7.png","articleSection":["Otros"],"inLanguage":"es","potentialAction":[{"@type":"CommentAction","name":"Comment","target":["https:\/\/www.visitcentroamerica.com\/sala-prensa\/otros\/panama-lider-mundial-en-cafe-de-especialidad-con-el-record-de-su-cafe-geisha\/#respond"]}]},{"@type":"WebPage","@id":"https:\/\/www.visitcentroamerica.com\/sala-prensa\/otros\/panama-lider-mundial-en-cafe-de-especialidad-con-el-record-de-su-cafe-geisha\/","url":"https:\/\/www.visitcentroamerica.com\/sala-prensa\/otros\/panama-lider-mundial-en-cafe-de-especialidad-con-el-record-de-su-cafe-geisha\/","name":"Panam\u00e1, l\u00edder mundial en caf\u00e9 de especialidad con el r\u00e9cord de su caf\u00e9 Geisha - Sala de prensa","isPartOf":{"@id":"https:\/\/www.visitcentroamerica.com\/sala-prensa\/#website"},"primaryImageOfPage":{"@id":"https:\/\/www.visitcentroamerica.com\/sala-prensa\/otros\/panama-lider-mundial-en-cafe-de-especialidad-con-el-record-de-su-cafe-geisha\/#primaryimage"},"image":{"@id":"https:\/\/www.visitcentroamerica.com\/sala-prensa\/otros\/panama-lider-mundial-en-cafe-de-especialidad-con-el-record-de-su-cafe-geisha\/#primaryimage"},"thumbnailUrl":"https:\/\/www.visitcentroamerica.com\/sala-prensa\/wp-content\/uploads\/2025\/01\/Sin-titulo-1024-x-600-px-7.png","datePublished":"2025-01-15T08:30:27+00:00","author":{"@id":"https:\/\/www.visitcentroamerica.com\/sala-prensa\/#\/schema\/person\/0aa3bd0dbaabaead6089ee3dd0cd7ae5"},"breadcrumb":{"@id":"https:\/\/www.visitcentroamerica.com\/sala-prensa\/otros\/panama-lider-mundial-en-cafe-de-especialidad-con-el-record-de-su-cafe-geisha\/#breadcrumb"},"inLanguage":"es","potentialAction":[{"@type":"ReadAction","target":["https:\/\/www.visitcentroamerica.com\/sala-prensa\/otros\/panama-lider-mundial-en-cafe-de-especialidad-con-el-record-de-su-cafe-geisha\/"]}]},{"@type":"ImageObject","inLanguage":"es","@id":"https:\/\/www.visitcentroamerica.com\/sala-prensa\/otros\/panama-lider-mundial-en-cafe-de-especialidad-con-el-record-de-su-cafe-geisha\/#primaryimage","url":"https:\/\/www.visitcentroamerica.com\/sala-prensa\/wp-content\/uploads\/2025\/01\/Sin-titulo-1024-x-600-px-7.png","contentUrl":"https:\/\/www.visitcentroamerica.com\/sala-prensa\/wp-content\/uploads\/2025\/01\/Sin-titulo-1024-x-600-px-7.png","width":1024,"height":600,"caption":"Caf\u00e9 Geisha, Panama"},{"@type":"BreadcrumbList","@id":"https:\/\/www.visitcentroamerica.com\/sala-prensa\/otros\/panama-lider-mundial-en-cafe-de-especialidad-con-el-record-de-su-cafe-geisha\/#breadcrumb","itemListElement":[{"@type":"ListItem","position":1,"name":"Portada","item":"https:\/\/www.visitcentroamerica.com\/sala-prensa\/"},{"@type":"ListItem","position":2,"name":"Panam\u00e1, l\u00edder mundial en caf\u00e9 de especialidad con el r\u00e9cord de su caf\u00e9 Geisha"}]},{"@type":"WebSite","@id":"https:\/\/www.visitcentroamerica.com\/sala-prensa\/#website","url":"https:\/\/www.visitcentroamerica.com\/sala-prensa\/","name":"Sala de prensa","description":"","potentialAction":[{"@type":"SearchAction","target":{"@type":"EntryPoint","urlTemplate":"https:\/\/www.visitcentroamerica.com\/sala-prensa\/?s={search_term_string}"},"query-input":{"@type":"PropertyValueSpecification","valueRequired":true,"valueName":"search_term_string"}}],"inLanguage":"es"},{"@type":"Person","@id":"https:\/\/www.visitcentroamerica.com\/sala-prensa\/#\/schema\/person\/0aa3bd0dbaabaead6089ee3dd0cd7ae5","name":"Denis Alvarado","image":{"@type":"ImageObject","inLanguage":"es","@id":"https:\/\/secure.gravatar.com\/avatar\/c31f0697f6edb7c68d5dedc2ccbd548d2a9f73aa293e81c6a1425229ec4c9135?s=96&d=mm&r=g","url":"https:\/\/secure.gravatar.com\/avatar\/c31f0697f6edb7c68d5dedc2ccbd548d2a9f73aa293e81c6a1425229ec4c9135?s=96&d=mm&r=g","contentUrl":"https:\/\/secure.gravatar.com\/avatar\/c31f0697f6edb7c68d5dedc2ccbd548d2a9f73aa293e81c6a1425229ec4c9135?s=96&d=mm&r=g","caption":"Denis Alvarado"},"url":"https:\/\/www.visitcentroamerica.com\/sala-prensa\/author\/denis\/"}]}},"_links":{"self":[{"href":"https:\/\/www.visitcentroamerica.com\/sala-prensa\/wp-json\/wp\/v2\/posts\/15717","targetHints":{"allow":["GET"]}}],"collection":[{"href":"https:\/\/www.visitcentroamerica.com\/sala-prensa\/wp-json\/wp\/v2\/posts"}],"about":[{"href":"https:\/\/www.visitcentroamerica.com\/sala-prensa\/wp-json\/wp\/v2\/types\/post"}],"author":[{"embeddable":true,"href":"https:\/\/www.visitcentroamerica.com\/sala-prensa\/wp-json\/wp\/v2\/users\/5"}],"replies":[{"embeddable":true,"href":"https:\/\/www.visitcentroamerica.com\/sala-prensa\/wp-json\/wp\/v2\/comments?post=15717"}],"version-history":[{"count":2,"href":"https:\/\/www.visitcentroamerica.com\/sala-prensa\/wp-json\/wp\/v2\/posts\/15717\/revisions"}],"predecessor-version":[{"id":15723,"href":"https:\/\/www.visitcentroamerica.com\/sala-prensa\/wp-json\/wp\/v2\/posts\/15717\/revisions\/15723"}],"wp:featuredmedia":[{"embeddable":true,"href":"https:\/\/www.visitcentroamerica.com\/sala-prensa\/wp-json\/wp\/v2\/media\/15720"}],"wp:attachment":[{"href":"https:\/\/www.visitcentroamerica.com\/sala-prensa\/wp-json\/wp\/v2\/media?parent=15717"}],"wp:term":[{"taxonomy":"category","embeddable":true,"href":"https:\/\/www.visitcentroamerica.com\/sala-prensa\/wp-json\/wp\/v2\/categories?post=15717"},{"taxonomy":"post_tag","embeddable":true,"href":"https:\/\/www.visitcentroamerica.com\/sala-prensa\/wp-json\/wp\/v2\/tags?post=15717"}],"curies":[{"name":"wp","href":"https:\/\/api.w.org\/{rel}","templated":true}]}}