{"id":15708,"date":"2025-01-13T16:45:29","date_gmt":"2025-01-13T15:45:29","guid":{"rendered":"https:\/\/www.visitcentroamerica.com\/sala-prensa\/?p=15708"},"modified":"2025-01-13T16:46:09","modified_gmt":"2025-01-13T15:46:09","slug":"15708","status":"publish","type":"post","link":"https:\/\/www.visitcentroamerica.com\/sala-prensa\/otros\/15708\/","title":{"rendered":"La industria tur\u00edstica de Belice bate r\u00e9cords en 2024"},"content":{"rendered":"<p><img loading=\"lazy\" decoding=\"async\" class=\"alignnone wp-image-15709 size-full\" src=\"https:\/\/www.visitcentroamerica.com\/sala-prensa\/wp-content\/uploads\/2025\/01\/Sin-titulo-1024-x-600-px-4.png\" alt=\"\" width=\"1024\" height=\"600\" srcset=\"https:\/\/www.visitcentroamerica.com\/sala-prensa\/wp-content\/uploads\/2025\/01\/Sin-titulo-1024-x-600-px-4.png 1024w, https:\/\/www.visitcentroamerica.com\/sala-prensa\/wp-content\/uploads\/2025\/01\/Sin-titulo-1024-x-600-px-4-300x176.png 300w, https:\/\/www.visitcentroamerica.com\/sala-prensa\/wp-content\/uploads\/2025\/01\/Sin-titulo-1024-x-600-px-4-768x450.png 768w, https:\/\/www.visitcentroamerica.com\/sala-prensa\/wp-content\/uploads\/2025\/01\/Sin-titulo-1024-x-600-px-4-717x420.png 717w, https:\/\/www.visitcentroamerica.com\/sala-prensa\/wp-content\/uploads\/2025\/01\/Sin-titulo-1024-x-600-px-4-696x408.png 696w, https:\/\/www.visitcentroamerica.com\/sala-prensa\/wp-content\/uploads\/2025\/01\/Sin-titulo-1024-x-600-px-4-500x293.png 500w\" sizes=\"auto, (max-width: 1024px) 100vw, 1024px\" \/><\/p>\n<p>El sector tur\u00edstico de Belice ha alcanzado un hito hist\u00f3rico en 2024, superando los niveles prepand\u00e9micos de llegadas de visitantes que pernoctan y marcando una recuperaci\u00f3n triunfal. Las cifras preliminares muestran que Belice dio la bienvenida a 562.405 visitantes que pernoctaron en 2024, un impresionante aumento del 21% con respecto a 2023 y un crecimiento del 11,8% en comparaci\u00f3n con 2019, que hab\u00eda sido anteriormente el a\u00f1o de referencia para el turismo.<\/p>\n<p>Este notable logro es el resultado de los esfuerzos colectivos de toda la industria tur\u00edstica de Belice, desde los proveedores de servicios y los operadores hasta el apoyo estrat\u00e9gico del gobierno. Once de los doce meses de 2024 registraron un mayor n\u00famero de llegadas de pernoctaciones que en 2019, siendo marzo el mes m\u00e1s activo, con 69 202 visitantes. Esto refleja el creciente atractivo de Belice como destino de visita obligada para los viajeros que buscan experiencias aut\u00e9nticas y belleza natural.<\/p>\n<p>Ahora que Belice celebra este logro, la atenci\u00f3n se centra en mantener y consolidar este \u00e9xito en 2025. Con el creciente inter\u00e9s mundial por Belice, abundan las oportunidades para mejorar a\u00fan m\u00e1s la experiencia de los visitantes. La Oficina de Turismo de Belice (BTB) se mantiene firme en su compromiso de promover iniciativas de turismo sostenible, preservar el extraordinario patrimonio natural y cultural del pa\u00eds y elevar la calidad de los servicios ofrecidos a los viajeros.<\/p>\n<p>Desde las playas v\u00edrgenes y la barrera de coral de Belice hasta las exuberantes selvas tropicales y los antiguos yacimientos mayas, Belice sigue cautivando a los visitantes con sus diversos atractivos. Junto con la calidez y hospitalidad de los belice\u00f1os, el pa\u00eds sigue siendo un destino destacado para aventureros, entusiastas de la cultura y viajeros ecol\u00f3gicos por igual.<\/p>\n<p>La BTB extiende su m\u00e1s sincero agradecimiento a todas las partes interesadas en el turismo por su dedicaci\u00f3n y resistencia. Este logro es un testimonio de los esfuerzos colectivos de operadores tur\u00edsticos, hoteleros, proveedores de transporte y todos los que contribuyen al \u00e9xito tur\u00edstico de Belice. El compromiso de estos socios ha ayudado a posicionar a Belice como un destino de categor\u00eda mundial, manteniendo al mismo tiempo su autenticidad y encanto.<\/p>\n<p>Con el impulso adquirido en 2024, el futuro de la industria tur\u00edstica de Belice brilla m\u00e1s que nunca. A medida que el pa\u00eds sigue innovando y ampliando su oferta, est\u00e1 preparado para atraer a\u00fan m\u00e1s visitantes en 2025. Al fomentar la colaboraci\u00f3n y adoptar pr\u00e1cticas tur\u00edsticas sostenibles, Belice se asegura de que su crecimiento sea significativo y duradero.<\/p>\n<p>Belice espera dar la bienvenida a m\u00e1s viajeros para que experimenten las maravillas de este extraordinario destino. Desde sus aguas cristalinas hasta sus vibrantes tradiciones culturales, Belice ofrece un viaje sin igual a todos los que lo visitan. El a\u00f1o r\u00e9cord de 2024 es s\u00f3lo el comienzo de lo que promete ser un cap\u00edtulo a\u00fan m\u00e1s emocionante en la historia del turismo de Belice.<\/p>\n","protected":false},"excerpt":{"rendered":"<p>El sector tur\u00edstico de Belice ha alcanzado un hito hist\u00f3rico en 2024, superando los niveles prepand\u00e9micos de llegadas de visitantes que pernoctan y marcando una recuperaci\u00f3n triunfal. Las cifras preliminares muestran que Belice dio la bienvenida a 562.405 visitantes que pernoctaron en 2024, un impresionante aumento del 21% con respecto a 2023 y un crecimiento [&hellip;]<\/p>\n","protected":false},"author":5,"featured_media":15709,"comment_status":"open","ping_status":"closed","sticky":false,"template":"","format":"standard","meta":{"footnotes":""},"categories":[1],"tags":[],"class_list":{"0":"post-15708","1":"post","2":"type-post","3":"status-publish","4":"format-standard","5":"has-post-thumbnail","7":"category-otros"},"yoast_head":"<!-- This site is optimized with the Yoast SEO plugin v27.3 - https:\/\/yoast.com\/product\/yoast-seo-wordpress\/ -->\n<title>La industria tur\u00edstica de Belice bate r\u00e9cords en 2024 - Sala de prensa<\/title>\n<meta name=\"robots\" content=\"index, follow, max-snippet:-1, max-image-preview:large, max-video-preview:-1\" \/>\n<link rel=\"canonical\" href=\"https:\/\/www.visitcentroamerica.com\/sala-prensa\/otros\/15708\/\" \/>\n<meta property=\"og:locale\" content=\"es_ES\" \/>\n<meta property=\"og:type\" content=\"article\" \/>\n<meta property=\"og:title\" content=\"La industria tur\u00edstica de Belice bate r\u00e9cords en 2024 - Sala de prensa\" \/>\n<meta property=\"og:description\" content=\"El sector tur\u00edstico de Belice ha alcanzado un hito hist\u00f3rico en 2024, superando los niveles prepand\u00e9micos de llegadas de visitantes que pernoctan y marcando una recuperaci\u00f3n triunfal. Las cifras preliminares muestran que Belice dio la bienvenida a 562.405 visitantes que pernoctaron en 2024, un impresionante aumento del 21% con respecto a 2023 y un crecimiento [&hellip;]\" \/>\n<meta property=\"og:url\" content=\"https:\/\/www.visitcentroamerica.com\/sala-prensa\/otros\/15708\/\" \/>\n<meta property=\"og:site_name\" content=\"Sala de prensa\" \/>\n<meta property=\"article:published_time\" content=\"2025-01-13T15:45:29+00:00\" \/>\n<meta property=\"article:modified_time\" content=\"2025-01-13T15:46:09+00:00\" \/>\n<meta property=\"og:image\" content=\"https:\/\/www.visitcentroamerica.com\/sala-prensa\/wp-content\/uploads\/2025\/01\/Sin-titulo-1024-x-600-px-4.png\" \/>\n\t<meta property=\"og:image:width\" content=\"1024\" \/>\n\t<meta property=\"og:image:height\" content=\"600\" \/>\n\t<meta property=\"og:image:type\" content=\"image\/png\" \/>\n<meta name=\"author\" content=\"Denis Alvarado\" \/>\n<meta name=\"twitter:card\" content=\"summary_large_image\" \/>\n<meta name=\"twitter:label1\" content=\"Escrito por\" \/>\n\t<meta name=\"twitter:data1\" content=\"Denis Alvarado\" \/>\n\t<meta name=\"twitter:label2\" content=\"Tiempo de lectura\" \/>\n\t<meta name=\"twitter:data2\" content=\"3 minutos\" \/>\n<script type=\"application\/ld+json\" class=\"yoast-schema-graph\">{\"@context\":\"https:\\\/\\\/schema.org\",\"@graph\":[{\"@type\":\"Article\",\"@id\":\"https:\\\/\\\/www.visitcentroamerica.com\\\/sala-prensa\\\/otros\\\/15708\\\/#article\",\"isPartOf\":{\"@id\":\"https:\\\/\\\/www.visitcentroamerica.com\\\/sala-prensa\\\/otros\\\/15708\\\/\"},\"author\":{\"name\":\"Denis Alvarado\",\"@id\":\"https:\\\/\\\/www.visitcentroamerica.com\\\/sala-prensa\\\/#\\\/schema\\\/person\\\/0aa3bd0dbaabaead6089ee3dd0cd7ae5\"},\"headline\":\"La industria tur\u00edstica de Belice bate r\u00e9cords en 2024\",\"datePublished\":\"2025-01-13T15:45:29+00:00\",\"dateModified\":\"2025-01-13T15:46:09+00:00\",\"mainEntityOfPage\":{\"@id\":\"https:\\\/\\\/www.visitcentroamerica.com\\\/sala-prensa\\\/otros\\\/15708\\\/\"},\"wordCount\":516,\"commentCount\":0,\"image\":{\"@id\":\"https:\\\/\\\/www.visitcentroamerica.com\\\/sala-prensa\\\/otros\\\/15708\\\/#primaryimage\"},\"thumbnailUrl\":\"https:\\\/\\\/www.visitcentroamerica.com\\\/sala-prensa\\\/wp-content\\\/uploads\\\/2025\\\/01\\\/Sin-titulo-1024-x-600-px-4.png\",\"articleSection\":[\"Otros\"],\"inLanguage\":\"es\",\"potentialAction\":[{\"@type\":\"CommentAction\",\"name\":\"Comment\",\"target\":[\"https:\\\/\\\/www.visitcentroamerica.com\\\/sala-prensa\\\/otros\\\/15708\\\/#respond\"]}]},{\"@type\":\"WebPage\",\"@id\":\"https:\\\/\\\/www.visitcentroamerica.com\\\/sala-prensa\\\/otros\\\/15708\\\/\",\"url\":\"https:\\\/\\\/www.visitcentroamerica.com\\\/sala-prensa\\\/otros\\\/15708\\\/\",\"name\":\"La industria tur\u00edstica de Belice bate r\u00e9cords en 2024 - Sala de prensa\",\"isPartOf\":{\"@id\":\"https:\\\/\\\/www.visitcentroamerica.com\\\/sala-prensa\\\/#website\"},\"primaryImageOfPage\":{\"@id\":\"https:\\\/\\\/www.visitcentroamerica.com\\\/sala-prensa\\\/otros\\\/15708\\\/#primaryimage\"},\"image\":{\"@id\":\"https:\\\/\\\/www.visitcentroamerica.com\\\/sala-prensa\\\/otros\\\/15708\\\/#primaryimage\"},\"thumbnailUrl\":\"https:\\\/\\\/www.visitcentroamerica.com\\\/sala-prensa\\\/wp-content\\\/uploads\\\/2025\\\/01\\\/Sin-titulo-1024-x-600-px-4.png\",\"datePublished\":\"2025-01-13T15:45:29+00:00\",\"dateModified\":\"2025-01-13T15:46:09+00:00\",\"author\":{\"@id\":\"https:\\\/\\\/www.visitcentroamerica.com\\\/sala-prensa\\\/#\\\/schema\\\/person\\\/0aa3bd0dbaabaead6089ee3dd0cd7ae5\"},\"breadcrumb\":{\"@id\":\"https:\\\/\\\/www.visitcentroamerica.com\\\/sala-prensa\\\/otros\\\/15708\\\/#breadcrumb\"},\"inLanguage\":\"es\",\"potentialAction\":[{\"@type\":\"ReadAction\",\"target\":[\"https:\\\/\\\/www.visitcentroamerica.com\\\/sala-prensa\\\/otros\\\/15708\\\/\"]}]},{\"@type\":\"ImageObject\",\"inLanguage\":\"es\",\"@id\":\"https:\\\/\\\/www.visitcentroamerica.com\\\/sala-prensa\\\/otros\\\/15708\\\/#primaryimage\",\"url\":\"https:\\\/\\\/www.visitcentroamerica.com\\\/sala-prensa\\\/wp-content\\\/uploads\\\/2025\\\/01\\\/Sin-titulo-1024-x-600-px-4.png\",\"contentUrl\":\"https:\\\/\\\/www.visitcentroamerica.com\\\/sala-prensa\\\/wp-content\\\/uploads\\\/2025\\\/01\\\/Sin-titulo-1024-x-600-px-4.png\",\"width\":1024,\"height\":600},{\"@type\":\"BreadcrumbList\",\"@id\":\"https:\\\/\\\/www.visitcentroamerica.com\\\/sala-prensa\\\/otros\\\/15708\\\/#breadcrumb\",\"itemListElement\":[{\"@type\":\"ListItem\",\"position\":1,\"name\":\"Portada\",\"item\":\"https:\\\/\\\/www.visitcentroamerica.com\\\/sala-prensa\\\/\"},{\"@type\":\"ListItem\",\"position\":2,\"name\":\"La industria tur\u00edstica de Belice bate r\u00e9cords en 2024\"}]},{\"@type\":\"WebSite\",\"@id\":\"https:\\\/\\\/www.visitcentroamerica.com\\\/sala-prensa\\\/#website\",\"url\":\"https:\\\/\\\/www.visitcentroamerica.com\\\/sala-prensa\\\/\",\"name\":\"Sala de prensa\",\"description\":\"\",\"potentialAction\":[{\"@type\":\"SearchAction\",\"target\":{\"@type\":\"EntryPoint\",\"urlTemplate\":\"https:\\\/\\\/www.visitcentroamerica.com\\\/sala-prensa\\\/?s={search_term_string}\"},\"query-input\":{\"@type\":\"PropertyValueSpecification\",\"valueRequired\":true,\"valueName\":\"search_term_string\"}}],\"inLanguage\":\"es\"},{\"@type\":\"Person\",\"@id\":\"https:\\\/\\\/www.visitcentroamerica.com\\\/sala-prensa\\\/#\\\/schema\\\/person\\\/0aa3bd0dbaabaead6089ee3dd0cd7ae5\",\"name\":\"Denis Alvarado\",\"image\":{\"@type\":\"ImageObject\",\"inLanguage\":\"es\",\"@id\":\"https:\\\/\\\/secure.gravatar.com\\\/avatar\\\/c31f0697f6edb7c68d5dedc2ccbd548d2a9f73aa293e81c6a1425229ec4c9135?s=96&d=mm&r=g\",\"url\":\"https:\\\/\\\/secure.gravatar.com\\\/avatar\\\/c31f0697f6edb7c68d5dedc2ccbd548d2a9f73aa293e81c6a1425229ec4c9135?s=96&d=mm&r=g\",\"contentUrl\":\"https:\\\/\\\/secure.gravatar.com\\\/avatar\\\/c31f0697f6edb7c68d5dedc2ccbd548d2a9f73aa293e81c6a1425229ec4c9135?s=96&d=mm&r=g\",\"caption\":\"Denis Alvarado\"},\"url\":\"https:\\\/\\\/www.visitcentroamerica.com\\\/sala-prensa\\\/author\\\/denis\\\/\"}]}<\/script>\n<!-- \/ Yoast SEO plugin. -->","yoast_head_json":{"title":"La industria tur\u00edstica de Belice bate r\u00e9cords en 2024 - Sala de prensa","robots":{"index":"index","follow":"follow","max-snippet":"max-snippet:-1","max-image-preview":"max-image-preview:large","max-video-preview":"max-video-preview:-1"},"canonical":"https:\/\/www.visitcentroamerica.com\/sala-prensa\/otros\/15708\/","og_locale":"es_ES","og_type":"article","og_title":"La industria tur\u00edstica de Belice bate r\u00e9cords en 2024 - Sala de prensa","og_description":"El sector tur\u00edstico de Belice ha alcanzado un hito hist\u00f3rico en 2024, superando los niveles prepand\u00e9micos de llegadas de visitantes que pernoctan y marcando una recuperaci\u00f3n triunfal. Las cifras preliminares muestran que Belice dio la bienvenida a 562.405 visitantes que pernoctaron en 2024, un impresionante aumento del 21% con respecto a 2023 y un crecimiento [&hellip;]","og_url":"https:\/\/www.visitcentroamerica.com\/sala-prensa\/otros\/15708\/","og_site_name":"Sala de prensa","article_published_time":"2025-01-13T15:45:29+00:00","article_modified_time":"2025-01-13T15:46:09+00:00","og_image":[{"width":1024,"height":600,"url":"https:\/\/www.visitcentroamerica.com\/sala-prensa\/wp-content\/uploads\/2025\/01\/Sin-titulo-1024-x-600-px-4.png","type":"image\/png"}],"author":"Denis Alvarado","twitter_card":"summary_large_image","twitter_misc":{"Escrito por":"Denis Alvarado","Tiempo de lectura":"3 minutos"},"schema":{"@context":"https:\/\/schema.org","@graph":[{"@type":"Article","@id":"https:\/\/www.visitcentroamerica.com\/sala-prensa\/otros\/15708\/#article","isPartOf":{"@id":"https:\/\/www.visitcentroamerica.com\/sala-prensa\/otros\/15708\/"},"author":{"name":"Denis Alvarado","@id":"https:\/\/www.visitcentroamerica.com\/sala-prensa\/#\/schema\/person\/0aa3bd0dbaabaead6089ee3dd0cd7ae5"},"headline":"La industria tur\u00edstica de Belice bate r\u00e9cords en 2024","datePublished":"2025-01-13T15:45:29+00:00","dateModified":"2025-01-13T15:46:09+00:00","mainEntityOfPage":{"@id":"https:\/\/www.visitcentroamerica.com\/sala-prensa\/otros\/15708\/"},"wordCount":516,"commentCount":0,"image":{"@id":"https:\/\/www.visitcentroamerica.com\/sala-prensa\/otros\/15708\/#primaryimage"},"thumbnailUrl":"https:\/\/www.visitcentroamerica.com\/sala-prensa\/wp-content\/uploads\/2025\/01\/Sin-titulo-1024-x-600-px-4.png","articleSection":["Otros"],"inLanguage":"es","potentialAction":[{"@type":"CommentAction","name":"Comment","target":["https:\/\/www.visitcentroamerica.com\/sala-prensa\/otros\/15708\/#respond"]}]},{"@type":"WebPage","@id":"https:\/\/www.visitcentroamerica.com\/sala-prensa\/otros\/15708\/","url":"https:\/\/www.visitcentroamerica.com\/sala-prensa\/otros\/15708\/","name":"La industria tur\u00edstica de Belice bate r\u00e9cords en 2024 - Sala de prensa","isPartOf":{"@id":"https:\/\/www.visitcentroamerica.com\/sala-prensa\/#website"},"primaryImageOfPage":{"@id":"https:\/\/www.visitcentroamerica.com\/sala-prensa\/otros\/15708\/#primaryimage"},"image":{"@id":"https:\/\/www.visitcentroamerica.com\/sala-prensa\/otros\/15708\/#primaryimage"},"thumbnailUrl":"https:\/\/www.visitcentroamerica.com\/sala-prensa\/wp-content\/uploads\/2025\/01\/Sin-titulo-1024-x-600-px-4.png","datePublished":"2025-01-13T15:45:29+00:00","dateModified":"2025-01-13T15:46:09+00:00","author":{"@id":"https:\/\/www.visitcentroamerica.com\/sala-prensa\/#\/schema\/person\/0aa3bd0dbaabaead6089ee3dd0cd7ae5"},"breadcrumb":{"@id":"https:\/\/www.visitcentroamerica.com\/sala-prensa\/otros\/15708\/#breadcrumb"},"inLanguage":"es","potentialAction":[{"@type":"ReadAction","target":["https:\/\/www.visitcentroamerica.com\/sala-prensa\/otros\/15708\/"]}]},{"@type":"ImageObject","inLanguage":"es","@id":"https:\/\/www.visitcentroamerica.com\/sala-prensa\/otros\/15708\/#primaryimage","url":"https:\/\/www.visitcentroamerica.com\/sala-prensa\/wp-content\/uploads\/2025\/01\/Sin-titulo-1024-x-600-px-4.png","contentUrl":"https:\/\/www.visitcentroamerica.com\/sala-prensa\/wp-content\/uploads\/2025\/01\/Sin-titulo-1024-x-600-px-4.png","width":1024,"height":600},{"@type":"BreadcrumbList","@id":"https:\/\/www.visitcentroamerica.com\/sala-prensa\/otros\/15708\/#breadcrumb","itemListElement":[{"@type":"ListItem","position":1,"name":"Portada","item":"https:\/\/www.visitcentroamerica.com\/sala-prensa\/"},{"@type":"ListItem","position":2,"name":"La industria tur\u00edstica de Belice bate r\u00e9cords en 2024"}]},{"@type":"WebSite","@id":"https:\/\/www.visitcentroamerica.com\/sala-prensa\/#website","url":"https:\/\/www.visitcentroamerica.com\/sala-prensa\/","name":"Sala de prensa","description":"","potentialAction":[{"@type":"SearchAction","target":{"@type":"EntryPoint","urlTemplate":"https:\/\/www.visitcentroamerica.com\/sala-prensa\/?s={search_term_string}"},"query-input":{"@type":"PropertyValueSpecification","valueRequired":true,"valueName":"search_term_string"}}],"inLanguage":"es"},{"@type":"Person","@id":"https:\/\/www.visitcentroamerica.com\/sala-prensa\/#\/schema\/person\/0aa3bd0dbaabaead6089ee3dd0cd7ae5","name":"Denis Alvarado","image":{"@type":"ImageObject","inLanguage":"es","@id":"https:\/\/secure.gravatar.com\/avatar\/c31f0697f6edb7c68d5dedc2ccbd548d2a9f73aa293e81c6a1425229ec4c9135?s=96&d=mm&r=g","url":"https:\/\/secure.gravatar.com\/avatar\/c31f0697f6edb7c68d5dedc2ccbd548d2a9f73aa293e81c6a1425229ec4c9135?s=96&d=mm&r=g","contentUrl":"https:\/\/secure.gravatar.com\/avatar\/c31f0697f6edb7c68d5dedc2ccbd548d2a9f73aa293e81c6a1425229ec4c9135?s=96&d=mm&r=g","caption":"Denis Alvarado"},"url":"https:\/\/www.visitcentroamerica.com\/sala-prensa\/author\/denis\/"}]}},"_links":{"self":[{"href":"https:\/\/www.visitcentroamerica.com\/sala-prensa\/wp-json\/wp\/v2\/posts\/15708","targetHints":{"allow":["GET"]}}],"collection":[{"href":"https:\/\/www.visitcentroamerica.com\/sala-prensa\/wp-json\/wp\/v2\/posts"}],"about":[{"href":"https:\/\/www.visitcentroamerica.com\/sala-prensa\/wp-json\/wp\/v2\/types\/post"}],"author":[{"embeddable":true,"href":"https:\/\/www.visitcentroamerica.com\/sala-prensa\/wp-json\/wp\/v2\/users\/5"}],"replies":[{"embeddable":true,"href":"https:\/\/www.visitcentroamerica.com\/sala-prensa\/wp-json\/wp\/v2\/comments?post=15708"}],"version-history":[{"count":2,"href":"https:\/\/www.visitcentroamerica.com\/sala-prensa\/wp-json\/wp\/v2\/posts\/15708\/revisions"}],"predecessor-version":[{"id":15712,"href":"https:\/\/www.visitcentroamerica.com\/sala-prensa\/wp-json\/wp\/v2\/posts\/15708\/revisions\/15712"}],"wp:featuredmedia":[{"embeddable":true,"href":"https:\/\/www.visitcentroamerica.com\/sala-prensa\/wp-json\/wp\/v2\/media\/15709"}],"wp:attachment":[{"href":"https:\/\/www.visitcentroamerica.com\/sala-prensa\/wp-json\/wp\/v2\/media?parent=15708"}],"wp:term":[{"taxonomy":"category","embeddable":true,"href":"https:\/\/www.visitcentroamerica.com\/sala-prensa\/wp-json\/wp\/v2\/categories?post=15708"},{"taxonomy":"post_tag","embeddable":true,"href":"https:\/\/www.visitcentroamerica.com\/sala-prensa\/wp-json\/wp\/v2\/tags?post=15708"}],"curies":[{"name":"wp","href":"https:\/\/api.w.org\/{rel}","templated":true}]}}