{"id":15702,"date":"2025-01-13T16:11:39","date_gmt":"2025-01-13T15:11:39","guid":{"rendered":"https:\/\/www.visitcentroamerica.com\/sala-prensa\/?p=15702"},"modified":"2025-01-13T16:11:39","modified_gmt":"2025-01-13T15:11:39","slug":"centroamerica-un-viaje-por-el-legado-y-misticismo-de-la-civilizacion-maya","status":"publish","type":"post","link":"https:\/\/www.visitcentroamerica.com\/sala-prensa\/otros\/centroamerica-un-viaje-por-el-legado-y-misticismo-de-la-civilizacion-maya\/","title":{"rendered":"Centroam\u00e9rica, un viaje por el legado y misticismo  de la civilizaci\u00f3n Maya"},"content":{"rendered":"<p><img loading=\"lazy\" decoding=\"async\" class=\"alignnone wp-image-15705 size-full\" src=\"https:\/\/www.visitcentroamerica.com\/sala-prensa\/wp-content\/uploads\/2025\/01\/Sin-titulo-1024-x-600-px-3.png\" alt=\"\" width=\"1024\" height=\"600\" srcset=\"https:\/\/www.visitcentroamerica.com\/sala-prensa\/wp-content\/uploads\/2025\/01\/Sin-titulo-1024-x-600-px-3.png 1024w, https:\/\/www.visitcentroamerica.com\/sala-prensa\/wp-content\/uploads\/2025\/01\/Sin-titulo-1024-x-600-px-3-300x176.png 300w, https:\/\/www.visitcentroamerica.com\/sala-prensa\/wp-content\/uploads\/2025\/01\/Sin-titulo-1024-x-600-px-3-768x450.png 768w, https:\/\/www.visitcentroamerica.com\/sala-prensa\/wp-content\/uploads\/2025\/01\/Sin-titulo-1024-x-600-px-3-717x420.png 717w, https:\/\/www.visitcentroamerica.com\/sala-prensa\/wp-content\/uploads\/2025\/01\/Sin-titulo-1024-x-600-px-3-696x408.png 696w, https:\/\/www.visitcentroamerica.com\/sala-prensa\/wp-content\/uploads\/2025\/01\/Sin-titulo-1024-x-600-px-3-500x293.png 500w\" sizes=\"auto, (max-width: 1024px) 100vw, 1024px\" \/><\/p>\n<p><span style=\"font-weight: 400\">Centroam\u00e9rica alberga uno de los patrimonios culturales m\u00e1s importantes de la humanidad: la civilizaci\u00f3n maya. Este legado es palpable en cuatro pa\u00edses de la regi\u00f3n: Guatemala, Belice, Honduras y El Salvador, donde se encuentran sitios arqueol\u00f3gicos clave que ofrecen una profunda comprensi\u00f3n de la historia, cultura y tradiciones de esta antigua civilizaci\u00f3n. Ante el creciente inter\u00e9s internacional en experiencias culturales y arqueol\u00f3gicas, el Mundo Maya se presenta como un destino de gran relevancia para los exploradores modernos.\u00a0\u00a0<\/span><\/p>\n<p><b>Guatemala: el coraz\u00f3n del mundo maya<\/b><\/p>\n<p><span style=\"font-weight: 400\">Conocida como el epicentro cultural del Mundo Maya, Guatemala es hogar de la ic\u00f3nica ciudad de Tikal, ubicada en el departamento de Pet\u00e9n. Este extenso sitio arqueol\u00f3gico destaca por su tama\u00f1o y complejidad, con aproximadamente 5,000 estructuras en 16 kil\u00f3metros cuadrados, de las cuales solo un peque\u00f1o porcentaje ha sido restaurado. La UNESCO lo reconoci\u00f3 en 1979 como el primer Patrimonio Mundial Cultural y Natural, debido tanto a sus tesoros arqueol\u00f3gicos como a su biodiversidad, que incluye vastas \u00e1reas de selva tropical y diversas especies de flora y fauna<\/span><\/p>\n<p><b>Belice: misticismo y naturaleza en Xunantunich<\/b><\/p>\n<p><span style=\"font-weight: 400\">Este pa\u00eds, ubicado en la costa norte de Centroam\u00e9rica, resguarda uno de los sitios arqueol\u00f3gicos m\u00e1s fascinantes de la cultura milnearia: Xunantunich. Este lugar es famoso por su pir\u00e1mide \u201cEl Castillo,\u201d la segunda estructura m\u00e1s alta del pa\u00eds. Su nombre, que significa \u00abmujer de piedra,\u00bb est\u00e1 rodeado de mitos y leyendas, ofreciendo a los visitantes una experiencia enriquecida por el entorno natural, ya que fue construida cerca de la ribera del r\u00edo Mop\u00e1n. Xunantunich se encuentra cerca de la frontera con Guatemala, lo que facilita el acceso y permite a los viajeros explorar un sitio \u00fanico en un entorno de gran belleza natural.<\/span><\/p>\n<p><b>Honduras: la elegancia de Cop\u00e1n<\/b><\/p>\n<p><span style=\"font-weight: 400\">Al occidente de Honduras, las ruinas de Cop\u00e1n representan uno de los ejemplos m\u00e1s complejos de arquitectura y escultura maya. Este sitio, reconocido por la UNESCO en 1980 como Patrimonio de la Humanidad, ha sido denominado \u00abel Par\u00eds del mundo maya,\u00bb gracias a la riqueza art\u00edstica y detallada planificaci\u00f3n urbana de sus templos y plazas. Cop\u00e1n ofrece a los visitantes una visi\u00f3n clara del desarrollo cultural y art\u00edstico de la civilizaci\u00f3n maya, presentando un testimonio de la vida social y ceremonial de la \u00e9poca.<br \/>\n<\/span><\/p>\n<p><b>El Salvador: una mirada a la vida cotidiana de los mayas<\/b><\/p>\n<p><span style=\"font-weight: 400\">El Salvador tambi\u00e9n contribuye al legado maya con sitios \u00fanicos como Joya de Cer\u00e9n y Tazumal. Joya de Cer\u00e9n, conocido como \u00abLa Pompeya de Am\u00e9rica,\u00bb es un asentamiento que permite observar detalles de la vida cotidiana maya gracias a su notable conservaci\u00f3n bajo cenizas volc\u00e1nicas. Este sitio, declarado Patrimonio de la Humanidad en 1993, es un testimonio v\u00edvido de c\u00f3mo viv\u00edan los habitantes mayas en su entorno. Por su parte, Tazumal ofrece otra perspectiva de la arquitectura ceremonial y civil de la civilizaci\u00f3n, con estructuras que datan de aproximadamente 100 d.C. hasta el 1200 d.C., permitiendo conocer la evoluci\u00f3n de un importante centro de intercambio en la regi\u00f3n.<\/span><\/p>\n<p><span style=\"font-weight: 400\">La Ruta del Mundo Maya en Centroam\u00e9rica representa un viaje \u00fanico a trav\u00e9s del legado cultural y arqueol\u00f3gico de una de las civilizaciones m\u00e1s influyentes de la historia. Desde las majestuosas ruinas de Tikal en Guatemala hasta los m\u00edsticos vestigios de Cop\u00e1n en Honduras, cada pa\u00eds ofrece una ventana al pasado, con tesoros que reflejan la sofisticaci\u00f3n y el ingenio de los pueblos mayas.\u00a0<\/span><\/p>\n<p><span style=\"font-weight: 400\">Belice, con su vasta red de sitios a\u00fan en exploraci\u00f3n, y El Salvador, con emblem\u00e1ticos asentamientos como Joya de Cer\u00e9n, proporcionan una visi\u00f3n \u00edntima de la vida cotidiana y espiritual de esta civilizaci\u00f3n milenaria. Esta ruta es una invitaci\u00f3n abierta a viajeros y estudiosos del mundo, quienes encontrar\u00e1n en Centroam\u00e9rica no solo una riqueza hist\u00f3rica incomparable, sino tambi\u00e9n un testimonio de la diversidad cultural y natural que distingue a la regi\u00f3n en el \u00e1mbito global.<\/span><\/p>\n","protected":false},"excerpt":{"rendered":"<p>Centroam\u00e9rica alberga uno de los patrimonios culturales m\u00e1s importantes de la humanidad: la civilizaci\u00f3n maya. Este legado es palpable en cuatro pa\u00edses de la regi\u00f3n: Guatemala, Belice, Honduras y El Salvador, donde se encuentran sitios arqueol\u00f3gicos clave que ofrecen una profunda comprensi\u00f3n de la historia, cultura y tradiciones de esta antigua civilizaci\u00f3n. Ante el creciente [&hellip;]<\/p>\n","protected":false},"author":5,"featured_media":15705,"comment_status":"open","ping_status":"closed","sticky":false,"template":"","format":"standard","meta":{"footnotes":""},"categories":[1],"tags":[],"class_list":{"0":"post-15702","1":"post","2":"type-post","3":"status-publish","4":"format-standard","5":"has-post-thumbnail","7":"category-otros"},"yoast_head":"<!-- This site is optimized with the Yoast SEO plugin v27.3 - https:\/\/yoast.com\/product\/yoast-seo-wordpress\/ -->\n<title>Centroam\u00e9rica, un viaje por el legado y misticismo de la civilizaci\u00f3n Maya - Sala de prensa<\/title>\n<meta name=\"robots\" content=\"index, follow, max-snippet:-1, max-image-preview:large, max-video-preview:-1\" \/>\n<link rel=\"canonical\" href=\"https:\/\/www.visitcentroamerica.com\/sala-prensa\/otros\/centroamerica-un-viaje-por-el-legado-y-misticismo-de-la-civilizacion-maya\/\" \/>\n<meta property=\"og:locale\" content=\"es_ES\" \/>\n<meta property=\"og:type\" content=\"article\" \/>\n<meta property=\"og:title\" content=\"Centroam\u00e9rica, un viaje por el legado y misticismo de la civilizaci\u00f3n Maya - Sala de prensa\" \/>\n<meta property=\"og:description\" content=\"Centroam\u00e9rica alberga uno de los patrimonios culturales m\u00e1s importantes de la humanidad: la civilizaci\u00f3n maya. Este legado es palpable en cuatro pa\u00edses de la regi\u00f3n: Guatemala, Belice, Honduras y El Salvador, donde se encuentran sitios arqueol\u00f3gicos clave que ofrecen una profunda comprensi\u00f3n de la historia, cultura y tradiciones de esta antigua civilizaci\u00f3n. Ante el creciente [&hellip;]\" \/>\n<meta property=\"og:url\" content=\"https:\/\/www.visitcentroamerica.com\/sala-prensa\/otros\/centroamerica-un-viaje-por-el-legado-y-misticismo-de-la-civilizacion-maya\/\" \/>\n<meta property=\"og:site_name\" content=\"Sala de prensa\" \/>\n<meta property=\"article:published_time\" content=\"2025-01-13T15:11:39+00:00\" \/>\n<meta property=\"og:image\" content=\"https:\/\/www.visitcentroamerica.com\/sala-prensa\/wp-content\/uploads\/2025\/01\/Sin-titulo-1024-x-600-px-3.png\" \/>\n\t<meta property=\"og:image:width\" content=\"1024\" \/>\n\t<meta property=\"og:image:height\" content=\"600\" \/>\n\t<meta property=\"og:image:type\" content=\"image\/png\" \/>\n<meta name=\"author\" content=\"Denis Alvarado\" \/>\n<meta name=\"twitter:card\" content=\"summary_large_image\" \/>\n<meta name=\"twitter:label1\" content=\"Escrito por\" \/>\n\t<meta name=\"twitter:data1\" content=\"Denis Alvarado\" \/>\n\t<meta name=\"twitter:label2\" content=\"Tiempo de lectura\" \/>\n\t<meta name=\"twitter:data2\" content=\"4 minutos\" \/>\n<script type=\"application\/ld+json\" class=\"yoast-schema-graph\">{\"@context\":\"https:\\\/\\\/schema.org\",\"@graph\":[{\"@type\":\"Article\",\"@id\":\"https:\\\/\\\/www.visitcentroamerica.com\\\/sala-prensa\\\/otros\\\/centroamerica-un-viaje-por-el-legado-y-misticismo-de-la-civilizacion-maya\\\/#article\",\"isPartOf\":{\"@id\":\"https:\\\/\\\/www.visitcentroamerica.com\\\/sala-prensa\\\/otros\\\/centroamerica-un-viaje-por-el-legado-y-misticismo-de-la-civilizacion-maya\\\/\"},\"author\":{\"name\":\"Denis Alvarado\",\"@id\":\"https:\\\/\\\/www.visitcentroamerica.com\\\/sala-prensa\\\/#\\\/schema\\\/person\\\/0aa3bd0dbaabaead6089ee3dd0cd7ae5\"},\"headline\":\"Centroam\u00e9rica, un viaje por el legado y misticismo de la civilizaci\u00f3n Maya\",\"datePublished\":\"2025-01-13T15:11:39+00:00\",\"mainEntityOfPage\":{\"@id\":\"https:\\\/\\\/www.visitcentroamerica.com\\\/sala-prensa\\\/otros\\\/centroamerica-un-viaje-por-el-legado-y-misticismo-de-la-civilizacion-maya\\\/\"},\"wordCount\":706,\"commentCount\":0,\"image\":{\"@id\":\"https:\\\/\\\/www.visitcentroamerica.com\\\/sala-prensa\\\/otros\\\/centroamerica-un-viaje-por-el-legado-y-misticismo-de-la-civilizacion-maya\\\/#primaryimage\"},\"thumbnailUrl\":\"https:\\\/\\\/www.visitcentroamerica.com\\\/sala-prensa\\\/wp-content\\\/uploads\\\/2025\\\/01\\\/Sin-titulo-1024-x-600-px-3.png\",\"articleSection\":[\"Otros\"],\"inLanguage\":\"es\",\"potentialAction\":[{\"@type\":\"CommentAction\",\"name\":\"Comment\",\"target\":[\"https:\\\/\\\/www.visitcentroamerica.com\\\/sala-prensa\\\/otros\\\/centroamerica-un-viaje-por-el-legado-y-misticismo-de-la-civilizacion-maya\\\/#respond\"]}]},{\"@type\":\"WebPage\",\"@id\":\"https:\\\/\\\/www.visitcentroamerica.com\\\/sala-prensa\\\/otros\\\/centroamerica-un-viaje-por-el-legado-y-misticismo-de-la-civilizacion-maya\\\/\",\"url\":\"https:\\\/\\\/www.visitcentroamerica.com\\\/sala-prensa\\\/otros\\\/centroamerica-un-viaje-por-el-legado-y-misticismo-de-la-civilizacion-maya\\\/\",\"name\":\"Centroam\u00e9rica, un viaje por el legado y misticismo de la civilizaci\u00f3n Maya - Sala de prensa\",\"isPartOf\":{\"@id\":\"https:\\\/\\\/www.visitcentroamerica.com\\\/sala-prensa\\\/#website\"},\"primaryImageOfPage\":{\"@id\":\"https:\\\/\\\/www.visitcentroamerica.com\\\/sala-prensa\\\/otros\\\/centroamerica-un-viaje-por-el-legado-y-misticismo-de-la-civilizacion-maya\\\/#primaryimage\"},\"image\":{\"@id\":\"https:\\\/\\\/www.visitcentroamerica.com\\\/sala-prensa\\\/otros\\\/centroamerica-un-viaje-por-el-legado-y-misticismo-de-la-civilizacion-maya\\\/#primaryimage\"},\"thumbnailUrl\":\"https:\\\/\\\/www.visitcentroamerica.com\\\/sala-prensa\\\/wp-content\\\/uploads\\\/2025\\\/01\\\/Sin-titulo-1024-x-600-px-3.png\",\"datePublished\":\"2025-01-13T15:11:39+00:00\",\"author\":{\"@id\":\"https:\\\/\\\/www.visitcentroamerica.com\\\/sala-prensa\\\/#\\\/schema\\\/person\\\/0aa3bd0dbaabaead6089ee3dd0cd7ae5\"},\"breadcrumb\":{\"@id\":\"https:\\\/\\\/www.visitcentroamerica.com\\\/sala-prensa\\\/otros\\\/centroamerica-un-viaje-por-el-legado-y-misticismo-de-la-civilizacion-maya\\\/#breadcrumb\"},\"inLanguage\":\"es\",\"potentialAction\":[{\"@type\":\"ReadAction\",\"target\":[\"https:\\\/\\\/www.visitcentroamerica.com\\\/sala-prensa\\\/otros\\\/centroamerica-un-viaje-por-el-legado-y-misticismo-de-la-civilizacion-maya\\\/\"]}]},{\"@type\":\"ImageObject\",\"inLanguage\":\"es\",\"@id\":\"https:\\\/\\\/www.visitcentroamerica.com\\\/sala-prensa\\\/otros\\\/centroamerica-un-viaje-por-el-legado-y-misticismo-de-la-civilizacion-maya\\\/#primaryimage\",\"url\":\"https:\\\/\\\/www.visitcentroamerica.com\\\/sala-prensa\\\/wp-content\\\/uploads\\\/2025\\\/01\\\/Sin-titulo-1024-x-600-px-3.png\",\"contentUrl\":\"https:\\\/\\\/www.visitcentroamerica.com\\\/sala-prensa\\\/wp-content\\\/uploads\\\/2025\\\/01\\\/Sin-titulo-1024-x-600-px-3.png\",\"width\":1024,\"height\":600},{\"@type\":\"BreadcrumbList\",\"@id\":\"https:\\\/\\\/www.visitcentroamerica.com\\\/sala-prensa\\\/otros\\\/centroamerica-un-viaje-por-el-legado-y-misticismo-de-la-civilizacion-maya\\\/#breadcrumb\",\"itemListElement\":[{\"@type\":\"ListItem\",\"position\":1,\"name\":\"Portada\",\"item\":\"https:\\\/\\\/www.visitcentroamerica.com\\\/sala-prensa\\\/\"},{\"@type\":\"ListItem\",\"position\":2,\"name\":\"Centroam\u00e9rica, un viaje por el legado y misticismo de la civilizaci\u00f3n Maya\"}]},{\"@type\":\"WebSite\",\"@id\":\"https:\\\/\\\/www.visitcentroamerica.com\\\/sala-prensa\\\/#website\",\"url\":\"https:\\\/\\\/www.visitcentroamerica.com\\\/sala-prensa\\\/\",\"name\":\"Sala de prensa\",\"description\":\"\",\"potentialAction\":[{\"@type\":\"SearchAction\",\"target\":{\"@type\":\"EntryPoint\",\"urlTemplate\":\"https:\\\/\\\/www.visitcentroamerica.com\\\/sala-prensa\\\/?s={search_term_string}\"},\"query-input\":{\"@type\":\"PropertyValueSpecification\",\"valueRequired\":true,\"valueName\":\"search_term_string\"}}],\"inLanguage\":\"es\"},{\"@type\":\"Person\",\"@id\":\"https:\\\/\\\/www.visitcentroamerica.com\\\/sala-prensa\\\/#\\\/schema\\\/person\\\/0aa3bd0dbaabaead6089ee3dd0cd7ae5\",\"name\":\"Denis Alvarado\",\"image\":{\"@type\":\"ImageObject\",\"inLanguage\":\"es\",\"@id\":\"https:\\\/\\\/secure.gravatar.com\\\/avatar\\\/c31f0697f6edb7c68d5dedc2ccbd548d2a9f73aa293e81c6a1425229ec4c9135?s=96&d=mm&r=g\",\"url\":\"https:\\\/\\\/secure.gravatar.com\\\/avatar\\\/c31f0697f6edb7c68d5dedc2ccbd548d2a9f73aa293e81c6a1425229ec4c9135?s=96&d=mm&r=g\",\"contentUrl\":\"https:\\\/\\\/secure.gravatar.com\\\/avatar\\\/c31f0697f6edb7c68d5dedc2ccbd548d2a9f73aa293e81c6a1425229ec4c9135?s=96&d=mm&r=g\",\"caption\":\"Denis Alvarado\"},\"url\":\"https:\\\/\\\/www.visitcentroamerica.com\\\/sala-prensa\\\/author\\\/denis\\\/\"}]}<\/script>\n<!-- \/ Yoast SEO plugin. -->","yoast_head_json":{"title":"Centroam\u00e9rica, un viaje por el legado y misticismo de la civilizaci\u00f3n Maya - Sala de prensa","robots":{"index":"index","follow":"follow","max-snippet":"max-snippet:-1","max-image-preview":"max-image-preview:large","max-video-preview":"max-video-preview:-1"},"canonical":"https:\/\/www.visitcentroamerica.com\/sala-prensa\/otros\/centroamerica-un-viaje-por-el-legado-y-misticismo-de-la-civilizacion-maya\/","og_locale":"es_ES","og_type":"article","og_title":"Centroam\u00e9rica, un viaje por el legado y misticismo de la civilizaci\u00f3n Maya - Sala de prensa","og_description":"Centroam\u00e9rica alberga uno de los patrimonios culturales m\u00e1s importantes de la humanidad: la civilizaci\u00f3n maya. Este legado es palpable en cuatro pa\u00edses de la regi\u00f3n: Guatemala, Belice, Honduras y El Salvador, donde se encuentran sitios arqueol\u00f3gicos clave que ofrecen una profunda comprensi\u00f3n de la historia, cultura y tradiciones de esta antigua civilizaci\u00f3n. Ante el creciente [&hellip;]","og_url":"https:\/\/www.visitcentroamerica.com\/sala-prensa\/otros\/centroamerica-un-viaje-por-el-legado-y-misticismo-de-la-civilizacion-maya\/","og_site_name":"Sala de prensa","article_published_time":"2025-01-13T15:11:39+00:00","og_image":[{"width":1024,"height":600,"url":"https:\/\/www.visitcentroamerica.com\/sala-prensa\/wp-content\/uploads\/2025\/01\/Sin-titulo-1024-x-600-px-3.png","type":"image\/png"}],"author":"Denis Alvarado","twitter_card":"summary_large_image","twitter_misc":{"Escrito por":"Denis Alvarado","Tiempo de lectura":"4 minutos"},"schema":{"@context":"https:\/\/schema.org","@graph":[{"@type":"Article","@id":"https:\/\/www.visitcentroamerica.com\/sala-prensa\/otros\/centroamerica-un-viaje-por-el-legado-y-misticismo-de-la-civilizacion-maya\/#article","isPartOf":{"@id":"https:\/\/www.visitcentroamerica.com\/sala-prensa\/otros\/centroamerica-un-viaje-por-el-legado-y-misticismo-de-la-civilizacion-maya\/"},"author":{"name":"Denis Alvarado","@id":"https:\/\/www.visitcentroamerica.com\/sala-prensa\/#\/schema\/person\/0aa3bd0dbaabaead6089ee3dd0cd7ae5"},"headline":"Centroam\u00e9rica, un viaje por el legado y misticismo de la civilizaci\u00f3n Maya","datePublished":"2025-01-13T15:11:39+00:00","mainEntityOfPage":{"@id":"https:\/\/www.visitcentroamerica.com\/sala-prensa\/otros\/centroamerica-un-viaje-por-el-legado-y-misticismo-de-la-civilizacion-maya\/"},"wordCount":706,"commentCount":0,"image":{"@id":"https:\/\/www.visitcentroamerica.com\/sala-prensa\/otros\/centroamerica-un-viaje-por-el-legado-y-misticismo-de-la-civilizacion-maya\/#primaryimage"},"thumbnailUrl":"https:\/\/www.visitcentroamerica.com\/sala-prensa\/wp-content\/uploads\/2025\/01\/Sin-titulo-1024-x-600-px-3.png","articleSection":["Otros"],"inLanguage":"es","potentialAction":[{"@type":"CommentAction","name":"Comment","target":["https:\/\/www.visitcentroamerica.com\/sala-prensa\/otros\/centroamerica-un-viaje-por-el-legado-y-misticismo-de-la-civilizacion-maya\/#respond"]}]},{"@type":"WebPage","@id":"https:\/\/www.visitcentroamerica.com\/sala-prensa\/otros\/centroamerica-un-viaje-por-el-legado-y-misticismo-de-la-civilizacion-maya\/","url":"https:\/\/www.visitcentroamerica.com\/sala-prensa\/otros\/centroamerica-un-viaje-por-el-legado-y-misticismo-de-la-civilizacion-maya\/","name":"Centroam\u00e9rica, un viaje por el legado y misticismo de la civilizaci\u00f3n Maya - Sala de prensa","isPartOf":{"@id":"https:\/\/www.visitcentroamerica.com\/sala-prensa\/#website"},"primaryImageOfPage":{"@id":"https:\/\/www.visitcentroamerica.com\/sala-prensa\/otros\/centroamerica-un-viaje-por-el-legado-y-misticismo-de-la-civilizacion-maya\/#primaryimage"},"image":{"@id":"https:\/\/www.visitcentroamerica.com\/sala-prensa\/otros\/centroamerica-un-viaje-por-el-legado-y-misticismo-de-la-civilizacion-maya\/#primaryimage"},"thumbnailUrl":"https:\/\/www.visitcentroamerica.com\/sala-prensa\/wp-content\/uploads\/2025\/01\/Sin-titulo-1024-x-600-px-3.png","datePublished":"2025-01-13T15:11:39+00:00","author":{"@id":"https:\/\/www.visitcentroamerica.com\/sala-prensa\/#\/schema\/person\/0aa3bd0dbaabaead6089ee3dd0cd7ae5"},"breadcrumb":{"@id":"https:\/\/www.visitcentroamerica.com\/sala-prensa\/otros\/centroamerica-un-viaje-por-el-legado-y-misticismo-de-la-civilizacion-maya\/#breadcrumb"},"inLanguage":"es","potentialAction":[{"@type":"ReadAction","target":["https:\/\/www.visitcentroamerica.com\/sala-prensa\/otros\/centroamerica-un-viaje-por-el-legado-y-misticismo-de-la-civilizacion-maya\/"]}]},{"@type":"ImageObject","inLanguage":"es","@id":"https:\/\/www.visitcentroamerica.com\/sala-prensa\/otros\/centroamerica-un-viaje-por-el-legado-y-misticismo-de-la-civilizacion-maya\/#primaryimage","url":"https:\/\/www.visitcentroamerica.com\/sala-prensa\/wp-content\/uploads\/2025\/01\/Sin-titulo-1024-x-600-px-3.png","contentUrl":"https:\/\/www.visitcentroamerica.com\/sala-prensa\/wp-content\/uploads\/2025\/01\/Sin-titulo-1024-x-600-px-3.png","width":1024,"height":600},{"@type":"BreadcrumbList","@id":"https:\/\/www.visitcentroamerica.com\/sala-prensa\/otros\/centroamerica-un-viaje-por-el-legado-y-misticismo-de-la-civilizacion-maya\/#breadcrumb","itemListElement":[{"@type":"ListItem","position":1,"name":"Portada","item":"https:\/\/www.visitcentroamerica.com\/sala-prensa\/"},{"@type":"ListItem","position":2,"name":"Centroam\u00e9rica, un viaje por el legado y misticismo de la civilizaci\u00f3n Maya"}]},{"@type":"WebSite","@id":"https:\/\/www.visitcentroamerica.com\/sala-prensa\/#website","url":"https:\/\/www.visitcentroamerica.com\/sala-prensa\/","name":"Sala de prensa","description":"","potentialAction":[{"@type":"SearchAction","target":{"@type":"EntryPoint","urlTemplate":"https:\/\/www.visitcentroamerica.com\/sala-prensa\/?s={search_term_string}"},"query-input":{"@type":"PropertyValueSpecification","valueRequired":true,"valueName":"search_term_string"}}],"inLanguage":"es"},{"@type":"Person","@id":"https:\/\/www.visitcentroamerica.com\/sala-prensa\/#\/schema\/person\/0aa3bd0dbaabaead6089ee3dd0cd7ae5","name":"Denis Alvarado","image":{"@type":"ImageObject","inLanguage":"es","@id":"https:\/\/secure.gravatar.com\/avatar\/c31f0697f6edb7c68d5dedc2ccbd548d2a9f73aa293e81c6a1425229ec4c9135?s=96&d=mm&r=g","url":"https:\/\/secure.gravatar.com\/avatar\/c31f0697f6edb7c68d5dedc2ccbd548d2a9f73aa293e81c6a1425229ec4c9135?s=96&d=mm&r=g","contentUrl":"https:\/\/secure.gravatar.com\/avatar\/c31f0697f6edb7c68d5dedc2ccbd548d2a9f73aa293e81c6a1425229ec4c9135?s=96&d=mm&r=g","caption":"Denis Alvarado"},"url":"https:\/\/www.visitcentroamerica.com\/sala-prensa\/author\/denis\/"}]}},"_links":{"self":[{"href":"https:\/\/www.visitcentroamerica.com\/sala-prensa\/wp-json\/wp\/v2\/posts\/15702","targetHints":{"allow":["GET"]}}],"collection":[{"href":"https:\/\/www.visitcentroamerica.com\/sala-prensa\/wp-json\/wp\/v2\/posts"}],"about":[{"href":"https:\/\/www.visitcentroamerica.com\/sala-prensa\/wp-json\/wp\/v2\/types\/post"}],"author":[{"embeddable":true,"href":"https:\/\/www.visitcentroamerica.com\/sala-prensa\/wp-json\/wp\/v2\/users\/5"}],"replies":[{"embeddable":true,"href":"https:\/\/www.visitcentroamerica.com\/sala-prensa\/wp-json\/wp\/v2\/comments?post=15702"}],"version-history":[{"count":1,"href":"https:\/\/www.visitcentroamerica.com\/sala-prensa\/wp-json\/wp\/v2\/posts\/15702\/revisions"}],"predecessor-version":[{"id":15707,"href":"https:\/\/www.visitcentroamerica.com\/sala-prensa\/wp-json\/wp\/v2\/posts\/15702\/revisions\/15707"}],"wp:featuredmedia":[{"embeddable":true,"href":"https:\/\/www.visitcentroamerica.com\/sala-prensa\/wp-json\/wp\/v2\/media\/15705"}],"wp:attachment":[{"href":"https:\/\/www.visitcentroamerica.com\/sala-prensa\/wp-json\/wp\/v2\/media?parent=15702"}],"wp:term":[{"taxonomy":"category","embeddable":true,"href":"https:\/\/www.visitcentroamerica.com\/sala-prensa\/wp-json\/wp\/v2\/categories?post=15702"},{"taxonomy":"post_tag","embeddable":true,"href":"https:\/\/www.visitcentroamerica.com\/sala-prensa\/wp-json\/wp\/v2\/tags?post=15702"}],"curies":[{"name":"wp","href":"https:\/\/api.w.org\/{rel}","templated":true}]}}