{"id":15687,"date":"2025-01-08T22:20:04","date_gmt":"2025-01-08T21:20:04","guid":{"rendered":"https:\/\/www.visitcentroamerica.com\/sala-prensa\/?p=15687"},"modified":"2025-02-05T21:11:51","modified_gmt":"2025-02-05T20:11:51","slug":"centroamerica-refuerza-la-conectividad-aerea-desde-europa-para-atraer-mas-turistas","status":"publish","type":"post","link":"https:\/\/www.visitcentroamerica.com\/sala-prensa\/otros\/centroamerica-refuerza-la-conectividad-aerea-desde-europa-para-atraer-mas-turistas\/","title":{"rendered":"Centroam\u00e9rica refuerza la conectividad a\u00e9rea desde Europa para atraer m\u00e1s turistas"},"content":{"rendered":"<p><img loading=\"lazy\" decoding=\"async\" class=\"alignnone wp-image-15688 size-full\" src=\"https:\/\/www.visitcentroamerica.com\/sala-prensa\/wp-content\/uploads\/2025\/01\/Sin-titulo-1024-x-600-px.png\" alt=\"\" width=\"1024\" height=\"600\" srcset=\"https:\/\/www.visitcentroamerica.com\/sala-prensa\/wp-content\/uploads\/2025\/01\/Sin-titulo-1024-x-600-px.png 1024w, https:\/\/www.visitcentroamerica.com\/sala-prensa\/wp-content\/uploads\/2025\/01\/Sin-titulo-1024-x-600-px-300x176.png 300w, https:\/\/www.visitcentroamerica.com\/sala-prensa\/wp-content\/uploads\/2025\/01\/Sin-titulo-1024-x-600-px-768x450.png 768w, https:\/\/www.visitcentroamerica.com\/sala-prensa\/wp-content\/uploads\/2025\/01\/Sin-titulo-1024-x-600-px-717x420.png 717w, https:\/\/www.visitcentroamerica.com\/sala-prensa\/wp-content\/uploads\/2025\/01\/Sin-titulo-1024-x-600-px-696x408.png 696w, https:\/\/www.visitcentroamerica.com\/sala-prensa\/wp-content\/uploads\/2025\/01\/Sin-titulo-1024-x-600-px-500x293.png 500w\" sizes=\"auto, (max-width: 1024px) 100vw, 1024px\" \/><\/p>\n<p>Centroam\u00e9rica contin\u00faa consolidando su posici\u00f3n como un destino atractivo y accesible para el mercado europeo, gracias a una expansi\u00f3n significativa en la conectividad a\u00e9rea directa y con escalas desde ciudades clave de Europa, especialmente desde Madrid y Londres. Las aerol\u00edneas internacionales han incrementado las opciones de vuelos hacia pa\u00edses de la regi\u00f3n, facilitando el acceso de turistas que buscan explorar los encantos culturales, naturales y gastron\u00f3micos que ofrece esta regi\u00f3n.<\/p>\n<p>AIRFRANCE ha reforzado sus servicios con dos vuelos directos desde Madrid a San Jos\u00e9, Costa Rica, y cuatro vuelos adicionales con escalas en M\u00e9xico y Estados Unidos, ofreciendo as\u00ed una conectividad variada. Adem\u00e1s, la aerol\u00ednea cuenta con vuelos directos y con escalas al Aeropuerto Internacional de Tocumen en Panam\u00e1, y vuelos con escalas hacia Guatemala, conectando a los viajeros con diversos destinos de la regi\u00f3n centroamericana.<\/p>\n<p>Air Europa tambi\u00e9n apuesta por el mercado centroamericano, con vuelos sin escalas desde Madrid hacia el Aeropuerto Internacional de Tocumen en Panam\u00e1, y una conexi\u00f3n semanal directa a Santo Domingo, Rep\u00fablica Dominicana, as\u00ed como dos vuelos semanales a San Pedro Sula, Honduras, expandiendo las posibilidades para los turistas europeos de disfrutar de la oferta regional.<\/p>\n<p>Por su parte, British Airways operar\u00e1 vuelos directos entre Londres Gatwick y el Aeropuerto Internacional Juan Santamar\u00eda de Costa Rica tres veces por semana durante la temporada de noviembre a marzo, una opci\u00f3n esperada por los turistas brit\u00e1nicos y europeos que buscan escapar del invierno hacia el tr\u00f3pico centroamericano.<\/p>\n<p>Iberia, como una de las aerol\u00edneas m\u00e1s consolidadas en la regi\u00f3n, ofrece vuelos diarios a Guatemala, El Salvador, Panam\u00e1 y Rep\u00fablica Dominicana, permitiendo conexiones diarias y de gran conveniencia para los viajeros que desean explorar m\u00e1s de un destino en la regi\u00f3n.<\/p>\n<p>Finalmente, Avianca ha dise\u00f1ado una oferta de vuelos de temporada entre San Salvador y Madrid, disponibles de junio a enero, una conexi\u00f3n que facilita a los viajeros europeos la oportunidad de conocer El Salvador y otros pa\u00edses cercanos en Centroam\u00e9rica.<\/p>\n<p>Gracias a estas opciones de vuelos directos y con escalas, el turismo hacia Centroam\u00e9rica se beneficia de una mayor accesibilidad y variedad de horarios, atrayendo a un n\u00famero creciente de viajeros europeos deseosos de descubrir la riqueza cultural, natural y de aventura que esta regi\u00f3n ofrece en cada uno de sus destinos.<\/p>\n","protected":false},"excerpt":{"rendered":"<p>Centroam\u00e9rica contin\u00faa consolidando su posici\u00f3n como un destino atractivo y accesible para el mercado europeo, gracias a una expansi\u00f3n significativa en la conectividad a\u00e9rea directa y con escalas desde ciudades clave de Europa, especialmente desde Madrid y Londres. Las aerol\u00edneas internacionales han incrementado las opciones de vuelos hacia pa\u00edses de la regi\u00f3n, facilitando el acceso [&hellip;]<\/p>\n","protected":false},"author":5,"featured_media":15688,"comment_status":"open","ping_status":"closed","sticky":false,"template":"","format":"standard","meta":{"footnotes":""},"categories":[1],"tags":[],"class_list":{"0":"post-15687","1":"post","2":"type-post","3":"status-publish","4":"format-standard","5":"has-post-thumbnail","7":"category-otros"},"yoast_head":"<!-- This site is optimized with the Yoast SEO plugin v27.3 - https:\/\/yoast.com\/product\/yoast-seo-wordpress\/ -->\n<title>Centroam\u00e9rica refuerza la conectividad a\u00e9rea desde Europa para atraer m\u00e1s turistas - Sala de prensa<\/title>\n<meta name=\"robots\" content=\"index, follow, max-snippet:-1, max-image-preview:large, max-video-preview:-1\" \/>\n<link rel=\"canonical\" href=\"https:\/\/www.visitcentroamerica.com\/sala-prensa\/otros\/centroamerica-refuerza-la-conectividad-aerea-desde-europa-para-atraer-mas-turistas\/\" \/>\n<meta property=\"og:locale\" content=\"es_ES\" \/>\n<meta property=\"og:type\" content=\"article\" \/>\n<meta property=\"og:title\" content=\"Centroam\u00e9rica refuerza la conectividad a\u00e9rea desde Europa para atraer m\u00e1s turistas - Sala de prensa\" \/>\n<meta property=\"og:description\" content=\"Centroam\u00e9rica contin\u00faa consolidando su posici\u00f3n como un destino atractivo y accesible para el mercado europeo, gracias a una expansi\u00f3n significativa en la conectividad a\u00e9rea directa y con escalas desde ciudades clave de Europa, especialmente desde Madrid y Londres. Las aerol\u00edneas internacionales han incrementado las opciones de vuelos hacia pa\u00edses de la regi\u00f3n, facilitando el acceso [&hellip;]\" \/>\n<meta property=\"og:url\" content=\"https:\/\/www.visitcentroamerica.com\/sala-prensa\/otros\/centroamerica-refuerza-la-conectividad-aerea-desde-europa-para-atraer-mas-turistas\/\" \/>\n<meta property=\"og:site_name\" content=\"Sala de prensa\" \/>\n<meta property=\"article:published_time\" content=\"2025-01-08T21:20:04+00:00\" \/>\n<meta property=\"article:modified_time\" content=\"2025-02-05T20:11:51+00:00\" \/>\n<meta property=\"og:image\" content=\"https:\/\/www.visitcentroamerica.com\/sala-prensa\/wp-content\/uploads\/2025\/01\/Sin-titulo-1024-x-600-px.png\" \/>\n\t<meta property=\"og:image:width\" content=\"1024\" \/>\n\t<meta property=\"og:image:height\" content=\"600\" \/>\n\t<meta property=\"og:image:type\" content=\"image\/png\" \/>\n<meta name=\"author\" content=\"Denis Alvarado\" \/>\n<meta name=\"twitter:card\" content=\"summary_large_image\" \/>\n<meta name=\"twitter:label1\" content=\"Escrito por\" \/>\n\t<meta name=\"twitter:data1\" content=\"Denis Alvarado\" \/>\n\t<meta name=\"twitter:label2\" content=\"Tiempo de lectura\" \/>\n\t<meta name=\"twitter:data2\" content=\"3 minutos\" \/>\n<script type=\"application\/ld+json\" class=\"yoast-schema-graph\">{\"@context\":\"https:\\\/\\\/schema.org\",\"@graph\":[{\"@type\":\"Article\",\"@id\":\"https:\\\/\\\/www.visitcentroamerica.com\\\/sala-prensa\\\/otros\\\/centroamerica-refuerza-la-conectividad-aerea-desde-europa-para-atraer-mas-turistas\\\/#article\",\"isPartOf\":{\"@id\":\"https:\\\/\\\/www.visitcentroamerica.com\\\/sala-prensa\\\/otros\\\/centroamerica-refuerza-la-conectividad-aerea-desde-europa-para-atraer-mas-turistas\\\/\"},\"author\":{\"name\":\"Denis Alvarado\",\"@id\":\"https:\\\/\\\/www.visitcentroamerica.com\\\/sala-prensa\\\/#\\\/schema\\\/person\\\/0aa3bd0dbaabaead6089ee3dd0cd7ae5\"},\"headline\":\"Centroam\u00e9rica refuerza la conectividad a\u00e9rea desde Europa para atraer m\u00e1s turistas\",\"datePublished\":\"2025-01-08T21:20:04+00:00\",\"dateModified\":\"2025-02-05T20:11:51+00:00\",\"mainEntityOfPage\":{\"@id\":\"https:\\\/\\\/www.visitcentroamerica.com\\\/sala-prensa\\\/otros\\\/centroamerica-refuerza-la-conectividad-aerea-desde-europa-para-atraer-mas-turistas\\\/\"},\"wordCount\":422,\"commentCount\":0,\"image\":{\"@id\":\"https:\\\/\\\/www.visitcentroamerica.com\\\/sala-prensa\\\/otros\\\/centroamerica-refuerza-la-conectividad-aerea-desde-europa-para-atraer-mas-turistas\\\/#primaryimage\"},\"thumbnailUrl\":\"https:\\\/\\\/www.visitcentroamerica.com\\\/sala-prensa\\\/wp-content\\\/uploads\\\/2025\\\/01\\\/Sin-titulo-1024-x-600-px.png\",\"articleSection\":[\"Otros\"],\"inLanguage\":\"es\",\"potentialAction\":[{\"@type\":\"CommentAction\",\"name\":\"Comment\",\"target\":[\"https:\\\/\\\/www.visitcentroamerica.com\\\/sala-prensa\\\/otros\\\/centroamerica-refuerza-la-conectividad-aerea-desde-europa-para-atraer-mas-turistas\\\/#respond\"]}]},{\"@type\":\"WebPage\",\"@id\":\"https:\\\/\\\/www.visitcentroamerica.com\\\/sala-prensa\\\/otros\\\/centroamerica-refuerza-la-conectividad-aerea-desde-europa-para-atraer-mas-turistas\\\/\",\"url\":\"https:\\\/\\\/www.visitcentroamerica.com\\\/sala-prensa\\\/otros\\\/centroamerica-refuerza-la-conectividad-aerea-desde-europa-para-atraer-mas-turistas\\\/\",\"name\":\"Centroam\u00e9rica refuerza la conectividad a\u00e9rea desde Europa para atraer m\u00e1s turistas - Sala de prensa\",\"isPartOf\":{\"@id\":\"https:\\\/\\\/www.visitcentroamerica.com\\\/sala-prensa\\\/#website\"},\"primaryImageOfPage\":{\"@id\":\"https:\\\/\\\/www.visitcentroamerica.com\\\/sala-prensa\\\/otros\\\/centroamerica-refuerza-la-conectividad-aerea-desde-europa-para-atraer-mas-turistas\\\/#primaryimage\"},\"image\":{\"@id\":\"https:\\\/\\\/www.visitcentroamerica.com\\\/sala-prensa\\\/otros\\\/centroamerica-refuerza-la-conectividad-aerea-desde-europa-para-atraer-mas-turistas\\\/#primaryimage\"},\"thumbnailUrl\":\"https:\\\/\\\/www.visitcentroamerica.com\\\/sala-prensa\\\/wp-content\\\/uploads\\\/2025\\\/01\\\/Sin-titulo-1024-x-600-px.png\",\"datePublished\":\"2025-01-08T21:20:04+00:00\",\"dateModified\":\"2025-02-05T20:11:51+00:00\",\"author\":{\"@id\":\"https:\\\/\\\/www.visitcentroamerica.com\\\/sala-prensa\\\/#\\\/schema\\\/person\\\/0aa3bd0dbaabaead6089ee3dd0cd7ae5\"},\"breadcrumb\":{\"@id\":\"https:\\\/\\\/www.visitcentroamerica.com\\\/sala-prensa\\\/otros\\\/centroamerica-refuerza-la-conectividad-aerea-desde-europa-para-atraer-mas-turistas\\\/#breadcrumb\"},\"inLanguage\":\"es\",\"potentialAction\":[{\"@type\":\"ReadAction\",\"target\":[\"https:\\\/\\\/www.visitcentroamerica.com\\\/sala-prensa\\\/otros\\\/centroamerica-refuerza-la-conectividad-aerea-desde-europa-para-atraer-mas-turistas\\\/\"]}]},{\"@type\":\"ImageObject\",\"inLanguage\":\"es\",\"@id\":\"https:\\\/\\\/www.visitcentroamerica.com\\\/sala-prensa\\\/otros\\\/centroamerica-refuerza-la-conectividad-aerea-desde-europa-para-atraer-mas-turistas\\\/#primaryimage\",\"url\":\"https:\\\/\\\/www.visitcentroamerica.com\\\/sala-prensa\\\/wp-content\\\/uploads\\\/2025\\\/01\\\/Sin-titulo-1024-x-600-px.png\",\"contentUrl\":\"https:\\\/\\\/www.visitcentroamerica.com\\\/sala-prensa\\\/wp-content\\\/uploads\\\/2025\\\/01\\\/Sin-titulo-1024-x-600-px.png\",\"width\":1024,\"height\":600},{\"@type\":\"BreadcrumbList\",\"@id\":\"https:\\\/\\\/www.visitcentroamerica.com\\\/sala-prensa\\\/otros\\\/centroamerica-refuerza-la-conectividad-aerea-desde-europa-para-atraer-mas-turistas\\\/#breadcrumb\",\"itemListElement\":[{\"@type\":\"ListItem\",\"position\":1,\"name\":\"Portada\",\"item\":\"https:\\\/\\\/www.visitcentroamerica.com\\\/sala-prensa\\\/\"},{\"@type\":\"ListItem\",\"position\":2,\"name\":\"Centroam\u00e9rica refuerza la conectividad a\u00e9rea desde Europa para atraer m\u00e1s turistas\"}]},{\"@type\":\"WebSite\",\"@id\":\"https:\\\/\\\/www.visitcentroamerica.com\\\/sala-prensa\\\/#website\",\"url\":\"https:\\\/\\\/www.visitcentroamerica.com\\\/sala-prensa\\\/\",\"name\":\"Sala de prensa\",\"description\":\"\",\"potentialAction\":[{\"@type\":\"SearchAction\",\"target\":{\"@type\":\"EntryPoint\",\"urlTemplate\":\"https:\\\/\\\/www.visitcentroamerica.com\\\/sala-prensa\\\/?s={search_term_string}\"},\"query-input\":{\"@type\":\"PropertyValueSpecification\",\"valueRequired\":true,\"valueName\":\"search_term_string\"}}],\"inLanguage\":\"es\"},{\"@type\":\"Person\",\"@id\":\"https:\\\/\\\/www.visitcentroamerica.com\\\/sala-prensa\\\/#\\\/schema\\\/person\\\/0aa3bd0dbaabaead6089ee3dd0cd7ae5\",\"name\":\"Denis Alvarado\",\"image\":{\"@type\":\"ImageObject\",\"inLanguage\":\"es\",\"@id\":\"https:\\\/\\\/secure.gravatar.com\\\/avatar\\\/c31f0697f6edb7c68d5dedc2ccbd548d2a9f73aa293e81c6a1425229ec4c9135?s=96&d=mm&r=g\",\"url\":\"https:\\\/\\\/secure.gravatar.com\\\/avatar\\\/c31f0697f6edb7c68d5dedc2ccbd548d2a9f73aa293e81c6a1425229ec4c9135?s=96&d=mm&r=g\",\"contentUrl\":\"https:\\\/\\\/secure.gravatar.com\\\/avatar\\\/c31f0697f6edb7c68d5dedc2ccbd548d2a9f73aa293e81c6a1425229ec4c9135?s=96&d=mm&r=g\",\"caption\":\"Denis Alvarado\"},\"url\":\"https:\\\/\\\/www.visitcentroamerica.com\\\/sala-prensa\\\/author\\\/denis\\\/\"}]}<\/script>\n<!-- \/ Yoast SEO plugin. -->","yoast_head_json":{"title":"Centroam\u00e9rica refuerza la conectividad a\u00e9rea desde Europa para atraer m\u00e1s turistas - Sala de prensa","robots":{"index":"index","follow":"follow","max-snippet":"max-snippet:-1","max-image-preview":"max-image-preview:large","max-video-preview":"max-video-preview:-1"},"canonical":"https:\/\/www.visitcentroamerica.com\/sala-prensa\/otros\/centroamerica-refuerza-la-conectividad-aerea-desde-europa-para-atraer-mas-turistas\/","og_locale":"es_ES","og_type":"article","og_title":"Centroam\u00e9rica refuerza la conectividad a\u00e9rea desde Europa para atraer m\u00e1s turistas - Sala de prensa","og_description":"Centroam\u00e9rica contin\u00faa consolidando su posici\u00f3n como un destino atractivo y accesible para el mercado europeo, gracias a una expansi\u00f3n significativa en la conectividad a\u00e9rea directa y con escalas desde ciudades clave de Europa, especialmente desde Madrid y Londres. Las aerol\u00edneas internacionales han incrementado las opciones de vuelos hacia pa\u00edses de la regi\u00f3n, facilitando el acceso [&hellip;]","og_url":"https:\/\/www.visitcentroamerica.com\/sala-prensa\/otros\/centroamerica-refuerza-la-conectividad-aerea-desde-europa-para-atraer-mas-turistas\/","og_site_name":"Sala de prensa","article_published_time":"2025-01-08T21:20:04+00:00","article_modified_time":"2025-02-05T20:11:51+00:00","og_image":[{"width":1024,"height":600,"url":"https:\/\/www.visitcentroamerica.com\/sala-prensa\/wp-content\/uploads\/2025\/01\/Sin-titulo-1024-x-600-px.png","type":"image\/png"}],"author":"Denis Alvarado","twitter_card":"summary_large_image","twitter_misc":{"Escrito por":"Denis Alvarado","Tiempo de lectura":"3 minutos"},"schema":{"@context":"https:\/\/schema.org","@graph":[{"@type":"Article","@id":"https:\/\/www.visitcentroamerica.com\/sala-prensa\/otros\/centroamerica-refuerza-la-conectividad-aerea-desde-europa-para-atraer-mas-turistas\/#article","isPartOf":{"@id":"https:\/\/www.visitcentroamerica.com\/sala-prensa\/otros\/centroamerica-refuerza-la-conectividad-aerea-desde-europa-para-atraer-mas-turistas\/"},"author":{"name":"Denis Alvarado","@id":"https:\/\/www.visitcentroamerica.com\/sala-prensa\/#\/schema\/person\/0aa3bd0dbaabaead6089ee3dd0cd7ae5"},"headline":"Centroam\u00e9rica refuerza la conectividad a\u00e9rea desde Europa para atraer m\u00e1s turistas","datePublished":"2025-01-08T21:20:04+00:00","dateModified":"2025-02-05T20:11:51+00:00","mainEntityOfPage":{"@id":"https:\/\/www.visitcentroamerica.com\/sala-prensa\/otros\/centroamerica-refuerza-la-conectividad-aerea-desde-europa-para-atraer-mas-turistas\/"},"wordCount":422,"commentCount":0,"image":{"@id":"https:\/\/www.visitcentroamerica.com\/sala-prensa\/otros\/centroamerica-refuerza-la-conectividad-aerea-desde-europa-para-atraer-mas-turistas\/#primaryimage"},"thumbnailUrl":"https:\/\/www.visitcentroamerica.com\/sala-prensa\/wp-content\/uploads\/2025\/01\/Sin-titulo-1024-x-600-px.png","articleSection":["Otros"],"inLanguage":"es","potentialAction":[{"@type":"CommentAction","name":"Comment","target":["https:\/\/www.visitcentroamerica.com\/sala-prensa\/otros\/centroamerica-refuerza-la-conectividad-aerea-desde-europa-para-atraer-mas-turistas\/#respond"]}]},{"@type":"WebPage","@id":"https:\/\/www.visitcentroamerica.com\/sala-prensa\/otros\/centroamerica-refuerza-la-conectividad-aerea-desde-europa-para-atraer-mas-turistas\/","url":"https:\/\/www.visitcentroamerica.com\/sala-prensa\/otros\/centroamerica-refuerza-la-conectividad-aerea-desde-europa-para-atraer-mas-turistas\/","name":"Centroam\u00e9rica refuerza la conectividad a\u00e9rea desde Europa para atraer m\u00e1s turistas - Sala de prensa","isPartOf":{"@id":"https:\/\/www.visitcentroamerica.com\/sala-prensa\/#website"},"primaryImageOfPage":{"@id":"https:\/\/www.visitcentroamerica.com\/sala-prensa\/otros\/centroamerica-refuerza-la-conectividad-aerea-desde-europa-para-atraer-mas-turistas\/#primaryimage"},"image":{"@id":"https:\/\/www.visitcentroamerica.com\/sala-prensa\/otros\/centroamerica-refuerza-la-conectividad-aerea-desde-europa-para-atraer-mas-turistas\/#primaryimage"},"thumbnailUrl":"https:\/\/www.visitcentroamerica.com\/sala-prensa\/wp-content\/uploads\/2025\/01\/Sin-titulo-1024-x-600-px.png","datePublished":"2025-01-08T21:20:04+00:00","dateModified":"2025-02-05T20:11:51+00:00","author":{"@id":"https:\/\/www.visitcentroamerica.com\/sala-prensa\/#\/schema\/person\/0aa3bd0dbaabaead6089ee3dd0cd7ae5"},"breadcrumb":{"@id":"https:\/\/www.visitcentroamerica.com\/sala-prensa\/otros\/centroamerica-refuerza-la-conectividad-aerea-desde-europa-para-atraer-mas-turistas\/#breadcrumb"},"inLanguage":"es","potentialAction":[{"@type":"ReadAction","target":["https:\/\/www.visitcentroamerica.com\/sala-prensa\/otros\/centroamerica-refuerza-la-conectividad-aerea-desde-europa-para-atraer-mas-turistas\/"]}]},{"@type":"ImageObject","inLanguage":"es","@id":"https:\/\/www.visitcentroamerica.com\/sala-prensa\/otros\/centroamerica-refuerza-la-conectividad-aerea-desde-europa-para-atraer-mas-turistas\/#primaryimage","url":"https:\/\/www.visitcentroamerica.com\/sala-prensa\/wp-content\/uploads\/2025\/01\/Sin-titulo-1024-x-600-px.png","contentUrl":"https:\/\/www.visitcentroamerica.com\/sala-prensa\/wp-content\/uploads\/2025\/01\/Sin-titulo-1024-x-600-px.png","width":1024,"height":600},{"@type":"BreadcrumbList","@id":"https:\/\/www.visitcentroamerica.com\/sala-prensa\/otros\/centroamerica-refuerza-la-conectividad-aerea-desde-europa-para-atraer-mas-turistas\/#breadcrumb","itemListElement":[{"@type":"ListItem","position":1,"name":"Portada","item":"https:\/\/www.visitcentroamerica.com\/sala-prensa\/"},{"@type":"ListItem","position":2,"name":"Centroam\u00e9rica refuerza la conectividad a\u00e9rea desde Europa para atraer m\u00e1s turistas"}]},{"@type":"WebSite","@id":"https:\/\/www.visitcentroamerica.com\/sala-prensa\/#website","url":"https:\/\/www.visitcentroamerica.com\/sala-prensa\/","name":"Sala de prensa","description":"","potentialAction":[{"@type":"SearchAction","target":{"@type":"EntryPoint","urlTemplate":"https:\/\/www.visitcentroamerica.com\/sala-prensa\/?s={search_term_string}"},"query-input":{"@type":"PropertyValueSpecification","valueRequired":true,"valueName":"search_term_string"}}],"inLanguage":"es"},{"@type":"Person","@id":"https:\/\/www.visitcentroamerica.com\/sala-prensa\/#\/schema\/person\/0aa3bd0dbaabaead6089ee3dd0cd7ae5","name":"Denis Alvarado","image":{"@type":"ImageObject","inLanguage":"es","@id":"https:\/\/secure.gravatar.com\/avatar\/c31f0697f6edb7c68d5dedc2ccbd548d2a9f73aa293e81c6a1425229ec4c9135?s=96&d=mm&r=g","url":"https:\/\/secure.gravatar.com\/avatar\/c31f0697f6edb7c68d5dedc2ccbd548d2a9f73aa293e81c6a1425229ec4c9135?s=96&d=mm&r=g","contentUrl":"https:\/\/secure.gravatar.com\/avatar\/c31f0697f6edb7c68d5dedc2ccbd548d2a9f73aa293e81c6a1425229ec4c9135?s=96&d=mm&r=g","caption":"Denis Alvarado"},"url":"https:\/\/www.visitcentroamerica.com\/sala-prensa\/author\/denis\/"}]}},"_links":{"self":[{"href":"https:\/\/www.visitcentroamerica.com\/sala-prensa\/wp-json\/wp\/v2\/posts\/15687","targetHints":{"allow":["GET"]}}],"collection":[{"href":"https:\/\/www.visitcentroamerica.com\/sala-prensa\/wp-json\/wp\/v2\/posts"}],"about":[{"href":"https:\/\/www.visitcentroamerica.com\/sala-prensa\/wp-json\/wp\/v2\/types\/post"}],"author":[{"embeddable":true,"href":"https:\/\/www.visitcentroamerica.com\/sala-prensa\/wp-json\/wp\/v2\/users\/5"}],"replies":[{"embeddable":true,"href":"https:\/\/www.visitcentroamerica.com\/sala-prensa\/wp-json\/wp\/v2\/comments?post=15687"}],"version-history":[{"count":2,"href":"https:\/\/www.visitcentroamerica.com\/sala-prensa\/wp-json\/wp\/v2\/posts\/15687\/revisions"}],"predecessor-version":[{"id":15811,"href":"https:\/\/www.visitcentroamerica.com\/sala-prensa\/wp-json\/wp\/v2\/posts\/15687\/revisions\/15811"}],"wp:featuredmedia":[{"embeddable":true,"href":"https:\/\/www.visitcentroamerica.com\/sala-prensa\/wp-json\/wp\/v2\/media\/15688"}],"wp:attachment":[{"href":"https:\/\/www.visitcentroamerica.com\/sala-prensa\/wp-json\/wp\/v2\/media?parent=15687"}],"wp:term":[{"taxonomy":"category","embeddable":true,"href":"https:\/\/www.visitcentroamerica.com\/sala-prensa\/wp-json\/wp\/v2\/categories?post=15687"},{"taxonomy":"post_tag","embeddable":true,"href":"https:\/\/www.visitcentroamerica.com\/sala-prensa\/wp-json\/wp\/v2\/tags?post=15687"}],"curies":[{"name":"wp","href":"https:\/\/api.w.org\/{rel}","templated":true}]}}