{"id":15676,"date":"2025-01-07T21:11:59","date_gmt":"2025-01-07T20:11:59","guid":{"rendered":"https:\/\/www.visitcentroamerica.com\/sala-prensa\/?p=15676"},"modified":"2025-01-07T21:46:07","modified_gmt":"2025-01-07T20:46:07","slug":"honduras-el-pais-cinco-estrellas-sera-anfitrion-de-la-feria-centroamerica-travel-market-2025","status":"publish","type":"post","link":"https:\/\/www.visitcentroamerica.com\/sala-prensa\/actualidad\/honduras\/honduras-el-pais-cinco-estrellas-sera-anfitrion-de-la-feria-centroamerica-travel-market-2025\/","title":{"rendered":"Honduras, el pa\u00eds cinco estrellas ser\u00e1 anfitri\u00f3n de la feria  Centroam\u00e9rica Travel Market 2025"},"content":{"rendered":"<p><img loading=\"lazy\" decoding=\"async\" class=\"alignnone wp-image-15683 size-full\" src=\"https:\/\/www.visitcentroamerica.com\/sala-prensa\/wp-content\/uploads\/2025\/01\/WhatsApp-Image-2025-01-07-at-9.30.26-AM.jpeg\" alt=\"\" width=\"1024\" height=\"576\" srcset=\"https:\/\/www.visitcentroamerica.com\/sala-prensa\/wp-content\/uploads\/2025\/01\/WhatsApp-Image-2025-01-07-at-9.30.26-AM.jpeg 1024w, https:\/\/www.visitcentroamerica.com\/sala-prensa\/wp-content\/uploads\/2025\/01\/WhatsApp-Image-2025-01-07-at-9.30.26-AM-300x169.jpeg 300w, https:\/\/www.visitcentroamerica.com\/sala-prensa\/wp-content\/uploads\/2025\/01\/WhatsApp-Image-2025-01-07-at-9.30.26-AM-768x432.jpeg 768w, https:\/\/www.visitcentroamerica.com\/sala-prensa\/wp-content\/uploads\/2025\/01\/WhatsApp-Image-2025-01-07-at-9.30.26-AM-747x420.jpeg 747w, https:\/\/www.visitcentroamerica.com\/sala-prensa\/wp-content\/uploads\/2025\/01\/WhatsApp-Image-2025-01-07-at-9.30.26-AM-696x392.jpeg 696w, https:\/\/www.visitcentroamerica.com\/sala-prensa\/wp-content\/uploads\/2025\/01\/WhatsApp-Image-2025-01-07-at-9.30.26-AM-500x281.jpeg 500w\" sizes=\"auto, (max-width: 1024px) 100vw, 1024px\" \/><\/p>\n<p>Honduras se convertir\u00e1 en la capital del turismo regional al albergar la XIV edici\u00f3n de la prestigiosa feria Centroam\u00e9rica Travel Market (CATM), que se celebrar\u00e1 del 21 al 23 de octubre de 2025 en la ciudad de San Pedro Sula. Este evento es una plataforma exclusiva en la regi\u00f3n para la promoci\u00f3n y comercializaci\u00f3n del turismo de Centroam\u00e9rica y Rep\u00fablica Dominicana, y se ha posicionado como un evento de referencia en el sector a nivel internacional.<\/p>\n<p>Tras el \u00e9xito de la edici\u00f3n XIII en El Salvador durante 2024, la feria CATM contin\u00faa fortaleciendo su reputaci\u00f3n como una oportunidad \u00fanica para la interacci\u00f3n y el intercambio de ideas, experiencias y negocios entre los actores clave del turismo regional e internacional.<\/p>\n<p>La CATM \u2013 Honduras 2025 congregar\u00e1 a una amplia gama de empresas mayoristas, medios de comunicaci\u00f3n y creadores de contenido de Europa, Asia, Norte y Sur Am\u00e9rica, quienes participar\u00e1n en ruedas de negocios, conferencias y presentaciones especializadas en el sector tur\u00edstico de la regi\u00f3n.<\/p>\n<p>La CATM es un evento pionero que re\u00fane a proveedores de servicios tur\u00edsticos, hoteles, operadores de tours, aerol\u00edneas y otros actores de la cadena de valor de la industria, facilitando un entorno propicio para establecer relaciones comerciales y generar acuerdos con las principales agencias mayoristas de Europa y Am\u00e9rica.<\/p>\n<p>Como parte de la feria, los participantes podr\u00e1n conocer de cerca la oferta tur\u00edstica que ofrece Centroam\u00e9rica, realizando pre-tours en Honduras, como pa\u00eds sede. Tambi\u00e9n, un post tour en cualquier otro pa\u00eds de la regi\u00f3n para completar la experiencia multidestino que ofrece el coraz\u00f3n de las Am\u00e9ricas.<\/p>\n<p>Entre los beneficios clave para los asistentes en 2025 destacan:<\/p>\n<ul>\n<li>Conexiones comerciales estrat\u00e9gicas: oportunidad de generar alianzas entre representantes del turismo de Centroam\u00e9rica y Rep\u00fablica Dominicana con agencias mayoristas internacionales para fortalecer el posicionamiento y las oportunidades de negocio en mercados de alto potencial.<\/li>\n<li>Promoci\u00f3n de la oferta tur\u00edstica regional: expositores de toda la regi\u00f3n podr\u00e1n presentar sus destinos y productos a una audiencia calificada de profesionales del turismo y potenciales clientes de alcance global.<\/li>\n<li>Conocimiento y tendencias de la industria: a trav\u00e9s de conferencias y seminarios impartidos por expertos, los asistentes acceder\u00e1n a temas de vanguardia en turismo y mejores pr\u00e1cticas que potencian la competitividad regional.<\/li>\n<li>Negociaci\u00f3n de productos multidestino: agencias mayoristas internacionales tendr\u00e1n acceso a las mejores operadoras receptivas, con la posibilidad de conocer de cerca el producto tur\u00edstico de Centroam\u00e9rica, favoreciendo el desarrollo del turismo regional.<\/li>\n<\/ul>\n<p>&nbsp;<\/p>\n<p>Organizada por la Federaci\u00f3n de C\u00e1maras de Turismo de Centroam\u00e9rica (FEDECATUR) con el apoyo de las Administraciones Nacionales de Turismo de la regi\u00f3n y la Agencia de Promoci\u00f3n Tur\u00edstica de Centroam\u00e9rica (CATA), la CATM 2025 ser\u00e1 un encuentro imperdible para el turismo regional, consolidando a Centroam\u00e9rica y Rep\u00fablica Dominicana como destinos de clase mundial en la industria tur\u00edstica.<\/p>\n","protected":false},"excerpt":{"rendered":"<p>Honduras se convertir\u00e1 en la capital del turismo regional al albergar la XIV edici\u00f3n de la prestigiosa feria Centroam\u00e9rica Travel Market (CATM), que se celebrar\u00e1 del 21 al 23 de octubre de 2025 en la ciudad de San Pedro Sula. Este evento es una plataforma exclusiva en la regi\u00f3n para la promoci\u00f3n y comercializaci\u00f3n del [&hellip;]<\/p>\n","protected":false},"author":5,"featured_media":15683,"comment_status":"open","ping_status":"closed","sticky":false,"template":"","format":"standard","meta":{"footnotes":""},"categories":[3,10],"tags":[],"class_list":{"0":"post-15676","1":"post","2":"type-post","3":"status-publish","4":"format-standard","5":"has-post-thumbnail","7":"category-actualidad","8":"category-honduras"},"yoast_head":"<!-- This site is optimized with the Yoast SEO plugin v27.3 - https:\/\/yoast.com\/product\/yoast-seo-wordpress\/ -->\n<title>Honduras, el pa\u00eds cinco estrellas ser\u00e1 anfitri\u00f3n de la feria Centroam\u00e9rica Travel Market 2025 - Sala de prensa<\/title>\n<meta name=\"robots\" content=\"index, follow, max-snippet:-1, max-image-preview:large, max-video-preview:-1\" \/>\n<link rel=\"canonical\" href=\"https:\/\/www.visitcentroamerica.com\/sala-prensa\/actualidad\/honduras\/honduras-el-pais-cinco-estrellas-sera-anfitrion-de-la-feria-centroamerica-travel-market-2025\/\" \/>\n<meta property=\"og:locale\" content=\"es_ES\" \/>\n<meta property=\"og:type\" content=\"article\" \/>\n<meta property=\"og:title\" content=\"Honduras, el pa\u00eds cinco estrellas ser\u00e1 anfitri\u00f3n de la feria Centroam\u00e9rica Travel Market 2025 - Sala de prensa\" \/>\n<meta property=\"og:description\" content=\"Honduras se convertir\u00e1 en la capital del turismo regional al albergar la XIV edici\u00f3n de la prestigiosa feria Centroam\u00e9rica Travel Market (CATM), que se celebrar\u00e1 del 21 al 23 de octubre de 2025 en la ciudad de San Pedro Sula. Este evento es una plataforma exclusiva en la regi\u00f3n para la promoci\u00f3n y comercializaci\u00f3n del [&hellip;]\" \/>\n<meta property=\"og:url\" content=\"https:\/\/www.visitcentroamerica.com\/sala-prensa\/actualidad\/honduras\/honduras-el-pais-cinco-estrellas-sera-anfitrion-de-la-feria-centroamerica-travel-market-2025\/\" \/>\n<meta property=\"og:site_name\" content=\"Sala de prensa\" \/>\n<meta property=\"article:published_time\" content=\"2025-01-07T20:11:59+00:00\" \/>\n<meta property=\"article:modified_time\" content=\"2025-01-07T20:46:07+00:00\" \/>\n<meta property=\"og:image\" content=\"https:\/\/www.visitcentroamerica.com\/sala-prensa\/wp-content\/uploads\/2025\/01\/WhatsApp-Image-2025-01-07-at-9.30.26-AM.jpeg\" \/>\n\t<meta property=\"og:image:width\" content=\"1024\" \/>\n\t<meta property=\"og:image:height\" content=\"576\" \/>\n\t<meta property=\"og:image:type\" content=\"image\/jpeg\" \/>\n<meta name=\"author\" content=\"Denis Alvarado\" \/>\n<meta name=\"twitter:card\" content=\"summary_large_image\" \/>\n<meta name=\"twitter:label1\" content=\"Escrito por\" \/>\n\t<meta name=\"twitter:data1\" content=\"Denis Alvarado\" \/>\n\t<meta name=\"twitter:label2\" content=\"Tiempo de lectura\" \/>\n\t<meta name=\"twitter:data2\" content=\"3 minutos\" \/>\n<script type=\"application\/ld+json\" class=\"yoast-schema-graph\">{\"@context\":\"https:\\\/\\\/schema.org\",\"@graph\":[{\"@type\":\"Article\",\"@id\":\"https:\\\/\\\/www.visitcentroamerica.com\\\/sala-prensa\\\/actualidad\\\/honduras\\\/honduras-el-pais-cinco-estrellas-sera-anfitrion-de-la-feria-centroamerica-travel-market-2025\\\/#article\",\"isPartOf\":{\"@id\":\"https:\\\/\\\/www.visitcentroamerica.com\\\/sala-prensa\\\/actualidad\\\/honduras\\\/honduras-el-pais-cinco-estrellas-sera-anfitrion-de-la-feria-centroamerica-travel-market-2025\\\/\"},\"author\":{\"name\":\"Denis Alvarado\",\"@id\":\"https:\\\/\\\/www.visitcentroamerica.com\\\/sala-prensa\\\/#\\\/schema\\\/person\\\/0aa3bd0dbaabaead6089ee3dd0cd7ae5\"},\"headline\":\"Honduras, el pa\u00eds cinco estrellas ser\u00e1 anfitri\u00f3n de la feria Centroam\u00e9rica Travel Market 2025\",\"datePublished\":\"2025-01-07T20:11:59+00:00\",\"dateModified\":\"2025-01-07T20:46:07+00:00\",\"mainEntityOfPage\":{\"@id\":\"https:\\\/\\\/www.visitcentroamerica.com\\\/sala-prensa\\\/actualidad\\\/honduras\\\/honduras-el-pais-cinco-estrellas-sera-anfitrion-de-la-feria-centroamerica-travel-market-2025\\\/\"},\"wordCount\":518,\"commentCount\":0,\"image\":{\"@id\":\"https:\\\/\\\/www.visitcentroamerica.com\\\/sala-prensa\\\/actualidad\\\/honduras\\\/honduras-el-pais-cinco-estrellas-sera-anfitrion-de-la-feria-centroamerica-travel-market-2025\\\/#primaryimage\"},\"thumbnailUrl\":\"https:\\\/\\\/www.visitcentroamerica.com\\\/sala-prensa\\\/wp-content\\\/uploads\\\/2025\\\/01\\\/WhatsApp-Image-2025-01-07-at-9.30.26-AM.jpeg\",\"articleSection\":[\"Actualidad\",\"Honduras\"],\"inLanguage\":\"es\",\"potentialAction\":[{\"@type\":\"CommentAction\",\"name\":\"Comment\",\"target\":[\"https:\\\/\\\/www.visitcentroamerica.com\\\/sala-prensa\\\/actualidad\\\/honduras\\\/honduras-el-pais-cinco-estrellas-sera-anfitrion-de-la-feria-centroamerica-travel-market-2025\\\/#respond\"]}]},{\"@type\":\"WebPage\",\"@id\":\"https:\\\/\\\/www.visitcentroamerica.com\\\/sala-prensa\\\/actualidad\\\/honduras\\\/honduras-el-pais-cinco-estrellas-sera-anfitrion-de-la-feria-centroamerica-travel-market-2025\\\/\",\"url\":\"https:\\\/\\\/www.visitcentroamerica.com\\\/sala-prensa\\\/actualidad\\\/honduras\\\/honduras-el-pais-cinco-estrellas-sera-anfitrion-de-la-feria-centroamerica-travel-market-2025\\\/\",\"name\":\"Honduras, el pa\u00eds cinco estrellas ser\u00e1 anfitri\u00f3n de la feria Centroam\u00e9rica Travel Market 2025 - Sala de prensa\",\"isPartOf\":{\"@id\":\"https:\\\/\\\/www.visitcentroamerica.com\\\/sala-prensa\\\/#website\"},\"primaryImageOfPage\":{\"@id\":\"https:\\\/\\\/www.visitcentroamerica.com\\\/sala-prensa\\\/actualidad\\\/honduras\\\/honduras-el-pais-cinco-estrellas-sera-anfitrion-de-la-feria-centroamerica-travel-market-2025\\\/#primaryimage\"},\"image\":{\"@id\":\"https:\\\/\\\/www.visitcentroamerica.com\\\/sala-prensa\\\/actualidad\\\/honduras\\\/honduras-el-pais-cinco-estrellas-sera-anfitrion-de-la-feria-centroamerica-travel-market-2025\\\/#primaryimage\"},\"thumbnailUrl\":\"https:\\\/\\\/www.visitcentroamerica.com\\\/sala-prensa\\\/wp-content\\\/uploads\\\/2025\\\/01\\\/WhatsApp-Image-2025-01-07-at-9.30.26-AM.jpeg\",\"datePublished\":\"2025-01-07T20:11:59+00:00\",\"dateModified\":\"2025-01-07T20:46:07+00:00\",\"author\":{\"@id\":\"https:\\\/\\\/www.visitcentroamerica.com\\\/sala-prensa\\\/#\\\/schema\\\/person\\\/0aa3bd0dbaabaead6089ee3dd0cd7ae5\"},\"breadcrumb\":{\"@id\":\"https:\\\/\\\/www.visitcentroamerica.com\\\/sala-prensa\\\/actualidad\\\/honduras\\\/honduras-el-pais-cinco-estrellas-sera-anfitrion-de-la-feria-centroamerica-travel-market-2025\\\/#breadcrumb\"},\"inLanguage\":\"es\",\"potentialAction\":[{\"@type\":\"ReadAction\",\"target\":[\"https:\\\/\\\/www.visitcentroamerica.com\\\/sala-prensa\\\/actualidad\\\/honduras\\\/honduras-el-pais-cinco-estrellas-sera-anfitrion-de-la-feria-centroamerica-travel-market-2025\\\/\"]}]},{\"@type\":\"ImageObject\",\"inLanguage\":\"es\",\"@id\":\"https:\\\/\\\/www.visitcentroamerica.com\\\/sala-prensa\\\/actualidad\\\/honduras\\\/honduras-el-pais-cinco-estrellas-sera-anfitrion-de-la-feria-centroamerica-travel-market-2025\\\/#primaryimage\",\"url\":\"https:\\\/\\\/www.visitcentroamerica.com\\\/sala-prensa\\\/wp-content\\\/uploads\\\/2025\\\/01\\\/WhatsApp-Image-2025-01-07-at-9.30.26-AM.jpeg\",\"contentUrl\":\"https:\\\/\\\/www.visitcentroamerica.com\\\/sala-prensa\\\/wp-content\\\/uploads\\\/2025\\\/01\\\/WhatsApp-Image-2025-01-07-at-9.30.26-AM.jpeg\",\"width\":1024,\"height\":576},{\"@type\":\"BreadcrumbList\",\"@id\":\"https:\\\/\\\/www.visitcentroamerica.com\\\/sala-prensa\\\/actualidad\\\/honduras\\\/honduras-el-pais-cinco-estrellas-sera-anfitrion-de-la-feria-centroamerica-travel-market-2025\\\/#breadcrumb\",\"itemListElement\":[{\"@type\":\"ListItem\",\"position\":1,\"name\":\"Portada\",\"item\":\"https:\\\/\\\/www.visitcentroamerica.com\\\/sala-prensa\\\/\"},{\"@type\":\"ListItem\",\"position\":2,\"name\":\"Honduras, el pa\u00eds cinco estrellas ser\u00e1 anfitri\u00f3n de la feria Centroam\u00e9rica Travel Market 2025\"}]},{\"@type\":\"WebSite\",\"@id\":\"https:\\\/\\\/www.visitcentroamerica.com\\\/sala-prensa\\\/#website\",\"url\":\"https:\\\/\\\/www.visitcentroamerica.com\\\/sala-prensa\\\/\",\"name\":\"Sala de prensa\",\"description\":\"\",\"potentialAction\":[{\"@type\":\"SearchAction\",\"target\":{\"@type\":\"EntryPoint\",\"urlTemplate\":\"https:\\\/\\\/www.visitcentroamerica.com\\\/sala-prensa\\\/?s={search_term_string}\"},\"query-input\":{\"@type\":\"PropertyValueSpecification\",\"valueRequired\":true,\"valueName\":\"search_term_string\"}}],\"inLanguage\":\"es\"},{\"@type\":\"Person\",\"@id\":\"https:\\\/\\\/www.visitcentroamerica.com\\\/sala-prensa\\\/#\\\/schema\\\/person\\\/0aa3bd0dbaabaead6089ee3dd0cd7ae5\",\"name\":\"Denis Alvarado\",\"image\":{\"@type\":\"ImageObject\",\"inLanguage\":\"es\",\"@id\":\"https:\\\/\\\/secure.gravatar.com\\\/avatar\\\/c31f0697f6edb7c68d5dedc2ccbd548d2a9f73aa293e81c6a1425229ec4c9135?s=96&d=mm&r=g\",\"url\":\"https:\\\/\\\/secure.gravatar.com\\\/avatar\\\/c31f0697f6edb7c68d5dedc2ccbd548d2a9f73aa293e81c6a1425229ec4c9135?s=96&d=mm&r=g\",\"contentUrl\":\"https:\\\/\\\/secure.gravatar.com\\\/avatar\\\/c31f0697f6edb7c68d5dedc2ccbd548d2a9f73aa293e81c6a1425229ec4c9135?s=96&d=mm&r=g\",\"caption\":\"Denis Alvarado\"},\"url\":\"https:\\\/\\\/www.visitcentroamerica.com\\\/sala-prensa\\\/author\\\/denis\\\/\"}]}<\/script>\n<!-- \/ Yoast SEO plugin. -->","yoast_head_json":{"title":"Honduras, el pa\u00eds cinco estrellas ser\u00e1 anfitri\u00f3n de la feria Centroam\u00e9rica Travel Market 2025 - Sala de prensa","robots":{"index":"index","follow":"follow","max-snippet":"max-snippet:-1","max-image-preview":"max-image-preview:large","max-video-preview":"max-video-preview:-1"},"canonical":"https:\/\/www.visitcentroamerica.com\/sala-prensa\/actualidad\/honduras\/honduras-el-pais-cinco-estrellas-sera-anfitrion-de-la-feria-centroamerica-travel-market-2025\/","og_locale":"es_ES","og_type":"article","og_title":"Honduras, el pa\u00eds cinco estrellas ser\u00e1 anfitri\u00f3n de la feria Centroam\u00e9rica Travel Market 2025 - Sala de prensa","og_description":"Honduras se convertir\u00e1 en la capital del turismo regional al albergar la XIV edici\u00f3n de la prestigiosa feria Centroam\u00e9rica Travel Market (CATM), que se celebrar\u00e1 del 21 al 23 de octubre de 2025 en la ciudad de San Pedro Sula. Este evento es una plataforma exclusiva en la regi\u00f3n para la promoci\u00f3n y comercializaci\u00f3n del [&hellip;]","og_url":"https:\/\/www.visitcentroamerica.com\/sala-prensa\/actualidad\/honduras\/honduras-el-pais-cinco-estrellas-sera-anfitrion-de-la-feria-centroamerica-travel-market-2025\/","og_site_name":"Sala de prensa","article_published_time":"2025-01-07T20:11:59+00:00","article_modified_time":"2025-01-07T20:46:07+00:00","og_image":[{"width":1024,"height":576,"url":"https:\/\/www.visitcentroamerica.com\/sala-prensa\/wp-content\/uploads\/2025\/01\/WhatsApp-Image-2025-01-07-at-9.30.26-AM.jpeg","type":"image\/jpeg"}],"author":"Denis Alvarado","twitter_card":"summary_large_image","twitter_misc":{"Escrito por":"Denis Alvarado","Tiempo de lectura":"3 minutos"},"schema":{"@context":"https:\/\/schema.org","@graph":[{"@type":"Article","@id":"https:\/\/www.visitcentroamerica.com\/sala-prensa\/actualidad\/honduras\/honduras-el-pais-cinco-estrellas-sera-anfitrion-de-la-feria-centroamerica-travel-market-2025\/#article","isPartOf":{"@id":"https:\/\/www.visitcentroamerica.com\/sala-prensa\/actualidad\/honduras\/honduras-el-pais-cinco-estrellas-sera-anfitrion-de-la-feria-centroamerica-travel-market-2025\/"},"author":{"name":"Denis Alvarado","@id":"https:\/\/www.visitcentroamerica.com\/sala-prensa\/#\/schema\/person\/0aa3bd0dbaabaead6089ee3dd0cd7ae5"},"headline":"Honduras, el pa\u00eds cinco estrellas ser\u00e1 anfitri\u00f3n de la feria Centroam\u00e9rica Travel Market 2025","datePublished":"2025-01-07T20:11:59+00:00","dateModified":"2025-01-07T20:46:07+00:00","mainEntityOfPage":{"@id":"https:\/\/www.visitcentroamerica.com\/sala-prensa\/actualidad\/honduras\/honduras-el-pais-cinco-estrellas-sera-anfitrion-de-la-feria-centroamerica-travel-market-2025\/"},"wordCount":518,"commentCount":0,"image":{"@id":"https:\/\/www.visitcentroamerica.com\/sala-prensa\/actualidad\/honduras\/honduras-el-pais-cinco-estrellas-sera-anfitrion-de-la-feria-centroamerica-travel-market-2025\/#primaryimage"},"thumbnailUrl":"https:\/\/www.visitcentroamerica.com\/sala-prensa\/wp-content\/uploads\/2025\/01\/WhatsApp-Image-2025-01-07-at-9.30.26-AM.jpeg","articleSection":["Actualidad","Honduras"],"inLanguage":"es","potentialAction":[{"@type":"CommentAction","name":"Comment","target":["https:\/\/www.visitcentroamerica.com\/sala-prensa\/actualidad\/honduras\/honduras-el-pais-cinco-estrellas-sera-anfitrion-de-la-feria-centroamerica-travel-market-2025\/#respond"]}]},{"@type":"WebPage","@id":"https:\/\/www.visitcentroamerica.com\/sala-prensa\/actualidad\/honduras\/honduras-el-pais-cinco-estrellas-sera-anfitrion-de-la-feria-centroamerica-travel-market-2025\/","url":"https:\/\/www.visitcentroamerica.com\/sala-prensa\/actualidad\/honduras\/honduras-el-pais-cinco-estrellas-sera-anfitrion-de-la-feria-centroamerica-travel-market-2025\/","name":"Honduras, el pa\u00eds cinco estrellas ser\u00e1 anfitri\u00f3n de la feria Centroam\u00e9rica Travel Market 2025 - Sala de prensa","isPartOf":{"@id":"https:\/\/www.visitcentroamerica.com\/sala-prensa\/#website"},"primaryImageOfPage":{"@id":"https:\/\/www.visitcentroamerica.com\/sala-prensa\/actualidad\/honduras\/honduras-el-pais-cinco-estrellas-sera-anfitrion-de-la-feria-centroamerica-travel-market-2025\/#primaryimage"},"image":{"@id":"https:\/\/www.visitcentroamerica.com\/sala-prensa\/actualidad\/honduras\/honduras-el-pais-cinco-estrellas-sera-anfitrion-de-la-feria-centroamerica-travel-market-2025\/#primaryimage"},"thumbnailUrl":"https:\/\/www.visitcentroamerica.com\/sala-prensa\/wp-content\/uploads\/2025\/01\/WhatsApp-Image-2025-01-07-at-9.30.26-AM.jpeg","datePublished":"2025-01-07T20:11:59+00:00","dateModified":"2025-01-07T20:46:07+00:00","author":{"@id":"https:\/\/www.visitcentroamerica.com\/sala-prensa\/#\/schema\/person\/0aa3bd0dbaabaead6089ee3dd0cd7ae5"},"breadcrumb":{"@id":"https:\/\/www.visitcentroamerica.com\/sala-prensa\/actualidad\/honduras\/honduras-el-pais-cinco-estrellas-sera-anfitrion-de-la-feria-centroamerica-travel-market-2025\/#breadcrumb"},"inLanguage":"es","potentialAction":[{"@type":"ReadAction","target":["https:\/\/www.visitcentroamerica.com\/sala-prensa\/actualidad\/honduras\/honduras-el-pais-cinco-estrellas-sera-anfitrion-de-la-feria-centroamerica-travel-market-2025\/"]}]},{"@type":"ImageObject","inLanguage":"es","@id":"https:\/\/www.visitcentroamerica.com\/sala-prensa\/actualidad\/honduras\/honduras-el-pais-cinco-estrellas-sera-anfitrion-de-la-feria-centroamerica-travel-market-2025\/#primaryimage","url":"https:\/\/www.visitcentroamerica.com\/sala-prensa\/wp-content\/uploads\/2025\/01\/WhatsApp-Image-2025-01-07-at-9.30.26-AM.jpeg","contentUrl":"https:\/\/www.visitcentroamerica.com\/sala-prensa\/wp-content\/uploads\/2025\/01\/WhatsApp-Image-2025-01-07-at-9.30.26-AM.jpeg","width":1024,"height":576},{"@type":"BreadcrumbList","@id":"https:\/\/www.visitcentroamerica.com\/sala-prensa\/actualidad\/honduras\/honduras-el-pais-cinco-estrellas-sera-anfitrion-de-la-feria-centroamerica-travel-market-2025\/#breadcrumb","itemListElement":[{"@type":"ListItem","position":1,"name":"Portada","item":"https:\/\/www.visitcentroamerica.com\/sala-prensa\/"},{"@type":"ListItem","position":2,"name":"Honduras, el pa\u00eds cinco estrellas ser\u00e1 anfitri\u00f3n de la feria Centroam\u00e9rica Travel Market 2025"}]},{"@type":"WebSite","@id":"https:\/\/www.visitcentroamerica.com\/sala-prensa\/#website","url":"https:\/\/www.visitcentroamerica.com\/sala-prensa\/","name":"Sala de prensa","description":"","potentialAction":[{"@type":"SearchAction","target":{"@type":"EntryPoint","urlTemplate":"https:\/\/www.visitcentroamerica.com\/sala-prensa\/?s={search_term_string}"},"query-input":{"@type":"PropertyValueSpecification","valueRequired":true,"valueName":"search_term_string"}}],"inLanguage":"es"},{"@type":"Person","@id":"https:\/\/www.visitcentroamerica.com\/sala-prensa\/#\/schema\/person\/0aa3bd0dbaabaead6089ee3dd0cd7ae5","name":"Denis Alvarado","image":{"@type":"ImageObject","inLanguage":"es","@id":"https:\/\/secure.gravatar.com\/avatar\/c31f0697f6edb7c68d5dedc2ccbd548d2a9f73aa293e81c6a1425229ec4c9135?s=96&d=mm&r=g","url":"https:\/\/secure.gravatar.com\/avatar\/c31f0697f6edb7c68d5dedc2ccbd548d2a9f73aa293e81c6a1425229ec4c9135?s=96&d=mm&r=g","contentUrl":"https:\/\/secure.gravatar.com\/avatar\/c31f0697f6edb7c68d5dedc2ccbd548d2a9f73aa293e81c6a1425229ec4c9135?s=96&d=mm&r=g","caption":"Denis Alvarado"},"url":"https:\/\/www.visitcentroamerica.com\/sala-prensa\/author\/denis\/"}]}},"_links":{"self":[{"href":"https:\/\/www.visitcentroamerica.com\/sala-prensa\/wp-json\/wp\/v2\/posts\/15676","targetHints":{"allow":["GET"]}}],"collection":[{"href":"https:\/\/www.visitcentroamerica.com\/sala-prensa\/wp-json\/wp\/v2\/posts"}],"about":[{"href":"https:\/\/www.visitcentroamerica.com\/sala-prensa\/wp-json\/wp\/v2\/types\/post"}],"author":[{"embeddable":true,"href":"https:\/\/www.visitcentroamerica.com\/sala-prensa\/wp-json\/wp\/v2\/users\/5"}],"replies":[{"embeddable":true,"href":"https:\/\/www.visitcentroamerica.com\/sala-prensa\/wp-json\/wp\/v2\/comments?post=15676"}],"version-history":[{"count":6,"href":"https:\/\/www.visitcentroamerica.com\/sala-prensa\/wp-json\/wp\/v2\/posts\/15676\/revisions"}],"predecessor-version":[{"id":15682,"href":"https:\/\/www.visitcentroamerica.com\/sala-prensa\/wp-json\/wp\/v2\/posts\/15676\/revisions\/15682"}],"wp:featuredmedia":[{"embeddable":true,"href":"https:\/\/www.visitcentroamerica.com\/sala-prensa\/wp-json\/wp\/v2\/media\/15683"}],"wp:attachment":[{"href":"https:\/\/www.visitcentroamerica.com\/sala-prensa\/wp-json\/wp\/v2\/media?parent=15676"}],"wp:term":[{"taxonomy":"category","embeddable":true,"href":"https:\/\/www.visitcentroamerica.com\/sala-prensa\/wp-json\/wp\/v2\/categories?post=15676"},{"taxonomy":"post_tag","embeddable":true,"href":"https:\/\/www.visitcentroamerica.com\/sala-prensa\/wp-json\/wp\/v2\/tags?post=15676"}],"curies":[{"name":"wp","href":"https:\/\/api.w.org\/{rel}","templated":true}]}}