{"id":15645,"date":"2024-08-19T22:36:28","date_gmt":"2024-08-19T20:36:28","guid":{"rendered":"https:\/\/www.visitcentroamerica.com\/sala-prensa\/?p=15645"},"modified":"2024-09-09T12:56:47","modified_gmt":"2024-09-09T10:56:47","slug":"centroamerica-prepara-el-i-foro-para-la-mejora-de-la-conectividad-aerea-en-la-region","status":"publish","type":"post","link":"https:\/\/www.visitcentroamerica.com\/sala-prensa\/actualidad\/centroamerica-prepara-el-i-foro-para-la-mejora-de-la-conectividad-aerea-en-la-region\/","title":{"rendered":"Centroam\u00e9rica prepara el I Foro para la Mejora de la Conectividad A\u00e9rea en la Regi\u00f3n"},"content":{"rendered":"<p><img decoding=\"async\" class=\"alignnone size-medium wp-image-15646\" src=\"https:\/\/www.visitcentroamerica.com\/sala-prensa\/wp-content\/uploads\/2024\/08\/I-FORO-PARA-LA-CONECTIVIDAD-AEREA-v3.jpg\" alt=\"Conectividad a\u00e9rea\" width=\"\" height=\"\" srcset=\"https:\/\/www.visitcentroamerica.com\/sala-prensa\/wp-content\/uploads\/2024\/08\/I-FORO-PARA-LA-CONECTIVIDAD-AEREA-v3.jpg 960w, https:\/\/www.visitcentroamerica.com\/sala-prensa\/wp-content\/uploads\/2024\/08\/I-FORO-PARA-LA-CONECTIVIDAD-AEREA-v3-240x300.jpg 240w, https:\/\/www.visitcentroamerica.com\/sala-prensa\/wp-content\/uploads\/2024\/08\/I-FORO-PARA-LA-CONECTIVIDAD-AEREA-v3-819x1024.jpg 819w, https:\/\/www.visitcentroamerica.com\/sala-prensa\/wp-content\/uploads\/2024\/08\/I-FORO-PARA-LA-CONECTIVIDAD-AEREA-v3-768x960.jpg 768w, https:\/\/www.visitcentroamerica.com\/sala-prensa\/wp-content\/uploads\/2024\/08\/I-FORO-PARA-LA-CONECTIVIDAD-AEREA-v3-696x870.jpg 696w, https:\/\/www.visitcentroamerica.com\/sala-prensa\/wp-content\/uploads\/2024\/08\/I-FORO-PARA-LA-CONECTIVIDAD-AEREA-v3-336x420.jpg 336w, https:\/\/www.visitcentroamerica.com\/sala-prensa\/wp-content\/uploads\/2024\/08\/I-FORO-PARA-LA-CONECTIVIDAD-AEREA-v3-500x625.jpg 500w\" sizes=\"(max-width: 960px) 100vw, 960px\" \/><\/p>\n<p>La Agencia de Promoci\u00f3n Tur\u00edstica de Centroam\u00e9rica (CATA, por sus siglas en ingl\u00e9s), y el Instituto Guatemalteco de Turismo (INGUAT), preparan la realizaci\u00f3n del I Foro de discusi\u00f3n para la mejora de la conectividad a\u00e9rea en la regi\u00f3n, el cual se llevar\u00e1 a cabo el pr\u00f3ximo martes 19 de noviembre en la Ciudad de Guatemala, Rep\u00fablica de Guatemala.<\/p>\n<p>Este evento se enmarca en el Aviation Day, organizado por INGUAT, y marca un hito al reunir por primera vez a actores clave de diversos sectores como el turismo, la aviaci\u00f3n civil y la migraci\u00f3n, para instalar una mesa de di\u00e1logo centrada en la accesibilidad y seguridad del transporte de pasajeros en la regi\u00f3n.<\/p>\n<p>La conectividad a\u00e9rea es un pilar fundamental para el crecimiento econ\u00f3mico, social y tur\u00edstico de Centroam\u00e9rica. Con 30 aeropuertos internacionales que movilizan m\u00e1s de 31 millones de pasajeros anuales, la regi\u00f3n se ha consolidado como un eje vital para el transporte de mercanc\u00edas y personas en el hemisferio occidental, como lo demuestra la recepci\u00f3n de 25.4 millones de visitantes en 2023.<\/p>\n<p>Sin embargo, a\u00fan existen oportunidades significativas para mejorar la competitividad del tr\u00e1fico a\u00e9reo que facilite el traslado de viajeros entre los pa\u00edses del istmo. La optimizaci\u00f3n de factores como las tasas a\u00e9reas representa una ventana de desarrollo que permitir\u00eda a la regi\u00f3n consolidarse a\u00fan m\u00e1s como un destino atractivo y accesible, impulsando un futuro m\u00e1s integrado y pr\u00f3spero.<\/p>\n<p>Por lo que este foro buscar\u00e1 identificar puntos en com\u00fan entre los diferentes actores para avanzar en la mejora de la conectividad a\u00e9rea, facilitando el turismo intrarregional e internacional, e impulsando el comercio, la inversi\u00f3n y la movilidad laboral. Se espera que este encuentro promueva un enfoque integral y colaborativo que permita a Centroam\u00e9rica consolidarse como un destino accesible y seguro, al tiempo que se fortalecen las infraestructuras y servicios asociados al transporte a\u00e9reo.<\/p>\n<p>CATA e INGUAT han invitado a representantes de organismos regionales e internacionales como ONU Turismo, la Asociaci\u00f3n Internacional de Transporte A\u00e9reo (IATA), la Corporaci\u00f3n Centroamericana de Servicios de Navegaci\u00f3n A\u00e9rea (COCESNA), las principales aerol\u00edneas que operan en la regi\u00f3n, las administraciones de aeron\u00e1utica civil, empresas tur\u00edsticas, autoridades gubernamentales, entre otros, para compartir sus perspectivas y propuestas. Este primer esfuerzo conjunto marca el inicio de un di\u00e1logo que aspira a posicionar a Centroam\u00e9rica como un referente en la conectividad a\u00e9rea regional.<\/p>\n","protected":false},"excerpt":{"rendered":"<p>La Agencia de Promoci\u00f3n Tur\u00edstica de Centroam\u00e9rica (CATA, por sus siglas en ingl\u00e9s), y el Instituto Guatemalteco de Turismo (INGUAT), preparan la realizaci\u00f3n del I Foro de discusi\u00f3n para la mejora de la conectividad a\u00e9rea en la regi\u00f3n, el cual se llevar\u00e1 a cabo el pr\u00f3ximo martes 19 de noviembre en la Ciudad de Guatemala, [&hellip;]<\/p>\n","protected":false},"author":5,"featured_media":15646,"comment_status":"open","ping_status":"closed","sticky":false,"template":"","format":"standard","meta":{"footnotes":""},"categories":[3,13,5,9,6,12,10,11,7,14],"tags":[],"class_list":{"0":"post-15645","1":"post","2":"type-post","3":"status-publish","4":"format-standard","5":"has-post-thumbnail","7":"category-actualidad","8":"category-belice","9":"category-comunicados-de-prensa","10":"category-el-salvador","11":"category-eventos","12":"category-guatemala","13":"category-honduras","14":"category-nicaragua","15":"category-panama","16":"category-republica-dominicana"},"yoast_head":"<!-- This site is optimized with the Yoast SEO plugin v27.3 - https:\/\/yoast.com\/product\/yoast-seo-wordpress\/ -->\n<title>Centroam\u00e9rica prepara el I Foro para la Mejora de la Conectividad A\u00e9rea en la Regi\u00f3n - Sala de prensa<\/title>\n<meta name=\"robots\" content=\"index, follow, max-snippet:-1, max-image-preview:large, max-video-preview:-1\" \/>\n<link rel=\"canonical\" href=\"https:\/\/www.visitcentroamerica.com\/sala-prensa\/actualidad\/centroamerica-prepara-el-i-foro-para-la-mejora-de-la-conectividad-aerea-en-la-region\/\" \/>\n<meta property=\"og:locale\" content=\"es_ES\" \/>\n<meta property=\"og:type\" content=\"article\" \/>\n<meta property=\"og:title\" content=\"Centroam\u00e9rica prepara el I Foro para la Mejora de la Conectividad A\u00e9rea en la Regi\u00f3n - Sala de prensa\" \/>\n<meta property=\"og:description\" content=\"La Agencia de Promoci\u00f3n Tur\u00edstica de Centroam\u00e9rica (CATA, por sus siglas en ingl\u00e9s), y el Instituto Guatemalteco de Turismo (INGUAT), preparan la realizaci\u00f3n del I Foro de discusi\u00f3n para la mejora de la conectividad a\u00e9rea en la regi\u00f3n, el cual se llevar\u00e1 a cabo el pr\u00f3ximo martes 19 de noviembre en la Ciudad de Guatemala, [&hellip;]\" \/>\n<meta property=\"og:url\" content=\"https:\/\/www.visitcentroamerica.com\/sala-prensa\/actualidad\/centroamerica-prepara-el-i-foro-para-la-mejora-de-la-conectividad-aerea-en-la-region\/\" \/>\n<meta property=\"og:site_name\" content=\"Sala de prensa\" \/>\n<meta property=\"article:published_time\" content=\"2024-08-19T20:36:28+00:00\" \/>\n<meta property=\"article:modified_time\" content=\"2024-09-09T10:56:47+00:00\" \/>\n<meta property=\"og:image\" content=\"https:\/\/www.visitcentroamerica.com\/sala-prensa\/wp-content\/uploads\/2024\/08\/I-FORO-PARA-LA-CONECTIVIDAD-AEREA-v3-819x1024.jpg\" \/>\n\t<meta property=\"og:image:width\" content=\"819\" \/>\n\t<meta property=\"og:image:height\" content=\"1024\" \/>\n\t<meta property=\"og:image:type\" content=\"image\/jpeg\" \/>\n<meta name=\"author\" content=\"Denis Alvarado\" \/>\n<meta name=\"twitter:card\" content=\"summary_large_image\" \/>\n<meta name=\"twitter:label1\" content=\"Escrito por\" \/>\n\t<meta name=\"twitter:data1\" content=\"Denis Alvarado\" \/>\n\t<meta name=\"twitter:label2\" content=\"Tiempo de lectura\" \/>\n\t<meta name=\"twitter:data2\" content=\"3 minutos\" \/>\n<script type=\"application\/ld+json\" class=\"yoast-schema-graph\">{\"@context\":\"https:\\\/\\\/schema.org\",\"@graph\":[{\"@type\":\"Article\",\"@id\":\"https:\\\/\\\/www.visitcentroamerica.com\\\/sala-prensa\\\/actualidad\\\/centroamerica-prepara-el-i-foro-para-la-mejora-de-la-conectividad-aerea-en-la-region\\\/#article\",\"isPartOf\":{\"@id\":\"https:\\\/\\\/www.visitcentroamerica.com\\\/sala-prensa\\\/actualidad\\\/centroamerica-prepara-el-i-foro-para-la-mejora-de-la-conectividad-aerea-en-la-region\\\/\"},\"author\":{\"name\":\"Denis Alvarado\",\"@id\":\"https:\\\/\\\/www.visitcentroamerica.com\\\/sala-prensa\\\/#\\\/schema\\\/person\\\/0aa3bd0dbaabaead6089ee3dd0cd7ae5\"},\"headline\":\"Centroam\u00e9rica prepara el I Foro para la Mejora de la Conectividad A\u00e9rea en la Regi\u00f3n\",\"datePublished\":\"2024-08-19T20:36:28+00:00\",\"dateModified\":\"2024-09-09T10:56:47+00:00\",\"mainEntityOfPage\":{\"@id\":\"https:\\\/\\\/www.visitcentroamerica.com\\\/sala-prensa\\\/actualidad\\\/centroamerica-prepara-el-i-foro-para-la-mejora-de-la-conectividad-aerea-en-la-region\\\/\"},\"wordCount\":449,\"commentCount\":0,\"image\":{\"@id\":\"https:\\\/\\\/www.visitcentroamerica.com\\\/sala-prensa\\\/actualidad\\\/centroamerica-prepara-el-i-foro-para-la-mejora-de-la-conectividad-aerea-en-la-region\\\/#primaryimage\"},\"thumbnailUrl\":\"https:\\\/\\\/www.visitcentroamerica.com\\\/sala-prensa\\\/wp-content\\\/uploads\\\/2024\\\/08\\\/I-FORO-PARA-LA-CONECTIVIDAD-AEREA-v3.jpg\",\"articleSection\":[\"Actualidad\",\"Belice\",\"Comunicados de Prensa\",\"El Salvador\",\"Eventos\",\"Guatemala\",\"Honduras\",\"Nicaragua\",\"Panam\u00e1\",\"Rep\u00fablica Dominicana\"],\"inLanguage\":\"es\",\"potentialAction\":[{\"@type\":\"CommentAction\",\"name\":\"Comment\",\"target\":[\"https:\\\/\\\/www.visitcentroamerica.com\\\/sala-prensa\\\/actualidad\\\/centroamerica-prepara-el-i-foro-para-la-mejora-de-la-conectividad-aerea-en-la-region\\\/#respond\"]}]},{\"@type\":\"WebPage\",\"@id\":\"https:\\\/\\\/www.visitcentroamerica.com\\\/sala-prensa\\\/actualidad\\\/centroamerica-prepara-el-i-foro-para-la-mejora-de-la-conectividad-aerea-en-la-region\\\/\",\"url\":\"https:\\\/\\\/www.visitcentroamerica.com\\\/sala-prensa\\\/actualidad\\\/centroamerica-prepara-el-i-foro-para-la-mejora-de-la-conectividad-aerea-en-la-region\\\/\",\"name\":\"Centroam\u00e9rica prepara el I Foro para la Mejora de la Conectividad A\u00e9rea en la Regi\u00f3n - Sala de prensa\",\"isPartOf\":{\"@id\":\"https:\\\/\\\/www.visitcentroamerica.com\\\/sala-prensa\\\/#website\"},\"primaryImageOfPage\":{\"@id\":\"https:\\\/\\\/www.visitcentroamerica.com\\\/sala-prensa\\\/actualidad\\\/centroamerica-prepara-el-i-foro-para-la-mejora-de-la-conectividad-aerea-en-la-region\\\/#primaryimage\"},\"image\":{\"@id\":\"https:\\\/\\\/www.visitcentroamerica.com\\\/sala-prensa\\\/actualidad\\\/centroamerica-prepara-el-i-foro-para-la-mejora-de-la-conectividad-aerea-en-la-region\\\/#primaryimage\"},\"thumbnailUrl\":\"https:\\\/\\\/www.visitcentroamerica.com\\\/sala-prensa\\\/wp-content\\\/uploads\\\/2024\\\/08\\\/I-FORO-PARA-LA-CONECTIVIDAD-AEREA-v3.jpg\",\"datePublished\":\"2024-08-19T20:36:28+00:00\",\"dateModified\":\"2024-09-09T10:56:47+00:00\",\"author\":{\"@id\":\"https:\\\/\\\/www.visitcentroamerica.com\\\/sala-prensa\\\/#\\\/schema\\\/person\\\/0aa3bd0dbaabaead6089ee3dd0cd7ae5\"},\"breadcrumb\":{\"@id\":\"https:\\\/\\\/www.visitcentroamerica.com\\\/sala-prensa\\\/actualidad\\\/centroamerica-prepara-el-i-foro-para-la-mejora-de-la-conectividad-aerea-en-la-region\\\/#breadcrumb\"},\"inLanguage\":\"es\",\"potentialAction\":[{\"@type\":\"ReadAction\",\"target\":[\"https:\\\/\\\/www.visitcentroamerica.com\\\/sala-prensa\\\/actualidad\\\/centroamerica-prepara-el-i-foro-para-la-mejora-de-la-conectividad-aerea-en-la-region\\\/\"]}]},{\"@type\":\"ImageObject\",\"inLanguage\":\"es\",\"@id\":\"https:\\\/\\\/www.visitcentroamerica.com\\\/sala-prensa\\\/actualidad\\\/centroamerica-prepara-el-i-foro-para-la-mejora-de-la-conectividad-aerea-en-la-region\\\/#primaryimage\",\"url\":\"https:\\\/\\\/www.visitcentroamerica.com\\\/sala-prensa\\\/wp-content\\\/uploads\\\/2024\\\/08\\\/I-FORO-PARA-LA-CONECTIVIDAD-AEREA-v3.jpg\",\"contentUrl\":\"https:\\\/\\\/www.visitcentroamerica.com\\\/sala-prensa\\\/wp-content\\\/uploads\\\/2024\\\/08\\\/I-FORO-PARA-LA-CONECTIVIDAD-AEREA-v3.jpg\",\"width\":960,\"height\":1200,\"caption\":\"Conectividad a\u00e9rea\"},{\"@type\":\"BreadcrumbList\",\"@id\":\"https:\\\/\\\/www.visitcentroamerica.com\\\/sala-prensa\\\/actualidad\\\/centroamerica-prepara-el-i-foro-para-la-mejora-de-la-conectividad-aerea-en-la-region\\\/#breadcrumb\",\"itemListElement\":[{\"@type\":\"ListItem\",\"position\":1,\"name\":\"Portada\",\"item\":\"https:\\\/\\\/www.visitcentroamerica.com\\\/sala-prensa\\\/\"},{\"@type\":\"ListItem\",\"position\":2,\"name\":\"Centroam\u00e9rica prepara el I Foro para la Mejora de la Conectividad A\u00e9rea en la Regi\u00f3n\"}]},{\"@type\":\"WebSite\",\"@id\":\"https:\\\/\\\/www.visitcentroamerica.com\\\/sala-prensa\\\/#website\",\"url\":\"https:\\\/\\\/www.visitcentroamerica.com\\\/sala-prensa\\\/\",\"name\":\"Sala de prensa\",\"description\":\"\",\"potentialAction\":[{\"@type\":\"SearchAction\",\"target\":{\"@type\":\"EntryPoint\",\"urlTemplate\":\"https:\\\/\\\/www.visitcentroamerica.com\\\/sala-prensa\\\/?s={search_term_string}\"},\"query-input\":{\"@type\":\"PropertyValueSpecification\",\"valueRequired\":true,\"valueName\":\"search_term_string\"}}],\"inLanguage\":\"es\"},{\"@type\":\"Person\",\"@id\":\"https:\\\/\\\/www.visitcentroamerica.com\\\/sala-prensa\\\/#\\\/schema\\\/person\\\/0aa3bd0dbaabaead6089ee3dd0cd7ae5\",\"name\":\"Denis Alvarado\",\"image\":{\"@type\":\"ImageObject\",\"inLanguage\":\"es\",\"@id\":\"https:\\\/\\\/secure.gravatar.com\\\/avatar\\\/c31f0697f6edb7c68d5dedc2ccbd548d2a9f73aa293e81c6a1425229ec4c9135?s=96&d=mm&r=g\",\"url\":\"https:\\\/\\\/secure.gravatar.com\\\/avatar\\\/c31f0697f6edb7c68d5dedc2ccbd548d2a9f73aa293e81c6a1425229ec4c9135?s=96&d=mm&r=g\",\"contentUrl\":\"https:\\\/\\\/secure.gravatar.com\\\/avatar\\\/c31f0697f6edb7c68d5dedc2ccbd548d2a9f73aa293e81c6a1425229ec4c9135?s=96&d=mm&r=g\",\"caption\":\"Denis Alvarado\"},\"url\":\"https:\\\/\\\/www.visitcentroamerica.com\\\/sala-prensa\\\/author\\\/denis\\\/\"}]}<\/script>\n<!-- \/ Yoast SEO plugin. -->","yoast_head_json":{"title":"Centroam\u00e9rica prepara el I Foro para la Mejora de la Conectividad A\u00e9rea en la Regi\u00f3n - Sala de prensa","robots":{"index":"index","follow":"follow","max-snippet":"max-snippet:-1","max-image-preview":"max-image-preview:large","max-video-preview":"max-video-preview:-1"},"canonical":"https:\/\/www.visitcentroamerica.com\/sala-prensa\/actualidad\/centroamerica-prepara-el-i-foro-para-la-mejora-de-la-conectividad-aerea-en-la-region\/","og_locale":"es_ES","og_type":"article","og_title":"Centroam\u00e9rica prepara el I Foro para la Mejora de la Conectividad A\u00e9rea en la Regi\u00f3n - Sala de prensa","og_description":"La Agencia de Promoci\u00f3n Tur\u00edstica de Centroam\u00e9rica (CATA, por sus siglas en ingl\u00e9s), y el Instituto Guatemalteco de Turismo (INGUAT), preparan la realizaci\u00f3n del I Foro de discusi\u00f3n para la mejora de la conectividad a\u00e9rea en la regi\u00f3n, el cual se llevar\u00e1 a cabo el pr\u00f3ximo martes 19 de noviembre en la Ciudad de Guatemala, [&hellip;]","og_url":"https:\/\/www.visitcentroamerica.com\/sala-prensa\/actualidad\/centroamerica-prepara-el-i-foro-para-la-mejora-de-la-conectividad-aerea-en-la-region\/","og_site_name":"Sala de prensa","article_published_time":"2024-08-19T20:36:28+00:00","article_modified_time":"2024-09-09T10:56:47+00:00","og_image":[{"width":819,"height":1024,"url":"https:\/\/www.visitcentroamerica.com\/sala-prensa\/wp-content\/uploads\/2024\/08\/I-FORO-PARA-LA-CONECTIVIDAD-AEREA-v3-819x1024.jpg","type":"image\/jpeg"}],"author":"Denis Alvarado","twitter_card":"summary_large_image","twitter_misc":{"Escrito por":"Denis Alvarado","Tiempo de lectura":"3 minutos"},"schema":{"@context":"https:\/\/schema.org","@graph":[{"@type":"Article","@id":"https:\/\/www.visitcentroamerica.com\/sala-prensa\/actualidad\/centroamerica-prepara-el-i-foro-para-la-mejora-de-la-conectividad-aerea-en-la-region\/#article","isPartOf":{"@id":"https:\/\/www.visitcentroamerica.com\/sala-prensa\/actualidad\/centroamerica-prepara-el-i-foro-para-la-mejora-de-la-conectividad-aerea-en-la-region\/"},"author":{"name":"Denis Alvarado","@id":"https:\/\/www.visitcentroamerica.com\/sala-prensa\/#\/schema\/person\/0aa3bd0dbaabaead6089ee3dd0cd7ae5"},"headline":"Centroam\u00e9rica prepara el I Foro para la Mejora de la Conectividad A\u00e9rea en la Regi\u00f3n","datePublished":"2024-08-19T20:36:28+00:00","dateModified":"2024-09-09T10:56:47+00:00","mainEntityOfPage":{"@id":"https:\/\/www.visitcentroamerica.com\/sala-prensa\/actualidad\/centroamerica-prepara-el-i-foro-para-la-mejora-de-la-conectividad-aerea-en-la-region\/"},"wordCount":449,"commentCount":0,"image":{"@id":"https:\/\/www.visitcentroamerica.com\/sala-prensa\/actualidad\/centroamerica-prepara-el-i-foro-para-la-mejora-de-la-conectividad-aerea-en-la-region\/#primaryimage"},"thumbnailUrl":"https:\/\/www.visitcentroamerica.com\/sala-prensa\/wp-content\/uploads\/2024\/08\/I-FORO-PARA-LA-CONECTIVIDAD-AEREA-v3.jpg","articleSection":["Actualidad","Belice","Comunicados de Prensa","El Salvador","Eventos","Guatemala","Honduras","Nicaragua","Panam\u00e1","Rep\u00fablica Dominicana"],"inLanguage":"es","potentialAction":[{"@type":"CommentAction","name":"Comment","target":["https:\/\/www.visitcentroamerica.com\/sala-prensa\/actualidad\/centroamerica-prepara-el-i-foro-para-la-mejora-de-la-conectividad-aerea-en-la-region\/#respond"]}]},{"@type":"WebPage","@id":"https:\/\/www.visitcentroamerica.com\/sala-prensa\/actualidad\/centroamerica-prepara-el-i-foro-para-la-mejora-de-la-conectividad-aerea-en-la-region\/","url":"https:\/\/www.visitcentroamerica.com\/sala-prensa\/actualidad\/centroamerica-prepara-el-i-foro-para-la-mejora-de-la-conectividad-aerea-en-la-region\/","name":"Centroam\u00e9rica prepara el I Foro para la Mejora de la Conectividad A\u00e9rea en la Regi\u00f3n - Sala de prensa","isPartOf":{"@id":"https:\/\/www.visitcentroamerica.com\/sala-prensa\/#website"},"primaryImageOfPage":{"@id":"https:\/\/www.visitcentroamerica.com\/sala-prensa\/actualidad\/centroamerica-prepara-el-i-foro-para-la-mejora-de-la-conectividad-aerea-en-la-region\/#primaryimage"},"image":{"@id":"https:\/\/www.visitcentroamerica.com\/sala-prensa\/actualidad\/centroamerica-prepara-el-i-foro-para-la-mejora-de-la-conectividad-aerea-en-la-region\/#primaryimage"},"thumbnailUrl":"https:\/\/www.visitcentroamerica.com\/sala-prensa\/wp-content\/uploads\/2024\/08\/I-FORO-PARA-LA-CONECTIVIDAD-AEREA-v3.jpg","datePublished":"2024-08-19T20:36:28+00:00","dateModified":"2024-09-09T10:56:47+00:00","author":{"@id":"https:\/\/www.visitcentroamerica.com\/sala-prensa\/#\/schema\/person\/0aa3bd0dbaabaead6089ee3dd0cd7ae5"},"breadcrumb":{"@id":"https:\/\/www.visitcentroamerica.com\/sala-prensa\/actualidad\/centroamerica-prepara-el-i-foro-para-la-mejora-de-la-conectividad-aerea-en-la-region\/#breadcrumb"},"inLanguage":"es","potentialAction":[{"@type":"ReadAction","target":["https:\/\/www.visitcentroamerica.com\/sala-prensa\/actualidad\/centroamerica-prepara-el-i-foro-para-la-mejora-de-la-conectividad-aerea-en-la-region\/"]}]},{"@type":"ImageObject","inLanguage":"es","@id":"https:\/\/www.visitcentroamerica.com\/sala-prensa\/actualidad\/centroamerica-prepara-el-i-foro-para-la-mejora-de-la-conectividad-aerea-en-la-region\/#primaryimage","url":"https:\/\/www.visitcentroamerica.com\/sala-prensa\/wp-content\/uploads\/2024\/08\/I-FORO-PARA-LA-CONECTIVIDAD-AEREA-v3.jpg","contentUrl":"https:\/\/www.visitcentroamerica.com\/sala-prensa\/wp-content\/uploads\/2024\/08\/I-FORO-PARA-LA-CONECTIVIDAD-AEREA-v3.jpg","width":960,"height":1200,"caption":"Conectividad a\u00e9rea"},{"@type":"BreadcrumbList","@id":"https:\/\/www.visitcentroamerica.com\/sala-prensa\/actualidad\/centroamerica-prepara-el-i-foro-para-la-mejora-de-la-conectividad-aerea-en-la-region\/#breadcrumb","itemListElement":[{"@type":"ListItem","position":1,"name":"Portada","item":"https:\/\/www.visitcentroamerica.com\/sala-prensa\/"},{"@type":"ListItem","position":2,"name":"Centroam\u00e9rica prepara el I Foro para la Mejora de la Conectividad A\u00e9rea en la Regi\u00f3n"}]},{"@type":"WebSite","@id":"https:\/\/www.visitcentroamerica.com\/sala-prensa\/#website","url":"https:\/\/www.visitcentroamerica.com\/sala-prensa\/","name":"Sala de prensa","description":"","potentialAction":[{"@type":"SearchAction","target":{"@type":"EntryPoint","urlTemplate":"https:\/\/www.visitcentroamerica.com\/sala-prensa\/?s={search_term_string}"},"query-input":{"@type":"PropertyValueSpecification","valueRequired":true,"valueName":"search_term_string"}}],"inLanguage":"es"},{"@type":"Person","@id":"https:\/\/www.visitcentroamerica.com\/sala-prensa\/#\/schema\/person\/0aa3bd0dbaabaead6089ee3dd0cd7ae5","name":"Denis Alvarado","image":{"@type":"ImageObject","inLanguage":"es","@id":"https:\/\/secure.gravatar.com\/avatar\/c31f0697f6edb7c68d5dedc2ccbd548d2a9f73aa293e81c6a1425229ec4c9135?s=96&d=mm&r=g","url":"https:\/\/secure.gravatar.com\/avatar\/c31f0697f6edb7c68d5dedc2ccbd548d2a9f73aa293e81c6a1425229ec4c9135?s=96&d=mm&r=g","contentUrl":"https:\/\/secure.gravatar.com\/avatar\/c31f0697f6edb7c68d5dedc2ccbd548d2a9f73aa293e81c6a1425229ec4c9135?s=96&d=mm&r=g","caption":"Denis Alvarado"},"url":"https:\/\/www.visitcentroamerica.com\/sala-prensa\/author\/denis\/"}]}},"_links":{"self":[{"href":"https:\/\/www.visitcentroamerica.com\/sala-prensa\/wp-json\/wp\/v2\/posts\/15645","targetHints":{"allow":["GET"]}}],"collection":[{"href":"https:\/\/www.visitcentroamerica.com\/sala-prensa\/wp-json\/wp\/v2\/posts"}],"about":[{"href":"https:\/\/www.visitcentroamerica.com\/sala-prensa\/wp-json\/wp\/v2\/types\/post"}],"author":[{"embeddable":true,"href":"https:\/\/www.visitcentroamerica.com\/sala-prensa\/wp-json\/wp\/v2\/users\/5"}],"replies":[{"embeddable":true,"href":"https:\/\/www.visitcentroamerica.com\/sala-prensa\/wp-json\/wp\/v2\/comments?post=15645"}],"version-history":[{"count":3,"href":"https:\/\/www.visitcentroamerica.com\/sala-prensa\/wp-json\/wp\/v2\/posts\/15645\/revisions"}],"predecessor-version":[{"id":15653,"href":"https:\/\/www.visitcentroamerica.com\/sala-prensa\/wp-json\/wp\/v2\/posts\/15645\/revisions\/15653"}],"wp:featuredmedia":[{"embeddable":true,"href":"https:\/\/www.visitcentroamerica.com\/sala-prensa\/wp-json\/wp\/v2\/media\/15646"}],"wp:attachment":[{"href":"https:\/\/www.visitcentroamerica.com\/sala-prensa\/wp-json\/wp\/v2\/media?parent=15645"}],"wp:term":[{"taxonomy":"category","embeddable":true,"href":"https:\/\/www.visitcentroamerica.com\/sala-prensa\/wp-json\/wp\/v2\/categories?post=15645"},{"taxonomy":"post_tag","embeddable":true,"href":"https:\/\/www.visitcentroamerica.com\/sala-prensa\/wp-json\/wp\/v2\/tags?post=15645"}],"curies":[{"name":"wp","href":"https:\/\/api.w.org\/{rel}","templated":true}]}}