{"id":15576,"date":"2024-06-03T08:26:57","date_gmt":"2024-06-03T06:26:57","guid":{"rendered":"https:\/\/www.visitcentroamerica.com\/sala-prensa\/?p=15576"},"modified":"2024-07-12T08:49:50","modified_gmt":"2024-07-12T06:49:50","slug":"nicaragua-y-sus-patrimonios-de-la-humanidad","status":"publish","type":"post","link":"https:\/\/www.visitcentroamerica.com\/sala-prensa\/actualidad\/nicaragua-y-sus-patrimonios-de-la-humanidad\/","title":{"rendered":"Nicaragua y sus patrimonios de la humanidad"},"content":{"rendered":"<p><img loading=\"lazy\" decoding=\"async\" class=\"alignnone wp-image-15578 size-full\" src=\"https:\/\/www.visitcentroamerica.com\/sala-prensa\/wp-content\/uploads\/2024\/07\/Gueguense.jpg\" alt=\"Gueguense - Nicaragua y sus patrimonios de la humanidad\" width=\"1200\" height=\"600\" srcset=\"https:\/\/www.visitcentroamerica.com\/sala-prensa\/wp-content\/uploads\/2024\/07\/Gueguense.jpg 1200w, https:\/\/www.visitcentroamerica.com\/sala-prensa\/wp-content\/uploads\/2024\/07\/Gueguense-300x150.jpg 300w, https:\/\/www.visitcentroamerica.com\/sala-prensa\/wp-content\/uploads\/2024\/07\/Gueguense-1024x512.jpg 1024w, https:\/\/www.visitcentroamerica.com\/sala-prensa\/wp-content\/uploads\/2024\/07\/Gueguense-768x384.jpg 768w, https:\/\/www.visitcentroamerica.com\/sala-prensa\/wp-content\/uploads\/2024\/07\/Gueguense-696x348.jpg 696w, https:\/\/www.visitcentroamerica.com\/sala-prensa\/wp-content\/uploads\/2024\/07\/Gueguense-1068x534.jpg 1068w, https:\/\/www.visitcentroamerica.com\/sala-prensa\/wp-content\/uploads\/2024\/07\/Gueguense-840x420.jpg 840w, https:\/\/www.visitcentroamerica.com\/sala-prensa\/wp-content\/uploads\/2024\/07\/Gueguense-500x250.jpg 500w\" sizes=\"auto, (max-width: 1200px) 100vw, 1200px\" \/><\/p>\n<p>Desde la vasta Reserva de Biosfera Bosaw\u00e1s, crucial para la biodiversidad global y la conservaci\u00f3n de especies, hasta la Isla de Ometepe y el Geoparque R\u00edo Coco, Nicaragua ofrece extraordinarios espacios naturales para el ecoturismo y la aventura, destacando su compromiso con la conservaci\u00f3n y la cultura ind\u00edgena.<\/p>\n<p>Estos sitios no solo capturan la esencia de Nicaragua, sino que tambi\u00e9n ofrecen experiencias inigualables para los entusiastas de la cultura y la naturaleza.<\/p>\n<p><strong>Ruinas de Le\u00f3n Viejo, Patrimonio Cultural de la Humanidad:\u00a0\u00a0<\/strong><\/p>\n<p>Fundadas en 1524 por Francisco Hern\u00e1ndez de C\u00f3rdoba, las Ruinas de Le\u00f3n Viejo ofrecen un vistazo valioso a la era colonial espa\u00f1ola. Abandonadas en 1610 debido a la actividad volc\u00e1nica, estas ruinas se conservan excepcionalmente bien, mostrando la estructura y dise\u00f1o urbano t\u00edpicos del siglo XVI.<\/p>\n<p><strong>Cultura Gar\u00edfuna, Patrimonio Cultural e Inmaterial de la Humanidad:\u00a0<\/strong><\/p>\n<p>Desde su establecimiento en la costa atl\u00e1ntica a finales del siglo XVIII, la cultura gar\u00edfuna ha enriquecido Nicaragua con su m\u00fasica, danza y lengua, elementos que llevaron a su declaraci\u00f3n como Patrimonio de la Humanidad por la UNESCO en 2001.<\/p>\n<p><strong>El G\u00fceg\u00fcense, Patrimonio Oral e Inmaterial de la Humanidad:<\/strong><\/p>\n<p>Esta obra de teatro, m\u00fasica y danza, que satiriza la autoridad colonial en espa\u00f1ol y n\u00e1huatl, es un pilar del folclore y la literatura nicarag\u00fcense. Representa la resistencia cultural mediante el humor y fue reconocida por la UNESCO en 2005.<\/p>\n<p><strong>Catedral de Le\u00f3n: <\/strong><\/p>\n<p>Ejemplo de la arquitectura barroca y neocl\u00e1sica, esta catedral fue construida entre 1747 y 1814. La UNESCO la reconoci\u00f3 en 2011 no solo por su belleza arquitect\u00f3nica sino tambi\u00e9n por su capacidad de resistir desastres naturales.<\/p>\n<p><strong>Reserva de Biosfera Bosaw\u00e1s: <\/strong><\/p>\n<p>Incluye varios h\u00e1bitats protegidos y es esencial para la conservaci\u00f3n de especies migratorias y end\u00e9micas. Fue reconocida por la UNESCO en 1999.<\/p>\n<p><strong>Reserva de Biosfera R\u00edo San Juan:\u00a0<\/strong><\/p>\n<p>Incluye varios h\u00e1bitats protegidos y es esencial para la conservaci\u00f3n de especies migratorias y end\u00e9micas. Fue reconocida por la UNESCO en 1999.<\/p>\n<p><strong>Reserva de Biosfera Isla de Ometepe:<br \/>\n<\/strong><\/p>\n<p>Designada en 2013, esta reserva se destaca por su diversidad biol\u00f3gica y su significado cultural, siendo un lugar prominente para el ecoturismo y la exploraci\u00f3n arqueol\u00f3gica.<\/p>\n<p><strong>Geoparque R\u00edo Coco: <\/strong><\/p>\n<p>Parte de una red de geoparques de la UNESCO, destaca por su geolog\u00eda \u00fanica y es un centro para el turismo de aventura, especialmente conocido por el Ca\u00f1\u00f3n de Somoto.<\/p>\n","protected":false},"excerpt":{"rendered":"<p>Desde la vasta Reserva de Biosfera Bosaw\u00e1s, crucial para la biodiversidad global y la conservaci\u00f3n de especies, hasta la Isla de Ometepe y el Geoparque R\u00edo Coco, Nicaragua ofrece extraordinarios espacios naturales para el ecoturismo y la aventura, destacando su compromiso con la conservaci\u00f3n y la cultura ind\u00edgena. Estos sitios no solo capturan la esencia [&hellip;]<\/p>\n","protected":false},"author":5,"featured_media":15578,"comment_status":"open","ping_status":"closed","sticky":false,"template":"","format":"standard","meta":{"footnotes":""},"categories":[3,11],"tags":[],"class_list":{"0":"post-15576","1":"post","2":"type-post","3":"status-publish","4":"format-standard","5":"has-post-thumbnail","7":"category-actualidad","8":"category-nicaragua"},"yoast_head":"<!-- This site is optimized with the Yoast SEO plugin v27.3 - https:\/\/yoast.com\/product\/yoast-seo-wordpress\/ -->\n<title>Nicaragua y sus patrimonios de la humanidad - Sala de prensa<\/title>\n<meta name=\"robots\" content=\"index, follow, max-snippet:-1, max-image-preview:large, max-video-preview:-1\" \/>\n<link rel=\"canonical\" href=\"https:\/\/www.visitcentroamerica.com\/sala-prensa\/actualidad\/nicaragua-y-sus-patrimonios-de-la-humanidad\/\" \/>\n<meta property=\"og:locale\" content=\"es_ES\" \/>\n<meta property=\"og:type\" content=\"article\" \/>\n<meta property=\"og:title\" content=\"Nicaragua y sus patrimonios de la humanidad - Sala de prensa\" \/>\n<meta property=\"og:description\" content=\"Desde la vasta Reserva de Biosfera Bosaw\u00e1s, crucial para la biodiversidad global y la conservaci\u00f3n de especies, hasta la Isla de Ometepe y el Geoparque R\u00edo Coco, Nicaragua ofrece extraordinarios espacios naturales para el ecoturismo y la aventura, destacando su compromiso con la conservaci\u00f3n y la cultura ind\u00edgena. Estos sitios no solo capturan la esencia [&hellip;]\" \/>\n<meta property=\"og:url\" content=\"https:\/\/www.visitcentroamerica.com\/sala-prensa\/actualidad\/nicaragua-y-sus-patrimonios-de-la-humanidad\/\" \/>\n<meta property=\"og:site_name\" content=\"Sala de prensa\" \/>\n<meta property=\"article:published_time\" content=\"2024-06-03T06:26:57+00:00\" \/>\n<meta property=\"article:modified_time\" content=\"2024-07-12T06:49:50+00:00\" \/>\n<meta property=\"og:image\" content=\"https:\/\/www.visitcentroamerica.com\/sala-prensa\/wp-content\/uploads\/2024\/07\/Gueguense.jpg\" \/>\n\t<meta property=\"og:image:width\" content=\"1200\" \/>\n\t<meta property=\"og:image:height\" content=\"600\" \/>\n\t<meta property=\"og:image:type\" content=\"image\/jpeg\" \/>\n<meta name=\"author\" content=\"Denis Alvarado\" \/>\n<meta name=\"twitter:card\" content=\"summary_large_image\" \/>\n<meta name=\"twitter:label1\" content=\"Escrito por\" \/>\n\t<meta name=\"twitter:data1\" content=\"Denis Alvarado\" \/>\n\t<meta name=\"twitter:label2\" content=\"Tiempo de lectura\" \/>\n\t<meta name=\"twitter:data2\" content=\"3 minutos\" \/>\n<script type=\"application\/ld+json\" class=\"yoast-schema-graph\">{\"@context\":\"https:\\\/\\\/schema.org\",\"@graph\":[{\"@type\":\"Article\",\"@id\":\"https:\\\/\\\/www.visitcentroamerica.com\\\/sala-prensa\\\/actualidad\\\/nicaragua-y-sus-patrimonios-de-la-humanidad\\\/#article\",\"isPartOf\":{\"@id\":\"https:\\\/\\\/www.visitcentroamerica.com\\\/sala-prensa\\\/actualidad\\\/nicaragua-y-sus-patrimonios-de-la-humanidad\\\/\"},\"author\":{\"name\":\"Denis Alvarado\",\"@id\":\"https:\\\/\\\/www.visitcentroamerica.com\\\/sala-prensa\\\/#\\\/schema\\\/person\\\/0aa3bd0dbaabaead6089ee3dd0cd7ae5\"},\"headline\":\"Nicaragua y sus patrimonios de la humanidad\",\"datePublished\":\"2024-06-03T06:26:57+00:00\",\"dateModified\":\"2024-07-12T06:49:50+00:00\",\"mainEntityOfPage\":{\"@id\":\"https:\\\/\\\/www.visitcentroamerica.com\\\/sala-prensa\\\/actualidad\\\/nicaragua-y-sus-patrimonios-de-la-humanidad\\\/\"},\"wordCount\":423,\"commentCount\":0,\"image\":{\"@id\":\"https:\\\/\\\/www.visitcentroamerica.com\\\/sala-prensa\\\/actualidad\\\/nicaragua-y-sus-patrimonios-de-la-humanidad\\\/#primaryimage\"},\"thumbnailUrl\":\"https:\\\/\\\/www.visitcentroamerica.com\\\/sala-prensa\\\/wp-content\\\/uploads\\\/2024\\\/07\\\/Gueguense.jpg\",\"articleSection\":[\"Actualidad\",\"Nicaragua\"],\"inLanguage\":\"es\",\"potentialAction\":[{\"@type\":\"CommentAction\",\"name\":\"Comment\",\"target\":[\"https:\\\/\\\/www.visitcentroamerica.com\\\/sala-prensa\\\/actualidad\\\/nicaragua-y-sus-patrimonios-de-la-humanidad\\\/#respond\"]}]},{\"@type\":\"WebPage\",\"@id\":\"https:\\\/\\\/www.visitcentroamerica.com\\\/sala-prensa\\\/actualidad\\\/nicaragua-y-sus-patrimonios-de-la-humanidad\\\/\",\"url\":\"https:\\\/\\\/www.visitcentroamerica.com\\\/sala-prensa\\\/actualidad\\\/nicaragua-y-sus-patrimonios-de-la-humanidad\\\/\",\"name\":\"Nicaragua y sus patrimonios de la humanidad - Sala de prensa\",\"isPartOf\":{\"@id\":\"https:\\\/\\\/www.visitcentroamerica.com\\\/sala-prensa\\\/#website\"},\"primaryImageOfPage\":{\"@id\":\"https:\\\/\\\/www.visitcentroamerica.com\\\/sala-prensa\\\/actualidad\\\/nicaragua-y-sus-patrimonios-de-la-humanidad\\\/#primaryimage\"},\"image\":{\"@id\":\"https:\\\/\\\/www.visitcentroamerica.com\\\/sala-prensa\\\/actualidad\\\/nicaragua-y-sus-patrimonios-de-la-humanidad\\\/#primaryimage\"},\"thumbnailUrl\":\"https:\\\/\\\/www.visitcentroamerica.com\\\/sala-prensa\\\/wp-content\\\/uploads\\\/2024\\\/07\\\/Gueguense.jpg\",\"datePublished\":\"2024-06-03T06:26:57+00:00\",\"dateModified\":\"2024-07-12T06:49:50+00:00\",\"author\":{\"@id\":\"https:\\\/\\\/www.visitcentroamerica.com\\\/sala-prensa\\\/#\\\/schema\\\/person\\\/0aa3bd0dbaabaead6089ee3dd0cd7ae5\"},\"breadcrumb\":{\"@id\":\"https:\\\/\\\/www.visitcentroamerica.com\\\/sala-prensa\\\/actualidad\\\/nicaragua-y-sus-patrimonios-de-la-humanidad\\\/#breadcrumb\"},\"inLanguage\":\"es\",\"potentialAction\":[{\"@type\":\"ReadAction\",\"target\":[\"https:\\\/\\\/www.visitcentroamerica.com\\\/sala-prensa\\\/actualidad\\\/nicaragua-y-sus-patrimonios-de-la-humanidad\\\/\"]}]},{\"@type\":\"ImageObject\",\"inLanguage\":\"es\",\"@id\":\"https:\\\/\\\/www.visitcentroamerica.com\\\/sala-prensa\\\/actualidad\\\/nicaragua-y-sus-patrimonios-de-la-humanidad\\\/#primaryimage\",\"url\":\"https:\\\/\\\/www.visitcentroamerica.com\\\/sala-prensa\\\/wp-content\\\/uploads\\\/2024\\\/07\\\/Gueguense.jpg\",\"contentUrl\":\"https:\\\/\\\/www.visitcentroamerica.com\\\/sala-prensa\\\/wp-content\\\/uploads\\\/2024\\\/07\\\/Gueguense.jpg\",\"width\":1200,\"height\":600,\"caption\":\"Gueguense\"},{\"@type\":\"BreadcrumbList\",\"@id\":\"https:\\\/\\\/www.visitcentroamerica.com\\\/sala-prensa\\\/actualidad\\\/nicaragua-y-sus-patrimonios-de-la-humanidad\\\/#breadcrumb\",\"itemListElement\":[{\"@type\":\"ListItem\",\"position\":1,\"name\":\"Portada\",\"item\":\"https:\\\/\\\/www.visitcentroamerica.com\\\/sala-prensa\\\/\"},{\"@type\":\"ListItem\",\"position\":2,\"name\":\"Nicaragua y sus patrimonios de la humanidad\"}]},{\"@type\":\"WebSite\",\"@id\":\"https:\\\/\\\/www.visitcentroamerica.com\\\/sala-prensa\\\/#website\",\"url\":\"https:\\\/\\\/www.visitcentroamerica.com\\\/sala-prensa\\\/\",\"name\":\"Sala de prensa\",\"description\":\"\",\"potentialAction\":[{\"@type\":\"SearchAction\",\"target\":{\"@type\":\"EntryPoint\",\"urlTemplate\":\"https:\\\/\\\/www.visitcentroamerica.com\\\/sala-prensa\\\/?s={search_term_string}\"},\"query-input\":{\"@type\":\"PropertyValueSpecification\",\"valueRequired\":true,\"valueName\":\"search_term_string\"}}],\"inLanguage\":\"es\"},{\"@type\":\"Person\",\"@id\":\"https:\\\/\\\/www.visitcentroamerica.com\\\/sala-prensa\\\/#\\\/schema\\\/person\\\/0aa3bd0dbaabaead6089ee3dd0cd7ae5\",\"name\":\"Denis Alvarado\",\"image\":{\"@type\":\"ImageObject\",\"inLanguage\":\"es\",\"@id\":\"https:\\\/\\\/secure.gravatar.com\\\/avatar\\\/c31f0697f6edb7c68d5dedc2ccbd548d2a9f73aa293e81c6a1425229ec4c9135?s=96&d=mm&r=g\",\"url\":\"https:\\\/\\\/secure.gravatar.com\\\/avatar\\\/c31f0697f6edb7c68d5dedc2ccbd548d2a9f73aa293e81c6a1425229ec4c9135?s=96&d=mm&r=g\",\"contentUrl\":\"https:\\\/\\\/secure.gravatar.com\\\/avatar\\\/c31f0697f6edb7c68d5dedc2ccbd548d2a9f73aa293e81c6a1425229ec4c9135?s=96&d=mm&r=g\",\"caption\":\"Denis Alvarado\"},\"url\":\"https:\\\/\\\/www.visitcentroamerica.com\\\/sala-prensa\\\/author\\\/denis\\\/\"}]}<\/script>\n<!-- \/ Yoast SEO plugin. -->","yoast_head_json":{"title":"Nicaragua y sus patrimonios de la humanidad - Sala de prensa","robots":{"index":"index","follow":"follow","max-snippet":"max-snippet:-1","max-image-preview":"max-image-preview:large","max-video-preview":"max-video-preview:-1"},"canonical":"https:\/\/www.visitcentroamerica.com\/sala-prensa\/actualidad\/nicaragua-y-sus-patrimonios-de-la-humanidad\/","og_locale":"es_ES","og_type":"article","og_title":"Nicaragua y sus patrimonios de la humanidad - Sala de prensa","og_description":"Desde la vasta Reserva de Biosfera Bosaw\u00e1s, crucial para la biodiversidad global y la conservaci\u00f3n de especies, hasta la Isla de Ometepe y el Geoparque R\u00edo Coco, Nicaragua ofrece extraordinarios espacios naturales para el ecoturismo y la aventura, destacando su compromiso con la conservaci\u00f3n y la cultura ind\u00edgena. Estos sitios no solo capturan la esencia [&hellip;]","og_url":"https:\/\/www.visitcentroamerica.com\/sala-prensa\/actualidad\/nicaragua-y-sus-patrimonios-de-la-humanidad\/","og_site_name":"Sala de prensa","article_published_time":"2024-06-03T06:26:57+00:00","article_modified_time":"2024-07-12T06:49:50+00:00","og_image":[{"width":1200,"height":600,"url":"https:\/\/www.visitcentroamerica.com\/sala-prensa\/wp-content\/uploads\/2024\/07\/Gueguense.jpg","type":"image\/jpeg"}],"author":"Denis Alvarado","twitter_card":"summary_large_image","twitter_misc":{"Escrito por":"Denis Alvarado","Tiempo de lectura":"3 minutos"},"schema":{"@context":"https:\/\/schema.org","@graph":[{"@type":"Article","@id":"https:\/\/www.visitcentroamerica.com\/sala-prensa\/actualidad\/nicaragua-y-sus-patrimonios-de-la-humanidad\/#article","isPartOf":{"@id":"https:\/\/www.visitcentroamerica.com\/sala-prensa\/actualidad\/nicaragua-y-sus-patrimonios-de-la-humanidad\/"},"author":{"name":"Denis Alvarado","@id":"https:\/\/www.visitcentroamerica.com\/sala-prensa\/#\/schema\/person\/0aa3bd0dbaabaead6089ee3dd0cd7ae5"},"headline":"Nicaragua y sus patrimonios de la humanidad","datePublished":"2024-06-03T06:26:57+00:00","dateModified":"2024-07-12T06:49:50+00:00","mainEntityOfPage":{"@id":"https:\/\/www.visitcentroamerica.com\/sala-prensa\/actualidad\/nicaragua-y-sus-patrimonios-de-la-humanidad\/"},"wordCount":423,"commentCount":0,"image":{"@id":"https:\/\/www.visitcentroamerica.com\/sala-prensa\/actualidad\/nicaragua-y-sus-patrimonios-de-la-humanidad\/#primaryimage"},"thumbnailUrl":"https:\/\/www.visitcentroamerica.com\/sala-prensa\/wp-content\/uploads\/2024\/07\/Gueguense.jpg","articleSection":["Actualidad","Nicaragua"],"inLanguage":"es","potentialAction":[{"@type":"CommentAction","name":"Comment","target":["https:\/\/www.visitcentroamerica.com\/sala-prensa\/actualidad\/nicaragua-y-sus-patrimonios-de-la-humanidad\/#respond"]}]},{"@type":"WebPage","@id":"https:\/\/www.visitcentroamerica.com\/sala-prensa\/actualidad\/nicaragua-y-sus-patrimonios-de-la-humanidad\/","url":"https:\/\/www.visitcentroamerica.com\/sala-prensa\/actualidad\/nicaragua-y-sus-patrimonios-de-la-humanidad\/","name":"Nicaragua y sus patrimonios de la humanidad - Sala de prensa","isPartOf":{"@id":"https:\/\/www.visitcentroamerica.com\/sala-prensa\/#website"},"primaryImageOfPage":{"@id":"https:\/\/www.visitcentroamerica.com\/sala-prensa\/actualidad\/nicaragua-y-sus-patrimonios-de-la-humanidad\/#primaryimage"},"image":{"@id":"https:\/\/www.visitcentroamerica.com\/sala-prensa\/actualidad\/nicaragua-y-sus-patrimonios-de-la-humanidad\/#primaryimage"},"thumbnailUrl":"https:\/\/www.visitcentroamerica.com\/sala-prensa\/wp-content\/uploads\/2024\/07\/Gueguense.jpg","datePublished":"2024-06-03T06:26:57+00:00","dateModified":"2024-07-12T06:49:50+00:00","author":{"@id":"https:\/\/www.visitcentroamerica.com\/sala-prensa\/#\/schema\/person\/0aa3bd0dbaabaead6089ee3dd0cd7ae5"},"breadcrumb":{"@id":"https:\/\/www.visitcentroamerica.com\/sala-prensa\/actualidad\/nicaragua-y-sus-patrimonios-de-la-humanidad\/#breadcrumb"},"inLanguage":"es","potentialAction":[{"@type":"ReadAction","target":["https:\/\/www.visitcentroamerica.com\/sala-prensa\/actualidad\/nicaragua-y-sus-patrimonios-de-la-humanidad\/"]}]},{"@type":"ImageObject","inLanguage":"es","@id":"https:\/\/www.visitcentroamerica.com\/sala-prensa\/actualidad\/nicaragua-y-sus-patrimonios-de-la-humanidad\/#primaryimage","url":"https:\/\/www.visitcentroamerica.com\/sala-prensa\/wp-content\/uploads\/2024\/07\/Gueguense.jpg","contentUrl":"https:\/\/www.visitcentroamerica.com\/sala-prensa\/wp-content\/uploads\/2024\/07\/Gueguense.jpg","width":1200,"height":600,"caption":"Gueguense"},{"@type":"BreadcrumbList","@id":"https:\/\/www.visitcentroamerica.com\/sala-prensa\/actualidad\/nicaragua-y-sus-patrimonios-de-la-humanidad\/#breadcrumb","itemListElement":[{"@type":"ListItem","position":1,"name":"Portada","item":"https:\/\/www.visitcentroamerica.com\/sala-prensa\/"},{"@type":"ListItem","position":2,"name":"Nicaragua y sus patrimonios de la humanidad"}]},{"@type":"WebSite","@id":"https:\/\/www.visitcentroamerica.com\/sala-prensa\/#website","url":"https:\/\/www.visitcentroamerica.com\/sala-prensa\/","name":"Sala de prensa","description":"","potentialAction":[{"@type":"SearchAction","target":{"@type":"EntryPoint","urlTemplate":"https:\/\/www.visitcentroamerica.com\/sala-prensa\/?s={search_term_string}"},"query-input":{"@type":"PropertyValueSpecification","valueRequired":true,"valueName":"search_term_string"}}],"inLanguage":"es"},{"@type":"Person","@id":"https:\/\/www.visitcentroamerica.com\/sala-prensa\/#\/schema\/person\/0aa3bd0dbaabaead6089ee3dd0cd7ae5","name":"Denis Alvarado","image":{"@type":"ImageObject","inLanguage":"es","@id":"https:\/\/secure.gravatar.com\/avatar\/c31f0697f6edb7c68d5dedc2ccbd548d2a9f73aa293e81c6a1425229ec4c9135?s=96&d=mm&r=g","url":"https:\/\/secure.gravatar.com\/avatar\/c31f0697f6edb7c68d5dedc2ccbd548d2a9f73aa293e81c6a1425229ec4c9135?s=96&d=mm&r=g","contentUrl":"https:\/\/secure.gravatar.com\/avatar\/c31f0697f6edb7c68d5dedc2ccbd548d2a9f73aa293e81c6a1425229ec4c9135?s=96&d=mm&r=g","caption":"Denis Alvarado"},"url":"https:\/\/www.visitcentroamerica.com\/sala-prensa\/author\/denis\/"}]}},"_links":{"self":[{"href":"https:\/\/www.visitcentroamerica.com\/sala-prensa\/wp-json\/wp\/v2\/posts\/15576","targetHints":{"allow":["GET"]}}],"collection":[{"href":"https:\/\/www.visitcentroamerica.com\/sala-prensa\/wp-json\/wp\/v2\/posts"}],"about":[{"href":"https:\/\/www.visitcentroamerica.com\/sala-prensa\/wp-json\/wp\/v2\/types\/post"}],"author":[{"embeddable":true,"href":"https:\/\/www.visitcentroamerica.com\/sala-prensa\/wp-json\/wp\/v2\/users\/5"}],"replies":[{"embeddable":true,"href":"https:\/\/www.visitcentroamerica.com\/sala-prensa\/wp-json\/wp\/v2\/comments?post=15576"}],"version-history":[{"count":4,"href":"https:\/\/www.visitcentroamerica.com\/sala-prensa\/wp-json\/wp\/v2\/posts\/15576\/revisions"}],"predecessor-version":[{"id":15585,"href":"https:\/\/www.visitcentroamerica.com\/sala-prensa\/wp-json\/wp\/v2\/posts\/15576\/revisions\/15585"}],"wp:featuredmedia":[{"embeddable":true,"href":"https:\/\/www.visitcentroamerica.com\/sala-prensa\/wp-json\/wp\/v2\/media\/15578"}],"wp:attachment":[{"href":"https:\/\/www.visitcentroamerica.com\/sala-prensa\/wp-json\/wp\/v2\/media?parent=15576"}],"wp:term":[{"taxonomy":"category","embeddable":true,"href":"https:\/\/www.visitcentroamerica.com\/sala-prensa\/wp-json\/wp\/v2\/categories?post=15576"},{"taxonomy":"post_tag","embeddable":true,"href":"https:\/\/www.visitcentroamerica.com\/sala-prensa\/wp-json\/wp\/v2\/tags?post=15576"}],"curies":[{"name":"wp","href":"https:\/\/api.w.org\/{rel}","templated":true}]}}