{"id":15447,"date":"2024-05-18T09:47:23","date_gmt":"2024-05-18T07:47:23","guid":{"rendered":"https:\/\/www.visitcentroamerica.com\/sala-prensa\/?p=15447"},"modified":"2024-05-27T16:52:44","modified_gmt":"2024-05-27T14:52:44","slug":"adentrate-en-la-grandeza-de-centroamerica-de-la-mano-de-la-historia-los-volcanes-y-las-cascadas","status":"publish","type":"post","link":"https:\/\/www.visitcentroamerica.com\/sala-prensa\/viajar\/aventura\/adentrate-en-la-grandeza-de-centroamerica-de-la-mano-de-la-historia-los-volcanes-y-las-cascadas\/","title":{"rendered":"\u00a1Ad\u00e9ntrate en la grandeza de Centroam\u00e9rica de la mano de la historia, los volcanes y las cascadas!"},"content":{"rendered":"<p><img loading=\"lazy\" decoding=\"async\" class=\"alignnone size-full wp-image-15436\" src=\"https:\/\/www.visitcentroamerica.com\/sala-prensa\/wp-content\/uploads\/2024\/05\/Adentrate-en-la-grandeza-de-Centroamerica-de-la-mano-de-la-historia-los-volcanes-y-las-cascadas.jpg\" alt=\"\" width=\"1200\" height=\"600\" srcset=\"https:\/\/www.visitcentroamerica.com\/sala-prensa\/wp-content\/uploads\/2024\/05\/Adentrate-en-la-grandeza-de-Centroamerica-de-la-mano-de-la-historia-los-volcanes-y-las-cascadas.jpg 1200w, https:\/\/www.visitcentroamerica.com\/sala-prensa\/wp-content\/uploads\/2024\/05\/Adentrate-en-la-grandeza-de-Centroamerica-de-la-mano-de-la-historia-los-volcanes-y-las-cascadas-300x150.jpg 300w, https:\/\/www.visitcentroamerica.com\/sala-prensa\/wp-content\/uploads\/2024\/05\/Adentrate-en-la-grandeza-de-Centroamerica-de-la-mano-de-la-historia-los-volcanes-y-las-cascadas-1024x512.jpg 1024w, https:\/\/www.visitcentroamerica.com\/sala-prensa\/wp-content\/uploads\/2024\/05\/Adentrate-en-la-grandeza-de-Centroamerica-de-la-mano-de-la-historia-los-volcanes-y-las-cascadas-768x384.jpg 768w, https:\/\/www.visitcentroamerica.com\/sala-prensa\/wp-content\/uploads\/2024\/05\/Adentrate-en-la-grandeza-de-Centroamerica-de-la-mano-de-la-historia-los-volcanes-y-las-cascadas-696x348.jpg 696w, https:\/\/www.visitcentroamerica.com\/sala-prensa\/wp-content\/uploads\/2024\/05\/Adentrate-en-la-grandeza-de-Centroamerica-de-la-mano-de-la-historia-los-volcanes-y-las-cascadas-1068x534.jpg 1068w, https:\/\/www.visitcentroamerica.com\/sala-prensa\/wp-content\/uploads\/2024\/05\/Adentrate-en-la-grandeza-de-Centroamerica-de-la-mano-de-la-historia-los-volcanes-y-las-cascadas-840x420.jpg 840w, https:\/\/www.visitcentroamerica.com\/sala-prensa\/wp-content\/uploads\/2024\/05\/Adentrate-en-la-grandeza-de-Centroamerica-de-la-mano-de-la-historia-los-volcanes-y-las-cascadas-500x250.jpg 500w\" sizes=\"auto, (max-width: 1200px) 100vw, 1200px\" \/><\/p>\n<p>Prep\u00e1rate para una aventura inolvidable mientras exploras los tesoros mejor guardados del mundo arqueol\u00f3gico, conquistas los picos m\u00e1s imponentes de la regi\u00f3n y te sumerges en la frescura de las cascadas m\u00e1s impresionantes de Centroam\u00e9rica.<\/p>\n<p>Imagina caminar entre los vestigios de antiguas civilizaciones en Guatemala, donde los templos y las pir\u00e1mides mayas revelan los secretos de una \u00e9poca perdida. Admira la grandeza del volc\u00e1n Tajumulco, el m\u00e1s alto de la regi\u00f3n, y siente la emoci\u00f3n de conquistar sus cumbres mientras contemplas vistas panor\u00e1micas que te dejar\u00e1n sin aliento.<\/p>\n<p>\u00bfTe atreves a deslizarte por las faldas del Cerro Negro en Nicaragua practicando sandboarding? \u00bfO quiz\u00e1s prefieras caminar por la impresionante arquitectura colonial que te ofrece Rep\u00fablica Dominicana? La Catedral Primada de Am\u00e9rica o la Fortaleza Ozama, ambos declarados Patrimonio de la Humanidad por la UNESCO, son acompa\u00f1antes del merengue y la bachata en este magn\u00edfico lugar.<\/p>\n<p>Pero la aventura no acaba aqu\u00ed. Sum\u00e9rgete en la naturaleza salvaje mientras te maravillas con las cascadas m\u00e1s espectaculares de la regi\u00f3n. Descubre las impresionantes ca\u00eddas de Los Amates en Guatemala, el imponente Salto San Antonio en El Salvador o las espectaculares cataratas del Tuc\u00e1n en Honduras. Cada una te invita a sumergirte en sus aguas cristalinas y a conectar con la belleza natural que define a Centroam\u00e9rica.<\/p>\n<p>No pierdas la oportunidad de explorar Centroam\u00e9rica en su m\u00e1xima expresi\u00f3n a trav\u00e9s de esta odisea que combina aventura, historia y sobre todo, belleza. \u00a1Prep\u00e1rate para vivir una experiencia \u00fanica que te dejar\u00e1 recuerdos inolvidables en cada paso!<\/p>\n","protected":false},"excerpt":{"rendered":"<p>Prep\u00e1rate para una aventura inolvidable mientras exploras los tesoros mejor guardados del mundo arqueol\u00f3gico, conquistas los picos m\u00e1s imponentes de la regi\u00f3n y te sumerges en la frescura de las cascadas m\u00e1s impresionantes de Centroam\u00e9rica. Imagina caminar entre los vestigios de antiguas civilizaciones en Guatemala, donde los templos y las pir\u00e1mides mayas revelan los secretos [&hellip;]<\/p>\n","protected":false},"author":5,"featured_media":15448,"comment_status":"open","ping_status":"closed","sticky":false,"template":"","format":"standard","meta":{"footnotes":""},"categories":[28],"tags":[],"class_list":{"0":"post-15447","1":"post","2":"type-post","3":"status-publish","4":"format-standard","5":"has-post-thumbnail","7":"category-aventura"},"yoast_head":"<!-- This site is optimized with the Yoast SEO plugin v27.3 - https:\/\/yoast.com\/product\/yoast-seo-wordpress\/ -->\n<title>\u00a1Ad\u00e9ntrate en la grandeza de Centroam\u00e9rica de la mano de la historia, los volcanes y las cascadas! - Sala de prensa<\/title>\n<meta name=\"robots\" content=\"index, follow, max-snippet:-1, max-image-preview:large, max-video-preview:-1\" \/>\n<link rel=\"canonical\" href=\"https:\/\/www.visitcentroamerica.com\/sala-prensa\/viajar\/aventura\/adentrate-en-la-grandeza-de-centroamerica-de-la-mano-de-la-historia-los-volcanes-y-las-cascadas\/\" \/>\n<meta property=\"og:locale\" content=\"es_ES\" \/>\n<meta property=\"og:type\" content=\"article\" \/>\n<meta property=\"og:title\" content=\"\u00a1Ad\u00e9ntrate en la grandeza de Centroam\u00e9rica de la mano de la historia, los volcanes y las cascadas! - Sala de prensa\" \/>\n<meta property=\"og:description\" content=\"Prep\u00e1rate para una aventura inolvidable mientras exploras los tesoros mejor guardados del mundo arqueol\u00f3gico, conquistas los picos m\u00e1s imponentes de la regi\u00f3n y te sumerges en la frescura de las cascadas m\u00e1s impresionantes de Centroam\u00e9rica. Imagina caminar entre los vestigios de antiguas civilizaciones en Guatemala, donde los templos y las pir\u00e1mides mayas revelan los secretos [&hellip;]\" \/>\n<meta property=\"og:url\" content=\"https:\/\/www.visitcentroamerica.com\/sala-prensa\/viajar\/aventura\/adentrate-en-la-grandeza-de-centroamerica-de-la-mano-de-la-historia-los-volcanes-y-las-cascadas\/\" \/>\n<meta property=\"og:site_name\" content=\"Sala de prensa\" \/>\n<meta property=\"article:published_time\" content=\"2024-05-18T07:47:23+00:00\" \/>\n<meta property=\"article:modified_time\" content=\"2024-05-27T14:52:44+00:00\" \/>\n<meta property=\"og:image\" content=\"https:\/\/www.visitcentroamerica.com\/sala-prensa\/wp-content\/uploads\/2024\/05\/Adentrate-en-la-grandeza-de-Centroamerica-de-la-mano-de-la-historia-los-volcanes-y-las-cascadas-1.jpg\" \/>\n\t<meta property=\"og:image:width\" content=\"1200\" \/>\n\t<meta property=\"og:image:height\" content=\"600\" \/>\n\t<meta property=\"og:image:type\" content=\"image\/jpeg\" \/>\n<meta name=\"author\" content=\"Denis Alvarado\" \/>\n<meta name=\"twitter:card\" content=\"summary_large_image\" \/>\n<meta name=\"twitter:label1\" content=\"Escrito por\" \/>\n\t<meta name=\"twitter:data1\" content=\"Denis Alvarado\" \/>\n\t<meta name=\"twitter:label2\" content=\"Tiempo de lectura\" \/>\n\t<meta name=\"twitter:data2\" content=\"2 minutos\" \/>\n<script type=\"application\/ld+json\" class=\"yoast-schema-graph\">{\"@context\":\"https:\\\/\\\/schema.org\",\"@graph\":[{\"@type\":\"Article\",\"@id\":\"https:\\\/\\\/www.visitcentroamerica.com\\\/sala-prensa\\\/viajar\\\/aventura\\\/adentrate-en-la-grandeza-de-centroamerica-de-la-mano-de-la-historia-los-volcanes-y-las-cascadas\\\/#article\",\"isPartOf\":{\"@id\":\"https:\\\/\\\/www.visitcentroamerica.com\\\/sala-prensa\\\/viajar\\\/aventura\\\/adentrate-en-la-grandeza-de-centroamerica-de-la-mano-de-la-historia-los-volcanes-y-las-cascadas\\\/\"},\"author\":{\"name\":\"Denis Alvarado\",\"@id\":\"https:\\\/\\\/www.visitcentroamerica.com\\\/sala-prensa\\\/#\\\/schema\\\/person\\\/0aa3bd0dbaabaead6089ee3dd0cd7ae5\"},\"headline\":\"\u00a1Ad\u00e9ntrate en la grandeza de Centroam\u00e9rica de la mano de la historia, los volcanes y las cascadas!\",\"datePublished\":\"2024-05-18T07:47:23+00:00\",\"dateModified\":\"2024-05-27T14:52:44+00:00\",\"mainEntityOfPage\":{\"@id\":\"https:\\\/\\\/www.visitcentroamerica.com\\\/sala-prensa\\\/viajar\\\/aventura\\\/adentrate-en-la-grandeza-de-centroamerica-de-la-mano-de-la-historia-los-volcanes-y-las-cascadas\\\/\"},\"wordCount\":299,\"commentCount\":0,\"image\":{\"@id\":\"https:\\\/\\\/www.visitcentroamerica.com\\\/sala-prensa\\\/viajar\\\/aventura\\\/adentrate-en-la-grandeza-de-centroamerica-de-la-mano-de-la-historia-los-volcanes-y-las-cascadas\\\/#primaryimage\"},\"thumbnailUrl\":\"https:\\\/\\\/www.visitcentroamerica.com\\\/sala-prensa\\\/wp-content\\\/uploads\\\/2024\\\/05\\\/Adentrate-en-la-grandeza-de-Centroamerica-de-la-mano-de-la-historia-los-volcanes-y-las-cascadas-1.jpg\",\"articleSection\":[\"Aventura\"],\"inLanguage\":\"es\",\"potentialAction\":[{\"@type\":\"CommentAction\",\"name\":\"Comment\",\"target\":[\"https:\\\/\\\/www.visitcentroamerica.com\\\/sala-prensa\\\/viajar\\\/aventura\\\/adentrate-en-la-grandeza-de-centroamerica-de-la-mano-de-la-historia-los-volcanes-y-las-cascadas\\\/#respond\"]}]},{\"@type\":\"WebPage\",\"@id\":\"https:\\\/\\\/www.visitcentroamerica.com\\\/sala-prensa\\\/viajar\\\/aventura\\\/adentrate-en-la-grandeza-de-centroamerica-de-la-mano-de-la-historia-los-volcanes-y-las-cascadas\\\/\",\"url\":\"https:\\\/\\\/www.visitcentroamerica.com\\\/sala-prensa\\\/viajar\\\/aventura\\\/adentrate-en-la-grandeza-de-centroamerica-de-la-mano-de-la-historia-los-volcanes-y-las-cascadas\\\/\",\"name\":\"\u00a1Ad\u00e9ntrate en la grandeza de Centroam\u00e9rica de la mano de la historia, los volcanes y las cascadas! - Sala de prensa\",\"isPartOf\":{\"@id\":\"https:\\\/\\\/www.visitcentroamerica.com\\\/sala-prensa\\\/#website\"},\"primaryImageOfPage\":{\"@id\":\"https:\\\/\\\/www.visitcentroamerica.com\\\/sala-prensa\\\/viajar\\\/aventura\\\/adentrate-en-la-grandeza-de-centroamerica-de-la-mano-de-la-historia-los-volcanes-y-las-cascadas\\\/#primaryimage\"},\"image\":{\"@id\":\"https:\\\/\\\/www.visitcentroamerica.com\\\/sala-prensa\\\/viajar\\\/aventura\\\/adentrate-en-la-grandeza-de-centroamerica-de-la-mano-de-la-historia-los-volcanes-y-las-cascadas\\\/#primaryimage\"},\"thumbnailUrl\":\"https:\\\/\\\/www.visitcentroamerica.com\\\/sala-prensa\\\/wp-content\\\/uploads\\\/2024\\\/05\\\/Adentrate-en-la-grandeza-de-Centroamerica-de-la-mano-de-la-historia-los-volcanes-y-las-cascadas-1.jpg\",\"datePublished\":\"2024-05-18T07:47:23+00:00\",\"dateModified\":\"2024-05-27T14:52:44+00:00\",\"author\":{\"@id\":\"https:\\\/\\\/www.visitcentroamerica.com\\\/sala-prensa\\\/#\\\/schema\\\/person\\\/0aa3bd0dbaabaead6089ee3dd0cd7ae5\"},\"breadcrumb\":{\"@id\":\"https:\\\/\\\/www.visitcentroamerica.com\\\/sala-prensa\\\/viajar\\\/aventura\\\/adentrate-en-la-grandeza-de-centroamerica-de-la-mano-de-la-historia-los-volcanes-y-las-cascadas\\\/#breadcrumb\"},\"inLanguage\":\"es\",\"potentialAction\":[{\"@type\":\"ReadAction\",\"target\":[\"https:\\\/\\\/www.visitcentroamerica.com\\\/sala-prensa\\\/viajar\\\/aventura\\\/adentrate-en-la-grandeza-de-centroamerica-de-la-mano-de-la-historia-los-volcanes-y-las-cascadas\\\/\"]}]},{\"@type\":\"ImageObject\",\"inLanguage\":\"es\",\"@id\":\"https:\\\/\\\/www.visitcentroamerica.com\\\/sala-prensa\\\/viajar\\\/aventura\\\/adentrate-en-la-grandeza-de-centroamerica-de-la-mano-de-la-historia-los-volcanes-y-las-cascadas\\\/#primaryimage\",\"url\":\"https:\\\/\\\/www.visitcentroamerica.com\\\/sala-prensa\\\/wp-content\\\/uploads\\\/2024\\\/05\\\/Adentrate-en-la-grandeza-de-Centroamerica-de-la-mano-de-la-historia-los-volcanes-y-las-cascadas-1.jpg\",\"contentUrl\":\"https:\\\/\\\/www.visitcentroamerica.com\\\/sala-prensa\\\/wp-content\\\/uploads\\\/2024\\\/05\\\/Adentrate-en-la-grandeza-de-Centroamerica-de-la-mano-de-la-historia-los-volcanes-y-las-cascadas-1.jpg\",\"width\":1200,\"height\":600},{\"@type\":\"BreadcrumbList\",\"@id\":\"https:\\\/\\\/www.visitcentroamerica.com\\\/sala-prensa\\\/viajar\\\/aventura\\\/adentrate-en-la-grandeza-de-centroamerica-de-la-mano-de-la-historia-los-volcanes-y-las-cascadas\\\/#breadcrumb\",\"itemListElement\":[{\"@type\":\"ListItem\",\"position\":1,\"name\":\"Portada\",\"item\":\"https:\\\/\\\/www.visitcentroamerica.com\\\/sala-prensa\\\/\"},{\"@type\":\"ListItem\",\"position\":2,\"name\":\"\u00a1Ad\u00e9ntrate en la grandeza de Centroam\u00e9rica de la mano de la historia, los volcanes y las cascadas!\"}]},{\"@type\":\"WebSite\",\"@id\":\"https:\\\/\\\/www.visitcentroamerica.com\\\/sala-prensa\\\/#website\",\"url\":\"https:\\\/\\\/www.visitcentroamerica.com\\\/sala-prensa\\\/\",\"name\":\"Sala de prensa\",\"description\":\"\",\"potentialAction\":[{\"@type\":\"SearchAction\",\"target\":{\"@type\":\"EntryPoint\",\"urlTemplate\":\"https:\\\/\\\/www.visitcentroamerica.com\\\/sala-prensa\\\/?s={search_term_string}\"},\"query-input\":{\"@type\":\"PropertyValueSpecification\",\"valueRequired\":true,\"valueName\":\"search_term_string\"}}],\"inLanguage\":\"es\"},{\"@type\":\"Person\",\"@id\":\"https:\\\/\\\/www.visitcentroamerica.com\\\/sala-prensa\\\/#\\\/schema\\\/person\\\/0aa3bd0dbaabaead6089ee3dd0cd7ae5\",\"name\":\"Denis Alvarado\",\"image\":{\"@type\":\"ImageObject\",\"inLanguage\":\"es\",\"@id\":\"https:\\\/\\\/secure.gravatar.com\\\/avatar\\\/c31f0697f6edb7c68d5dedc2ccbd548d2a9f73aa293e81c6a1425229ec4c9135?s=96&d=mm&r=g\",\"url\":\"https:\\\/\\\/secure.gravatar.com\\\/avatar\\\/c31f0697f6edb7c68d5dedc2ccbd548d2a9f73aa293e81c6a1425229ec4c9135?s=96&d=mm&r=g\",\"contentUrl\":\"https:\\\/\\\/secure.gravatar.com\\\/avatar\\\/c31f0697f6edb7c68d5dedc2ccbd548d2a9f73aa293e81c6a1425229ec4c9135?s=96&d=mm&r=g\",\"caption\":\"Denis Alvarado\"},\"url\":\"https:\\\/\\\/www.visitcentroamerica.com\\\/sala-prensa\\\/author\\\/denis\\\/\"}]}<\/script>\n<!-- \/ Yoast SEO plugin. -->","yoast_head_json":{"title":"\u00a1Ad\u00e9ntrate en la grandeza de Centroam\u00e9rica de la mano de la historia, los volcanes y las cascadas! - Sala de prensa","robots":{"index":"index","follow":"follow","max-snippet":"max-snippet:-1","max-image-preview":"max-image-preview:large","max-video-preview":"max-video-preview:-1"},"canonical":"https:\/\/www.visitcentroamerica.com\/sala-prensa\/viajar\/aventura\/adentrate-en-la-grandeza-de-centroamerica-de-la-mano-de-la-historia-los-volcanes-y-las-cascadas\/","og_locale":"es_ES","og_type":"article","og_title":"\u00a1Ad\u00e9ntrate en la grandeza de Centroam\u00e9rica de la mano de la historia, los volcanes y las cascadas! - Sala de prensa","og_description":"Prep\u00e1rate para una aventura inolvidable mientras exploras los tesoros mejor guardados del mundo arqueol\u00f3gico, conquistas los picos m\u00e1s imponentes de la regi\u00f3n y te sumerges en la frescura de las cascadas m\u00e1s impresionantes de Centroam\u00e9rica. Imagina caminar entre los vestigios de antiguas civilizaciones en Guatemala, donde los templos y las pir\u00e1mides mayas revelan los secretos [&hellip;]","og_url":"https:\/\/www.visitcentroamerica.com\/sala-prensa\/viajar\/aventura\/adentrate-en-la-grandeza-de-centroamerica-de-la-mano-de-la-historia-los-volcanes-y-las-cascadas\/","og_site_name":"Sala de prensa","article_published_time":"2024-05-18T07:47:23+00:00","article_modified_time":"2024-05-27T14:52:44+00:00","og_image":[{"width":1200,"height":600,"url":"https:\/\/www.visitcentroamerica.com\/sala-prensa\/wp-content\/uploads\/2024\/05\/Adentrate-en-la-grandeza-de-Centroamerica-de-la-mano-de-la-historia-los-volcanes-y-las-cascadas-1.jpg","type":"image\/jpeg"}],"author":"Denis Alvarado","twitter_card":"summary_large_image","twitter_misc":{"Escrito por":"Denis Alvarado","Tiempo de lectura":"2 minutos"},"schema":{"@context":"https:\/\/schema.org","@graph":[{"@type":"Article","@id":"https:\/\/www.visitcentroamerica.com\/sala-prensa\/viajar\/aventura\/adentrate-en-la-grandeza-de-centroamerica-de-la-mano-de-la-historia-los-volcanes-y-las-cascadas\/#article","isPartOf":{"@id":"https:\/\/www.visitcentroamerica.com\/sala-prensa\/viajar\/aventura\/adentrate-en-la-grandeza-de-centroamerica-de-la-mano-de-la-historia-los-volcanes-y-las-cascadas\/"},"author":{"name":"Denis Alvarado","@id":"https:\/\/www.visitcentroamerica.com\/sala-prensa\/#\/schema\/person\/0aa3bd0dbaabaead6089ee3dd0cd7ae5"},"headline":"\u00a1Ad\u00e9ntrate en la grandeza de Centroam\u00e9rica de la mano de la historia, los volcanes y las cascadas!","datePublished":"2024-05-18T07:47:23+00:00","dateModified":"2024-05-27T14:52:44+00:00","mainEntityOfPage":{"@id":"https:\/\/www.visitcentroamerica.com\/sala-prensa\/viajar\/aventura\/adentrate-en-la-grandeza-de-centroamerica-de-la-mano-de-la-historia-los-volcanes-y-las-cascadas\/"},"wordCount":299,"commentCount":0,"image":{"@id":"https:\/\/www.visitcentroamerica.com\/sala-prensa\/viajar\/aventura\/adentrate-en-la-grandeza-de-centroamerica-de-la-mano-de-la-historia-los-volcanes-y-las-cascadas\/#primaryimage"},"thumbnailUrl":"https:\/\/www.visitcentroamerica.com\/sala-prensa\/wp-content\/uploads\/2024\/05\/Adentrate-en-la-grandeza-de-Centroamerica-de-la-mano-de-la-historia-los-volcanes-y-las-cascadas-1.jpg","articleSection":["Aventura"],"inLanguage":"es","potentialAction":[{"@type":"CommentAction","name":"Comment","target":["https:\/\/www.visitcentroamerica.com\/sala-prensa\/viajar\/aventura\/adentrate-en-la-grandeza-de-centroamerica-de-la-mano-de-la-historia-los-volcanes-y-las-cascadas\/#respond"]}]},{"@type":"WebPage","@id":"https:\/\/www.visitcentroamerica.com\/sala-prensa\/viajar\/aventura\/adentrate-en-la-grandeza-de-centroamerica-de-la-mano-de-la-historia-los-volcanes-y-las-cascadas\/","url":"https:\/\/www.visitcentroamerica.com\/sala-prensa\/viajar\/aventura\/adentrate-en-la-grandeza-de-centroamerica-de-la-mano-de-la-historia-los-volcanes-y-las-cascadas\/","name":"\u00a1Ad\u00e9ntrate en la grandeza de Centroam\u00e9rica de la mano de la historia, los volcanes y las cascadas! - Sala de prensa","isPartOf":{"@id":"https:\/\/www.visitcentroamerica.com\/sala-prensa\/#website"},"primaryImageOfPage":{"@id":"https:\/\/www.visitcentroamerica.com\/sala-prensa\/viajar\/aventura\/adentrate-en-la-grandeza-de-centroamerica-de-la-mano-de-la-historia-los-volcanes-y-las-cascadas\/#primaryimage"},"image":{"@id":"https:\/\/www.visitcentroamerica.com\/sala-prensa\/viajar\/aventura\/adentrate-en-la-grandeza-de-centroamerica-de-la-mano-de-la-historia-los-volcanes-y-las-cascadas\/#primaryimage"},"thumbnailUrl":"https:\/\/www.visitcentroamerica.com\/sala-prensa\/wp-content\/uploads\/2024\/05\/Adentrate-en-la-grandeza-de-Centroamerica-de-la-mano-de-la-historia-los-volcanes-y-las-cascadas-1.jpg","datePublished":"2024-05-18T07:47:23+00:00","dateModified":"2024-05-27T14:52:44+00:00","author":{"@id":"https:\/\/www.visitcentroamerica.com\/sala-prensa\/#\/schema\/person\/0aa3bd0dbaabaead6089ee3dd0cd7ae5"},"breadcrumb":{"@id":"https:\/\/www.visitcentroamerica.com\/sala-prensa\/viajar\/aventura\/adentrate-en-la-grandeza-de-centroamerica-de-la-mano-de-la-historia-los-volcanes-y-las-cascadas\/#breadcrumb"},"inLanguage":"es","potentialAction":[{"@type":"ReadAction","target":["https:\/\/www.visitcentroamerica.com\/sala-prensa\/viajar\/aventura\/adentrate-en-la-grandeza-de-centroamerica-de-la-mano-de-la-historia-los-volcanes-y-las-cascadas\/"]}]},{"@type":"ImageObject","inLanguage":"es","@id":"https:\/\/www.visitcentroamerica.com\/sala-prensa\/viajar\/aventura\/adentrate-en-la-grandeza-de-centroamerica-de-la-mano-de-la-historia-los-volcanes-y-las-cascadas\/#primaryimage","url":"https:\/\/www.visitcentroamerica.com\/sala-prensa\/wp-content\/uploads\/2024\/05\/Adentrate-en-la-grandeza-de-Centroamerica-de-la-mano-de-la-historia-los-volcanes-y-las-cascadas-1.jpg","contentUrl":"https:\/\/www.visitcentroamerica.com\/sala-prensa\/wp-content\/uploads\/2024\/05\/Adentrate-en-la-grandeza-de-Centroamerica-de-la-mano-de-la-historia-los-volcanes-y-las-cascadas-1.jpg","width":1200,"height":600},{"@type":"BreadcrumbList","@id":"https:\/\/www.visitcentroamerica.com\/sala-prensa\/viajar\/aventura\/adentrate-en-la-grandeza-de-centroamerica-de-la-mano-de-la-historia-los-volcanes-y-las-cascadas\/#breadcrumb","itemListElement":[{"@type":"ListItem","position":1,"name":"Portada","item":"https:\/\/www.visitcentroamerica.com\/sala-prensa\/"},{"@type":"ListItem","position":2,"name":"\u00a1Ad\u00e9ntrate en la grandeza de Centroam\u00e9rica de la mano de la historia, los volcanes y las cascadas!"}]},{"@type":"WebSite","@id":"https:\/\/www.visitcentroamerica.com\/sala-prensa\/#website","url":"https:\/\/www.visitcentroamerica.com\/sala-prensa\/","name":"Sala de prensa","description":"","potentialAction":[{"@type":"SearchAction","target":{"@type":"EntryPoint","urlTemplate":"https:\/\/www.visitcentroamerica.com\/sala-prensa\/?s={search_term_string}"},"query-input":{"@type":"PropertyValueSpecification","valueRequired":true,"valueName":"search_term_string"}}],"inLanguage":"es"},{"@type":"Person","@id":"https:\/\/www.visitcentroamerica.com\/sala-prensa\/#\/schema\/person\/0aa3bd0dbaabaead6089ee3dd0cd7ae5","name":"Denis Alvarado","image":{"@type":"ImageObject","inLanguage":"es","@id":"https:\/\/secure.gravatar.com\/avatar\/c31f0697f6edb7c68d5dedc2ccbd548d2a9f73aa293e81c6a1425229ec4c9135?s=96&d=mm&r=g","url":"https:\/\/secure.gravatar.com\/avatar\/c31f0697f6edb7c68d5dedc2ccbd548d2a9f73aa293e81c6a1425229ec4c9135?s=96&d=mm&r=g","contentUrl":"https:\/\/secure.gravatar.com\/avatar\/c31f0697f6edb7c68d5dedc2ccbd548d2a9f73aa293e81c6a1425229ec4c9135?s=96&d=mm&r=g","caption":"Denis Alvarado"},"url":"https:\/\/www.visitcentroamerica.com\/sala-prensa\/author\/denis\/"}]}},"_links":{"self":[{"href":"https:\/\/www.visitcentroamerica.com\/sala-prensa\/wp-json\/wp\/v2\/posts\/15447","targetHints":{"allow":["GET"]}}],"collection":[{"href":"https:\/\/www.visitcentroamerica.com\/sala-prensa\/wp-json\/wp\/v2\/posts"}],"about":[{"href":"https:\/\/www.visitcentroamerica.com\/sala-prensa\/wp-json\/wp\/v2\/types\/post"}],"author":[{"embeddable":true,"href":"https:\/\/www.visitcentroamerica.com\/sala-prensa\/wp-json\/wp\/v2\/users\/5"}],"replies":[{"embeddable":true,"href":"https:\/\/www.visitcentroamerica.com\/sala-prensa\/wp-json\/wp\/v2\/comments?post=15447"}],"version-history":[{"count":3,"href":"https:\/\/www.visitcentroamerica.com\/sala-prensa\/wp-json\/wp\/v2\/posts\/15447\/revisions"}],"predecessor-version":[{"id":15569,"href":"https:\/\/www.visitcentroamerica.com\/sala-prensa\/wp-json\/wp\/v2\/posts\/15447\/revisions\/15569"}],"wp:featuredmedia":[{"embeddable":true,"href":"https:\/\/www.visitcentroamerica.com\/sala-prensa\/wp-json\/wp\/v2\/media\/15448"}],"wp:attachment":[{"href":"https:\/\/www.visitcentroamerica.com\/sala-prensa\/wp-json\/wp\/v2\/media?parent=15447"}],"wp:term":[{"taxonomy":"category","embeddable":true,"href":"https:\/\/www.visitcentroamerica.com\/sala-prensa\/wp-json\/wp\/v2\/categories?post=15447"},{"taxonomy":"post_tag","embeddable":true,"href":"https:\/\/www.visitcentroamerica.com\/sala-prensa\/wp-json\/wp\/v2\/tags?post=15447"}],"curies":[{"name":"wp","href":"https:\/\/api.w.org\/{rel}","templated":true}]}}