{"id":15386,"date":"2024-02-28T10:20:07","date_gmt":"2024-02-28T09:20:07","guid":{"rendered":"https:\/\/www.visitcentroamerica.com\/sala-prensa\/?p=15386"},"modified":"2024-04-26T10:42:06","modified_gmt":"2024-04-26T08:42:06","slug":"breves-informativas-del-turismo-centroamericano","status":"publish","type":"post","link":"https:\/\/www.visitcentroamerica.com\/sala-prensa\/actualidad\/breves-informativas-del-turismo-centroamericano\/","title":{"rendered":"Breves informativas del turismo centroamericano"},"content":{"rendered":"<div class=\"wpb-content-wrapper\"><div id=\"tdi_1\" class=\"tdc-row\"><div class=\"vc_row tdi_2  wpb_row td-pb-row\" >\n<style scoped>\n\/* custom css - generated by TagDiv Composer *\/\n\n\/* custom css - generated by TagDiv Composer *\/\n.tdi_2,\r\n                .tdi_2 .tdc-columns{\r\n                    min-height: 0;\r\n                }.tdi_2,\r\n\t\t\t\t.tdi_2 .tdc-columns{\r\n\t\t\t\t    display: block;\r\n\t\t\t\t}.tdi_2 .tdc-columns{\r\n\t\t\t\t    width: 100%;\r\n\t\t\t\t}.tdi_2:before,\r\n\t\t\t\t.tdi_2:after{\r\n\t\t\t\t    display: table;\r\n\t\t\t\t}\n<\/style><div class=\"vc_column tdi_4  wpb_column vc_column_container tdc-column td-pb-span12\">\n<style scoped>\n\/* custom css - generated by TagDiv Composer *\/\n\n\/* custom css - generated by TagDiv Composer *\/\n.tdi_4{\r\n                    vertical-align: baseline;\r\n                }.tdi_4 > .wpb_wrapper,\r\n\t\t\t\t.tdi_4 > .wpb_wrapper > .tdc-elements{\r\n\t\t\t\t    display: block;\r\n\t\t\t\t}.tdi_4 > .wpb_wrapper > .tdc-elements{\r\n\t\t\t\t    width: 100%;\r\n\t\t\t\t}.tdi_4 > .wpb_wrapper > .vc_row_inner{\r\n\t\t\t\t    width: auto;\r\n\t\t\t\t}.tdi_4 > .wpb_wrapper{\r\n\t\t\t\t    width: auto;\r\n\t\t\t\t    height: auto;\r\n\t\t\t\t}\n<\/style><div class=\"wpb_wrapper\" >[vc_single_image image=\u00bb15387&#8243; img_size=\u00bbfull\u00bb]<\/div><\/div><\/div><\/div><div id=\"tdi_5\" class=\"tdc-row\"><div class=\"vc_row tdi_6  wpb_row td-pb-row\" >\n<style scoped>\n\/* custom css - generated by TagDiv Composer *\/\n\n\/* custom css - generated by TagDiv Composer *\/\n.tdi_6,\r\n                .tdi_6 .tdc-columns{\r\n                    min-height: 0;\r\n                }.tdi_6,\r\n\t\t\t\t.tdi_6 .tdc-columns{\r\n\t\t\t\t    display: block;\r\n\t\t\t\t}.tdi_6 .tdc-columns{\r\n\t\t\t\t    width: 100%;\r\n\t\t\t\t}.tdi_6:before,\r\n\t\t\t\t.tdi_6:after{\r\n\t\t\t\t    display: table;\r\n\t\t\t\t}\n<\/style><div class=\"vc_column tdi_8  wpb_column vc_column_container tdc-column td-pb-span12\">\n<style scoped>\n\/* custom css - generated by TagDiv Composer *\/\n\n\/* custom css - generated by TagDiv Composer *\/\n.tdi_8{\r\n                    vertical-align: baseline;\r\n                }.tdi_8 > .wpb_wrapper,\r\n\t\t\t\t.tdi_8 > .wpb_wrapper > .tdc-elements{\r\n\t\t\t\t    display: block;\r\n\t\t\t\t}.tdi_8 > .wpb_wrapper > .tdc-elements{\r\n\t\t\t\t    width: 100%;\r\n\t\t\t\t}.tdi_8 > .wpb_wrapper > .vc_row_inner{\r\n\t\t\t\t    width: auto;\r\n\t\t\t\t}.tdi_8 > .wpb_wrapper{\r\n\t\t\t\t    width: auto;\r\n\t\t\t\t    height: auto;\r\n\t\t\t\t}\n<\/style><div class=\"wpb_wrapper\" >[vc_column_text]<\/p>\n<h3>Guatemala en la Red Mundial de Destinos de Turismo Religioso<\/h3>\n<p>Guatemala se ha unido a la Red Mundial de Destinos de Turismo Religioso. De hecho, uno de los aspectos m\u00e1s destacados del patrimonio de Guatemala es su solemnidad y fervor espiritual, lo que lo convierte en un destino extremadamente atractivo para el turismo religioso. Por ejemplo, la Semana Santa en Guatemala, declarada Patrimonio Cultural de la Naci\u00f3n en 2008 y Patrimonio Inmaterial de la Humanidad por la UNESCO en 2022, ofrece una serie de actividades muy importantes. Como procesiones, en las que participan miles de personas, que viven un momento espiritual y de conexi\u00f3n social y cultural.<\/p>\n<p>Durante el per\u00edodo de la Semana Santa de 2023, 2.971.889 turistas nacionales y 134.291 internacionales fueron atra\u00eddos por las celebraciones, quienes presenciaron y participaron en la creaci\u00f3n de tapetes coloridos y espectaculares hechos con flores, peregrinaciones y, por supuesto, disfrutaron de la gastronom\u00eda t\u00edpica de estos d\u00edas.[\/vc_column_text]<\/div><\/div><\/div><\/div><div id=\"tdi_9\" class=\"tdc-row\"><div class=\"vc_row tdi_10  wpb_row td-pb-row\" >\n<style scoped>\n\/* custom css - generated by TagDiv Composer *\/\n\n\/* custom css - generated by TagDiv Composer *\/\n.tdi_10,\r\n                .tdi_10 .tdc-columns{\r\n                    min-height: 0;\r\n                }.tdi_10,\r\n\t\t\t\t.tdi_10 .tdc-columns{\r\n\t\t\t\t    display: block;\r\n\t\t\t\t}.tdi_10 .tdc-columns{\r\n\t\t\t\t    width: 100%;\r\n\t\t\t\t}.tdi_10:before,\r\n\t\t\t\t.tdi_10:after{\r\n\t\t\t\t    display: table;\r\n\t\t\t\t}\n<\/style><div class=\"vc_column tdi_12  wpb_column vc_column_container tdc-column td-pb-span6\">\n<style scoped>\n\/* custom css - generated by TagDiv Composer *\/\n\n\/* custom css - generated by TagDiv Composer *\/\n.tdi_12{\r\n                    vertical-align: baseline;\r\n                }.tdi_12 > .wpb_wrapper,\r\n\t\t\t\t.tdi_12 > .wpb_wrapper > .tdc-elements{\r\n\t\t\t\t    display: block;\r\n\t\t\t\t}.tdi_12 > .wpb_wrapper > .tdc-elements{\r\n\t\t\t\t    width: 100%;\r\n\t\t\t\t}.tdi_12 > .wpb_wrapper > .vc_row_inner{\r\n\t\t\t\t    width: auto;\r\n\t\t\t\t}.tdi_12 > .wpb_wrapper{\r\n\t\t\t\t    width: auto;\r\n\t\t\t\t    height: auto;\r\n\t\t\t\t}\n<\/style><div class=\"wpb_wrapper\" >[vc_column_text]El director general de INGUAT, Harris Whitbeck, declar\u00f3: \u00abLa oportunidad ofrecida por el turismo religioso desempe\u00f1a un papel fundamental en la promoci\u00f3n y conservaci\u00f3n del patrimonio cultural y espiritual de Guatemala. Ser parte de la Red Mundial de Destinos de Turismo Religioso es de suma importancia, ya que nos permitir\u00e1 diversificar y ampliar la oferta tur\u00edstica, adem\u00e1s de posicionar al pa\u00eds como un destino de referencia para aquellos viajeros que buscan experiencias \u00fanicas en entornos sagrados y tradiciones de vida\u00bb.[\/vc_column_text]<\/div><\/div><div class=\"vc_column tdi_14  wpb_column vc_column_container tdc-column td-pb-span6\">\n<style scoped>\n\/* custom css - generated by TagDiv Composer *\/\n\n\/* custom css - generated by TagDiv Composer *\/\n.tdi_14{\r\n                    vertical-align: baseline;\r\n                }.tdi_14 > .wpb_wrapper,\r\n\t\t\t\t.tdi_14 > .wpb_wrapper > .tdc-elements{\r\n\t\t\t\t    display: block;\r\n\t\t\t\t}.tdi_14 > .wpb_wrapper > .tdc-elements{\r\n\t\t\t\t    width: 100%;\r\n\t\t\t\t}.tdi_14 > .wpb_wrapper > .vc_row_inner{\r\n\t\t\t\t    width: auto;\r\n\t\t\t\t}.tdi_14 > .wpb_wrapper{\r\n\t\t\t\t    width: auto;\r\n\t\t\t\t    height: auto;\r\n\t\t\t\t}\n<\/style><div class=\"wpb_wrapper\" >[vc_single_image image=\u00bb15389&#8243; img_size=\u00bbfull\u00bb]<\/div><\/div><\/div><\/div><div id=\"tdi_15\" class=\"tdc-row\"><div class=\"vc_row tdi_16  wpb_row td-pb-row\" >\n<style scoped>\n\/* custom css - generated by TagDiv Composer *\/\n\n\/* custom css - generated by TagDiv Composer *\/\n.tdi_16,\r\n                .tdi_16 .tdc-columns{\r\n                    min-height: 0;\r\n                }.tdi_16,\r\n\t\t\t\t.tdi_16 .tdc-columns{\r\n\t\t\t\t    display: block;\r\n\t\t\t\t}.tdi_16 .tdc-columns{\r\n\t\t\t\t    width: 100%;\r\n\t\t\t\t}.tdi_16:before,\r\n\t\t\t\t.tdi_16:after{\r\n\t\t\t\t    display: table;\r\n\t\t\t\t}\n<\/style><div class=\"vc_column tdi_18  wpb_column vc_column_container tdc-column td-pb-span12\">\n<style scoped>\n\/* custom css - generated by TagDiv Composer *\/\n\n\/* custom css - generated by TagDiv Composer *\/\n.tdi_18{\r\n                    vertical-align: baseline;\r\n                }.tdi_18 > .wpb_wrapper,\r\n\t\t\t\t.tdi_18 > .wpb_wrapper > .tdc-elements{\r\n\t\t\t\t    display: block;\r\n\t\t\t\t}.tdi_18 > .wpb_wrapper > .tdc-elements{\r\n\t\t\t\t    width: 100%;\r\n\t\t\t\t}.tdi_18 > .wpb_wrapper > .vc_row_inner{\r\n\t\t\t\t    width: auto;\r\n\t\t\t\t}.tdi_18 > .wpb_wrapper{\r\n\t\t\t\t    width: auto;\r\n\t\t\t\t    height: auto;\r\n\t\t\t\t}\n<\/style><div class=\"wpb_wrapper\" >[vc_column_text]Recientemente, el Instituto Guatemalteco de Turismo (INGUAT) ha publicado los resultados obtenidos por el sector tur\u00edstico en 2023, con un total de 2,649,967 visitantes no residentes que han visitado Guatemala, lo que representa un aumento del 44% respecto al a\u00f1o anterior. El pa\u00eds atrajo a 90,368 turistas m\u00e1s que en 2019.[\/vc_column_text]<\/div><\/div><\/div><\/div><div id=\"tdi_19\" class=\"tdc-row\"><div class=\"vc_row tdi_20  wpb_row td-pb-row\" >\n<style scoped>\n\/* custom css - generated by TagDiv Composer *\/\n\n\/* custom css - generated by TagDiv Composer *\/\n.tdi_20,\r\n                .tdi_20 .tdc-columns{\r\n                    min-height: 0;\r\n                }.tdi_20,\r\n\t\t\t\t.tdi_20 .tdc-columns{\r\n\t\t\t\t    display: block;\r\n\t\t\t\t}.tdi_20 .tdc-columns{\r\n\t\t\t\t    width: 100%;\r\n\t\t\t\t}.tdi_20:before,\r\n\t\t\t\t.tdi_20:after{\r\n\t\t\t\t    display: table;\r\n\t\t\t\t}\n<\/style><div class=\"vc_column tdi_22  wpb_column vc_column_container tdc-column td-pb-span12\">\n<style scoped>\n\/* custom css - generated by TagDiv Composer *\/\n\n\/* custom css - generated by TagDiv Composer *\/\n.tdi_22{\r\n                    vertical-align: baseline;\r\n                }.tdi_22 > .wpb_wrapper,\r\n\t\t\t\t.tdi_22 > .wpb_wrapper > .tdc-elements{\r\n\t\t\t\t    display: block;\r\n\t\t\t\t}.tdi_22 > .wpb_wrapper > .tdc-elements{\r\n\t\t\t\t    width: 100%;\r\n\t\t\t\t}.tdi_22 > .wpb_wrapper > .vc_row_inner{\r\n\t\t\t\t    width: auto;\r\n\t\t\t\t}.tdi_22 > .wpb_wrapper{\r\n\t\t\t\t    width: auto;\r\n\t\t\t\t    height: auto;\r\n\t\t\t\t}\n<\/style><div class=\"wpb_wrapper\" >[vc_column_text]<\/p>\n<h3>Nicaragua, aument\u00f3 visitantes en 2023<\/h3>\n<p>Seg\u00fan el informe del Banco Central de Nicaragua sobre los ingresos tur\u00edsticos en 2023, la llegada de m\u00e1s de un mill\u00f3n y 202 mil visitantes gener\u00f3 una contribuci\u00f3n de 739.2 millones de d\u00f3lares al sistema tur\u00edstico del pa\u00eds. En 2022, Nicaragua recibi\u00f3 a 932.7 mil personas, con ingresos de 595.6 millones de d\u00f3lares, mientras que, en 2023, las llegadas y los ingresos aumentaron en un 28.9% y un 24.1%, respectivamente. Tambi\u00e9n aumentaron el gasto medio por persona, que fue de 43.3 d\u00f3lares, y la estad\u00eda promedio de 10.6 d\u00edas por persona. Los visitantes llegaron de Am\u00e9rica del Norte, Centroam\u00e9rica y Europa.[\/vc_column_text]<\/div><\/div><\/div><\/div><div id=\"tdi_23\" class=\"tdc-row\"><div class=\"vc_row tdi_24  wpb_row td-pb-row\" >\n<style scoped>\n\/* custom css - generated by TagDiv Composer *\/\n\n\/* custom css - generated by TagDiv Composer *\/\n.tdi_24,\r\n                .tdi_24 .tdc-columns{\r\n                    min-height: 0;\r\n                }.tdi_24,\r\n\t\t\t\t.tdi_24 .tdc-columns{\r\n\t\t\t\t    display: block;\r\n\t\t\t\t}.tdi_24 .tdc-columns{\r\n\t\t\t\t    width: 100%;\r\n\t\t\t\t}.tdi_24:before,\r\n\t\t\t\t.tdi_24:after{\r\n\t\t\t\t    display: table;\r\n\t\t\t\t}\n<\/style><div class=\"vc_column tdi_26  wpb_column vc_column_container tdc-column td-pb-span12\">\n<style scoped>\n\/* custom css - generated by TagDiv Composer *\/\n\n\/* custom css - generated by TagDiv Composer *\/\n.tdi_26{\r\n                    vertical-align: baseline;\r\n                }.tdi_26 > .wpb_wrapper,\r\n\t\t\t\t.tdi_26 > .wpb_wrapper > .tdc-elements{\r\n\t\t\t\t    display: block;\r\n\t\t\t\t}.tdi_26 > .wpb_wrapper > .tdc-elements{\r\n\t\t\t\t    width: 100%;\r\n\t\t\t\t}.tdi_26 > .wpb_wrapper > .vc_row_inner{\r\n\t\t\t\t    width: auto;\r\n\t\t\t\t}.tdi_26 > .wpb_wrapper{\r\n\t\t\t\t    width: auto;\r\n\t\t\t\t    height: auto;\r\n\t\t\t\t}\n<\/style><div class=\"wpb_wrapper\" >[vc_single_image image=\u00bb15395&#8243; img_size=\u00bbfull\u00bb]<\/div><\/div><\/div><\/div><div id=\"tdi_27\" class=\"tdc-row\"><div class=\"vc_row tdi_28  wpb_row td-pb-row\" >\n<style scoped>\n\/* custom css - generated by TagDiv Composer *\/\n\n\/* custom css - generated by TagDiv Composer *\/\n.tdi_28,\r\n                .tdi_28 .tdc-columns{\r\n                    min-height: 0;\r\n                }.tdi_28,\r\n\t\t\t\t.tdi_28 .tdc-columns{\r\n\t\t\t\t    display: block;\r\n\t\t\t\t}.tdi_28 .tdc-columns{\r\n\t\t\t\t    width: 100%;\r\n\t\t\t\t}.tdi_28:before,\r\n\t\t\t\t.tdi_28:after{\r\n\t\t\t\t    display: table;\r\n\t\t\t\t}\n<\/style><div class=\"vc_column tdi_30  wpb_column vc_column_container tdc-column td-pb-span12\">\n<style scoped>\n\/* custom css - generated by TagDiv Composer *\/\n\n\/* custom css - generated by TagDiv Composer *\/\n.tdi_30{\r\n                    vertical-align: baseline;\r\n                }.tdi_30 > .wpb_wrapper,\r\n\t\t\t\t.tdi_30 > .wpb_wrapper > .tdc-elements{\r\n\t\t\t\t    display: block;\r\n\t\t\t\t}.tdi_30 > .wpb_wrapper > .tdc-elements{\r\n\t\t\t\t    width: 100%;\r\n\t\t\t\t}.tdi_30 > .wpb_wrapper > .vc_row_inner{\r\n\t\t\t\t    width: auto;\r\n\t\t\t\t}.tdi_30 > .wpb_wrapper{\r\n\t\t\t\t    width: auto;\r\n\t\t\t\t    height: auto;\r\n\t\t\t\t}\n<\/style><div class=\"wpb_wrapper\" >[vc_column_text]<\/p>\n<h3>Honduras: comienzan los procedimientos para la ampliaci\u00f3n del aeropuerto de Roat\u00e1n<\/h3>\n<p>El Instituto Hondure\u00f1o de Turismo ha anunciado el inicio del proceso de licitaci\u00f3n para la renovaci\u00f3n y ampliaci\u00f3n del Aeropuerto Internacional Juan Manuel G\u00e1lvez, en Roat\u00e1n, la principal de las Islas de la Bah\u00eda. El proyecto del aeropuerto de Roat\u00e1n prev\u00e9 una inversi\u00f3n de m\u00e1s de 15 millones de d\u00f3lares en trabajos de ampliaci\u00f3n de la plataforma de pasajeros, construcci\u00f3n de una nueva pista de rodaje, reconstrucci\u00f3n de la pista y una nueva infraestructura del terminal de pasajeros. La remodelaci\u00f3n permitir\u00e1 aumentar la capacidad del aeropuerto, lo que fortalecer\u00e1 la atracci\u00f3n tur\u00edstica de la isla. Solo en 2023, m\u00e1s de 500 mil personas pasaron por este aeropuerto.[\/vc_column_text]<\/div><\/div><\/div><\/div><div id=\"tdi_31\" class=\"tdc-row\"><div class=\"vc_row tdi_32  wpb_row td-pb-row\" >\n<style scoped>\n\/* custom css - generated by TagDiv Composer *\/\n\n\/* custom css - generated by TagDiv Composer *\/\n.tdi_32,\r\n                .tdi_32 .tdc-columns{\r\n                    min-height: 0;\r\n                }.tdi_32,\r\n\t\t\t\t.tdi_32 .tdc-columns{\r\n\t\t\t\t    display: block;\r\n\t\t\t\t}.tdi_32 .tdc-columns{\r\n\t\t\t\t    width: 100%;\r\n\t\t\t\t}.tdi_32:before,\r\n\t\t\t\t.tdi_32:after{\r\n\t\t\t\t    display: table;\r\n\t\t\t\t}\n<\/style><div class=\"vc_column tdi_34  wpb_column vc_column_container tdc-column td-pb-span12\">\n<style scoped>\n\/* custom css - generated by TagDiv Composer *\/\n\n\/* custom css - generated by TagDiv Composer *\/\n.tdi_34{\r\n                    vertical-align: baseline;\r\n                }.tdi_34 > .wpb_wrapper,\r\n\t\t\t\t.tdi_34 > .wpb_wrapper > .tdc-elements{\r\n\t\t\t\t    display: block;\r\n\t\t\t\t}.tdi_34 > .wpb_wrapper > .tdc-elements{\r\n\t\t\t\t    width: 100%;\r\n\t\t\t\t}.tdi_34 > .wpb_wrapper > .vc_row_inner{\r\n\t\t\t\t    width: auto;\r\n\t\t\t\t}.tdi_34 > .wpb_wrapper{\r\n\t\t\t\t    width: auto;\r\n\t\t\t\t    height: auto;\r\n\t\t\t\t}\n<\/style><div class=\"wpb_wrapper\" >[vc_single_image image=\u00bb15397&#8243; img_size=\u00bbfull\u00bb]<\/div><\/div><\/div><\/div><div id=\"tdi_35\" class=\"tdc-row\"><div class=\"vc_row tdi_36  wpb_row td-pb-row\" >\n<style scoped>\n\/* custom css - generated by TagDiv Composer *\/\n\n\/* custom css - generated by TagDiv Composer *\/\n.tdi_36,\r\n                .tdi_36 .tdc-columns{\r\n                    min-height: 0;\r\n                }.tdi_36,\r\n\t\t\t\t.tdi_36 .tdc-columns{\r\n\t\t\t\t    display: block;\r\n\t\t\t\t}.tdi_36 .tdc-columns{\r\n\t\t\t\t    width: 100%;\r\n\t\t\t\t}.tdi_36:before,\r\n\t\t\t\t.tdi_36:after{\r\n\t\t\t\t    display: table;\r\n\t\t\t\t}\n<\/style><div class=\"vc_column tdi_38  wpb_column vc_column_container tdc-column td-pb-span12\">\n<style scoped>\n\/* custom css - generated by TagDiv Composer *\/\n\n\/* custom css - generated by TagDiv Composer *\/\n.tdi_38{\r\n                    vertical-align: baseline;\r\n                }.tdi_38 > .wpb_wrapper,\r\n\t\t\t\t.tdi_38 > .wpb_wrapper > .tdc-elements{\r\n\t\t\t\t    display: block;\r\n\t\t\t\t}.tdi_38 > .wpb_wrapper > .tdc-elements{\r\n\t\t\t\t    width: 100%;\r\n\t\t\t\t}.tdi_38 > .wpb_wrapper > .vc_row_inner{\r\n\t\t\t\t    width: auto;\r\n\t\t\t\t}.tdi_38 > .wpb_wrapper{\r\n\t\t\t\t    width: auto;\r\n\t\t\t\t    height: auto;\r\n\t\t\t\t}\n<\/style><div class=\"wpb_wrapper\" >[vc_column_text]<\/p>\n<h3>El Salvador: uno de los cuatro pa\u00edses con el mayor aumento tur\u00edstico en 2023.<\/h3>\n<p>En 2023, El Salvador ocup\u00f3 el cuarto lugar entre los pa\u00edses que experimentaron el mayor aumento tur\u00edstico en comparaci\u00f3n con 2019, justo despu\u00e9s de Qatar, Arabia Saudita y Albania. La Ministra de Turismo, Morena Valdez, destac\u00f3 que \u00abestamos entre los primeros cuatro pa\u00edses del mundo donde el turismo ha crecido m\u00e1s, en comparaci\u00f3n con los datos de 2019, seg\u00fan los datos de la OMT\u00bb.<\/p>\n<p>En 2023, se registraron 3.4 millones de visitantes, alcanzando un r\u00e9cord hist\u00f3rico en llegadas tur\u00edsticas, con un aumento del 30% respecto a 2022. \u00abEstos 3.4 millones de visitantes han aportado al pa\u00eds 3.7 mil millones de d\u00f3lares en divisas, convirtiendo al turismo en uno de los pilares fundamentales de la econom\u00eda\u00bb, agreg\u00f3 el ministro. Ahora apuntamos a proporcionar servicios de cada vez mayor calidad, consolidando las relaciones entre el sector privado y p\u00fablico y buscando la excelencia en la prestaci\u00f3n de servicios tur\u00edsticos.[\/vc_column_text]<\/div><\/div><\/div><\/div><div id=\"tdi_39\" class=\"tdc-row\"><div class=\"vc_row tdi_40  wpb_row td-pb-row\" >\n<style scoped>\n\/* custom css - generated by TagDiv Composer *\/\n\n\/* custom css - generated by TagDiv Composer *\/\n.tdi_40,\r\n                .tdi_40 .tdc-columns{\r\n                    min-height: 0;\r\n                }.tdi_40,\r\n\t\t\t\t.tdi_40 .tdc-columns{\r\n\t\t\t\t    display: block;\r\n\t\t\t\t}.tdi_40 .tdc-columns{\r\n\t\t\t\t    width: 100%;\r\n\t\t\t\t}.tdi_40:before,\r\n\t\t\t\t.tdi_40:after{\r\n\t\t\t\t    display: table;\r\n\t\t\t\t}\n<\/style><div class=\"vc_column tdi_42  wpb_column vc_column_container tdc-column td-pb-span12\">\n<style scoped>\n\/* custom css - generated by TagDiv Composer *\/\n\n\/* custom css - generated by TagDiv Composer *\/\n.tdi_42{\r\n                    vertical-align: baseline;\r\n                }.tdi_42 > .wpb_wrapper,\r\n\t\t\t\t.tdi_42 > .wpb_wrapper > .tdc-elements{\r\n\t\t\t\t    display: block;\r\n\t\t\t\t}.tdi_42 > .wpb_wrapper > .tdc-elements{\r\n\t\t\t\t    width: 100%;\r\n\t\t\t\t}.tdi_42 > .wpb_wrapper > .vc_row_inner{\r\n\t\t\t\t    width: auto;\r\n\t\t\t\t}.tdi_42 > .wpb_wrapper{\r\n\t\t\t\t    width: auto;\r\n\t\t\t\t    height: auto;\r\n\t\t\t\t}\n<\/style><div class=\"wpb_wrapper\" >[vc_single_image image=\u00bb15399&#8243; img_size=\u00bbfull\u00bb]<\/div><\/div><\/div><\/div><div id=\"tdi_43\" class=\"tdc-row\"><div class=\"vc_row tdi_44  wpb_row td-pb-row\" >\n<style scoped>\n\/* custom css - generated by TagDiv Composer *\/\n\n\/* custom css - generated by TagDiv Composer *\/\n.tdi_44,\r\n                .tdi_44 .tdc-columns{\r\n                    min-height: 0;\r\n                }.tdi_44,\r\n\t\t\t\t.tdi_44 .tdc-columns{\r\n\t\t\t\t    display: block;\r\n\t\t\t\t}.tdi_44 .tdc-columns{\r\n\t\t\t\t    width: 100%;\r\n\t\t\t\t}.tdi_44:before,\r\n\t\t\t\t.tdi_44:after{\r\n\t\t\t\t    display: table;\r\n\t\t\t\t}\n<\/style><div class=\"vc_column tdi_46  wpb_column vc_column_container tdc-column td-pb-span12\">\n<style scoped>\n\/* custom css - generated by TagDiv Composer *\/\n\n\/* custom css - generated by TagDiv Composer *\/\n.tdi_46{\r\n                    vertical-align: baseline;\r\n                }.tdi_46 > .wpb_wrapper,\r\n\t\t\t\t.tdi_46 > .wpb_wrapper > .tdc-elements{\r\n\t\t\t\t    display: block;\r\n\t\t\t\t}.tdi_46 > .wpb_wrapper > .tdc-elements{\r\n\t\t\t\t    width: 100%;\r\n\t\t\t\t}.tdi_46 > .wpb_wrapper > .vc_row_inner{\r\n\t\t\t\t    width: auto;\r\n\t\t\t\t}.tdi_46 > .wpb_wrapper{\r\n\t\t\t\t    width: auto;\r\n\t\t\t\t    height: auto;\r\n\t\t\t\t}\n<\/style><div class=\"wpb_wrapper\" >[vc_column_text]<\/p>\n<h3>Belice, m\u00e1s vuelos con Panam\u00e1<\/h3>\n<p>Copa Airlines ha fortalecido los vuelos desde la Ciudad de Panam\u00e1 a la Ciudad de Belice. A partir de junio, los vuelos operar\u00e1n durante todo el a\u00f1o todos los lunes y viernes, a bordo de un Boeing 737-700. Gracias a esta operaci\u00f3n de vuelos conveniente, los dos destinos se vuelven a\u00fan m\u00e1s accesibles, con la posibilidad para los operadores tur\u00edsticos de promover cada vez m\u00e1s Centroam\u00e9rica como un destino m\u00faltiple. El hub del aeropuerto paname\u00f1o de Las Am\u00e9ricas est\u00e1 bien conectado con Estados Unidos, Canad\u00e1, el Caribe y Europa.<\/p>\n<p>[\/vc_column_text]<\/div><\/div><\/div><\/div><div id=\"tdi_47\" class=\"tdc-row\"><div class=\"vc_row tdi_48  wpb_row td-pb-row\" >\n<style scoped>\n\/* custom css - generated by TagDiv Composer *\/\n\n\/* custom css - generated by TagDiv Composer *\/\n.tdi_48,\r\n                .tdi_48 .tdc-columns{\r\n                    min-height: 0;\r\n                }.tdi_48,\r\n\t\t\t\t.tdi_48 .tdc-columns{\r\n\t\t\t\t    display: block;\r\n\t\t\t\t}.tdi_48 .tdc-columns{\r\n\t\t\t\t    width: 100%;\r\n\t\t\t\t}.tdi_48:before,\r\n\t\t\t\t.tdi_48:after{\r\n\t\t\t\t    display: table;\r\n\t\t\t\t}\n<\/style><div class=\"vc_column tdi_50  wpb_column vc_column_container tdc-column td-pb-span12\">\n<style scoped>\n\/* custom css - generated by TagDiv Composer *\/\n\n\/* custom css - generated by TagDiv Composer *\/\n.tdi_50{\r\n                    vertical-align: baseline;\r\n                }.tdi_50 > .wpb_wrapper,\r\n\t\t\t\t.tdi_50 > .wpb_wrapper > .tdc-elements{\r\n\t\t\t\t    display: block;\r\n\t\t\t\t}.tdi_50 > .wpb_wrapper > .tdc-elements{\r\n\t\t\t\t    width: 100%;\r\n\t\t\t\t}.tdi_50 > .wpb_wrapper > .vc_row_inner{\r\n\t\t\t\t    width: auto;\r\n\t\t\t\t}.tdi_50 > .wpb_wrapper{\r\n\t\t\t\t    width: auto;\r\n\t\t\t\t    height: auto;\r\n\t\t\t\t}\n<\/style><div class=\"wpb_wrapper\" >[vc_single_image image=\u00bb15401&#8243; img_size=\u00bbfull\u00bb]<\/div><\/div><\/div><\/div><div id=\"tdi_51\" class=\"tdc-row\"><div class=\"vc_row tdi_52  wpb_row td-pb-row\" >\n<style scoped>\n\/* custom css - generated by TagDiv Composer *\/\n\n\/* custom css - generated by TagDiv Composer *\/\n.tdi_52,\r\n                .tdi_52 .tdc-columns{\r\n                    min-height: 0;\r\n                }.tdi_52,\r\n\t\t\t\t.tdi_52 .tdc-columns{\r\n\t\t\t\t    display: block;\r\n\t\t\t\t}.tdi_52 .tdc-columns{\r\n\t\t\t\t    width: 100%;\r\n\t\t\t\t}.tdi_52:before,\r\n\t\t\t\t.tdi_52:after{\r\n\t\t\t\t    display: table;\r\n\t\t\t\t}\n<\/style><div class=\"vc_column tdi_54  wpb_column vc_column_container tdc-column td-pb-span12\">\n<style scoped>\n\/* custom css - generated by TagDiv Composer *\/\n\n\/* custom css - generated by TagDiv Composer *\/\n.tdi_54{\r\n                    vertical-align: baseline;\r\n                }.tdi_54 > .wpb_wrapper,\r\n\t\t\t\t.tdi_54 > .wpb_wrapper > .tdc-elements{\r\n\t\t\t\t    display: block;\r\n\t\t\t\t}.tdi_54 > .wpb_wrapper > .tdc-elements{\r\n\t\t\t\t    width: 100%;\r\n\t\t\t\t}.tdi_54 > .wpb_wrapper > .vc_row_inner{\r\n\t\t\t\t    width: auto;\r\n\t\t\t\t}.tdi_54 > .wpb_wrapper{\r\n\t\t\t\t    width: auto;\r\n\t\t\t\t    height: auto;\r\n\t\t\t\t}\n<\/style><div class=\"wpb_wrapper\" >[vc_column_text]<\/p>\n<h3>Panam\u00e1, cada vez m\u00e1s visitantes para el carnaval<\/h3>\n<p>[\/vc_column_text]<\/div><\/div><\/div><\/div><div id=\"tdi_55\" class=\"tdc-row\"><div class=\"vc_row tdi_56  wpb_row td-pb-row\" >\n<style scoped>\n\/* custom css - generated by TagDiv Composer *\/\n\n\/* custom css - generated by TagDiv Composer *\/\n.tdi_56,\r\n                .tdi_56 .tdc-columns{\r\n                    min-height: 0;\r\n                }.tdi_56,\r\n\t\t\t\t.tdi_56 .tdc-columns{\r\n\t\t\t\t    display: block;\r\n\t\t\t\t}.tdi_56 .tdc-columns{\r\n\t\t\t\t    width: 100%;\r\n\t\t\t\t}.tdi_56:before,\r\n\t\t\t\t.tdi_56:after{\r\n\t\t\t\t    display: table;\r\n\t\t\t\t}\n<\/style><div class=\"vc_column tdi_58  wpb_column vc_column_container tdc-column td-pb-span8\">\n<style scoped>\n\/* custom css - generated by TagDiv Composer *\/\n\n\/* custom css - generated by TagDiv Composer *\/\n.tdi_58{\r\n                    vertical-align: baseline;\r\n                }.tdi_58 > .wpb_wrapper,\r\n\t\t\t\t.tdi_58 > .wpb_wrapper > .tdc-elements{\r\n\t\t\t\t    display: block;\r\n\t\t\t\t}.tdi_58 > .wpb_wrapper > .tdc-elements{\r\n\t\t\t\t    width: 100%;\r\n\t\t\t\t}.tdi_58 > .wpb_wrapper > .vc_row_inner{\r\n\t\t\t\t    width: auto;\r\n\t\t\t\t}.tdi_58 > .wpb_wrapper{\r\n\t\t\t\t    width: auto;\r\n\t\t\t\t    height: auto;\r\n\t\t\t\t}\n<\/style><div class=\"wpb_wrapper\" >[vc_column_text]El n\u00famero de visitantes internacionales durante las festividades del Carnaval en Panam\u00e1 ha experimentado un impresionante aumento del 73%, seg\u00fan el Servicio Nacional de Migraci\u00f3n (SNM). En comparaci\u00f3n con 2023, este a\u00f1o el pa\u00eds recibi\u00f3 un total de 98,850 turistas.[\/vc_column_text]<\/div><\/div><div class=\"vc_column tdi_60  wpb_column vc_column_container tdc-column td-pb-span4\">\n<style scoped>\n\/* custom css - generated by TagDiv Composer *\/\n\n\/* custom css - generated by TagDiv Composer *\/\n.tdi_60{\r\n                    vertical-align: baseline;\r\n                }.tdi_60 > .wpb_wrapper,\r\n\t\t\t\t.tdi_60 > .wpb_wrapper > .tdc-elements{\r\n\t\t\t\t    display: block;\r\n\t\t\t\t}.tdi_60 > .wpb_wrapper > .tdc-elements{\r\n\t\t\t\t    width: 100%;\r\n\t\t\t\t}.tdi_60 > .wpb_wrapper > .vc_row_inner{\r\n\t\t\t\t    width: auto;\r\n\t\t\t\t}.tdi_60 > .wpb_wrapper{\r\n\t\t\t\t    width: auto;\r\n\t\t\t\t    height: auto;\r\n\t\t\t\t}\n<\/style><div class=\"wpb_wrapper\" >[vc_single_image image=\u00bb15403&#8243; img_size=\u00bbfull\u00bb]<\/div><\/div><\/div><\/div>\n<\/div>","protected":false},"excerpt":{"rendered":"[vc_single_image image=\"15387\" img_size=\"full\"] [vc_column_text] Guatemala en la Red Mundial de Destinos de Turismo Religioso Guatemala se ha unido a la Red Mundial de Destinos de Turismo Religioso. De hecho, uno de los aspectos m\u00e1s destacados del patrimonio de Guatemala es su solemnidad y fervor espiritual, lo que lo convierte en un destino extremadamente atractivo para [...]","protected":false},"author":5,"featured_media":15387,"comment_status":"open","ping_status":"closed","sticky":false,"template":"","format":"standard","meta":{"footnotes":""},"categories":[3],"tags":[],"class_list":{"0":"post-15386","1":"post","2":"type-post","3":"status-publish","4":"format-standard","5":"has-post-thumbnail","7":"category-actualidad"},"yoast_head":"<!-- This site is optimized with the Yoast SEO plugin v27.3 - https:\/\/yoast.com\/product\/yoast-seo-wordpress\/ -->\n<title>Breves informativas del turismo centroamericano - Sala de prensa<\/title>\n<meta name=\"robots\" content=\"index, follow, max-snippet:-1, max-image-preview:large, max-video-preview:-1\" \/>\n<link rel=\"canonical\" href=\"https:\/\/www.visitcentroamerica.com\/sala-prensa\/actualidad\/breves-informativas-del-turismo-centroamericano\/\" \/>\n<meta property=\"og:locale\" content=\"es_ES\" \/>\n<meta property=\"og:type\" content=\"article\" \/>\n<meta property=\"og:title\" content=\"Breves informativas del turismo centroamericano - Sala de prensa\" \/>\n<meta property=\"og:url\" content=\"https:\/\/www.visitcentroamerica.com\/sala-prensa\/actualidad\/breves-informativas-del-turismo-centroamericano\/\" \/>\n<meta property=\"og:site_name\" content=\"Sala de prensa\" \/>\n<meta property=\"article:published_time\" content=\"2024-02-28T09:20:07+00:00\" \/>\n<meta property=\"article:modified_time\" content=\"2024-04-26T08:42:06+00:00\" \/>\n<meta property=\"og:image\" content=\"https:\/\/www.visitcentroamerica.com\/sala-prensa\/wp-content\/uploads\/2024\/04\/Semana-Santa-en-Chichicastenango.jpg\" \/>\n\t<meta property=\"og:image:width\" content=\"711\" \/>\n\t<meta property=\"og:image:height\" content=\"350\" \/>\n\t<meta property=\"og:image:type\" content=\"image\/jpeg\" \/>\n<meta name=\"author\" content=\"Denis Alvarado\" \/>\n<meta name=\"twitter:card\" content=\"summary_large_image\" \/>\n<meta name=\"twitter:label1\" content=\"Escrito por\" \/>\n\t<meta name=\"twitter:data1\" content=\"Denis Alvarado\" \/>\n\t<meta name=\"twitter:label2\" content=\"Tiempo de lectura\" \/>\n\t<meta name=\"twitter:data2\" content=\"5 minutos\" \/>\n<script type=\"application\/ld+json\" class=\"yoast-schema-graph\">{\"@context\":\"https:\\\/\\\/schema.org\",\"@graph\":[{\"@type\":\"Article\",\"@id\":\"https:\\\/\\\/www.visitcentroamerica.com\\\/sala-prensa\\\/actualidad\\\/breves-informativas-del-turismo-centroamericano\\\/#article\",\"isPartOf\":{\"@id\":\"https:\\\/\\\/www.visitcentroamerica.com\\\/sala-prensa\\\/actualidad\\\/breves-informativas-del-turismo-centroamericano\\\/\"},\"author\":{\"name\":\"Denis Alvarado\",\"@id\":\"https:\\\/\\\/www.visitcentroamerica.com\\\/sala-prensa\\\/#\\\/schema\\\/person\\\/0aa3bd0dbaabaead6089ee3dd0cd7ae5\"},\"headline\":\"Breves informativas del turismo centroamericano\",\"datePublished\":\"2024-02-28T09:20:07+00:00\",\"dateModified\":\"2024-04-26T08:42:06+00:00\",\"mainEntityOfPage\":{\"@id\":\"https:\\\/\\\/www.visitcentroamerica.com\\\/sala-prensa\\\/actualidad\\\/breves-informativas-del-turismo-centroamericano\\\/\"},\"wordCount\":1098,\"commentCount\":0,\"image\":{\"@id\":\"https:\\\/\\\/www.visitcentroamerica.com\\\/sala-prensa\\\/actualidad\\\/breves-informativas-del-turismo-centroamericano\\\/#primaryimage\"},\"thumbnailUrl\":\"https:\\\/\\\/www.visitcentroamerica.com\\\/sala-prensa\\\/wp-content\\\/uploads\\\/2024\\\/04\\\/Semana-Santa-en-Chichicastenango.jpg\",\"articleSection\":[\"Actualidad\"],\"inLanguage\":\"es\",\"potentialAction\":[{\"@type\":\"CommentAction\",\"name\":\"Comment\",\"target\":[\"https:\\\/\\\/www.visitcentroamerica.com\\\/sala-prensa\\\/actualidad\\\/breves-informativas-del-turismo-centroamericano\\\/#respond\"]}]},{\"@type\":\"WebPage\",\"@id\":\"https:\\\/\\\/www.visitcentroamerica.com\\\/sala-prensa\\\/actualidad\\\/breves-informativas-del-turismo-centroamericano\\\/\",\"url\":\"https:\\\/\\\/www.visitcentroamerica.com\\\/sala-prensa\\\/actualidad\\\/breves-informativas-del-turismo-centroamericano\\\/\",\"name\":\"Breves informativas del turismo centroamericano - Sala de prensa\",\"isPartOf\":{\"@id\":\"https:\\\/\\\/www.visitcentroamerica.com\\\/sala-prensa\\\/#website\"},\"primaryImageOfPage\":{\"@id\":\"https:\\\/\\\/www.visitcentroamerica.com\\\/sala-prensa\\\/actualidad\\\/breves-informativas-del-turismo-centroamericano\\\/#primaryimage\"},\"image\":{\"@id\":\"https:\\\/\\\/www.visitcentroamerica.com\\\/sala-prensa\\\/actualidad\\\/breves-informativas-del-turismo-centroamericano\\\/#primaryimage\"},\"thumbnailUrl\":\"https:\\\/\\\/www.visitcentroamerica.com\\\/sala-prensa\\\/wp-content\\\/uploads\\\/2024\\\/04\\\/Semana-Santa-en-Chichicastenango.jpg\",\"datePublished\":\"2024-02-28T09:20:07+00:00\",\"dateModified\":\"2024-04-26T08:42:06+00:00\",\"author\":{\"@id\":\"https:\\\/\\\/www.visitcentroamerica.com\\\/sala-prensa\\\/#\\\/schema\\\/person\\\/0aa3bd0dbaabaead6089ee3dd0cd7ae5\"},\"breadcrumb\":{\"@id\":\"https:\\\/\\\/www.visitcentroamerica.com\\\/sala-prensa\\\/actualidad\\\/breves-informativas-del-turismo-centroamericano\\\/#breadcrumb\"},\"inLanguage\":\"es\",\"potentialAction\":[{\"@type\":\"ReadAction\",\"target\":[\"https:\\\/\\\/www.visitcentroamerica.com\\\/sala-prensa\\\/actualidad\\\/breves-informativas-del-turismo-centroamericano\\\/\"]}]},{\"@type\":\"ImageObject\",\"inLanguage\":\"es\",\"@id\":\"https:\\\/\\\/www.visitcentroamerica.com\\\/sala-prensa\\\/actualidad\\\/breves-informativas-del-turismo-centroamericano\\\/#primaryimage\",\"url\":\"https:\\\/\\\/www.visitcentroamerica.com\\\/sala-prensa\\\/wp-content\\\/uploads\\\/2024\\\/04\\\/Semana-Santa-en-Chichicastenango.jpg\",\"contentUrl\":\"https:\\\/\\\/www.visitcentroamerica.com\\\/sala-prensa\\\/wp-content\\\/uploads\\\/2024\\\/04\\\/Semana-Santa-en-Chichicastenango.jpg\",\"width\":711,\"height\":350,\"caption\":\"Semana Santa en Chichicastenango\"},{\"@type\":\"BreadcrumbList\",\"@id\":\"https:\\\/\\\/www.visitcentroamerica.com\\\/sala-prensa\\\/actualidad\\\/breves-informativas-del-turismo-centroamericano\\\/#breadcrumb\",\"itemListElement\":[{\"@type\":\"ListItem\",\"position\":1,\"name\":\"Portada\",\"item\":\"https:\\\/\\\/www.visitcentroamerica.com\\\/sala-prensa\\\/\"},{\"@type\":\"ListItem\",\"position\":2,\"name\":\"Breves informativas del turismo centroamericano\"}]},{\"@type\":\"WebSite\",\"@id\":\"https:\\\/\\\/www.visitcentroamerica.com\\\/sala-prensa\\\/#website\",\"url\":\"https:\\\/\\\/www.visitcentroamerica.com\\\/sala-prensa\\\/\",\"name\":\"Sala de prensa\",\"description\":\"\",\"potentialAction\":[{\"@type\":\"SearchAction\",\"target\":{\"@type\":\"EntryPoint\",\"urlTemplate\":\"https:\\\/\\\/www.visitcentroamerica.com\\\/sala-prensa\\\/?s={search_term_string}\"},\"query-input\":{\"@type\":\"PropertyValueSpecification\",\"valueRequired\":true,\"valueName\":\"search_term_string\"}}],\"inLanguage\":\"es\"},{\"@type\":\"Person\",\"@id\":\"https:\\\/\\\/www.visitcentroamerica.com\\\/sala-prensa\\\/#\\\/schema\\\/person\\\/0aa3bd0dbaabaead6089ee3dd0cd7ae5\",\"name\":\"Denis Alvarado\",\"image\":{\"@type\":\"ImageObject\",\"inLanguage\":\"es\",\"@id\":\"https:\\\/\\\/secure.gravatar.com\\\/avatar\\\/c31f0697f6edb7c68d5dedc2ccbd548d2a9f73aa293e81c6a1425229ec4c9135?s=96&d=mm&r=g\",\"url\":\"https:\\\/\\\/secure.gravatar.com\\\/avatar\\\/c31f0697f6edb7c68d5dedc2ccbd548d2a9f73aa293e81c6a1425229ec4c9135?s=96&d=mm&r=g\",\"contentUrl\":\"https:\\\/\\\/secure.gravatar.com\\\/avatar\\\/c31f0697f6edb7c68d5dedc2ccbd548d2a9f73aa293e81c6a1425229ec4c9135?s=96&d=mm&r=g\",\"caption\":\"Denis Alvarado\"},\"url\":\"https:\\\/\\\/www.visitcentroamerica.com\\\/sala-prensa\\\/author\\\/denis\\\/\"}]}<\/script>\n<!-- \/ Yoast SEO plugin. -->","yoast_head_json":{"title":"Breves informativas del turismo centroamericano - Sala de prensa","robots":{"index":"index","follow":"follow","max-snippet":"max-snippet:-1","max-image-preview":"max-image-preview:large","max-video-preview":"max-video-preview:-1"},"canonical":"https:\/\/www.visitcentroamerica.com\/sala-prensa\/actualidad\/breves-informativas-del-turismo-centroamericano\/","og_locale":"es_ES","og_type":"article","og_title":"Breves informativas del turismo centroamericano - Sala de prensa","og_url":"https:\/\/www.visitcentroamerica.com\/sala-prensa\/actualidad\/breves-informativas-del-turismo-centroamericano\/","og_site_name":"Sala de prensa","article_published_time":"2024-02-28T09:20:07+00:00","article_modified_time":"2024-04-26T08:42:06+00:00","og_image":[{"width":711,"height":350,"url":"https:\/\/www.visitcentroamerica.com\/sala-prensa\/wp-content\/uploads\/2024\/04\/Semana-Santa-en-Chichicastenango.jpg","type":"image\/jpeg"}],"author":"Denis Alvarado","twitter_card":"summary_large_image","twitter_misc":{"Escrito por":"Denis Alvarado","Tiempo de lectura":"5 minutos"},"schema":{"@context":"https:\/\/schema.org","@graph":[{"@type":"Article","@id":"https:\/\/www.visitcentroamerica.com\/sala-prensa\/actualidad\/breves-informativas-del-turismo-centroamericano\/#article","isPartOf":{"@id":"https:\/\/www.visitcentroamerica.com\/sala-prensa\/actualidad\/breves-informativas-del-turismo-centroamericano\/"},"author":{"name":"Denis Alvarado","@id":"https:\/\/www.visitcentroamerica.com\/sala-prensa\/#\/schema\/person\/0aa3bd0dbaabaead6089ee3dd0cd7ae5"},"headline":"Breves informativas del turismo centroamericano","datePublished":"2024-02-28T09:20:07+00:00","dateModified":"2024-04-26T08:42:06+00:00","mainEntityOfPage":{"@id":"https:\/\/www.visitcentroamerica.com\/sala-prensa\/actualidad\/breves-informativas-del-turismo-centroamericano\/"},"wordCount":1098,"commentCount":0,"image":{"@id":"https:\/\/www.visitcentroamerica.com\/sala-prensa\/actualidad\/breves-informativas-del-turismo-centroamericano\/#primaryimage"},"thumbnailUrl":"https:\/\/www.visitcentroamerica.com\/sala-prensa\/wp-content\/uploads\/2024\/04\/Semana-Santa-en-Chichicastenango.jpg","articleSection":["Actualidad"],"inLanguage":"es","potentialAction":[{"@type":"CommentAction","name":"Comment","target":["https:\/\/www.visitcentroamerica.com\/sala-prensa\/actualidad\/breves-informativas-del-turismo-centroamericano\/#respond"]}]},{"@type":"WebPage","@id":"https:\/\/www.visitcentroamerica.com\/sala-prensa\/actualidad\/breves-informativas-del-turismo-centroamericano\/","url":"https:\/\/www.visitcentroamerica.com\/sala-prensa\/actualidad\/breves-informativas-del-turismo-centroamericano\/","name":"Breves informativas del turismo centroamericano - Sala de prensa","isPartOf":{"@id":"https:\/\/www.visitcentroamerica.com\/sala-prensa\/#website"},"primaryImageOfPage":{"@id":"https:\/\/www.visitcentroamerica.com\/sala-prensa\/actualidad\/breves-informativas-del-turismo-centroamericano\/#primaryimage"},"image":{"@id":"https:\/\/www.visitcentroamerica.com\/sala-prensa\/actualidad\/breves-informativas-del-turismo-centroamericano\/#primaryimage"},"thumbnailUrl":"https:\/\/www.visitcentroamerica.com\/sala-prensa\/wp-content\/uploads\/2024\/04\/Semana-Santa-en-Chichicastenango.jpg","datePublished":"2024-02-28T09:20:07+00:00","dateModified":"2024-04-26T08:42:06+00:00","author":{"@id":"https:\/\/www.visitcentroamerica.com\/sala-prensa\/#\/schema\/person\/0aa3bd0dbaabaead6089ee3dd0cd7ae5"},"breadcrumb":{"@id":"https:\/\/www.visitcentroamerica.com\/sala-prensa\/actualidad\/breves-informativas-del-turismo-centroamericano\/#breadcrumb"},"inLanguage":"es","potentialAction":[{"@type":"ReadAction","target":["https:\/\/www.visitcentroamerica.com\/sala-prensa\/actualidad\/breves-informativas-del-turismo-centroamericano\/"]}]},{"@type":"ImageObject","inLanguage":"es","@id":"https:\/\/www.visitcentroamerica.com\/sala-prensa\/actualidad\/breves-informativas-del-turismo-centroamericano\/#primaryimage","url":"https:\/\/www.visitcentroamerica.com\/sala-prensa\/wp-content\/uploads\/2024\/04\/Semana-Santa-en-Chichicastenango.jpg","contentUrl":"https:\/\/www.visitcentroamerica.com\/sala-prensa\/wp-content\/uploads\/2024\/04\/Semana-Santa-en-Chichicastenango.jpg","width":711,"height":350,"caption":"Semana Santa en Chichicastenango"},{"@type":"BreadcrumbList","@id":"https:\/\/www.visitcentroamerica.com\/sala-prensa\/actualidad\/breves-informativas-del-turismo-centroamericano\/#breadcrumb","itemListElement":[{"@type":"ListItem","position":1,"name":"Portada","item":"https:\/\/www.visitcentroamerica.com\/sala-prensa\/"},{"@type":"ListItem","position":2,"name":"Breves informativas del turismo centroamericano"}]},{"@type":"WebSite","@id":"https:\/\/www.visitcentroamerica.com\/sala-prensa\/#website","url":"https:\/\/www.visitcentroamerica.com\/sala-prensa\/","name":"Sala de prensa","description":"","potentialAction":[{"@type":"SearchAction","target":{"@type":"EntryPoint","urlTemplate":"https:\/\/www.visitcentroamerica.com\/sala-prensa\/?s={search_term_string}"},"query-input":{"@type":"PropertyValueSpecification","valueRequired":true,"valueName":"search_term_string"}}],"inLanguage":"es"},{"@type":"Person","@id":"https:\/\/www.visitcentroamerica.com\/sala-prensa\/#\/schema\/person\/0aa3bd0dbaabaead6089ee3dd0cd7ae5","name":"Denis Alvarado","image":{"@type":"ImageObject","inLanguage":"es","@id":"https:\/\/secure.gravatar.com\/avatar\/c31f0697f6edb7c68d5dedc2ccbd548d2a9f73aa293e81c6a1425229ec4c9135?s=96&d=mm&r=g","url":"https:\/\/secure.gravatar.com\/avatar\/c31f0697f6edb7c68d5dedc2ccbd548d2a9f73aa293e81c6a1425229ec4c9135?s=96&d=mm&r=g","contentUrl":"https:\/\/secure.gravatar.com\/avatar\/c31f0697f6edb7c68d5dedc2ccbd548d2a9f73aa293e81c6a1425229ec4c9135?s=96&d=mm&r=g","caption":"Denis Alvarado"},"url":"https:\/\/www.visitcentroamerica.com\/sala-prensa\/author\/denis\/"}]}},"_links":{"self":[{"href":"https:\/\/www.visitcentroamerica.com\/sala-prensa\/wp-json\/wp\/v2\/posts\/15386","targetHints":{"allow":["GET"]}}],"collection":[{"href":"https:\/\/www.visitcentroamerica.com\/sala-prensa\/wp-json\/wp\/v2\/posts"}],"about":[{"href":"https:\/\/www.visitcentroamerica.com\/sala-prensa\/wp-json\/wp\/v2\/types\/post"}],"author":[{"embeddable":true,"href":"https:\/\/www.visitcentroamerica.com\/sala-prensa\/wp-json\/wp\/v2\/users\/5"}],"replies":[{"embeddable":true,"href":"https:\/\/www.visitcentroamerica.com\/sala-prensa\/wp-json\/wp\/v2\/comments?post=15386"}],"version-history":[{"count":6,"href":"https:\/\/www.visitcentroamerica.com\/sala-prensa\/wp-json\/wp\/v2\/posts\/15386\/revisions"}],"predecessor-version":[{"id":15416,"href":"https:\/\/www.visitcentroamerica.com\/sala-prensa\/wp-json\/wp\/v2\/posts\/15386\/revisions\/15416"}],"wp:featuredmedia":[{"embeddable":true,"href":"https:\/\/www.visitcentroamerica.com\/sala-prensa\/wp-json\/wp\/v2\/media\/15387"}],"wp:attachment":[{"href":"https:\/\/www.visitcentroamerica.com\/sala-prensa\/wp-json\/wp\/v2\/media?parent=15386"}],"wp:term":[{"taxonomy":"category","embeddable":true,"href":"https:\/\/www.visitcentroamerica.com\/sala-prensa\/wp-json\/wp\/v2\/categories?post=15386"},{"taxonomy":"post_tag","embeddable":true,"href":"https:\/\/www.visitcentroamerica.com\/sala-prensa\/wp-json\/wp\/v2\/tags?post=15386"}],"curies":[{"name":"wp","href":"https:\/\/api.w.org\/{rel}","templated":true}]}}