{"id":15240,"date":"2024-02-12T16:28:34","date_gmt":"2024-02-12T15:28:34","guid":{"rendered":"https:\/\/www.visitcentroamerica.com\/sala-prensa\/?p=15240"},"modified":"2024-04-17T16:45:12","modified_gmt":"2024-04-17T14:45:12","slug":"gastronomia-en-centroamerica","status":"publish","type":"post","link":"https:\/\/www.visitcentroamerica.com\/sala-prensa\/viajar\/fiestas\/gastronomia-en-centroamerica\/","title":{"rendered":"Carnaval en Centroam\u00e9rica"},"content":{"rendered":"<p><img loading=\"lazy\" decoding=\"async\" class=\"alignnone size-full wp-image-15241\" src=\"https:\/\/www.visitcentroamerica.com\/sala-prensa\/wp-content\/uploads\/2024\/04\/Carnaval-en-Centroamerica.jpg\" alt=\"\" width=\"1200\" height=\"600\" srcset=\"https:\/\/www.visitcentroamerica.com\/sala-prensa\/wp-content\/uploads\/2024\/04\/Carnaval-en-Centroamerica.jpg 1200w, https:\/\/www.visitcentroamerica.com\/sala-prensa\/wp-content\/uploads\/2024\/04\/Carnaval-en-Centroamerica-300x150.jpg 300w, https:\/\/www.visitcentroamerica.com\/sala-prensa\/wp-content\/uploads\/2024\/04\/Carnaval-en-Centroamerica-1024x512.jpg 1024w, https:\/\/www.visitcentroamerica.com\/sala-prensa\/wp-content\/uploads\/2024\/04\/Carnaval-en-Centroamerica-768x384.jpg 768w, https:\/\/www.visitcentroamerica.com\/sala-prensa\/wp-content\/uploads\/2024\/04\/Carnaval-en-Centroamerica-696x348.jpg 696w, https:\/\/www.visitcentroamerica.com\/sala-prensa\/wp-content\/uploads\/2024\/04\/Carnaval-en-Centroamerica-1068x534.jpg 1068w, https:\/\/www.visitcentroamerica.com\/sala-prensa\/wp-content\/uploads\/2024\/04\/Carnaval-en-Centroamerica-840x420.jpg 840w, https:\/\/www.visitcentroamerica.com\/sala-prensa\/wp-content\/uploads\/2024\/04\/Carnaval-en-Centroamerica-500x250.jpg 500w\" sizes=\"auto, (max-width: 1200px) 100vw, 1200px\" \/><\/p>\n<p>Descubre la apasionante gastronom\u00eda del Carnaval en <strong>Centroam\u00e9rica,<\/strong> donde los sabores tradicionales se mezclan con la m\u00fasica, el color y la cultura. Desde las calles bulliciosas de Panam\u00e1 hasta las playas animadas de Honduras, cada pa\u00eds ofrece su propio fest\u00edn culinario durante esta festividad tan especial.<\/p>\n<h3>Explorando la gastronom\u00eda de Centroam\u00e9rica en Carnaval<\/h3>\n<p>En <strong>Panam\u00e1<\/strong>, el Carnaval es una fiesta llena de sabor y tradici\u00f3n, donde los platos t\u00edpicos son protagonistas. Los visitantes pueden deleitarse con exquisiteces como el <strong>sancocho<\/strong>, una suculenta sopa con carne y vegetales, o los <strong>tamales de ma\u00edz<\/strong>, envueltos en hojas de pl\u00e1tano y rellenos de carne o pollo. Este fest\u00edn gastron\u00f3mico es una muestra de la riqueza culinaria paname\u00f1a.<\/p>\n<p>Si optas por <strong>Honduras,<\/strong> no te pierdas las sabrosas <a href=\"https:\/\/buenprovecho.hn\/recipe\/baleada-con-todo-una-receta-con-la-calidad-de-harina-la-rosa\/\" target=\"_blank\" rel=\"noopener\"><strong>baleadas<\/strong><\/a><a href=\"https:\/\/buenprovecho.hn\/recipe\/baleada-con-todo-una-receta-con-la-calidad-de-harina-la-rosa\/\">,<\/a> tortillas rellenas de frijoles y queso, que son un manjar t\u00edpico durante esta celebraci\u00f3n.<\/p>\n<p>El Carnaval de <strong>Nicaragua<\/strong> es una fiesta vibrante y llena de color. Las ciudades como Le\u00f3n y Masaya son famosas por sus desfiles de carrozas, concursos de disfraces y animadas celebraciones. Sum\u00e9rgete en la cultura nicarag\u00fcense con m\u00fasica, baile y deliciosas comidas tradicionales como el <strong>vigor\u00f3n<\/strong>, una sabrosa mezcla de cerdo, yuca y ensalada de repollo.<\/p>\n<p>Cada pa\u00eds de <strong>Centroam\u00e9rica <\/strong>ofrece una experiencia \u00fanica para disfrutar del Carnaval, donde la diversi\u00f3n y la camarader\u00eda est\u00e1n garantizadas. En <strong>Visit Centroam\u00e9rica<\/strong> tienes gran variedad de <em>tours<\/em> <strong>multidestino <\/strong>disponibles, como por ejemplo, \u00ab<a href=\"https:\/\/www.visitcentroamerica.com\/packages\/mercados-y-artesania\/\" target=\"_blank\" rel=\"noopener\">Mercados y artesan\u00eda<\/a>\u00bb.<\/p>\n<p>Experiencias: <a href=\"https:\/\/www.visitcentroamerica.com\/experiencias\/historia-y-misticismo\/\" target=\"_blank\" rel=\"noopener\">Arqueolog\u00eda e Historia<\/a> &#8211; <a href=\"https:\/\/www.visitcentroamerica.com\/experiencias\/diversidad-cultural\/\" target=\"_blank\" rel=\"noopener\">Diversidad Cultural<\/a><\/p>\n","protected":false},"excerpt":{"rendered":"<p>Descubre la apasionante gastronom\u00eda del Carnaval en Centroam\u00e9rica, donde los sabores tradicionales se mezclan con la m\u00fasica, el color y la cultura. Desde las calles bulliciosas de Panam\u00e1 hasta las playas animadas de Honduras, cada pa\u00eds ofrece su propio fest\u00edn culinario durante esta festividad tan especial. Explorando la gastronom\u00eda de Centroam\u00e9rica en Carnaval En Panam\u00e1, [&hellip;]<\/p>\n","protected":false},"author":5,"featured_media":15241,"comment_status":"open","ping_status":"closed","sticky":false,"template":"","format":"standard","meta":{"footnotes":""},"categories":[38],"tags":[],"class_list":{"0":"post-15240","1":"post","2":"type-post","3":"status-publish","4":"format-standard","5":"has-post-thumbnail","7":"category-fiestas"},"yoast_head":"<!-- This site is optimized with the Yoast SEO plugin v27.3 - https:\/\/yoast.com\/product\/yoast-seo-wordpress\/ -->\n<title>El Carnaval en Centroam\u00e9rica: destino de fiestas y tradiciones<\/title>\n<meta name=\"description\" content=\"Descubre la efervescencia del Carnaval en Centroam\u00e9rica, una festividad llena de m\u00fasica, color y tradiciones que transforma las calles en un espect\u00e1culo\" \/>\n<meta name=\"robots\" content=\"index, follow, max-snippet:-1, max-image-preview:large, max-video-preview:-1\" \/>\n<link rel=\"canonical\" href=\"https:\/\/www.visitcentroamerica.com\/sala-prensa\/viajar\/fiestas\/gastronomia-en-centroamerica\/\" \/>\n<meta property=\"og:locale\" content=\"es_ES\" \/>\n<meta property=\"og:type\" content=\"article\" \/>\n<meta property=\"og:title\" content=\"El Carnaval en Centroam\u00e9rica: destino de fiestas y tradiciones\" \/>\n<meta property=\"og:description\" content=\"Descubre la efervescencia del Carnaval en Centroam\u00e9rica, una festividad llena de m\u00fasica, color y tradiciones que transforma las calles en un espect\u00e1culo\" \/>\n<meta property=\"og:url\" content=\"https:\/\/www.visitcentroamerica.com\/sala-prensa\/viajar\/fiestas\/gastronomia-en-centroamerica\/\" \/>\n<meta property=\"og:site_name\" content=\"Sala de prensa\" \/>\n<meta property=\"article:published_time\" content=\"2024-02-12T15:28:34+00:00\" \/>\n<meta property=\"article:modified_time\" content=\"2024-04-17T14:45:12+00:00\" \/>\n<meta property=\"og:image\" content=\"https:\/\/www.visitcentroamerica.com\/sala-prensa\/wp-content\/uploads\/2024\/04\/Carnaval-en-Centroamerica.jpg\" \/>\n\t<meta property=\"og:image:width\" content=\"1200\" \/>\n\t<meta property=\"og:image:height\" content=\"600\" \/>\n\t<meta property=\"og:image:type\" content=\"image\/jpeg\" \/>\n<meta name=\"author\" content=\"Denis Alvarado\" \/>\n<meta name=\"twitter:card\" content=\"summary_large_image\" \/>\n<meta name=\"twitter:label1\" content=\"Escrito por\" \/>\n\t<meta name=\"twitter:data1\" content=\"Denis Alvarado\" \/>\n\t<meta name=\"twitter:label2\" content=\"Tiempo de lectura\" \/>\n\t<meta name=\"twitter:data2\" content=\"2 minutos\" \/>\n<script type=\"application\/ld+json\" class=\"yoast-schema-graph\">{\"@context\":\"https:\\\/\\\/schema.org\",\"@graph\":[{\"@type\":\"Article\",\"@id\":\"https:\\\/\\\/www.visitcentroamerica.com\\\/sala-prensa\\\/viajar\\\/fiestas\\\/gastronomia-en-centroamerica\\\/#article\",\"isPartOf\":{\"@id\":\"https:\\\/\\\/www.visitcentroamerica.com\\\/sala-prensa\\\/viajar\\\/fiestas\\\/gastronomia-en-centroamerica\\\/\"},\"author\":{\"name\":\"Denis Alvarado\",\"@id\":\"https:\\\/\\\/www.visitcentroamerica.com\\\/sala-prensa\\\/#\\\/schema\\\/person\\\/0aa3bd0dbaabaead6089ee3dd0cd7ae5\"},\"headline\":\"Carnaval en Centroam\u00e9rica\",\"datePublished\":\"2024-02-12T15:28:34+00:00\",\"dateModified\":\"2024-04-17T14:45:12+00:00\",\"mainEntityOfPage\":{\"@id\":\"https:\\\/\\\/www.visitcentroamerica.com\\\/sala-prensa\\\/viajar\\\/fiestas\\\/gastronomia-en-centroamerica\\\/\"},\"wordCount\":270,\"commentCount\":0,\"image\":{\"@id\":\"https:\\\/\\\/www.visitcentroamerica.com\\\/sala-prensa\\\/viajar\\\/fiestas\\\/gastronomia-en-centroamerica\\\/#primaryimage\"},\"thumbnailUrl\":\"https:\\\/\\\/www.visitcentroamerica.com\\\/sala-prensa\\\/wp-content\\\/uploads\\\/2024\\\/04\\\/Carnaval-en-Centroamerica.jpg\",\"articleSection\":[\"Fiestas\"],\"inLanguage\":\"es\",\"potentialAction\":[{\"@type\":\"CommentAction\",\"name\":\"Comment\",\"target\":[\"https:\\\/\\\/www.visitcentroamerica.com\\\/sala-prensa\\\/viajar\\\/fiestas\\\/gastronomia-en-centroamerica\\\/#respond\"]}]},{\"@type\":\"WebPage\",\"@id\":\"https:\\\/\\\/www.visitcentroamerica.com\\\/sala-prensa\\\/viajar\\\/fiestas\\\/gastronomia-en-centroamerica\\\/\",\"url\":\"https:\\\/\\\/www.visitcentroamerica.com\\\/sala-prensa\\\/viajar\\\/fiestas\\\/gastronomia-en-centroamerica\\\/\",\"name\":\"El Carnaval en Centroam\u00e9rica: destino de fiestas y tradiciones\",\"isPartOf\":{\"@id\":\"https:\\\/\\\/www.visitcentroamerica.com\\\/sala-prensa\\\/#website\"},\"primaryImageOfPage\":{\"@id\":\"https:\\\/\\\/www.visitcentroamerica.com\\\/sala-prensa\\\/viajar\\\/fiestas\\\/gastronomia-en-centroamerica\\\/#primaryimage\"},\"image\":{\"@id\":\"https:\\\/\\\/www.visitcentroamerica.com\\\/sala-prensa\\\/viajar\\\/fiestas\\\/gastronomia-en-centroamerica\\\/#primaryimage\"},\"thumbnailUrl\":\"https:\\\/\\\/www.visitcentroamerica.com\\\/sala-prensa\\\/wp-content\\\/uploads\\\/2024\\\/04\\\/Carnaval-en-Centroamerica.jpg\",\"datePublished\":\"2024-02-12T15:28:34+00:00\",\"dateModified\":\"2024-04-17T14:45:12+00:00\",\"author\":{\"@id\":\"https:\\\/\\\/www.visitcentroamerica.com\\\/sala-prensa\\\/#\\\/schema\\\/person\\\/0aa3bd0dbaabaead6089ee3dd0cd7ae5\"},\"description\":\"Descubre la efervescencia del Carnaval en Centroam\u00e9rica, una festividad llena de m\u00fasica, color y tradiciones que transforma las calles en un espect\u00e1culo\",\"breadcrumb\":{\"@id\":\"https:\\\/\\\/www.visitcentroamerica.com\\\/sala-prensa\\\/viajar\\\/fiestas\\\/gastronomia-en-centroamerica\\\/#breadcrumb\"},\"inLanguage\":\"es\",\"potentialAction\":[{\"@type\":\"ReadAction\",\"target\":[\"https:\\\/\\\/www.visitcentroamerica.com\\\/sala-prensa\\\/viajar\\\/fiestas\\\/gastronomia-en-centroamerica\\\/\"]}]},{\"@type\":\"ImageObject\",\"inLanguage\":\"es\",\"@id\":\"https:\\\/\\\/www.visitcentroamerica.com\\\/sala-prensa\\\/viajar\\\/fiestas\\\/gastronomia-en-centroamerica\\\/#primaryimage\",\"url\":\"https:\\\/\\\/www.visitcentroamerica.com\\\/sala-prensa\\\/wp-content\\\/uploads\\\/2024\\\/04\\\/Carnaval-en-Centroamerica.jpg\",\"contentUrl\":\"https:\\\/\\\/www.visitcentroamerica.com\\\/sala-prensa\\\/wp-content\\\/uploads\\\/2024\\\/04\\\/Carnaval-en-Centroamerica.jpg\",\"width\":1200,\"height\":600},{\"@type\":\"BreadcrumbList\",\"@id\":\"https:\\\/\\\/www.visitcentroamerica.com\\\/sala-prensa\\\/viajar\\\/fiestas\\\/gastronomia-en-centroamerica\\\/#breadcrumb\",\"itemListElement\":[{\"@type\":\"ListItem\",\"position\":1,\"name\":\"Portada\",\"item\":\"https:\\\/\\\/www.visitcentroamerica.com\\\/sala-prensa\\\/\"},{\"@type\":\"ListItem\",\"position\":2,\"name\":\"Carnaval en Centroam\u00e9rica\"}]},{\"@type\":\"WebSite\",\"@id\":\"https:\\\/\\\/www.visitcentroamerica.com\\\/sala-prensa\\\/#website\",\"url\":\"https:\\\/\\\/www.visitcentroamerica.com\\\/sala-prensa\\\/\",\"name\":\"Sala de prensa\",\"description\":\"\",\"potentialAction\":[{\"@type\":\"SearchAction\",\"target\":{\"@type\":\"EntryPoint\",\"urlTemplate\":\"https:\\\/\\\/www.visitcentroamerica.com\\\/sala-prensa\\\/?s={search_term_string}\"},\"query-input\":{\"@type\":\"PropertyValueSpecification\",\"valueRequired\":true,\"valueName\":\"search_term_string\"}}],\"inLanguage\":\"es\"},{\"@type\":\"Person\",\"@id\":\"https:\\\/\\\/www.visitcentroamerica.com\\\/sala-prensa\\\/#\\\/schema\\\/person\\\/0aa3bd0dbaabaead6089ee3dd0cd7ae5\",\"name\":\"Denis Alvarado\",\"image\":{\"@type\":\"ImageObject\",\"inLanguage\":\"es\",\"@id\":\"https:\\\/\\\/secure.gravatar.com\\\/avatar\\\/c31f0697f6edb7c68d5dedc2ccbd548d2a9f73aa293e81c6a1425229ec4c9135?s=96&d=mm&r=g\",\"url\":\"https:\\\/\\\/secure.gravatar.com\\\/avatar\\\/c31f0697f6edb7c68d5dedc2ccbd548d2a9f73aa293e81c6a1425229ec4c9135?s=96&d=mm&r=g\",\"contentUrl\":\"https:\\\/\\\/secure.gravatar.com\\\/avatar\\\/c31f0697f6edb7c68d5dedc2ccbd548d2a9f73aa293e81c6a1425229ec4c9135?s=96&d=mm&r=g\",\"caption\":\"Denis Alvarado\"},\"url\":\"https:\\\/\\\/www.visitcentroamerica.com\\\/sala-prensa\\\/author\\\/denis\\\/\"}]}<\/script>\n<!-- \/ Yoast SEO plugin. -->","yoast_head_json":{"title":"El Carnaval en Centroam\u00e9rica: destino de fiestas y tradiciones","description":"Descubre la efervescencia del Carnaval en Centroam\u00e9rica, una festividad llena de m\u00fasica, color y tradiciones que transforma las calles en un espect\u00e1culo","robots":{"index":"index","follow":"follow","max-snippet":"max-snippet:-1","max-image-preview":"max-image-preview:large","max-video-preview":"max-video-preview:-1"},"canonical":"https:\/\/www.visitcentroamerica.com\/sala-prensa\/viajar\/fiestas\/gastronomia-en-centroamerica\/","og_locale":"es_ES","og_type":"article","og_title":"El Carnaval en Centroam\u00e9rica: destino de fiestas y tradiciones","og_description":"Descubre la efervescencia del Carnaval en Centroam\u00e9rica, una festividad llena de m\u00fasica, color y tradiciones que transforma las calles en un espect\u00e1culo","og_url":"https:\/\/www.visitcentroamerica.com\/sala-prensa\/viajar\/fiestas\/gastronomia-en-centroamerica\/","og_site_name":"Sala de prensa","article_published_time":"2024-02-12T15:28:34+00:00","article_modified_time":"2024-04-17T14:45:12+00:00","og_image":[{"width":1200,"height":600,"url":"https:\/\/www.visitcentroamerica.com\/sala-prensa\/wp-content\/uploads\/2024\/04\/Carnaval-en-Centroamerica.jpg","type":"image\/jpeg"}],"author":"Denis Alvarado","twitter_card":"summary_large_image","twitter_misc":{"Escrito por":"Denis Alvarado","Tiempo de lectura":"2 minutos"},"schema":{"@context":"https:\/\/schema.org","@graph":[{"@type":"Article","@id":"https:\/\/www.visitcentroamerica.com\/sala-prensa\/viajar\/fiestas\/gastronomia-en-centroamerica\/#article","isPartOf":{"@id":"https:\/\/www.visitcentroamerica.com\/sala-prensa\/viajar\/fiestas\/gastronomia-en-centroamerica\/"},"author":{"name":"Denis Alvarado","@id":"https:\/\/www.visitcentroamerica.com\/sala-prensa\/#\/schema\/person\/0aa3bd0dbaabaead6089ee3dd0cd7ae5"},"headline":"Carnaval en Centroam\u00e9rica","datePublished":"2024-02-12T15:28:34+00:00","dateModified":"2024-04-17T14:45:12+00:00","mainEntityOfPage":{"@id":"https:\/\/www.visitcentroamerica.com\/sala-prensa\/viajar\/fiestas\/gastronomia-en-centroamerica\/"},"wordCount":270,"commentCount":0,"image":{"@id":"https:\/\/www.visitcentroamerica.com\/sala-prensa\/viajar\/fiestas\/gastronomia-en-centroamerica\/#primaryimage"},"thumbnailUrl":"https:\/\/www.visitcentroamerica.com\/sala-prensa\/wp-content\/uploads\/2024\/04\/Carnaval-en-Centroamerica.jpg","articleSection":["Fiestas"],"inLanguage":"es","potentialAction":[{"@type":"CommentAction","name":"Comment","target":["https:\/\/www.visitcentroamerica.com\/sala-prensa\/viajar\/fiestas\/gastronomia-en-centroamerica\/#respond"]}]},{"@type":"WebPage","@id":"https:\/\/www.visitcentroamerica.com\/sala-prensa\/viajar\/fiestas\/gastronomia-en-centroamerica\/","url":"https:\/\/www.visitcentroamerica.com\/sala-prensa\/viajar\/fiestas\/gastronomia-en-centroamerica\/","name":"El Carnaval en Centroam\u00e9rica: destino de fiestas y tradiciones","isPartOf":{"@id":"https:\/\/www.visitcentroamerica.com\/sala-prensa\/#website"},"primaryImageOfPage":{"@id":"https:\/\/www.visitcentroamerica.com\/sala-prensa\/viajar\/fiestas\/gastronomia-en-centroamerica\/#primaryimage"},"image":{"@id":"https:\/\/www.visitcentroamerica.com\/sala-prensa\/viajar\/fiestas\/gastronomia-en-centroamerica\/#primaryimage"},"thumbnailUrl":"https:\/\/www.visitcentroamerica.com\/sala-prensa\/wp-content\/uploads\/2024\/04\/Carnaval-en-Centroamerica.jpg","datePublished":"2024-02-12T15:28:34+00:00","dateModified":"2024-04-17T14:45:12+00:00","author":{"@id":"https:\/\/www.visitcentroamerica.com\/sala-prensa\/#\/schema\/person\/0aa3bd0dbaabaead6089ee3dd0cd7ae5"},"description":"Descubre la efervescencia del Carnaval en Centroam\u00e9rica, una festividad llena de m\u00fasica, color y tradiciones que transforma las calles en un espect\u00e1culo","breadcrumb":{"@id":"https:\/\/www.visitcentroamerica.com\/sala-prensa\/viajar\/fiestas\/gastronomia-en-centroamerica\/#breadcrumb"},"inLanguage":"es","potentialAction":[{"@type":"ReadAction","target":["https:\/\/www.visitcentroamerica.com\/sala-prensa\/viajar\/fiestas\/gastronomia-en-centroamerica\/"]}]},{"@type":"ImageObject","inLanguage":"es","@id":"https:\/\/www.visitcentroamerica.com\/sala-prensa\/viajar\/fiestas\/gastronomia-en-centroamerica\/#primaryimage","url":"https:\/\/www.visitcentroamerica.com\/sala-prensa\/wp-content\/uploads\/2024\/04\/Carnaval-en-Centroamerica.jpg","contentUrl":"https:\/\/www.visitcentroamerica.com\/sala-prensa\/wp-content\/uploads\/2024\/04\/Carnaval-en-Centroamerica.jpg","width":1200,"height":600},{"@type":"BreadcrumbList","@id":"https:\/\/www.visitcentroamerica.com\/sala-prensa\/viajar\/fiestas\/gastronomia-en-centroamerica\/#breadcrumb","itemListElement":[{"@type":"ListItem","position":1,"name":"Portada","item":"https:\/\/www.visitcentroamerica.com\/sala-prensa\/"},{"@type":"ListItem","position":2,"name":"Carnaval en Centroam\u00e9rica"}]},{"@type":"WebSite","@id":"https:\/\/www.visitcentroamerica.com\/sala-prensa\/#website","url":"https:\/\/www.visitcentroamerica.com\/sala-prensa\/","name":"Sala de prensa","description":"","potentialAction":[{"@type":"SearchAction","target":{"@type":"EntryPoint","urlTemplate":"https:\/\/www.visitcentroamerica.com\/sala-prensa\/?s={search_term_string}"},"query-input":{"@type":"PropertyValueSpecification","valueRequired":true,"valueName":"search_term_string"}}],"inLanguage":"es"},{"@type":"Person","@id":"https:\/\/www.visitcentroamerica.com\/sala-prensa\/#\/schema\/person\/0aa3bd0dbaabaead6089ee3dd0cd7ae5","name":"Denis Alvarado","image":{"@type":"ImageObject","inLanguage":"es","@id":"https:\/\/secure.gravatar.com\/avatar\/c31f0697f6edb7c68d5dedc2ccbd548d2a9f73aa293e81c6a1425229ec4c9135?s=96&d=mm&r=g","url":"https:\/\/secure.gravatar.com\/avatar\/c31f0697f6edb7c68d5dedc2ccbd548d2a9f73aa293e81c6a1425229ec4c9135?s=96&d=mm&r=g","contentUrl":"https:\/\/secure.gravatar.com\/avatar\/c31f0697f6edb7c68d5dedc2ccbd548d2a9f73aa293e81c6a1425229ec4c9135?s=96&d=mm&r=g","caption":"Denis Alvarado"},"url":"https:\/\/www.visitcentroamerica.com\/sala-prensa\/author\/denis\/"}]}},"_links":{"self":[{"href":"https:\/\/www.visitcentroamerica.com\/sala-prensa\/wp-json\/wp\/v2\/posts\/15240","targetHints":{"allow":["GET"]}}],"collection":[{"href":"https:\/\/www.visitcentroamerica.com\/sala-prensa\/wp-json\/wp\/v2\/posts"}],"about":[{"href":"https:\/\/www.visitcentroamerica.com\/sala-prensa\/wp-json\/wp\/v2\/types\/post"}],"author":[{"embeddable":true,"href":"https:\/\/www.visitcentroamerica.com\/sala-prensa\/wp-json\/wp\/v2\/users\/5"}],"replies":[{"embeddable":true,"href":"https:\/\/www.visitcentroamerica.com\/sala-prensa\/wp-json\/wp\/v2\/comments?post=15240"}],"version-history":[{"count":2,"href":"https:\/\/www.visitcentroamerica.com\/sala-prensa\/wp-json\/wp\/v2\/posts\/15240\/revisions"}],"predecessor-version":[{"id":15256,"href":"https:\/\/www.visitcentroamerica.com\/sala-prensa\/wp-json\/wp\/v2\/posts\/15240\/revisions\/15256"}],"wp:featuredmedia":[{"embeddable":true,"href":"https:\/\/www.visitcentroamerica.com\/sala-prensa\/wp-json\/wp\/v2\/media\/15241"}],"wp:attachment":[{"href":"https:\/\/www.visitcentroamerica.com\/sala-prensa\/wp-json\/wp\/v2\/media?parent=15240"}],"wp:term":[{"taxonomy":"category","embeddable":true,"href":"https:\/\/www.visitcentroamerica.com\/sala-prensa\/wp-json\/wp\/v2\/categories?post=15240"},{"taxonomy":"post_tag","embeddable":true,"href":"https:\/\/www.visitcentroamerica.com\/sala-prensa\/wp-json\/wp\/v2\/tags?post=15240"}],"curies":[{"name":"wp","href":"https:\/\/api.w.org\/{rel}","templated":true}]}}