{"id":15198,"date":"2024-03-22T11:00:18","date_gmt":"2024-03-22T10:00:18","guid":{"rendered":"https:\/\/www.visitcentroamerica.com\/sala-prensa\/?p=15198"},"modified":"2024-04-10T08:40:06","modified_gmt":"2024-04-10T06:40:06","slug":"guatemala-capital-centroamericana-del-turismo-religioso-y-cultural-durante-la-semana-santa","status":"publish","type":"post","link":"https:\/\/www.visitcentroamerica.com\/sala-prensa\/viajar\/cultura\/guatemala-capital-centroamericana-del-turismo-religioso-y-cultural-durante-la-semana-santa\/","title":{"rendered":"Guatemala, capital centroamericana del turismo religioso y cultural durante la Semana Santa"},"content":{"rendered":"<div class=\"wpb-content-wrapper\"><div id=\"tdi_1\" class=\"tdc-row\"><div class=\"vc_row tdi_2  wpb_row td-pb-row\" >\n<style scoped>\n\/* custom css - generated by TagDiv Composer *\/\n\n\/* custom css - generated by TagDiv Composer *\/\n.tdi_2,\r\n                .tdi_2 .tdc-columns{\r\n                    min-height: 0;\r\n                }.tdi_2,\r\n\t\t\t\t.tdi_2 .tdc-columns{\r\n\t\t\t\t    display: block;\r\n\t\t\t\t}.tdi_2 .tdc-columns{\r\n\t\t\t\t    width: 100%;\r\n\t\t\t\t}.tdi_2:before,\r\n\t\t\t\t.tdi_2:after{\r\n\t\t\t\t    display: table;\r\n\t\t\t\t}\n<\/style><div class=\"vc_column tdi_4  wpb_column vc_column_container tdc-column td-pb-span12\">\n<style scoped>\n\/* custom css - generated by TagDiv Composer *\/\n\n\/* custom css - generated by TagDiv Composer *\/\n.tdi_4{\r\n                    vertical-align: baseline;\r\n                }.tdi_4 > .wpb_wrapper,\r\n\t\t\t\t.tdi_4 > .wpb_wrapper > .tdc-elements{\r\n\t\t\t\t    display: block;\r\n\t\t\t\t}.tdi_4 > .wpb_wrapper > .tdc-elements{\r\n\t\t\t\t    width: 100%;\r\n\t\t\t\t}.tdi_4 > .wpb_wrapper > .vc_row_inner{\r\n\t\t\t\t    width: auto;\r\n\t\t\t\t}.tdi_4 > .wpb_wrapper{\r\n\t\t\t\t    width: auto;\r\n\t\t\t\t    height: auto;\r\n\t\t\t\t}\n<\/style><div class=\"wpb_wrapper\" >[vc_single_image image=\u00bb15210&#8243; img_size=\u00bbfull\u00bb]<\/div><\/div><\/div><\/div><div id=\"tdi_5\" class=\"tdc-row\"><div class=\"vc_row tdi_6  wpb_row td-pb-row\" >\n<style scoped>\n\/* custom css - generated by TagDiv Composer *\/\n\n\/* custom css - generated by TagDiv Composer *\/\n.tdi_6,\r\n                .tdi_6 .tdc-columns{\r\n                    min-height: 0;\r\n                }.tdi_6,\r\n\t\t\t\t.tdi_6 .tdc-columns{\r\n\t\t\t\t    display: block;\r\n\t\t\t\t}.tdi_6 .tdc-columns{\r\n\t\t\t\t    width: 100%;\r\n\t\t\t\t}.tdi_6:before,\r\n\t\t\t\t.tdi_6:after{\r\n\t\t\t\t    display: table;\r\n\t\t\t\t}\n<\/style><\/div><\/div><div class=\"vc_column tdi_8  wpb_column vc_column_container tdc-column td-pb-span12\">\n<style scoped>\n\/* custom css - generated by TagDiv Composer *\/\n\n\/* custom css - generated by TagDiv Composer *\/\n.tdi_8{\r\n                    vertical-align: baseline;\r\n                }.tdi_8 > .wpb_wrapper,\r\n\t\t\t\t.tdi_8 > .wpb_wrapper > .tdc-elements{\r\n\t\t\t\t    display: block;\r\n\t\t\t\t}.tdi_8 > .wpb_wrapper > .tdc-elements{\r\n\t\t\t\t    width: 100%;\r\n\t\t\t\t}.tdi_8 > .wpb_wrapper > .vc_row_inner{\r\n\t\t\t\t    width: auto;\r\n\t\t\t\t}.tdi_8 > .wpb_wrapper{\r\n\t\t\t\t    width: auto;\r\n\t\t\t\t    height: auto;\r\n\t\t\t\t}\n<\/style><div class=\"wpb_wrapper\" ><\/div><\/div>[vc_column_text]<\/p>\n<h5 style=\"text-align: left;\">En total, para la Semana Santa 2024, las autoridades del Instituto Guatemalteco de Turismo (INGUAT) proyectan 3.3 millones de llegadas tur\u00edsticas, generando una din\u00e1mica econ\u00f3mica positiva con una derrama econ\u00f3mica que se espera sea de 2 mil 637 millones de quetzales.<\/h5>\n<p>Durante la \u00e9poca de Cuaresma y Semana Santa, Guatemala emerge como el epicentro indiscutible de la fe, la devoci\u00f3n y el fervor religioso en toda Centroam\u00e9rica. Con una expresi\u00f3n de sincretismo religioso \u00fanica en el mundo, el pa\u00eds se erige como un destino excepcional para el turismo cultural y religioso, atrayendo a visitantes de todos los continentes.<\/p>\n<p><img loading=\"lazy\" decoding=\"async\" class=\"alignnone wp-image-15205\" src=\"https:\/\/www.visitcentroamerica.com\/sala-prensa\/wp-content\/uploads\/2024\/04\/4-1-300x169.png\" alt=\"\" width=\"671\" height=\"378\" srcset=\"https:\/\/www.visitcentroamerica.com\/sala-prensa\/wp-content\/uploads\/2024\/04\/4-1-300x169.png 300w, https:\/\/www.visitcentroamerica.com\/sala-prensa\/wp-content\/uploads\/2024\/04\/4-1-1024x576.png 1024w, https:\/\/www.visitcentroamerica.com\/sala-prensa\/wp-content\/uploads\/2024\/04\/4-1-768x432.png 768w, https:\/\/www.visitcentroamerica.com\/sala-prensa\/wp-content\/uploads\/2024\/04\/4-1-696x392.png 696w, https:\/\/www.visitcentroamerica.com\/sala-prensa\/wp-content\/uploads\/2024\/04\/4-1-1068x601.png 1068w, https:\/\/www.visitcentroamerica.com\/sala-prensa\/wp-content\/uploads\/2024\/04\/4-1-747x420.png 747w, https:\/\/www.visitcentroamerica.com\/sala-prensa\/wp-content\/uploads\/2024\/04\/4-1-500x281.png 500w, https:\/\/www.visitcentroamerica.com\/sala-prensa\/wp-content\/uploads\/2024\/04\/4-1.png 1200w\" sizes=\"auto, (max-width: 671px) 100vw, 671px\" \/><\/p>\n<p>La Semana Santa en Guatemala est\u00e1 constituida por una serie de actividades arraigadas en la historia y la tradici\u00f3n de m\u00e1s de cuatro siglos. Grandes cortejos procesionales, en los cuales participan miles de personas, dan lugar a momentos de profunda espiritualidad. Este legado de solemnidad y fervor convierte al pa\u00eds en un destino sumamente atractivo para el turismo religioso, un segmento en constante crecimiento que busca experiencias aut\u00e9nticas impregnadas de misticismo.<\/p>\n<p><img loading=\"lazy\" decoding=\"async\" class=\"alignnone wp-image-15215\" src=\"https:\/\/www.visitcentroamerica.com\/sala-prensa\/wp-content\/uploads\/2024\/04\/WhatsApp-Image-2024-03-20-at-4.53.56-PM-300x225.jpeg\" alt=\"\" width=\"333\" height=\"250\" srcset=\"https:\/\/www.visitcentroamerica.com\/sala-prensa\/wp-content\/uploads\/2024\/04\/WhatsApp-Image-2024-03-20-at-4.53.56-PM-300x225.jpeg 300w, https:\/\/www.visitcentroamerica.com\/sala-prensa\/wp-content\/uploads\/2024\/04\/WhatsApp-Image-2024-03-20-at-4.53.56-PM-768x576.jpeg 768w, https:\/\/www.visitcentroamerica.com\/sala-prensa\/wp-content\/uploads\/2024\/04\/WhatsApp-Image-2024-03-20-at-4.53.56-PM-696x522.jpeg 696w, https:\/\/www.visitcentroamerica.com\/sala-prensa\/wp-content\/uploads\/2024\/04\/WhatsApp-Image-2024-03-20-at-4.53.56-PM-560x420.jpeg 560w, https:\/\/www.visitcentroamerica.com\/sala-prensa\/wp-content\/uploads\/2024\/04\/WhatsApp-Image-2024-03-20-at-4.53.56-PM-80x60.jpeg 80w, https:\/\/www.visitcentroamerica.com\/sala-prensa\/wp-content\/uploads\/2024\/04\/WhatsApp-Image-2024-03-20-at-4.53.56-PM-265x198.jpeg 265w, https:\/\/www.visitcentroamerica.com\/sala-prensa\/wp-content\/uploads\/2024\/04\/WhatsApp-Image-2024-03-20-at-4.53.56-PM-500x375.jpeg 500w, https:\/\/www.visitcentroamerica.com\/sala-prensa\/wp-content\/uploads\/2024\/04\/WhatsApp-Image-2024-03-20-at-4.53.56-PM.jpeg 902w\" sizes=\"auto, (max-width: 333px) 100vw, 333px\" \/><img loading=\"lazy\" decoding=\"async\" class=\"alignnone wp-image-15217\" src=\"https:\/\/www.visitcentroamerica.com\/sala-prensa\/wp-content\/uploads\/2024\/04\/WhatsApp-Image-2024-03-20-at-4.53.57-PM-_1_-300x225.jpeg\" alt=\"\" width=\"330\" height=\"247\" srcset=\"https:\/\/www.visitcentroamerica.com\/sala-prensa\/wp-content\/uploads\/2024\/04\/WhatsApp-Image-2024-03-20-at-4.53.57-PM-_1_-300x225.jpeg 300w, https:\/\/www.visitcentroamerica.com\/sala-prensa\/wp-content\/uploads\/2024\/04\/WhatsApp-Image-2024-03-20-at-4.53.57-PM-_1_-768x576.jpeg 768w, https:\/\/www.visitcentroamerica.com\/sala-prensa\/wp-content\/uploads\/2024\/04\/WhatsApp-Image-2024-03-20-at-4.53.57-PM-_1_-696x522.jpeg 696w, https:\/\/www.visitcentroamerica.com\/sala-prensa\/wp-content\/uploads\/2024\/04\/WhatsApp-Image-2024-03-20-at-4.53.57-PM-_1_-560x420.jpeg 560w, https:\/\/www.visitcentroamerica.com\/sala-prensa\/wp-content\/uploads\/2024\/04\/WhatsApp-Image-2024-03-20-at-4.53.57-PM-_1_-80x60.jpeg 80w, https:\/\/www.visitcentroamerica.com\/sala-prensa\/wp-content\/uploads\/2024\/04\/WhatsApp-Image-2024-03-20-at-4.53.57-PM-_1_-265x198.jpeg 265w, https:\/\/www.visitcentroamerica.com\/sala-prensa\/wp-content\/uploads\/2024\/04\/WhatsApp-Image-2024-03-20-at-4.53.57-PM-_1_-500x375.jpeg 500w, https:\/\/www.visitcentroamerica.com\/sala-prensa\/wp-content\/uploads\/2024\/04\/WhatsApp-Image-2024-03-20-at-4.53.57-PM-_1_.jpeg 910w\" sizes=\"auto, (max-width: 330px) 100vw, 330px\" \/><\/p>\n<p>Declarada Patrimonio Cultural de la Naci\u00f3n en 2008 y Patrimonio Cultural Inmaterial de la Humanidad por la UNESCO en 2022, la Semana Santa en Guatemala resalta la importancia de esta celebraci\u00f3n para el fortalecimiento del turismo en el pa\u00eds.<\/p>\n<p><img loading=\"lazy\" decoding=\"async\" class=\"alignnone wp-image-15219\" src=\"https:\/\/www.visitcentroamerica.com\/sala-prensa\/wp-content\/uploads\/2024\/04\/WhatsApp-Image-2024-03-20-at-4.53.59-PM-_2_-300x225.jpeg\" alt=\"\" width=\"335\" height=\"252\" srcset=\"https:\/\/www.visitcentroamerica.com\/sala-prensa\/wp-content\/uploads\/2024\/04\/WhatsApp-Image-2024-03-20-at-4.53.59-PM-_2_-300x225.jpeg 300w, https:\/\/www.visitcentroamerica.com\/sala-prensa\/wp-content\/uploads\/2024\/04\/WhatsApp-Image-2024-03-20-at-4.53.59-PM-_2_-768x576.jpeg 768w, https:\/\/www.visitcentroamerica.com\/sala-prensa\/wp-content\/uploads\/2024\/04\/WhatsApp-Image-2024-03-20-at-4.53.59-PM-_2_-696x522.jpeg 696w, https:\/\/www.visitcentroamerica.com\/sala-prensa\/wp-content\/uploads\/2024\/04\/WhatsApp-Image-2024-03-20-at-4.53.59-PM-_2_-560x420.jpeg 560w, https:\/\/www.visitcentroamerica.com\/sala-prensa\/wp-content\/uploads\/2024\/04\/WhatsApp-Image-2024-03-20-at-4.53.59-PM-_2_-80x60.jpeg 80w, https:\/\/www.visitcentroamerica.com\/sala-prensa\/wp-content\/uploads\/2024\/04\/WhatsApp-Image-2024-03-20-at-4.53.59-PM-_2_-265x198.jpeg 265w, https:\/\/www.visitcentroamerica.com\/sala-prensa\/wp-content\/uploads\/2024\/04\/WhatsApp-Image-2024-03-20-at-4.53.59-PM-_2_-500x375.jpeg 500w, https:\/\/www.visitcentroamerica.com\/sala-prensa\/wp-content\/uploads\/2024\/04\/WhatsApp-Image-2024-03-20-at-4.53.59-PM-_2_.jpeg 936w\" sizes=\"auto, (max-width: 335px) 100vw, 335px\" \/><img loading=\"lazy\" decoding=\"async\" class=\"alignnone wp-image-15221\" src=\"https:\/\/www.visitcentroamerica.com\/sala-prensa\/wp-content\/uploads\/2024\/04\/WhatsApp-Image-2024-03-20-at-4.54.00-PM-300x225.jpeg\" alt=\"\" width=\"334\" height=\"250\" srcset=\"https:\/\/www.visitcentroamerica.com\/sala-prensa\/wp-content\/uploads\/2024\/04\/WhatsApp-Image-2024-03-20-at-4.54.00-PM-300x225.jpeg 300w, https:\/\/www.visitcentroamerica.com\/sala-prensa\/wp-content\/uploads\/2024\/04\/WhatsApp-Image-2024-03-20-at-4.54.00-PM-768x576.jpeg 768w, https:\/\/www.visitcentroamerica.com\/sala-prensa\/wp-content\/uploads\/2024\/04\/WhatsApp-Image-2024-03-20-at-4.54.00-PM-696x522.jpeg 696w, https:\/\/www.visitcentroamerica.com\/sala-prensa\/wp-content\/uploads\/2024\/04\/WhatsApp-Image-2024-03-20-at-4.54.00-PM-560x420.jpeg 560w, https:\/\/www.visitcentroamerica.com\/sala-prensa\/wp-content\/uploads\/2024\/04\/WhatsApp-Image-2024-03-20-at-4.54.00-PM-80x60.jpeg 80w, https:\/\/www.visitcentroamerica.com\/sala-prensa\/wp-content\/uploads\/2024\/04\/WhatsApp-Image-2024-03-20-at-4.54.00-PM-265x198.jpeg 265w, https:\/\/www.visitcentroamerica.com\/sala-prensa\/wp-content\/uploads\/2024\/04\/WhatsApp-Image-2024-03-20-at-4.54.00-PM-500x375.jpeg 500w, https:\/\/www.visitcentroamerica.com\/sala-prensa\/wp-content\/uploads\/2024\/04\/WhatsApp-Image-2024-03-20-at-4.54.00-PM.jpeg 902w\" sizes=\"auto, (max-width: 334px) 100vw, 334px\" \/><\/p>\n<p>Con procesiones, vigilias, marchas f\u00fanebres, gastronom\u00eda de temporada y la creaci\u00f3n de alfombras de flores y altares, la Semana Santa se convierte en uno de los acontecimientos m\u00e1s notables del pa\u00eds. Las calles se llenan de color, mientras las fachadas de las casas se adornan para crear un ambiente particular.<\/p>\n<p><img loading=\"lazy\" decoding=\"async\" class=\"alignnone wp-image-15223\" src=\"https:\/\/www.visitcentroamerica.com\/sala-prensa\/wp-content\/uploads\/2024\/04\/WhatsApp-Image-2024-03-20-at-16.53.56-300x225.jpeg\" alt=\"\" width=\"335\" height=\"251\" srcset=\"https:\/\/www.visitcentroamerica.com\/sala-prensa\/wp-content\/uploads\/2024\/04\/WhatsApp-Image-2024-03-20-at-16.53.56-300x225.jpeg 300w, https:\/\/www.visitcentroamerica.com\/sala-prensa\/wp-content\/uploads\/2024\/04\/WhatsApp-Image-2024-03-20-at-16.53.56-768x576.jpeg 768w, https:\/\/www.visitcentroamerica.com\/sala-prensa\/wp-content\/uploads\/2024\/04\/WhatsApp-Image-2024-03-20-at-16.53.56-696x522.jpeg 696w, https:\/\/www.visitcentroamerica.com\/sala-prensa\/wp-content\/uploads\/2024\/04\/WhatsApp-Image-2024-03-20-at-16.53.56-560x420.jpeg 560w, https:\/\/www.visitcentroamerica.com\/sala-prensa\/wp-content\/uploads\/2024\/04\/WhatsApp-Image-2024-03-20-at-16.53.56-80x60.jpeg 80w, https:\/\/www.visitcentroamerica.com\/sala-prensa\/wp-content\/uploads\/2024\/04\/WhatsApp-Image-2024-03-20-at-16.53.56-265x198.jpeg 265w, https:\/\/www.visitcentroamerica.com\/sala-prensa\/wp-content\/uploads\/2024\/04\/WhatsApp-Image-2024-03-20-at-16.53.56-500x375.jpeg 500w, https:\/\/www.visitcentroamerica.com\/sala-prensa\/wp-content\/uploads\/2024\/04\/WhatsApp-Image-2024-03-20-at-16.53.56.jpeg 944w\" sizes=\"auto, (max-width: 335px) 100vw, 335px\" \/><img loading=\"lazy\" decoding=\"async\" class=\"alignnone wp-image-15225\" src=\"https:\/\/www.visitcentroamerica.com\/sala-prensa\/wp-content\/uploads\/2024\/04\/WhatsApp-Image-2024-03-20-at-16.53.59-300x225.jpeg\" alt=\"\" width=\"336\" height=\"252\" srcset=\"https:\/\/www.visitcentroamerica.com\/sala-prensa\/wp-content\/uploads\/2024\/04\/WhatsApp-Image-2024-03-20-at-16.53.59-300x225.jpeg 300w, https:\/\/www.visitcentroamerica.com\/sala-prensa\/wp-content\/uploads\/2024\/04\/WhatsApp-Image-2024-03-20-at-16.53.59-768x576.jpeg 768w, https:\/\/www.visitcentroamerica.com\/sala-prensa\/wp-content\/uploads\/2024\/04\/WhatsApp-Image-2024-03-20-at-16.53.59-696x522.jpeg 696w, https:\/\/www.visitcentroamerica.com\/sala-prensa\/wp-content\/uploads\/2024\/04\/WhatsApp-Image-2024-03-20-at-16.53.59-560x420.jpeg 560w, https:\/\/www.visitcentroamerica.com\/sala-prensa\/wp-content\/uploads\/2024\/04\/WhatsApp-Image-2024-03-20-at-16.53.59-80x60.jpeg 80w, https:\/\/www.visitcentroamerica.com\/sala-prensa\/wp-content\/uploads\/2024\/04\/WhatsApp-Image-2024-03-20-at-16.53.59-265x198.jpeg 265w, https:\/\/www.visitcentroamerica.com\/sala-prensa\/wp-content\/uploads\/2024\/04\/WhatsApp-Image-2024-03-20-at-16.53.59-500x375.jpeg 500w, https:\/\/www.visitcentroamerica.com\/sala-prensa\/wp-content\/uploads\/2024\/04\/WhatsApp-Image-2024-03-20-at-16.53.59.jpeg 934w\" sizes=\"auto, (max-width: 336px) 100vw, 336px\" \/><\/p>\n<p>Feligreses, vecinos, turistas, artesanos, m\u00fasicos y autoridades participan en los preparativos y las celebraciones. Este evento con matices singulares en la regi\u00f3n estimula el turismo intrarregional en Centroam\u00e9rica. Las previsiones se\u00f1alan que el 54 % de viajeros ser\u00edan ciudadanos de El Salvador, as\u00ed como un 12% de Honduras. Adem\u00e1s, el 15 % de los Estados Unidos y un 6 % de Europa.<\/p>\n<p><img loading=\"lazy\" decoding=\"async\" class=\"alignnone wp-image-15227\" src=\"https:\/\/www.visitcentroamerica.com\/sala-prensa\/wp-content\/uploads\/2024\/04\/2-2-300x169.png\" alt=\"\" width=\"668\" height=\"376\" srcset=\"https:\/\/www.visitcentroamerica.com\/sala-prensa\/wp-content\/uploads\/2024\/04\/2-2-300x169.png 300w, https:\/\/www.visitcentroamerica.com\/sala-prensa\/wp-content\/uploads\/2024\/04\/2-2-1024x576.png 1024w, https:\/\/www.visitcentroamerica.com\/sala-prensa\/wp-content\/uploads\/2024\/04\/2-2-768x432.png 768w, https:\/\/www.visitcentroamerica.com\/sala-prensa\/wp-content\/uploads\/2024\/04\/2-2-696x392.png 696w, https:\/\/www.visitcentroamerica.com\/sala-prensa\/wp-content\/uploads\/2024\/04\/2-2-1068x601.png 1068w, https:\/\/www.visitcentroamerica.com\/sala-prensa\/wp-content\/uploads\/2024\/04\/2-2-747x420.png 747w, https:\/\/www.visitcentroamerica.com\/sala-prensa\/wp-content\/uploads\/2024\/04\/2-2-500x281.png 500w, https:\/\/www.visitcentroamerica.com\/sala-prensa\/wp-content\/uploads\/2024\/04\/2-2.png 1200w\" sizes=\"auto, (max-width: 668px) 100vw, 668px\" \/><\/p>\n<p>INGUAT ha puesto a disposici\u00f3n de los viajeros,\u00a0<a href=\"https:\/\/inguat.gob.gt\/#el-pregon\" target=\"_blank\" rel=\"noopener noreferrer\">El Preg\u00f3n<\/a> con toda la informaci\u00f3n sobre el desarrollo de actividades en el marco de la Semana Santa en diferentes regiones del pa\u00eds. Tambi\u00e9n, un n\u00famero telef\u00f3nico de asistencia al turista donde podr\u00e1n atender consultas directas durante la etapa vacacional. En ese l\u00ednea, las autoridades guatemaltecas habilitar\u00e1n 150 campamentos con personal de 20 instituciones para dar atenci\u00f3n a turistas nacionales, centroamericanos e internacionales.<\/p>\n<\/div>","protected":false},"excerpt":{"rendered":"<p>[vc_column_text] En total, para la Semana Santa 2024, las autoridades del Instituto Guatemalteco de Turismo (INGUAT) proyectan 3.3 millones de llegadas tur\u00edsticas, generando una din\u00e1mica econ\u00f3mica positiva con una derrama econ\u00f3mica que se espera sea de 2 mil 637 millones de quetzales. Durante la \u00e9poca de Cuaresma y Semana Santa, Guatemala emerge como el epicentro [&hellip;]<\/p>\n","protected":false},"author":5,"featured_media":15210,"comment_status":"open","ping_status":"closed","sticky":false,"template":"","format":"standard","meta":{"footnotes":""},"categories":[29],"tags":[],"class_list":{"0":"post-15198","1":"post","2":"type-post","3":"status-publish","4":"format-standard","5":"has-post-thumbnail","7":"category-cultura"},"yoast_head":"<!-- This site is optimized with the Yoast SEO plugin v27.3 - https:\/\/yoast.com\/product\/yoast-seo-wordpress\/ -->\n<title>Guatemala, capital centroamericana del turismo religioso y cultural durante la Semana Santa - Sala de prensa<\/title>\n<meta name=\"robots\" content=\"index, follow, max-snippet:-1, max-image-preview:large, max-video-preview:-1\" \/>\n<link rel=\"canonical\" href=\"https:\/\/www.visitcentroamerica.com\/sala-prensa\/viajar\/cultura\/guatemala-capital-centroamericana-del-turismo-religioso-y-cultural-durante-la-semana-santa\/\" \/>\n<meta property=\"og:locale\" content=\"es_ES\" \/>\n<meta property=\"og:type\" content=\"article\" \/>\n<meta property=\"og:title\" content=\"Guatemala, capital centroamericana del turismo religioso y cultural durante la Semana Santa - Sala de prensa\" \/>\n<meta property=\"og:description\" content=\"[vc_column_text] En total, para la Semana Santa 2024, las autoridades del Instituto Guatemalteco de Turismo (INGUAT) proyectan 3.3 millones de llegadas tur\u00edsticas, generando una din\u00e1mica econ\u00f3mica positiva con una derrama econ\u00f3mica que se espera sea de 2 mil 637 millones de quetzales. Durante la \u00e9poca de Cuaresma y Semana Santa, Guatemala emerge como el epicentro [&hellip;]\" \/>\n<meta property=\"og:url\" content=\"https:\/\/www.visitcentroamerica.com\/sala-prensa\/viajar\/cultura\/guatemala-capital-centroamericana-del-turismo-religioso-y-cultural-durante-la-semana-santa\/\" \/>\n<meta property=\"og:site_name\" content=\"Sala de prensa\" \/>\n<meta property=\"article:published_time\" content=\"2024-03-22T10:00:18+00:00\" \/>\n<meta property=\"article:modified_time\" content=\"2024-04-10T06:40:06+00:00\" \/>\n<meta property=\"og:image\" content=\"https:\/\/www.visitcentroamerica.com\/sala-prensa\/wp-content\/uploads\/2024\/04\/1-4-1.png\" \/>\n\t<meta property=\"og:image:width\" content=\"1200\" \/>\n\t<meta property=\"og:image:height\" content=\"675\" \/>\n\t<meta property=\"og:image:type\" content=\"image\/png\" \/>\n<meta name=\"author\" content=\"Denis Alvarado\" \/>\n<meta name=\"twitter:card\" content=\"summary_large_image\" \/>\n<meta name=\"twitter:label1\" content=\"Escrito por\" \/>\n\t<meta name=\"twitter:data1\" content=\"Denis Alvarado\" \/>\n\t<meta name=\"twitter:label2\" content=\"Tiempo de lectura\" \/>\n\t<meta name=\"twitter:data2\" content=\"4 minutos\" \/>\n<script type=\"application\/ld+json\" class=\"yoast-schema-graph\">{\"@context\":\"https:\\\/\\\/schema.org\",\"@graph\":[{\"@type\":\"Article\",\"@id\":\"https:\\\/\\\/www.visitcentroamerica.com\\\/sala-prensa\\\/viajar\\\/cultura\\\/guatemala-capital-centroamericana-del-turismo-religioso-y-cultural-durante-la-semana-santa\\\/#article\",\"isPartOf\":{\"@id\":\"https:\\\/\\\/www.visitcentroamerica.com\\\/sala-prensa\\\/viajar\\\/cultura\\\/guatemala-capital-centroamericana-del-turismo-religioso-y-cultural-durante-la-semana-santa\\\/\"},\"author\":{\"name\":\"Denis Alvarado\",\"@id\":\"https:\\\/\\\/www.visitcentroamerica.com\\\/sala-prensa\\\/#\\\/schema\\\/person\\\/0aa3bd0dbaabaead6089ee3dd0cd7ae5\"},\"headline\":\"Guatemala, capital centroamericana del turismo religioso y cultural durante la Semana Santa\",\"datePublished\":\"2024-03-22T10:00:18+00:00\",\"dateModified\":\"2024-04-10T06:40:06+00:00\",\"mainEntityOfPage\":{\"@id\":\"https:\\\/\\\/www.visitcentroamerica.com\\\/sala-prensa\\\/viajar\\\/cultura\\\/guatemala-capital-centroamericana-del-turismo-religioso-y-cultural-durante-la-semana-santa\\\/\"},\"wordCount\":447,\"commentCount\":0,\"image\":{\"@id\":\"https:\\\/\\\/www.visitcentroamerica.com\\\/sala-prensa\\\/viajar\\\/cultura\\\/guatemala-capital-centroamericana-del-turismo-religioso-y-cultural-durante-la-semana-santa\\\/#primaryimage\"},\"thumbnailUrl\":\"https:\\\/\\\/www.visitcentroamerica.com\\\/sala-prensa\\\/wp-content\\\/uploads\\\/2024\\\/04\\\/1-4-1.png\",\"articleSection\":[\"Cultura\"],\"inLanguage\":\"es\",\"potentialAction\":[{\"@type\":\"CommentAction\",\"name\":\"Comment\",\"target\":[\"https:\\\/\\\/www.visitcentroamerica.com\\\/sala-prensa\\\/viajar\\\/cultura\\\/guatemala-capital-centroamericana-del-turismo-religioso-y-cultural-durante-la-semana-santa\\\/#respond\"]}]},{\"@type\":\"WebPage\",\"@id\":\"https:\\\/\\\/www.visitcentroamerica.com\\\/sala-prensa\\\/viajar\\\/cultura\\\/guatemala-capital-centroamericana-del-turismo-religioso-y-cultural-durante-la-semana-santa\\\/\",\"url\":\"https:\\\/\\\/www.visitcentroamerica.com\\\/sala-prensa\\\/viajar\\\/cultura\\\/guatemala-capital-centroamericana-del-turismo-religioso-y-cultural-durante-la-semana-santa\\\/\",\"name\":\"Guatemala, capital centroamericana del turismo religioso y cultural durante la Semana Santa - Sala de prensa\",\"isPartOf\":{\"@id\":\"https:\\\/\\\/www.visitcentroamerica.com\\\/sala-prensa\\\/#website\"},\"primaryImageOfPage\":{\"@id\":\"https:\\\/\\\/www.visitcentroamerica.com\\\/sala-prensa\\\/viajar\\\/cultura\\\/guatemala-capital-centroamericana-del-turismo-religioso-y-cultural-durante-la-semana-santa\\\/#primaryimage\"},\"image\":{\"@id\":\"https:\\\/\\\/www.visitcentroamerica.com\\\/sala-prensa\\\/viajar\\\/cultura\\\/guatemala-capital-centroamericana-del-turismo-religioso-y-cultural-durante-la-semana-santa\\\/#primaryimage\"},\"thumbnailUrl\":\"https:\\\/\\\/www.visitcentroamerica.com\\\/sala-prensa\\\/wp-content\\\/uploads\\\/2024\\\/04\\\/1-4-1.png\",\"datePublished\":\"2024-03-22T10:00:18+00:00\",\"dateModified\":\"2024-04-10T06:40:06+00:00\",\"author\":{\"@id\":\"https:\\\/\\\/www.visitcentroamerica.com\\\/sala-prensa\\\/#\\\/schema\\\/person\\\/0aa3bd0dbaabaead6089ee3dd0cd7ae5\"},\"breadcrumb\":{\"@id\":\"https:\\\/\\\/www.visitcentroamerica.com\\\/sala-prensa\\\/viajar\\\/cultura\\\/guatemala-capital-centroamericana-del-turismo-religioso-y-cultural-durante-la-semana-santa\\\/#breadcrumb\"},\"inLanguage\":\"es\",\"potentialAction\":[{\"@type\":\"ReadAction\",\"target\":[\"https:\\\/\\\/www.visitcentroamerica.com\\\/sala-prensa\\\/viajar\\\/cultura\\\/guatemala-capital-centroamericana-del-turismo-religioso-y-cultural-durante-la-semana-santa\\\/\"]}]},{\"@type\":\"ImageObject\",\"inLanguage\":\"es\",\"@id\":\"https:\\\/\\\/www.visitcentroamerica.com\\\/sala-prensa\\\/viajar\\\/cultura\\\/guatemala-capital-centroamericana-del-turismo-religioso-y-cultural-durante-la-semana-santa\\\/#primaryimage\",\"url\":\"https:\\\/\\\/www.visitcentroamerica.com\\\/sala-prensa\\\/wp-content\\\/uploads\\\/2024\\\/04\\\/1-4-1.png\",\"contentUrl\":\"https:\\\/\\\/www.visitcentroamerica.com\\\/sala-prensa\\\/wp-content\\\/uploads\\\/2024\\\/04\\\/1-4-1.png\",\"width\":1200,\"height\":675},{\"@type\":\"BreadcrumbList\",\"@id\":\"https:\\\/\\\/www.visitcentroamerica.com\\\/sala-prensa\\\/viajar\\\/cultura\\\/guatemala-capital-centroamericana-del-turismo-religioso-y-cultural-durante-la-semana-santa\\\/#breadcrumb\",\"itemListElement\":[{\"@type\":\"ListItem\",\"position\":1,\"name\":\"Portada\",\"item\":\"https:\\\/\\\/www.visitcentroamerica.com\\\/sala-prensa\\\/\"},{\"@type\":\"ListItem\",\"position\":2,\"name\":\"Guatemala, capital centroamericana del turismo religioso y cultural durante la Semana Santa\"}]},{\"@type\":\"WebSite\",\"@id\":\"https:\\\/\\\/www.visitcentroamerica.com\\\/sala-prensa\\\/#website\",\"url\":\"https:\\\/\\\/www.visitcentroamerica.com\\\/sala-prensa\\\/\",\"name\":\"Sala de prensa\",\"description\":\"\",\"potentialAction\":[{\"@type\":\"SearchAction\",\"target\":{\"@type\":\"EntryPoint\",\"urlTemplate\":\"https:\\\/\\\/www.visitcentroamerica.com\\\/sala-prensa\\\/?s={search_term_string}\"},\"query-input\":{\"@type\":\"PropertyValueSpecification\",\"valueRequired\":true,\"valueName\":\"search_term_string\"}}],\"inLanguage\":\"es\"},{\"@type\":\"Person\",\"@id\":\"https:\\\/\\\/www.visitcentroamerica.com\\\/sala-prensa\\\/#\\\/schema\\\/person\\\/0aa3bd0dbaabaead6089ee3dd0cd7ae5\",\"name\":\"Denis Alvarado\",\"image\":{\"@type\":\"ImageObject\",\"inLanguage\":\"es\",\"@id\":\"https:\\\/\\\/secure.gravatar.com\\\/avatar\\\/c31f0697f6edb7c68d5dedc2ccbd548d2a9f73aa293e81c6a1425229ec4c9135?s=96&d=mm&r=g\",\"url\":\"https:\\\/\\\/secure.gravatar.com\\\/avatar\\\/c31f0697f6edb7c68d5dedc2ccbd548d2a9f73aa293e81c6a1425229ec4c9135?s=96&d=mm&r=g\",\"contentUrl\":\"https:\\\/\\\/secure.gravatar.com\\\/avatar\\\/c31f0697f6edb7c68d5dedc2ccbd548d2a9f73aa293e81c6a1425229ec4c9135?s=96&d=mm&r=g\",\"caption\":\"Denis Alvarado\"},\"url\":\"https:\\\/\\\/www.visitcentroamerica.com\\\/sala-prensa\\\/author\\\/denis\\\/\"}]}<\/script>\n<!-- \/ Yoast SEO plugin. -->","yoast_head_json":{"title":"Guatemala, capital centroamericana del turismo religioso y cultural durante la Semana Santa - Sala de prensa","robots":{"index":"index","follow":"follow","max-snippet":"max-snippet:-1","max-image-preview":"max-image-preview:large","max-video-preview":"max-video-preview:-1"},"canonical":"https:\/\/www.visitcentroamerica.com\/sala-prensa\/viajar\/cultura\/guatemala-capital-centroamericana-del-turismo-religioso-y-cultural-durante-la-semana-santa\/","og_locale":"es_ES","og_type":"article","og_title":"Guatemala, capital centroamericana del turismo religioso y cultural durante la Semana Santa - Sala de prensa","og_description":"[vc_column_text] En total, para la Semana Santa 2024, las autoridades del Instituto Guatemalteco de Turismo (INGUAT) proyectan 3.3 millones de llegadas tur\u00edsticas, generando una din\u00e1mica econ\u00f3mica positiva con una derrama econ\u00f3mica que se espera sea de 2 mil 637 millones de quetzales. Durante la \u00e9poca de Cuaresma y Semana Santa, Guatemala emerge como el epicentro [&hellip;]","og_url":"https:\/\/www.visitcentroamerica.com\/sala-prensa\/viajar\/cultura\/guatemala-capital-centroamericana-del-turismo-religioso-y-cultural-durante-la-semana-santa\/","og_site_name":"Sala de prensa","article_published_time":"2024-03-22T10:00:18+00:00","article_modified_time":"2024-04-10T06:40:06+00:00","og_image":[{"width":1200,"height":675,"url":"https:\/\/www.visitcentroamerica.com\/sala-prensa\/wp-content\/uploads\/2024\/04\/1-4-1.png","type":"image\/png"}],"author":"Denis Alvarado","twitter_card":"summary_large_image","twitter_misc":{"Escrito por":"Denis Alvarado","Tiempo de lectura":"4 minutos"},"schema":{"@context":"https:\/\/schema.org","@graph":[{"@type":"Article","@id":"https:\/\/www.visitcentroamerica.com\/sala-prensa\/viajar\/cultura\/guatemala-capital-centroamericana-del-turismo-religioso-y-cultural-durante-la-semana-santa\/#article","isPartOf":{"@id":"https:\/\/www.visitcentroamerica.com\/sala-prensa\/viajar\/cultura\/guatemala-capital-centroamericana-del-turismo-religioso-y-cultural-durante-la-semana-santa\/"},"author":{"name":"Denis Alvarado","@id":"https:\/\/www.visitcentroamerica.com\/sala-prensa\/#\/schema\/person\/0aa3bd0dbaabaead6089ee3dd0cd7ae5"},"headline":"Guatemala, capital centroamericana del turismo religioso y cultural durante la Semana Santa","datePublished":"2024-03-22T10:00:18+00:00","dateModified":"2024-04-10T06:40:06+00:00","mainEntityOfPage":{"@id":"https:\/\/www.visitcentroamerica.com\/sala-prensa\/viajar\/cultura\/guatemala-capital-centroamericana-del-turismo-religioso-y-cultural-durante-la-semana-santa\/"},"wordCount":447,"commentCount":0,"image":{"@id":"https:\/\/www.visitcentroamerica.com\/sala-prensa\/viajar\/cultura\/guatemala-capital-centroamericana-del-turismo-religioso-y-cultural-durante-la-semana-santa\/#primaryimage"},"thumbnailUrl":"https:\/\/www.visitcentroamerica.com\/sala-prensa\/wp-content\/uploads\/2024\/04\/1-4-1.png","articleSection":["Cultura"],"inLanguage":"es","potentialAction":[{"@type":"CommentAction","name":"Comment","target":["https:\/\/www.visitcentroamerica.com\/sala-prensa\/viajar\/cultura\/guatemala-capital-centroamericana-del-turismo-religioso-y-cultural-durante-la-semana-santa\/#respond"]}]},{"@type":"WebPage","@id":"https:\/\/www.visitcentroamerica.com\/sala-prensa\/viajar\/cultura\/guatemala-capital-centroamericana-del-turismo-religioso-y-cultural-durante-la-semana-santa\/","url":"https:\/\/www.visitcentroamerica.com\/sala-prensa\/viajar\/cultura\/guatemala-capital-centroamericana-del-turismo-religioso-y-cultural-durante-la-semana-santa\/","name":"Guatemala, capital centroamericana del turismo religioso y cultural durante la Semana Santa - Sala de prensa","isPartOf":{"@id":"https:\/\/www.visitcentroamerica.com\/sala-prensa\/#website"},"primaryImageOfPage":{"@id":"https:\/\/www.visitcentroamerica.com\/sala-prensa\/viajar\/cultura\/guatemala-capital-centroamericana-del-turismo-religioso-y-cultural-durante-la-semana-santa\/#primaryimage"},"image":{"@id":"https:\/\/www.visitcentroamerica.com\/sala-prensa\/viajar\/cultura\/guatemala-capital-centroamericana-del-turismo-religioso-y-cultural-durante-la-semana-santa\/#primaryimage"},"thumbnailUrl":"https:\/\/www.visitcentroamerica.com\/sala-prensa\/wp-content\/uploads\/2024\/04\/1-4-1.png","datePublished":"2024-03-22T10:00:18+00:00","dateModified":"2024-04-10T06:40:06+00:00","author":{"@id":"https:\/\/www.visitcentroamerica.com\/sala-prensa\/#\/schema\/person\/0aa3bd0dbaabaead6089ee3dd0cd7ae5"},"breadcrumb":{"@id":"https:\/\/www.visitcentroamerica.com\/sala-prensa\/viajar\/cultura\/guatemala-capital-centroamericana-del-turismo-religioso-y-cultural-durante-la-semana-santa\/#breadcrumb"},"inLanguage":"es","potentialAction":[{"@type":"ReadAction","target":["https:\/\/www.visitcentroamerica.com\/sala-prensa\/viajar\/cultura\/guatemala-capital-centroamericana-del-turismo-religioso-y-cultural-durante-la-semana-santa\/"]}]},{"@type":"ImageObject","inLanguage":"es","@id":"https:\/\/www.visitcentroamerica.com\/sala-prensa\/viajar\/cultura\/guatemala-capital-centroamericana-del-turismo-religioso-y-cultural-durante-la-semana-santa\/#primaryimage","url":"https:\/\/www.visitcentroamerica.com\/sala-prensa\/wp-content\/uploads\/2024\/04\/1-4-1.png","contentUrl":"https:\/\/www.visitcentroamerica.com\/sala-prensa\/wp-content\/uploads\/2024\/04\/1-4-1.png","width":1200,"height":675},{"@type":"BreadcrumbList","@id":"https:\/\/www.visitcentroamerica.com\/sala-prensa\/viajar\/cultura\/guatemala-capital-centroamericana-del-turismo-religioso-y-cultural-durante-la-semana-santa\/#breadcrumb","itemListElement":[{"@type":"ListItem","position":1,"name":"Portada","item":"https:\/\/www.visitcentroamerica.com\/sala-prensa\/"},{"@type":"ListItem","position":2,"name":"Guatemala, capital centroamericana del turismo religioso y cultural durante la Semana Santa"}]},{"@type":"WebSite","@id":"https:\/\/www.visitcentroamerica.com\/sala-prensa\/#website","url":"https:\/\/www.visitcentroamerica.com\/sala-prensa\/","name":"Sala de prensa","description":"","potentialAction":[{"@type":"SearchAction","target":{"@type":"EntryPoint","urlTemplate":"https:\/\/www.visitcentroamerica.com\/sala-prensa\/?s={search_term_string}"},"query-input":{"@type":"PropertyValueSpecification","valueRequired":true,"valueName":"search_term_string"}}],"inLanguage":"es"},{"@type":"Person","@id":"https:\/\/www.visitcentroamerica.com\/sala-prensa\/#\/schema\/person\/0aa3bd0dbaabaead6089ee3dd0cd7ae5","name":"Denis Alvarado","image":{"@type":"ImageObject","inLanguage":"es","@id":"https:\/\/secure.gravatar.com\/avatar\/c31f0697f6edb7c68d5dedc2ccbd548d2a9f73aa293e81c6a1425229ec4c9135?s=96&d=mm&r=g","url":"https:\/\/secure.gravatar.com\/avatar\/c31f0697f6edb7c68d5dedc2ccbd548d2a9f73aa293e81c6a1425229ec4c9135?s=96&d=mm&r=g","contentUrl":"https:\/\/secure.gravatar.com\/avatar\/c31f0697f6edb7c68d5dedc2ccbd548d2a9f73aa293e81c6a1425229ec4c9135?s=96&d=mm&r=g","caption":"Denis Alvarado"},"url":"https:\/\/www.visitcentroamerica.com\/sala-prensa\/author\/denis\/"}]}},"_links":{"self":[{"href":"https:\/\/www.visitcentroamerica.com\/sala-prensa\/wp-json\/wp\/v2\/posts\/15198","targetHints":{"allow":["GET"]}}],"collection":[{"href":"https:\/\/www.visitcentroamerica.com\/sala-prensa\/wp-json\/wp\/v2\/posts"}],"about":[{"href":"https:\/\/www.visitcentroamerica.com\/sala-prensa\/wp-json\/wp\/v2\/types\/post"}],"author":[{"embeddable":true,"href":"https:\/\/www.visitcentroamerica.com\/sala-prensa\/wp-json\/wp\/v2\/users\/5"}],"replies":[{"embeddable":true,"href":"https:\/\/www.visitcentroamerica.com\/sala-prensa\/wp-json\/wp\/v2\/comments?post=15198"}],"version-history":[{"count":12,"href":"https:\/\/www.visitcentroamerica.com\/sala-prensa\/wp-json\/wp\/v2\/posts\/15198\/revisions"}],"predecessor-version":[{"id":15232,"href":"https:\/\/www.visitcentroamerica.com\/sala-prensa\/wp-json\/wp\/v2\/posts\/15198\/revisions\/15232"}],"wp:featuredmedia":[{"embeddable":true,"href":"https:\/\/www.visitcentroamerica.com\/sala-prensa\/wp-json\/wp\/v2\/media\/15210"}],"wp:attachment":[{"href":"https:\/\/www.visitcentroamerica.com\/sala-prensa\/wp-json\/wp\/v2\/media?parent=15198"}],"wp:term":[{"taxonomy":"category","embeddable":true,"href":"https:\/\/www.visitcentroamerica.com\/sala-prensa\/wp-json\/wp\/v2\/categories?post=15198"},{"taxonomy":"post_tag","embeddable":true,"href":"https:\/\/www.visitcentroamerica.com\/sala-prensa\/wp-json\/wp\/v2\/tags?post=15198"}],"curies":[{"name":"wp","href":"https:\/\/api.w.org\/{rel}","templated":true}]}}