{"id":15134,"date":"2024-03-20T17:51:36","date_gmt":"2024-03-20T16:51:36","guid":{"rendered":"https:\/\/www.visitcentroamerica.com\/sala-prensa\/?p=15134"},"modified":"2024-03-20T17:51:36","modified_gmt":"2024-03-20T16:51:36","slug":"mayoristas-turisticos-de-europa-y-norteamerica-se-anotan-para-catm-2024","status":"publish","type":"post","link":"https:\/\/www.visitcentroamerica.com\/sala-prensa\/internacional\/mayoristas-turisticos-de-europa-y-norteamerica-se-anotan-para-catm-2024\/","title":{"rendered":"Mayoristas tur\u00edsticos de Europa y Norteam\u00e9rica se anotan para CATM 2024"},"content":{"rendered":"<p><img loading=\"lazy\" decoding=\"async\" class=\"alignnone size-full wp-image-15135\" src=\"https:\/\/www.visitcentroamerica.com\/sala-prensa\/wp-content\/uploads\/2024\/03\/punta-cana.jpg\" alt=\"\" width=\"1200\" height=\"600\" srcset=\"https:\/\/www.visitcentroamerica.com\/sala-prensa\/wp-content\/uploads\/2024\/03\/punta-cana.jpg 1200w, https:\/\/www.visitcentroamerica.com\/sala-prensa\/wp-content\/uploads\/2024\/03\/punta-cana-300x150.jpg 300w, https:\/\/www.visitcentroamerica.com\/sala-prensa\/wp-content\/uploads\/2024\/03\/punta-cana-1024x512.jpg 1024w, https:\/\/www.visitcentroamerica.com\/sala-prensa\/wp-content\/uploads\/2024\/03\/punta-cana-768x384.jpg 768w, https:\/\/www.visitcentroamerica.com\/sala-prensa\/wp-content\/uploads\/2024\/03\/punta-cana-696x348.jpg 696w, https:\/\/www.visitcentroamerica.com\/sala-prensa\/wp-content\/uploads\/2024\/03\/punta-cana-1068x534.jpg 1068w, https:\/\/www.visitcentroamerica.com\/sala-prensa\/wp-content\/uploads\/2024\/03\/punta-cana-840x420.jpg 840w, https:\/\/www.visitcentroamerica.com\/sala-prensa\/wp-content\/uploads\/2024\/03\/punta-cana-500x250.jpg 500w\" sizes=\"auto, (max-width: 1200px) 100vw, 1200px\" \/><\/p>\n<p>La feria Central American Travel Market (CATM) reunir\u00e1, el 16 y 18 de abril de 2024, a 80 mayoristas de Europa y Norteam\u00e9rica en El Salvador, quienes tendr\u00e1n la oportunidad de conocer la oferta del multidestino tur\u00edstico que ofrece la combinaci\u00f3n de dos o m\u00e1s pa\u00edses de Centroam\u00e9rica y Rep\u00fablica Dominicana.<\/p>\n<p>La actividad, que reunir\u00e1 tambi\u00e9n a funcionarios de turismo, gremiales y expertos, pone en el mapa tur\u00edstico internacional a una regi\u00f3n con una oferta diversa y que cuenta con ventajas como la conectividad.<\/p>\n<p>Entre las empresas mayoristas confirmadas en CATM 2024 se encuentran Viajes el Corte Ingl\u00e9s. \u201cNos vemos en CATM 2024\u201d, anunci\u00f3 Alejandra Castell\u00f3, del Departamento de Alianzas Institucionales de Viajes el Corte Ingl\u00e9s.<\/p>\n<p>Fundada en 1969, esta empresa espa\u00f1ola cuenta con m\u00e1s de 500 puntos de venta en Espa\u00f1a y otros pa\u00edses, caracteriz\u00e1ndose por ofreces viajes a la medida.<\/p>\n<p>Otra de las empresas europeas confirmadas es ARGE Latinoam\u00e9rica en Alemania. Por medio de Rosario Rivera, la firma que promueve el turismo hacia Latinoam\u00e9rica en los pa\u00edses germanoparlantes asegur\u00f3 su presencia en CATM 2024.<\/p>\n<p>Tambi\u00e9n llegar\u00e1 a la feria la empresa CATAI de Madrid, tambi\u00e9n expertos en viajes a medida.<\/p>\n<p><strong>El <\/strong>60 % de los mayoristas confirmados en la feria provienen de Espa\u00f1a, Pa\u00edses Bajos, Alemania, Reino Unido, Francia e Italia.<\/p>\n<p>En tanto, el 30 % vendr\u00e1 de Norteam\u00e9rica. Entre las empresas norteamericanas se ha confirmado la presencia de Expedia, Cosby Travel Consultants, Maya Trails, Yampu Tours, Darah Travel, MC Tours y Viajes Meca.<\/p>\n<p>Por igual, empresas asi\u00e1ticas y sudamericanas tendr\u00e1n un 5 % de representaci\u00f3n.<\/p>\n","protected":false},"excerpt":{"rendered":"<p>La feria Central American Travel Market (CATM) reunir\u00e1, el 16 y 18 de abril de 2024, a 80 mayoristas de Europa y Norteam\u00e9rica en El Salvador, quienes tendr\u00e1n la oportunidad de conocer la oferta del multidestino tur\u00edstico que ofrece la combinaci\u00f3n de dos o m\u00e1s pa\u00edses de Centroam\u00e9rica y Rep\u00fablica Dominicana. La actividad, que reunir\u00e1 [&hellip;]<\/p>\n","protected":false},"author":5,"featured_media":15135,"comment_status":"open","ping_status":"closed","sticky":false,"template":"","format":"standard","meta":{"footnotes":""},"categories":[15],"tags":[],"class_list":{"0":"post-15134","1":"post","2":"type-post","3":"status-publish","4":"format-standard","5":"has-post-thumbnail","7":"category-internacional"},"yoast_head":"<!-- This site is optimized with the Yoast SEO plugin v27.3 - https:\/\/yoast.com\/product\/yoast-seo-wordpress\/ -->\n<title>Mayoristas tur\u00edsticos de Europa y Norteam\u00e9rica se anotan para CATM 2024 - Sala de prensa<\/title>\n<meta name=\"robots\" content=\"index, follow, max-snippet:-1, max-image-preview:large, max-video-preview:-1\" \/>\n<link rel=\"canonical\" href=\"https:\/\/www.visitcentroamerica.com\/sala-prensa\/internacional\/mayoristas-turisticos-de-europa-y-norteamerica-se-anotan-para-catm-2024\/\" \/>\n<meta property=\"og:locale\" content=\"es_ES\" \/>\n<meta property=\"og:type\" content=\"article\" \/>\n<meta property=\"og:title\" content=\"Mayoristas tur\u00edsticos de Europa y Norteam\u00e9rica se anotan para CATM 2024 - Sala de prensa\" \/>\n<meta property=\"og:description\" content=\"La feria Central American Travel Market (CATM) reunir\u00e1, el 16 y 18 de abril de 2024, a 80 mayoristas de Europa y Norteam\u00e9rica en El Salvador, quienes tendr\u00e1n la oportunidad de conocer la oferta del multidestino tur\u00edstico que ofrece la combinaci\u00f3n de dos o m\u00e1s pa\u00edses de Centroam\u00e9rica y Rep\u00fablica Dominicana. La actividad, que reunir\u00e1 [&hellip;]\" \/>\n<meta property=\"og:url\" content=\"https:\/\/www.visitcentroamerica.com\/sala-prensa\/internacional\/mayoristas-turisticos-de-europa-y-norteamerica-se-anotan-para-catm-2024\/\" \/>\n<meta property=\"og:site_name\" content=\"Sala de prensa\" \/>\n<meta property=\"article:published_time\" content=\"2024-03-20T16:51:36+00:00\" \/>\n<meta property=\"og:image\" content=\"https:\/\/www.visitcentroamerica.com\/sala-prensa\/wp-content\/uploads\/2024\/03\/punta-cana.jpg\" \/>\n\t<meta property=\"og:image:width\" content=\"1200\" \/>\n\t<meta property=\"og:image:height\" content=\"600\" \/>\n\t<meta property=\"og:image:type\" content=\"image\/jpeg\" \/>\n<meta name=\"author\" content=\"Denis Alvarado\" \/>\n<meta name=\"twitter:card\" content=\"summary_large_image\" \/>\n<meta name=\"twitter:label1\" content=\"Escrito por\" \/>\n\t<meta name=\"twitter:data1\" content=\"Denis Alvarado\" \/>\n\t<meta name=\"twitter:label2\" content=\"Tiempo de lectura\" \/>\n\t<meta name=\"twitter:data2\" content=\"2 minutos\" \/>\n<script type=\"application\/ld+json\" class=\"yoast-schema-graph\">{\"@context\":\"https:\\\/\\\/schema.org\",\"@graph\":[{\"@type\":\"Article\",\"@id\":\"https:\\\/\\\/www.visitcentroamerica.com\\\/sala-prensa\\\/internacional\\\/mayoristas-turisticos-de-europa-y-norteamerica-se-anotan-para-catm-2024\\\/#article\",\"isPartOf\":{\"@id\":\"https:\\\/\\\/www.visitcentroamerica.com\\\/sala-prensa\\\/internacional\\\/mayoristas-turisticos-de-europa-y-norteamerica-se-anotan-para-catm-2024\\\/\"},\"author\":{\"name\":\"Denis Alvarado\",\"@id\":\"https:\\\/\\\/www.visitcentroamerica.com\\\/sala-prensa\\\/#\\\/schema\\\/person\\\/0aa3bd0dbaabaead6089ee3dd0cd7ae5\"},\"headline\":\"Mayoristas tur\u00edsticos de Europa y Norteam\u00e9rica se anotan para CATM 2024\",\"datePublished\":\"2024-03-20T16:51:36+00:00\",\"mainEntityOfPage\":{\"@id\":\"https:\\\/\\\/www.visitcentroamerica.com\\\/sala-prensa\\\/internacional\\\/mayoristas-turisticos-de-europa-y-norteamerica-se-anotan-para-catm-2024\\\/\"},\"wordCount\":284,\"commentCount\":0,\"image\":{\"@id\":\"https:\\\/\\\/www.visitcentroamerica.com\\\/sala-prensa\\\/internacional\\\/mayoristas-turisticos-de-europa-y-norteamerica-se-anotan-para-catm-2024\\\/#primaryimage\"},\"thumbnailUrl\":\"https:\\\/\\\/www.visitcentroamerica.com\\\/sala-prensa\\\/wp-content\\\/uploads\\\/2024\\\/03\\\/punta-cana.jpg\",\"articleSection\":[\"Internacional\"],\"inLanguage\":\"es\",\"potentialAction\":[{\"@type\":\"CommentAction\",\"name\":\"Comment\",\"target\":[\"https:\\\/\\\/www.visitcentroamerica.com\\\/sala-prensa\\\/internacional\\\/mayoristas-turisticos-de-europa-y-norteamerica-se-anotan-para-catm-2024\\\/#respond\"]}]},{\"@type\":\"WebPage\",\"@id\":\"https:\\\/\\\/www.visitcentroamerica.com\\\/sala-prensa\\\/internacional\\\/mayoristas-turisticos-de-europa-y-norteamerica-se-anotan-para-catm-2024\\\/\",\"url\":\"https:\\\/\\\/www.visitcentroamerica.com\\\/sala-prensa\\\/internacional\\\/mayoristas-turisticos-de-europa-y-norteamerica-se-anotan-para-catm-2024\\\/\",\"name\":\"Mayoristas tur\u00edsticos de Europa y Norteam\u00e9rica se anotan para CATM 2024 - Sala de prensa\",\"isPartOf\":{\"@id\":\"https:\\\/\\\/www.visitcentroamerica.com\\\/sala-prensa\\\/#website\"},\"primaryImageOfPage\":{\"@id\":\"https:\\\/\\\/www.visitcentroamerica.com\\\/sala-prensa\\\/internacional\\\/mayoristas-turisticos-de-europa-y-norteamerica-se-anotan-para-catm-2024\\\/#primaryimage\"},\"image\":{\"@id\":\"https:\\\/\\\/www.visitcentroamerica.com\\\/sala-prensa\\\/internacional\\\/mayoristas-turisticos-de-europa-y-norteamerica-se-anotan-para-catm-2024\\\/#primaryimage\"},\"thumbnailUrl\":\"https:\\\/\\\/www.visitcentroamerica.com\\\/sala-prensa\\\/wp-content\\\/uploads\\\/2024\\\/03\\\/punta-cana.jpg\",\"datePublished\":\"2024-03-20T16:51:36+00:00\",\"author\":{\"@id\":\"https:\\\/\\\/www.visitcentroamerica.com\\\/sala-prensa\\\/#\\\/schema\\\/person\\\/0aa3bd0dbaabaead6089ee3dd0cd7ae5\"},\"breadcrumb\":{\"@id\":\"https:\\\/\\\/www.visitcentroamerica.com\\\/sala-prensa\\\/internacional\\\/mayoristas-turisticos-de-europa-y-norteamerica-se-anotan-para-catm-2024\\\/#breadcrumb\"},\"inLanguage\":\"es\",\"potentialAction\":[{\"@type\":\"ReadAction\",\"target\":[\"https:\\\/\\\/www.visitcentroamerica.com\\\/sala-prensa\\\/internacional\\\/mayoristas-turisticos-de-europa-y-norteamerica-se-anotan-para-catm-2024\\\/\"]}]},{\"@type\":\"ImageObject\",\"inLanguage\":\"es\",\"@id\":\"https:\\\/\\\/www.visitcentroamerica.com\\\/sala-prensa\\\/internacional\\\/mayoristas-turisticos-de-europa-y-norteamerica-se-anotan-para-catm-2024\\\/#primaryimage\",\"url\":\"https:\\\/\\\/www.visitcentroamerica.com\\\/sala-prensa\\\/wp-content\\\/uploads\\\/2024\\\/03\\\/punta-cana.jpg\",\"contentUrl\":\"https:\\\/\\\/www.visitcentroamerica.com\\\/sala-prensa\\\/wp-content\\\/uploads\\\/2024\\\/03\\\/punta-cana.jpg\",\"width\":1200,\"height\":600,\"caption\":\"Altos del Chavon, Rep\u00fablica Dominicana, VisitCentroamerica\"},{\"@type\":\"BreadcrumbList\",\"@id\":\"https:\\\/\\\/www.visitcentroamerica.com\\\/sala-prensa\\\/internacional\\\/mayoristas-turisticos-de-europa-y-norteamerica-se-anotan-para-catm-2024\\\/#breadcrumb\",\"itemListElement\":[{\"@type\":\"ListItem\",\"position\":1,\"name\":\"Portada\",\"item\":\"https:\\\/\\\/www.visitcentroamerica.com\\\/sala-prensa\\\/\"},{\"@type\":\"ListItem\",\"position\":2,\"name\":\"Mayoristas tur\u00edsticos de Europa y Norteam\u00e9rica se anotan para CATM 2024\"}]},{\"@type\":\"WebSite\",\"@id\":\"https:\\\/\\\/www.visitcentroamerica.com\\\/sala-prensa\\\/#website\",\"url\":\"https:\\\/\\\/www.visitcentroamerica.com\\\/sala-prensa\\\/\",\"name\":\"Sala de prensa\",\"description\":\"\",\"potentialAction\":[{\"@type\":\"SearchAction\",\"target\":{\"@type\":\"EntryPoint\",\"urlTemplate\":\"https:\\\/\\\/www.visitcentroamerica.com\\\/sala-prensa\\\/?s={search_term_string}\"},\"query-input\":{\"@type\":\"PropertyValueSpecification\",\"valueRequired\":true,\"valueName\":\"search_term_string\"}}],\"inLanguage\":\"es\"},{\"@type\":\"Person\",\"@id\":\"https:\\\/\\\/www.visitcentroamerica.com\\\/sala-prensa\\\/#\\\/schema\\\/person\\\/0aa3bd0dbaabaead6089ee3dd0cd7ae5\",\"name\":\"Denis Alvarado\",\"image\":{\"@type\":\"ImageObject\",\"inLanguage\":\"es\",\"@id\":\"https:\\\/\\\/secure.gravatar.com\\\/avatar\\\/c31f0697f6edb7c68d5dedc2ccbd548d2a9f73aa293e81c6a1425229ec4c9135?s=96&d=mm&r=g\",\"url\":\"https:\\\/\\\/secure.gravatar.com\\\/avatar\\\/c31f0697f6edb7c68d5dedc2ccbd548d2a9f73aa293e81c6a1425229ec4c9135?s=96&d=mm&r=g\",\"contentUrl\":\"https:\\\/\\\/secure.gravatar.com\\\/avatar\\\/c31f0697f6edb7c68d5dedc2ccbd548d2a9f73aa293e81c6a1425229ec4c9135?s=96&d=mm&r=g\",\"caption\":\"Denis Alvarado\"},\"url\":\"https:\\\/\\\/www.visitcentroamerica.com\\\/sala-prensa\\\/author\\\/denis\\\/\"}]}<\/script>\n<!-- \/ Yoast SEO plugin. -->","yoast_head_json":{"title":"Mayoristas tur\u00edsticos de Europa y Norteam\u00e9rica se anotan para CATM 2024 - Sala de prensa","robots":{"index":"index","follow":"follow","max-snippet":"max-snippet:-1","max-image-preview":"max-image-preview:large","max-video-preview":"max-video-preview:-1"},"canonical":"https:\/\/www.visitcentroamerica.com\/sala-prensa\/internacional\/mayoristas-turisticos-de-europa-y-norteamerica-se-anotan-para-catm-2024\/","og_locale":"es_ES","og_type":"article","og_title":"Mayoristas tur\u00edsticos de Europa y Norteam\u00e9rica se anotan para CATM 2024 - Sala de prensa","og_description":"La feria Central American Travel Market (CATM) reunir\u00e1, el 16 y 18 de abril de 2024, a 80 mayoristas de Europa y Norteam\u00e9rica en El Salvador, quienes tendr\u00e1n la oportunidad de conocer la oferta del multidestino tur\u00edstico que ofrece la combinaci\u00f3n de dos o m\u00e1s pa\u00edses de Centroam\u00e9rica y Rep\u00fablica Dominicana. La actividad, que reunir\u00e1 [&hellip;]","og_url":"https:\/\/www.visitcentroamerica.com\/sala-prensa\/internacional\/mayoristas-turisticos-de-europa-y-norteamerica-se-anotan-para-catm-2024\/","og_site_name":"Sala de prensa","article_published_time":"2024-03-20T16:51:36+00:00","og_image":[{"width":1200,"height":600,"url":"https:\/\/www.visitcentroamerica.com\/sala-prensa\/wp-content\/uploads\/2024\/03\/punta-cana.jpg","type":"image\/jpeg"}],"author":"Denis Alvarado","twitter_card":"summary_large_image","twitter_misc":{"Escrito por":"Denis Alvarado","Tiempo de lectura":"2 minutos"},"schema":{"@context":"https:\/\/schema.org","@graph":[{"@type":"Article","@id":"https:\/\/www.visitcentroamerica.com\/sala-prensa\/internacional\/mayoristas-turisticos-de-europa-y-norteamerica-se-anotan-para-catm-2024\/#article","isPartOf":{"@id":"https:\/\/www.visitcentroamerica.com\/sala-prensa\/internacional\/mayoristas-turisticos-de-europa-y-norteamerica-se-anotan-para-catm-2024\/"},"author":{"name":"Denis Alvarado","@id":"https:\/\/www.visitcentroamerica.com\/sala-prensa\/#\/schema\/person\/0aa3bd0dbaabaead6089ee3dd0cd7ae5"},"headline":"Mayoristas tur\u00edsticos de Europa y Norteam\u00e9rica se anotan para CATM 2024","datePublished":"2024-03-20T16:51:36+00:00","mainEntityOfPage":{"@id":"https:\/\/www.visitcentroamerica.com\/sala-prensa\/internacional\/mayoristas-turisticos-de-europa-y-norteamerica-se-anotan-para-catm-2024\/"},"wordCount":284,"commentCount":0,"image":{"@id":"https:\/\/www.visitcentroamerica.com\/sala-prensa\/internacional\/mayoristas-turisticos-de-europa-y-norteamerica-se-anotan-para-catm-2024\/#primaryimage"},"thumbnailUrl":"https:\/\/www.visitcentroamerica.com\/sala-prensa\/wp-content\/uploads\/2024\/03\/punta-cana.jpg","articleSection":["Internacional"],"inLanguage":"es","potentialAction":[{"@type":"CommentAction","name":"Comment","target":["https:\/\/www.visitcentroamerica.com\/sala-prensa\/internacional\/mayoristas-turisticos-de-europa-y-norteamerica-se-anotan-para-catm-2024\/#respond"]}]},{"@type":"WebPage","@id":"https:\/\/www.visitcentroamerica.com\/sala-prensa\/internacional\/mayoristas-turisticos-de-europa-y-norteamerica-se-anotan-para-catm-2024\/","url":"https:\/\/www.visitcentroamerica.com\/sala-prensa\/internacional\/mayoristas-turisticos-de-europa-y-norteamerica-se-anotan-para-catm-2024\/","name":"Mayoristas tur\u00edsticos de Europa y Norteam\u00e9rica se anotan para CATM 2024 - Sala de prensa","isPartOf":{"@id":"https:\/\/www.visitcentroamerica.com\/sala-prensa\/#website"},"primaryImageOfPage":{"@id":"https:\/\/www.visitcentroamerica.com\/sala-prensa\/internacional\/mayoristas-turisticos-de-europa-y-norteamerica-se-anotan-para-catm-2024\/#primaryimage"},"image":{"@id":"https:\/\/www.visitcentroamerica.com\/sala-prensa\/internacional\/mayoristas-turisticos-de-europa-y-norteamerica-se-anotan-para-catm-2024\/#primaryimage"},"thumbnailUrl":"https:\/\/www.visitcentroamerica.com\/sala-prensa\/wp-content\/uploads\/2024\/03\/punta-cana.jpg","datePublished":"2024-03-20T16:51:36+00:00","author":{"@id":"https:\/\/www.visitcentroamerica.com\/sala-prensa\/#\/schema\/person\/0aa3bd0dbaabaead6089ee3dd0cd7ae5"},"breadcrumb":{"@id":"https:\/\/www.visitcentroamerica.com\/sala-prensa\/internacional\/mayoristas-turisticos-de-europa-y-norteamerica-se-anotan-para-catm-2024\/#breadcrumb"},"inLanguage":"es","potentialAction":[{"@type":"ReadAction","target":["https:\/\/www.visitcentroamerica.com\/sala-prensa\/internacional\/mayoristas-turisticos-de-europa-y-norteamerica-se-anotan-para-catm-2024\/"]}]},{"@type":"ImageObject","inLanguage":"es","@id":"https:\/\/www.visitcentroamerica.com\/sala-prensa\/internacional\/mayoristas-turisticos-de-europa-y-norteamerica-se-anotan-para-catm-2024\/#primaryimage","url":"https:\/\/www.visitcentroamerica.com\/sala-prensa\/wp-content\/uploads\/2024\/03\/punta-cana.jpg","contentUrl":"https:\/\/www.visitcentroamerica.com\/sala-prensa\/wp-content\/uploads\/2024\/03\/punta-cana.jpg","width":1200,"height":600,"caption":"Altos del Chavon, Rep\u00fablica Dominicana, VisitCentroamerica"},{"@type":"BreadcrumbList","@id":"https:\/\/www.visitcentroamerica.com\/sala-prensa\/internacional\/mayoristas-turisticos-de-europa-y-norteamerica-se-anotan-para-catm-2024\/#breadcrumb","itemListElement":[{"@type":"ListItem","position":1,"name":"Portada","item":"https:\/\/www.visitcentroamerica.com\/sala-prensa\/"},{"@type":"ListItem","position":2,"name":"Mayoristas tur\u00edsticos de Europa y Norteam\u00e9rica se anotan para CATM 2024"}]},{"@type":"WebSite","@id":"https:\/\/www.visitcentroamerica.com\/sala-prensa\/#website","url":"https:\/\/www.visitcentroamerica.com\/sala-prensa\/","name":"Sala de prensa","description":"","potentialAction":[{"@type":"SearchAction","target":{"@type":"EntryPoint","urlTemplate":"https:\/\/www.visitcentroamerica.com\/sala-prensa\/?s={search_term_string}"},"query-input":{"@type":"PropertyValueSpecification","valueRequired":true,"valueName":"search_term_string"}}],"inLanguage":"es"},{"@type":"Person","@id":"https:\/\/www.visitcentroamerica.com\/sala-prensa\/#\/schema\/person\/0aa3bd0dbaabaead6089ee3dd0cd7ae5","name":"Denis Alvarado","image":{"@type":"ImageObject","inLanguage":"es","@id":"https:\/\/secure.gravatar.com\/avatar\/c31f0697f6edb7c68d5dedc2ccbd548d2a9f73aa293e81c6a1425229ec4c9135?s=96&d=mm&r=g","url":"https:\/\/secure.gravatar.com\/avatar\/c31f0697f6edb7c68d5dedc2ccbd548d2a9f73aa293e81c6a1425229ec4c9135?s=96&d=mm&r=g","contentUrl":"https:\/\/secure.gravatar.com\/avatar\/c31f0697f6edb7c68d5dedc2ccbd548d2a9f73aa293e81c6a1425229ec4c9135?s=96&d=mm&r=g","caption":"Denis Alvarado"},"url":"https:\/\/www.visitcentroamerica.com\/sala-prensa\/author\/denis\/"}]}},"_links":{"self":[{"href":"https:\/\/www.visitcentroamerica.com\/sala-prensa\/wp-json\/wp\/v2\/posts\/15134","targetHints":{"allow":["GET"]}}],"collection":[{"href":"https:\/\/www.visitcentroamerica.com\/sala-prensa\/wp-json\/wp\/v2\/posts"}],"about":[{"href":"https:\/\/www.visitcentroamerica.com\/sala-prensa\/wp-json\/wp\/v2\/types\/post"}],"author":[{"embeddable":true,"href":"https:\/\/www.visitcentroamerica.com\/sala-prensa\/wp-json\/wp\/v2\/users\/5"}],"replies":[{"embeddable":true,"href":"https:\/\/www.visitcentroamerica.com\/sala-prensa\/wp-json\/wp\/v2\/comments?post=15134"}],"version-history":[{"count":2,"href":"https:\/\/www.visitcentroamerica.com\/sala-prensa\/wp-json\/wp\/v2\/posts\/15134\/revisions"}],"predecessor-version":[{"id":15138,"href":"https:\/\/www.visitcentroamerica.com\/sala-prensa\/wp-json\/wp\/v2\/posts\/15134\/revisions\/15138"}],"wp:featuredmedia":[{"embeddable":true,"href":"https:\/\/www.visitcentroamerica.com\/sala-prensa\/wp-json\/wp\/v2\/media\/15135"}],"wp:attachment":[{"href":"https:\/\/www.visitcentroamerica.com\/sala-prensa\/wp-json\/wp\/v2\/media?parent=15134"}],"wp:term":[{"taxonomy":"category","embeddable":true,"href":"https:\/\/www.visitcentroamerica.com\/sala-prensa\/wp-json\/wp\/v2\/categories?post=15134"},{"taxonomy":"post_tag","embeddable":true,"href":"https:\/\/www.visitcentroamerica.com\/sala-prensa\/wp-json\/wp\/v2\/tags?post=15134"}],"curies":[{"name":"wp","href":"https:\/\/api.w.org\/{rel}","templated":true}]}}