{"id":15096,"date":"2024-02-29T09:37:00","date_gmt":"2024-02-29T08:37:00","guid":{"rendered":"https:\/\/www.visitcentroamerica.com\/sala-prensa\/?p=15096"},"modified":"2024-02-29T09:37:00","modified_gmt":"2024-02-29T08:37:00","slug":"centroamerica-y-republica-dominicana-estan-listos-para-desarrollar-la-feria-catm-el-salvador-2024-tejiendo-conexiones","status":"publish","type":"post","link":"https:\/\/www.visitcentroamerica.com\/sala-prensa\/actualidad\/centroamerica-y-republica-dominicana-estan-listos-para-desarrollar-la-feria-catm-el-salvador-2024-tejiendo-conexiones\/","title":{"rendered":"Centroam\u00e9rica y Rep\u00fablica Dominicana est\u00e1n listos para desarrollar la Feria CATM &#8211; El Salvador 2024: \u201cTejiendo Conexiones\u201d"},"content":{"rendered":"<p><img loading=\"lazy\" decoding=\"async\" class=\"alignnone size-full wp-image-15097\" src=\"https:\/\/www.visitcentroamerica.com\/sala-prensa\/wp-content\/uploads\/2024\/02\/Feria-CATM-El-Salvador-2024.jpg\" alt=\"\" width=\"1200\" height=\"600\" srcset=\"https:\/\/www.visitcentroamerica.com\/sala-prensa\/wp-content\/uploads\/2024\/02\/Feria-CATM-El-Salvador-2024.jpg 1200w, https:\/\/www.visitcentroamerica.com\/sala-prensa\/wp-content\/uploads\/2024\/02\/Feria-CATM-El-Salvador-2024-300x150.jpg 300w, https:\/\/www.visitcentroamerica.com\/sala-prensa\/wp-content\/uploads\/2024\/02\/Feria-CATM-El-Salvador-2024-1024x512.jpg 1024w, https:\/\/www.visitcentroamerica.com\/sala-prensa\/wp-content\/uploads\/2024\/02\/Feria-CATM-El-Salvador-2024-768x384.jpg 768w, https:\/\/www.visitcentroamerica.com\/sala-prensa\/wp-content\/uploads\/2024\/02\/Feria-CATM-El-Salvador-2024-696x348.jpg 696w, https:\/\/www.visitcentroamerica.com\/sala-prensa\/wp-content\/uploads\/2024\/02\/Feria-CATM-El-Salvador-2024-1068x534.jpg 1068w, https:\/\/www.visitcentroamerica.com\/sala-prensa\/wp-content\/uploads\/2024\/02\/Feria-CATM-El-Salvador-2024-840x420.jpg 840w, https:\/\/www.visitcentroamerica.com\/sala-prensa\/wp-content\/uploads\/2024\/02\/Feria-CATM-El-Salvador-2024-500x250.jpg 500w\" sizes=\"auto, (max-width: 1200px) 100vw, 1200px\" \/><\/p>\n<p>El Salvador, pa\u00eds que en los \u00faltimos a\u00f1os se ha destacado como el epicentro de importantes eventos internacionales, ser\u00e1 sede de la Feria Centroam\u00e9rica Travel Market 2024 \u201cTejiendo Conexiones\u201d, el encuentro de negocios de tour operadores y empresarios de turismo m\u00e1s importante a nivel de Centroamericana y Rep\u00fablica Dominicana, que tiene por objetivo promover la regi\u00f3n como un multidestino tur\u00edstico.<\/p>\n<p>La feria se realizar\u00e1 del 16 al 18 de abril de este a\u00f1o y es organizada por la C\u00e1mara Salvadore\u00f1a de Turismo (CASATUR), la Agencia de Promoci\u00f3n Tur\u00edstica de Centroam\u00e9rica (CATA, por sus siglas en ingl\u00e9s), la Federaci\u00f3n de C\u00e1maras de Turismo de Centroam\u00e9rica (FEDECATUR), el Ministerio de Turismo y CORSATUR. Centroam\u00e9rica Travel Market 2024 reunir\u00e1 a m\u00e1s de 300 entidades involucradas en la cadena de valor del turismo, constituy\u00e9ndose como uno de los esfuerzos m\u00e1s importantes para promocionar la atracci\u00f3n de turistas y hacer negocios entre compa\u00f1\u00edas del sector.<br \/>\nDurante tres d\u00edas, los asistentes participar\u00e1n en conferencias, talleres de innovaci\u00f3n, exposiciones, reuniones de negocios y cerrar\u00e1n con recorridos a destinos tur\u00edsticos entre los diversos pa\u00edses.<\/p>\n<p>Un total de 80 importantes mayoristas provenientes de Europa, Asia, Norte y Suram\u00e9rica se dar\u00e1n cita en el Hotel Hilton San Salvador. El evento asegura una amplia cobertura a nivel internacional con 20 periodistas extranjeros, quienes estar\u00e1n visibilizando el evento, as\u00ed como las ofertas tur\u00edsticas que ofrece la regi\u00f3n centroamericana.<\/p>\n<p><img loading=\"lazy\" decoding=\"async\" class=\"alignnone  wp-image-15099\" src=\"https:\/\/www.visitcentroamerica.com\/sala-prensa\/wp-content\/uploads\/2024\/02\/2.jpg\" alt=\"\" width=\"335\" height=\"281\" srcset=\"https:\/\/www.visitcentroamerica.com\/sala-prensa\/wp-content\/uploads\/2024\/02\/2.jpg 940w, https:\/\/www.visitcentroamerica.com\/sala-prensa\/wp-content\/uploads\/2024\/02\/2-300x251.jpg 300w, https:\/\/www.visitcentroamerica.com\/sala-prensa\/wp-content\/uploads\/2024\/02\/2-768x644.jpg 768w, https:\/\/www.visitcentroamerica.com\/sala-prensa\/wp-content\/uploads\/2024\/02\/2-696x583.jpg 696w, https:\/\/www.visitcentroamerica.com\/sala-prensa\/wp-content\/uploads\/2024\/02\/2-501x420.jpg 501w, https:\/\/www.visitcentroamerica.com\/sala-prensa\/wp-content\/uploads\/2024\/02\/2-500x419.jpg 500w\" sizes=\"auto, (max-width: 335px) 100vw, 335px\" \/><img loading=\"lazy\" decoding=\"async\" class=\"alignnone  wp-image-15103\" src=\"https:\/\/www.visitcentroamerica.com\/sala-prensa\/wp-content\/uploads\/2024\/02\/1-1.jpg\" alt=\"\" width=\"335\" height=\"281\" srcset=\"https:\/\/www.visitcentroamerica.com\/sala-prensa\/wp-content\/uploads\/2024\/02\/1-1.jpg 940w, https:\/\/www.visitcentroamerica.com\/sala-prensa\/wp-content\/uploads\/2024\/02\/1-1-300x251.jpg 300w, https:\/\/www.visitcentroamerica.com\/sala-prensa\/wp-content\/uploads\/2024\/02\/1-1-768x644.jpg 768w, https:\/\/www.visitcentroamerica.com\/sala-prensa\/wp-content\/uploads\/2024\/02\/1-1-696x583.jpg 696w, https:\/\/www.visitcentroamerica.com\/sala-prensa\/wp-content\/uploads\/2024\/02\/1-1-501x420.jpg 501w, https:\/\/www.visitcentroamerica.com\/sala-prensa\/wp-content\/uploads\/2024\/02\/1-1-500x419.jpg 500w\" sizes=\"auto, (max-width: 335px) 100vw, 335px\" \/>La agenda prevista pretende conectar a empresarios de la regi\u00f3n en diversas ruedas de negocios. Adem\u00e1s, de contar con expositores, representantes de la hoteler\u00eda, tour operadores receptivos, aerol\u00edneas, delegados de instituciones de gobierno y organizaciones que trabajan en el rubro, todos ellos tendr\u00e1n a su disposici\u00f3n informaci\u00f3n sobre la oferta de Centroam\u00e9rica y Rep\u00fablica Dominicana como un multidestino.<\/p>\n<p><img loading=\"lazy\" decoding=\"async\" class=\"alignnone  wp-image-15101\" src=\"https:\/\/www.visitcentroamerica.com\/sala-prensa\/wp-content\/uploads\/2024\/02\/4.jpg\" alt=\"\" width=\"335\" height=\"281\" srcset=\"https:\/\/www.visitcentroamerica.com\/sala-prensa\/wp-content\/uploads\/2024\/02\/4.jpg 940w, https:\/\/www.visitcentroamerica.com\/sala-prensa\/wp-content\/uploads\/2024\/02\/4-300x251.jpg 300w, https:\/\/www.visitcentroamerica.com\/sala-prensa\/wp-content\/uploads\/2024\/02\/4-768x644.jpg 768w, https:\/\/www.visitcentroamerica.com\/sala-prensa\/wp-content\/uploads\/2024\/02\/4-696x583.jpg 696w, https:\/\/www.visitcentroamerica.com\/sala-prensa\/wp-content\/uploads\/2024\/02\/4-501x420.jpg 501w, https:\/\/www.visitcentroamerica.com\/sala-prensa\/wp-content\/uploads\/2024\/02\/4-500x419.jpg 500w\" sizes=\"auto, (max-width: 335px) 100vw, 335px\" \/> <img loading=\"lazy\" decoding=\"async\" class=\"alignnone  wp-image-15105\" src=\"https:\/\/www.visitcentroamerica.com\/sala-prensa\/wp-content\/uploads\/2024\/02\/2-1.jpg\" alt=\"\" width=\"335\" height=\"281\" srcset=\"https:\/\/www.visitcentroamerica.com\/sala-prensa\/wp-content\/uploads\/2024\/02\/2-1.jpg 940w, https:\/\/www.visitcentroamerica.com\/sala-prensa\/wp-content\/uploads\/2024\/02\/2-1-300x251.jpg 300w, https:\/\/www.visitcentroamerica.com\/sala-prensa\/wp-content\/uploads\/2024\/02\/2-1-768x644.jpg 768w, https:\/\/www.visitcentroamerica.com\/sala-prensa\/wp-content\/uploads\/2024\/02\/2-1-696x583.jpg 696w, https:\/\/www.visitcentroamerica.com\/sala-prensa\/wp-content\/uploads\/2024\/02\/2-1-501x420.jpg 501w, https:\/\/www.visitcentroamerica.com\/sala-prensa\/wp-content\/uploads\/2024\/02\/2-1-500x419.jpg 500w\" sizes=\"auto, (max-width: 335px) 100vw, 335px\" \/><\/p>\n<p>Entre estos atractivos destacan los llamados circuitos integrados como: El Mundo Maya, ciudades en las que se encuentran patrimonios culturales, el turismo de naturaleza y \u00e1reas protegidas, las playas del Caribe y el oc\u00e9ano Atl\u00e1ntico, el surf de las costas del Pac\u00edfico, y la gastronom\u00eda como un elemento transversal en todas las experiencias tur\u00edsticas que ofrecen los diferentes pa\u00edses de Centroam\u00e9rica.<\/p>\n<p>Cada pa\u00eds tiene ofertas espec\u00edficas al turista: Belice atrae por los cayos que tiene en el Caribe; Guatemala seduce por sus templos mayas y la belleza arquitect\u00f3nica de Antigua; Nicaragua tiene en Granada un valioso patrimonio arquitect\u00f3nico y cultural; El Salvador enamora con playas como El Tunco,\u00a0propicias para el surf; Honduras tambi\u00e9n ofrece las playas blancas de Roat\u00e1n; Panam\u00e1 por el casco antiguo de su capital y el bosque, mientras que Rep\u00fablica Dominicana cuenta con su famoso Punta Cana.<\/p>\n","protected":false},"excerpt":{"rendered":"<p>El Salvador, pa\u00eds que en los \u00faltimos a\u00f1os se ha destacado como el epicentro de importantes eventos internacionales, ser\u00e1 sede de la Feria Centroam\u00e9rica Travel Market 2024 \u201cTejiendo Conexiones\u201d, el encuentro de negocios de tour operadores y empresarios de turismo m\u00e1s importante a nivel de Centroamericana y Rep\u00fablica Dominicana, que tiene por objetivo promover la [&hellip;]<\/p>\n","protected":false},"author":5,"featured_media":15097,"comment_status":"open","ping_status":"closed","sticky":false,"template":"","format":"standard","meta":{"footnotes":""},"categories":[3],"tags":[],"class_list":{"0":"post-15096","1":"post","2":"type-post","3":"status-publish","4":"format-standard","5":"has-post-thumbnail","7":"category-actualidad"},"yoast_head":"<!-- This site is optimized with the Yoast SEO plugin v27.3 - https:\/\/yoast.com\/product\/yoast-seo-wordpress\/ -->\n<title>Feria CATM - El Salvador 2024: \u201cTejiendo Conexiones\u201d<\/title>\n<meta name=\"description\" content=\"Feria Centroam\u00e9rica Travel Market 2024 en El Salvador promueve el turismo regional, reuniendo a entidades y mayoristas internacionales del sector\" \/>\n<meta name=\"robots\" content=\"index, follow, max-snippet:-1, max-image-preview:large, max-video-preview:-1\" \/>\n<link rel=\"canonical\" href=\"https:\/\/www.visitcentroamerica.com\/sala-prensa\/actualidad\/centroamerica-y-republica-dominicana-estan-listos-para-desarrollar-la-feria-catm-el-salvador-2024-tejiendo-conexiones\/\" \/>\n<meta property=\"og:locale\" content=\"es_ES\" \/>\n<meta property=\"og:type\" content=\"article\" \/>\n<meta property=\"og:title\" content=\"Feria CATM - El Salvador 2024: \u201cTejiendo Conexiones\u201d\" \/>\n<meta property=\"og:description\" content=\"Feria Centroam\u00e9rica Travel Market 2024 en El Salvador promueve el turismo regional, reuniendo a entidades y mayoristas internacionales del sector\" \/>\n<meta property=\"og:url\" content=\"https:\/\/www.visitcentroamerica.com\/sala-prensa\/actualidad\/centroamerica-y-republica-dominicana-estan-listos-para-desarrollar-la-feria-catm-el-salvador-2024-tejiendo-conexiones\/\" \/>\n<meta property=\"og:site_name\" content=\"Sala de prensa\" \/>\n<meta property=\"article:published_time\" content=\"2024-02-29T08:37:00+00:00\" \/>\n<meta property=\"og:image\" content=\"https:\/\/www.visitcentroamerica.com\/sala-prensa\/wp-content\/uploads\/2024\/02\/Feria-CATM-El-Salvador-2024.jpg\" \/>\n\t<meta property=\"og:image:width\" content=\"1200\" \/>\n\t<meta property=\"og:image:height\" content=\"600\" \/>\n\t<meta property=\"og:image:type\" content=\"image\/jpeg\" \/>\n<meta name=\"author\" content=\"Denis Alvarado\" \/>\n<meta name=\"twitter:card\" content=\"summary_large_image\" \/>\n<meta name=\"twitter:label1\" content=\"Escrito por\" \/>\n\t<meta name=\"twitter:data1\" content=\"Denis Alvarado\" \/>\n\t<meta name=\"twitter:label2\" content=\"Tiempo de lectura\" \/>\n\t<meta name=\"twitter:data2\" content=\"4 minutos\" \/>\n<script type=\"application\/ld+json\" class=\"yoast-schema-graph\">{\"@context\":\"https:\\\/\\\/schema.org\",\"@graph\":[{\"@type\":\"Article\",\"@id\":\"https:\\\/\\\/www.visitcentroamerica.com\\\/sala-prensa\\\/actualidad\\\/centroamerica-y-republica-dominicana-estan-listos-para-desarrollar-la-feria-catm-el-salvador-2024-tejiendo-conexiones\\\/#article\",\"isPartOf\":{\"@id\":\"https:\\\/\\\/www.visitcentroamerica.com\\\/sala-prensa\\\/actualidad\\\/centroamerica-y-republica-dominicana-estan-listos-para-desarrollar-la-feria-catm-el-salvador-2024-tejiendo-conexiones\\\/\"},\"author\":{\"name\":\"Denis Alvarado\",\"@id\":\"https:\\\/\\\/www.visitcentroamerica.com\\\/sala-prensa\\\/#\\\/schema\\\/person\\\/0aa3bd0dbaabaead6089ee3dd0cd7ae5\"},\"headline\":\"Centroam\u00e9rica y Rep\u00fablica Dominicana est\u00e1n listos para desarrollar la Feria CATM &#8211; El Salvador 2024: \u201cTejiendo Conexiones\u201d\",\"datePublished\":\"2024-02-29T08:37:00+00:00\",\"mainEntityOfPage\":{\"@id\":\"https:\\\/\\\/www.visitcentroamerica.com\\\/sala-prensa\\\/actualidad\\\/centroamerica-y-republica-dominicana-estan-listos-para-desarrollar-la-feria-catm-el-salvador-2024-tejiendo-conexiones\\\/\"},\"wordCount\":494,\"commentCount\":0,\"image\":{\"@id\":\"https:\\\/\\\/www.visitcentroamerica.com\\\/sala-prensa\\\/actualidad\\\/centroamerica-y-republica-dominicana-estan-listos-para-desarrollar-la-feria-catm-el-salvador-2024-tejiendo-conexiones\\\/#primaryimage\"},\"thumbnailUrl\":\"https:\\\/\\\/www.visitcentroamerica.com\\\/sala-prensa\\\/wp-content\\\/uploads\\\/2024\\\/02\\\/Feria-CATM-El-Salvador-2024.jpg\",\"articleSection\":[\"Actualidad\"],\"inLanguage\":\"es\",\"potentialAction\":[{\"@type\":\"CommentAction\",\"name\":\"Comment\",\"target\":[\"https:\\\/\\\/www.visitcentroamerica.com\\\/sala-prensa\\\/actualidad\\\/centroamerica-y-republica-dominicana-estan-listos-para-desarrollar-la-feria-catm-el-salvador-2024-tejiendo-conexiones\\\/#respond\"]}]},{\"@type\":\"WebPage\",\"@id\":\"https:\\\/\\\/www.visitcentroamerica.com\\\/sala-prensa\\\/actualidad\\\/centroamerica-y-republica-dominicana-estan-listos-para-desarrollar-la-feria-catm-el-salvador-2024-tejiendo-conexiones\\\/\",\"url\":\"https:\\\/\\\/www.visitcentroamerica.com\\\/sala-prensa\\\/actualidad\\\/centroamerica-y-republica-dominicana-estan-listos-para-desarrollar-la-feria-catm-el-salvador-2024-tejiendo-conexiones\\\/\",\"name\":\"Feria CATM - El Salvador 2024: \u201cTejiendo Conexiones\u201d\",\"isPartOf\":{\"@id\":\"https:\\\/\\\/www.visitcentroamerica.com\\\/sala-prensa\\\/#website\"},\"primaryImageOfPage\":{\"@id\":\"https:\\\/\\\/www.visitcentroamerica.com\\\/sala-prensa\\\/actualidad\\\/centroamerica-y-republica-dominicana-estan-listos-para-desarrollar-la-feria-catm-el-salvador-2024-tejiendo-conexiones\\\/#primaryimage\"},\"image\":{\"@id\":\"https:\\\/\\\/www.visitcentroamerica.com\\\/sala-prensa\\\/actualidad\\\/centroamerica-y-republica-dominicana-estan-listos-para-desarrollar-la-feria-catm-el-salvador-2024-tejiendo-conexiones\\\/#primaryimage\"},\"thumbnailUrl\":\"https:\\\/\\\/www.visitcentroamerica.com\\\/sala-prensa\\\/wp-content\\\/uploads\\\/2024\\\/02\\\/Feria-CATM-El-Salvador-2024.jpg\",\"datePublished\":\"2024-02-29T08:37:00+00:00\",\"author\":{\"@id\":\"https:\\\/\\\/www.visitcentroamerica.com\\\/sala-prensa\\\/#\\\/schema\\\/person\\\/0aa3bd0dbaabaead6089ee3dd0cd7ae5\"},\"description\":\"Feria Centroam\u00e9rica Travel Market 2024 en El Salvador promueve el turismo regional, reuniendo a entidades y mayoristas internacionales del sector\",\"breadcrumb\":{\"@id\":\"https:\\\/\\\/www.visitcentroamerica.com\\\/sala-prensa\\\/actualidad\\\/centroamerica-y-republica-dominicana-estan-listos-para-desarrollar-la-feria-catm-el-salvador-2024-tejiendo-conexiones\\\/#breadcrumb\"},\"inLanguage\":\"es\",\"potentialAction\":[{\"@type\":\"ReadAction\",\"target\":[\"https:\\\/\\\/www.visitcentroamerica.com\\\/sala-prensa\\\/actualidad\\\/centroamerica-y-republica-dominicana-estan-listos-para-desarrollar-la-feria-catm-el-salvador-2024-tejiendo-conexiones\\\/\"]}]},{\"@type\":\"ImageObject\",\"inLanguage\":\"es\",\"@id\":\"https:\\\/\\\/www.visitcentroamerica.com\\\/sala-prensa\\\/actualidad\\\/centroamerica-y-republica-dominicana-estan-listos-para-desarrollar-la-feria-catm-el-salvador-2024-tejiendo-conexiones\\\/#primaryimage\",\"url\":\"https:\\\/\\\/www.visitcentroamerica.com\\\/sala-prensa\\\/wp-content\\\/uploads\\\/2024\\\/02\\\/Feria-CATM-El-Salvador-2024.jpg\",\"contentUrl\":\"https:\\\/\\\/www.visitcentroamerica.com\\\/sala-prensa\\\/wp-content\\\/uploads\\\/2024\\\/02\\\/Feria-CATM-El-Salvador-2024.jpg\",\"width\":1200,\"height\":600},{\"@type\":\"BreadcrumbList\",\"@id\":\"https:\\\/\\\/www.visitcentroamerica.com\\\/sala-prensa\\\/actualidad\\\/centroamerica-y-republica-dominicana-estan-listos-para-desarrollar-la-feria-catm-el-salvador-2024-tejiendo-conexiones\\\/#breadcrumb\",\"itemListElement\":[{\"@type\":\"ListItem\",\"position\":1,\"name\":\"Portada\",\"item\":\"https:\\\/\\\/www.visitcentroamerica.com\\\/sala-prensa\\\/\"},{\"@type\":\"ListItem\",\"position\":2,\"name\":\"Centroam\u00e9rica y Rep\u00fablica Dominicana est\u00e1n listos para desarrollar la Feria CATM &#8211; El Salvador 2024: \u201cTejiendo Conexiones\u201d\"}]},{\"@type\":\"WebSite\",\"@id\":\"https:\\\/\\\/www.visitcentroamerica.com\\\/sala-prensa\\\/#website\",\"url\":\"https:\\\/\\\/www.visitcentroamerica.com\\\/sala-prensa\\\/\",\"name\":\"Sala de prensa\",\"description\":\"\",\"potentialAction\":[{\"@type\":\"SearchAction\",\"target\":{\"@type\":\"EntryPoint\",\"urlTemplate\":\"https:\\\/\\\/www.visitcentroamerica.com\\\/sala-prensa\\\/?s={search_term_string}\"},\"query-input\":{\"@type\":\"PropertyValueSpecification\",\"valueRequired\":true,\"valueName\":\"search_term_string\"}}],\"inLanguage\":\"es\"},{\"@type\":\"Person\",\"@id\":\"https:\\\/\\\/www.visitcentroamerica.com\\\/sala-prensa\\\/#\\\/schema\\\/person\\\/0aa3bd0dbaabaead6089ee3dd0cd7ae5\",\"name\":\"Denis Alvarado\",\"image\":{\"@type\":\"ImageObject\",\"inLanguage\":\"es\",\"@id\":\"https:\\\/\\\/secure.gravatar.com\\\/avatar\\\/c31f0697f6edb7c68d5dedc2ccbd548d2a9f73aa293e81c6a1425229ec4c9135?s=96&d=mm&r=g\",\"url\":\"https:\\\/\\\/secure.gravatar.com\\\/avatar\\\/c31f0697f6edb7c68d5dedc2ccbd548d2a9f73aa293e81c6a1425229ec4c9135?s=96&d=mm&r=g\",\"contentUrl\":\"https:\\\/\\\/secure.gravatar.com\\\/avatar\\\/c31f0697f6edb7c68d5dedc2ccbd548d2a9f73aa293e81c6a1425229ec4c9135?s=96&d=mm&r=g\",\"caption\":\"Denis Alvarado\"},\"url\":\"https:\\\/\\\/www.visitcentroamerica.com\\\/sala-prensa\\\/author\\\/denis\\\/\"}]}<\/script>\n<!-- \/ Yoast SEO plugin. -->","yoast_head_json":{"title":"Feria CATM - El Salvador 2024: \u201cTejiendo Conexiones\u201d","description":"Feria Centroam\u00e9rica Travel Market 2024 en El Salvador promueve el turismo regional, reuniendo a entidades y mayoristas internacionales del sector","robots":{"index":"index","follow":"follow","max-snippet":"max-snippet:-1","max-image-preview":"max-image-preview:large","max-video-preview":"max-video-preview:-1"},"canonical":"https:\/\/www.visitcentroamerica.com\/sala-prensa\/actualidad\/centroamerica-y-republica-dominicana-estan-listos-para-desarrollar-la-feria-catm-el-salvador-2024-tejiendo-conexiones\/","og_locale":"es_ES","og_type":"article","og_title":"Feria CATM - El Salvador 2024: \u201cTejiendo Conexiones\u201d","og_description":"Feria Centroam\u00e9rica Travel Market 2024 en El Salvador promueve el turismo regional, reuniendo a entidades y mayoristas internacionales del sector","og_url":"https:\/\/www.visitcentroamerica.com\/sala-prensa\/actualidad\/centroamerica-y-republica-dominicana-estan-listos-para-desarrollar-la-feria-catm-el-salvador-2024-tejiendo-conexiones\/","og_site_name":"Sala de prensa","article_published_time":"2024-02-29T08:37:00+00:00","og_image":[{"width":1200,"height":600,"url":"https:\/\/www.visitcentroamerica.com\/sala-prensa\/wp-content\/uploads\/2024\/02\/Feria-CATM-El-Salvador-2024.jpg","type":"image\/jpeg"}],"author":"Denis Alvarado","twitter_card":"summary_large_image","twitter_misc":{"Escrito por":"Denis Alvarado","Tiempo de lectura":"4 minutos"},"schema":{"@context":"https:\/\/schema.org","@graph":[{"@type":"Article","@id":"https:\/\/www.visitcentroamerica.com\/sala-prensa\/actualidad\/centroamerica-y-republica-dominicana-estan-listos-para-desarrollar-la-feria-catm-el-salvador-2024-tejiendo-conexiones\/#article","isPartOf":{"@id":"https:\/\/www.visitcentroamerica.com\/sala-prensa\/actualidad\/centroamerica-y-republica-dominicana-estan-listos-para-desarrollar-la-feria-catm-el-salvador-2024-tejiendo-conexiones\/"},"author":{"name":"Denis Alvarado","@id":"https:\/\/www.visitcentroamerica.com\/sala-prensa\/#\/schema\/person\/0aa3bd0dbaabaead6089ee3dd0cd7ae5"},"headline":"Centroam\u00e9rica y Rep\u00fablica Dominicana est\u00e1n listos para desarrollar la Feria CATM &#8211; El Salvador 2024: \u201cTejiendo Conexiones\u201d","datePublished":"2024-02-29T08:37:00+00:00","mainEntityOfPage":{"@id":"https:\/\/www.visitcentroamerica.com\/sala-prensa\/actualidad\/centroamerica-y-republica-dominicana-estan-listos-para-desarrollar-la-feria-catm-el-salvador-2024-tejiendo-conexiones\/"},"wordCount":494,"commentCount":0,"image":{"@id":"https:\/\/www.visitcentroamerica.com\/sala-prensa\/actualidad\/centroamerica-y-republica-dominicana-estan-listos-para-desarrollar-la-feria-catm-el-salvador-2024-tejiendo-conexiones\/#primaryimage"},"thumbnailUrl":"https:\/\/www.visitcentroamerica.com\/sala-prensa\/wp-content\/uploads\/2024\/02\/Feria-CATM-El-Salvador-2024.jpg","articleSection":["Actualidad"],"inLanguage":"es","potentialAction":[{"@type":"CommentAction","name":"Comment","target":["https:\/\/www.visitcentroamerica.com\/sala-prensa\/actualidad\/centroamerica-y-republica-dominicana-estan-listos-para-desarrollar-la-feria-catm-el-salvador-2024-tejiendo-conexiones\/#respond"]}]},{"@type":"WebPage","@id":"https:\/\/www.visitcentroamerica.com\/sala-prensa\/actualidad\/centroamerica-y-republica-dominicana-estan-listos-para-desarrollar-la-feria-catm-el-salvador-2024-tejiendo-conexiones\/","url":"https:\/\/www.visitcentroamerica.com\/sala-prensa\/actualidad\/centroamerica-y-republica-dominicana-estan-listos-para-desarrollar-la-feria-catm-el-salvador-2024-tejiendo-conexiones\/","name":"Feria CATM - El Salvador 2024: \u201cTejiendo Conexiones\u201d","isPartOf":{"@id":"https:\/\/www.visitcentroamerica.com\/sala-prensa\/#website"},"primaryImageOfPage":{"@id":"https:\/\/www.visitcentroamerica.com\/sala-prensa\/actualidad\/centroamerica-y-republica-dominicana-estan-listos-para-desarrollar-la-feria-catm-el-salvador-2024-tejiendo-conexiones\/#primaryimage"},"image":{"@id":"https:\/\/www.visitcentroamerica.com\/sala-prensa\/actualidad\/centroamerica-y-republica-dominicana-estan-listos-para-desarrollar-la-feria-catm-el-salvador-2024-tejiendo-conexiones\/#primaryimage"},"thumbnailUrl":"https:\/\/www.visitcentroamerica.com\/sala-prensa\/wp-content\/uploads\/2024\/02\/Feria-CATM-El-Salvador-2024.jpg","datePublished":"2024-02-29T08:37:00+00:00","author":{"@id":"https:\/\/www.visitcentroamerica.com\/sala-prensa\/#\/schema\/person\/0aa3bd0dbaabaead6089ee3dd0cd7ae5"},"description":"Feria Centroam\u00e9rica Travel Market 2024 en El Salvador promueve el turismo regional, reuniendo a entidades y mayoristas internacionales del sector","breadcrumb":{"@id":"https:\/\/www.visitcentroamerica.com\/sala-prensa\/actualidad\/centroamerica-y-republica-dominicana-estan-listos-para-desarrollar-la-feria-catm-el-salvador-2024-tejiendo-conexiones\/#breadcrumb"},"inLanguage":"es","potentialAction":[{"@type":"ReadAction","target":["https:\/\/www.visitcentroamerica.com\/sala-prensa\/actualidad\/centroamerica-y-republica-dominicana-estan-listos-para-desarrollar-la-feria-catm-el-salvador-2024-tejiendo-conexiones\/"]}]},{"@type":"ImageObject","inLanguage":"es","@id":"https:\/\/www.visitcentroamerica.com\/sala-prensa\/actualidad\/centroamerica-y-republica-dominicana-estan-listos-para-desarrollar-la-feria-catm-el-salvador-2024-tejiendo-conexiones\/#primaryimage","url":"https:\/\/www.visitcentroamerica.com\/sala-prensa\/wp-content\/uploads\/2024\/02\/Feria-CATM-El-Salvador-2024.jpg","contentUrl":"https:\/\/www.visitcentroamerica.com\/sala-prensa\/wp-content\/uploads\/2024\/02\/Feria-CATM-El-Salvador-2024.jpg","width":1200,"height":600},{"@type":"BreadcrumbList","@id":"https:\/\/www.visitcentroamerica.com\/sala-prensa\/actualidad\/centroamerica-y-republica-dominicana-estan-listos-para-desarrollar-la-feria-catm-el-salvador-2024-tejiendo-conexiones\/#breadcrumb","itemListElement":[{"@type":"ListItem","position":1,"name":"Portada","item":"https:\/\/www.visitcentroamerica.com\/sala-prensa\/"},{"@type":"ListItem","position":2,"name":"Centroam\u00e9rica y Rep\u00fablica Dominicana est\u00e1n listos para desarrollar la Feria CATM &#8211; El Salvador 2024: \u201cTejiendo Conexiones\u201d"}]},{"@type":"WebSite","@id":"https:\/\/www.visitcentroamerica.com\/sala-prensa\/#website","url":"https:\/\/www.visitcentroamerica.com\/sala-prensa\/","name":"Sala de prensa","description":"","potentialAction":[{"@type":"SearchAction","target":{"@type":"EntryPoint","urlTemplate":"https:\/\/www.visitcentroamerica.com\/sala-prensa\/?s={search_term_string}"},"query-input":{"@type":"PropertyValueSpecification","valueRequired":true,"valueName":"search_term_string"}}],"inLanguage":"es"},{"@type":"Person","@id":"https:\/\/www.visitcentroamerica.com\/sala-prensa\/#\/schema\/person\/0aa3bd0dbaabaead6089ee3dd0cd7ae5","name":"Denis Alvarado","image":{"@type":"ImageObject","inLanguage":"es","@id":"https:\/\/secure.gravatar.com\/avatar\/c31f0697f6edb7c68d5dedc2ccbd548d2a9f73aa293e81c6a1425229ec4c9135?s=96&d=mm&r=g","url":"https:\/\/secure.gravatar.com\/avatar\/c31f0697f6edb7c68d5dedc2ccbd548d2a9f73aa293e81c6a1425229ec4c9135?s=96&d=mm&r=g","contentUrl":"https:\/\/secure.gravatar.com\/avatar\/c31f0697f6edb7c68d5dedc2ccbd548d2a9f73aa293e81c6a1425229ec4c9135?s=96&d=mm&r=g","caption":"Denis Alvarado"},"url":"https:\/\/www.visitcentroamerica.com\/sala-prensa\/author\/denis\/"}]}},"_links":{"self":[{"href":"https:\/\/www.visitcentroamerica.com\/sala-prensa\/wp-json\/wp\/v2\/posts\/15096","targetHints":{"allow":["GET"]}}],"collection":[{"href":"https:\/\/www.visitcentroamerica.com\/sala-prensa\/wp-json\/wp\/v2\/posts"}],"about":[{"href":"https:\/\/www.visitcentroamerica.com\/sala-prensa\/wp-json\/wp\/v2\/types\/post"}],"author":[{"embeddable":true,"href":"https:\/\/www.visitcentroamerica.com\/sala-prensa\/wp-json\/wp\/v2\/users\/5"}],"replies":[{"embeddable":true,"href":"https:\/\/www.visitcentroamerica.com\/sala-prensa\/wp-json\/wp\/v2\/comments?post=15096"}],"version-history":[{"count":2,"href":"https:\/\/www.visitcentroamerica.com\/sala-prensa\/wp-json\/wp\/v2\/posts\/15096\/revisions"}],"predecessor-version":[{"id":15108,"href":"https:\/\/www.visitcentroamerica.com\/sala-prensa\/wp-json\/wp\/v2\/posts\/15096\/revisions\/15108"}],"wp:featuredmedia":[{"embeddable":true,"href":"https:\/\/www.visitcentroamerica.com\/sala-prensa\/wp-json\/wp\/v2\/media\/15097"}],"wp:attachment":[{"href":"https:\/\/www.visitcentroamerica.com\/sala-prensa\/wp-json\/wp\/v2\/media?parent=15096"}],"wp:term":[{"taxonomy":"category","embeddable":true,"href":"https:\/\/www.visitcentroamerica.com\/sala-prensa\/wp-json\/wp\/v2\/categories?post=15096"},{"taxonomy":"post_tag","embeddable":true,"href":"https:\/\/www.visitcentroamerica.com\/sala-prensa\/wp-json\/wp\/v2\/tags?post=15096"}],"curies":[{"name":"wp","href":"https:\/\/api.w.org\/{rel}","templated":true}]}}