{"id":15067,"date":"2024-02-08T10:58:42","date_gmt":"2024-02-08T09:58:42","guid":{"rendered":"https:\/\/www.visitcentroamerica.com\/sala-prensa\/?p=15067"},"modified":"2024-02-08T11:13:35","modified_gmt":"2024-02-08T10:13:35","slug":"el-salvador-y-panama-avanzan-en-colaboracion-para-fortalecer-la-promocion-del-turismo-en-centroamerica","status":"publish","type":"post","link":"https:\/\/www.visitcentroamerica.com\/sala-prensa\/actualidad\/el-salvador-y-panama-avanzan-en-colaboracion-para-fortalecer-la-promocion-del-turismo-en-centroamerica\/","title":{"rendered":"El Salvador y Panam\u00e1 avanzan en colaboraci\u00f3n para fortalecer la promoci\u00f3n del turismo en Centroam\u00e9rica"},"content":{"rendered":"<p><img loading=\"lazy\" decoding=\"async\" class=\"alignnone size-full wp-image-15068\" src=\"https:\/\/www.visitcentroamerica.com\/sala-prensa\/wp-content\/uploads\/2024\/02\/Sin-titulo-1.jpg\" alt=\"\" width=\"1200\" height=\"600\" srcset=\"https:\/\/www.visitcentroamerica.com\/sala-prensa\/wp-content\/uploads\/2024\/02\/Sin-titulo-1.jpg 1200w, https:\/\/www.visitcentroamerica.com\/sala-prensa\/wp-content\/uploads\/2024\/02\/Sin-titulo-1-300x150.jpg 300w, https:\/\/www.visitcentroamerica.com\/sala-prensa\/wp-content\/uploads\/2024\/02\/Sin-titulo-1-1024x512.jpg 1024w, https:\/\/www.visitcentroamerica.com\/sala-prensa\/wp-content\/uploads\/2024\/02\/Sin-titulo-1-768x384.jpg 768w, https:\/\/www.visitcentroamerica.com\/sala-prensa\/wp-content\/uploads\/2024\/02\/Sin-titulo-1-696x348.jpg 696w, https:\/\/www.visitcentroamerica.com\/sala-prensa\/wp-content\/uploads\/2024\/02\/Sin-titulo-1-1068x534.jpg 1068w, https:\/\/www.visitcentroamerica.com\/sala-prensa\/wp-content\/uploads\/2024\/02\/Sin-titulo-1-840x420.jpg 840w, https:\/\/www.visitcentroamerica.com\/sala-prensa\/wp-content\/uploads\/2024\/02\/Sin-titulo-1-500x250.jpg 500w\" sizes=\"auto, (max-width: 1200px) 100vw, 1200px\" \/><\/p>\n<p>En una iniciativa conjunta para fortalecer los lazos tur\u00edsticos entre El Salvador y Panam\u00e1, la Autoridad de Turismo de Panam\u00e1 en coordinaci\u00f3n con el Ministerio de Turismo de El Salvador, han llevado a cabo un exitoso FamTrip en el que participaron siete destacadas empresas touroperadoras salvadore\u00f1as.<\/p>\n<p>Esta actividad, en l\u00ednea con el acuerdo firmado entre ambos pa\u00edses en agosto de 2021, tiene como objetivo principal explorar oportunidades de colaboraci\u00f3n y la comercializaci\u00f3n de paquetes tur\u00edsticos que destaquen las riquezas culturales y naturales de ambas naciones.<\/p>\n<p>Durante el FamTrip, el grupo de touroperadores tuvo la oportunidad de explorar diversos destinos estrat\u00e9gicos en Panam\u00e1, incluyendo lugares emblem\u00e1ticos como Gamboa, Parara Pururu, Isla Ca\u00f1a, Isla Iguana y Playa Venao, adem\u00e1s de participar en eventos significativos como la Junta de Embarre y El Desfile de las Mil Polleras. Esta experiencia inmersiva permiti\u00f3 a los participantes conocer de primera mano la diversidad y atractivos tur\u00edsticos que ofrece Panam\u00e1.<\/p>\n<p><img loading=\"lazy\" decoding=\"async\" class=\"alignnone wp-image-15070\" src=\"https:\/\/www.visitcentroamerica.com\/sala-prensa\/wp-content\/uploads\/2024\/02\/Upload_20240111-230813-min.jpg\" alt=\"\" width=\"337\" height=\"224\" srcset=\"https:\/\/www.visitcentroamerica.com\/sala-prensa\/wp-content\/uploads\/2024\/02\/Upload_20240111-230813-min.jpg 1200w, https:\/\/www.visitcentroamerica.com\/sala-prensa\/wp-content\/uploads\/2024\/02\/Upload_20240111-230813-min-300x200.jpg 300w, https:\/\/www.visitcentroamerica.com\/sala-prensa\/wp-content\/uploads\/2024\/02\/Upload_20240111-230813-min-1024x683.jpg 1024w, https:\/\/www.visitcentroamerica.com\/sala-prensa\/wp-content\/uploads\/2024\/02\/Upload_20240111-230813-min-768x512.jpg 768w, https:\/\/www.visitcentroamerica.com\/sala-prensa\/wp-content\/uploads\/2024\/02\/Upload_20240111-230813-min-696x464.jpg 696w, https:\/\/www.visitcentroamerica.com\/sala-prensa\/wp-content\/uploads\/2024\/02\/Upload_20240111-230813-min-1068x712.jpg 1068w, https:\/\/www.visitcentroamerica.com\/sala-prensa\/wp-content\/uploads\/2024\/02\/Upload_20240111-230813-min-630x420.jpg 630w, https:\/\/www.visitcentroamerica.com\/sala-prensa\/wp-content\/uploads\/2024\/02\/Upload_20240111-230813-min-500x333.jpg 500w\" sizes=\"auto, (max-width: 337px) 100vw, 337px\" \/><img loading=\"lazy\" decoding=\"async\" class=\"alignnone wp-image-15072\" src=\"https:\/\/www.visitcentroamerica.com\/sala-prensa\/wp-content\/uploads\/2024\/02\/Upload_20240111-224909-min.jpg\" alt=\"\" width=\"337\" height=\"224\" srcset=\"https:\/\/www.visitcentroamerica.com\/sala-prensa\/wp-content\/uploads\/2024\/02\/Upload_20240111-224909-min.jpg 1200w, https:\/\/www.visitcentroamerica.com\/sala-prensa\/wp-content\/uploads\/2024\/02\/Upload_20240111-224909-min-300x200.jpg 300w, https:\/\/www.visitcentroamerica.com\/sala-prensa\/wp-content\/uploads\/2024\/02\/Upload_20240111-224909-min-1024x683.jpg 1024w, https:\/\/www.visitcentroamerica.com\/sala-prensa\/wp-content\/uploads\/2024\/02\/Upload_20240111-224909-min-768x512.jpg 768w, https:\/\/www.visitcentroamerica.com\/sala-prensa\/wp-content\/uploads\/2024\/02\/Upload_20240111-224909-min-696x464.jpg 696w, https:\/\/www.visitcentroamerica.com\/sala-prensa\/wp-content\/uploads\/2024\/02\/Upload_20240111-224909-min-1068x712.jpg 1068w, https:\/\/www.visitcentroamerica.com\/sala-prensa\/wp-content\/uploads\/2024\/02\/Upload_20240111-224909-min-630x420.jpg 630w, https:\/\/www.visitcentroamerica.com\/sala-prensa\/wp-content\/uploads\/2024\/02\/Upload_20240111-224909-min-500x333.jpg 500w\" sizes=\"auto, (max-width: 337px) 100vw, 337px\" \/><\/p>\n<p>Panam\u00e1 y El Salvador son puntos estrat\u00e9gicos para la llegada de turistas tanto por la v\u00eda a\u00e9rea como mar\u00edtima, por lo que las acciones impulsadas por ambos pa\u00edses fortalecen la promoci\u00f3n del multidestino en Centroam\u00e9rica, por medio de la comunicaci\u00f3n de dos o m\u00e1s pa\u00edses de la regi\u00f3n.<\/p>\n<p><img loading=\"lazy\" decoding=\"async\" class=\"alignnone wp-image-15074\" src=\"https:\/\/www.visitcentroamerica.com\/sala-prensa\/wp-content\/uploads\/2024\/02\/GD59Sz1XMAIBrUZ-min.jpg\" alt=\"\" width=\"331\" height=\"220\" srcset=\"https:\/\/www.visitcentroamerica.com\/sala-prensa\/wp-content\/uploads\/2024\/02\/GD59Sz1XMAIBrUZ-min.jpg 1200w, https:\/\/www.visitcentroamerica.com\/sala-prensa\/wp-content\/uploads\/2024\/02\/GD59Sz1XMAIBrUZ-min-300x200.jpg 300w, https:\/\/www.visitcentroamerica.com\/sala-prensa\/wp-content\/uploads\/2024\/02\/GD59Sz1XMAIBrUZ-min-1024x683.jpg 1024w, https:\/\/www.visitcentroamerica.com\/sala-prensa\/wp-content\/uploads\/2024\/02\/GD59Sz1XMAIBrUZ-min-768x512.jpg 768w, https:\/\/www.visitcentroamerica.com\/sala-prensa\/wp-content\/uploads\/2024\/02\/GD59Sz1XMAIBrUZ-min-696x464.jpg 696w, https:\/\/www.visitcentroamerica.com\/sala-prensa\/wp-content\/uploads\/2024\/02\/GD59Sz1XMAIBrUZ-min-1068x712.jpg 1068w, https:\/\/www.visitcentroamerica.com\/sala-prensa\/wp-content\/uploads\/2024\/02\/GD59Sz1XMAIBrUZ-min-630x420.jpg 630w, https:\/\/www.visitcentroamerica.com\/sala-prensa\/wp-content\/uploads\/2024\/02\/GD59Sz1XMAIBrUZ-min-500x333.jpg 500w\" sizes=\"auto, (max-width: 331px) 100vw, 331px\" \/><img loading=\"lazy\" decoding=\"async\" class=\"alignnone wp-image-15076\" src=\"https:\/\/www.visitcentroamerica.com\/sala-prensa\/wp-content\/uploads\/2024\/02\/Upload_20240113-023529-min.jpg\" alt=\"\" width=\"332\" height=\"221\" srcset=\"https:\/\/www.visitcentroamerica.com\/sala-prensa\/wp-content\/uploads\/2024\/02\/Upload_20240113-023529-min.jpg 1200w, https:\/\/www.visitcentroamerica.com\/sala-prensa\/wp-content\/uploads\/2024\/02\/Upload_20240113-023529-min-300x200.jpg 300w, https:\/\/www.visitcentroamerica.com\/sala-prensa\/wp-content\/uploads\/2024\/02\/Upload_20240113-023529-min-1024x683.jpg 1024w, https:\/\/www.visitcentroamerica.com\/sala-prensa\/wp-content\/uploads\/2024\/02\/Upload_20240113-023529-min-768x512.jpg 768w, https:\/\/www.visitcentroamerica.com\/sala-prensa\/wp-content\/uploads\/2024\/02\/Upload_20240113-023529-min-696x464.jpg 696w, https:\/\/www.visitcentroamerica.com\/sala-prensa\/wp-content\/uploads\/2024\/02\/Upload_20240113-023529-min-1068x712.jpg 1068w, https:\/\/www.visitcentroamerica.com\/sala-prensa\/wp-content\/uploads\/2024\/02\/Upload_20240113-023529-min-630x420.jpg 630w, https:\/\/www.visitcentroamerica.com\/sala-prensa\/wp-content\/uploads\/2024\/02\/Upload_20240113-023529-min-500x333.jpg 500w\" sizes=\"auto, (max-width: 332px) 100vw, 332px\" \/><\/p>\n<p>La realizaci\u00f3n de este FamTrip es un paso firme hacia la implementaci\u00f3n efectiva del acuerdo bilateral, subrayando el compromiso de ambas naciones en fomentar la colaboraci\u00f3n mutua, fortalecer el sector tur\u00edstico y avanzar en la integraci\u00f3n regional. Se espera que esta iniciativa se replique en El Salvador con empresas paname\u00f1as y que siente las bases para futuras asociaciones y contribuya al crecimiento sostenible del turismo en la regi\u00f3n centroamericana.<\/p>\n","protected":false},"excerpt":{"rendered":"<p>En una iniciativa conjunta para fortalecer los lazos tur\u00edsticos entre El Salvador y Panam\u00e1, la Autoridad de Turismo de Panam\u00e1 en coordinaci\u00f3n con el Ministerio de Turismo de El Salvador, han llevado a cabo un exitoso FamTrip en el que participaron siete destacadas empresas touroperadoras salvadore\u00f1as. Esta actividad, en l\u00ednea con el acuerdo firmado entre [&hellip;]<\/p>\n","protected":false},"author":5,"featured_media":15068,"comment_status":"open","ping_status":"closed","sticky":false,"template":"","format":"standard","meta":{"footnotes":""},"categories":[3,15],"tags":[],"class_list":{"0":"post-15067","1":"post","2":"type-post","3":"status-publish","4":"format-standard","5":"has-post-thumbnail","7":"category-actualidad","8":"category-internacional"},"yoast_head":"<!-- This site is optimized with the Yoast SEO plugin v27.3 - https:\/\/yoast.com\/product\/yoast-seo-wordpress\/ -->\n<title>El Salvador y Panam\u00e1 fortalecen la promoci\u00f3n del turismo<\/title>\n<meta name=\"description\" content=\"La Agencia de Promoci\u00f3n Tur\u00edstica de Centroam\u00e9rica ha trazado una estrategia audaz para consolidar su presencia en mercados internacionales\" \/>\n<meta name=\"robots\" content=\"index, follow, max-snippet:-1, max-image-preview:large, max-video-preview:-1\" \/>\n<link rel=\"canonical\" href=\"https:\/\/www.visitcentroamerica.com\/sala-prensa\/actualidad\/el-salvador-y-panama-avanzan-en-colaboracion-para-fortalecer-la-promocion-del-turismo-en-centroamerica\/\" \/>\n<meta property=\"og:locale\" content=\"es_ES\" \/>\n<meta property=\"og:type\" content=\"article\" \/>\n<meta property=\"og:title\" content=\"El Salvador y Panam\u00e1 fortalecen la promoci\u00f3n del turismo\" \/>\n<meta property=\"og:description\" content=\"La Agencia de Promoci\u00f3n Tur\u00edstica de Centroam\u00e9rica ha trazado una estrategia audaz para consolidar su presencia en mercados internacionales\" \/>\n<meta property=\"og:url\" content=\"https:\/\/www.visitcentroamerica.com\/sala-prensa\/actualidad\/el-salvador-y-panama-avanzan-en-colaboracion-para-fortalecer-la-promocion-del-turismo-en-centroamerica\/\" \/>\n<meta property=\"og:site_name\" content=\"Sala de prensa\" \/>\n<meta property=\"article:published_time\" content=\"2024-02-08T09:58:42+00:00\" \/>\n<meta property=\"article:modified_time\" content=\"2024-02-08T10:13:35+00:00\" \/>\n<meta property=\"og:image\" content=\"https:\/\/www.visitcentroamerica.com\/sala-prensa\/wp-content\/uploads\/2024\/02\/Sin-titulo-1.jpg\" \/>\n\t<meta property=\"og:image:width\" content=\"1200\" \/>\n\t<meta property=\"og:image:height\" content=\"600\" \/>\n\t<meta property=\"og:image:type\" content=\"image\/jpeg\" \/>\n<meta name=\"author\" content=\"Denis Alvarado\" \/>\n<meta name=\"twitter:card\" content=\"summary_large_image\" \/>\n<meta name=\"twitter:label1\" content=\"Escrito por\" \/>\n\t<meta name=\"twitter:data1\" content=\"Denis Alvarado\" \/>\n\t<meta name=\"twitter:label2\" content=\"Tiempo de lectura\" \/>\n\t<meta name=\"twitter:data2\" content=\"3 minutos\" \/>\n<script type=\"application\/ld+json\" class=\"yoast-schema-graph\">{\"@context\":\"https:\\\/\\\/schema.org\",\"@graph\":[{\"@type\":\"Article\",\"@id\":\"https:\\\/\\\/www.visitcentroamerica.com\\\/sala-prensa\\\/actualidad\\\/el-salvador-y-panama-avanzan-en-colaboracion-para-fortalecer-la-promocion-del-turismo-en-centroamerica\\\/#article\",\"isPartOf\":{\"@id\":\"https:\\\/\\\/www.visitcentroamerica.com\\\/sala-prensa\\\/actualidad\\\/el-salvador-y-panama-avanzan-en-colaboracion-para-fortalecer-la-promocion-del-turismo-en-centroamerica\\\/\"},\"author\":{\"name\":\"Denis Alvarado\",\"@id\":\"https:\\\/\\\/www.visitcentroamerica.com\\\/sala-prensa\\\/#\\\/schema\\\/person\\\/0aa3bd0dbaabaead6089ee3dd0cd7ae5\"},\"headline\":\"El Salvador y Panam\u00e1 avanzan en colaboraci\u00f3n para fortalecer la promoci\u00f3n del turismo en Centroam\u00e9rica\",\"datePublished\":\"2024-02-08T09:58:42+00:00\",\"dateModified\":\"2024-02-08T10:13:35+00:00\",\"mainEntityOfPage\":{\"@id\":\"https:\\\/\\\/www.visitcentroamerica.com\\\/sala-prensa\\\/actualidad\\\/el-salvador-y-panama-avanzan-en-colaboracion-para-fortalecer-la-promocion-del-turismo-en-centroamerica\\\/\"},\"wordCount\":318,\"commentCount\":0,\"image\":{\"@id\":\"https:\\\/\\\/www.visitcentroamerica.com\\\/sala-prensa\\\/actualidad\\\/el-salvador-y-panama-avanzan-en-colaboracion-para-fortalecer-la-promocion-del-turismo-en-centroamerica\\\/#primaryimage\"},\"thumbnailUrl\":\"https:\\\/\\\/www.visitcentroamerica.com\\\/sala-prensa\\\/wp-content\\\/uploads\\\/2024\\\/02\\\/Sin-titulo-1.jpg\",\"articleSection\":[\"Actualidad\",\"Internacional\"],\"inLanguage\":\"es\",\"potentialAction\":[{\"@type\":\"CommentAction\",\"name\":\"Comment\",\"target\":[\"https:\\\/\\\/www.visitcentroamerica.com\\\/sala-prensa\\\/actualidad\\\/el-salvador-y-panama-avanzan-en-colaboracion-para-fortalecer-la-promocion-del-turismo-en-centroamerica\\\/#respond\"]}]},{\"@type\":\"WebPage\",\"@id\":\"https:\\\/\\\/www.visitcentroamerica.com\\\/sala-prensa\\\/actualidad\\\/el-salvador-y-panama-avanzan-en-colaboracion-para-fortalecer-la-promocion-del-turismo-en-centroamerica\\\/\",\"url\":\"https:\\\/\\\/www.visitcentroamerica.com\\\/sala-prensa\\\/actualidad\\\/el-salvador-y-panama-avanzan-en-colaboracion-para-fortalecer-la-promocion-del-turismo-en-centroamerica\\\/\",\"name\":\"El Salvador y Panam\u00e1 fortalecen la promoci\u00f3n del turismo\",\"isPartOf\":{\"@id\":\"https:\\\/\\\/www.visitcentroamerica.com\\\/sala-prensa\\\/#website\"},\"primaryImageOfPage\":{\"@id\":\"https:\\\/\\\/www.visitcentroamerica.com\\\/sala-prensa\\\/actualidad\\\/el-salvador-y-panama-avanzan-en-colaboracion-para-fortalecer-la-promocion-del-turismo-en-centroamerica\\\/#primaryimage\"},\"image\":{\"@id\":\"https:\\\/\\\/www.visitcentroamerica.com\\\/sala-prensa\\\/actualidad\\\/el-salvador-y-panama-avanzan-en-colaboracion-para-fortalecer-la-promocion-del-turismo-en-centroamerica\\\/#primaryimage\"},\"thumbnailUrl\":\"https:\\\/\\\/www.visitcentroamerica.com\\\/sala-prensa\\\/wp-content\\\/uploads\\\/2024\\\/02\\\/Sin-titulo-1.jpg\",\"datePublished\":\"2024-02-08T09:58:42+00:00\",\"dateModified\":\"2024-02-08T10:13:35+00:00\",\"author\":{\"@id\":\"https:\\\/\\\/www.visitcentroamerica.com\\\/sala-prensa\\\/#\\\/schema\\\/person\\\/0aa3bd0dbaabaead6089ee3dd0cd7ae5\"},\"description\":\"La Agencia de Promoci\u00f3n Tur\u00edstica de Centroam\u00e9rica ha trazado una estrategia audaz para consolidar su presencia en mercados internacionales\",\"breadcrumb\":{\"@id\":\"https:\\\/\\\/www.visitcentroamerica.com\\\/sala-prensa\\\/actualidad\\\/el-salvador-y-panama-avanzan-en-colaboracion-para-fortalecer-la-promocion-del-turismo-en-centroamerica\\\/#breadcrumb\"},\"inLanguage\":\"es\",\"potentialAction\":[{\"@type\":\"ReadAction\",\"target\":[\"https:\\\/\\\/www.visitcentroamerica.com\\\/sala-prensa\\\/actualidad\\\/el-salvador-y-panama-avanzan-en-colaboracion-para-fortalecer-la-promocion-del-turismo-en-centroamerica\\\/\"]}]},{\"@type\":\"ImageObject\",\"inLanguage\":\"es\",\"@id\":\"https:\\\/\\\/www.visitcentroamerica.com\\\/sala-prensa\\\/actualidad\\\/el-salvador-y-panama-avanzan-en-colaboracion-para-fortalecer-la-promocion-del-turismo-en-centroamerica\\\/#primaryimage\",\"url\":\"https:\\\/\\\/www.visitcentroamerica.com\\\/sala-prensa\\\/wp-content\\\/uploads\\\/2024\\\/02\\\/Sin-titulo-1.jpg\",\"contentUrl\":\"https:\\\/\\\/www.visitcentroamerica.com\\\/sala-prensa\\\/wp-content\\\/uploads\\\/2024\\\/02\\\/Sin-titulo-1.jpg\",\"width\":1200,\"height\":600},{\"@type\":\"BreadcrumbList\",\"@id\":\"https:\\\/\\\/www.visitcentroamerica.com\\\/sala-prensa\\\/actualidad\\\/el-salvador-y-panama-avanzan-en-colaboracion-para-fortalecer-la-promocion-del-turismo-en-centroamerica\\\/#breadcrumb\",\"itemListElement\":[{\"@type\":\"ListItem\",\"position\":1,\"name\":\"Portada\",\"item\":\"https:\\\/\\\/www.visitcentroamerica.com\\\/sala-prensa\\\/\"},{\"@type\":\"ListItem\",\"position\":2,\"name\":\"El Salvador y Panam\u00e1 avanzan en colaboraci\u00f3n para fortalecer la promoci\u00f3n del turismo en Centroam\u00e9rica\"}]},{\"@type\":\"WebSite\",\"@id\":\"https:\\\/\\\/www.visitcentroamerica.com\\\/sala-prensa\\\/#website\",\"url\":\"https:\\\/\\\/www.visitcentroamerica.com\\\/sala-prensa\\\/\",\"name\":\"Sala de prensa\",\"description\":\"\",\"potentialAction\":[{\"@type\":\"SearchAction\",\"target\":{\"@type\":\"EntryPoint\",\"urlTemplate\":\"https:\\\/\\\/www.visitcentroamerica.com\\\/sala-prensa\\\/?s={search_term_string}\"},\"query-input\":{\"@type\":\"PropertyValueSpecification\",\"valueRequired\":true,\"valueName\":\"search_term_string\"}}],\"inLanguage\":\"es\"},{\"@type\":\"Person\",\"@id\":\"https:\\\/\\\/www.visitcentroamerica.com\\\/sala-prensa\\\/#\\\/schema\\\/person\\\/0aa3bd0dbaabaead6089ee3dd0cd7ae5\",\"name\":\"Denis Alvarado\",\"image\":{\"@type\":\"ImageObject\",\"inLanguage\":\"es\",\"@id\":\"https:\\\/\\\/secure.gravatar.com\\\/avatar\\\/c31f0697f6edb7c68d5dedc2ccbd548d2a9f73aa293e81c6a1425229ec4c9135?s=96&d=mm&r=g\",\"url\":\"https:\\\/\\\/secure.gravatar.com\\\/avatar\\\/c31f0697f6edb7c68d5dedc2ccbd548d2a9f73aa293e81c6a1425229ec4c9135?s=96&d=mm&r=g\",\"contentUrl\":\"https:\\\/\\\/secure.gravatar.com\\\/avatar\\\/c31f0697f6edb7c68d5dedc2ccbd548d2a9f73aa293e81c6a1425229ec4c9135?s=96&d=mm&r=g\",\"caption\":\"Denis Alvarado\"},\"url\":\"https:\\\/\\\/www.visitcentroamerica.com\\\/sala-prensa\\\/author\\\/denis\\\/\"}]}<\/script>\n<!-- \/ Yoast SEO plugin. -->","yoast_head_json":{"title":"El Salvador y Panam\u00e1 fortalecen la promoci\u00f3n del turismo","description":"La Agencia de Promoci\u00f3n Tur\u00edstica de Centroam\u00e9rica ha trazado una estrategia audaz para consolidar su presencia en mercados internacionales","robots":{"index":"index","follow":"follow","max-snippet":"max-snippet:-1","max-image-preview":"max-image-preview:large","max-video-preview":"max-video-preview:-1"},"canonical":"https:\/\/www.visitcentroamerica.com\/sala-prensa\/actualidad\/el-salvador-y-panama-avanzan-en-colaboracion-para-fortalecer-la-promocion-del-turismo-en-centroamerica\/","og_locale":"es_ES","og_type":"article","og_title":"El Salvador y Panam\u00e1 fortalecen la promoci\u00f3n del turismo","og_description":"La Agencia de Promoci\u00f3n Tur\u00edstica de Centroam\u00e9rica ha trazado una estrategia audaz para consolidar su presencia en mercados internacionales","og_url":"https:\/\/www.visitcentroamerica.com\/sala-prensa\/actualidad\/el-salvador-y-panama-avanzan-en-colaboracion-para-fortalecer-la-promocion-del-turismo-en-centroamerica\/","og_site_name":"Sala de prensa","article_published_time":"2024-02-08T09:58:42+00:00","article_modified_time":"2024-02-08T10:13:35+00:00","og_image":[{"width":1200,"height":600,"url":"https:\/\/www.visitcentroamerica.com\/sala-prensa\/wp-content\/uploads\/2024\/02\/Sin-titulo-1.jpg","type":"image\/jpeg"}],"author":"Denis Alvarado","twitter_card":"summary_large_image","twitter_misc":{"Escrito por":"Denis Alvarado","Tiempo de lectura":"3 minutos"},"schema":{"@context":"https:\/\/schema.org","@graph":[{"@type":"Article","@id":"https:\/\/www.visitcentroamerica.com\/sala-prensa\/actualidad\/el-salvador-y-panama-avanzan-en-colaboracion-para-fortalecer-la-promocion-del-turismo-en-centroamerica\/#article","isPartOf":{"@id":"https:\/\/www.visitcentroamerica.com\/sala-prensa\/actualidad\/el-salvador-y-panama-avanzan-en-colaboracion-para-fortalecer-la-promocion-del-turismo-en-centroamerica\/"},"author":{"name":"Denis Alvarado","@id":"https:\/\/www.visitcentroamerica.com\/sala-prensa\/#\/schema\/person\/0aa3bd0dbaabaead6089ee3dd0cd7ae5"},"headline":"El Salvador y Panam\u00e1 avanzan en colaboraci\u00f3n para fortalecer la promoci\u00f3n del turismo en Centroam\u00e9rica","datePublished":"2024-02-08T09:58:42+00:00","dateModified":"2024-02-08T10:13:35+00:00","mainEntityOfPage":{"@id":"https:\/\/www.visitcentroamerica.com\/sala-prensa\/actualidad\/el-salvador-y-panama-avanzan-en-colaboracion-para-fortalecer-la-promocion-del-turismo-en-centroamerica\/"},"wordCount":318,"commentCount":0,"image":{"@id":"https:\/\/www.visitcentroamerica.com\/sala-prensa\/actualidad\/el-salvador-y-panama-avanzan-en-colaboracion-para-fortalecer-la-promocion-del-turismo-en-centroamerica\/#primaryimage"},"thumbnailUrl":"https:\/\/www.visitcentroamerica.com\/sala-prensa\/wp-content\/uploads\/2024\/02\/Sin-titulo-1.jpg","articleSection":["Actualidad","Internacional"],"inLanguage":"es","potentialAction":[{"@type":"CommentAction","name":"Comment","target":["https:\/\/www.visitcentroamerica.com\/sala-prensa\/actualidad\/el-salvador-y-panama-avanzan-en-colaboracion-para-fortalecer-la-promocion-del-turismo-en-centroamerica\/#respond"]}]},{"@type":"WebPage","@id":"https:\/\/www.visitcentroamerica.com\/sala-prensa\/actualidad\/el-salvador-y-panama-avanzan-en-colaboracion-para-fortalecer-la-promocion-del-turismo-en-centroamerica\/","url":"https:\/\/www.visitcentroamerica.com\/sala-prensa\/actualidad\/el-salvador-y-panama-avanzan-en-colaboracion-para-fortalecer-la-promocion-del-turismo-en-centroamerica\/","name":"El Salvador y Panam\u00e1 fortalecen la promoci\u00f3n del turismo","isPartOf":{"@id":"https:\/\/www.visitcentroamerica.com\/sala-prensa\/#website"},"primaryImageOfPage":{"@id":"https:\/\/www.visitcentroamerica.com\/sala-prensa\/actualidad\/el-salvador-y-panama-avanzan-en-colaboracion-para-fortalecer-la-promocion-del-turismo-en-centroamerica\/#primaryimage"},"image":{"@id":"https:\/\/www.visitcentroamerica.com\/sala-prensa\/actualidad\/el-salvador-y-panama-avanzan-en-colaboracion-para-fortalecer-la-promocion-del-turismo-en-centroamerica\/#primaryimage"},"thumbnailUrl":"https:\/\/www.visitcentroamerica.com\/sala-prensa\/wp-content\/uploads\/2024\/02\/Sin-titulo-1.jpg","datePublished":"2024-02-08T09:58:42+00:00","dateModified":"2024-02-08T10:13:35+00:00","author":{"@id":"https:\/\/www.visitcentroamerica.com\/sala-prensa\/#\/schema\/person\/0aa3bd0dbaabaead6089ee3dd0cd7ae5"},"description":"La Agencia de Promoci\u00f3n Tur\u00edstica de Centroam\u00e9rica ha trazado una estrategia audaz para consolidar su presencia en mercados internacionales","breadcrumb":{"@id":"https:\/\/www.visitcentroamerica.com\/sala-prensa\/actualidad\/el-salvador-y-panama-avanzan-en-colaboracion-para-fortalecer-la-promocion-del-turismo-en-centroamerica\/#breadcrumb"},"inLanguage":"es","potentialAction":[{"@type":"ReadAction","target":["https:\/\/www.visitcentroamerica.com\/sala-prensa\/actualidad\/el-salvador-y-panama-avanzan-en-colaboracion-para-fortalecer-la-promocion-del-turismo-en-centroamerica\/"]}]},{"@type":"ImageObject","inLanguage":"es","@id":"https:\/\/www.visitcentroamerica.com\/sala-prensa\/actualidad\/el-salvador-y-panama-avanzan-en-colaboracion-para-fortalecer-la-promocion-del-turismo-en-centroamerica\/#primaryimage","url":"https:\/\/www.visitcentroamerica.com\/sala-prensa\/wp-content\/uploads\/2024\/02\/Sin-titulo-1.jpg","contentUrl":"https:\/\/www.visitcentroamerica.com\/sala-prensa\/wp-content\/uploads\/2024\/02\/Sin-titulo-1.jpg","width":1200,"height":600},{"@type":"BreadcrumbList","@id":"https:\/\/www.visitcentroamerica.com\/sala-prensa\/actualidad\/el-salvador-y-panama-avanzan-en-colaboracion-para-fortalecer-la-promocion-del-turismo-en-centroamerica\/#breadcrumb","itemListElement":[{"@type":"ListItem","position":1,"name":"Portada","item":"https:\/\/www.visitcentroamerica.com\/sala-prensa\/"},{"@type":"ListItem","position":2,"name":"El Salvador y Panam\u00e1 avanzan en colaboraci\u00f3n para fortalecer la promoci\u00f3n del turismo en Centroam\u00e9rica"}]},{"@type":"WebSite","@id":"https:\/\/www.visitcentroamerica.com\/sala-prensa\/#website","url":"https:\/\/www.visitcentroamerica.com\/sala-prensa\/","name":"Sala de prensa","description":"","potentialAction":[{"@type":"SearchAction","target":{"@type":"EntryPoint","urlTemplate":"https:\/\/www.visitcentroamerica.com\/sala-prensa\/?s={search_term_string}"},"query-input":{"@type":"PropertyValueSpecification","valueRequired":true,"valueName":"search_term_string"}}],"inLanguage":"es"},{"@type":"Person","@id":"https:\/\/www.visitcentroamerica.com\/sala-prensa\/#\/schema\/person\/0aa3bd0dbaabaead6089ee3dd0cd7ae5","name":"Denis Alvarado","image":{"@type":"ImageObject","inLanguage":"es","@id":"https:\/\/secure.gravatar.com\/avatar\/c31f0697f6edb7c68d5dedc2ccbd548d2a9f73aa293e81c6a1425229ec4c9135?s=96&d=mm&r=g","url":"https:\/\/secure.gravatar.com\/avatar\/c31f0697f6edb7c68d5dedc2ccbd548d2a9f73aa293e81c6a1425229ec4c9135?s=96&d=mm&r=g","contentUrl":"https:\/\/secure.gravatar.com\/avatar\/c31f0697f6edb7c68d5dedc2ccbd548d2a9f73aa293e81c6a1425229ec4c9135?s=96&d=mm&r=g","caption":"Denis Alvarado"},"url":"https:\/\/www.visitcentroamerica.com\/sala-prensa\/author\/denis\/"}]}},"_links":{"self":[{"href":"https:\/\/www.visitcentroamerica.com\/sala-prensa\/wp-json\/wp\/v2\/posts\/15067","targetHints":{"allow":["GET"]}}],"collection":[{"href":"https:\/\/www.visitcentroamerica.com\/sala-prensa\/wp-json\/wp\/v2\/posts"}],"about":[{"href":"https:\/\/www.visitcentroamerica.com\/sala-prensa\/wp-json\/wp\/v2\/types\/post"}],"author":[{"embeddable":true,"href":"https:\/\/www.visitcentroamerica.com\/sala-prensa\/wp-json\/wp\/v2\/users\/5"}],"replies":[{"embeddable":true,"href":"https:\/\/www.visitcentroamerica.com\/sala-prensa\/wp-json\/wp\/v2\/comments?post=15067"}],"version-history":[{"count":1,"href":"https:\/\/www.visitcentroamerica.com\/sala-prensa\/wp-json\/wp\/v2\/posts\/15067\/revisions"}],"predecessor-version":[{"id":15078,"href":"https:\/\/www.visitcentroamerica.com\/sala-prensa\/wp-json\/wp\/v2\/posts\/15067\/revisions\/15078"}],"wp:featuredmedia":[{"embeddable":true,"href":"https:\/\/www.visitcentroamerica.com\/sala-prensa\/wp-json\/wp\/v2\/media\/15068"}],"wp:attachment":[{"href":"https:\/\/www.visitcentroamerica.com\/sala-prensa\/wp-json\/wp\/v2\/media?parent=15067"}],"wp:term":[{"taxonomy":"category","embeddable":true,"href":"https:\/\/www.visitcentroamerica.com\/sala-prensa\/wp-json\/wp\/v2\/categories?post=15067"},{"taxonomy":"post_tag","embeddable":true,"href":"https:\/\/www.visitcentroamerica.com\/sala-prensa\/wp-json\/wp\/v2\/tags?post=15067"}],"curies":[{"name":"wp","href":"https:\/\/api.w.org\/{rel}","templated":true}]}}