{"id":14828,"date":"2023-11-22T12:02:24","date_gmt":"2023-11-22T11:02:24","guid":{"rendered":"https:\/\/www.visitcentroamerica.com\/sala-prensa\/?p=14828"},"modified":"2023-11-22T12:02:24","modified_gmt":"2023-11-22T11:02:24","slug":"adentrate-en-la-civilizacion-maya-en-guatemala-belice-honduras-y-el-salvador","status":"publish","type":"post","link":"https:\/\/www.visitcentroamerica.com\/sala-prensa\/viajar\/arqueologia-e-historia\/adentrate-en-la-civilizacion-maya-en-guatemala-belice-honduras-y-el-salvador\/","title":{"rendered":"Ad\u00e9ntrate en la civilizaci\u00f3n maya en Guatemala, Belice, Honduras y El Salvador"},"content":{"rendered":"<p><img decoding=\"async\" src=\"https:\/\/www.visitcentroamerica.com\/sala-prensa\/wp-content\/uploads\/2023\/11\/Adentrate-en-la-civilizacion-maya.jpg\" alt=\"Ad\u00e9ntrate en la civilizaci\u00f3n maya en Guatemala, Belice, Honduras y El Salvador\" \/><\/p>\n<p>El legado de los pueblos mayas se respira en Guatemala, Belice, Honduras y El Salvador. A trav\u00e9s de un viaje multidestino, podr\u00e1s adentrarse en la historia de esta maravillosa civilizaci\u00f3n y empaparte de sus incre\u00edbles costumbres y la riqueza de su cultura. Una gozada para los amantes de la historia y la arqueolog\u00eda. El viaje debes comenzarlo en Guatemala, conocida como el Coraz\u00f3n del Mundo Maya debido al misticismo y tradiciones que los antepasados plasmaron en su gente.<\/p>\n<p>La antigua ciudad maya de Tikal, ubicada en el municipio de Flores, departamento de Pet\u00e9n, constituye el asentamiento prehisp\u00e1nico m\u00e1s extenso en Guatemala, cuya poblaci\u00f3n pudo haber alcanzado los 100.000 habitantes durante su \u00e9poca de mayor esplendor. Tikal cuenta con alrededor de 5.000 edificios prehisp\u00e1nicos en un \u00e1rea de aproximadamente 16 km\u00b2, de los cuales \u00fanicamente el 5% se encuentra restaurado y habilitado para ser visitado. Tikal presenta una larga secuencia hist\u00f3rica relatada en sus estelas y altares con una sucesi\u00f3n directa de la dinast\u00eda real. Debido a sus riquezas culturales y naturales de valor universal excepcional, en 1979 fue declarada por la UNESCO como el primer sitio Patrimonio Mundial Cultural y Natural de la Humanidad, con una muestra significativa de selva subtropical h\u00fameda, h\u00e1bitat de numerosas especies de flora y fauna. Simplemente espectacular.<\/p>\n<p>A la hora de planificar tus excursiones en Belice, no puedes perderse las ruinas de Xunantunich. Alberga la segunda pir\u00e1mide m\u00e1s alta de todo el pa\u00eds y m\u00edsticas historias de la civilizaci\u00f3n ancestral que la habit\u00f3. Su nombre se puede traducir como doncella o mujer de piedra, y cuenta la leyenda que en este yacimiento sol\u00eda aparecer una mujer fantasma muchos siglos atr\u00e1s. Este enclave est\u00e1 rodeado de una espectacular naturaleza.<\/p>\n<p>En Honduras destacan las conocidas ruinas de Cop\u00e1n, localizadas en el occidente del pa\u00eds, en el Departamento de Cop\u00e1n, a s\u00f3lo 14 kil\u00f3metros de la frontera El Florido con Guatemala. Por muchos a\u00f1os, Cop\u00e1n Ruinas ha tenido fama por sus magn\u00edficas ruinas mayas, declaradas por la UNESCO Patrimonio Arqueol\u00f3gico de la Humanidad en 1980. Hoy en d\u00eda Cop\u00e1n Ruinas es considerada como el Par\u00eds del mundo Maya en Centroam\u00e9rica. Otro sitio que respira historia por los cuatro costados.<\/p>\n<p>En El Salvador, hay dos visitas obligadas: El Parque Arqueol\u00f3gico Joya de Cer\u00e9n, un \u00edcono de la cultura prehisp\u00e1nica que te muestra c\u00f3mo fue la vida cotidiana de los mayas. Fue declarado Patrimonio de la Humanidad en 1993, y es llamado La Pompeya de Am\u00e9rica, en comparaci\u00f3n al sitio arqueol\u00f3gico de Italia; por ello es un destino imperdible de El Salvador. Por su parte, el Parque Arqueol\u00f3gico El Tazumal, un importante y sofisticado asentamiento maya que existi\u00f3 entre los a\u00f1os 100 y 1200 D.C. Tras una larga ocupaci\u00f3n, el sitio fue abandonado alrededor del a\u00f1o 1200 D.C. y ahora es un tesoro lleno de historia en Chalchuapa, en el departamento de San Ana.<\/p>\n<p>Podr\u00e1s encontrar los mejores tours para recorrer Centroam\u00e9rica en el sitio de promoci\u00f3n tur\u00edstica visitcentroamerica.com<\/p>\n","protected":false},"excerpt":{"rendered":"<p>El legado de los pueblos mayas se respira en Guatemala, Belice, Honduras y El Salvador. A trav\u00e9s de un viaje multidestino, podr\u00e1s adentrarse en la historia de esta maravillosa civilizaci\u00f3n y empaparte de sus incre\u00edbles costumbres y la riqueza de su cultura. Una gozada para los amantes de la historia y la arqueolog\u00eda. El viaje [&hellip;]<\/p>\n","protected":false},"author":5,"featured_media":14827,"comment_status":"open","ping_status":"closed","sticky":false,"template":"","format":"standard","meta":{"footnotes":""},"categories":[27],"tags":[],"class_list":{"0":"post-14828","1":"post","2":"type-post","3":"status-publish","4":"format-standard","5":"has-post-thumbnail","7":"category-arqueologia-e-historia"},"yoast_head":"<!-- This site is optimized with the Yoast SEO plugin v27.3 - https:\/\/yoast.com\/product\/yoast-seo-wordpress\/ -->\n<title>Ad\u00e9ntrate en la civilizaci\u00f3n maya en Guatemala, Belice, Honduras y El Salvador - Sala de prensa<\/title>\n<meta name=\"robots\" content=\"index, follow, max-snippet:-1, max-image-preview:large, max-video-preview:-1\" \/>\n<link rel=\"canonical\" href=\"https:\/\/www.visitcentroamerica.com\/sala-prensa\/viajar\/arqueologia-e-historia\/adentrate-en-la-civilizacion-maya-en-guatemala-belice-honduras-y-el-salvador\/\" \/>\n<meta property=\"og:locale\" content=\"es_ES\" \/>\n<meta property=\"og:type\" content=\"article\" \/>\n<meta property=\"og:title\" content=\"Ad\u00e9ntrate en la civilizaci\u00f3n maya en Guatemala, Belice, Honduras y El Salvador - Sala de prensa\" \/>\n<meta property=\"og:description\" content=\"El legado de los pueblos mayas se respira en Guatemala, Belice, Honduras y El Salvador. A trav\u00e9s de un viaje multidestino, podr\u00e1s adentrarse en la historia de esta maravillosa civilizaci\u00f3n y empaparte de sus incre\u00edbles costumbres y la riqueza de su cultura. Una gozada para los amantes de la historia y la arqueolog\u00eda. El viaje [&hellip;]\" \/>\n<meta property=\"og:url\" content=\"https:\/\/www.visitcentroamerica.com\/sala-prensa\/viajar\/arqueologia-e-historia\/adentrate-en-la-civilizacion-maya-en-guatemala-belice-honduras-y-el-salvador\/\" \/>\n<meta property=\"og:site_name\" content=\"Sala de prensa\" \/>\n<meta property=\"article:published_time\" content=\"2023-11-22T11:02:24+00:00\" \/>\n<meta property=\"og:image\" content=\"https:\/\/www.visitcentroamerica.com\/sala-prensa\/wp-content\/uploads\/2023\/11\/Adentrate-en-la-civilizacion-maya.jpg\" \/>\n\t<meta property=\"og:image:width\" content=\"1200\" \/>\n\t<meta property=\"og:image:height\" content=\"600\" \/>\n\t<meta property=\"og:image:type\" content=\"image\/jpeg\" \/>\n<meta name=\"author\" content=\"Denis Alvarado\" \/>\n<meta name=\"twitter:card\" content=\"summary_large_image\" \/>\n<meta name=\"twitter:label1\" content=\"Escrito por\" \/>\n\t<meta name=\"twitter:data1\" content=\"Denis Alvarado\" \/>\n\t<meta name=\"twitter:label2\" content=\"Tiempo de lectura\" \/>\n\t<meta name=\"twitter:data2\" content=\"3 minutos\" \/>\n<script type=\"application\/ld+json\" class=\"yoast-schema-graph\">{\"@context\":\"https:\\\/\\\/schema.org\",\"@graph\":[{\"@type\":\"Article\",\"@id\":\"https:\\\/\\\/www.visitcentroamerica.com\\\/sala-prensa\\\/viajar\\\/arqueologia-e-historia\\\/adentrate-en-la-civilizacion-maya-en-guatemala-belice-honduras-y-el-salvador\\\/#article\",\"isPartOf\":{\"@id\":\"https:\\\/\\\/www.visitcentroamerica.com\\\/sala-prensa\\\/viajar\\\/arqueologia-e-historia\\\/adentrate-en-la-civilizacion-maya-en-guatemala-belice-honduras-y-el-salvador\\\/\"},\"author\":{\"name\":\"Denis Alvarado\",\"@id\":\"https:\\\/\\\/www.visitcentroamerica.com\\\/sala-prensa\\\/#\\\/schema\\\/person\\\/0aa3bd0dbaabaead6089ee3dd0cd7ae5\"},\"headline\":\"Ad\u00e9ntrate en la civilizaci\u00f3n maya en Guatemala, Belice, Honduras y El Salvador\",\"datePublished\":\"2023-11-22T11:02:24+00:00\",\"mainEntityOfPage\":{\"@id\":\"https:\\\/\\\/www.visitcentroamerica.com\\\/sala-prensa\\\/viajar\\\/arqueologia-e-historia\\\/adentrate-en-la-civilizacion-maya-en-guatemala-belice-honduras-y-el-salvador\\\/\"},\"wordCount\":546,\"commentCount\":0,\"image\":{\"@id\":\"https:\\\/\\\/www.visitcentroamerica.com\\\/sala-prensa\\\/viajar\\\/arqueologia-e-historia\\\/adentrate-en-la-civilizacion-maya-en-guatemala-belice-honduras-y-el-salvador\\\/#primaryimage\"},\"thumbnailUrl\":\"https:\\\/\\\/www.visitcentroamerica.com\\\/sala-prensa\\\/wp-content\\\/uploads\\\/2023\\\/11\\\/Adentrate-en-la-civilizacion-maya.jpg\",\"articleSection\":[\"Arqueolog\u00eda e Historia\"],\"inLanguage\":\"es\",\"potentialAction\":[{\"@type\":\"CommentAction\",\"name\":\"Comment\",\"target\":[\"https:\\\/\\\/www.visitcentroamerica.com\\\/sala-prensa\\\/viajar\\\/arqueologia-e-historia\\\/adentrate-en-la-civilizacion-maya-en-guatemala-belice-honduras-y-el-salvador\\\/#respond\"]}]},{\"@type\":\"WebPage\",\"@id\":\"https:\\\/\\\/www.visitcentroamerica.com\\\/sala-prensa\\\/viajar\\\/arqueologia-e-historia\\\/adentrate-en-la-civilizacion-maya-en-guatemala-belice-honduras-y-el-salvador\\\/\",\"url\":\"https:\\\/\\\/www.visitcentroamerica.com\\\/sala-prensa\\\/viajar\\\/arqueologia-e-historia\\\/adentrate-en-la-civilizacion-maya-en-guatemala-belice-honduras-y-el-salvador\\\/\",\"name\":\"Ad\u00e9ntrate en la civilizaci\u00f3n maya en Guatemala, Belice, Honduras y El Salvador - Sala de prensa\",\"isPartOf\":{\"@id\":\"https:\\\/\\\/www.visitcentroamerica.com\\\/sala-prensa\\\/#website\"},\"primaryImageOfPage\":{\"@id\":\"https:\\\/\\\/www.visitcentroamerica.com\\\/sala-prensa\\\/viajar\\\/arqueologia-e-historia\\\/adentrate-en-la-civilizacion-maya-en-guatemala-belice-honduras-y-el-salvador\\\/#primaryimage\"},\"image\":{\"@id\":\"https:\\\/\\\/www.visitcentroamerica.com\\\/sala-prensa\\\/viajar\\\/arqueologia-e-historia\\\/adentrate-en-la-civilizacion-maya-en-guatemala-belice-honduras-y-el-salvador\\\/#primaryimage\"},\"thumbnailUrl\":\"https:\\\/\\\/www.visitcentroamerica.com\\\/sala-prensa\\\/wp-content\\\/uploads\\\/2023\\\/11\\\/Adentrate-en-la-civilizacion-maya.jpg\",\"datePublished\":\"2023-11-22T11:02:24+00:00\",\"author\":{\"@id\":\"https:\\\/\\\/www.visitcentroamerica.com\\\/sala-prensa\\\/#\\\/schema\\\/person\\\/0aa3bd0dbaabaead6089ee3dd0cd7ae5\"},\"breadcrumb\":{\"@id\":\"https:\\\/\\\/www.visitcentroamerica.com\\\/sala-prensa\\\/viajar\\\/arqueologia-e-historia\\\/adentrate-en-la-civilizacion-maya-en-guatemala-belice-honduras-y-el-salvador\\\/#breadcrumb\"},\"inLanguage\":\"es\",\"potentialAction\":[{\"@type\":\"ReadAction\",\"target\":[\"https:\\\/\\\/www.visitcentroamerica.com\\\/sala-prensa\\\/viajar\\\/arqueologia-e-historia\\\/adentrate-en-la-civilizacion-maya-en-guatemala-belice-honduras-y-el-salvador\\\/\"]}]},{\"@type\":\"ImageObject\",\"inLanguage\":\"es\",\"@id\":\"https:\\\/\\\/www.visitcentroamerica.com\\\/sala-prensa\\\/viajar\\\/arqueologia-e-historia\\\/adentrate-en-la-civilizacion-maya-en-guatemala-belice-honduras-y-el-salvador\\\/#primaryimage\",\"url\":\"https:\\\/\\\/www.visitcentroamerica.com\\\/sala-prensa\\\/wp-content\\\/uploads\\\/2023\\\/11\\\/Adentrate-en-la-civilizacion-maya.jpg\",\"contentUrl\":\"https:\\\/\\\/www.visitcentroamerica.com\\\/sala-prensa\\\/wp-content\\\/uploads\\\/2023\\\/11\\\/Adentrate-en-la-civilizacion-maya.jpg\",\"width\":1200,\"height\":600,\"caption\":\"Ad\u00e9ntrate en la civilizaci\u00f3n maya en Guatemala, Belice, Honduras y El Salvador\"},{\"@type\":\"BreadcrumbList\",\"@id\":\"https:\\\/\\\/www.visitcentroamerica.com\\\/sala-prensa\\\/viajar\\\/arqueologia-e-historia\\\/adentrate-en-la-civilizacion-maya-en-guatemala-belice-honduras-y-el-salvador\\\/#breadcrumb\",\"itemListElement\":[{\"@type\":\"ListItem\",\"position\":1,\"name\":\"Portada\",\"item\":\"https:\\\/\\\/www.visitcentroamerica.com\\\/sala-prensa\\\/\"},{\"@type\":\"ListItem\",\"position\":2,\"name\":\"Ad\u00e9ntrate en la civilizaci\u00f3n maya en Guatemala, Belice, Honduras y El Salvador\"}]},{\"@type\":\"WebSite\",\"@id\":\"https:\\\/\\\/www.visitcentroamerica.com\\\/sala-prensa\\\/#website\",\"url\":\"https:\\\/\\\/www.visitcentroamerica.com\\\/sala-prensa\\\/\",\"name\":\"Sala de prensa\",\"description\":\"\",\"potentialAction\":[{\"@type\":\"SearchAction\",\"target\":{\"@type\":\"EntryPoint\",\"urlTemplate\":\"https:\\\/\\\/www.visitcentroamerica.com\\\/sala-prensa\\\/?s={search_term_string}\"},\"query-input\":{\"@type\":\"PropertyValueSpecification\",\"valueRequired\":true,\"valueName\":\"search_term_string\"}}],\"inLanguage\":\"es\"},{\"@type\":\"Person\",\"@id\":\"https:\\\/\\\/www.visitcentroamerica.com\\\/sala-prensa\\\/#\\\/schema\\\/person\\\/0aa3bd0dbaabaead6089ee3dd0cd7ae5\",\"name\":\"Denis Alvarado\",\"image\":{\"@type\":\"ImageObject\",\"inLanguage\":\"es\",\"@id\":\"https:\\\/\\\/secure.gravatar.com\\\/avatar\\\/c31f0697f6edb7c68d5dedc2ccbd548d2a9f73aa293e81c6a1425229ec4c9135?s=96&d=mm&r=g\",\"url\":\"https:\\\/\\\/secure.gravatar.com\\\/avatar\\\/c31f0697f6edb7c68d5dedc2ccbd548d2a9f73aa293e81c6a1425229ec4c9135?s=96&d=mm&r=g\",\"contentUrl\":\"https:\\\/\\\/secure.gravatar.com\\\/avatar\\\/c31f0697f6edb7c68d5dedc2ccbd548d2a9f73aa293e81c6a1425229ec4c9135?s=96&d=mm&r=g\",\"caption\":\"Denis Alvarado\"},\"url\":\"https:\\\/\\\/www.visitcentroamerica.com\\\/sala-prensa\\\/author\\\/denis\\\/\"}]}<\/script>\n<!-- \/ Yoast SEO plugin. -->","yoast_head_json":{"title":"Ad\u00e9ntrate en la civilizaci\u00f3n maya en Guatemala, Belice, Honduras y El Salvador - Sala de prensa","robots":{"index":"index","follow":"follow","max-snippet":"max-snippet:-1","max-image-preview":"max-image-preview:large","max-video-preview":"max-video-preview:-1"},"canonical":"https:\/\/www.visitcentroamerica.com\/sala-prensa\/viajar\/arqueologia-e-historia\/adentrate-en-la-civilizacion-maya-en-guatemala-belice-honduras-y-el-salvador\/","og_locale":"es_ES","og_type":"article","og_title":"Ad\u00e9ntrate en la civilizaci\u00f3n maya en Guatemala, Belice, Honduras y El Salvador - Sala de prensa","og_description":"El legado de los pueblos mayas se respira en Guatemala, Belice, Honduras y El Salvador. A trav\u00e9s de un viaje multidestino, podr\u00e1s adentrarse en la historia de esta maravillosa civilizaci\u00f3n y empaparte de sus incre\u00edbles costumbres y la riqueza de su cultura. Una gozada para los amantes de la historia y la arqueolog\u00eda. El viaje [&hellip;]","og_url":"https:\/\/www.visitcentroamerica.com\/sala-prensa\/viajar\/arqueologia-e-historia\/adentrate-en-la-civilizacion-maya-en-guatemala-belice-honduras-y-el-salvador\/","og_site_name":"Sala de prensa","article_published_time":"2023-11-22T11:02:24+00:00","og_image":[{"width":1200,"height":600,"url":"https:\/\/www.visitcentroamerica.com\/sala-prensa\/wp-content\/uploads\/2023\/11\/Adentrate-en-la-civilizacion-maya.jpg","type":"image\/jpeg"}],"author":"Denis Alvarado","twitter_card":"summary_large_image","twitter_misc":{"Escrito por":"Denis Alvarado","Tiempo de lectura":"3 minutos"},"schema":{"@context":"https:\/\/schema.org","@graph":[{"@type":"Article","@id":"https:\/\/www.visitcentroamerica.com\/sala-prensa\/viajar\/arqueologia-e-historia\/adentrate-en-la-civilizacion-maya-en-guatemala-belice-honduras-y-el-salvador\/#article","isPartOf":{"@id":"https:\/\/www.visitcentroamerica.com\/sala-prensa\/viajar\/arqueologia-e-historia\/adentrate-en-la-civilizacion-maya-en-guatemala-belice-honduras-y-el-salvador\/"},"author":{"name":"Denis Alvarado","@id":"https:\/\/www.visitcentroamerica.com\/sala-prensa\/#\/schema\/person\/0aa3bd0dbaabaead6089ee3dd0cd7ae5"},"headline":"Ad\u00e9ntrate en la civilizaci\u00f3n maya en Guatemala, Belice, Honduras y El Salvador","datePublished":"2023-11-22T11:02:24+00:00","mainEntityOfPage":{"@id":"https:\/\/www.visitcentroamerica.com\/sala-prensa\/viajar\/arqueologia-e-historia\/adentrate-en-la-civilizacion-maya-en-guatemala-belice-honduras-y-el-salvador\/"},"wordCount":546,"commentCount":0,"image":{"@id":"https:\/\/www.visitcentroamerica.com\/sala-prensa\/viajar\/arqueologia-e-historia\/adentrate-en-la-civilizacion-maya-en-guatemala-belice-honduras-y-el-salvador\/#primaryimage"},"thumbnailUrl":"https:\/\/www.visitcentroamerica.com\/sala-prensa\/wp-content\/uploads\/2023\/11\/Adentrate-en-la-civilizacion-maya.jpg","articleSection":["Arqueolog\u00eda e Historia"],"inLanguage":"es","potentialAction":[{"@type":"CommentAction","name":"Comment","target":["https:\/\/www.visitcentroamerica.com\/sala-prensa\/viajar\/arqueologia-e-historia\/adentrate-en-la-civilizacion-maya-en-guatemala-belice-honduras-y-el-salvador\/#respond"]}]},{"@type":"WebPage","@id":"https:\/\/www.visitcentroamerica.com\/sala-prensa\/viajar\/arqueologia-e-historia\/adentrate-en-la-civilizacion-maya-en-guatemala-belice-honduras-y-el-salvador\/","url":"https:\/\/www.visitcentroamerica.com\/sala-prensa\/viajar\/arqueologia-e-historia\/adentrate-en-la-civilizacion-maya-en-guatemala-belice-honduras-y-el-salvador\/","name":"Ad\u00e9ntrate en la civilizaci\u00f3n maya en Guatemala, Belice, Honduras y El Salvador - Sala de prensa","isPartOf":{"@id":"https:\/\/www.visitcentroamerica.com\/sala-prensa\/#website"},"primaryImageOfPage":{"@id":"https:\/\/www.visitcentroamerica.com\/sala-prensa\/viajar\/arqueologia-e-historia\/adentrate-en-la-civilizacion-maya-en-guatemala-belice-honduras-y-el-salvador\/#primaryimage"},"image":{"@id":"https:\/\/www.visitcentroamerica.com\/sala-prensa\/viajar\/arqueologia-e-historia\/adentrate-en-la-civilizacion-maya-en-guatemala-belice-honduras-y-el-salvador\/#primaryimage"},"thumbnailUrl":"https:\/\/www.visitcentroamerica.com\/sala-prensa\/wp-content\/uploads\/2023\/11\/Adentrate-en-la-civilizacion-maya.jpg","datePublished":"2023-11-22T11:02:24+00:00","author":{"@id":"https:\/\/www.visitcentroamerica.com\/sala-prensa\/#\/schema\/person\/0aa3bd0dbaabaead6089ee3dd0cd7ae5"},"breadcrumb":{"@id":"https:\/\/www.visitcentroamerica.com\/sala-prensa\/viajar\/arqueologia-e-historia\/adentrate-en-la-civilizacion-maya-en-guatemala-belice-honduras-y-el-salvador\/#breadcrumb"},"inLanguage":"es","potentialAction":[{"@type":"ReadAction","target":["https:\/\/www.visitcentroamerica.com\/sala-prensa\/viajar\/arqueologia-e-historia\/adentrate-en-la-civilizacion-maya-en-guatemala-belice-honduras-y-el-salvador\/"]}]},{"@type":"ImageObject","inLanguage":"es","@id":"https:\/\/www.visitcentroamerica.com\/sala-prensa\/viajar\/arqueologia-e-historia\/adentrate-en-la-civilizacion-maya-en-guatemala-belice-honduras-y-el-salvador\/#primaryimage","url":"https:\/\/www.visitcentroamerica.com\/sala-prensa\/wp-content\/uploads\/2023\/11\/Adentrate-en-la-civilizacion-maya.jpg","contentUrl":"https:\/\/www.visitcentroamerica.com\/sala-prensa\/wp-content\/uploads\/2023\/11\/Adentrate-en-la-civilizacion-maya.jpg","width":1200,"height":600,"caption":"Ad\u00e9ntrate en la civilizaci\u00f3n maya en Guatemala, Belice, Honduras y El Salvador"},{"@type":"BreadcrumbList","@id":"https:\/\/www.visitcentroamerica.com\/sala-prensa\/viajar\/arqueologia-e-historia\/adentrate-en-la-civilizacion-maya-en-guatemala-belice-honduras-y-el-salvador\/#breadcrumb","itemListElement":[{"@type":"ListItem","position":1,"name":"Portada","item":"https:\/\/www.visitcentroamerica.com\/sala-prensa\/"},{"@type":"ListItem","position":2,"name":"Ad\u00e9ntrate en la civilizaci\u00f3n maya en Guatemala, Belice, Honduras y El Salvador"}]},{"@type":"WebSite","@id":"https:\/\/www.visitcentroamerica.com\/sala-prensa\/#website","url":"https:\/\/www.visitcentroamerica.com\/sala-prensa\/","name":"Sala de prensa","description":"","potentialAction":[{"@type":"SearchAction","target":{"@type":"EntryPoint","urlTemplate":"https:\/\/www.visitcentroamerica.com\/sala-prensa\/?s={search_term_string}"},"query-input":{"@type":"PropertyValueSpecification","valueRequired":true,"valueName":"search_term_string"}}],"inLanguage":"es"},{"@type":"Person","@id":"https:\/\/www.visitcentroamerica.com\/sala-prensa\/#\/schema\/person\/0aa3bd0dbaabaead6089ee3dd0cd7ae5","name":"Denis Alvarado","image":{"@type":"ImageObject","inLanguage":"es","@id":"https:\/\/secure.gravatar.com\/avatar\/c31f0697f6edb7c68d5dedc2ccbd548d2a9f73aa293e81c6a1425229ec4c9135?s=96&d=mm&r=g","url":"https:\/\/secure.gravatar.com\/avatar\/c31f0697f6edb7c68d5dedc2ccbd548d2a9f73aa293e81c6a1425229ec4c9135?s=96&d=mm&r=g","contentUrl":"https:\/\/secure.gravatar.com\/avatar\/c31f0697f6edb7c68d5dedc2ccbd548d2a9f73aa293e81c6a1425229ec4c9135?s=96&d=mm&r=g","caption":"Denis Alvarado"},"url":"https:\/\/www.visitcentroamerica.com\/sala-prensa\/author\/denis\/"}]}},"_links":{"self":[{"href":"https:\/\/www.visitcentroamerica.com\/sala-prensa\/wp-json\/wp\/v2\/posts\/14828","targetHints":{"allow":["GET"]}}],"collection":[{"href":"https:\/\/www.visitcentroamerica.com\/sala-prensa\/wp-json\/wp\/v2\/posts"}],"about":[{"href":"https:\/\/www.visitcentroamerica.com\/sala-prensa\/wp-json\/wp\/v2\/types\/post"}],"author":[{"embeddable":true,"href":"https:\/\/www.visitcentroamerica.com\/sala-prensa\/wp-json\/wp\/v2\/users\/5"}],"replies":[{"embeddable":true,"href":"https:\/\/www.visitcentroamerica.com\/sala-prensa\/wp-json\/wp\/v2\/comments?post=14828"}],"version-history":[{"count":1,"href":"https:\/\/www.visitcentroamerica.com\/sala-prensa\/wp-json\/wp\/v2\/posts\/14828\/revisions"}],"predecessor-version":[{"id":14829,"href":"https:\/\/www.visitcentroamerica.com\/sala-prensa\/wp-json\/wp\/v2\/posts\/14828\/revisions\/14829"}],"wp:featuredmedia":[{"embeddable":true,"href":"https:\/\/www.visitcentroamerica.com\/sala-prensa\/wp-json\/wp\/v2\/media\/14827"}],"wp:attachment":[{"href":"https:\/\/www.visitcentroamerica.com\/sala-prensa\/wp-json\/wp\/v2\/media?parent=14828"}],"wp:term":[{"taxonomy":"category","embeddable":true,"href":"https:\/\/www.visitcentroamerica.com\/sala-prensa\/wp-json\/wp\/v2\/categories?post=14828"},{"taxonomy":"post_tag","embeddable":true,"href":"https:\/\/www.visitcentroamerica.com\/sala-prensa\/wp-json\/wp\/v2\/tags?post=14828"}],"curies":[{"name":"wp","href":"https:\/\/api.w.org\/{rel}","templated":true}]}}