{"id":14775,"date":"2023-11-21T12:44:44","date_gmt":"2023-11-21T11:44:44","guid":{"rendered":"https:\/\/www.visitcentroamerica.com\/sala-prensa\/?p=14775"},"modified":"2023-11-21T12:44:44","modified_gmt":"2023-11-21T11:44:44","slug":"explosion-de-sabor-a-pedir-de-boca","status":"publish","type":"post","link":"https:\/\/www.visitcentroamerica.com\/sala-prensa\/viajar\/gastronomia\/explosion-de-sabor-a-pedir-de-boca\/","title":{"rendered":"Explosi\u00f3n de sabor a pedir de boca"},"content":{"rendered":"<p><img decoding=\"async\" src=\"https:\/\/www.visitcentroamerica.com\/sala-prensa\/wp-content\/uploads\/2023\/11\/News-visitcentroamerica-1.jpg\" alt=\"Explosi\u00f3n de sabor a pedir de boca\" \/><\/p>\n<p>Si eres de las personas a las que se le conquista por el paladar, Centroam\u00e9rica y Rep\u00fablica Dominicana es tu destino. Hoy en d\u00eda la gastronom\u00eda se ha convertido en un elemento indispensable para conseguir que la experiencia de visitar un pa\u00eds o zona geogr\u00e1fica sea todav\u00eda m\u00e1s gratificante y culturalmente enriquecedora. Por tanto, si la historia, naturaleza y clima de la regi\u00f3n las sazonas con la explosi\u00f3n de sabor gastron\u00f3mico de esta regi\u00f3n, situada en el coraz\u00f3n del continente americano, tendr\u00e1s en la mesa un \u2018plato tur\u00edstico\u2019 espectacular.<\/p>\n<p>Al igual que ocurre con otros elementos naturales y culturales, la gastronom\u00eda Centroamericana y de Rep\u00fablica Dominicana tambi\u00e9n se caracteriza por la fusi\u00f3n de tres grandes culturas, ind\u00edgena, europea y africana, por lo que deriva en una rica combinaci\u00f3n de influencias y matices que hacen que su cocina tenga una gran riqueza y variedad. La ubicaci\u00f3n geogr\u00e1fica, las distintas topograf\u00edas, as\u00ed como su diversidad clim\u00e1tica hacen que exista una amplia variedad y disponibilidad de ingredientes.<\/p>\n<p>El ma\u00edz, gracias a su cultivo aut\u00f3ctono, forma parte de la base alimentaria de los pueblos pre-hisp\u00e1nicos de Mesoam\u00e9rica que habitaron la regi\u00f3n, es el denominador com\u00fan en la gastronom\u00eda de todos los pa\u00edses. Adem\u00e1s del ma\u00edz, hay que destacar productos como la yuca, frijoles negros y rojos, man\u00ed, arroz, chiles, aguacate, cacao, pi\u00f1a, coco, entre otros. El secreto de la cocina centroamericana est\u00e1 tambi\u00e9n en el uso de muchas especies que conservan su origen vegetal y la rica combinaci\u00f3n de sabores que te har\u00e1n disfrutar a lo grande de su variada gastronom\u00eda.<\/p>\n<p>Enchiladas, joc\u00f3n o frijoles con chicharr\u00f3n de Guatemala; pupusas, el plato t\u00edpico por excelencia de El Salvador; \u2018la bandera\u2019 de Rep\u00fablica Dominicana (arroz, habichuelas y carne); chimole, tamales, pozol y panuchos de Belice; el baho de Nicaragua; el sancocho de Panam\u00e1; pescado frito con tajadas de pl\u00e1tano verde y encurtidos de Honduras; o el picadillo de papa y carne de Costa Rica, son algunas de las exquisiteces que te aguardan. \u00a1Buen provecho!<\/p>\n","protected":false},"excerpt":{"rendered":"<p>Si eres de las personas a las que se le conquista por el paladar, Centroam\u00e9rica y Rep\u00fablica Dominicana es tu destino. Hoy en d\u00eda la gastronom\u00eda se ha convertido en un elemento indispensable para conseguir que la experiencia de visitar un pa\u00eds o zona geogr\u00e1fica sea todav\u00eda m\u00e1s gratificante y culturalmente enriquecedora. Por tanto, si [&hellip;]<\/p>\n","protected":false},"author":5,"featured_media":14778,"comment_status":"open","ping_status":"closed","sticky":false,"template":"","format":"standard","meta":{"footnotes":""},"categories":[39],"tags":[],"class_list":{"0":"post-14775","1":"post","2":"type-post","3":"status-publish","4":"format-standard","5":"has-post-thumbnail","7":"category-gastronomia"},"yoast_head":"<!-- This site is optimized with the Yoast SEO plugin v27.3 - https:\/\/yoast.com\/product\/yoast-seo-wordpress\/ -->\n<title>Explosi\u00f3n de sabor a pedir de boca - Sala de prensa<\/title>\n<meta name=\"robots\" content=\"index, follow, max-snippet:-1, max-image-preview:large, max-video-preview:-1\" \/>\n<link rel=\"canonical\" href=\"https:\/\/www.visitcentroamerica.com\/sala-prensa\/viajar\/gastronomia\/explosion-de-sabor-a-pedir-de-boca\/\" \/>\n<meta property=\"og:locale\" content=\"es_ES\" \/>\n<meta property=\"og:type\" content=\"article\" \/>\n<meta property=\"og:title\" content=\"Explosi\u00f3n de sabor a pedir de boca - Sala de prensa\" \/>\n<meta property=\"og:description\" content=\"Si eres de las personas a las que se le conquista por el paladar, Centroam\u00e9rica y Rep\u00fablica Dominicana es tu destino. Hoy en d\u00eda la gastronom\u00eda se ha convertido en un elemento indispensable para conseguir que la experiencia de visitar un pa\u00eds o zona geogr\u00e1fica sea todav\u00eda m\u00e1s gratificante y culturalmente enriquecedora. Por tanto, si [&hellip;]\" \/>\n<meta property=\"og:url\" content=\"https:\/\/www.visitcentroamerica.com\/sala-prensa\/viajar\/gastronomia\/explosion-de-sabor-a-pedir-de-boca\/\" \/>\n<meta property=\"og:site_name\" content=\"Sala de prensa\" \/>\n<meta property=\"article:published_time\" content=\"2023-11-21T11:44:44+00:00\" \/>\n<meta property=\"og:image\" content=\"https:\/\/www.visitcentroamerica.com\/sala-prensa\/wp-content\/uploads\/2023\/11\/News-visitcentroamerica-1.jpg\" \/>\n\t<meta property=\"og:image:width\" content=\"1200\" \/>\n\t<meta property=\"og:image:height\" content=\"600\" \/>\n\t<meta property=\"og:image:type\" content=\"image\/jpeg\" \/>\n<meta name=\"author\" content=\"Denis Alvarado\" \/>\n<meta name=\"twitter:card\" content=\"summary_large_image\" \/>\n<meta name=\"twitter:label1\" content=\"Escrito por\" \/>\n\t<meta name=\"twitter:data1\" content=\"Denis Alvarado\" \/>\n\t<meta name=\"twitter:label2\" content=\"Tiempo de lectura\" \/>\n\t<meta name=\"twitter:data2\" content=\"2 minutos\" \/>\n<script type=\"application\/ld+json\" class=\"yoast-schema-graph\">{\"@context\":\"https:\\\/\\\/schema.org\",\"@graph\":[{\"@type\":\"Article\",\"@id\":\"https:\\\/\\\/www.visitcentroamerica.com\\\/sala-prensa\\\/viajar\\\/gastronomia\\\/explosion-de-sabor-a-pedir-de-boca\\\/#article\",\"isPartOf\":{\"@id\":\"https:\\\/\\\/www.visitcentroamerica.com\\\/sala-prensa\\\/viajar\\\/gastronomia\\\/explosion-de-sabor-a-pedir-de-boca\\\/\"},\"author\":{\"name\":\"Denis Alvarado\",\"@id\":\"https:\\\/\\\/www.visitcentroamerica.com\\\/sala-prensa\\\/#\\\/schema\\\/person\\\/0aa3bd0dbaabaead6089ee3dd0cd7ae5\"},\"headline\":\"Explosi\u00f3n de sabor a pedir de boca\",\"datePublished\":\"2023-11-21T11:44:44+00:00\",\"mainEntityOfPage\":{\"@id\":\"https:\\\/\\\/www.visitcentroamerica.com\\\/sala-prensa\\\/viajar\\\/gastronomia\\\/explosion-de-sabor-a-pedir-de-boca\\\/\"},\"wordCount\":382,\"commentCount\":0,\"image\":{\"@id\":\"https:\\\/\\\/www.visitcentroamerica.com\\\/sala-prensa\\\/viajar\\\/gastronomia\\\/explosion-de-sabor-a-pedir-de-boca\\\/#primaryimage\"},\"thumbnailUrl\":\"https:\\\/\\\/www.visitcentroamerica.com\\\/sala-prensa\\\/wp-content\\\/uploads\\\/2023\\\/11\\\/News-visitcentroamerica-1.jpg\",\"articleSection\":[\"Gastronom\u00eda\"],\"inLanguage\":\"es\",\"potentialAction\":[{\"@type\":\"CommentAction\",\"name\":\"Comment\",\"target\":[\"https:\\\/\\\/www.visitcentroamerica.com\\\/sala-prensa\\\/viajar\\\/gastronomia\\\/explosion-de-sabor-a-pedir-de-boca\\\/#respond\"]}]},{\"@type\":\"WebPage\",\"@id\":\"https:\\\/\\\/www.visitcentroamerica.com\\\/sala-prensa\\\/viajar\\\/gastronomia\\\/explosion-de-sabor-a-pedir-de-boca\\\/\",\"url\":\"https:\\\/\\\/www.visitcentroamerica.com\\\/sala-prensa\\\/viajar\\\/gastronomia\\\/explosion-de-sabor-a-pedir-de-boca\\\/\",\"name\":\"Explosi\u00f3n de sabor a pedir de boca - Sala de prensa\",\"isPartOf\":{\"@id\":\"https:\\\/\\\/www.visitcentroamerica.com\\\/sala-prensa\\\/#website\"},\"primaryImageOfPage\":{\"@id\":\"https:\\\/\\\/www.visitcentroamerica.com\\\/sala-prensa\\\/viajar\\\/gastronomia\\\/explosion-de-sabor-a-pedir-de-boca\\\/#primaryimage\"},\"image\":{\"@id\":\"https:\\\/\\\/www.visitcentroamerica.com\\\/sala-prensa\\\/viajar\\\/gastronomia\\\/explosion-de-sabor-a-pedir-de-boca\\\/#primaryimage\"},\"thumbnailUrl\":\"https:\\\/\\\/www.visitcentroamerica.com\\\/sala-prensa\\\/wp-content\\\/uploads\\\/2023\\\/11\\\/News-visitcentroamerica-1.jpg\",\"datePublished\":\"2023-11-21T11:44:44+00:00\",\"author\":{\"@id\":\"https:\\\/\\\/www.visitcentroamerica.com\\\/sala-prensa\\\/#\\\/schema\\\/person\\\/0aa3bd0dbaabaead6089ee3dd0cd7ae5\"},\"breadcrumb\":{\"@id\":\"https:\\\/\\\/www.visitcentroamerica.com\\\/sala-prensa\\\/viajar\\\/gastronomia\\\/explosion-de-sabor-a-pedir-de-boca\\\/#breadcrumb\"},\"inLanguage\":\"es\",\"potentialAction\":[{\"@type\":\"ReadAction\",\"target\":[\"https:\\\/\\\/www.visitcentroamerica.com\\\/sala-prensa\\\/viajar\\\/gastronomia\\\/explosion-de-sabor-a-pedir-de-boca\\\/\"]}]},{\"@type\":\"ImageObject\",\"inLanguage\":\"es\",\"@id\":\"https:\\\/\\\/www.visitcentroamerica.com\\\/sala-prensa\\\/viajar\\\/gastronomia\\\/explosion-de-sabor-a-pedir-de-boca\\\/#primaryimage\",\"url\":\"https:\\\/\\\/www.visitcentroamerica.com\\\/sala-prensa\\\/wp-content\\\/uploads\\\/2023\\\/11\\\/News-visitcentroamerica-1.jpg\",\"contentUrl\":\"https:\\\/\\\/www.visitcentroamerica.com\\\/sala-prensa\\\/wp-content\\\/uploads\\\/2023\\\/11\\\/News-visitcentroamerica-1.jpg\",\"width\":1200,\"height\":600,\"caption\":\"Explosi\u00f3n de sabor a pedir de boca\"},{\"@type\":\"BreadcrumbList\",\"@id\":\"https:\\\/\\\/www.visitcentroamerica.com\\\/sala-prensa\\\/viajar\\\/gastronomia\\\/explosion-de-sabor-a-pedir-de-boca\\\/#breadcrumb\",\"itemListElement\":[{\"@type\":\"ListItem\",\"position\":1,\"name\":\"Portada\",\"item\":\"https:\\\/\\\/www.visitcentroamerica.com\\\/sala-prensa\\\/\"},{\"@type\":\"ListItem\",\"position\":2,\"name\":\"Explosi\u00f3n de sabor a pedir de boca\"}]},{\"@type\":\"WebSite\",\"@id\":\"https:\\\/\\\/www.visitcentroamerica.com\\\/sala-prensa\\\/#website\",\"url\":\"https:\\\/\\\/www.visitcentroamerica.com\\\/sala-prensa\\\/\",\"name\":\"Sala de prensa\",\"description\":\"\",\"potentialAction\":[{\"@type\":\"SearchAction\",\"target\":{\"@type\":\"EntryPoint\",\"urlTemplate\":\"https:\\\/\\\/www.visitcentroamerica.com\\\/sala-prensa\\\/?s={search_term_string}\"},\"query-input\":{\"@type\":\"PropertyValueSpecification\",\"valueRequired\":true,\"valueName\":\"search_term_string\"}}],\"inLanguage\":\"es\"},{\"@type\":\"Person\",\"@id\":\"https:\\\/\\\/www.visitcentroamerica.com\\\/sala-prensa\\\/#\\\/schema\\\/person\\\/0aa3bd0dbaabaead6089ee3dd0cd7ae5\",\"name\":\"Denis Alvarado\",\"image\":{\"@type\":\"ImageObject\",\"inLanguage\":\"es\",\"@id\":\"https:\\\/\\\/secure.gravatar.com\\\/avatar\\\/c31f0697f6edb7c68d5dedc2ccbd548d2a9f73aa293e81c6a1425229ec4c9135?s=96&d=mm&r=g\",\"url\":\"https:\\\/\\\/secure.gravatar.com\\\/avatar\\\/c31f0697f6edb7c68d5dedc2ccbd548d2a9f73aa293e81c6a1425229ec4c9135?s=96&d=mm&r=g\",\"contentUrl\":\"https:\\\/\\\/secure.gravatar.com\\\/avatar\\\/c31f0697f6edb7c68d5dedc2ccbd548d2a9f73aa293e81c6a1425229ec4c9135?s=96&d=mm&r=g\",\"caption\":\"Denis Alvarado\"},\"url\":\"https:\\\/\\\/www.visitcentroamerica.com\\\/sala-prensa\\\/author\\\/denis\\\/\"}]}<\/script>\n<!-- \/ Yoast SEO plugin. -->","yoast_head_json":{"title":"Explosi\u00f3n de sabor a pedir de boca - Sala de prensa","robots":{"index":"index","follow":"follow","max-snippet":"max-snippet:-1","max-image-preview":"max-image-preview:large","max-video-preview":"max-video-preview:-1"},"canonical":"https:\/\/www.visitcentroamerica.com\/sala-prensa\/viajar\/gastronomia\/explosion-de-sabor-a-pedir-de-boca\/","og_locale":"es_ES","og_type":"article","og_title":"Explosi\u00f3n de sabor a pedir de boca - Sala de prensa","og_description":"Si eres de las personas a las que se le conquista por el paladar, Centroam\u00e9rica y Rep\u00fablica Dominicana es tu destino. Hoy en d\u00eda la gastronom\u00eda se ha convertido en un elemento indispensable para conseguir que la experiencia de visitar un pa\u00eds o zona geogr\u00e1fica sea todav\u00eda m\u00e1s gratificante y culturalmente enriquecedora. Por tanto, si [&hellip;]","og_url":"https:\/\/www.visitcentroamerica.com\/sala-prensa\/viajar\/gastronomia\/explosion-de-sabor-a-pedir-de-boca\/","og_site_name":"Sala de prensa","article_published_time":"2023-11-21T11:44:44+00:00","og_image":[{"width":1200,"height":600,"url":"https:\/\/www.visitcentroamerica.com\/sala-prensa\/wp-content\/uploads\/2023\/11\/News-visitcentroamerica-1.jpg","type":"image\/jpeg"}],"author":"Denis Alvarado","twitter_card":"summary_large_image","twitter_misc":{"Escrito por":"Denis Alvarado","Tiempo de lectura":"2 minutos"},"schema":{"@context":"https:\/\/schema.org","@graph":[{"@type":"Article","@id":"https:\/\/www.visitcentroamerica.com\/sala-prensa\/viajar\/gastronomia\/explosion-de-sabor-a-pedir-de-boca\/#article","isPartOf":{"@id":"https:\/\/www.visitcentroamerica.com\/sala-prensa\/viajar\/gastronomia\/explosion-de-sabor-a-pedir-de-boca\/"},"author":{"name":"Denis Alvarado","@id":"https:\/\/www.visitcentroamerica.com\/sala-prensa\/#\/schema\/person\/0aa3bd0dbaabaead6089ee3dd0cd7ae5"},"headline":"Explosi\u00f3n de sabor a pedir de boca","datePublished":"2023-11-21T11:44:44+00:00","mainEntityOfPage":{"@id":"https:\/\/www.visitcentroamerica.com\/sala-prensa\/viajar\/gastronomia\/explosion-de-sabor-a-pedir-de-boca\/"},"wordCount":382,"commentCount":0,"image":{"@id":"https:\/\/www.visitcentroamerica.com\/sala-prensa\/viajar\/gastronomia\/explosion-de-sabor-a-pedir-de-boca\/#primaryimage"},"thumbnailUrl":"https:\/\/www.visitcentroamerica.com\/sala-prensa\/wp-content\/uploads\/2023\/11\/News-visitcentroamerica-1.jpg","articleSection":["Gastronom\u00eda"],"inLanguage":"es","potentialAction":[{"@type":"CommentAction","name":"Comment","target":["https:\/\/www.visitcentroamerica.com\/sala-prensa\/viajar\/gastronomia\/explosion-de-sabor-a-pedir-de-boca\/#respond"]}]},{"@type":"WebPage","@id":"https:\/\/www.visitcentroamerica.com\/sala-prensa\/viajar\/gastronomia\/explosion-de-sabor-a-pedir-de-boca\/","url":"https:\/\/www.visitcentroamerica.com\/sala-prensa\/viajar\/gastronomia\/explosion-de-sabor-a-pedir-de-boca\/","name":"Explosi\u00f3n de sabor a pedir de boca - Sala de prensa","isPartOf":{"@id":"https:\/\/www.visitcentroamerica.com\/sala-prensa\/#website"},"primaryImageOfPage":{"@id":"https:\/\/www.visitcentroamerica.com\/sala-prensa\/viajar\/gastronomia\/explosion-de-sabor-a-pedir-de-boca\/#primaryimage"},"image":{"@id":"https:\/\/www.visitcentroamerica.com\/sala-prensa\/viajar\/gastronomia\/explosion-de-sabor-a-pedir-de-boca\/#primaryimage"},"thumbnailUrl":"https:\/\/www.visitcentroamerica.com\/sala-prensa\/wp-content\/uploads\/2023\/11\/News-visitcentroamerica-1.jpg","datePublished":"2023-11-21T11:44:44+00:00","author":{"@id":"https:\/\/www.visitcentroamerica.com\/sala-prensa\/#\/schema\/person\/0aa3bd0dbaabaead6089ee3dd0cd7ae5"},"breadcrumb":{"@id":"https:\/\/www.visitcentroamerica.com\/sala-prensa\/viajar\/gastronomia\/explosion-de-sabor-a-pedir-de-boca\/#breadcrumb"},"inLanguage":"es","potentialAction":[{"@type":"ReadAction","target":["https:\/\/www.visitcentroamerica.com\/sala-prensa\/viajar\/gastronomia\/explosion-de-sabor-a-pedir-de-boca\/"]}]},{"@type":"ImageObject","inLanguage":"es","@id":"https:\/\/www.visitcentroamerica.com\/sala-prensa\/viajar\/gastronomia\/explosion-de-sabor-a-pedir-de-boca\/#primaryimage","url":"https:\/\/www.visitcentroamerica.com\/sala-prensa\/wp-content\/uploads\/2023\/11\/News-visitcentroamerica-1.jpg","contentUrl":"https:\/\/www.visitcentroamerica.com\/sala-prensa\/wp-content\/uploads\/2023\/11\/News-visitcentroamerica-1.jpg","width":1200,"height":600,"caption":"Explosi\u00f3n de sabor a pedir de boca"},{"@type":"BreadcrumbList","@id":"https:\/\/www.visitcentroamerica.com\/sala-prensa\/viajar\/gastronomia\/explosion-de-sabor-a-pedir-de-boca\/#breadcrumb","itemListElement":[{"@type":"ListItem","position":1,"name":"Portada","item":"https:\/\/www.visitcentroamerica.com\/sala-prensa\/"},{"@type":"ListItem","position":2,"name":"Explosi\u00f3n de sabor a pedir de boca"}]},{"@type":"WebSite","@id":"https:\/\/www.visitcentroamerica.com\/sala-prensa\/#website","url":"https:\/\/www.visitcentroamerica.com\/sala-prensa\/","name":"Sala de prensa","description":"","potentialAction":[{"@type":"SearchAction","target":{"@type":"EntryPoint","urlTemplate":"https:\/\/www.visitcentroamerica.com\/sala-prensa\/?s={search_term_string}"},"query-input":{"@type":"PropertyValueSpecification","valueRequired":true,"valueName":"search_term_string"}}],"inLanguage":"es"},{"@type":"Person","@id":"https:\/\/www.visitcentroamerica.com\/sala-prensa\/#\/schema\/person\/0aa3bd0dbaabaead6089ee3dd0cd7ae5","name":"Denis Alvarado","image":{"@type":"ImageObject","inLanguage":"es","@id":"https:\/\/secure.gravatar.com\/avatar\/c31f0697f6edb7c68d5dedc2ccbd548d2a9f73aa293e81c6a1425229ec4c9135?s=96&d=mm&r=g","url":"https:\/\/secure.gravatar.com\/avatar\/c31f0697f6edb7c68d5dedc2ccbd548d2a9f73aa293e81c6a1425229ec4c9135?s=96&d=mm&r=g","contentUrl":"https:\/\/secure.gravatar.com\/avatar\/c31f0697f6edb7c68d5dedc2ccbd548d2a9f73aa293e81c6a1425229ec4c9135?s=96&d=mm&r=g","caption":"Denis Alvarado"},"url":"https:\/\/www.visitcentroamerica.com\/sala-prensa\/author\/denis\/"}]}},"_links":{"self":[{"href":"https:\/\/www.visitcentroamerica.com\/sala-prensa\/wp-json\/wp\/v2\/posts\/14775","targetHints":{"allow":["GET"]}}],"collection":[{"href":"https:\/\/www.visitcentroamerica.com\/sala-prensa\/wp-json\/wp\/v2\/posts"}],"about":[{"href":"https:\/\/www.visitcentroamerica.com\/sala-prensa\/wp-json\/wp\/v2\/types\/post"}],"author":[{"embeddable":true,"href":"https:\/\/www.visitcentroamerica.com\/sala-prensa\/wp-json\/wp\/v2\/users\/5"}],"replies":[{"embeddable":true,"href":"https:\/\/www.visitcentroamerica.com\/sala-prensa\/wp-json\/wp\/v2\/comments?post=14775"}],"version-history":[{"count":2,"href":"https:\/\/www.visitcentroamerica.com\/sala-prensa\/wp-json\/wp\/v2\/posts\/14775\/revisions"}],"predecessor-version":[{"id":14834,"href":"https:\/\/www.visitcentroamerica.com\/sala-prensa\/wp-json\/wp\/v2\/posts\/14775\/revisions\/14834"}],"wp:featuredmedia":[{"embeddable":true,"href":"https:\/\/www.visitcentroamerica.com\/sala-prensa\/wp-json\/wp\/v2\/media\/14778"}],"wp:attachment":[{"href":"https:\/\/www.visitcentroamerica.com\/sala-prensa\/wp-json\/wp\/v2\/media?parent=14775"}],"wp:term":[{"taxonomy":"category","embeddable":true,"href":"https:\/\/www.visitcentroamerica.com\/sala-prensa\/wp-json\/wp\/v2\/categories?post=14775"},{"taxonomy":"post_tag","embeddable":true,"href":"https:\/\/www.visitcentroamerica.com\/sala-prensa\/wp-json\/wp\/v2\/tags?post=14775"}],"curies":[{"name":"wp","href":"https:\/\/api.w.org\/{rel}","templated":true}]}}