{"id":14767,"date":"2023-11-24T10:59:10","date_gmt":"2023-11-24T09:59:10","guid":{"rendered":"https:\/\/www.visitcentroamerica.com\/sala-prensa\/?p=14767"},"modified":"2023-11-14T11:01:48","modified_gmt":"2023-11-14T10:01:48","slug":"centroamerica-un-destino-para-el-ecoturismo","status":"publish","type":"post","link":"https:\/\/www.visitcentroamerica.com\/sala-prensa\/viajar\/ecoturismo\/centroamerica-un-destino-para-el-ecoturismo\/","title":{"rendered":"Centroam\u00e9rica: un destino para el ecoturismo"},"content":{"rendered":"<p><img loading=\"lazy\" decoding=\"async\" class=\"alignnone size-full wp-image-14738\" src=\"https:\/\/www.visitcentroamerica.com\/sala-prensa\/wp-content\/uploads\/2023\/11\/Centroamerica-un-destino-para-el-ecoturismo.jpg\" alt=\"\" width=\"1200\" height=\"600\" srcset=\"https:\/\/www.visitcentroamerica.com\/sala-prensa\/wp-content\/uploads\/2023\/11\/Centroamerica-un-destino-para-el-ecoturismo.jpg 1200w, https:\/\/www.visitcentroamerica.com\/sala-prensa\/wp-content\/uploads\/2023\/11\/Centroamerica-un-destino-para-el-ecoturismo-300x150.jpg 300w, https:\/\/www.visitcentroamerica.com\/sala-prensa\/wp-content\/uploads\/2023\/11\/Centroamerica-un-destino-para-el-ecoturismo-1024x512.jpg 1024w, https:\/\/www.visitcentroamerica.com\/sala-prensa\/wp-content\/uploads\/2023\/11\/Centroamerica-un-destino-para-el-ecoturismo-768x384.jpg 768w, https:\/\/www.visitcentroamerica.com\/sala-prensa\/wp-content\/uploads\/2023\/11\/Centroamerica-un-destino-para-el-ecoturismo-696x348.jpg 696w, https:\/\/www.visitcentroamerica.com\/sala-prensa\/wp-content\/uploads\/2023\/11\/Centroamerica-un-destino-para-el-ecoturismo-1068x534.jpg 1068w, https:\/\/www.visitcentroamerica.com\/sala-prensa\/wp-content\/uploads\/2023\/11\/Centroamerica-un-destino-para-el-ecoturismo-840x420.jpg 840w, https:\/\/www.visitcentroamerica.com\/sala-prensa\/wp-content\/uploads\/2023\/11\/Centroamerica-un-destino-para-el-ecoturismo-500x250.jpg 500w\" sizes=\"auto, (max-width: 1200px) 100vw, 1200px\" \/><\/p>\n<p>En la actualidad, el <strong>ecoturismo<\/strong> est\u00e1 m\u00e1s de moda que nunca. Son muchas las personas que, como t\u00fa, deciden hacer rutas sostenibles, para causar el menor impacto en los destinos que visitan. Atento a estos 3 pa\u00edses en los que podr\u00e1s realizar viajes responsables.<\/p>\n<h2>Disfruta del ecoturismo en Centroam\u00e9rica<\/h2>\n<p>Cuando visitas pa\u00edses, cuidar y respetar su naturaleza y entorno se vuelve primordial. Estos 3 destinos est\u00e1n concienciados con este tipo de turismo:<\/p>\n<ul>\n<li>El <strong>ecoturismo en Rep\u00fablica Dominicana <\/strong>est\u00e1 a la orden del d\u00eda. El pa\u00eds tiene un alto porcentaje de superficie natural, pues cuenta con un 25 % de parques nacionales y reservas ecol\u00f3gicas. No pierdas la oportunidad de contemplar la inmensidad desde lo alto de <strong>Pico Duarte.<\/strong><\/li>\n<li>Si hablamos de <strong>Belice, <\/strong>no podemos obviar la rica biodiversidad de la que dispone, destaca por sus\u00a0territorios casi v\u00edrgenes o desconocidos. \u00bfSab\u00edas que m\u00e1s del 70% est\u00e1 cubierto de bosques? Te aconsejamos que visites las Monta\u00f1as mayas, ya que hay un gran n\u00famero de actividades para realizar.<\/li>\n<li>Por \u00faltimo, en <strong>Panam\u00e1 <\/strong>descubrir\u00e1s la selva en todo su esplendor. Asimismo, pasar\u00e1s tiempo de relax en sus playas con experiencias inmersivas y respetuosas, donde te empapar\u00e1s de la mejor cultura centroamericana.<\/li>\n<\/ul>\n<p>Como puedes comprobar, el <strong>ecoturismo <\/strong>es cada vez m\u00e1s frecuente en esta zona del mundo. Disfruta del mejor <strong>ecoturismo en Centroam\u00e9rica<\/strong> con un <a href=\"http:\/\/www.visitcentroamerica.com\/packages\/centroamerica-republica-dominicana-al-natural\/\" target=\"_blank\" rel=\"noopener\"><em>tour<\/em> multidestino Centroam\u00e9rica y Rep\u00fablica Dominicana<\/a> al natural en el que podr\u00e1s visitar diferentes pa\u00edses de forma totalmente sostenible.<\/p>\n<p>Experiencias: <a href=\"https:\/\/www.visitcentroamerica.com\/experiencias\/natural\/\" target=\"_blank\" rel=\"noopener\">Natural<\/a> &#8211; <a href=\"https:\/\/www.visitcentroamerica.com\/experiencias\/submarinismo\/\" target=\"_blank\" rel=\"noopener\">Submarinismo<\/a><\/p>\n","protected":false},"excerpt":{"rendered":"<p>En la actualidad, el ecoturismo est\u00e1 m\u00e1s de moda que nunca. Son muchas las personas que, como t\u00fa, deciden hacer rutas sostenibles, para causar el menor impacto en los destinos que visitan. Atento a estos 3 pa\u00edses en los que podr\u00e1s realizar viajes responsables. Disfruta del ecoturismo en Centroam\u00e9rica Cuando visitas pa\u00edses, cuidar y respetar [&hellip;]<\/p>\n","protected":false},"author":5,"featured_media":14738,"comment_status":"open","ping_status":"closed","sticky":false,"template":"","format":"standard","meta":{"footnotes":""},"categories":[31],"tags":[],"class_list":{"0":"post-14767","1":"post","2":"type-post","3":"status-publish","4":"format-standard","5":"has-post-thumbnail","7":"category-ecoturismo"},"yoast_head":"<!-- This site is optimized with the Yoast SEO plugin v27.3 - https:\/\/yoast.com\/product\/yoast-seo-wordpress\/ -->\n<title>Ecoturismo en Centroam\u00e9rica: Belice, Panam\u00e1 y Rep. Dominicana<\/title>\n<meta name=\"description\" content=\"Disfruta del mejor ecoturismo en pa\u00edses como Belice, Panam\u00e1 y Rep\u00fablica Dominicana y vive al m\u00e1ximo tu ruta siendo respetuoso con el entorno que ves\" \/>\n<meta name=\"robots\" content=\"index, follow, max-snippet:-1, max-image-preview:large, max-video-preview:-1\" \/>\n<link rel=\"canonical\" href=\"https:\/\/www.visitcentroamerica.com\/sala-prensa\/viajar\/ecoturismo\/centroamerica-un-destino-para-el-ecoturismo\/\" \/>\n<meta property=\"og:locale\" content=\"es_ES\" \/>\n<meta property=\"og:type\" content=\"article\" \/>\n<meta property=\"og:title\" content=\"Ecoturismo en Centroam\u00e9rica: Belice, Panam\u00e1 y Rep. Dominicana\" \/>\n<meta property=\"og:description\" content=\"Disfruta del mejor ecoturismo en pa\u00edses como Belice, Panam\u00e1 y Rep\u00fablica Dominicana y vive al m\u00e1ximo tu ruta siendo respetuoso con el entorno que ves\" \/>\n<meta property=\"og:url\" content=\"https:\/\/www.visitcentroamerica.com\/sala-prensa\/viajar\/ecoturismo\/centroamerica-un-destino-para-el-ecoturismo\/\" \/>\n<meta property=\"og:site_name\" content=\"Sala de prensa\" \/>\n<meta property=\"article:published_time\" content=\"2023-11-24T09:59:10+00:00\" \/>\n<meta property=\"og:image\" content=\"https:\/\/www.visitcentroamerica.com\/sala-prensa\/wp-content\/uploads\/2023\/11\/Centroamerica-un-destino-para-el-ecoturismo.jpg\" \/>\n\t<meta property=\"og:image:width\" content=\"1200\" \/>\n\t<meta property=\"og:image:height\" content=\"600\" \/>\n\t<meta property=\"og:image:type\" content=\"image\/jpeg\" \/>\n<meta name=\"author\" content=\"Denis Alvarado\" \/>\n<meta name=\"twitter:card\" content=\"summary_large_image\" \/>\n<meta name=\"twitter:label1\" content=\"Escrito por\" \/>\n\t<meta name=\"twitter:data1\" content=\"Denis Alvarado\" \/>\n\t<meta name=\"twitter:label2\" content=\"Tiempo de lectura\" \/>\n\t<meta name=\"twitter:data2\" content=\"2 minutos\" \/>\n<script type=\"application\/ld+json\" class=\"yoast-schema-graph\">{\"@context\":\"https:\\\/\\\/schema.org\",\"@graph\":[{\"@type\":\"Article\",\"@id\":\"https:\\\/\\\/www.visitcentroamerica.com\\\/sala-prensa\\\/viajar\\\/ecoturismo\\\/centroamerica-un-destino-para-el-ecoturismo\\\/#article\",\"isPartOf\":{\"@id\":\"https:\\\/\\\/www.visitcentroamerica.com\\\/sala-prensa\\\/viajar\\\/ecoturismo\\\/centroamerica-un-destino-para-el-ecoturismo\\\/\"},\"author\":{\"name\":\"Denis Alvarado\",\"@id\":\"https:\\\/\\\/www.visitcentroamerica.com\\\/sala-prensa\\\/#\\\/schema\\\/person\\\/0aa3bd0dbaabaead6089ee3dd0cd7ae5\"},\"headline\":\"Centroam\u00e9rica: un destino para el ecoturismo\",\"datePublished\":\"2023-11-24T09:59:10+00:00\",\"mainEntityOfPage\":{\"@id\":\"https:\\\/\\\/www.visitcentroamerica.com\\\/sala-prensa\\\/viajar\\\/ecoturismo\\\/centroamerica-un-destino-para-el-ecoturismo\\\/\"},\"wordCount\":270,\"commentCount\":0,\"image\":{\"@id\":\"https:\\\/\\\/www.visitcentroamerica.com\\\/sala-prensa\\\/viajar\\\/ecoturismo\\\/centroamerica-un-destino-para-el-ecoturismo\\\/#primaryimage\"},\"thumbnailUrl\":\"https:\\\/\\\/www.visitcentroamerica.com\\\/sala-prensa\\\/wp-content\\\/uploads\\\/2023\\\/11\\\/Centroamerica-un-destino-para-el-ecoturismo.jpg\",\"articleSection\":[\"Ecoturismo\"],\"inLanguage\":\"es\",\"potentialAction\":[{\"@type\":\"CommentAction\",\"name\":\"Comment\",\"target\":[\"https:\\\/\\\/www.visitcentroamerica.com\\\/sala-prensa\\\/viajar\\\/ecoturismo\\\/centroamerica-un-destino-para-el-ecoturismo\\\/#respond\"]}]},{\"@type\":\"WebPage\",\"@id\":\"https:\\\/\\\/www.visitcentroamerica.com\\\/sala-prensa\\\/viajar\\\/ecoturismo\\\/centroamerica-un-destino-para-el-ecoturismo\\\/\",\"url\":\"https:\\\/\\\/www.visitcentroamerica.com\\\/sala-prensa\\\/viajar\\\/ecoturismo\\\/centroamerica-un-destino-para-el-ecoturismo\\\/\",\"name\":\"Ecoturismo en Centroam\u00e9rica: Belice, Panam\u00e1 y Rep. Dominicana\",\"isPartOf\":{\"@id\":\"https:\\\/\\\/www.visitcentroamerica.com\\\/sala-prensa\\\/#website\"},\"primaryImageOfPage\":{\"@id\":\"https:\\\/\\\/www.visitcentroamerica.com\\\/sala-prensa\\\/viajar\\\/ecoturismo\\\/centroamerica-un-destino-para-el-ecoturismo\\\/#primaryimage\"},\"image\":{\"@id\":\"https:\\\/\\\/www.visitcentroamerica.com\\\/sala-prensa\\\/viajar\\\/ecoturismo\\\/centroamerica-un-destino-para-el-ecoturismo\\\/#primaryimage\"},\"thumbnailUrl\":\"https:\\\/\\\/www.visitcentroamerica.com\\\/sala-prensa\\\/wp-content\\\/uploads\\\/2023\\\/11\\\/Centroamerica-un-destino-para-el-ecoturismo.jpg\",\"datePublished\":\"2023-11-24T09:59:10+00:00\",\"author\":{\"@id\":\"https:\\\/\\\/www.visitcentroamerica.com\\\/sala-prensa\\\/#\\\/schema\\\/person\\\/0aa3bd0dbaabaead6089ee3dd0cd7ae5\"},\"description\":\"Disfruta del mejor ecoturismo en pa\u00edses como Belice, Panam\u00e1 y Rep\u00fablica Dominicana y vive al m\u00e1ximo tu ruta siendo respetuoso con el entorno que ves\",\"breadcrumb\":{\"@id\":\"https:\\\/\\\/www.visitcentroamerica.com\\\/sala-prensa\\\/viajar\\\/ecoturismo\\\/centroamerica-un-destino-para-el-ecoturismo\\\/#breadcrumb\"},\"inLanguage\":\"es\",\"potentialAction\":[{\"@type\":\"ReadAction\",\"target\":[\"https:\\\/\\\/www.visitcentroamerica.com\\\/sala-prensa\\\/viajar\\\/ecoturismo\\\/centroamerica-un-destino-para-el-ecoturismo\\\/\"]}]},{\"@type\":\"ImageObject\",\"inLanguage\":\"es\",\"@id\":\"https:\\\/\\\/www.visitcentroamerica.com\\\/sala-prensa\\\/viajar\\\/ecoturismo\\\/centroamerica-un-destino-para-el-ecoturismo\\\/#primaryimage\",\"url\":\"https:\\\/\\\/www.visitcentroamerica.com\\\/sala-prensa\\\/wp-content\\\/uploads\\\/2023\\\/11\\\/Centroamerica-un-destino-para-el-ecoturismo.jpg\",\"contentUrl\":\"https:\\\/\\\/www.visitcentroamerica.com\\\/sala-prensa\\\/wp-content\\\/uploads\\\/2023\\\/11\\\/Centroamerica-un-destino-para-el-ecoturismo.jpg\",\"width\":1200,\"height\":600},{\"@type\":\"BreadcrumbList\",\"@id\":\"https:\\\/\\\/www.visitcentroamerica.com\\\/sala-prensa\\\/viajar\\\/ecoturismo\\\/centroamerica-un-destino-para-el-ecoturismo\\\/#breadcrumb\",\"itemListElement\":[{\"@type\":\"ListItem\",\"position\":1,\"name\":\"Portada\",\"item\":\"https:\\\/\\\/www.visitcentroamerica.com\\\/sala-prensa\\\/\"},{\"@type\":\"ListItem\",\"position\":2,\"name\":\"Centroam\u00e9rica: un destino para el ecoturismo\"}]},{\"@type\":\"WebSite\",\"@id\":\"https:\\\/\\\/www.visitcentroamerica.com\\\/sala-prensa\\\/#website\",\"url\":\"https:\\\/\\\/www.visitcentroamerica.com\\\/sala-prensa\\\/\",\"name\":\"Sala de prensa\",\"description\":\"\",\"potentialAction\":[{\"@type\":\"SearchAction\",\"target\":{\"@type\":\"EntryPoint\",\"urlTemplate\":\"https:\\\/\\\/www.visitcentroamerica.com\\\/sala-prensa\\\/?s={search_term_string}\"},\"query-input\":{\"@type\":\"PropertyValueSpecification\",\"valueRequired\":true,\"valueName\":\"search_term_string\"}}],\"inLanguage\":\"es\"},{\"@type\":\"Person\",\"@id\":\"https:\\\/\\\/www.visitcentroamerica.com\\\/sala-prensa\\\/#\\\/schema\\\/person\\\/0aa3bd0dbaabaead6089ee3dd0cd7ae5\",\"name\":\"Denis Alvarado\",\"image\":{\"@type\":\"ImageObject\",\"inLanguage\":\"es\",\"@id\":\"https:\\\/\\\/secure.gravatar.com\\\/avatar\\\/c31f0697f6edb7c68d5dedc2ccbd548d2a9f73aa293e81c6a1425229ec4c9135?s=96&d=mm&r=g\",\"url\":\"https:\\\/\\\/secure.gravatar.com\\\/avatar\\\/c31f0697f6edb7c68d5dedc2ccbd548d2a9f73aa293e81c6a1425229ec4c9135?s=96&d=mm&r=g\",\"contentUrl\":\"https:\\\/\\\/secure.gravatar.com\\\/avatar\\\/c31f0697f6edb7c68d5dedc2ccbd548d2a9f73aa293e81c6a1425229ec4c9135?s=96&d=mm&r=g\",\"caption\":\"Denis Alvarado\"},\"url\":\"https:\\\/\\\/www.visitcentroamerica.com\\\/sala-prensa\\\/author\\\/denis\\\/\"}]}<\/script>\n<!-- \/ Yoast SEO plugin. -->","yoast_head_json":{"title":"Ecoturismo en Centroam\u00e9rica: Belice, Panam\u00e1 y Rep. Dominicana","description":"Disfruta del mejor ecoturismo en pa\u00edses como Belice, Panam\u00e1 y Rep\u00fablica Dominicana y vive al m\u00e1ximo tu ruta siendo respetuoso con el entorno que ves","robots":{"index":"index","follow":"follow","max-snippet":"max-snippet:-1","max-image-preview":"max-image-preview:large","max-video-preview":"max-video-preview:-1"},"canonical":"https:\/\/www.visitcentroamerica.com\/sala-prensa\/viajar\/ecoturismo\/centroamerica-un-destino-para-el-ecoturismo\/","og_locale":"es_ES","og_type":"article","og_title":"Ecoturismo en Centroam\u00e9rica: Belice, Panam\u00e1 y Rep. Dominicana","og_description":"Disfruta del mejor ecoturismo en pa\u00edses como Belice, Panam\u00e1 y Rep\u00fablica Dominicana y vive al m\u00e1ximo tu ruta siendo respetuoso con el entorno que ves","og_url":"https:\/\/www.visitcentroamerica.com\/sala-prensa\/viajar\/ecoturismo\/centroamerica-un-destino-para-el-ecoturismo\/","og_site_name":"Sala de prensa","article_published_time":"2023-11-24T09:59:10+00:00","og_image":[{"width":1200,"height":600,"url":"https:\/\/www.visitcentroamerica.com\/sala-prensa\/wp-content\/uploads\/2023\/11\/Centroamerica-un-destino-para-el-ecoturismo.jpg","type":"image\/jpeg"}],"author":"Denis Alvarado","twitter_card":"summary_large_image","twitter_misc":{"Escrito por":"Denis Alvarado","Tiempo de lectura":"2 minutos"},"schema":{"@context":"https:\/\/schema.org","@graph":[{"@type":"Article","@id":"https:\/\/www.visitcentroamerica.com\/sala-prensa\/viajar\/ecoturismo\/centroamerica-un-destino-para-el-ecoturismo\/#article","isPartOf":{"@id":"https:\/\/www.visitcentroamerica.com\/sala-prensa\/viajar\/ecoturismo\/centroamerica-un-destino-para-el-ecoturismo\/"},"author":{"name":"Denis Alvarado","@id":"https:\/\/www.visitcentroamerica.com\/sala-prensa\/#\/schema\/person\/0aa3bd0dbaabaead6089ee3dd0cd7ae5"},"headline":"Centroam\u00e9rica: un destino para el ecoturismo","datePublished":"2023-11-24T09:59:10+00:00","mainEntityOfPage":{"@id":"https:\/\/www.visitcentroamerica.com\/sala-prensa\/viajar\/ecoturismo\/centroamerica-un-destino-para-el-ecoturismo\/"},"wordCount":270,"commentCount":0,"image":{"@id":"https:\/\/www.visitcentroamerica.com\/sala-prensa\/viajar\/ecoturismo\/centroamerica-un-destino-para-el-ecoturismo\/#primaryimage"},"thumbnailUrl":"https:\/\/www.visitcentroamerica.com\/sala-prensa\/wp-content\/uploads\/2023\/11\/Centroamerica-un-destino-para-el-ecoturismo.jpg","articleSection":["Ecoturismo"],"inLanguage":"es","potentialAction":[{"@type":"CommentAction","name":"Comment","target":["https:\/\/www.visitcentroamerica.com\/sala-prensa\/viajar\/ecoturismo\/centroamerica-un-destino-para-el-ecoturismo\/#respond"]}]},{"@type":"WebPage","@id":"https:\/\/www.visitcentroamerica.com\/sala-prensa\/viajar\/ecoturismo\/centroamerica-un-destino-para-el-ecoturismo\/","url":"https:\/\/www.visitcentroamerica.com\/sala-prensa\/viajar\/ecoturismo\/centroamerica-un-destino-para-el-ecoturismo\/","name":"Ecoturismo en Centroam\u00e9rica: Belice, Panam\u00e1 y Rep. Dominicana","isPartOf":{"@id":"https:\/\/www.visitcentroamerica.com\/sala-prensa\/#website"},"primaryImageOfPage":{"@id":"https:\/\/www.visitcentroamerica.com\/sala-prensa\/viajar\/ecoturismo\/centroamerica-un-destino-para-el-ecoturismo\/#primaryimage"},"image":{"@id":"https:\/\/www.visitcentroamerica.com\/sala-prensa\/viajar\/ecoturismo\/centroamerica-un-destino-para-el-ecoturismo\/#primaryimage"},"thumbnailUrl":"https:\/\/www.visitcentroamerica.com\/sala-prensa\/wp-content\/uploads\/2023\/11\/Centroamerica-un-destino-para-el-ecoturismo.jpg","datePublished":"2023-11-24T09:59:10+00:00","author":{"@id":"https:\/\/www.visitcentroamerica.com\/sala-prensa\/#\/schema\/person\/0aa3bd0dbaabaead6089ee3dd0cd7ae5"},"description":"Disfruta del mejor ecoturismo en pa\u00edses como Belice, Panam\u00e1 y Rep\u00fablica Dominicana y vive al m\u00e1ximo tu ruta siendo respetuoso con el entorno que ves","breadcrumb":{"@id":"https:\/\/www.visitcentroamerica.com\/sala-prensa\/viajar\/ecoturismo\/centroamerica-un-destino-para-el-ecoturismo\/#breadcrumb"},"inLanguage":"es","potentialAction":[{"@type":"ReadAction","target":["https:\/\/www.visitcentroamerica.com\/sala-prensa\/viajar\/ecoturismo\/centroamerica-un-destino-para-el-ecoturismo\/"]}]},{"@type":"ImageObject","inLanguage":"es","@id":"https:\/\/www.visitcentroamerica.com\/sala-prensa\/viajar\/ecoturismo\/centroamerica-un-destino-para-el-ecoturismo\/#primaryimage","url":"https:\/\/www.visitcentroamerica.com\/sala-prensa\/wp-content\/uploads\/2023\/11\/Centroamerica-un-destino-para-el-ecoturismo.jpg","contentUrl":"https:\/\/www.visitcentroamerica.com\/sala-prensa\/wp-content\/uploads\/2023\/11\/Centroamerica-un-destino-para-el-ecoturismo.jpg","width":1200,"height":600},{"@type":"BreadcrumbList","@id":"https:\/\/www.visitcentroamerica.com\/sala-prensa\/viajar\/ecoturismo\/centroamerica-un-destino-para-el-ecoturismo\/#breadcrumb","itemListElement":[{"@type":"ListItem","position":1,"name":"Portada","item":"https:\/\/www.visitcentroamerica.com\/sala-prensa\/"},{"@type":"ListItem","position":2,"name":"Centroam\u00e9rica: un destino para el ecoturismo"}]},{"@type":"WebSite","@id":"https:\/\/www.visitcentroamerica.com\/sala-prensa\/#website","url":"https:\/\/www.visitcentroamerica.com\/sala-prensa\/","name":"Sala de prensa","description":"","potentialAction":[{"@type":"SearchAction","target":{"@type":"EntryPoint","urlTemplate":"https:\/\/www.visitcentroamerica.com\/sala-prensa\/?s={search_term_string}"},"query-input":{"@type":"PropertyValueSpecification","valueRequired":true,"valueName":"search_term_string"}}],"inLanguage":"es"},{"@type":"Person","@id":"https:\/\/www.visitcentroamerica.com\/sala-prensa\/#\/schema\/person\/0aa3bd0dbaabaead6089ee3dd0cd7ae5","name":"Denis Alvarado","image":{"@type":"ImageObject","inLanguage":"es","@id":"https:\/\/secure.gravatar.com\/avatar\/c31f0697f6edb7c68d5dedc2ccbd548d2a9f73aa293e81c6a1425229ec4c9135?s=96&d=mm&r=g","url":"https:\/\/secure.gravatar.com\/avatar\/c31f0697f6edb7c68d5dedc2ccbd548d2a9f73aa293e81c6a1425229ec4c9135?s=96&d=mm&r=g","contentUrl":"https:\/\/secure.gravatar.com\/avatar\/c31f0697f6edb7c68d5dedc2ccbd548d2a9f73aa293e81c6a1425229ec4c9135?s=96&d=mm&r=g","caption":"Denis Alvarado"},"url":"https:\/\/www.visitcentroamerica.com\/sala-prensa\/author\/denis\/"}]}},"_links":{"self":[{"href":"https:\/\/www.visitcentroamerica.com\/sala-prensa\/wp-json\/wp\/v2\/posts\/14767","targetHints":{"allow":["GET"]}}],"collection":[{"href":"https:\/\/www.visitcentroamerica.com\/sala-prensa\/wp-json\/wp\/v2\/posts"}],"about":[{"href":"https:\/\/www.visitcentroamerica.com\/sala-prensa\/wp-json\/wp\/v2\/types\/post"}],"author":[{"embeddable":true,"href":"https:\/\/www.visitcentroamerica.com\/sala-prensa\/wp-json\/wp\/v2\/users\/5"}],"replies":[{"embeddable":true,"href":"https:\/\/www.visitcentroamerica.com\/sala-prensa\/wp-json\/wp\/v2\/comments?post=14767"}],"version-history":[{"count":1,"href":"https:\/\/www.visitcentroamerica.com\/sala-prensa\/wp-json\/wp\/v2\/posts\/14767\/revisions"}],"predecessor-version":[{"id":14768,"href":"https:\/\/www.visitcentroamerica.com\/sala-prensa\/wp-json\/wp\/v2\/posts\/14767\/revisions\/14768"}],"wp:featuredmedia":[{"embeddable":true,"href":"https:\/\/www.visitcentroamerica.com\/sala-prensa\/wp-json\/wp\/v2\/media\/14738"}],"wp:attachment":[{"href":"https:\/\/www.visitcentroamerica.com\/sala-prensa\/wp-json\/wp\/v2\/media?parent=14767"}],"wp:term":[{"taxonomy":"category","embeddable":true,"href":"https:\/\/www.visitcentroamerica.com\/sala-prensa\/wp-json\/wp\/v2\/categories?post=14767"},{"taxonomy":"post_tag","embeddable":true,"href":"https:\/\/www.visitcentroamerica.com\/sala-prensa\/wp-json\/wp\/v2\/tags?post=14767"}],"curies":[{"name":"wp","href":"https:\/\/api.w.org\/{rel}","templated":true}]}}