{"id":14762,"date":"2023-11-21T10:51:23","date_gmt":"2023-11-21T09:51:23","guid":{"rendered":"https:\/\/www.visitcentroamerica.com\/sala-prensa\/?p=14762"},"modified":"2023-11-14T10:55:08","modified_gmt":"2023-11-14T09:55:08","slug":"centroamerica-tambien-es-un-destino-mochilero","status":"publish","type":"post","link":"https:\/\/www.visitcentroamerica.com\/sala-prensa\/viajar\/aventura\/centroamerica-tambien-es-un-destino-mochilero\/","title":{"rendered":"Centroam\u00e9rica tambi\u00e9n es un destino mochilero"},"content":{"rendered":"<p><img loading=\"lazy\" decoding=\"async\" class=\"alignnone size-full wp-image-14734\" src=\"https:\/\/www.visitcentroamerica.com\/sala-prensa\/wp-content\/uploads\/2023\/11\/Centroamerica-tambien-es-un-destino-mochilero.jpg\" alt=\"\" width=\"1200\" height=\"600\" srcset=\"https:\/\/www.visitcentroamerica.com\/sala-prensa\/wp-content\/uploads\/2023\/11\/Centroamerica-tambien-es-un-destino-mochilero.jpg 1200w, https:\/\/www.visitcentroamerica.com\/sala-prensa\/wp-content\/uploads\/2023\/11\/Centroamerica-tambien-es-un-destino-mochilero-300x150.jpg 300w, https:\/\/www.visitcentroamerica.com\/sala-prensa\/wp-content\/uploads\/2023\/11\/Centroamerica-tambien-es-un-destino-mochilero-1024x512.jpg 1024w, https:\/\/www.visitcentroamerica.com\/sala-prensa\/wp-content\/uploads\/2023\/11\/Centroamerica-tambien-es-un-destino-mochilero-768x384.jpg 768w, https:\/\/www.visitcentroamerica.com\/sala-prensa\/wp-content\/uploads\/2023\/11\/Centroamerica-tambien-es-un-destino-mochilero-696x348.jpg 696w, https:\/\/www.visitcentroamerica.com\/sala-prensa\/wp-content\/uploads\/2023\/11\/Centroamerica-tambien-es-un-destino-mochilero-1068x534.jpg 1068w, https:\/\/www.visitcentroamerica.com\/sala-prensa\/wp-content\/uploads\/2023\/11\/Centroamerica-tambien-es-un-destino-mochilero-840x420.jpg 840w, https:\/\/www.visitcentroamerica.com\/sala-prensa\/wp-content\/uploads\/2023\/11\/Centroamerica-tambien-es-un-destino-mochilero-500x250.jpg 500w\" sizes=\"auto, (max-width: 1200px) 100vw, 1200px\" \/><\/p>\n<p>Si vas a hacer un viaje pr\u00f3ximamente seguro que te van a venir muy bien estos <strong>consejos para viajar como mochilero<\/strong> y disfrutar al m\u00e1ximo de tu ruta por esta bonita zona del mundo.<\/p>\n<h2>Consejos para trotamundos en Centroam\u00e9rica<\/h2>\n<p><strong>Ser mochilero en Centroam\u00e9rica <\/strong>no es nada complicado, pero algunos <em>tips<\/em> nunca vienen mal, \u00bfverdad? Vamos a ello, apunta estos consejos de los que te hablamos a continuaci\u00f3n.<\/p>\n<ul>\n<li><strong>No te cierres a un \u00fanico pa\u00eds<\/strong>: En tu <strong>ruta para mochileros por Centroam\u00e9rica<\/strong> no te quedes en visitar un solo lugar, ya que los traslados son f\u00e1ciles de hacer y econ\u00f3micos. Disfruta de 2 o 3 destinos en un solo viaje para poder conocer diferentes lugares y culturas.<\/li>\n<li><strong>La moneda<\/strong>: Como vas a ir a diferentes lugares, el cambio de divisa puede ser un problema. Aun as\u00ed, lo bueno es que en la mayor\u00eda de sitios de Centroam\u00e9rica aceptan el d\u00f3lar americano; tenlo en cuenta antes de viajar.<\/li>\n<li><strong>Sum\u00e9rgete con la gente local<\/strong>: Lo mejor de un viaje de este estilo es conocer la cultura de la mano de las personas que la viven a diario. Por eso, te recomendamos que no te cortes en tener conversaciones con los locales.<\/li>\n<\/ul>\n<p>Ahora ya sabes los mejores <strong>consejos para viajar como mochilero<\/strong> y disfrutar al m\u00e1ximo de tu<a href=\"https:\/\/www.visitcentroamerica.com\/packages\/descubriendo-centroamerica\/\" target=\"_blank\" rel=\"noopener\"> <em>tour <\/em>multidestino<\/a> por pa\u00edses como El Salvador, Guatemala u Honduras. \u00a1La aventura te est\u00e1 esperando!<\/p>\n<p>Experiencias:<a href=\"https:\/\/www.visitcentroamerica.com\/experiencias\/natural\/\" target=\"_blank\" rel=\"noopener\"> Natural<\/a> &#8211; <a href=\"https:\/\/www.visitcentroamerica.com\/experiencias\/aventura\/\" target=\"_blank\" rel=\"noopener\">Aventura<\/a><\/p>\n","protected":false},"excerpt":{"rendered":"<p>Si vas a hacer un viaje pr\u00f3ximamente seguro que te van a venir muy bien estos consejos para viajar como mochilero y disfrutar al m\u00e1ximo de tu ruta por esta bonita zona del mundo. Consejos para trotamundos en Centroam\u00e9rica Ser mochilero en Centroam\u00e9rica no es nada complicado, pero algunos tips nunca vienen mal, \u00bfverdad? Vamos [&hellip;]<\/p>\n","protected":false},"author":5,"featured_media":14734,"comment_status":"open","ping_status":"closed","sticky":false,"template":"","format":"standard","meta":{"footnotes":""},"categories":[28],"tags":[],"class_list":{"0":"post-14762","1":"post","2":"type-post","3":"status-publish","4":"format-standard","5":"has-post-thumbnail","7":"category-aventura"},"yoast_head":"<!-- This site is optimized with the Yoast SEO plugin v27.3 - https:\/\/yoast.com\/product\/yoast-seo-wordpress\/ -->\n<title>Viajar como mochilero en Centroam\u00e9rica<\/title>\n<meta name=\"description\" content=\"\u00bfQuieres algunos consejos para viajar como mochilero en Centroam\u00e9rica? Te hablamos de algunas cosas que seguro que no sab\u00edas y te vendr\u00e1n genial en tu ruta\" \/>\n<meta name=\"robots\" content=\"index, follow, max-snippet:-1, max-image-preview:large, max-video-preview:-1\" \/>\n<link rel=\"canonical\" href=\"https:\/\/www.visitcentroamerica.com\/sala-prensa\/viajar\/aventura\/centroamerica-tambien-es-un-destino-mochilero\/\" \/>\n<meta property=\"og:locale\" content=\"es_ES\" \/>\n<meta property=\"og:type\" content=\"article\" \/>\n<meta property=\"og:title\" content=\"Viajar como mochilero en Centroam\u00e9rica\" \/>\n<meta property=\"og:description\" content=\"\u00bfQuieres algunos consejos para viajar como mochilero en Centroam\u00e9rica? Te hablamos de algunas cosas que seguro que no sab\u00edas y te vendr\u00e1n genial en tu ruta\" \/>\n<meta property=\"og:url\" content=\"https:\/\/www.visitcentroamerica.com\/sala-prensa\/viajar\/aventura\/centroamerica-tambien-es-un-destino-mochilero\/\" \/>\n<meta property=\"og:site_name\" content=\"Sala de prensa\" \/>\n<meta property=\"article:published_time\" content=\"2023-11-21T09:51:23+00:00\" \/>\n<meta property=\"og:image\" content=\"https:\/\/www.visitcentroamerica.com\/sala-prensa\/wp-content\/uploads\/2023\/11\/Centroamerica-tambien-es-un-destino-mochilero.jpg\" \/>\n\t<meta property=\"og:image:width\" content=\"1200\" \/>\n\t<meta property=\"og:image:height\" content=\"600\" \/>\n\t<meta property=\"og:image:type\" content=\"image\/jpeg\" \/>\n<meta name=\"author\" content=\"Denis Alvarado\" \/>\n<meta name=\"twitter:card\" content=\"summary_large_image\" \/>\n<meta name=\"twitter:label1\" content=\"Escrito por\" \/>\n\t<meta name=\"twitter:data1\" content=\"Denis Alvarado\" \/>\n\t<meta name=\"twitter:label2\" content=\"Tiempo de lectura\" \/>\n\t<meta name=\"twitter:data2\" content=\"2 minutos\" \/>\n<script type=\"application\/ld+json\" class=\"yoast-schema-graph\">{\"@context\":\"https:\\\/\\\/schema.org\",\"@graph\":[{\"@type\":\"Article\",\"@id\":\"https:\\\/\\\/www.visitcentroamerica.com\\\/sala-prensa\\\/viajar\\\/aventura\\\/centroamerica-tambien-es-un-destino-mochilero\\\/#article\",\"isPartOf\":{\"@id\":\"https:\\\/\\\/www.visitcentroamerica.com\\\/sala-prensa\\\/viajar\\\/aventura\\\/centroamerica-tambien-es-un-destino-mochilero\\\/\"},\"author\":{\"name\":\"Denis Alvarado\",\"@id\":\"https:\\\/\\\/www.visitcentroamerica.com\\\/sala-prensa\\\/#\\\/schema\\\/person\\\/0aa3bd0dbaabaead6089ee3dd0cd7ae5\"},\"headline\":\"Centroam\u00e9rica tambi\u00e9n es un destino mochilero\",\"datePublished\":\"2023-11-21T09:51:23+00:00\",\"mainEntityOfPage\":{\"@id\":\"https:\\\/\\\/www.visitcentroamerica.com\\\/sala-prensa\\\/viajar\\\/aventura\\\/centroamerica-tambien-es-un-destino-mochilero\\\/\"},\"wordCount\":254,\"commentCount\":0,\"image\":{\"@id\":\"https:\\\/\\\/www.visitcentroamerica.com\\\/sala-prensa\\\/viajar\\\/aventura\\\/centroamerica-tambien-es-un-destino-mochilero\\\/#primaryimage\"},\"thumbnailUrl\":\"https:\\\/\\\/www.visitcentroamerica.com\\\/sala-prensa\\\/wp-content\\\/uploads\\\/2023\\\/11\\\/Centroamerica-tambien-es-un-destino-mochilero.jpg\",\"articleSection\":[\"Aventura\"],\"inLanguage\":\"es\",\"potentialAction\":[{\"@type\":\"CommentAction\",\"name\":\"Comment\",\"target\":[\"https:\\\/\\\/www.visitcentroamerica.com\\\/sala-prensa\\\/viajar\\\/aventura\\\/centroamerica-tambien-es-un-destino-mochilero\\\/#respond\"]}]},{\"@type\":\"WebPage\",\"@id\":\"https:\\\/\\\/www.visitcentroamerica.com\\\/sala-prensa\\\/viajar\\\/aventura\\\/centroamerica-tambien-es-un-destino-mochilero\\\/\",\"url\":\"https:\\\/\\\/www.visitcentroamerica.com\\\/sala-prensa\\\/viajar\\\/aventura\\\/centroamerica-tambien-es-un-destino-mochilero\\\/\",\"name\":\"Viajar como mochilero en Centroam\u00e9rica\",\"isPartOf\":{\"@id\":\"https:\\\/\\\/www.visitcentroamerica.com\\\/sala-prensa\\\/#website\"},\"primaryImageOfPage\":{\"@id\":\"https:\\\/\\\/www.visitcentroamerica.com\\\/sala-prensa\\\/viajar\\\/aventura\\\/centroamerica-tambien-es-un-destino-mochilero\\\/#primaryimage\"},\"image\":{\"@id\":\"https:\\\/\\\/www.visitcentroamerica.com\\\/sala-prensa\\\/viajar\\\/aventura\\\/centroamerica-tambien-es-un-destino-mochilero\\\/#primaryimage\"},\"thumbnailUrl\":\"https:\\\/\\\/www.visitcentroamerica.com\\\/sala-prensa\\\/wp-content\\\/uploads\\\/2023\\\/11\\\/Centroamerica-tambien-es-un-destino-mochilero.jpg\",\"datePublished\":\"2023-11-21T09:51:23+00:00\",\"author\":{\"@id\":\"https:\\\/\\\/www.visitcentroamerica.com\\\/sala-prensa\\\/#\\\/schema\\\/person\\\/0aa3bd0dbaabaead6089ee3dd0cd7ae5\"},\"description\":\"\u00bfQuieres algunos consejos para viajar como mochilero en Centroam\u00e9rica? Te hablamos de algunas cosas que seguro que no sab\u00edas y te vendr\u00e1n genial en tu ruta\",\"breadcrumb\":{\"@id\":\"https:\\\/\\\/www.visitcentroamerica.com\\\/sala-prensa\\\/viajar\\\/aventura\\\/centroamerica-tambien-es-un-destino-mochilero\\\/#breadcrumb\"},\"inLanguage\":\"es\",\"potentialAction\":[{\"@type\":\"ReadAction\",\"target\":[\"https:\\\/\\\/www.visitcentroamerica.com\\\/sala-prensa\\\/viajar\\\/aventura\\\/centroamerica-tambien-es-un-destino-mochilero\\\/\"]}]},{\"@type\":\"ImageObject\",\"inLanguage\":\"es\",\"@id\":\"https:\\\/\\\/www.visitcentroamerica.com\\\/sala-prensa\\\/viajar\\\/aventura\\\/centroamerica-tambien-es-un-destino-mochilero\\\/#primaryimage\",\"url\":\"https:\\\/\\\/www.visitcentroamerica.com\\\/sala-prensa\\\/wp-content\\\/uploads\\\/2023\\\/11\\\/Centroamerica-tambien-es-un-destino-mochilero.jpg\",\"contentUrl\":\"https:\\\/\\\/www.visitcentroamerica.com\\\/sala-prensa\\\/wp-content\\\/uploads\\\/2023\\\/11\\\/Centroamerica-tambien-es-un-destino-mochilero.jpg\",\"width\":1200,\"height\":600},{\"@type\":\"BreadcrumbList\",\"@id\":\"https:\\\/\\\/www.visitcentroamerica.com\\\/sala-prensa\\\/viajar\\\/aventura\\\/centroamerica-tambien-es-un-destino-mochilero\\\/#breadcrumb\",\"itemListElement\":[{\"@type\":\"ListItem\",\"position\":1,\"name\":\"Portada\",\"item\":\"https:\\\/\\\/www.visitcentroamerica.com\\\/sala-prensa\\\/\"},{\"@type\":\"ListItem\",\"position\":2,\"name\":\"Centroam\u00e9rica tambi\u00e9n es un destino mochilero\"}]},{\"@type\":\"WebSite\",\"@id\":\"https:\\\/\\\/www.visitcentroamerica.com\\\/sala-prensa\\\/#website\",\"url\":\"https:\\\/\\\/www.visitcentroamerica.com\\\/sala-prensa\\\/\",\"name\":\"Sala de prensa\",\"description\":\"\",\"potentialAction\":[{\"@type\":\"SearchAction\",\"target\":{\"@type\":\"EntryPoint\",\"urlTemplate\":\"https:\\\/\\\/www.visitcentroamerica.com\\\/sala-prensa\\\/?s={search_term_string}\"},\"query-input\":{\"@type\":\"PropertyValueSpecification\",\"valueRequired\":true,\"valueName\":\"search_term_string\"}}],\"inLanguage\":\"es\"},{\"@type\":\"Person\",\"@id\":\"https:\\\/\\\/www.visitcentroamerica.com\\\/sala-prensa\\\/#\\\/schema\\\/person\\\/0aa3bd0dbaabaead6089ee3dd0cd7ae5\",\"name\":\"Denis Alvarado\",\"image\":{\"@type\":\"ImageObject\",\"inLanguage\":\"es\",\"@id\":\"https:\\\/\\\/secure.gravatar.com\\\/avatar\\\/c31f0697f6edb7c68d5dedc2ccbd548d2a9f73aa293e81c6a1425229ec4c9135?s=96&d=mm&r=g\",\"url\":\"https:\\\/\\\/secure.gravatar.com\\\/avatar\\\/c31f0697f6edb7c68d5dedc2ccbd548d2a9f73aa293e81c6a1425229ec4c9135?s=96&d=mm&r=g\",\"contentUrl\":\"https:\\\/\\\/secure.gravatar.com\\\/avatar\\\/c31f0697f6edb7c68d5dedc2ccbd548d2a9f73aa293e81c6a1425229ec4c9135?s=96&d=mm&r=g\",\"caption\":\"Denis Alvarado\"},\"url\":\"https:\\\/\\\/www.visitcentroamerica.com\\\/sala-prensa\\\/author\\\/denis\\\/\"}]}<\/script>\n<!-- \/ Yoast SEO plugin. -->","yoast_head_json":{"title":"Viajar como mochilero en Centroam\u00e9rica","description":"\u00bfQuieres algunos consejos para viajar como mochilero en Centroam\u00e9rica? Te hablamos de algunas cosas que seguro que no sab\u00edas y te vendr\u00e1n genial en tu ruta","robots":{"index":"index","follow":"follow","max-snippet":"max-snippet:-1","max-image-preview":"max-image-preview:large","max-video-preview":"max-video-preview:-1"},"canonical":"https:\/\/www.visitcentroamerica.com\/sala-prensa\/viajar\/aventura\/centroamerica-tambien-es-un-destino-mochilero\/","og_locale":"es_ES","og_type":"article","og_title":"Viajar como mochilero en Centroam\u00e9rica","og_description":"\u00bfQuieres algunos consejos para viajar como mochilero en Centroam\u00e9rica? Te hablamos de algunas cosas que seguro que no sab\u00edas y te vendr\u00e1n genial en tu ruta","og_url":"https:\/\/www.visitcentroamerica.com\/sala-prensa\/viajar\/aventura\/centroamerica-tambien-es-un-destino-mochilero\/","og_site_name":"Sala de prensa","article_published_time":"2023-11-21T09:51:23+00:00","og_image":[{"width":1200,"height":600,"url":"https:\/\/www.visitcentroamerica.com\/sala-prensa\/wp-content\/uploads\/2023\/11\/Centroamerica-tambien-es-un-destino-mochilero.jpg","type":"image\/jpeg"}],"author":"Denis Alvarado","twitter_card":"summary_large_image","twitter_misc":{"Escrito por":"Denis Alvarado","Tiempo de lectura":"2 minutos"},"schema":{"@context":"https:\/\/schema.org","@graph":[{"@type":"Article","@id":"https:\/\/www.visitcentroamerica.com\/sala-prensa\/viajar\/aventura\/centroamerica-tambien-es-un-destino-mochilero\/#article","isPartOf":{"@id":"https:\/\/www.visitcentroamerica.com\/sala-prensa\/viajar\/aventura\/centroamerica-tambien-es-un-destino-mochilero\/"},"author":{"name":"Denis Alvarado","@id":"https:\/\/www.visitcentroamerica.com\/sala-prensa\/#\/schema\/person\/0aa3bd0dbaabaead6089ee3dd0cd7ae5"},"headline":"Centroam\u00e9rica tambi\u00e9n es un destino mochilero","datePublished":"2023-11-21T09:51:23+00:00","mainEntityOfPage":{"@id":"https:\/\/www.visitcentroamerica.com\/sala-prensa\/viajar\/aventura\/centroamerica-tambien-es-un-destino-mochilero\/"},"wordCount":254,"commentCount":0,"image":{"@id":"https:\/\/www.visitcentroamerica.com\/sala-prensa\/viajar\/aventura\/centroamerica-tambien-es-un-destino-mochilero\/#primaryimage"},"thumbnailUrl":"https:\/\/www.visitcentroamerica.com\/sala-prensa\/wp-content\/uploads\/2023\/11\/Centroamerica-tambien-es-un-destino-mochilero.jpg","articleSection":["Aventura"],"inLanguage":"es","potentialAction":[{"@type":"CommentAction","name":"Comment","target":["https:\/\/www.visitcentroamerica.com\/sala-prensa\/viajar\/aventura\/centroamerica-tambien-es-un-destino-mochilero\/#respond"]}]},{"@type":"WebPage","@id":"https:\/\/www.visitcentroamerica.com\/sala-prensa\/viajar\/aventura\/centroamerica-tambien-es-un-destino-mochilero\/","url":"https:\/\/www.visitcentroamerica.com\/sala-prensa\/viajar\/aventura\/centroamerica-tambien-es-un-destino-mochilero\/","name":"Viajar como mochilero en Centroam\u00e9rica","isPartOf":{"@id":"https:\/\/www.visitcentroamerica.com\/sala-prensa\/#website"},"primaryImageOfPage":{"@id":"https:\/\/www.visitcentroamerica.com\/sala-prensa\/viajar\/aventura\/centroamerica-tambien-es-un-destino-mochilero\/#primaryimage"},"image":{"@id":"https:\/\/www.visitcentroamerica.com\/sala-prensa\/viajar\/aventura\/centroamerica-tambien-es-un-destino-mochilero\/#primaryimage"},"thumbnailUrl":"https:\/\/www.visitcentroamerica.com\/sala-prensa\/wp-content\/uploads\/2023\/11\/Centroamerica-tambien-es-un-destino-mochilero.jpg","datePublished":"2023-11-21T09:51:23+00:00","author":{"@id":"https:\/\/www.visitcentroamerica.com\/sala-prensa\/#\/schema\/person\/0aa3bd0dbaabaead6089ee3dd0cd7ae5"},"description":"\u00bfQuieres algunos consejos para viajar como mochilero en Centroam\u00e9rica? Te hablamos de algunas cosas que seguro que no sab\u00edas y te vendr\u00e1n genial en tu ruta","breadcrumb":{"@id":"https:\/\/www.visitcentroamerica.com\/sala-prensa\/viajar\/aventura\/centroamerica-tambien-es-un-destino-mochilero\/#breadcrumb"},"inLanguage":"es","potentialAction":[{"@type":"ReadAction","target":["https:\/\/www.visitcentroamerica.com\/sala-prensa\/viajar\/aventura\/centroamerica-tambien-es-un-destino-mochilero\/"]}]},{"@type":"ImageObject","inLanguage":"es","@id":"https:\/\/www.visitcentroamerica.com\/sala-prensa\/viajar\/aventura\/centroamerica-tambien-es-un-destino-mochilero\/#primaryimage","url":"https:\/\/www.visitcentroamerica.com\/sala-prensa\/wp-content\/uploads\/2023\/11\/Centroamerica-tambien-es-un-destino-mochilero.jpg","contentUrl":"https:\/\/www.visitcentroamerica.com\/sala-prensa\/wp-content\/uploads\/2023\/11\/Centroamerica-tambien-es-un-destino-mochilero.jpg","width":1200,"height":600},{"@type":"BreadcrumbList","@id":"https:\/\/www.visitcentroamerica.com\/sala-prensa\/viajar\/aventura\/centroamerica-tambien-es-un-destino-mochilero\/#breadcrumb","itemListElement":[{"@type":"ListItem","position":1,"name":"Portada","item":"https:\/\/www.visitcentroamerica.com\/sala-prensa\/"},{"@type":"ListItem","position":2,"name":"Centroam\u00e9rica tambi\u00e9n es un destino mochilero"}]},{"@type":"WebSite","@id":"https:\/\/www.visitcentroamerica.com\/sala-prensa\/#website","url":"https:\/\/www.visitcentroamerica.com\/sala-prensa\/","name":"Sala de prensa","description":"","potentialAction":[{"@type":"SearchAction","target":{"@type":"EntryPoint","urlTemplate":"https:\/\/www.visitcentroamerica.com\/sala-prensa\/?s={search_term_string}"},"query-input":{"@type":"PropertyValueSpecification","valueRequired":true,"valueName":"search_term_string"}}],"inLanguage":"es"},{"@type":"Person","@id":"https:\/\/www.visitcentroamerica.com\/sala-prensa\/#\/schema\/person\/0aa3bd0dbaabaead6089ee3dd0cd7ae5","name":"Denis Alvarado","image":{"@type":"ImageObject","inLanguage":"es","@id":"https:\/\/secure.gravatar.com\/avatar\/c31f0697f6edb7c68d5dedc2ccbd548d2a9f73aa293e81c6a1425229ec4c9135?s=96&d=mm&r=g","url":"https:\/\/secure.gravatar.com\/avatar\/c31f0697f6edb7c68d5dedc2ccbd548d2a9f73aa293e81c6a1425229ec4c9135?s=96&d=mm&r=g","contentUrl":"https:\/\/secure.gravatar.com\/avatar\/c31f0697f6edb7c68d5dedc2ccbd548d2a9f73aa293e81c6a1425229ec4c9135?s=96&d=mm&r=g","caption":"Denis Alvarado"},"url":"https:\/\/www.visitcentroamerica.com\/sala-prensa\/author\/denis\/"}]}},"_links":{"self":[{"href":"https:\/\/www.visitcentroamerica.com\/sala-prensa\/wp-json\/wp\/v2\/posts\/14762","targetHints":{"allow":["GET"]}}],"collection":[{"href":"https:\/\/www.visitcentroamerica.com\/sala-prensa\/wp-json\/wp\/v2\/posts"}],"about":[{"href":"https:\/\/www.visitcentroamerica.com\/sala-prensa\/wp-json\/wp\/v2\/types\/post"}],"author":[{"embeddable":true,"href":"https:\/\/www.visitcentroamerica.com\/sala-prensa\/wp-json\/wp\/v2\/users\/5"}],"replies":[{"embeddable":true,"href":"https:\/\/www.visitcentroamerica.com\/sala-prensa\/wp-json\/wp\/v2\/comments?post=14762"}],"version-history":[{"count":1,"href":"https:\/\/www.visitcentroamerica.com\/sala-prensa\/wp-json\/wp\/v2\/posts\/14762\/revisions"}],"predecessor-version":[{"id":14763,"href":"https:\/\/www.visitcentroamerica.com\/sala-prensa\/wp-json\/wp\/v2\/posts\/14762\/revisions\/14763"}],"wp:featuredmedia":[{"embeddable":true,"href":"https:\/\/www.visitcentroamerica.com\/sala-prensa\/wp-json\/wp\/v2\/media\/14734"}],"wp:attachment":[{"href":"https:\/\/www.visitcentroamerica.com\/sala-prensa\/wp-json\/wp\/v2\/media?parent=14762"}],"wp:term":[{"taxonomy":"category","embeddable":true,"href":"https:\/\/www.visitcentroamerica.com\/sala-prensa\/wp-json\/wp\/v2\/categories?post=14762"},{"taxonomy":"post_tag","embeddable":true,"href":"https:\/\/www.visitcentroamerica.com\/sala-prensa\/wp-json\/wp\/v2\/tags?post=14762"}],"curies":[{"name":"wp","href":"https:\/\/api.w.org\/{rel}","templated":true}]}}