{"id":14690,"date":"2023-10-14T11:00:44","date_gmt":"2023-10-14T09:00:44","guid":{"rendered":"https:\/\/www.visitcentroamerica.com\/sala-prensa\/?p=14690"},"modified":"2023-10-17T08:53:30","modified_gmt":"2023-10-17T06:53:30","slug":"encuentro-con-la-biodiversidad-en-panama-belice-y-el-salvador","status":"publish","type":"post","link":"https:\/\/www.visitcentroamerica.com\/sala-prensa\/viajar\/naturaleza\/encuentro-con-la-biodiversidad-en-panama-belice-y-el-salvador\/","title":{"rendered":"Encuentro con la biodiversidad en Panam\u00e1, Belice y El Salvador"},"content":{"rendered":"<p><img loading=\"lazy\" decoding=\"async\" class=\"alignnone size-full wp-image-14681\" src=\"https:\/\/www.visitcentroamerica.com\/sala-prensa\/wp-content\/uploads\/2023\/10\/Encuentro-con-la-biodiversidad-en-Panama-Belice-y-El-salvador-.jpg\" alt=\"\" width=\"1200\" height=\"600\" srcset=\"https:\/\/www.visitcentroamerica.com\/sala-prensa\/wp-content\/uploads\/2023\/10\/Encuentro-con-la-biodiversidad-en-Panama-Belice-y-El-salvador-.jpg 1200w, https:\/\/www.visitcentroamerica.com\/sala-prensa\/wp-content\/uploads\/2023\/10\/Encuentro-con-la-biodiversidad-en-Panama-Belice-y-El-salvador--300x150.jpg 300w, https:\/\/www.visitcentroamerica.com\/sala-prensa\/wp-content\/uploads\/2023\/10\/Encuentro-con-la-biodiversidad-en-Panama-Belice-y-El-salvador--1024x512.jpg 1024w, https:\/\/www.visitcentroamerica.com\/sala-prensa\/wp-content\/uploads\/2023\/10\/Encuentro-con-la-biodiversidad-en-Panama-Belice-y-El-salvador--768x384.jpg 768w, https:\/\/www.visitcentroamerica.com\/sala-prensa\/wp-content\/uploads\/2023\/10\/Encuentro-con-la-biodiversidad-en-Panama-Belice-y-El-salvador--696x348.jpg 696w, https:\/\/www.visitcentroamerica.com\/sala-prensa\/wp-content\/uploads\/2023\/10\/Encuentro-con-la-biodiversidad-en-Panama-Belice-y-El-salvador--1068x534.jpg 1068w, https:\/\/www.visitcentroamerica.com\/sala-prensa\/wp-content\/uploads\/2023\/10\/Encuentro-con-la-biodiversidad-en-Panama-Belice-y-El-salvador--840x420.jpg 840w, https:\/\/www.visitcentroamerica.com\/sala-prensa\/wp-content\/uploads\/2023\/10\/Encuentro-con-la-biodiversidad-en-Panama-Belice-y-El-salvador--500x250.jpg 500w\" sizes=\"auto, (max-width: 1200px) 100vw, 1200px\" \/><\/p>\n<p>Apostar por un viaje centrado en la <strong>biodiversidad en Centroam\u00e9rica<\/strong> te har\u00e1 descubrir un mundo natural extraordinario que recordar\u00e1s siempre. Esta zona del globo esconde parajes naturales \u00fanicos en los que las especies conviven en armon\u00eda. Para conocerla, nada mejor que decantarte por <strong>una opci\u00f3n multidestino <\/strong>que te permita explorar diversos lugares y todo lo que esconden.<\/p>\n<h2>Los parques naturales de Panam\u00e1, el gran tesoro por descubrir<\/h2>\n<p>Empezamos nuestro viaje en Panam\u00e1, hogar del<strong> 9 % de las especies de aves conocidas en todo el mundo<\/strong> (suman m\u00e1s especies que Europa y Am\u00e9rica del Norte juntas). Este territorio es un punto de conexi\u00f3n entre el norte y el sur del continente americano. Esto lo ha convertido en un lugar de uni\u00f3n de la flora y la fauna con una riqueza natural inigualable.<\/p>\n<p>Para disfrutar de todos estos tesoros, nada mejor que ir a alguno de los <strong>parques naturales de Panam\u00e1<\/strong>. Uno de ellos es el <a href=\"https:\/\/www.laestrella.com.pa\/cafe-estrella\/destinoestrella\/230211\/volcan-baru-atractivo-turistico-obligado\" target=\"_blank\" rel=\"noopener\">Volc\u00e1n Bar\u00fa,<\/a> que acoge el punto m\u00e1s alto del pa\u00eds. Cuenta con cinco ecosistemas y all\u00ed podr\u00e1s contemplar una espectacular puesta de sol.<\/p>\n<p>Por otro lado, puedes optar por el <a href=\"https:\/\/santafepanama.org\/es\/santa-fe-national-park\/\" target=\"_blank\" rel=\"noopener\"><strong>Parque Nacional Santa Fe<\/strong><\/a><strong>, <\/strong>en plena selva tropical. Sus cascadas son uno de los grandes atractivos, pero la visita tambi\u00e9n merece la pena por los seres vivos que se esconden en la espesura. Un espacio para vivir una aut\u00e9ntica aventura en la naturaleza, ya que <strong>no dispone de zonas urbanizadas.<\/strong><\/p>\n<h2>La gran barrera de coral como centro de la biodiversidad en Belice<\/h2>\n<p>La siguiente parada se sit\u00faa en Belice, <strong>un pa\u00eds ba\u00f1ado por las turquesas aguas del Caribe<\/strong>. Hablar de biodiversidad en este pa\u00eds es pensar en la <a href=\"https:\/\/www.bbc.com\/mundo\/noticias-44636535\" target=\"_blank\" rel=\"noopener\">Barrera de Coral,<\/a> una de las m\u00e1s grandes del mundo. Si eres amante del buceo o el <em>snorkel, <\/em>descubrir\u00e1s un mundo submarino \u00fanico con sus peces multicolor.<\/p>\n<p>Pero, un territorio en el que el<strong> 75 % es selva<\/strong>, esconde mucho m\u00e1s. La flora es uno de sus m\u00faltiples atractivos de los atractivos; los zapotes, las caobas o las gigantes ceibas son algunas de las especies arb\u00f3reas aut\u00f3ctonas de la zona. Todo ello acompa\u00f1ado de animales como monos aulladores, jaguares, iguanas o coat\u00edes.<\/p>\n<p>Una <strong>menci\u00f3n aparte se merecen las aves<\/strong>. Loros, tucanes o fragatas tienen en este peque\u00f1o territorio su h\u00e1bitat natural. Si eres aficionado a la ornitolog\u00eda, es una parada imprescindible en tu <strong>viaje multidestino por Centroam\u00e9rica.<\/strong><\/p>\n<h2>El Salvador, un pa\u00eds donde la ciudad se une a la naturaleza<\/h2>\n<p>Para terminar nuestro tr\u00edptico, hacemos parada en <a href=\"https:\/\/www.mitur.gob.sv\/\" target=\"_blank\" rel=\"noopener\">El Salvador<\/a>. En este caso, en busca de una alternativa distinta, un lugar en el que <strong>fusionar la naturaleza y la ciudad<\/strong>. Esto es lo que ofrece la capital del pa\u00eds, San Salvador.<\/p>\n<p>A menos de una hora de camino, descubrir\u00e1s el \u00e1rea natural de <a href=\"https:\/\/www.corsatur.gob.sv\/servicios\/parque-nacional-el-boqueron\/\" target=\"_blank\" rel=\"noopener\">El Boquer\u00f3n<\/a>. Se trata de una reserva muy popular llena de senderos. En ella, podr\u00e1s disfrutar de mapaches o venados mientras visitas el cr\u00e1ter de un volc\u00e1n.<\/p>\n<p>Otra opci\u00f3n, con una amplia variedad de actividades, es el <strong>Parque Bicentenario<\/strong>. Este lugar organiza muchas charlas y talleres con los que explorar\u00e1s la rica biodiversidad del pa\u00eds y conocer\u00e1s c\u00f3mo, desde las instituciones, se contribuye a su cuidado. De igual forma, podr\u00e1s llevar a cabo una larga lista de visitas guiadas para ver los reptiles y anfibios que viven en este inmenso espacio verde.<\/p>\n<p>La <strong>biodiversidad en Centroam\u00e9rica<\/strong> es una <strong>opci\u00f3n de turismo multidestino \u00fanica<\/strong>. Con ella, recorrer\u00e1s sus parajes naturales al mismo tiempo que te sumerges en una cultura rica y diversa. Disfruta de Panam\u00e1, Belice y El Salvador con un viaje que transcurra por ellos tres. Echa un vistazo a nuestro <a href=\"https:\/\/www.visitcentroamerica.com\/packages\/caribe-verde-azul\/\" target=\"_blank\" rel=\"noopener\"><em>tour <\/em>multidestino Caribe verde azul<\/a>, \u00a1te fascinar\u00e1!<\/p>\n<p>Experiencias: <a href=\"https:\/\/www.visitcentroamerica.com\/experiencias\/natural\/\" target=\"_blank\" rel=\"noopener\">Centroam\u00e9rica Natural<\/a> &#8211; <a href=\"https:\/\/www.visitcentroamerica.com\/experiencias\/romantic-central-america\/\" target=\"_blank\" rel=\"noopener\">Centroam\u00e9rica Rom\u00e1ntica<\/a><\/p>\n","protected":false},"excerpt":{"rendered":"<p>Apostar por un viaje centrado en la biodiversidad en Centroam\u00e9rica te har\u00e1 descubrir un mundo natural extraordinario que recordar\u00e1s siempre. Esta zona del globo esconde parajes naturales \u00fanicos en los que las especies conviven en armon\u00eda. Para conocerla, nada mejor que decantarte por una opci\u00f3n multidestino que te permita explorar diversos lugares y todo lo [&hellip;]<\/p>\n","protected":false},"author":5,"featured_media":14681,"comment_status":"open","ping_status":"closed","sticky":false,"template":"","format":"standard","meta":{"footnotes":""},"categories":[32],"tags":[],"class_list":{"0":"post-14690","1":"post","2":"type-post","3":"status-publish","4":"format-standard","5":"has-post-thumbnail","7":"category-naturaleza"},"yoast_head":"<!-- This site is optimized with the Yoast SEO plugin v27.3 - https:\/\/yoast.com\/product\/yoast-seo-wordpress\/ -->\n<title>La biodiversidad en Centroam\u00e9rica, una opci\u00f3n de turismo diferente<\/title>\n<meta name=\"description\" content=\"Disfruta de la biodiversidad en Centroam\u00e9rica y descubre tres pa\u00edses \u00fanicos con muchas cosas que ofrecer. Cada uno te sorprender\u00e1 de una manera diferente\" \/>\n<meta name=\"robots\" content=\"index, follow, max-snippet:-1, max-image-preview:large, max-video-preview:-1\" \/>\n<link rel=\"canonical\" href=\"https:\/\/www.visitcentroamerica.com\/sala-prensa\/viajar\/naturaleza\/encuentro-con-la-biodiversidad-en-panama-belice-y-el-salvador\/\" \/>\n<meta property=\"og:locale\" content=\"es_ES\" \/>\n<meta property=\"og:type\" content=\"article\" \/>\n<meta property=\"og:title\" content=\"La biodiversidad en Centroam\u00e9rica, una opci\u00f3n de turismo diferente\" \/>\n<meta property=\"og:description\" content=\"Disfruta de la biodiversidad en Centroam\u00e9rica y descubre tres pa\u00edses \u00fanicos con muchas cosas que ofrecer. Cada uno te sorprender\u00e1 de una manera diferente\" \/>\n<meta property=\"og:url\" content=\"https:\/\/www.visitcentroamerica.com\/sala-prensa\/viajar\/naturaleza\/encuentro-con-la-biodiversidad-en-panama-belice-y-el-salvador\/\" \/>\n<meta property=\"og:site_name\" content=\"Sala de prensa\" \/>\n<meta property=\"article:published_time\" content=\"2023-10-14T09:00:44+00:00\" \/>\n<meta property=\"article:modified_time\" content=\"2023-10-17T06:53:30+00:00\" \/>\n<meta property=\"og:image\" content=\"https:\/\/www.visitcentroamerica.com\/sala-prensa\/wp-content\/uploads\/2023\/10\/Encuentro-con-la-biodiversidad-en-Panama-Belice-y-El-salvador-.jpg\" \/>\n\t<meta property=\"og:image:width\" content=\"1200\" \/>\n\t<meta property=\"og:image:height\" content=\"600\" \/>\n\t<meta property=\"og:image:type\" content=\"image\/jpeg\" \/>\n<meta name=\"author\" content=\"Denis Alvarado\" \/>\n<meta name=\"twitter:card\" content=\"summary_large_image\" \/>\n<meta name=\"twitter:label1\" content=\"Escrito por\" \/>\n\t<meta name=\"twitter:data1\" content=\"Denis Alvarado\" \/>\n\t<meta name=\"twitter:label2\" content=\"Tiempo de lectura\" \/>\n\t<meta name=\"twitter:data2\" content=\"3 minutos\" \/>\n<script type=\"application\/ld+json\" class=\"yoast-schema-graph\">{\"@context\":\"https:\\\/\\\/schema.org\",\"@graph\":[{\"@type\":\"Article\",\"@id\":\"https:\\\/\\\/www.visitcentroamerica.com\\\/sala-prensa\\\/viajar\\\/naturaleza\\\/encuentro-con-la-biodiversidad-en-panama-belice-y-el-salvador\\\/#article\",\"isPartOf\":{\"@id\":\"https:\\\/\\\/www.visitcentroamerica.com\\\/sala-prensa\\\/viajar\\\/naturaleza\\\/encuentro-con-la-biodiversidad-en-panama-belice-y-el-salvador\\\/\"},\"author\":{\"name\":\"Denis Alvarado\",\"@id\":\"https:\\\/\\\/www.visitcentroamerica.com\\\/sala-prensa\\\/#\\\/schema\\\/person\\\/0aa3bd0dbaabaead6089ee3dd0cd7ae5\"},\"headline\":\"Encuentro con la biodiversidad en Panam\u00e1, Belice y El Salvador\",\"datePublished\":\"2023-10-14T09:00:44+00:00\",\"dateModified\":\"2023-10-17T06:53:30+00:00\",\"mainEntityOfPage\":{\"@id\":\"https:\\\/\\\/www.visitcentroamerica.com\\\/sala-prensa\\\/viajar\\\/naturaleza\\\/encuentro-con-la-biodiversidad-en-panama-belice-y-el-salvador\\\/\"},\"wordCount\":665,\"commentCount\":0,\"image\":{\"@id\":\"https:\\\/\\\/www.visitcentroamerica.com\\\/sala-prensa\\\/viajar\\\/naturaleza\\\/encuentro-con-la-biodiversidad-en-panama-belice-y-el-salvador\\\/#primaryimage\"},\"thumbnailUrl\":\"https:\\\/\\\/www.visitcentroamerica.com\\\/sala-prensa\\\/wp-content\\\/uploads\\\/2023\\\/10\\\/Encuentro-con-la-biodiversidad-en-Panama-Belice-y-El-salvador-.jpg\",\"articleSection\":[\"Naturaleza\"],\"inLanguage\":\"es\",\"potentialAction\":[{\"@type\":\"CommentAction\",\"name\":\"Comment\",\"target\":[\"https:\\\/\\\/www.visitcentroamerica.com\\\/sala-prensa\\\/viajar\\\/naturaleza\\\/encuentro-con-la-biodiversidad-en-panama-belice-y-el-salvador\\\/#respond\"]}]},{\"@type\":\"WebPage\",\"@id\":\"https:\\\/\\\/www.visitcentroamerica.com\\\/sala-prensa\\\/viajar\\\/naturaleza\\\/encuentro-con-la-biodiversidad-en-panama-belice-y-el-salvador\\\/\",\"url\":\"https:\\\/\\\/www.visitcentroamerica.com\\\/sala-prensa\\\/viajar\\\/naturaleza\\\/encuentro-con-la-biodiversidad-en-panama-belice-y-el-salvador\\\/\",\"name\":\"La biodiversidad en Centroam\u00e9rica, una opci\u00f3n de turismo diferente\",\"isPartOf\":{\"@id\":\"https:\\\/\\\/www.visitcentroamerica.com\\\/sala-prensa\\\/#website\"},\"primaryImageOfPage\":{\"@id\":\"https:\\\/\\\/www.visitcentroamerica.com\\\/sala-prensa\\\/viajar\\\/naturaleza\\\/encuentro-con-la-biodiversidad-en-panama-belice-y-el-salvador\\\/#primaryimage\"},\"image\":{\"@id\":\"https:\\\/\\\/www.visitcentroamerica.com\\\/sala-prensa\\\/viajar\\\/naturaleza\\\/encuentro-con-la-biodiversidad-en-panama-belice-y-el-salvador\\\/#primaryimage\"},\"thumbnailUrl\":\"https:\\\/\\\/www.visitcentroamerica.com\\\/sala-prensa\\\/wp-content\\\/uploads\\\/2023\\\/10\\\/Encuentro-con-la-biodiversidad-en-Panama-Belice-y-El-salvador-.jpg\",\"datePublished\":\"2023-10-14T09:00:44+00:00\",\"dateModified\":\"2023-10-17T06:53:30+00:00\",\"author\":{\"@id\":\"https:\\\/\\\/www.visitcentroamerica.com\\\/sala-prensa\\\/#\\\/schema\\\/person\\\/0aa3bd0dbaabaead6089ee3dd0cd7ae5\"},\"description\":\"Disfruta de la biodiversidad en Centroam\u00e9rica y descubre tres pa\u00edses \u00fanicos con muchas cosas que ofrecer. Cada uno te sorprender\u00e1 de una manera diferente\",\"breadcrumb\":{\"@id\":\"https:\\\/\\\/www.visitcentroamerica.com\\\/sala-prensa\\\/viajar\\\/naturaleza\\\/encuentro-con-la-biodiversidad-en-panama-belice-y-el-salvador\\\/#breadcrumb\"},\"inLanguage\":\"es\",\"potentialAction\":[{\"@type\":\"ReadAction\",\"target\":[\"https:\\\/\\\/www.visitcentroamerica.com\\\/sala-prensa\\\/viajar\\\/naturaleza\\\/encuentro-con-la-biodiversidad-en-panama-belice-y-el-salvador\\\/\"]}]},{\"@type\":\"ImageObject\",\"inLanguage\":\"es\",\"@id\":\"https:\\\/\\\/www.visitcentroamerica.com\\\/sala-prensa\\\/viajar\\\/naturaleza\\\/encuentro-con-la-biodiversidad-en-panama-belice-y-el-salvador\\\/#primaryimage\",\"url\":\"https:\\\/\\\/www.visitcentroamerica.com\\\/sala-prensa\\\/wp-content\\\/uploads\\\/2023\\\/10\\\/Encuentro-con-la-biodiversidad-en-Panama-Belice-y-El-salvador-.jpg\",\"contentUrl\":\"https:\\\/\\\/www.visitcentroamerica.com\\\/sala-prensa\\\/wp-content\\\/uploads\\\/2023\\\/10\\\/Encuentro-con-la-biodiversidad-en-Panama-Belice-y-El-salvador-.jpg\",\"width\":1200,\"height\":600},{\"@type\":\"BreadcrumbList\",\"@id\":\"https:\\\/\\\/www.visitcentroamerica.com\\\/sala-prensa\\\/viajar\\\/naturaleza\\\/encuentro-con-la-biodiversidad-en-panama-belice-y-el-salvador\\\/#breadcrumb\",\"itemListElement\":[{\"@type\":\"ListItem\",\"position\":1,\"name\":\"Portada\",\"item\":\"https:\\\/\\\/www.visitcentroamerica.com\\\/sala-prensa\\\/\"},{\"@type\":\"ListItem\",\"position\":2,\"name\":\"Encuentro con la biodiversidad en Panam\u00e1, Belice y El Salvador\"}]},{\"@type\":\"WebSite\",\"@id\":\"https:\\\/\\\/www.visitcentroamerica.com\\\/sala-prensa\\\/#website\",\"url\":\"https:\\\/\\\/www.visitcentroamerica.com\\\/sala-prensa\\\/\",\"name\":\"Sala de prensa\",\"description\":\"\",\"potentialAction\":[{\"@type\":\"SearchAction\",\"target\":{\"@type\":\"EntryPoint\",\"urlTemplate\":\"https:\\\/\\\/www.visitcentroamerica.com\\\/sala-prensa\\\/?s={search_term_string}\"},\"query-input\":{\"@type\":\"PropertyValueSpecification\",\"valueRequired\":true,\"valueName\":\"search_term_string\"}}],\"inLanguage\":\"es\"},{\"@type\":\"Person\",\"@id\":\"https:\\\/\\\/www.visitcentroamerica.com\\\/sala-prensa\\\/#\\\/schema\\\/person\\\/0aa3bd0dbaabaead6089ee3dd0cd7ae5\",\"name\":\"Denis Alvarado\",\"image\":{\"@type\":\"ImageObject\",\"inLanguage\":\"es\",\"@id\":\"https:\\\/\\\/secure.gravatar.com\\\/avatar\\\/c31f0697f6edb7c68d5dedc2ccbd548d2a9f73aa293e81c6a1425229ec4c9135?s=96&d=mm&r=g\",\"url\":\"https:\\\/\\\/secure.gravatar.com\\\/avatar\\\/c31f0697f6edb7c68d5dedc2ccbd548d2a9f73aa293e81c6a1425229ec4c9135?s=96&d=mm&r=g\",\"contentUrl\":\"https:\\\/\\\/secure.gravatar.com\\\/avatar\\\/c31f0697f6edb7c68d5dedc2ccbd548d2a9f73aa293e81c6a1425229ec4c9135?s=96&d=mm&r=g\",\"caption\":\"Denis Alvarado\"},\"url\":\"https:\\\/\\\/www.visitcentroamerica.com\\\/sala-prensa\\\/author\\\/denis\\\/\"}]}<\/script>\n<!-- \/ Yoast SEO plugin. -->","yoast_head_json":{"title":"La biodiversidad en Centroam\u00e9rica, una opci\u00f3n de turismo diferente","description":"Disfruta de la biodiversidad en Centroam\u00e9rica y descubre tres pa\u00edses \u00fanicos con muchas cosas que ofrecer. Cada uno te sorprender\u00e1 de una manera diferente","robots":{"index":"index","follow":"follow","max-snippet":"max-snippet:-1","max-image-preview":"max-image-preview:large","max-video-preview":"max-video-preview:-1"},"canonical":"https:\/\/www.visitcentroamerica.com\/sala-prensa\/viajar\/naturaleza\/encuentro-con-la-biodiversidad-en-panama-belice-y-el-salvador\/","og_locale":"es_ES","og_type":"article","og_title":"La biodiversidad en Centroam\u00e9rica, una opci\u00f3n de turismo diferente","og_description":"Disfruta de la biodiversidad en Centroam\u00e9rica y descubre tres pa\u00edses \u00fanicos con muchas cosas que ofrecer. Cada uno te sorprender\u00e1 de una manera diferente","og_url":"https:\/\/www.visitcentroamerica.com\/sala-prensa\/viajar\/naturaleza\/encuentro-con-la-biodiversidad-en-panama-belice-y-el-salvador\/","og_site_name":"Sala de prensa","article_published_time":"2023-10-14T09:00:44+00:00","article_modified_time":"2023-10-17T06:53:30+00:00","og_image":[{"width":1200,"height":600,"url":"https:\/\/www.visitcentroamerica.com\/sala-prensa\/wp-content\/uploads\/2023\/10\/Encuentro-con-la-biodiversidad-en-Panama-Belice-y-El-salvador-.jpg","type":"image\/jpeg"}],"author":"Denis Alvarado","twitter_card":"summary_large_image","twitter_misc":{"Escrito por":"Denis Alvarado","Tiempo de lectura":"3 minutos"},"schema":{"@context":"https:\/\/schema.org","@graph":[{"@type":"Article","@id":"https:\/\/www.visitcentroamerica.com\/sala-prensa\/viajar\/naturaleza\/encuentro-con-la-biodiversidad-en-panama-belice-y-el-salvador\/#article","isPartOf":{"@id":"https:\/\/www.visitcentroamerica.com\/sala-prensa\/viajar\/naturaleza\/encuentro-con-la-biodiversidad-en-panama-belice-y-el-salvador\/"},"author":{"name":"Denis Alvarado","@id":"https:\/\/www.visitcentroamerica.com\/sala-prensa\/#\/schema\/person\/0aa3bd0dbaabaead6089ee3dd0cd7ae5"},"headline":"Encuentro con la biodiversidad en Panam\u00e1, Belice y El Salvador","datePublished":"2023-10-14T09:00:44+00:00","dateModified":"2023-10-17T06:53:30+00:00","mainEntityOfPage":{"@id":"https:\/\/www.visitcentroamerica.com\/sala-prensa\/viajar\/naturaleza\/encuentro-con-la-biodiversidad-en-panama-belice-y-el-salvador\/"},"wordCount":665,"commentCount":0,"image":{"@id":"https:\/\/www.visitcentroamerica.com\/sala-prensa\/viajar\/naturaleza\/encuentro-con-la-biodiversidad-en-panama-belice-y-el-salvador\/#primaryimage"},"thumbnailUrl":"https:\/\/www.visitcentroamerica.com\/sala-prensa\/wp-content\/uploads\/2023\/10\/Encuentro-con-la-biodiversidad-en-Panama-Belice-y-El-salvador-.jpg","articleSection":["Naturaleza"],"inLanguage":"es","potentialAction":[{"@type":"CommentAction","name":"Comment","target":["https:\/\/www.visitcentroamerica.com\/sala-prensa\/viajar\/naturaleza\/encuentro-con-la-biodiversidad-en-panama-belice-y-el-salvador\/#respond"]}]},{"@type":"WebPage","@id":"https:\/\/www.visitcentroamerica.com\/sala-prensa\/viajar\/naturaleza\/encuentro-con-la-biodiversidad-en-panama-belice-y-el-salvador\/","url":"https:\/\/www.visitcentroamerica.com\/sala-prensa\/viajar\/naturaleza\/encuentro-con-la-biodiversidad-en-panama-belice-y-el-salvador\/","name":"La biodiversidad en Centroam\u00e9rica, una opci\u00f3n de turismo diferente","isPartOf":{"@id":"https:\/\/www.visitcentroamerica.com\/sala-prensa\/#website"},"primaryImageOfPage":{"@id":"https:\/\/www.visitcentroamerica.com\/sala-prensa\/viajar\/naturaleza\/encuentro-con-la-biodiversidad-en-panama-belice-y-el-salvador\/#primaryimage"},"image":{"@id":"https:\/\/www.visitcentroamerica.com\/sala-prensa\/viajar\/naturaleza\/encuentro-con-la-biodiversidad-en-panama-belice-y-el-salvador\/#primaryimage"},"thumbnailUrl":"https:\/\/www.visitcentroamerica.com\/sala-prensa\/wp-content\/uploads\/2023\/10\/Encuentro-con-la-biodiversidad-en-Panama-Belice-y-El-salvador-.jpg","datePublished":"2023-10-14T09:00:44+00:00","dateModified":"2023-10-17T06:53:30+00:00","author":{"@id":"https:\/\/www.visitcentroamerica.com\/sala-prensa\/#\/schema\/person\/0aa3bd0dbaabaead6089ee3dd0cd7ae5"},"description":"Disfruta de la biodiversidad en Centroam\u00e9rica y descubre tres pa\u00edses \u00fanicos con muchas cosas que ofrecer. Cada uno te sorprender\u00e1 de una manera diferente","breadcrumb":{"@id":"https:\/\/www.visitcentroamerica.com\/sala-prensa\/viajar\/naturaleza\/encuentro-con-la-biodiversidad-en-panama-belice-y-el-salvador\/#breadcrumb"},"inLanguage":"es","potentialAction":[{"@type":"ReadAction","target":["https:\/\/www.visitcentroamerica.com\/sala-prensa\/viajar\/naturaleza\/encuentro-con-la-biodiversidad-en-panama-belice-y-el-salvador\/"]}]},{"@type":"ImageObject","inLanguage":"es","@id":"https:\/\/www.visitcentroamerica.com\/sala-prensa\/viajar\/naturaleza\/encuentro-con-la-biodiversidad-en-panama-belice-y-el-salvador\/#primaryimage","url":"https:\/\/www.visitcentroamerica.com\/sala-prensa\/wp-content\/uploads\/2023\/10\/Encuentro-con-la-biodiversidad-en-Panama-Belice-y-El-salvador-.jpg","contentUrl":"https:\/\/www.visitcentroamerica.com\/sala-prensa\/wp-content\/uploads\/2023\/10\/Encuentro-con-la-biodiversidad-en-Panama-Belice-y-El-salvador-.jpg","width":1200,"height":600},{"@type":"BreadcrumbList","@id":"https:\/\/www.visitcentroamerica.com\/sala-prensa\/viajar\/naturaleza\/encuentro-con-la-biodiversidad-en-panama-belice-y-el-salvador\/#breadcrumb","itemListElement":[{"@type":"ListItem","position":1,"name":"Portada","item":"https:\/\/www.visitcentroamerica.com\/sala-prensa\/"},{"@type":"ListItem","position":2,"name":"Encuentro con la biodiversidad en Panam\u00e1, Belice y El Salvador"}]},{"@type":"WebSite","@id":"https:\/\/www.visitcentroamerica.com\/sala-prensa\/#website","url":"https:\/\/www.visitcentroamerica.com\/sala-prensa\/","name":"Sala de prensa","description":"","potentialAction":[{"@type":"SearchAction","target":{"@type":"EntryPoint","urlTemplate":"https:\/\/www.visitcentroamerica.com\/sala-prensa\/?s={search_term_string}"},"query-input":{"@type":"PropertyValueSpecification","valueRequired":true,"valueName":"search_term_string"}}],"inLanguage":"es"},{"@type":"Person","@id":"https:\/\/www.visitcentroamerica.com\/sala-prensa\/#\/schema\/person\/0aa3bd0dbaabaead6089ee3dd0cd7ae5","name":"Denis Alvarado","image":{"@type":"ImageObject","inLanguage":"es","@id":"https:\/\/secure.gravatar.com\/avatar\/c31f0697f6edb7c68d5dedc2ccbd548d2a9f73aa293e81c6a1425229ec4c9135?s=96&d=mm&r=g","url":"https:\/\/secure.gravatar.com\/avatar\/c31f0697f6edb7c68d5dedc2ccbd548d2a9f73aa293e81c6a1425229ec4c9135?s=96&d=mm&r=g","contentUrl":"https:\/\/secure.gravatar.com\/avatar\/c31f0697f6edb7c68d5dedc2ccbd548d2a9f73aa293e81c6a1425229ec4c9135?s=96&d=mm&r=g","caption":"Denis Alvarado"},"url":"https:\/\/www.visitcentroamerica.com\/sala-prensa\/author\/denis\/"}]}},"_links":{"self":[{"href":"https:\/\/www.visitcentroamerica.com\/sala-prensa\/wp-json\/wp\/v2\/posts\/14690","targetHints":{"allow":["GET"]}}],"collection":[{"href":"https:\/\/www.visitcentroamerica.com\/sala-prensa\/wp-json\/wp\/v2\/posts"}],"about":[{"href":"https:\/\/www.visitcentroamerica.com\/sala-prensa\/wp-json\/wp\/v2\/types\/post"}],"author":[{"embeddable":true,"href":"https:\/\/www.visitcentroamerica.com\/sala-prensa\/wp-json\/wp\/v2\/users\/5"}],"replies":[{"embeddable":true,"href":"https:\/\/www.visitcentroamerica.com\/sala-prensa\/wp-json\/wp\/v2\/comments?post=14690"}],"version-history":[{"count":3,"href":"https:\/\/www.visitcentroamerica.com\/sala-prensa\/wp-json\/wp\/v2\/posts\/14690\/revisions"}],"predecessor-version":[{"id":14717,"href":"https:\/\/www.visitcentroamerica.com\/sala-prensa\/wp-json\/wp\/v2\/posts\/14690\/revisions\/14717"}],"wp:featuredmedia":[{"embeddable":true,"href":"https:\/\/www.visitcentroamerica.com\/sala-prensa\/wp-json\/wp\/v2\/media\/14681"}],"wp:attachment":[{"href":"https:\/\/www.visitcentroamerica.com\/sala-prensa\/wp-json\/wp\/v2\/media?parent=14690"}],"wp:term":[{"taxonomy":"category","embeddable":true,"href":"https:\/\/www.visitcentroamerica.com\/sala-prensa\/wp-json\/wp\/v2\/categories?post=14690"},{"taxonomy":"post_tag","embeddable":true,"href":"https:\/\/www.visitcentroamerica.com\/sala-prensa\/wp-json\/wp\/v2\/tags?post=14690"}],"curies":[{"name":"wp","href":"https:\/\/api.w.org\/{rel}","templated":true}]}}