{"id":14662,"date":"2023-09-15T09:00:23","date_gmt":"2023-09-15T07:00:23","guid":{"rendered":"https:\/\/www.visitcentroamerica.com\/sala-prensa\/?p=14662"},"modified":"2023-09-18T11:47:40","modified_gmt":"2023-09-18T09:47:40","slug":"panama-sera-sede-de-congreso-mundial-de-turismo-de-aventuras-en-2024","status":"publish","type":"post","link":"https:\/\/www.visitcentroamerica.com\/sala-prensa\/actualidad\/panama\/panama-sera-sede-de-congreso-mundial-de-turismo-de-aventuras-en-2024\/","title":{"rendered":"Panam\u00e1 ser\u00e1 sede de congreso mundial de turismo de aventuras en 2024"},"content":{"rendered":"<p><img loading=\"lazy\" decoding=\"async\" class=\"wp-image-14663 aligncenter\" src=\"https:\/\/www.visitcentroamerica.com\/sala-prensa\/wp-content\/uploads\/2023\/09\/ATWS_PANAMA2024-02-1-1024x576-1.jpeg\" alt=\"\" width=\"667\" height=\"375\" srcset=\"https:\/\/www.visitcentroamerica.com\/sala-prensa\/wp-content\/uploads\/2023\/09\/ATWS_PANAMA2024-02-1-1024x576-1.jpeg 1024w, https:\/\/www.visitcentroamerica.com\/sala-prensa\/wp-content\/uploads\/2023\/09\/ATWS_PANAMA2024-02-1-1024x576-1-300x169.jpeg 300w, https:\/\/www.visitcentroamerica.com\/sala-prensa\/wp-content\/uploads\/2023\/09\/ATWS_PANAMA2024-02-1-1024x576-1-768x432.jpeg 768w, https:\/\/www.visitcentroamerica.com\/sala-prensa\/wp-content\/uploads\/2023\/09\/ATWS_PANAMA2024-02-1-1024x576-1-696x392.jpeg 696w, https:\/\/www.visitcentroamerica.com\/sala-prensa\/wp-content\/uploads\/2023\/09\/ATWS_PANAMA2024-02-1-1024x576-1-747x420.jpeg 747w, https:\/\/www.visitcentroamerica.com\/sala-prensa\/wp-content\/uploads\/2023\/09\/ATWS_PANAMA2024-02-1-1024x576-1-500x281.jpeg 500w\" sizes=\"auto, (max-width: 667px) 100vw, 667px\" \/><\/p>\n<p>La asociaci\u00f3n mundial m\u00e1s importante de turismo de aventuras, ATTA, ha escogido a Panam\u00e1 como la pr\u00f3xima sede del Adventure Travel World Summit 2024 (del 7 al 10 de octubre), evento que posicionar\u00e1 al pa\u00eds en los mercados internacionales de turismo como destino de aventuras y convenciones, recibiendo delegaciones de compradores, expositores, periodistas y expertos en turismo de aventuras de m\u00e1s de 60 pa\u00edses del mundo.<\/p>\n<p>La Administradora General de la ATP, Denise Guill\u00e9n, fue la encargada de recibir la bandera de este evento al cierre de la versi\u00f3n 2023 de este congreso celebrado en Hokkaido, Jap\u00f3n, donde Panam\u00e1 tuvo una importante representaci\u00f3n con el tour operador ganador del primer lugar del pasado Concurso de Experiencias Innovadoras de Turismo Comunitario, presentando a la comunidad internacional la experiencia que les hizo merecedores de este premio.<\/p>\n<p>Para Guill\u00e9n esta ser\u00e1 una gran oportunidad para el pa\u00eds que en materia tur\u00edstica se ha venido trabajando junto al sector privado para potenciar nuestros atractivos y destinos, siguiendo los lineamientos del Plan Maestro de Turismo Sostenible. \u201cHemos venido prepar\u00e1ndonos para recibir este evento mundial al que asistir\u00e1n m\u00e1s de 800 personas de todo el mundo, ansiosas por explorar la extraordinaria riqueza que ofrece Panam\u00e1 como destino de turismo de aventuras. El pa\u00eds les recibe con los brazos abiertos y les dice: \u201c\u00a1Panam\u00e1, Vive por M\u00e1s!\u201d, un pa\u00eds que despierta la curiosidad en cada rinc\u00f3n\u201d, dijo la administradora.<\/p>\n<p>Desde el a\u00f1o 2017, ATTA ha venido trabajando con Panam\u00e1 para ampliar su comunidad de miembros y expertos en turismo, promoviendo la gran riqueza natural y cultural de nuestro pa\u00eds. \u201cEn 2024, la comunidad ATTA se reunir\u00e1 por primera vez en Centroam\u00e9rica y no puedo esperar a que el mundo vea y experimente todas las cosas que me enamoraron de Panam\u00e1\u201d, se\u00f1al\u00f3 Gabi Stowell, vicepresidente de ATTA.<\/p>\n<h3>Sobre ATTA<\/h3>\n<p>La Adventure Travel Trade Association es la red mundial m\u00e1s grande de l\u00edderes en viajes de aventura formada por m\u00e1s de 32,000 gu\u00edas individuales, operadores tur\u00edsticos, albergues, asesores de viajes, juntas de turismo, organizaciones de gesti\u00f3n y marketing de destinos, educadores al aire libre, empresas de equipos y medios de viajes que comparten una creencia y un compromiso con el turismo sostenible.<\/p>\n","protected":false},"excerpt":{"rendered":"<p>La asociaci\u00f3n mundial m\u00e1s importante de turismo de aventuras, ATTA, ha escogido a Panam\u00e1 como la pr\u00f3xima sede del Adventure Travel World Summit 2024 (del 7 al 10 de octubre), evento que posicionar\u00e1 al pa\u00eds en los mercados internacionales de turismo como destino de aventuras y convenciones, recibiendo delegaciones de compradores, expositores, periodistas y expertos [&hellip;]<\/p>\n","protected":false},"author":5,"featured_media":14663,"comment_status":"open","ping_status":"closed","sticky":false,"template":"","format":"standard","meta":{"footnotes":""},"categories":[3,7],"tags":[],"class_list":{"0":"post-14662","1":"post","2":"type-post","3":"status-publish","4":"format-standard","5":"has-post-thumbnail","7":"category-actualidad","8":"category-panama"},"yoast_head":"<!-- This site is optimized with the Yoast SEO plugin v27.3 - https:\/\/yoast.com\/product\/yoast-seo-wordpress\/ -->\n<title>Panam\u00e1, sede del congreso mundial de turismo de aventuras<\/title>\n<meta name=\"description\" content=\"Panam\u00e1 se convertir\u00e1 en la Cumbre Mundial de Turismo de Aventuras (ATWS), que se llevar\u00e1 a cabo en octubre del 2024\" \/>\n<meta name=\"robots\" content=\"index, follow, max-snippet:-1, max-image-preview:large, max-video-preview:-1\" \/>\n<link rel=\"canonical\" href=\"https:\/\/www.visitcentroamerica.com\/sala-prensa\/actualidad\/panama\/panama-sera-sede-de-congreso-mundial-de-turismo-de-aventuras-en-2024\/\" \/>\n<meta property=\"og:locale\" content=\"es_ES\" \/>\n<meta property=\"og:type\" content=\"article\" \/>\n<meta property=\"og:title\" content=\"Panam\u00e1, sede del congreso mundial de turismo de aventuras\" \/>\n<meta property=\"og:description\" content=\"Panam\u00e1 se convertir\u00e1 en la Cumbre Mundial de Turismo de Aventuras (ATWS), que se llevar\u00e1 a cabo en octubre del 2024\" \/>\n<meta property=\"og:url\" content=\"https:\/\/www.visitcentroamerica.com\/sala-prensa\/actualidad\/panama\/panama-sera-sede-de-congreso-mundial-de-turismo-de-aventuras-en-2024\/\" \/>\n<meta property=\"og:site_name\" content=\"Sala de prensa\" \/>\n<meta property=\"article:published_time\" content=\"2023-09-15T07:00:23+00:00\" \/>\n<meta property=\"article:modified_time\" content=\"2023-09-18T09:47:40+00:00\" \/>\n<meta property=\"og:image\" content=\"https:\/\/www.visitcentroamerica.com\/sala-prensa\/wp-content\/uploads\/2023\/09\/ATWS_PANAMA2024-02-1-1024x576-1.jpeg\" \/>\n\t<meta property=\"og:image:width\" content=\"1024\" \/>\n\t<meta property=\"og:image:height\" content=\"576\" \/>\n\t<meta property=\"og:image:type\" content=\"image\/jpeg\" \/>\n<meta name=\"author\" content=\"Denis Alvarado\" \/>\n<meta name=\"twitter:card\" content=\"summary_large_image\" \/>\n<meta name=\"twitter:label1\" content=\"Escrito por\" \/>\n\t<meta name=\"twitter:data1\" content=\"Denis Alvarado\" \/>\n\t<meta name=\"twitter:label2\" content=\"Tiempo de lectura\" \/>\n\t<meta name=\"twitter:data2\" content=\"2 minutos\" \/>\n<script type=\"application\/ld+json\" class=\"yoast-schema-graph\">{\"@context\":\"https:\\\/\\\/schema.org\",\"@graph\":[{\"@type\":\"Article\",\"@id\":\"https:\\\/\\\/www.visitcentroamerica.com\\\/sala-prensa\\\/actualidad\\\/panama\\\/panama-sera-sede-de-congreso-mundial-de-turismo-de-aventuras-en-2024\\\/#article\",\"isPartOf\":{\"@id\":\"https:\\\/\\\/www.visitcentroamerica.com\\\/sala-prensa\\\/actualidad\\\/panama\\\/panama-sera-sede-de-congreso-mundial-de-turismo-de-aventuras-en-2024\\\/\"},\"author\":{\"name\":\"Denis Alvarado\",\"@id\":\"https:\\\/\\\/www.visitcentroamerica.com\\\/sala-prensa\\\/#\\\/schema\\\/person\\\/0aa3bd0dbaabaead6089ee3dd0cd7ae5\"},\"headline\":\"Panam\u00e1 ser\u00e1 sede de congreso mundial de turismo de aventuras en 2024\",\"datePublished\":\"2023-09-15T07:00:23+00:00\",\"dateModified\":\"2023-09-18T09:47:40+00:00\",\"mainEntityOfPage\":{\"@id\":\"https:\\\/\\\/www.visitcentroamerica.com\\\/sala-prensa\\\/actualidad\\\/panama\\\/panama-sera-sede-de-congreso-mundial-de-turismo-de-aventuras-en-2024\\\/\"},\"wordCount\":395,\"commentCount\":0,\"image\":{\"@id\":\"https:\\\/\\\/www.visitcentroamerica.com\\\/sala-prensa\\\/actualidad\\\/panama\\\/panama-sera-sede-de-congreso-mundial-de-turismo-de-aventuras-en-2024\\\/#primaryimage\"},\"thumbnailUrl\":\"https:\\\/\\\/www.visitcentroamerica.com\\\/sala-prensa\\\/wp-content\\\/uploads\\\/2023\\\/09\\\/ATWS_PANAMA2024-02-1-1024x576-1.jpeg\",\"articleSection\":[\"Actualidad\",\"Panam\u00e1\"],\"inLanguage\":\"es\",\"potentialAction\":[{\"@type\":\"CommentAction\",\"name\":\"Comment\",\"target\":[\"https:\\\/\\\/www.visitcentroamerica.com\\\/sala-prensa\\\/actualidad\\\/panama\\\/panama-sera-sede-de-congreso-mundial-de-turismo-de-aventuras-en-2024\\\/#respond\"]}]},{\"@type\":\"WebPage\",\"@id\":\"https:\\\/\\\/www.visitcentroamerica.com\\\/sala-prensa\\\/actualidad\\\/panama\\\/panama-sera-sede-de-congreso-mundial-de-turismo-de-aventuras-en-2024\\\/\",\"url\":\"https:\\\/\\\/www.visitcentroamerica.com\\\/sala-prensa\\\/actualidad\\\/panama\\\/panama-sera-sede-de-congreso-mundial-de-turismo-de-aventuras-en-2024\\\/\",\"name\":\"Panam\u00e1, sede del congreso mundial de turismo de aventuras\",\"isPartOf\":{\"@id\":\"https:\\\/\\\/www.visitcentroamerica.com\\\/sala-prensa\\\/#website\"},\"primaryImageOfPage\":{\"@id\":\"https:\\\/\\\/www.visitcentroamerica.com\\\/sala-prensa\\\/actualidad\\\/panama\\\/panama-sera-sede-de-congreso-mundial-de-turismo-de-aventuras-en-2024\\\/#primaryimage\"},\"image\":{\"@id\":\"https:\\\/\\\/www.visitcentroamerica.com\\\/sala-prensa\\\/actualidad\\\/panama\\\/panama-sera-sede-de-congreso-mundial-de-turismo-de-aventuras-en-2024\\\/#primaryimage\"},\"thumbnailUrl\":\"https:\\\/\\\/www.visitcentroamerica.com\\\/sala-prensa\\\/wp-content\\\/uploads\\\/2023\\\/09\\\/ATWS_PANAMA2024-02-1-1024x576-1.jpeg\",\"datePublished\":\"2023-09-15T07:00:23+00:00\",\"dateModified\":\"2023-09-18T09:47:40+00:00\",\"author\":{\"@id\":\"https:\\\/\\\/www.visitcentroamerica.com\\\/sala-prensa\\\/#\\\/schema\\\/person\\\/0aa3bd0dbaabaead6089ee3dd0cd7ae5\"},\"description\":\"Panam\u00e1 se convertir\u00e1 en la Cumbre Mundial de Turismo de Aventuras (ATWS), que se llevar\u00e1 a cabo en octubre del 2024\",\"breadcrumb\":{\"@id\":\"https:\\\/\\\/www.visitcentroamerica.com\\\/sala-prensa\\\/actualidad\\\/panama\\\/panama-sera-sede-de-congreso-mundial-de-turismo-de-aventuras-en-2024\\\/#breadcrumb\"},\"inLanguage\":\"es\",\"potentialAction\":[{\"@type\":\"ReadAction\",\"target\":[\"https:\\\/\\\/www.visitcentroamerica.com\\\/sala-prensa\\\/actualidad\\\/panama\\\/panama-sera-sede-de-congreso-mundial-de-turismo-de-aventuras-en-2024\\\/\"]}]},{\"@type\":\"ImageObject\",\"inLanguage\":\"es\",\"@id\":\"https:\\\/\\\/www.visitcentroamerica.com\\\/sala-prensa\\\/actualidad\\\/panama\\\/panama-sera-sede-de-congreso-mundial-de-turismo-de-aventuras-en-2024\\\/#primaryimage\",\"url\":\"https:\\\/\\\/www.visitcentroamerica.com\\\/sala-prensa\\\/wp-content\\\/uploads\\\/2023\\\/09\\\/ATWS_PANAMA2024-02-1-1024x576-1.jpeg\",\"contentUrl\":\"https:\\\/\\\/www.visitcentroamerica.com\\\/sala-prensa\\\/wp-content\\\/uploads\\\/2023\\\/09\\\/ATWS_PANAMA2024-02-1-1024x576-1.jpeg\",\"width\":1024,\"height\":576},{\"@type\":\"BreadcrumbList\",\"@id\":\"https:\\\/\\\/www.visitcentroamerica.com\\\/sala-prensa\\\/actualidad\\\/panama\\\/panama-sera-sede-de-congreso-mundial-de-turismo-de-aventuras-en-2024\\\/#breadcrumb\",\"itemListElement\":[{\"@type\":\"ListItem\",\"position\":1,\"name\":\"Portada\",\"item\":\"https:\\\/\\\/www.visitcentroamerica.com\\\/sala-prensa\\\/\"},{\"@type\":\"ListItem\",\"position\":2,\"name\":\"Panam\u00e1 ser\u00e1 sede de congreso mundial de turismo de aventuras en 2024\"}]},{\"@type\":\"WebSite\",\"@id\":\"https:\\\/\\\/www.visitcentroamerica.com\\\/sala-prensa\\\/#website\",\"url\":\"https:\\\/\\\/www.visitcentroamerica.com\\\/sala-prensa\\\/\",\"name\":\"Sala de prensa\",\"description\":\"\",\"potentialAction\":[{\"@type\":\"SearchAction\",\"target\":{\"@type\":\"EntryPoint\",\"urlTemplate\":\"https:\\\/\\\/www.visitcentroamerica.com\\\/sala-prensa\\\/?s={search_term_string}\"},\"query-input\":{\"@type\":\"PropertyValueSpecification\",\"valueRequired\":true,\"valueName\":\"search_term_string\"}}],\"inLanguage\":\"es\"},{\"@type\":\"Person\",\"@id\":\"https:\\\/\\\/www.visitcentroamerica.com\\\/sala-prensa\\\/#\\\/schema\\\/person\\\/0aa3bd0dbaabaead6089ee3dd0cd7ae5\",\"name\":\"Denis Alvarado\",\"image\":{\"@type\":\"ImageObject\",\"inLanguage\":\"es\",\"@id\":\"https:\\\/\\\/secure.gravatar.com\\\/avatar\\\/c31f0697f6edb7c68d5dedc2ccbd548d2a9f73aa293e81c6a1425229ec4c9135?s=96&d=mm&r=g\",\"url\":\"https:\\\/\\\/secure.gravatar.com\\\/avatar\\\/c31f0697f6edb7c68d5dedc2ccbd548d2a9f73aa293e81c6a1425229ec4c9135?s=96&d=mm&r=g\",\"contentUrl\":\"https:\\\/\\\/secure.gravatar.com\\\/avatar\\\/c31f0697f6edb7c68d5dedc2ccbd548d2a9f73aa293e81c6a1425229ec4c9135?s=96&d=mm&r=g\",\"caption\":\"Denis Alvarado\"},\"url\":\"https:\\\/\\\/www.visitcentroamerica.com\\\/sala-prensa\\\/author\\\/denis\\\/\"}]}<\/script>\n<!-- \/ Yoast SEO plugin. -->","yoast_head_json":{"title":"Panam\u00e1, sede del congreso mundial de turismo de aventuras","description":"Panam\u00e1 se convertir\u00e1 en la Cumbre Mundial de Turismo de Aventuras (ATWS), que se llevar\u00e1 a cabo en octubre del 2024","robots":{"index":"index","follow":"follow","max-snippet":"max-snippet:-1","max-image-preview":"max-image-preview:large","max-video-preview":"max-video-preview:-1"},"canonical":"https:\/\/www.visitcentroamerica.com\/sala-prensa\/actualidad\/panama\/panama-sera-sede-de-congreso-mundial-de-turismo-de-aventuras-en-2024\/","og_locale":"es_ES","og_type":"article","og_title":"Panam\u00e1, sede del congreso mundial de turismo de aventuras","og_description":"Panam\u00e1 se convertir\u00e1 en la Cumbre Mundial de Turismo de Aventuras (ATWS), que se llevar\u00e1 a cabo en octubre del 2024","og_url":"https:\/\/www.visitcentroamerica.com\/sala-prensa\/actualidad\/panama\/panama-sera-sede-de-congreso-mundial-de-turismo-de-aventuras-en-2024\/","og_site_name":"Sala de prensa","article_published_time":"2023-09-15T07:00:23+00:00","article_modified_time":"2023-09-18T09:47:40+00:00","og_image":[{"width":1024,"height":576,"url":"https:\/\/www.visitcentroamerica.com\/sala-prensa\/wp-content\/uploads\/2023\/09\/ATWS_PANAMA2024-02-1-1024x576-1.jpeg","type":"image\/jpeg"}],"author":"Denis Alvarado","twitter_card":"summary_large_image","twitter_misc":{"Escrito por":"Denis Alvarado","Tiempo de lectura":"2 minutos"},"schema":{"@context":"https:\/\/schema.org","@graph":[{"@type":"Article","@id":"https:\/\/www.visitcentroamerica.com\/sala-prensa\/actualidad\/panama\/panama-sera-sede-de-congreso-mundial-de-turismo-de-aventuras-en-2024\/#article","isPartOf":{"@id":"https:\/\/www.visitcentroamerica.com\/sala-prensa\/actualidad\/panama\/panama-sera-sede-de-congreso-mundial-de-turismo-de-aventuras-en-2024\/"},"author":{"name":"Denis Alvarado","@id":"https:\/\/www.visitcentroamerica.com\/sala-prensa\/#\/schema\/person\/0aa3bd0dbaabaead6089ee3dd0cd7ae5"},"headline":"Panam\u00e1 ser\u00e1 sede de congreso mundial de turismo de aventuras en 2024","datePublished":"2023-09-15T07:00:23+00:00","dateModified":"2023-09-18T09:47:40+00:00","mainEntityOfPage":{"@id":"https:\/\/www.visitcentroamerica.com\/sala-prensa\/actualidad\/panama\/panama-sera-sede-de-congreso-mundial-de-turismo-de-aventuras-en-2024\/"},"wordCount":395,"commentCount":0,"image":{"@id":"https:\/\/www.visitcentroamerica.com\/sala-prensa\/actualidad\/panama\/panama-sera-sede-de-congreso-mundial-de-turismo-de-aventuras-en-2024\/#primaryimage"},"thumbnailUrl":"https:\/\/www.visitcentroamerica.com\/sala-prensa\/wp-content\/uploads\/2023\/09\/ATWS_PANAMA2024-02-1-1024x576-1.jpeg","articleSection":["Actualidad","Panam\u00e1"],"inLanguage":"es","potentialAction":[{"@type":"CommentAction","name":"Comment","target":["https:\/\/www.visitcentroamerica.com\/sala-prensa\/actualidad\/panama\/panama-sera-sede-de-congreso-mundial-de-turismo-de-aventuras-en-2024\/#respond"]}]},{"@type":"WebPage","@id":"https:\/\/www.visitcentroamerica.com\/sala-prensa\/actualidad\/panama\/panama-sera-sede-de-congreso-mundial-de-turismo-de-aventuras-en-2024\/","url":"https:\/\/www.visitcentroamerica.com\/sala-prensa\/actualidad\/panama\/panama-sera-sede-de-congreso-mundial-de-turismo-de-aventuras-en-2024\/","name":"Panam\u00e1, sede del congreso mundial de turismo de aventuras","isPartOf":{"@id":"https:\/\/www.visitcentroamerica.com\/sala-prensa\/#website"},"primaryImageOfPage":{"@id":"https:\/\/www.visitcentroamerica.com\/sala-prensa\/actualidad\/panama\/panama-sera-sede-de-congreso-mundial-de-turismo-de-aventuras-en-2024\/#primaryimage"},"image":{"@id":"https:\/\/www.visitcentroamerica.com\/sala-prensa\/actualidad\/panama\/panama-sera-sede-de-congreso-mundial-de-turismo-de-aventuras-en-2024\/#primaryimage"},"thumbnailUrl":"https:\/\/www.visitcentroamerica.com\/sala-prensa\/wp-content\/uploads\/2023\/09\/ATWS_PANAMA2024-02-1-1024x576-1.jpeg","datePublished":"2023-09-15T07:00:23+00:00","dateModified":"2023-09-18T09:47:40+00:00","author":{"@id":"https:\/\/www.visitcentroamerica.com\/sala-prensa\/#\/schema\/person\/0aa3bd0dbaabaead6089ee3dd0cd7ae5"},"description":"Panam\u00e1 se convertir\u00e1 en la Cumbre Mundial de Turismo de Aventuras (ATWS), que se llevar\u00e1 a cabo en octubre del 2024","breadcrumb":{"@id":"https:\/\/www.visitcentroamerica.com\/sala-prensa\/actualidad\/panama\/panama-sera-sede-de-congreso-mundial-de-turismo-de-aventuras-en-2024\/#breadcrumb"},"inLanguage":"es","potentialAction":[{"@type":"ReadAction","target":["https:\/\/www.visitcentroamerica.com\/sala-prensa\/actualidad\/panama\/panama-sera-sede-de-congreso-mundial-de-turismo-de-aventuras-en-2024\/"]}]},{"@type":"ImageObject","inLanguage":"es","@id":"https:\/\/www.visitcentroamerica.com\/sala-prensa\/actualidad\/panama\/panama-sera-sede-de-congreso-mundial-de-turismo-de-aventuras-en-2024\/#primaryimage","url":"https:\/\/www.visitcentroamerica.com\/sala-prensa\/wp-content\/uploads\/2023\/09\/ATWS_PANAMA2024-02-1-1024x576-1.jpeg","contentUrl":"https:\/\/www.visitcentroamerica.com\/sala-prensa\/wp-content\/uploads\/2023\/09\/ATWS_PANAMA2024-02-1-1024x576-1.jpeg","width":1024,"height":576},{"@type":"BreadcrumbList","@id":"https:\/\/www.visitcentroamerica.com\/sala-prensa\/actualidad\/panama\/panama-sera-sede-de-congreso-mundial-de-turismo-de-aventuras-en-2024\/#breadcrumb","itemListElement":[{"@type":"ListItem","position":1,"name":"Portada","item":"https:\/\/www.visitcentroamerica.com\/sala-prensa\/"},{"@type":"ListItem","position":2,"name":"Panam\u00e1 ser\u00e1 sede de congreso mundial de turismo de aventuras en 2024"}]},{"@type":"WebSite","@id":"https:\/\/www.visitcentroamerica.com\/sala-prensa\/#website","url":"https:\/\/www.visitcentroamerica.com\/sala-prensa\/","name":"Sala de prensa","description":"","potentialAction":[{"@type":"SearchAction","target":{"@type":"EntryPoint","urlTemplate":"https:\/\/www.visitcentroamerica.com\/sala-prensa\/?s={search_term_string}"},"query-input":{"@type":"PropertyValueSpecification","valueRequired":true,"valueName":"search_term_string"}}],"inLanguage":"es"},{"@type":"Person","@id":"https:\/\/www.visitcentroamerica.com\/sala-prensa\/#\/schema\/person\/0aa3bd0dbaabaead6089ee3dd0cd7ae5","name":"Denis Alvarado","image":{"@type":"ImageObject","inLanguage":"es","@id":"https:\/\/secure.gravatar.com\/avatar\/c31f0697f6edb7c68d5dedc2ccbd548d2a9f73aa293e81c6a1425229ec4c9135?s=96&d=mm&r=g","url":"https:\/\/secure.gravatar.com\/avatar\/c31f0697f6edb7c68d5dedc2ccbd548d2a9f73aa293e81c6a1425229ec4c9135?s=96&d=mm&r=g","contentUrl":"https:\/\/secure.gravatar.com\/avatar\/c31f0697f6edb7c68d5dedc2ccbd548d2a9f73aa293e81c6a1425229ec4c9135?s=96&d=mm&r=g","caption":"Denis Alvarado"},"url":"https:\/\/www.visitcentroamerica.com\/sala-prensa\/author\/denis\/"}]}},"_links":{"self":[{"href":"https:\/\/www.visitcentroamerica.com\/sala-prensa\/wp-json\/wp\/v2\/posts\/14662","targetHints":{"allow":["GET"]}}],"collection":[{"href":"https:\/\/www.visitcentroamerica.com\/sala-prensa\/wp-json\/wp\/v2\/posts"}],"about":[{"href":"https:\/\/www.visitcentroamerica.com\/sala-prensa\/wp-json\/wp\/v2\/types\/post"}],"author":[{"embeddable":true,"href":"https:\/\/www.visitcentroamerica.com\/sala-prensa\/wp-json\/wp\/v2\/users\/5"}],"replies":[{"embeddable":true,"href":"https:\/\/www.visitcentroamerica.com\/sala-prensa\/wp-json\/wp\/v2\/comments?post=14662"}],"version-history":[{"count":3,"href":"https:\/\/www.visitcentroamerica.com\/sala-prensa\/wp-json\/wp\/v2\/posts\/14662\/revisions"}],"predecessor-version":[{"id":14667,"href":"https:\/\/www.visitcentroamerica.com\/sala-prensa\/wp-json\/wp\/v2\/posts\/14662\/revisions\/14667"}],"wp:featuredmedia":[{"embeddable":true,"href":"https:\/\/www.visitcentroamerica.com\/sala-prensa\/wp-json\/wp\/v2\/media\/14663"}],"wp:attachment":[{"href":"https:\/\/www.visitcentroamerica.com\/sala-prensa\/wp-json\/wp\/v2\/media?parent=14662"}],"wp:term":[{"taxonomy":"category","embeddable":true,"href":"https:\/\/www.visitcentroamerica.com\/sala-prensa\/wp-json\/wp\/v2\/categories?post=14662"},{"taxonomy":"post_tag","embeddable":true,"href":"https:\/\/www.visitcentroamerica.com\/sala-prensa\/wp-json\/wp\/v2\/tags?post=14662"}],"curies":[{"name":"wp","href":"https:\/\/api.w.org\/{rel}","templated":true}]}}