{"id":14581,"date":"2023-09-05T10:00:06","date_gmt":"2023-09-05T08:00:06","guid":{"rendered":"https:\/\/www.visitcentroamerica.com\/sala-prensa\/?p=14581"},"modified":"2023-08-09T10:16:25","modified_gmt":"2023-08-09T08:16:25","slug":"artesanias-y-textiles-en-belice-nicaragua-y-panama-2","status":"publish","type":"post","link":"https:\/\/www.visitcentroamerica.com\/sala-prensa\/viajar\/cultura\/artesanias-y-textiles-en-belice-nicaragua-y-panama-2\/","title":{"rendered":"Artesan\u00edas y textiles en Belice, Nicaragua y Panam\u00e1"},"content":{"rendered":"<p><img loading=\"lazy\" decoding=\"async\" class=\"alignnone size-full wp-image-14571\" src=\"https:\/\/www.visitcentroamerica.com\/sala-prensa\/wp-content\/uploads\/2023\/08\/Artesanias-y-textiles-en-Belice-Nicaragua-y-Panama.jpg\" alt=\"\" width=\"1200\" height=\"600\" srcset=\"https:\/\/www.visitcentroamerica.com\/sala-prensa\/wp-content\/uploads\/2023\/08\/Artesanias-y-textiles-en-Belice-Nicaragua-y-Panama.jpg 1200w, https:\/\/www.visitcentroamerica.com\/sala-prensa\/wp-content\/uploads\/2023\/08\/Artesanias-y-textiles-en-Belice-Nicaragua-y-Panama-300x150.jpg 300w, https:\/\/www.visitcentroamerica.com\/sala-prensa\/wp-content\/uploads\/2023\/08\/Artesanias-y-textiles-en-Belice-Nicaragua-y-Panama-1024x512.jpg 1024w, https:\/\/www.visitcentroamerica.com\/sala-prensa\/wp-content\/uploads\/2023\/08\/Artesanias-y-textiles-en-Belice-Nicaragua-y-Panama-768x384.jpg 768w, https:\/\/www.visitcentroamerica.com\/sala-prensa\/wp-content\/uploads\/2023\/08\/Artesanias-y-textiles-en-Belice-Nicaragua-y-Panama-696x348.jpg 696w, https:\/\/www.visitcentroamerica.com\/sala-prensa\/wp-content\/uploads\/2023\/08\/Artesanias-y-textiles-en-Belice-Nicaragua-y-Panama-1068x534.jpg 1068w, https:\/\/www.visitcentroamerica.com\/sala-prensa\/wp-content\/uploads\/2023\/08\/Artesanias-y-textiles-en-Belice-Nicaragua-y-Panama-840x420.jpg 840w, https:\/\/www.visitcentroamerica.com\/sala-prensa\/wp-content\/uploads\/2023\/08\/Artesanias-y-textiles-en-Belice-Nicaragua-y-Panama-500x250.jpg 500w\" sizes=\"auto, (max-width: 1200px) 100vw, 1200px\" \/><\/p>\n<p>\u00bfPensando en tu pr\u00f3ximo viaje? Te proponemos un <a href=\"https:\/\/www.visitcentroamerica.com\/packages\/ver-guatemala-belice\/\"><strong><em>tour <\/em><\/strong><\/a><a href=\"https:\/\/www.visitcentroamerica.com\/packages\/ver-guatemala-belice\/\" target=\"_blank\" rel=\"noopener\"><strong>por las maravillas de Centroam\u00e9rica<\/strong><\/a>. En tu viaje no puedes olvidarte de disfrutar de la <strong>artesan\u00eda de Panam\u00e1, Nicaragua y Panam\u00e1. <\/strong><\/p>\n<h3>El arte de Centroam\u00e9rica<\/h3>\n<p>Los <strong>textiles de Belice<\/strong> pueden ser un <em>souvenir <\/em>perfecto para recordar siempre tu viaje. \u00bfSab\u00edas que trabajar con <strong>telas mayas<\/strong> era una de las formas de arte y religi\u00f3n maya m\u00e1s importantes? La prenda m\u00e1s cl\u00e1sica es el <strong>huapil<\/strong>, una tela rectangular con un agujero que se parece un poco a un poncho. Los podr\u00e1s encontrar de todos los colores y estampados t\u00edpicos.<\/p>\n<p>Ahora hablemos de los <strong>tejidos y cer\u00e1micas de Nicaragua. <\/strong>La cer\u00e1mica es una parte esencial de la cultura del pa\u00eds, la cual se remonta a la \u00e9poca precolombina. De hecho, hay pueblos enteros como San Juan que se dedican por completo a esta artesan\u00eda, \u00bflo sab\u00edas?<\/p>\n<p>Si quieres algo realmente original, puedes optar por una <strong>mola de Panam\u00e1<\/strong>, la realizan los integrantes de la etnia Guna y es un aut\u00e9ntico espect\u00e1culo. En este objeto textil, aparecen los atuendos tradicionales con los que se visten las mujeres en el pueblo de Kuna.<\/p>\n<p>Como puedes ver, la <strong>artesan\u00eda en Panam\u00e1<\/strong> y en el resto de Centroam\u00e9rica har\u00e1 que te lleves el mejor recuerdo. \u00a1Entra a <a href=\"https:\/\/www.visitcentroamerica.com\" target=\"_blank\" rel=\"noopener\"><strong>nuestra web <\/strong><\/a>para conocer los mejores destinos!<\/p>\n<p>Experiencias: <a href=\"https:\/\/www.visitcentroamerica.com\/experiencias\/diversidad-cultural\/\" target=\"_blank\" rel=\"noopener\">Diversidad Cultural<\/a> &#8211;<a href=\"https:\/\/www.visitcentroamerica.com\/experiencias\/natural\/\" target=\"_blank\" rel=\"noopener\"> Natural<\/a><\/p>\n","protected":false},"excerpt":{"rendered":"<p>\u00bfPensando en tu pr\u00f3ximo viaje? Te proponemos un tour por las maravillas de Centroam\u00e9rica. En tu viaje no puedes olvidarte de disfrutar de la artesan\u00eda de Panam\u00e1, Nicaragua y Panam\u00e1. El arte de Centroam\u00e9rica Los textiles de Belice pueden ser un souvenir perfecto para recordar siempre tu viaje. \u00bfSab\u00edas que trabajar con telas mayas era [&hellip;]<\/p>\n","protected":false},"author":5,"featured_media":14571,"comment_status":"open","ping_status":"closed","sticky":false,"template":"","format":"standard","meta":{"footnotes":""},"categories":[29],"tags":[],"class_list":{"0":"post-14581","1":"post","2":"type-post","3":"status-publish","4":"format-standard","5":"has-post-thumbnail","7":"category-cultura"},"yoast_head":"<!-- This site is optimized with the Yoast SEO plugin v27.3 - https:\/\/yoast.com\/product\/yoast-seo-wordpress\/ -->\n<title>La artesan\u00eda de Panam\u00e1 en un recuerdo ideal para traer de tu viaje<\/title>\n<meta name=\"description\" content=\"\u00bfBuscas llevarte un recuerdo de Centroam\u00e9rica de esos que querr\u00e1s ver a diario? Opta por artesan\u00eda de Panam\u00e1 realizada a mano por gente local del pa\u00eds\" \/>\n<meta name=\"robots\" content=\"index, follow, max-snippet:-1, max-image-preview:large, max-video-preview:-1\" \/>\n<link rel=\"canonical\" href=\"https:\/\/www.visitcentroamerica.com\/sala-prensa\/viajar\/cultura\/artesanias-y-textiles-en-belice-nicaragua-y-panama-2\/\" \/>\n<meta property=\"og:locale\" content=\"es_ES\" \/>\n<meta property=\"og:type\" content=\"article\" \/>\n<meta property=\"og:title\" content=\"La artesan\u00eda de Panam\u00e1 en un recuerdo ideal para traer de tu viaje\" \/>\n<meta property=\"og:description\" content=\"\u00bfBuscas llevarte un recuerdo de Centroam\u00e9rica de esos que querr\u00e1s ver a diario? Opta por artesan\u00eda de Panam\u00e1 realizada a mano por gente local del pa\u00eds\" \/>\n<meta property=\"og:url\" content=\"https:\/\/www.visitcentroamerica.com\/sala-prensa\/viajar\/cultura\/artesanias-y-textiles-en-belice-nicaragua-y-panama-2\/\" \/>\n<meta property=\"og:site_name\" content=\"Sala de prensa\" \/>\n<meta property=\"article:published_time\" content=\"2023-09-05T08:00:06+00:00\" \/>\n<meta property=\"og:image\" content=\"https:\/\/www.visitcentroamerica.com\/sala-prensa\/wp-content\/uploads\/2023\/08\/Artesanias-y-textiles-en-Belice-Nicaragua-y-Panama.jpg\" \/>\n\t<meta property=\"og:image:width\" content=\"1200\" \/>\n\t<meta property=\"og:image:height\" content=\"600\" \/>\n\t<meta property=\"og:image:type\" content=\"image\/jpeg\" \/>\n<meta name=\"author\" content=\"Denis Alvarado\" \/>\n<meta name=\"twitter:card\" content=\"summary_large_image\" \/>\n<meta name=\"twitter:label1\" content=\"Escrito por\" \/>\n\t<meta name=\"twitter:data1\" content=\"Denis Alvarado\" \/>\n\t<meta name=\"twitter:label2\" content=\"Tiempo de lectura\" \/>\n\t<meta name=\"twitter:data2\" content=\"2 minutos\" \/>\n<script type=\"application\/ld+json\" class=\"yoast-schema-graph\">{\"@context\":\"https:\\\/\\\/schema.org\",\"@graph\":[{\"@type\":\"Article\",\"@id\":\"https:\\\/\\\/www.visitcentroamerica.com\\\/sala-prensa\\\/viajar\\\/cultura\\\/artesanias-y-textiles-en-belice-nicaragua-y-panama-2\\\/#article\",\"isPartOf\":{\"@id\":\"https:\\\/\\\/www.visitcentroamerica.com\\\/sala-prensa\\\/viajar\\\/cultura\\\/artesanias-y-textiles-en-belice-nicaragua-y-panama-2\\\/\"},\"author\":{\"name\":\"Denis Alvarado\",\"@id\":\"https:\\\/\\\/www.visitcentroamerica.com\\\/sala-prensa\\\/#\\\/schema\\\/person\\\/0aa3bd0dbaabaead6089ee3dd0cd7ae5\"},\"headline\":\"Artesan\u00edas y textiles en Belice, Nicaragua y Panam\u00e1\",\"datePublished\":\"2023-09-05T08:00:06+00:00\",\"mainEntityOfPage\":{\"@id\":\"https:\\\/\\\/www.visitcentroamerica.com\\\/sala-prensa\\\/viajar\\\/cultura\\\/artesanias-y-textiles-en-belice-nicaragua-y-panama-2\\\/\"},\"wordCount\":251,\"commentCount\":0,\"image\":{\"@id\":\"https:\\\/\\\/www.visitcentroamerica.com\\\/sala-prensa\\\/viajar\\\/cultura\\\/artesanias-y-textiles-en-belice-nicaragua-y-panama-2\\\/#primaryimage\"},\"thumbnailUrl\":\"https:\\\/\\\/www.visitcentroamerica.com\\\/sala-prensa\\\/wp-content\\\/uploads\\\/2023\\\/08\\\/Artesanias-y-textiles-en-Belice-Nicaragua-y-Panama.jpg\",\"articleSection\":[\"Cultura\"],\"inLanguage\":\"es\",\"potentialAction\":[{\"@type\":\"CommentAction\",\"name\":\"Comment\",\"target\":[\"https:\\\/\\\/www.visitcentroamerica.com\\\/sala-prensa\\\/viajar\\\/cultura\\\/artesanias-y-textiles-en-belice-nicaragua-y-panama-2\\\/#respond\"]}]},{\"@type\":\"WebPage\",\"@id\":\"https:\\\/\\\/www.visitcentroamerica.com\\\/sala-prensa\\\/viajar\\\/cultura\\\/artesanias-y-textiles-en-belice-nicaragua-y-panama-2\\\/\",\"url\":\"https:\\\/\\\/www.visitcentroamerica.com\\\/sala-prensa\\\/viajar\\\/cultura\\\/artesanias-y-textiles-en-belice-nicaragua-y-panama-2\\\/\",\"name\":\"La artesan\u00eda de Panam\u00e1 en un recuerdo ideal para traer de tu viaje\",\"isPartOf\":{\"@id\":\"https:\\\/\\\/www.visitcentroamerica.com\\\/sala-prensa\\\/#website\"},\"primaryImageOfPage\":{\"@id\":\"https:\\\/\\\/www.visitcentroamerica.com\\\/sala-prensa\\\/viajar\\\/cultura\\\/artesanias-y-textiles-en-belice-nicaragua-y-panama-2\\\/#primaryimage\"},\"image\":{\"@id\":\"https:\\\/\\\/www.visitcentroamerica.com\\\/sala-prensa\\\/viajar\\\/cultura\\\/artesanias-y-textiles-en-belice-nicaragua-y-panama-2\\\/#primaryimage\"},\"thumbnailUrl\":\"https:\\\/\\\/www.visitcentroamerica.com\\\/sala-prensa\\\/wp-content\\\/uploads\\\/2023\\\/08\\\/Artesanias-y-textiles-en-Belice-Nicaragua-y-Panama.jpg\",\"datePublished\":\"2023-09-05T08:00:06+00:00\",\"author\":{\"@id\":\"https:\\\/\\\/www.visitcentroamerica.com\\\/sala-prensa\\\/#\\\/schema\\\/person\\\/0aa3bd0dbaabaead6089ee3dd0cd7ae5\"},\"description\":\"\u00bfBuscas llevarte un recuerdo de Centroam\u00e9rica de esos que querr\u00e1s ver a diario? Opta por artesan\u00eda de Panam\u00e1 realizada a mano por gente local del pa\u00eds\",\"breadcrumb\":{\"@id\":\"https:\\\/\\\/www.visitcentroamerica.com\\\/sala-prensa\\\/viajar\\\/cultura\\\/artesanias-y-textiles-en-belice-nicaragua-y-panama-2\\\/#breadcrumb\"},\"inLanguage\":\"es\",\"potentialAction\":[{\"@type\":\"ReadAction\",\"target\":[\"https:\\\/\\\/www.visitcentroamerica.com\\\/sala-prensa\\\/viajar\\\/cultura\\\/artesanias-y-textiles-en-belice-nicaragua-y-panama-2\\\/\"]}]},{\"@type\":\"ImageObject\",\"inLanguage\":\"es\",\"@id\":\"https:\\\/\\\/www.visitcentroamerica.com\\\/sala-prensa\\\/viajar\\\/cultura\\\/artesanias-y-textiles-en-belice-nicaragua-y-panama-2\\\/#primaryimage\",\"url\":\"https:\\\/\\\/www.visitcentroamerica.com\\\/sala-prensa\\\/wp-content\\\/uploads\\\/2023\\\/08\\\/Artesanias-y-textiles-en-Belice-Nicaragua-y-Panama.jpg\",\"contentUrl\":\"https:\\\/\\\/www.visitcentroamerica.com\\\/sala-prensa\\\/wp-content\\\/uploads\\\/2023\\\/08\\\/Artesanias-y-textiles-en-Belice-Nicaragua-y-Panama.jpg\",\"width\":1200,\"height\":600},{\"@type\":\"BreadcrumbList\",\"@id\":\"https:\\\/\\\/www.visitcentroamerica.com\\\/sala-prensa\\\/viajar\\\/cultura\\\/artesanias-y-textiles-en-belice-nicaragua-y-panama-2\\\/#breadcrumb\",\"itemListElement\":[{\"@type\":\"ListItem\",\"position\":1,\"name\":\"Portada\",\"item\":\"https:\\\/\\\/www.visitcentroamerica.com\\\/sala-prensa\\\/\"},{\"@type\":\"ListItem\",\"position\":2,\"name\":\"Artesan\u00edas y textiles en Belice, Nicaragua y Panam\u00e1\"}]},{\"@type\":\"WebSite\",\"@id\":\"https:\\\/\\\/www.visitcentroamerica.com\\\/sala-prensa\\\/#website\",\"url\":\"https:\\\/\\\/www.visitcentroamerica.com\\\/sala-prensa\\\/\",\"name\":\"Sala de prensa\",\"description\":\"\",\"potentialAction\":[{\"@type\":\"SearchAction\",\"target\":{\"@type\":\"EntryPoint\",\"urlTemplate\":\"https:\\\/\\\/www.visitcentroamerica.com\\\/sala-prensa\\\/?s={search_term_string}\"},\"query-input\":{\"@type\":\"PropertyValueSpecification\",\"valueRequired\":true,\"valueName\":\"search_term_string\"}}],\"inLanguage\":\"es\"},{\"@type\":\"Person\",\"@id\":\"https:\\\/\\\/www.visitcentroamerica.com\\\/sala-prensa\\\/#\\\/schema\\\/person\\\/0aa3bd0dbaabaead6089ee3dd0cd7ae5\",\"name\":\"Denis Alvarado\",\"image\":{\"@type\":\"ImageObject\",\"inLanguage\":\"es\",\"@id\":\"https:\\\/\\\/secure.gravatar.com\\\/avatar\\\/c31f0697f6edb7c68d5dedc2ccbd548d2a9f73aa293e81c6a1425229ec4c9135?s=96&d=mm&r=g\",\"url\":\"https:\\\/\\\/secure.gravatar.com\\\/avatar\\\/c31f0697f6edb7c68d5dedc2ccbd548d2a9f73aa293e81c6a1425229ec4c9135?s=96&d=mm&r=g\",\"contentUrl\":\"https:\\\/\\\/secure.gravatar.com\\\/avatar\\\/c31f0697f6edb7c68d5dedc2ccbd548d2a9f73aa293e81c6a1425229ec4c9135?s=96&d=mm&r=g\",\"caption\":\"Denis Alvarado\"},\"url\":\"https:\\\/\\\/www.visitcentroamerica.com\\\/sala-prensa\\\/author\\\/denis\\\/\"}]}<\/script>\n<!-- \/ Yoast SEO plugin. -->","yoast_head_json":{"title":"La artesan\u00eda de Panam\u00e1 en un recuerdo ideal para traer de tu viaje","description":"\u00bfBuscas llevarte un recuerdo de Centroam\u00e9rica de esos que querr\u00e1s ver a diario? Opta por artesan\u00eda de Panam\u00e1 realizada a mano por gente local del pa\u00eds","robots":{"index":"index","follow":"follow","max-snippet":"max-snippet:-1","max-image-preview":"max-image-preview:large","max-video-preview":"max-video-preview:-1"},"canonical":"https:\/\/www.visitcentroamerica.com\/sala-prensa\/viajar\/cultura\/artesanias-y-textiles-en-belice-nicaragua-y-panama-2\/","og_locale":"es_ES","og_type":"article","og_title":"La artesan\u00eda de Panam\u00e1 en un recuerdo ideal para traer de tu viaje","og_description":"\u00bfBuscas llevarte un recuerdo de Centroam\u00e9rica de esos que querr\u00e1s ver a diario? Opta por artesan\u00eda de Panam\u00e1 realizada a mano por gente local del pa\u00eds","og_url":"https:\/\/www.visitcentroamerica.com\/sala-prensa\/viajar\/cultura\/artesanias-y-textiles-en-belice-nicaragua-y-panama-2\/","og_site_name":"Sala de prensa","article_published_time":"2023-09-05T08:00:06+00:00","og_image":[{"width":1200,"height":600,"url":"https:\/\/www.visitcentroamerica.com\/sala-prensa\/wp-content\/uploads\/2023\/08\/Artesanias-y-textiles-en-Belice-Nicaragua-y-Panama.jpg","type":"image\/jpeg"}],"author":"Denis Alvarado","twitter_card":"summary_large_image","twitter_misc":{"Escrito por":"Denis Alvarado","Tiempo de lectura":"2 minutos"},"schema":{"@context":"https:\/\/schema.org","@graph":[{"@type":"Article","@id":"https:\/\/www.visitcentroamerica.com\/sala-prensa\/viajar\/cultura\/artesanias-y-textiles-en-belice-nicaragua-y-panama-2\/#article","isPartOf":{"@id":"https:\/\/www.visitcentroamerica.com\/sala-prensa\/viajar\/cultura\/artesanias-y-textiles-en-belice-nicaragua-y-panama-2\/"},"author":{"name":"Denis Alvarado","@id":"https:\/\/www.visitcentroamerica.com\/sala-prensa\/#\/schema\/person\/0aa3bd0dbaabaead6089ee3dd0cd7ae5"},"headline":"Artesan\u00edas y textiles en Belice, Nicaragua y Panam\u00e1","datePublished":"2023-09-05T08:00:06+00:00","mainEntityOfPage":{"@id":"https:\/\/www.visitcentroamerica.com\/sala-prensa\/viajar\/cultura\/artesanias-y-textiles-en-belice-nicaragua-y-panama-2\/"},"wordCount":251,"commentCount":0,"image":{"@id":"https:\/\/www.visitcentroamerica.com\/sala-prensa\/viajar\/cultura\/artesanias-y-textiles-en-belice-nicaragua-y-panama-2\/#primaryimage"},"thumbnailUrl":"https:\/\/www.visitcentroamerica.com\/sala-prensa\/wp-content\/uploads\/2023\/08\/Artesanias-y-textiles-en-Belice-Nicaragua-y-Panama.jpg","articleSection":["Cultura"],"inLanguage":"es","potentialAction":[{"@type":"CommentAction","name":"Comment","target":["https:\/\/www.visitcentroamerica.com\/sala-prensa\/viajar\/cultura\/artesanias-y-textiles-en-belice-nicaragua-y-panama-2\/#respond"]}]},{"@type":"WebPage","@id":"https:\/\/www.visitcentroamerica.com\/sala-prensa\/viajar\/cultura\/artesanias-y-textiles-en-belice-nicaragua-y-panama-2\/","url":"https:\/\/www.visitcentroamerica.com\/sala-prensa\/viajar\/cultura\/artesanias-y-textiles-en-belice-nicaragua-y-panama-2\/","name":"La artesan\u00eda de Panam\u00e1 en un recuerdo ideal para traer de tu viaje","isPartOf":{"@id":"https:\/\/www.visitcentroamerica.com\/sala-prensa\/#website"},"primaryImageOfPage":{"@id":"https:\/\/www.visitcentroamerica.com\/sala-prensa\/viajar\/cultura\/artesanias-y-textiles-en-belice-nicaragua-y-panama-2\/#primaryimage"},"image":{"@id":"https:\/\/www.visitcentroamerica.com\/sala-prensa\/viajar\/cultura\/artesanias-y-textiles-en-belice-nicaragua-y-panama-2\/#primaryimage"},"thumbnailUrl":"https:\/\/www.visitcentroamerica.com\/sala-prensa\/wp-content\/uploads\/2023\/08\/Artesanias-y-textiles-en-Belice-Nicaragua-y-Panama.jpg","datePublished":"2023-09-05T08:00:06+00:00","author":{"@id":"https:\/\/www.visitcentroamerica.com\/sala-prensa\/#\/schema\/person\/0aa3bd0dbaabaead6089ee3dd0cd7ae5"},"description":"\u00bfBuscas llevarte un recuerdo de Centroam\u00e9rica de esos que querr\u00e1s ver a diario? Opta por artesan\u00eda de Panam\u00e1 realizada a mano por gente local del pa\u00eds","breadcrumb":{"@id":"https:\/\/www.visitcentroamerica.com\/sala-prensa\/viajar\/cultura\/artesanias-y-textiles-en-belice-nicaragua-y-panama-2\/#breadcrumb"},"inLanguage":"es","potentialAction":[{"@type":"ReadAction","target":["https:\/\/www.visitcentroamerica.com\/sala-prensa\/viajar\/cultura\/artesanias-y-textiles-en-belice-nicaragua-y-panama-2\/"]}]},{"@type":"ImageObject","inLanguage":"es","@id":"https:\/\/www.visitcentroamerica.com\/sala-prensa\/viajar\/cultura\/artesanias-y-textiles-en-belice-nicaragua-y-panama-2\/#primaryimage","url":"https:\/\/www.visitcentroamerica.com\/sala-prensa\/wp-content\/uploads\/2023\/08\/Artesanias-y-textiles-en-Belice-Nicaragua-y-Panama.jpg","contentUrl":"https:\/\/www.visitcentroamerica.com\/sala-prensa\/wp-content\/uploads\/2023\/08\/Artesanias-y-textiles-en-Belice-Nicaragua-y-Panama.jpg","width":1200,"height":600},{"@type":"BreadcrumbList","@id":"https:\/\/www.visitcentroamerica.com\/sala-prensa\/viajar\/cultura\/artesanias-y-textiles-en-belice-nicaragua-y-panama-2\/#breadcrumb","itemListElement":[{"@type":"ListItem","position":1,"name":"Portada","item":"https:\/\/www.visitcentroamerica.com\/sala-prensa\/"},{"@type":"ListItem","position":2,"name":"Artesan\u00edas y textiles en Belice, Nicaragua y Panam\u00e1"}]},{"@type":"WebSite","@id":"https:\/\/www.visitcentroamerica.com\/sala-prensa\/#website","url":"https:\/\/www.visitcentroamerica.com\/sala-prensa\/","name":"Sala de prensa","description":"","potentialAction":[{"@type":"SearchAction","target":{"@type":"EntryPoint","urlTemplate":"https:\/\/www.visitcentroamerica.com\/sala-prensa\/?s={search_term_string}"},"query-input":{"@type":"PropertyValueSpecification","valueRequired":true,"valueName":"search_term_string"}}],"inLanguage":"es"},{"@type":"Person","@id":"https:\/\/www.visitcentroamerica.com\/sala-prensa\/#\/schema\/person\/0aa3bd0dbaabaead6089ee3dd0cd7ae5","name":"Denis Alvarado","image":{"@type":"ImageObject","inLanguage":"es","@id":"https:\/\/secure.gravatar.com\/avatar\/c31f0697f6edb7c68d5dedc2ccbd548d2a9f73aa293e81c6a1425229ec4c9135?s=96&d=mm&r=g","url":"https:\/\/secure.gravatar.com\/avatar\/c31f0697f6edb7c68d5dedc2ccbd548d2a9f73aa293e81c6a1425229ec4c9135?s=96&d=mm&r=g","contentUrl":"https:\/\/secure.gravatar.com\/avatar\/c31f0697f6edb7c68d5dedc2ccbd548d2a9f73aa293e81c6a1425229ec4c9135?s=96&d=mm&r=g","caption":"Denis Alvarado"},"url":"https:\/\/www.visitcentroamerica.com\/sala-prensa\/author\/denis\/"}]}},"_links":{"self":[{"href":"https:\/\/www.visitcentroamerica.com\/sala-prensa\/wp-json\/wp\/v2\/posts\/14581","targetHints":{"allow":["GET"]}}],"collection":[{"href":"https:\/\/www.visitcentroamerica.com\/sala-prensa\/wp-json\/wp\/v2\/posts"}],"about":[{"href":"https:\/\/www.visitcentroamerica.com\/sala-prensa\/wp-json\/wp\/v2\/types\/post"}],"author":[{"embeddable":true,"href":"https:\/\/www.visitcentroamerica.com\/sala-prensa\/wp-json\/wp\/v2\/users\/5"}],"replies":[{"embeddable":true,"href":"https:\/\/www.visitcentroamerica.com\/sala-prensa\/wp-json\/wp\/v2\/comments?post=14581"}],"version-history":[{"count":1,"href":"https:\/\/www.visitcentroamerica.com\/sala-prensa\/wp-json\/wp\/v2\/posts\/14581\/revisions"}],"predecessor-version":[{"id":14582,"href":"https:\/\/www.visitcentroamerica.com\/sala-prensa\/wp-json\/wp\/v2\/posts\/14581\/revisions\/14582"}],"wp:featuredmedia":[{"embeddable":true,"href":"https:\/\/www.visitcentroamerica.com\/sala-prensa\/wp-json\/wp\/v2\/media\/14571"}],"wp:attachment":[{"href":"https:\/\/www.visitcentroamerica.com\/sala-prensa\/wp-json\/wp\/v2\/media?parent=14581"}],"wp:term":[{"taxonomy":"category","embeddable":true,"href":"https:\/\/www.visitcentroamerica.com\/sala-prensa\/wp-json\/wp\/v2\/categories?post=14581"},{"taxonomy":"post_tag","embeddable":true,"href":"https:\/\/www.visitcentroamerica.com\/sala-prensa\/wp-json\/wp\/v2\/tags?post=14581"}],"curies":[{"name":"wp","href":"https:\/\/api.w.org\/{rel}","templated":true}]}}