{"id":14513,"date":"2023-07-28T09:23:48","date_gmt":"2023-07-28T07:23:48","guid":{"rendered":"https:\/\/www.visitcentroamerica.com\/sala-prensa\/?p=14513"},"modified":"2023-07-28T09:23:48","modified_gmt":"2023-07-28T07:23:48","slug":"el-salvador-potenciara-la-promocion-y-comercializacion-del-multidestino-turistico-en-mercados-internacionales","status":"publish","type":"post","link":"https:\/\/www.visitcentroamerica.com\/sala-prensa\/actualidad\/el-salvador-potenciara-la-promocion-y-comercializacion-del-multidestino-turistico-en-mercados-internacionales\/","title":{"rendered":"El Salvador potenciar\u00e1 la promoci\u00f3n y comercializaci\u00f3n del multidestino tur\u00edstico en mercados internacionales"},"content":{"rendered":"<p><img loading=\"lazy\" decoding=\"async\" class=\"alignnone size-full wp-image-14514\" src=\"https:\/\/www.visitcentroamerica.com\/sala-prensa\/wp-content\/uploads\/2023\/07\/El-salvador-promocion-turistica.jpg\" alt=\"\" width=\"1200\" height=\"600\" srcset=\"https:\/\/www.visitcentroamerica.com\/sala-prensa\/wp-content\/uploads\/2023\/07\/El-salvador-promocion-turistica.jpg 1200w, https:\/\/www.visitcentroamerica.com\/sala-prensa\/wp-content\/uploads\/2023\/07\/El-salvador-promocion-turistica-300x150.jpg 300w, https:\/\/www.visitcentroamerica.com\/sala-prensa\/wp-content\/uploads\/2023\/07\/El-salvador-promocion-turistica-1024x512.jpg 1024w, https:\/\/www.visitcentroamerica.com\/sala-prensa\/wp-content\/uploads\/2023\/07\/El-salvador-promocion-turistica-768x384.jpg 768w, https:\/\/www.visitcentroamerica.com\/sala-prensa\/wp-content\/uploads\/2023\/07\/El-salvador-promocion-turistica-696x348.jpg 696w, https:\/\/www.visitcentroamerica.com\/sala-prensa\/wp-content\/uploads\/2023\/07\/El-salvador-promocion-turistica-1068x534.jpg 1068w, https:\/\/www.visitcentroamerica.com\/sala-prensa\/wp-content\/uploads\/2023\/07\/El-salvador-promocion-turistica-840x420.jpg 840w, https:\/\/www.visitcentroamerica.com\/sala-prensa\/wp-content\/uploads\/2023\/07\/El-salvador-promocion-turistica-500x250.jpg 500w\" sizes=\"auto, (max-width: 1200px) 100vw, 1200px\" \/><\/p>\n<p>Antiguo Cuscatl\u00e1n, 27 de julio de 2023. El Salvador asumi\u00f3 la Presidencia Pro T\u00e9mpore del Consejo Centroamericano de Turismo (CCT), plataforma para la integraci\u00f3n tur\u00edstica regional, desde donde liderar\u00e1 la agenda de trabajo del Consejo Directivo de la Agencia de Promoci\u00f3n Tur\u00edstica de Centroam\u00e9rica (CATA, por sus siglas en ingl\u00e9s).<\/p>\n<p>Durante el segundo semestre de 2023, El Salvador pondr\u00e1 a disposici\u00f3n todas las herramientas para potenciar el Multidestino, promoviendo la competitividad de la regi\u00f3n y el atractivo de los destinos complementarios para atraer a los viajeros internacionales, especialmente a los provenientes de los mercados europeos, norteamericanos y centroamericanos.<\/p>\n<p><img loading=\"lazy\" decoding=\"async\" class=\"alignnone size-full wp-image-14516\" src=\"https:\/\/www.visitcentroamerica.com\/sala-prensa\/wp-content\/uploads\/2023\/07\/WhatsApp-Image-2023-07-27-at-12.07.52.jpeg\" alt=\"\" width=\"1024\" height=\"683\" srcset=\"https:\/\/www.visitcentroamerica.com\/sala-prensa\/wp-content\/uploads\/2023\/07\/WhatsApp-Image-2023-07-27-at-12.07.52.jpeg 1024w, https:\/\/www.visitcentroamerica.com\/sala-prensa\/wp-content\/uploads\/2023\/07\/WhatsApp-Image-2023-07-27-at-12.07.52-300x200.jpeg 300w, https:\/\/www.visitcentroamerica.com\/sala-prensa\/wp-content\/uploads\/2023\/07\/WhatsApp-Image-2023-07-27-at-12.07.52-768x512.jpeg 768w, https:\/\/www.visitcentroamerica.com\/sala-prensa\/wp-content\/uploads\/2023\/07\/WhatsApp-Image-2023-07-27-at-12.07.52-696x464.jpeg 696w, https:\/\/www.visitcentroamerica.com\/sala-prensa\/wp-content\/uploads\/2023\/07\/WhatsApp-Image-2023-07-27-at-12.07.52-630x420.jpeg 630w, https:\/\/www.visitcentroamerica.com\/sala-prensa\/wp-content\/uploads\/2023\/07\/WhatsApp-Image-2023-07-27-at-12.07.52-500x333.jpeg 500w\" sizes=\"auto, (max-width: 1024px) 100vw, 1024px\" \/><\/p>\n<p>En ese sentido, la Ministra de Turismo de El Salvador, en calidad de Presidenta Pro T\u00e9mpore, Sra. Morena Valdez indic\u00f3 que \u201cEl Gobierno del Presidente Nayib Bukele est\u00e1 comprometido con trabajar de manera articulada con los pa\u00edses de la regi\u00f3n para fortalecer el multidestino y ser un bloque competitivo en materia de turismo, aplicando innovaci\u00f3n, promoci\u00f3n y nuevos lazos con el sector privado\u201d.<\/p>\n<p><img loading=\"lazy\" decoding=\"async\" class=\"alignnone size-full wp-image-14518\" src=\"https:\/\/www.visitcentroamerica.com\/sala-prensa\/wp-content\/uploads\/2023\/07\/WhatsApp-Image-2023-07-27-at-12.07.53-_1_.jpeg\" alt=\"\" width=\"1024\" height=\"683\" srcset=\"https:\/\/www.visitcentroamerica.com\/sala-prensa\/wp-content\/uploads\/2023\/07\/WhatsApp-Image-2023-07-27-at-12.07.53-_1_.jpeg 1024w, https:\/\/www.visitcentroamerica.com\/sala-prensa\/wp-content\/uploads\/2023\/07\/WhatsApp-Image-2023-07-27-at-12.07.53-_1_-300x200.jpeg 300w, https:\/\/www.visitcentroamerica.com\/sala-prensa\/wp-content\/uploads\/2023\/07\/WhatsApp-Image-2023-07-27-at-12.07.53-_1_-768x512.jpeg 768w, https:\/\/www.visitcentroamerica.com\/sala-prensa\/wp-content\/uploads\/2023\/07\/WhatsApp-Image-2023-07-27-at-12.07.53-_1_-696x464.jpeg 696w, https:\/\/www.visitcentroamerica.com\/sala-prensa\/wp-content\/uploads\/2023\/07\/WhatsApp-Image-2023-07-27-at-12.07.53-_1_-630x420.jpeg 630w, https:\/\/www.visitcentroamerica.com\/sala-prensa\/wp-content\/uploads\/2023\/07\/WhatsApp-Image-2023-07-27-at-12.07.53-_1_-500x333.jpeg 500w\" sizes=\"auto, (max-width: 1024px) 100vw, 1024px\" \/><\/p>\n<p>Por su parte, la Viceministra de Turismo y Relaciones con la Di\u00e1spora de Belice, Sra. Nicole Solano, expres\u00f3 que \u201cLa Presidencia de Belice durante la Presidencia Pro Tempore del Consejo Centroamericano de Turismo y la Junta Directiva de CATA fue un testimonio del poder de la unidad, la colaboraci\u00f3n y el liderazgo visionario. Reconocemos que el potencial de nuestra regi\u00f3n s\u00f3lo puede liberarse a trav\u00e9s de la acci\u00f3n colectiva, los objetivos compartidos y el compromiso con la sostenibilidad. Al pasar la antorcha a El Salvador como pr\u00f3ximo administrador de esta gran responsabilidad, conf\u00edo en que nuestros esfuerzos colectivos seguir\u00e1n allanando el camino para un sector tur\u00edstico vibrante, inclusivo y pr\u00f3spero en Centroam\u00e9rica\u201d.<\/p>\n<p>Entre los pilares fundamentales para la gesti\u00f3n de El Salvador al frente de CATA, destacan la continuidad al desarrollo de estrategias de comunicaci\u00f3n y comercializaci\u00f3n conjuntas, as\u00ed como el impulso de las relaciones con las l\u00edneas a\u00e9reas, con el prop\u00f3sito de fortalecer la conectividad de la regi\u00f3n. Adem\u00e1s, fortalecer\u00e1 la gesti\u00f3n de la Agencia fomentando el trabajo colaborativo para el crecimiento sostenible y beneficios compartidos.<\/p>\n<p><img loading=\"lazy\" decoding=\"async\" class=\"alignnone size-full wp-image-14520\" src=\"https:\/\/www.visitcentroamerica.com\/sala-prensa\/wp-content\/uploads\/2023\/07\/WhatsApp-Image-2023-07-27-at-12.07.50-_2_.jpeg\" alt=\"\" width=\"1024\" height=\"683\" srcset=\"https:\/\/www.visitcentroamerica.com\/sala-prensa\/wp-content\/uploads\/2023\/07\/WhatsApp-Image-2023-07-27-at-12.07.50-_2_.jpeg 1024w, https:\/\/www.visitcentroamerica.com\/sala-prensa\/wp-content\/uploads\/2023\/07\/WhatsApp-Image-2023-07-27-at-12.07.50-_2_-300x200.jpeg 300w, https:\/\/www.visitcentroamerica.com\/sala-prensa\/wp-content\/uploads\/2023\/07\/WhatsApp-Image-2023-07-27-at-12.07.50-_2_-768x512.jpeg 768w, https:\/\/www.visitcentroamerica.com\/sala-prensa\/wp-content\/uploads\/2023\/07\/WhatsApp-Image-2023-07-27-at-12.07.50-_2_-696x464.jpeg 696w, https:\/\/www.visitcentroamerica.com\/sala-prensa\/wp-content\/uploads\/2023\/07\/WhatsApp-Image-2023-07-27-at-12.07.50-_2_-630x420.jpeg 630w, https:\/\/www.visitcentroamerica.com\/sala-prensa\/wp-content\/uploads\/2023\/07\/WhatsApp-Image-2023-07-27-at-12.07.50-_2_-500x333.jpeg 500w\" sizes=\"auto, (max-width: 1024px) 100vw, 1024px\" \/><\/p>\n<p>Por otra parte, El Salvador apostar\u00e1 de manera estrat\u00e9gica al fortalecimiento del tejido empresarial que integra la cadena de valor del turismo. En esa l\u00ednea, trabajar\u00e1 de la mano con el sector privado para consolidar la inserci\u00f3n de las mipymes en la nueva din\u00e1mica del turismo mundial, por medio de la organizaci\u00f3n de la Central America Travel Market (CATM) a desarrollarse en abril de 2024 en El Salvador, actividad que no se realizaba desde 2019. \u201c<\/p>\n<p>El evento cont\u00f3 con la participaci\u00f3n de la Sra. Anayansy Rodr\u00edguez, Ministra de Turismo de Guatemala; Sra. Tatiana Siercke, Representante del Instituto Hondure\u00f1o de Turismo (IHT); Sra. Anasha Campbell, Codirectora del Instituto Nicarag\u00fcense de Turismo (INTUR); Sra. Magda Dur\u00e1n, Secretaria General de la Autoridad de Turismo Panam\u00e1 (ATP); Sr. Carlos Peguero, Viceministro de Cooperaci\u00f3n en el Ministerio de Turismo de la Rep\u00fablica Dominicana; Sra. Ligia Miranda Ponce, Secretaria Ejecutiva de la Secretar\u00eda de Integraci\u00f3n Tur\u00edstica Centroamericana (SITCA); Sra. Ingrid Figueroa, Directora Ejecutiva de la Secretar\u00eda General de la Integraci\u00f3n Centroamericana (SG-SICA), Representantes de la Federaci\u00f3n de C\u00e1maras de Turismo de Centroam\u00e9rica (FEDECATUR), Sras. Embajadoras y Srs. Embajadores de los pa\u00edses miembros del SICA.<\/p>\n","protected":false},"excerpt":{"rendered":"<p>Antiguo Cuscatl\u00e1n, 27 de julio de 2023. El Salvador asumi\u00f3 la Presidencia Pro T\u00e9mpore del Consejo Centroamericano de Turismo (CCT), plataforma para la integraci\u00f3n tur\u00edstica regional, desde donde liderar\u00e1 la agenda de trabajo del Consejo Directivo de la Agencia de Promoci\u00f3n Tur\u00edstica de Centroam\u00e9rica (CATA, por sus siglas en ingl\u00e9s). Durante el segundo semestre de [&hellip;]<\/p>\n","protected":false},"author":5,"featured_media":14514,"comment_status":"open","ping_status":"closed","sticky":false,"template":"","format":"standard","meta":{"footnotes":""},"categories":[3],"tags":[],"class_list":{"0":"post-14513","1":"post","2":"type-post","3":"status-publish","4":"format-standard","5":"has-post-thumbnail","7":"category-actualidad"},"yoast_head":"<!-- This site is optimized with the Yoast SEO plugin v27.3 - https:\/\/yoast.com\/product\/yoast-seo-wordpress\/ -->\n<title>El Salvador potencia su promoci\u00f3n tur\u00edstica en mercados exteriores<\/title>\n<meta name=\"description\" content=\"El Salvador busca potenciar el turismo multidestino promoviendo la competitividad de la regi\u00f3n y el atractivo de los destinos complementarios\" \/>\n<meta name=\"robots\" content=\"index, follow, max-snippet:-1, max-image-preview:large, max-video-preview:-1\" \/>\n<link rel=\"canonical\" href=\"https:\/\/www.visitcentroamerica.com\/sala-prensa\/actualidad\/el-salvador-potenciara-la-promocion-y-comercializacion-del-multidestino-turistico-en-mercados-internacionales\/\" \/>\n<meta property=\"og:locale\" content=\"es_ES\" \/>\n<meta property=\"og:type\" content=\"article\" \/>\n<meta property=\"og:title\" content=\"El Salvador potencia su promoci\u00f3n tur\u00edstica en mercados exteriores\" \/>\n<meta property=\"og:description\" content=\"El Salvador busca potenciar el turismo multidestino promoviendo la competitividad de la regi\u00f3n y el atractivo de los destinos complementarios\" \/>\n<meta property=\"og:url\" content=\"https:\/\/www.visitcentroamerica.com\/sala-prensa\/actualidad\/el-salvador-potenciara-la-promocion-y-comercializacion-del-multidestino-turistico-en-mercados-internacionales\/\" \/>\n<meta property=\"og:site_name\" content=\"Sala de prensa\" \/>\n<meta property=\"article:published_time\" content=\"2023-07-28T07:23:48+00:00\" \/>\n<meta property=\"og:image\" content=\"https:\/\/www.visitcentroamerica.com\/sala-prensa\/wp-content\/uploads\/2023\/07\/El-salvador-promocion-turistica.jpg\" \/>\n\t<meta property=\"og:image:width\" content=\"1200\" \/>\n\t<meta property=\"og:image:height\" content=\"600\" \/>\n\t<meta property=\"og:image:type\" content=\"image\/jpeg\" \/>\n<meta name=\"author\" content=\"Denis Alvarado\" \/>\n<meta name=\"twitter:card\" content=\"summary_large_image\" \/>\n<meta name=\"twitter:label1\" content=\"Escrito por\" \/>\n\t<meta name=\"twitter:data1\" content=\"Denis Alvarado\" \/>\n\t<meta name=\"twitter:label2\" content=\"Tiempo de lectura\" \/>\n\t<meta name=\"twitter:data2\" content=\"4 minutos\" \/>\n<script type=\"application\/ld+json\" class=\"yoast-schema-graph\">{\"@context\":\"https:\\\/\\\/schema.org\",\"@graph\":[{\"@type\":\"Article\",\"@id\":\"https:\\\/\\\/www.visitcentroamerica.com\\\/sala-prensa\\\/actualidad\\\/el-salvador-potenciara-la-promocion-y-comercializacion-del-multidestino-turistico-en-mercados-internacionales\\\/#article\",\"isPartOf\":{\"@id\":\"https:\\\/\\\/www.visitcentroamerica.com\\\/sala-prensa\\\/actualidad\\\/el-salvador-potenciara-la-promocion-y-comercializacion-del-multidestino-turistico-en-mercados-internacionales\\\/\"},\"author\":{\"name\":\"Denis Alvarado\",\"@id\":\"https:\\\/\\\/www.visitcentroamerica.com\\\/sala-prensa\\\/#\\\/schema\\\/person\\\/0aa3bd0dbaabaead6089ee3dd0cd7ae5\"},\"headline\":\"El Salvador potenciar\u00e1 la promoci\u00f3n y comercializaci\u00f3n del multidestino tur\u00edstico en mercados internacionales\",\"datePublished\":\"2023-07-28T07:23:48+00:00\",\"mainEntityOfPage\":{\"@id\":\"https:\\\/\\\/www.visitcentroamerica.com\\\/sala-prensa\\\/actualidad\\\/el-salvador-potenciara-la-promocion-y-comercializacion-del-multidestino-turistico-en-mercados-internacionales\\\/\"},\"wordCount\":594,\"commentCount\":0,\"image\":{\"@id\":\"https:\\\/\\\/www.visitcentroamerica.com\\\/sala-prensa\\\/actualidad\\\/el-salvador-potenciara-la-promocion-y-comercializacion-del-multidestino-turistico-en-mercados-internacionales\\\/#primaryimage\"},\"thumbnailUrl\":\"https:\\\/\\\/www.visitcentroamerica.com\\\/sala-prensa\\\/wp-content\\\/uploads\\\/2023\\\/07\\\/El-salvador-promocion-turistica.jpg\",\"articleSection\":[\"Actualidad\"],\"inLanguage\":\"es\",\"potentialAction\":[{\"@type\":\"CommentAction\",\"name\":\"Comment\",\"target\":[\"https:\\\/\\\/www.visitcentroamerica.com\\\/sala-prensa\\\/actualidad\\\/el-salvador-potenciara-la-promocion-y-comercializacion-del-multidestino-turistico-en-mercados-internacionales\\\/#respond\"]}]},{\"@type\":\"WebPage\",\"@id\":\"https:\\\/\\\/www.visitcentroamerica.com\\\/sala-prensa\\\/actualidad\\\/el-salvador-potenciara-la-promocion-y-comercializacion-del-multidestino-turistico-en-mercados-internacionales\\\/\",\"url\":\"https:\\\/\\\/www.visitcentroamerica.com\\\/sala-prensa\\\/actualidad\\\/el-salvador-potenciara-la-promocion-y-comercializacion-del-multidestino-turistico-en-mercados-internacionales\\\/\",\"name\":\"El Salvador potencia su promoci\u00f3n tur\u00edstica en mercados exteriores\",\"isPartOf\":{\"@id\":\"https:\\\/\\\/www.visitcentroamerica.com\\\/sala-prensa\\\/#website\"},\"primaryImageOfPage\":{\"@id\":\"https:\\\/\\\/www.visitcentroamerica.com\\\/sala-prensa\\\/actualidad\\\/el-salvador-potenciara-la-promocion-y-comercializacion-del-multidestino-turistico-en-mercados-internacionales\\\/#primaryimage\"},\"image\":{\"@id\":\"https:\\\/\\\/www.visitcentroamerica.com\\\/sala-prensa\\\/actualidad\\\/el-salvador-potenciara-la-promocion-y-comercializacion-del-multidestino-turistico-en-mercados-internacionales\\\/#primaryimage\"},\"thumbnailUrl\":\"https:\\\/\\\/www.visitcentroamerica.com\\\/sala-prensa\\\/wp-content\\\/uploads\\\/2023\\\/07\\\/El-salvador-promocion-turistica.jpg\",\"datePublished\":\"2023-07-28T07:23:48+00:00\",\"author\":{\"@id\":\"https:\\\/\\\/www.visitcentroamerica.com\\\/sala-prensa\\\/#\\\/schema\\\/person\\\/0aa3bd0dbaabaead6089ee3dd0cd7ae5\"},\"description\":\"El Salvador busca potenciar el turismo multidestino promoviendo la competitividad de la regi\u00f3n y el atractivo de los destinos complementarios\",\"breadcrumb\":{\"@id\":\"https:\\\/\\\/www.visitcentroamerica.com\\\/sala-prensa\\\/actualidad\\\/el-salvador-potenciara-la-promocion-y-comercializacion-del-multidestino-turistico-en-mercados-internacionales\\\/#breadcrumb\"},\"inLanguage\":\"es\",\"potentialAction\":[{\"@type\":\"ReadAction\",\"target\":[\"https:\\\/\\\/www.visitcentroamerica.com\\\/sala-prensa\\\/actualidad\\\/el-salvador-potenciara-la-promocion-y-comercializacion-del-multidestino-turistico-en-mercados-internacionales\\\/\"]}]},{\"@type\":\"ImageObject\",\"inLanguage\":\"es\",\"@id\":\"https:\\\/\\\/www.visitcentroamerica.com\\\/sala-prensa\\\/actualidad\\\/el-salvador-potenciara-la-promocion-y-comercializacion-del-multidestino-turistico-en-mercados-internacionales\\\/#primaryimage\",\"url\":\"https:\\\/\\\/www.visitcentroamerica.com\\\/sala-prensa\\\/wp-content\\\/uploads\\\/2023\\\/07\\\/El-salvador-promocion-turistica.jpg\",\"contentUrl\":\"https:\\\/\\\/www.visitcentroamerica.com\\\/sala-prensa\\\/wp-content\\\/uploads\\\/2023\\\/07\\\/El-salvador-promocion-turistica.jpg\",\"width\":1200,\"height\":600},{\"@type\":\"BreadcrumbList\",\"@id\":\"https:\\\/\\\/www.visitcentroamerica.com\\\/sala-prensa\\\/actualidad\\\/el-salvador-potenciara-la-promocion-y-comercializacion-del-multidestino-turistico-en-mercados-internacionales\\\/#breadcrumb\",\"itemListElement\":[{\"@type\":\"ListItem\",\"position\":1,\"name\":\"Portada\",\"item\":\"https:\\\/\\\/www.visitcentroamerica.com\\\/sala-prensa\\\/\"},{\"@type\":\"ListItem\",\"position\":2,\"name\":\"El Salvador potenciar\u00e1 la promoci\u00f3n y comercializaci\u00f3n del multidestino tur\u00edstico en mercados internacionales\"}]},{\"@type\":\"WebSite\",\"@id\":\"https:\\\/\\\/www.visitcentroamerica.com\\\/sala-prensa\\\/#website\",\"url\":\"https:\\\/\\\/www.visitcentroamerica.com\\\/sala-prensa\\\/\",\"name\":\"Sala de prensa\",\"description\":\"\",\"potentialAction\":[{\"@type\":\"SearchAction\",\"target\":{\"@type\":\"EntryPoint\",\"urlTemplate\":\"https:\\\/\\\/www.visitcentroamerica.com\\\/sala-prensa\\\/?s={search_term_string}\"},\"query-input\":{\"@type\":\"PropertyValueSpecification\",\"valueRequired\":true,\"valueName\":\"search_term_string\"}}],\"inLanguage\":\"es\"},{\"@type\":\"Person\",\"@id\":\"https:\\\/\\\/www.visitcentroamerica.com\\\/sala-prensa\\\/#\\\/schema\\\/person\\\/0aa3bd0dbaabaead6089ee3dd0cd7ae5\",\"name\":\"Denis Alvarado\",\"image\":{\"@type\":\"ImageObject\",\"inLanguage\":\"es\",\"@id\":\"https:\\\/\\\/secure.gravatar.com\\\/avatar\\\/c31f0697f6edb7c68d5dedc2ccbd548d2a9f73aa293e81c6a1425229ec4c9135?s=96&d=mm&r=g\",\"url\":\"https:\\\/\\\/secure.gravatar.com\\\/avatar\\\/c31f0697f6edb7c68d5dedc2ccbd548d2a9f73aa293e81c6a1425229ec4c9135?s=96&d=mm&r=g\",\"contentUrl\":\"https:\\\/\\\/secure.gravatar.com\\\/avatar\\\/c31f0697f6edb7c68d5dedc2ccbd548d2a9f73aa293e81c6a1425229ec4c9135?s=96&d=mm&r=g\",\"caption\":\"Denis Alvarado\"},\"url\":\"https:\\\/\\\/www.visitcentroamerica.com\\\/sala-prensa\\\/author\\\/denis\\\/\"}]}<\/script>\n<!-- \/ Yoast SEO plugin. -->","yoast_head_json":{"title":"El Salvador potencia su promoci\u00f3n tur\u00edstica en mercados exteriores","description":"El Salvador busca potenciar el turismo multidestino promoviendo la competitividad de la regi\u00f3n y el atractivo de los destinos complementarios","robots":{"index":"index","follow":"follow","max-snippet":"max-snippet:-1","max-image-preview":"max-image-preview:large","max-video-preview":"max-video-preview:-1"},"canonical":"https:\/\/www.visitcentroamerica.com\/sala-prensa\/actualidad\/el-salvador-potenciara-la-promocion-y-comercializacion-del-multidestino-turistico-en-mercados-internacionales\/","og_locale":"es_ES","og_type":"article","og_title":"El Salvador potencia su promoci\u00f3n tur\u00edstica en mercados exteriores","og_description":"El Salvador busca potenciar el turismo multidestino promoviendo la competitividad de la regi\u00f3n y el atractivo de los destinos complementarios","og_url":"https:\/\/www.visitcentroamerica.com\/sala-prensa\/actualidad\/el-salvador-potenciara-la-promocion-y-comercializacion-del-multidestino-turistico-en-mercados-internacionales\/","og_site_name":"Sala de prensa","article_published_time":"2023-07-28T07:23:48+00:00","og_image":[{"width":1200,"height":600,"url":"https:\/\/www.visitcentroamerica.com\/sala-prensa\/wp-content\/uploads\/2023\/07\/El-salvador-promocion-turistica.jpg","type":"image\/jpeg"}],"author":"Denis Alvarado","twitter_card":"summary_large_image","twitter_misc":{"Escrito por":"Denis Alvarado","Tiempo de lectura":"4 minutos"},"schema":{"@context":"https:\/\/schema.org","@graph":[{"@type":"Article","@id":"https:\/\/www.visitcentroamerica.com\/sala-prensa\/actualidad\/el-salvador-potenciara-la-promocion-y-comercializacion-del-multidestino-turistico-en-mercados-internacionales\/#article","isPartOf":{"@id":"https:\/\/www.visitcentroamerica.com\/sala-prensa\/actualidad\/el-salvador-potenciara-la-promocion-y-comercializacion-del-multidestino-turistico-en-mercados-internacionales\/"},"author":{"name":"Denis Alvarado","@id":"https:\/\/www.visitcentroamerica.com\/sala-prensa\/#\/schema\/person\/0aa3bd0dbaabaead6089ee3dd0cd7ae5"},"headline":"El Salvador potenciar\u00e1 la promoci\u00f3n y comercializaci\u00f3n del multidestino tur\u00edstico en mercados internacionales","datePublished":"2023-07-28T07:23:48+00:00","mainEntityOfPage":{"@id":"https:\/\/www.visitcentroamerica.com\/sala-prensa\/actualidad\/el-salvador-potenciara-la-promocion-y-comercializacion-del-multidestino-turistico-en-mercados-internacionales\/"},"wordCount":594,"commentCount":0,"image":{"@id":"https:\/\/www.visitcentroamerica.com\/sala-prensa\/actualidad\/el-salvador-potenciara-la-promocion-y-comercializacion-del-multidestino-turistico-en-mercados-internacionales\/#primaryimage"},"thumbnailUrl":"https:\/\/www.visitcentroamerica.com\/sala-prensa\/wp-content\/uploads\/2023\/07\/El-salvador-promocion-turistica.jpg","articleSection":["Actualidad"],"inLanguage":"es","potentialAction":[{"@type":"CommentAction","name":"Comment","target":["https:\/\/www.visitcentroamerica.com\/sala-prensa\/actualidad\/el-salvador-potenciara-la-promocion-y-comercializacion-del-multidestino-turistico-en-mercados-internacionales\/#respond"]}]},{"@type":"WebPage","@id":"https:\/\/www.visitcentroamerica.com\/sala-prensa\/actualidad\/el-salvador-potenciara-la-promocion-y-comercializacion-del-multidestino-turistico-en-mercados-internacionales\/","url":"https:\/\/www.visitcentroamerica.com\/sala-prensa\/actualidad\/el-salvador-potenciara-la-promocion-y-comercializacion-del-multidestino-turistico-en-mercados-internacionales\/","name":"El Salvador potencia su promoci\u00f3n tur\u00edstica en mercados exteriores","isPartOf":{"@id":"https:\/\/www.visitcentroamerica.com\/sala-prensa\/#website"},"primaryImageOfPage":{"@id":"https:\/\/www.visitcentroamerica.com\/sala-prensa\/actualidad\/el-salvador-potenciara-la-promocion-y-comercializacion-del-multidestino-turistico-en-mercados-internacionales\/#primaryimage"},"image":{"@id":"https:\/\/www.visitcentroamerica.com\/sala-prensa\/actualidad\/el-salvador-potenciara-la-promocion-y-comercializacion-del-multidestino-turistico-en-mercados-internacionales\/#primaryimage"},"thumbnailUrl":"https:\/\/www.visitcentroamerica.com\/sala-prensa\/wp-content\/uploads\/2023\/07\/El-salvador-promocion-turistica.jpg","datePublished":"2023-07-28T07:23:48+00:00","author":{"@id":"https:\/\/www.visitcentroamerica.com\/sala-prensa\/#\/schema\/person\/0aa3bd0dbaabaead6089ee3dd0cd7ae5"},"description":"El Salvador busca potenciar el turismo multidestino promoviendo la competitividad de la regi\u00f3n y el atractivo de los destinos complementarios","breadcrumb":{"@id":"https:\/\/www.visitcentroamerica.com\/sala-prensa\/actualidad\/el-salvador-potenciara-la-promocion-y-comercializacion-del-multidestino-turistico-en-mercados-internacionales\/#breadcrumb"},"inLanguage":"es","potentialAction":[{"@type":"ReadAction","target":["https:\/\/www.visitcentroamerica.com\/sala-prensa\/actualidad\/el-salvador-potenciara-la-promocion-y-comercializacion-del-multidestino-turistico-en-mercados-internacionales\/"]}]},{"@type":"ImageObject","inLanguage":"es","@id":"https:\/\/www.visitcentroamerica.com\/sala-prensa\/actualidad\/el-salvador-potenciara-la-promocion-y-comercializacion-del-multidestino-turistico-en-mercados-internacionales\/#primaryimage","url":"https:\/\/www.visitcentroamerica.com\/sala-prensa\/wp-content\/uploads\/2023\/07\/El-salvador-promocion-turistica.jpg","contentUrl":"https:\/\/www.visitcentroamerica.com\/sala-prensa\/wp-content\/uploads\/2023\/07\/El-salvador-promocion-turistica.jpg","width":1200,"height":600},{"@type":"BreadcrumbList","@id":"https:\/\/www.visitcentroamerica.com\/sala-prensa\/actualidad\/el-salvador-potenciara-la-promocion-y-comercializacion-del-multidestino-turistico-en-mercados-internacionales\/#breadcrumb","itemListElement":[{"@type":"ListItem","position":1,"name":"Portada","item":"https:\/\/www.visitcentroamerica.com\/sala-prensa\/"},{"@type":"ListItem","position":2,"name":"El Salvador potenciar\u00e1 la promoci\u00f3n y comercializaci\u00f3n del multidestino tur\u00edstico en mercados internacionales"}]},{"@type":"WebSite","@id":"https:\/\/www.visitcentroamerica.com\/sala-prensa\/#website","url":"https:\/\/www.visitcentroamerica.com\/sala-prensa\/","name":"Sala de prensa","description":"","potentialAction":[{"@type":"SearchAction","target":{"@type":"EntryPoint","urlTemplate":"https:\/\/www.visitcentroamerica.com\/sala-prensa\/?s={search_term_string}"},"query-input":{"@type":"PropertyValueSpecification","valueRequired":true,"valueName":"search_term_string"}}],"inLanguage":"es"},{"@type":"Person","@id":"https:\/\/www.visitcentroamerica.com\/sala-prensa\/#\/schema\/person\/0aa3bd0dbaabaead6089ee3dd0cd7ae5","name":"Denis Alvarado","image":{"@type":"ImageObject","inLanguage":"es","@id":"https:\/\/secure.gravatar.com\/avatar\/c31f0697f6edb7c68d5dedc2ccbd548d2a9f73aa293e81c6a1425229ec4c9135?s=96&d=mm&r=g","url":"https:\/\/secure.gravatar.com\/avatar\/c31f0697f6edb7c68d5dedc2ccbd548d2a9f73aa293e81c6a1425229ec4c9135?s=96&d=mm&r=g","contentUrl":"https:\/\/secure.gravatar.com\/avatar\/c31f0697f6edb7c68d5dedc2ccbd548d2a9f73aa293e81c6a1425229ec4c9135?s=96&d=mm&r=g","caption":"Denis Alvarado"},"url":"https:\/\/www.visitcentroamerica.com\/sala-prensa\/author\/denis\/"}]}},"_links":{"self":[{"href":"https:\/\/www.visitcentroamerica.com\/sala-prensa\/wp-json\/wp\/v2\/posts\/14513","targetHints":{"allow":["GET"]}}],"collection":[{"href":"https:\/\/www.visitcentroamerica.com\/sala-prensa\/wp-json\/wp\/v2\/posts"}],"about":[{"href":"https:\/\/www.visitcentroamerica.com\/sala-prensa\/wp-json\/wp\/v2\/types\/post"}],"author":[{"embeddable":true,"href":"https:\/\/www.visitcentroamerica.com\/sala-prensa\/wp-json\/wp\/v2\/users\/5"}],"replies":[{"embeddable":true,"href":"https:\/\/www.visitcentroamerica.com\/sala-prensa\/wp-json\/wp\/v2\/comments?post=14513"}],"version-history":[{"count":1,"href":"https:\/\/www.visitcentroamerica.com\/sala-prensa\/wp-json\/wp\/v2\/posts\/14513\/revisions"}],"predecessor-version":[{"id":14522,"href":"https:\/\/www.visitcentroamerica.com\/sala-prensa\/wp-json\/wp\/v2\/posts\/14513\/revisions\/14522"}],"wp:featuredmedia":[{"embeddable":true,"href":"https:\/\/www.visitcentroamerica.com\/sala-prensa\/wp-json\/wp\/v2\/media\/14514"}],"wp:attachment":[{"href":"https:\/\/www.visitcentroamerica.com\/sala-prensa\/wp-json\/wp\/v2\/media?parent=14513"}],"wp:term":[{"taxonomy":"category","embeddable":true,"href":"https:\/\/www.visitcentroamerica.com\/sala-prensa\/wp-json\/wp\/v2\/categories?post=14513"},{"taxonomy":"post_tag","embeddable":true,"href":"https:\/\/www.visitcentroamerica.com\/sala-prensa\/wp-json\/wp\/v2\/tags?post=14513"}],"curies":[{"name":"wp","href":"https:\/\/api.w.org\/{rel}","templated":true}]}}