{"id":14396,"date":"2023-05-18T13:41:15","date_gmt":"2023-05-18T13:41:15","guid":{"rendered":"https:\/\/www.visitcentroamerica.com\/sala-prensa\/?p=14396"},"modified":"2023-06-06T06:25:23","modified_gmt":"2023-06-06T06:25:23","slug":"nota-de-prensa-top-disfruta-centroamerica-sol-y-playa","status":"publish","type":"post","link":"https:\/\/www.visitcentroamerica.com\/sala-prensa\/viajar\/sol-y-playa\/nota-de-prensa-top-disfruta-centroamerica-sol-y-playa\/","title":{"rendered":"Top Disfruta Centroam\u00e9rica: Sol y Playa."},"content":{"rendered":"<p><strong><img loading=\"lazy\" decoding=\"async\" class=\"alignnone size-full wp-image-14388\" src=\"https:\/\/www.visitcentroamerica.com\/sala-prensa\/wp-content\/uploads\/2023\/05\/Todo-comienza-en-Belice.jpg\" alt=\"\" width=\"1200\" height=\"600\" srcset=\"https:\/\/www.visitcentroamerica.com\/sala-prensa\/wp-content\/uploads\/2023\/05\/Todo-comienza-en-Belice.jpg 1200w, https:\/\/www.visitcentroamerica.com\/sala-prensa\/wp-content\/uploads\/2023\/05\/Todo-comienza-en-Belice-300x150.jpg 300w, https:\/\/www.visitcentroamerica.com\/sala-prensa\/wp-content\/uploads\/2023\/05\/Todo-comienza-en-Belice-1024x512.jpg 1024w, https:\/\/www.visitcentroamerica.com\/sala-prensa\/wp-content\/uploads\/2023\/05\/Todo-comienza-en-Belice-768x384.jpg 768w, https:\/\/www.visitcentroamerica.com\/sala-prensa\/wp-content\/uploads\/2023\/05\/Todo-comienza-en-Belice-696x348.jpg 696w, https:\/\/www.visitcentroamerica.com\/sala-prensa\/wp-content\/uploads\/2023\/05\/Todo-comienza-en-Belice-1068x534.jpg 1068w, https:\/\/www.visitcentroamerica.com\/sala-prensa\/wp-content\/uploads\/2023\/05\/Todo-comienza-en-Belice-840x420.jpg 840w, https:\/\/www.visitcentroamerica.com\/sala-prensa\/wp-content\/uploads\/2023\/05\/Todo-comienza-en-Belice-500x250.jpg 500w\" sizes=\"auto, (max-width: 1200px) 100vw, 1200px\" \/><\/strong><\/p>\n<p><strong>Guatemala y Belice<\/strong> son dos pa\u00edses centroamericanos que, por su proximidad y su enorme belleza, resultan muy adecuados para llevar a cabo un viaje multidestino. Combinan una oferta de ocio amplia, variada y marcada por la naturaleza, las <strong>playas paradis\u00edacas<\/strong> y las ciudades de estilo colonial. Por lo tanto, no es de extra\u00f1ar que a\u00f1o tras a\u00f1o crezca el n\u00famero de turistas que se decantan por esta ruta.<\/p>\n<h2>Todo comienza en Belice<\/h2>\n<p>El <strong>Aeropuerto Internacional Philip S. W. Goldson<\/strong> es una de las principales v\u00edas de entrada a Centroam\u00e9rica. De hecho, es el lugar en el que aterrizan la mayor\u00eda de viajeros que quieren disfrutar de todos los encantos de estos pa\u00edses.<\/p>\n<p>Lo habitual es que la primera parada del itinerario sea <strong>San Pedro<\/strong>, la denominada \u00abIsla Bonita\u201d. Se trata de un trayecto que se puede realizar en taxi de agua f\u00e1cilmente. Se encuentra en Cayo Ambergris y es una magn\u00edfica primera toma de contacto con los <strong>paisajes caribe\u00f1os<\/strong> de este pa\u00eds.<\/p>\n<p>Despu\u00e9s, llega el turno de hacer una escapada a<strong> Cayo Caulker<\/strong>. Esta isla, que apenas tiene 500 metros de ancho, se ha convertido en un aut\u00e9ntico para\u00edso para los mochileros. Aqu\u00ed se encuentra el m\u00edtico <strong>Blue Hole<\/strong>, uno de los lugares de buceo m\u00e1s famosos del planeta. \u00bfLos motivos? Alcanza los 125 metros de profundidad, est\u00e1 repleto de inofensivos tiburones y deja a sus visitantes boquiabiertos por sus impresionantes formaciones rocosas.<\/p>\n<p>Menci\u00f3n especial merece el pueblo gar\u00edfuna de <strong>Hopkins<\/strong>. Cuenta con una de las mejores playas del pa\u00eds y est\u00e1 al lado de la Reserva Natural de Cockscomb, en la cual se pueden avistar jaguares.<\/p>\n<p>Lo mismo sucede con <strong>Placencia<\/strong>, una localidad situada al sur del pa\u00eds. Sus playas de arena blanca y palmeras son aut\u00e9nticos oasis y, adem\u00e1s, en sus lagunas es posible contemplar manat\u00edes y cocodrilos de agua salada. Su arrecife es otra meca para los amantes del buceo y del esn\u00f3rquel.<\/p>\n<h2>La experiencia contin\u00faa en Guatemala<\/h2>\n<p>Finalizada la visita a Belice, llega el momento de emprender rumbo a Guatemala. Al sur del departamento de Santa Rosa se encuentra <strong>Monterrico<\/strong>, que es famoso en todo el mundo por sus playas negras fruto de la actividad volc\u00e1nica y por las tortugas marinas que acuden a ellas para poner sus huevos.<\/p>\n<p>Una de las m\u00e1s populares es<strong> Playa Hawaii<\/strong>, que destaca por su gran oferta hotelera y de ocio. Muchas son las actividades que se pueden llevar a cabo, como el avistamiento de aves, el ecoturismo, la pesca deportiva, el<em> windsurf <\/em>y el <em>rappel<\/em>.<\/p>\n<p>Por su parte, en el departamento de Izabal se encuentra<strong> Playa Blanca<\/strong>, el lugar perfecto para unas vacaciones gracias a sus aguas cristalinas y sus playas de arena blanca. Es especialmente recomendable para quienes desean pasar unos d\u00edas de relax en contacto con la naturaleza y sin escatimar en lujos.<\/p>\n<p>Tambi\u00e9n en Izabal est\u00e1 <strong>Playa Dorada<\/strong>, un espacio tranquilo en el que disfrutar del sol y de la arena. No es una playa de gran extensi\u00f3n, pero est\u00e1 rodeada de restaurantes para degustar la comida t\u00edpica de la regi\u00f3n. Adem\u00e1s, ofrece distintos servicios, como la posibilidad de alquilar motos y bicis acu\u00e1ticas.<\/p>\n<p>Por \u00faltimo, <strong>Sipacate<\/strong> es un hermoso municipio tur\u00edstico del departamento de Escuintla que cuenta con unas playas impresionantes. En ellas, los amantes del surf encuentran el lugar ideal para disfrutar de su deporte favorito.<\/p>\n<p>Todo esto hace que un viaje multidestino entre <strong>Belice y Guatemala<\/strong> sea una opci\u00f3n excelente para aquellos que desean conocer Centroam\u00e9rica en profundidad. Sin duda, se trata de una experiencia muy recomendable tanto para quienes vienen del extranjero como para los residentes en esta bella regi\u00f3n del mundo.<\/p>\n","protected":false},"excerpt":{"rendered":"<p>Guatemala y Belice son dos pa\u00edses centroamericanos que, por su proximidad y su enorme belleza, resultan muy adecuados para llevar a cabo un viaje multidestino. Combinan una oferta de ocio amplia, variada y marcada por la naturaleza, las playas paradis\u00edacas y las ciudades de estilo colonial. Por lo tanto, no es de extra\u00f1ar que a\u00f1o [&hellip;]<\/p>\n","protected":false},"author":5,"featured_media":14388,"comment_status":"open","ping_status":"closed","sticky":false,"template":"","format":"standard","meta":{"footnotes":""},"categories":[34],"tags":[],"class_list":{"0":"post-14396","1":"post","2":"type-post","3":"status-publish","4":"format-standard","5":"has-post-thumbnail","7":"category-sol-y-playa"},"yoast_head":"<!-- This site is optimized with the Yoast SEO plugin v27.3 - https:\/\/yoast.com\/product\/yoast-seo-wordpress\/ -->\n<title>Viaje multidestino a Belice y Guatemala: sol, playa y mucho m\u00e1s<\/title>\n<meta name=\"description\" content=\"El sol y la playa son algunos de los principales atractivos de Centroam\u00e9rica, pero no los \u00fanicos. Los pa\u00edses de Belice y Guatemala son los mejores ejemplos\" \/>\n<meta name=\"robots\" content=\"index, follow, max-snippet:-1, max-image-preview:large, max-video-preview:-1\" \/>\n<link rel=\"canonical\" href=\"https:\/\/www.visitcentroamerica.com\/sala-prensa\/viajar\/sol-y-playa\/nota-de-prensa-top-disfruta-centroamerica-sol-y-playa\/\" \/>\n<meta property=\"og:locale\" content=\"es_ES\" \/>\n<meta property=\"og:type\" content=\"article\" \/>\n<meta property=\"og:title\" content=\"Viaje multidestino a Belice y Guatemala: sol, playa y mucho m\u00e1s\" \/>\n<meta property=\"og:description\" content=\"El sol y la playa son algunos de los principales atractivos de Centroam\u00e9rica, pero no los \u00fanicos. Los pa\u00edses de Belice y Guatemala son los mejores ejemplos\" \/>\n<meta property=\"og:url\" content=\"https:\/\/www.visitcentroamerica.com\/sala-prensa\/viajar\/sol-y-playa\/nota-de-prensa-top-disfruta-centroamerica-sol-y-playa\/\" \/>\n<meta property=\"og:site_name\" content=\"Sala de prensa\" \/>\n<meta property=\"article:published_time\" content=\"2023-05-18T13:41:15+00:00\" \/>\n<meta property=\"article:modified_time\" content=\"2023-06-06T06:25:23+00:00\" \/>\n<meta property=\"og:image\" content=\"https:\/\/www.visitcentroamerica.com\/sala-prensa\/wp-content\/uploads\/2023\/05\/Todo-comienza-en-Belice.jpg\" \/>\n\t<meta property=\"og:image:width\" content=\"1200\" \/>\n\t<meta property=\"og:image:height\" content=\"600\" \/>\n\t<meta property=\"og:image:type\" content=\"image\/jpeg\" \/>\n<meta name=\"author\" content=\"Denis Alvarado\" \/>\n<meta name=\"twitter:card\" content=\"summary_large_image\" \/>\n<meta name=\"twitter:label1\" content=\"Escrito por\" \/>\n\t<meta name=\"twitter:data1\" content=\"Denis Alvarado\" \/>\n\t<meta name=\"twitter:label2\" content=\"Tiempo de lectura\" \/>\n\t<meta name=\"twitter:data2\" content=\"3 minutos\" \/>\n<script type=\"application\/ld+json\" class=\"yoast-schema-graph\">{\"@context\":\"https:\\\/\\\/schema.org\",\"@graph\":[{\"@type\":\"Article\",\"@id\":\"https:\\\/\\\/www.visitcentroamerica.com\\\/sala-prensa\\\/viajar\\\/sol-y-playa\\\/nota-de-prensa-top-disfruta-centroamerica-sol-y-playa\\\/#article\",\"isPartOf\":{\"@id\":\"https:\\\/\\\/www.visitcentroamerica.com\\\/sala-prensa\\\/viajar\\\/sol-y-playa\\\/nota-de-prensa-top-disfruta-centroamerica-sol-y-playa\\\/\"},\"author\":{\"name\":\"Denis Alvarado\",\"@id\":\"https:\\\/\\\/www.visitcentroamerica.com\\\/sala-prensa\\\/#\\\/schema\\\/person\\\/0aa3bd0dbaabaead6089ee3dd0cd7ae5\"},\"headline\":\"Top Disfruta Centroam\u00e9rica: Sol y Playa.\",\"datePublished\":\"2023-05-18T13:41:15+00:00\",\"dateModified\":\"2023-06-06T06:25:23+00:00\",\"mainEntityOfPage\":{\"@id\":\"https:\\\/\\\/www.visitcentroamerica.com\\\/sala-prensa\\\/viajar\\\/sol-y-playa\\\/nota-de-prensa-top-disfruta-centroamerica-sol-y-playa\\\/\"},\"wordCount\":646,\"commentCount\":0,\"image\":{\"@id\":\"https:\\\/\\\/www.visitcentroamerica.com\\\/sala-prensa\\\/viajar\\\/sol-y-playa\\\/nota-de-prensa-top-disfruta-centroamerica-sol-y-playa\\\/#primaryimage\"},\"thumbnailUrl\":\"https:\\\/\\\/www.visitcentroamerica.com\\\/sala-prensa\\\/wp-content\\\/uploads\\\/2023\\\/05\\\/Todo-comienza-en-Belice.jpg\",\"articleSection\":[\"Sol y Playa\"],\"inLanguage\":\"es\",\"potentialAction\":[{\"@type\":\"CommentAction\",\"name\":\"Comment\",\"target\":[\"https:\\\/\\\/www.visitcentroamerica.com\\\/sala-prensa\\\/viajar\\\/sol-y-playa\\\/nota-de-prensa-top-disfruta-centroamerica-sol-y-playa\\\/#respond\"]}]},{\"@type\":\"WebPage\",\"@id\":\"https:\\\/\\\/www.visitcentroamerica.com\\\/sala-prensa\\\/viajar\\\/sol-y-playa\\\/nota-de-prensa-top-disfruta-centroamerica-sol-y-playa\\\/\",\"url\":\"https:\\\/\\\/www.visitcentroamerica.com\\\/sala-prensa\\\/viajar\\\/sol-y-playa\\\/nota-de-prensa-top-disfruta-centroamerica-sol-y-playa\\\/\",\"name\":\"Viaje multidestino a Belice y Guatemala: sol, playa y mucho m\u00e1s\",\"isPartOf\":{\"@id\":\"https:\\\/\\\/www.visitcentroamerica.com\\\/sala-prensa\\\/#website\"},\"primaryImageOfPage\":{\"@id\":\"https:\\\/\\\/www.visitcentroamerica.com\\\/sala-prensa\\\/viajar\\\/sol-y-playa\\\/nota-de-prensa-top-disfruta-centroamerica-sol-y-playa\\\/#primaryimage\"},\"image\":{\"@id\":\"https:\\\/\\\/www.visitcentroamerica.com\\\/sala-prensa\\\/viajar\\\/sol-y-playa\\\/nota-de-prensa-top-disfruta-centroamerica-sol-y-playa\\\/#primaryimage\"},\"thumbnailUrl\":\"https:\\\/\\\/www.visitcentroamerica.com\\\/sala-prensa\\\/wp-content\\\/uploads\\\/2023\\\/05\\\/Todo-comienza-en-Belice.jpg\",\"datePublished\":\"2023-05-18T13:41:15+00:00\",\"dateModified\":\"2023-06-06T06:25:23+00:00\",\"author\":{\"@id\":\"https:\\\/\\\/www.visitcentroamerica.com\\\/sala-prensa\\\/#\\\/schema\\\/person\\\/0aa3bd0dbaabaead6089ee3dd0cd7ae5\"},\"description\":\"El sol y la playa son algunos de los principales atractivos de Centroam\u00e9rica, pero no los \u00fanicos. Los pa\u00edses de Belice y Guatemala son los mejores ejemplos\",\"breadcrumb\":{\"@id\":\"https:\\\/\\\/www.visitcentroamerica.com\\\/sala-prensa\\\/viajar\\\/sol-y-playa\\\/nota-de-prensa-top-disfruta-centroamerica-sol-y-playa\\\/#breadcrumb\"},\"inLanguage\":\"es\",\"potentialAction\":[{\"@type\":\"ReadAction\",\"target\":[\"https:\\\/\\\/www.visitcentroamerica.com\\\/sala-prensa\\\/viajar\\\/sol-y-playa\\\/nota-de-prensa-top-disfruta-centroamerica-sol-y-playa\\\/\"]}]},{\"@type\":\"ImageObject\",\"inLanguage\":\"es\",\"@id\":\"https:\\\/\\\/www.visitcentroamerica.com\\\/sala-prensa\\\/viajar\\\/sol-y-playa\\\/nota-de-prensa-top-disfruta-centroamerica-sol-y-playa\\\/#primaryimage\",\"url\":\"https:\\\/\\\/www.visitcentroamerica.com\\\/sala-prensa\\\/wp-content\\\/uploads\\\/2023\\\/05\\\/Todo-comienza-en-Belice.jpg\",\"contentUrl\":\"https:\\\/\\\/www.visitcentroamerica.com\\\/sala-prensa\\\/wp-content\\\/uploads\\\/2023\\\/05\\\/Todo-comienza-en-Belice.jpg\",\"width\":1200,\"height\":600},{\"@type\":\"BreadcrumbList\",\"@id\":\"https:\\\/\\\/www.visitcentroamerica.com\\\/sala-prensa\\\/viajar\\\/sol-y-playa\\\/nota-de-prensa-top-disfruta-centroamerica-sol-y-playa\\\/#breadcrumb\",\"itemListElement\":[{\"@type\":\"ListItem\",\"position\":1,\"name\":\"Portada\",\"item\":\"https:\\\/\\\/www.visitcentroamerica.com\\\/sala-prensa\\\/\"},{\"@type\":\"ListItem\",\"position\":2,\"name\":\"Top Disfruta Centroam\u00e9rica: Sol y Playa.\"}]},{\"@type\":\"WebSite\",\"@id\":\"https:\\\/\\\/www.visitcentroamerica.com\\\/sala-prensa\\\/#website\",\"url\":\"https:\\\/\\\/www.visitcentroamerica.com\\\/sala-prensa\\\/\",\"name\":\"Sala de prensa\",\"description\":\"\",\"potentialAction\":[{\"@type\":\"SearchAction\",\"target\":{\"@type\":\"EntryPoint\",\"urlTemplate\":\"https:\\\/\\\/www.visitcentroamerica.com\\\/sala-prensa\\\/?s={search_term_string}\"},\"query-input\":{\"@type\":\"PropertyValueSpecification\",\"valueRequired\":true,\"valueName\":\"search_term_string\"}}],\"inLanguage\":\"es\"},{\"@type\":\"Person\",\"@id\":\"https:\\\/\\\/www.visitcentroamerica.com\\\/sala-prensa\\\/#\\\/schema\\\/person\\\/0aa3bd0dbaabaead6089ee3dd0cd7ae5\",\"name\":\"Denis Alvarado\",\"image\":{\"@type\":\"ImageObject\",\"inLanguage\":\"es\",\"@id\":\"https:\\\/\\\/secure.gravatar.com\\\/avatar\\\/c31f0697f6edb7c68d5dedc2ccbd548d2a9f73aa293e81c6a1425229ec4c9135?s=96&d=mm&r=g\",\"url\":\"https:\\\/\\\/secure.gravatar.com\\\/avatar\\\/c31f0697f6edb7c68d5dedc2ccbd548d2a9f73aa293e81c6a1425229ec4c9135?s=96&d=mm&r=g\",\"contentUrl\":\"https:\\\/\\\/secure.gravatar.com\\\/avatar\\\/c31f0697f6edb7c68d5dedc2ccbd548d2a9f73aa293e81c6a1425229ec4c9135?s=96&d=mm&r=g\",\"caption\":\"Denis Alvarado\"},\"url\":\"https:\\\/\\\/www.visitcentroamerica.com\\\/sala-prensa\\\/author\\\/denis\\\/\"}]}<\/script>\n<!-- \/ Yoast SEO plugin. -->","yoast_head_json":{"title":"Viaje multidestino a Belice y Guatemala: sol, playa y mucho m\u00e1s","description":"El sol y la playa son algunos de los principales atractivos de Centroam\u00e9rica, pero no los \u00fanicos. Los pa\u00edses de Belice y Guatemala son los mejores ejemplos","robots":{"index":"index","follow":"follow","max-snippet":"max-snippet:-1","max-image-preview":"max-image-preview:large","max-video-preview":"max-video-preview:-1"},"canonical":"https:\/\/www.visitcentroamerica.com\/sala-prensa\/viajar\/sol-y-playa\/nota-de-prensa-top-disfruta-centroamerica-sol-y-playa\/","og_locale":"es_ES","og_type":"article","og_title":"Viaje multidestino a Belice y Guatemala: sol, playa y mucho m\u00e1s","og_description":"El sol y la playa son algunos de los principales atractivos de Centroam\u00e9rica, pero no los \u00fanicos. Los pa\u00edses de Belice y Guatemala son los mejores ejemplos","og_url":"https:\/\/www.visitcentroamerica.com\/sala-prensa\/viajar\/sol-y-playa\/nota-de-prensa-top-disfruta-centroamerica-sol-y-playa\/","og_site_name":"Sala de prensa","article_published_time":"2023-05-18T13:41:15+00:00","article_modified_time":"2023-06-06T06:25:23+00:00","og_image":[{"width":1200,"height":600,"url":"https:\/\/www.visitcentroamerica.com\/sala-prensa\/wp-content\/uploads\/2023\/05\/Todo-comienza-en-Belice.jpg","type":"image\/jpeg"}],"author":"Denis Alvarado","twitter_card":"summary_large_image","twitter_misc":{"Escrito por":"Denis Alvarado","Tiempo de lectura":"3 minutos"},"schema":{"@context":"https:\/\/schema.org","@graph":[{"@type":"Article","@id":"https:\/\/www.visitcentroamerica.com\/sala-prensa\/viajar\/sol-y-playa\/nota-de-prensa-top-disfruta-centroamerica-sol-y-playa\/#article","isPartOf":{"@id":"https:\/\/www.visitcentroamerica.com\/sala-prensa\/viajar\/sol-y-playa\/nota-de-prensa-top-disfruta-centroamerica-sol-y-playa\/"},"author":{"name":"Denis Alvarado","@id":"https:\/\/www.visitcentroamerica.com\/sala-prensa\/#\/schema\/person\/0aa3bd0dbaabaead6089ee3dd0cd7ae5"},"headline":"Top Disfruta Centroam\u00e9rica: Sol y Playa.","datePublished":"2023-05-18T13:41:15+00:00","dateModified":"2023-06-06T06:25:23+00:00","mainEntityOfPage":{"@id":"https:\/\/www.visitcentroamerica.com\/sala-prensa\/viajar\/sol-y-playa\/nota-de-prensa-top-disfruta-centroamerica-sol-y-playa\/"},"wordCount":646,"commentCount":0,"image":{"@id":"https:\/\/www.visitcentroamerica.com\/sala-prensa\/viajar\/sol-y-playa\/nota-de-prensa-top-disfruta-centroamerica-sol-y-playa\/#primaryimage"},"thumbnailUrl":"https:\/\/www.visitcentroamerica.com\/sala-prensa\/wp-content\/uploads\/2023\/05\/Todo-comienza-en-Belice.jpg","articleSection":["Sol y Playa"],"inLanguage":"es","potentialAction":[{"@type":"CommentAction","name":"Comment","target":["https:\/\/www.visitcentroamerica.com\/sala-prensa\/viajar\/sol-y-playa\/nota-de-prensa-top-disfruta-centroamerica-sol-y-playa\/#respond"]}]},{"@type":"WebPage","@id":"https:\/\/www.visitcentroamerica.com\/sala-prensa\/viajar\/sol-y-playa\/nota-de-prensa-top-disfruta-centroamerica-sol-y-playa\/","url":"https:\/\/www.visitcentroamerica.com\/sala-prensa\/viajar\/sol-y-playa\/nota-de-prensa-top-disfruta-centroamerica-sol-y-playa\/","name":"Viaje multidestino a Belice y Guatemala: sol, playa y mucho m\u00e1s","isPartOf":{"@id":"https:\/\/www.visitcentroamerica.com\/sala-prensa\/#website"},"primaryImageOfPage":{"@id":"https:\/\/www.visitcentroamerica.com\/sala-prensa\/viajar\/sol-y-playa\/nota-de-prensa-top-disfruta-centroamerica-sol-y-playa\/#primaryimage"},"image":{"@id":"https:\/\/www.visitcentroamerica.com\/sala-prensa\/viajar\/sol-y-playa\/nota-de-prensa-top-disfruta-centroamerica-sol-y-playa\/#primaryimage"},"thumbnailUrl":"https:\/\/www.visitcentroamerica.com\/sala-prensa\/wp-content\/uploads\/2023\/05\/Todo-comienza-en-Belice.jpg","datePublished":"2023-05-18T13:41:15+00:00","dateModified":"2023-06-06T06:25:23+00:00","author":{"@id":"https:\/\/www.visitcentroamerica.com\/sala-prensa\/#\/schema\/person\/0aa3bd0dbaabaead6089ee3dd0cd7ae5"},"description":"El sol y la playa son algunos de los principales atractivos de Centroam\u00e9rica, pero no los \u00fanicos. Los pa\u00edses de Belice y Guatemala son los mejores ejemplos","breadcrumb":{"@id":"https:\/\/www.visitcentroamerica.com\/sala-prensa\/viajar\/sol-y-playa\/nota-de-prensa-top-disfruta-centroamerica-sol-y-playa\/#breadcrumb"},"inLanguage":"es","potentialAction":[{"@type":"ReadAction","target":["https:\/\/www.visitcentroamerica.com\/sala-prensa\/viajar\/sol-y-playa\/nota-de-prensa-top-disfruta-centroamerica-sol-y-playa\/"]}]},{"@type":"ImageObject","inLanguage":"es","@id":"https:\/\/www.visitcentroamerica.com\/sala-prensa\/viajar\/sol-y-playa\/nota-de-prensa-top-disfruta-centroamerica-sol-y-playa\/#primaryimage","url":"https:\/\/www.visitcentroamerica.com\/sala-prensa\/wp-content\/uploads\/2023\/05\/Todo-comienza-en-Belice.jpg","contentUrl":"https:\/\/www.visitcentroamerica.com\/sala-prensa\/wp-content\/uploads\/2023\/05\/Todo-comienza-en-Belice.jpg","width":1200,"height":600},{"@type":"BreadcrumbList","@id":"https:\/\/www.visitcentroamerica.com\/sala-prensa\/viajar\/sol-y-playa\/nota-de-prensa-top-disfruta-centroamerica-sol-y-playa\/#breadcrumb","itemListElement":[{"@type":"ListItem","position":1,"name":"Portada","item":"https:\/\/www.visitcentroamerica.com\/sala-prensa\/"},{"@type":"ListItem","position":2,"name":"Top Disfruta Centroam\u00e9rica: Sol y Playa."}]},{"@type":"WebSite","@id":"https:\/\/www.visitcentroamerica.com\/sala-prensa\/#website","url":"https:\/\/www.visitcentroamerica.com\/sala-prensa\/","name":"Sala de prensa","description":"","potentialAction":[{"@type":"SearchAction","target":{"@type":"EntryPoint","urlTemplate":"https:\/\/www.visitcentroamerica.com\/sala-prensa\/?s={search_term_string}"},"query-input":{"@type":"PropertyValueSpecification","valueRequired":true,"valueName":"search_term_string"}}],"inLanguage":"es"},{"@type":"Person","@id":"https:\/\/www.visitcentroamerica.com\/sala-prensa\/#\/schema\/person\/0aa3bd0dbaabaead6089ee3dd0cd7ae5","name":"Denis Alvarado","image":{"@type":"ImageObject","inLanguage":"es","@id":"https:\/\/secure.gravatar.com\/avatar\/c31f0697f6edb7c68d5dedc2ccbd548d2a9f73aa293e81c6a1425229ec4c9135?s=96&d=mm&r=g","url":"https:\/\/secure.gravatar.com\/avatar\/c31f0697f6edb7c68d5dedc2ccbd548d2a9f73aa293e81c6a1425229ec4c9135?s=96&d=mm&r=g","contentUrl":"https:\/\/secure.gravatar.com\/avatar\/c31f0697f6edb7c68d5dedc2ccbd548d2a9f73aa293e81c6a1425229ec4c9135?s=96&d=mm&r=g","caption":"Denis Alvarado"},"url":"https:\/\/www.visitcentroamerica.com\/sala-prensa\/author\/denis\/"}]}},"_links":{"self":[{"href":"https:\/\/www.visitcentroamerica.com\/sala-prensa\/wp-json\/wp\/v2\/posts\/14396","targetHints":{"allow":["GET"]}}],"collection":[{"href":"https:\/\/www.visitcentroamerica.com\/sala-prensa\/wp-json\/wp\/v2\/posts"}],"about":[{"href":"https:\/\/www.visitcentroamerica.com\/sala-prensa\/wp-json\/wp\/v2\/types\/post"}],"author":[{"embeddable":true,"href":"https:\/\/www.visitcentroamerica.com\/sala-prensa\/wp-json\/wp\/v2\/users\/5"}],"replies":[{"embeddable":true,"href":"https:\/\/www.visitcentroamerica.com\/sala-prensa\/wp-json\/wp\/v2\/comments?post=14396"}],"version-history":[{"count":2,"href":"https:\/\/www.visitcentroamerica.com\/sala-prensa\/wp-json\/wp\/v2\/posts\/14396\/revisions"}],"predecessor-version":[{"id":14411,"href":"https:\/\/www.visitcentroamerica.com\/sala-prensa\/wp-json\/wp\/v2\/posts\/14396\/revisions\/14411"}],"wp:featuredmedia":[{"embeddable":true,"href":"https:\/\/www.visitcentroamerica.com\/sala-prensa\/wp-json\/wp\/v2\/media\/14388"}],"wp:attachment":[{"href":"https:\/\/www.visitcentroamerica.com\/sala-prensa\/wp-json\/wp\/v2\/media?parent=14396"}],"wp:term":[{"taxonomy":"category","embeddable":true,"href":"https:\/\/www.visitcentroamerica.com\/sala-prensa\/wp-json\/wp\/v2\/categories?post=14396"},{"taxonomy":"post_tag","embeddable":true,"href":"https:\/\/www.visitcentroamerica.com\/sala-prensa\/wp-json\/wp\/v2\/tags?post=14396"}],"curies":[{"name":"wp","href":"https:\/\/api.w.org\/{rel}","templated":true}]}}