{"id":14211,"date":"2023-02-22T12:00:32","date_gmt":"2023-02-22T12:00:32","guid":{"rendered":"https:\/\/www.visitcentroamerica.com\/sala-prensa\/?p=14211"},"modified":"2023-03-01T10:50:17","modified_gmt":"2023-03-01T10:50:17","slug":"turismo-maya-en-el-pico-victoria-en-belice-y-guatemala","status":"publish","type":"post","link":"https:\/\/www.visitcentroamerica.com\/sala-prensa\/viajar\/aventura\/turismo-maya-en-el-pico-victoria-en-belice-y-guatemala\/","title":{"rendered":"Turismo maya en el Pico Victoria en Belice y Guatemala"},"content":{"rendered":"<p><img decoding=\"async\" class=\"alignnone size-full wp-image-14205\" src=\"https:\/\/www.visitcentroamerica.com\/sala-prensa\/wp-content\/uploads\/2023\/02\/Turismo-maya-en-el-Pico-Victoria-en-Belice-y-Guatemala.jpg.png\" alt=\"\" width=\"auto\" height=\"100%\" srcset=\"https:\/\/www.visitcentroamerica.com\/sala-prensa\/wp-content\/uploads\/2023\/02\/Turismo-maya-en-el-Pico-Victoria-en-Belice-y-Guatemala.jpg.png 1200w, https:\/\/www.visitcentroamerica.com\/sala-prensa\/wp-content\/uploads\/2023\/02\/Turismo-maya-en-el-Pico-Victoria-en-Belice-y-Guatemala.jpg-300x150.png 300w, https:\/\/www.visitcentroamerica.com\/sala-prensa\/wp-content\/uploads\/2023\/02\/Turismo-maya-en-el-Pico-Victoria-en-Belice-y-Guatemala.jpg-1024x512.png 1024w, https:\/\/www.visitcentroamerica.com\/sala-prensa\/wp-content\/uploads\/2023\/02\/Turismo-maya-en-el-Pico-Victoria-en-Belice-y-Guatemala.jpg-768x384.png 768w, https:\/\/www.visitcentroamerica.com\/sala-prensa\/wp-content\/uploads\/2023\/02\/Turismo-maya-en-el-Pico-Victoria-en-Belice-y-Guatemala.jpg-696x348.png 696w, https:\/\/www.visitcentroamerica.com\/sala-prensa\/wp-content\/uploads\/2023\/02\/Turismo-maya-en-el-Pico-Victoria-en-Belice-y-Guatemala.jpg-1068x534.png 1068w, https:\/\/www.visitcentroamerica.com\/sala-prensa\/wp-content\/uploads\/2023\/02\/Turismo-maya-en-el-Pico-Victoria-en-Belice-y-Guatemala.jpg-840x420.png 840w, https:\/\/www.visitcentroamerica.com\/sala-prensa\/wp-content\/uploads\/2023\/02\/Turismo-maya-en-el-Pico-Victoria-en-Belice-y-Guatemala.jpg-500x250.png 500w\" sizes=\"(max-width: 1200px) 100vw, 1200px\" \/><\/p>\n<p>El <strong>turismo maya<\/strong> es uno de los principales atractivos que puedes encontrar en Centroam\u00e9rica, especialmente para los amantes del senderismo. Tendr\u00e1s la oportunidad de descubrir el h\u00e1bitat de una de las civilizaciones m\u00e1s fascinantes de hace siglos vigilada por <a href=\"https:\/\/www.unesco.org\/es\/articles\/las-practicas-agricolas-tradicionales-de-los-mayas-de-la-peninsula-de-yucatan\" target=\"_blank\" rel=\"noopener\">la UNESCO<\/a>.<\/p>\n<h2>Pico Victoria y turismo en Belice<\/h2>\n<p>Los Montes Mayas est\u00e1n situados en Belice, y el oriente de Guatemala, dos de los principales pa\u00edses para hacer<strong> turismo arqueol\u00f3gico en Centroam\u00e9rica<\/strong>. El pico Victoria es uno de los principales atractivos de Belice, ya que es la segunda monta\u00f1a m\u00e1s alta del pa\u00eds. Adem\u00e1s, si est\u00e1s planeando hacer <strong>turismo en Belice<\/strong>, est\u00e1 muy cerca del monte m\u00e1s alto en Doyle&#8217;s Delight. Se encuentra a solo 57 kil\u00f3metros. En Guatemala podr\u00e1s disfrutar del impresionante Parque Nacional Tikal que cuenta con 5,000 edificios prehisp\u00e1nicos en un \u00e1rea de aproximadamente 16 km\u00b2.<\/p>\n<p>Es una excelente oportunidad para descubrir la Centroam\u00e9rica natural, junto a su arqueolog\u00eda e historia. En los \u00faltimos a\u00f1os, se ha convertido como un excelente destino tanto para<strong> la escalada como para llevar a cabo rutas caminando<\/strong>. Su flora y fauna es realmente rica.<\/p>\n<p>Sin ir m\u00e1s lejos, la reserva de jaguares en el Cocksckomb es uno de sus grandes atractivos. Adicionalmente, fue descubierta por los brit\u00e1nicos a finales del siglo XIX por lo que es una zona realmente virgen. El <strong>turismo maya<\/strong> es uno de los principales atractivos que puedes encontrar en Centroam\u00e9rica. \u00a1Qu\u00e9 esperas para descubrir <a href=\"https:\/\/www.visitcentroamerica.com\/packages\/belice-guatemala-i\/\" target=\"_blank\" rel=\"noopener\">Belice y Guatemala<\/a>! Descubrir\u00e1s un viaje y una experiencia que nunca olvidar\u00e1s.<\/p>\n","protected":false},"excerpt":{"rendered":"<p>El turismo maya es uno de los principales atractivos que puedes encontrar en Centroam\u00e9rica, especialmente para los amantes del senderismo. Tendr\u00e1s la oportunidad de descubrir el h\u00e1bitat de una de las civilizaciones m\u00e1s fascinantes de hace siglos vigilada por la UNESCO. Pico Victoria y turismo en Belice Los Montes Mayas est\u00e1n situados en Belice, y [&hellip;]<\/p>\n","protected":false},"author":5,"featured_media":14205,"comment_status":"open","ping_status":"closed","sticky":false,"template":"","format":"standard","meta":{"footnotes":""},"categories":[28],"tags":[],"class_list":{"0":"post-14211","1":"post","2":"type-post","3":"status-publish","4":"format-standard","5":"has-post-thumbnail","7":"category-aventura"},"yoast_head":"<!-- This site is optimized with the Yoast SEO plugin v27.3 - https:\/\/yoast.com\/product\/yoast-seo-wordpress\/ -->\n<title>Turismo maya en Belice y Guatemala: los Montes Mayas<\/title>\n<meta name=\"description\" content=\"El turismo maya es uno de los principales atractivos que puedes encontrar tanto en Belice como en Guatemala. Descubre uno de los viajes de tu vida\" \/>\n<meta name=\"robots\" content=\"index, follow, max-snippet:-1, max-image-preview:large, max-video-preview:-1\" \/>\n<link rel=\"canonical\" href=\"https:\/\/www.visitcentroamerica.com\/sala-prensa\/viajar\/aventura\/turismo-maya-en-el-pico-victoria-en-belice-y-guatemala\/\" \/>\n<meta property=\"og:locale\" content=\"es_ES\" \/>\n<meta property=\"og:type\" content=\"article\" \/>\n<meta property=\"og:title\" content=\"Turismo maya en Belice y Guatemala: los Montes Mayas\" \/>\n<meta property=\"og:description\" content=\"El turismo maya es uno de los principales atractivos que puedes encontrar tanto en Belice como en Guatemala. Descubre uno de los viajes de tu vida\" \/>\n<meta property=\"og:url\" content=\"https:\/\/www.visitcentroamerica.com\/sala-prensa\/viajar\/aventura\/turismo-maya-en-el-pico-victoria-en-belice-y-guatemala\/\" \/>\n<meta property=\"og:site_name\" content=\"Sala de prensa\" \/>\n<meta property=\"article:published_time\" content=\"2023-02-22T12:00:32+00:00\" \/>\n<meta property=\"article:modified_time\" content=\"2023-03-01T10:50:17+00:00\" \/>\n<meta property=\"og:image\" content=\"https:\/\/www.visitcentroamerica.com\/sala-prensa\/wp-content\/uploads\/2023\/02\/Turismo-maya-en-el-Pico-Victoria-en-Belice-y-Guatemala.jpg.png\" \/>\n\t<meta property=\"og:image:width\" content=\"1200\" \/>\n\t<meta property=\"og:image:height\" content=\"600\" \/>\n\t<meta property=\"og:image:type\" content=\"image\/png\" \/>\n<meta name=\"author\" content=\"Denis Alvarado\" \/>\n<meta name=\"twitter:card\" content=\"summary_large_image\" \/>\n<meta name=\"twitter:label1\" content=\"Escrito por\" \/>\n\t<meta name=\"twitter:data1\" content=\"Denis Alvarado\" \/>\n\t<meta name=\"twitter:label2\" content=\"Tiempo de lectura\" \/>\n\t<meta name=\"twitter:data2\" content=\"2 minutos\" \/>\n<script type=\"application\/ld+json\" class=\"yoast-schema-graph\">{\"@context\":\"https:\\\/\\\/schema.org\",\"@graph\":[{\"@type\":\"Article\",\"@id\":\"https:\\\/\\\/www.visitcentroamerica.com\\\/sala-prensa\\\/viajar\\\/aventura\\\/turismo-maya-en-el-pico-victoria-en-belice-y-guatemala\\\/#article\",\"isPartOf\":{\"@id\":\"https:\\\/\\\/www.visitcentroamerica.com\\\/sala-prensa\\\/viajar\\\/aventura\\\/turismo-maya-en-el-pico-victoria-en-belice-y-guatemala\\\/\"},\"author\":{\"name\":\"Denis Alvarado\",\"@id\":\"https:\\\/\\\/www.visitcentroamerica.com\\\/sala-prensa\\\/#\\\/schema\\\/person\\\/0aa3bd0dbaabaead6089ee3dd0cd7ae5\"},\"headline\":\"Turismo maya en el Pico Victoria en Belice y Guatemala\",\"datePublished\":\"2023-02-22T12:00:32+00:00\",\"dateModified\":\"2023-03-01T10:50:17+00:00\",\"mainEntityOfPage\":{\"@id\":\"https:\\\/\\\/www.visitcentroamerica.com\\\/sala-prensa\\\/viajar\\\/aventura\\\/turismo-maya-en-el-pico-victoria-en-belice-y-guatemala\\\/\"},\"wordCount\":280,\"commentCount\":0,\"image\":{\"@id\":\"https:\\\/\\\/www.visitcentroamerica.com\\\/sala-prensa\\\/viajar\\\/aventura\\\/turismo-maya-en-el-pico-victoria-en-belice-y-guatemala\\\/#primaryimage\"},\"thumbnailUrl\":\"https:\\\/\\\/www.visitcentroamerica.com\\\/sala-prensa\\\/wp-content\\\/uploads\\\/2023\\\/02\\\/Turismo-maya-en-el-Pico-Victoria-en-Belice-y-Guatemala.jpg.png\",\"articleSection\":[\"Aventura\"],\"inLanguage\":\"es\",\"potentialAction\":[{\"@type\":\"CommentAction\",\"name\":\"Comment\",\"target\":[\"https:\\\/\\\/www.visitcentroamerica.com\\\/sala-prensa\\\/viajar\\\/aventura\\\/turismo-maya-en-el-pico-victoria-en-belice-y-guatemala\\\/#respond\"]}]},{\"@type\":\"WebPage\",\"@id\":\"https:\\\/\\\/www.visitcentroamerica.com\\\/sala-prensa\\\/viajar\\\/aventura\\\/turismo-maya-en-el-pico-victoria-en-belice-y-guatemala\\\/\",\"url\":\"https:\\\/\\\/www.visitcentroamerica.com\\\/sala-prensa\\\/viajar\\\/aventura\\\/turismo-maya-en-el-pico-victoria-en-belice-y-guatemala\\\/\",\"name\":\"Turismo maya en Belice y Guatemala: los Montes Mayas\",\"isPartOf\":{\"@id\":\"https:\\\/\\\/www.visitcentroamerica.com\\\/sala-prensa\\\/#website\"},\"primaryImageOfPage\":{\"@id\":\"https:\\\/\\\/www.visitcentroamerica.com\\\/sala-prensa\\\/viajar\\\/aventura\\\/turismo-maya-en-el-pico-victoria-en-belice-y-guatemala\\\/#primaryimage\"},\"image\":{\"@id\":\"https:\\\/\\\/www.visitcentroamerica.com\\\/sala-prensa\\\/viajar\\\/aventura\\\/turismo-maya-en-el-pico-victoria-en-belice-y-guatemala\\\/#primaryimage\"},\"thumbnailUrl\":\"https:\\\/\\\/www.visitcentroamerica.com\\\/sala-prensa\\\/wp-content\\\/uploads\\\/2023\\\/02\\\/Turismo-maya-en-el-Pico-Victoria-en-Belice-y-Guatemala.jpg.png\",\"datePublished\":\"2023-02-22T12:00:32+00:00\",\"dateModified\":\"2023-03-01T10:50:17+00:00\",\"author\":{\"@id\":\"https:\\\/\\\/www.visitcentroamerica.com\\\/sala-prensa\\\/#\\\/schema\\\/person\\\/0aa3bd0dbaabaead6089ee3dd0cd7ae5\"},\"description\":\"El turismo maya es uno de los principales atractivos que puedes encontrar tanto en Belice como en Guatemala. Descubre uno de los viajes de tu vida\",\"breadcrumb\":{\"@id\":\"https:\\\/\\\/www.visitcentroamerica.com\\\/sala-prensa\\\/viajar\\\/aventura\\\/turismo-maya-en-el-pico-victoria-en-belice-y-guatemala\\\/#breadcrumb\"},\"inLanguage\":\"es\",\"potentialAction\":[{\"@type\":\"ReadAction\",\"target\":[\"https:\\\/\\\/www.visitcentroamerica.com\\\/sala-prensa\\\/viajar\\\/aventura\\\/turismo-maya-en-el-pico-victoria-en-belice-y-guatemala\\\/\"]}]},{\"@type\":\"ImageObject\",\"inLanguage\":\"es\",\"@id\":\"https:\\\/\\\/www.visitcentroamerica.com\\\/sala-prensa\\\/viajar\\\/aventura\\\/turismo-maya-en-el-pico-victoria-en-belice-y-guatemala\\\/#primaryimage\",\"url\":\"https:\\\/\\\/www.visitcentroamerica.com\\\/sala-prensa\\\/wp-content\\\/uploads\\\/2023\\\/02\\\/Turismo-maya-en-el-Pico-Victoria-en-Belice-y-Guatemala.jpg.png\",\"contentUrl\":\"https:\\\/\\\/www.visitcentroamerica.com\\\/sala-prensa\\\/wp-content\\\/uploads\\\/2023\\\/02\\\/Turismo-maya-en-el-Pico-Victoria-en-Belice-y-Guatemala.jpg.png\",\"width\":1200,\"height\":600},{\"@type\":\"BreadcrumbList\",\"@id\":\"https:\\\/\\\/www.visitcentroamerica.com\\\/sala-prensa\\\/viajar\\\/aventura\\\/turismo-maya-en-el-pico-victoria-en-belice-y-guatemala\\\/#breadcrumb\",\"itemListElement\":[{\"@type\":\"ListItem\",\"position\":1,\"name\":\"Portada\",\"item\":\"https:\\\/\\\/www.visitcentroamerica.com\\\/sala-prensa\\\/\"},{\"@type\":\"ListItem\",\"position\":2,\"name\":\"Turismo maya en el Pico Victoria en Belice y Guatemala\"}]},{\"@type\":\"WebSite\",\"@id\":\"https:\\\/\\\/www.visitcentroamerica.com\\\/sala-prensa\\\/#website\",\"url\":\"https:\\\/\\\/www.visitcentroamerica.com\\\/sala-prensa\\\/\",\"name\":\"Sala de prensa\",\"description\":\"\",\"potentialAction\":[{\"@type\":\"SearchAction\",\"target\":{\"@type\":\"EntryPoint\",\"urlTemplate\":\"https:\\\/\\\/www.visitcentroamerica.com\\\/sala-prensa\\\/?s={search_term_string}\"},\"query-input\":{\"@type\":\"PropertyValueSpecification\",\"valueRequired\":true,\"valueName\":\"search_term_string\"}}],\"inLanguage\":\"es\"},{\"@type\":\"Person\",\"@id\":\"https:\\\/\\\/www.visitcentroamerica.com\\\/sala-prensa\\\/#\\\/schema\\\/person\\\/0aa3bd0dbaabaead6089ee3dd0cd7ae5\",\"name\":\"Denis Alvarado\",\"image\":{\"@type\":\"ImageObject\",\"inLanguage\":\"es\",\"@id\":\"https:\\\/\\\/secure.gravatar.com\\\/avatar\\\/c31f0697f6edb7c68d5dedc2ccbd548d2a9f73aa293e81c6a1425229ec4c9135?s=96&d=mm&r=g\",\"url\":\"https:\\\/\\\/secure.gravatar.com\\\/avatar\\\/c31f0697f6edb7c68d5dedc2ccbd548d2a9f73aa293e81c6a1425229ec4c9135?s=96&d=mm&r=g\",\"contentUrl\":\"https:\\\/\\\/secure.gravatar.com\\\/avatar\\\/c31f0697f6edb7c68d5dedc2ccbd548d2a9f73aa293e81c6a1425229ec4c9135?s=96&d=mm&r=g\",\"caption\":\"Denis Alvarado\"},\"url\":\"https:\\\/\\\/www.visitcentroamerica.com\\\/sala-prensa\\\/author\\\/denis\\\/\"}]}<\/script>\n<!-- \/ Yoast SEO plugin. -->","yoast_head_json":{"title":"Turismo maya en Belice y Guatemala: los Montes Mayas","description":"El turismo maya es uno de los principales atractivos que puedes encontrar tanto en Belice como en Guatemala. Descubre uno de los viajes de tu vida","robots":{"index":"index","follow":"follow","max-snippet":"max-snippet:-1","max-image-preview":"max-image-preview:large","max-video-preview":"max-video-preview:-1"},"canonical":"https:\/\/www.visitcentroamerica.com\/sala-prensa\/viajar\/aventura\/turismo-maya-en-el-pico-victoria-en-belice-y-guatemala\/","og_locale":"es_ES","og_type":"article","og_title":"Turismo maya en Belice y Guatemala: los Montes Mayas","og_description":"El turismo maya es uno de los principales atractivos que puedes encontrar tanto en Belice como en Guatemala. Descubre uno de los viajes de tu vida","og_url":"https:\/\/www.visitcentroamerica.com\/sala-prensa\/viajar\/aventura\/turismo-maya-en-el-pico-victoria-en-belice-y-guatemala\/","og_site_name":"Sala de prensa","article_published_time":"2023-02-22T12:00:32+00:00","article_modified_time":"2023-03-01T10:50:17+00:00","og_image":[{"width":1200,"height":600,"url":"https:\/\/www.visitcentroamerica.com\/sala-prensa\/wp-content\/uploads\/2023\/02\/Turismo-maya-en-el-Pico-Victoria-en-Belice-y-Guatemala.jpg.png","type":"image\/png"}],"author":"Denis Alvarado","twitter_card":"summary_large_image","twitter_misc":{"Escrito por":"Denis Alvarado","Tiempo de lectura":"2 minutos"},"schema":{"@context":"https:\/\/schema.org","@graph":[{"@type":"Article","@id":"https:\/\/www.visitcentroamerica.com\/sala-prensa\/viajar\/aventura\/turismo-maya-en-el-pico-victoria-en-belice-y-guatemala\/#article","isPartOf":{"@id":"https:\/\/www.visitcentroamerica.com\/sala-prensa\/viajar\/aventura\/turismo-maya-en-el-pico-victoria-en-belice-y-guatemala\/"},"author":{"name":"Denis Alvarado","@id":"https:\/\/www.visitcentroamerica.com\/sala-prensa\/#\/schema\/person\/0aa3bd0dbaabaead6089ee3dd0cd7ae5"},"headline":"Turismo maya en el Pico Victoria en Belice y Guatemala","datePublished":"2023-02-22T12:00:32+00:00","dateModified":"2023-03-01T10:50:17+00:00","mainEntityOfPage":{"@id":"https:\/\/www.visitcentroamerica.com\/sala-prensa\/viajar\/aventura\/turismo-maya-en-el-pico-victoria-en-belice-y-guatemala\/"},"wordCount":280,"commentCount":0,"image":{"@id":"https:\/\/www.visitcentroamerica.com\/sala-prensa\/viajar\/aventura\/turismo-maya-en-el-pico-victoria-en-belice-y-guatemala\/#primaryimage"},"thumbnailUrl":"https:\/\/www.visitcentroamerica.com\/sala-prensa\/wp-content\/uploads\/2023\/02\/Turismo-maya-en-el-Pico-Victoria-en-Belice-y-Guatemala.jpg.png","articleSection":["Aventura"],"inLanguage":"es","potentialAction":[{"@type":"CommentAction","name":"Comment","target":["https:\/\/www.visitcentroamerica.com\/sala-prensa\/viajar\/aventura\/turismo-maya-en-el-pico-victoria-en-belice-y-guatemala\/#respond"]}]},{"@type":"WebPage","@id":"https:\/\/www.visitcentroamerica.com\/sala-prensa\/viajar\/aventura\/turismo-maya-en-el-pico-victoria-en-belice-y-guatemala\/","url":"https:\/\/www.visitcentroamerica.com\/sala-prensa\/viajar\/aventura\/turismo-maya-en-el-pico-victoria-en-belice-y-guatemala\/","name":"Turismo maya en Belice y Guatemala: los Montes Mayas","isPartOf":{"@id":"https:\/\/www.visitcentroamerica.com\/sala-prensa\/#website"},"primaryImageOfPage":{"@id":"https:\/\/www.visitcentroamerica.com\/sala-prensa\/viajar\/aventura\/turismo-maya-en-el-pico-victoria-en-belice-y-guatemala\/#primaryimage"},"image":{"@id":"https:\/\/www.visitcentroamerica.com\/sala-prensa\/viajar\/aventura\/turismo-maya-en-el-pico-victoria-en-belice-y-guatemala\/#primaryimage"},"thumbnailUrl":"https:\/\/www.visitcentroamerica.com\/sala-prensa\/wp-content\/uploads\/2023\/02\/Turismo-maya-en-el-Pico-Victoria-en-Belice-y-Guatemala.jpg.png","datePublished":"2023-02-22T12:00:32+00:00","dateModified":"2023-03-01T10:50:17+00:00","author":{"@id":"https:\/\/www.visitcentroamerica.com\/sala-prensa\/#\/schema\/person\/0aa3bd0dbaabaead6089ee3dd0cd7ae5"},"description":"El turismo maya es uno de los principales atractivos que puedes encontrar tanto en Belice como en Guatemala. Descubre uno de los viajes de tu vida","breadcrumb":{"@id":"https:\/\/www.visitcentroamerica.com\/sala-prensa\/viajar\/aventura\/turismo-maya-en-el-pico-victoria-en-belice-y-guatemala\/#breadcrumb"},"inLanguage":"es","potentialAction":[{"@type":"ReadAction","target":["https:\/\/www.visitcentroamerica.com\/sala-prensa\/viajar\/aventura\/turismo-maya-en-el-pico-victoria-en-belice-y-guatemala\/"]}]},{"@type":"ImageObject","inLanguage":"es","@id":"https:\/\/www.visitcentroamerica.com\/sala-prensa\/viajar\/aventura\/turismo-maya-en-el-pico-victoria-en-belice-y-guatemala\/#primaryimage","url":"https:\/\/www.visitcentroamerica.com\/sala-prensa\/wp-content\/uploads\/2023\/02\/Turismo-maya-en-el-Pico-Victoria-en-Belice-y-Guatemala.jpg.png","contentUrl":"https:\/\/www.visitcentroamerica.com\/sala-prensa\/wp-content\/uploads\/2023\/02\/Turismo-maya-en-el-Pico-Victoria-en-Belice-y-Guatemala.jpg.png","width":1200,"height":600},{"@type":"BreadcrumbList","@id":"https:\/\/www.visitcentroamerica.com\/sala-prensa\/viajar\/aventura\/turismo-maya-en-el-pico-victoria-en-belice-y-guatemala\/#breadcrumb","itemListElement":[{"@type":"ListItem","position":1,"name":"Portada","item":"https:\/\/www.visitcentroamerica.com\/sala-prensa\/"},{"@type":"ListItem","position":2,"name":"Turismo maya en el Pico Victoria en Belice y Guatemala"}]},{"@type":"WebSite","@id":"https:\/\/www.visitcentroamerica.com\/sala-prensa\/#website","url":"https:\/\/www.visitcentroamerica.com\/sala-prensa\/","name":"Sala de prensa","description":"","potentialAction":[{"@type":"SearchAction","target":{"@type":"EntryPoint","urlTemplate":"https:\/\/www.visitcentroamerica.com\/sala-prensa\/?s={search_term_string}"},"query-input":{"@type":"PropertyValueSpecification","valueRequired":true,"valueName":"search_term_string"}}],"inLanguage":"es"},{"@type":"Person","@id":"https:\/\/www.visitcentroamerica.com\/sala-prensa\/#\/schema\/person\/0aa3bd0dbaabaead6089ee3dd0cd7ae5","name":"Denis Alvarado","image":{"@type":"ImageObject","inLanguage":"es","@id":"https:\/\/secure.gravatar.com\/avatar\/c31f0697f6edb7c68d5dedc2ccbd548d2a9f73aa293e81c6a1425229ec4c9135?s=96&d=mm&r=g","url":"https:\/\/secure.gravatar.com\/avatar\/c31f0697f6edb7c68d5dedc2ccbd548d2a9f73aa293e81c6a1425229ec4c9135?s=96&d=mm&r=g","contentUrl":"https:\/\/secure.gravatar.com\/avatar\/c31f0697f6edb7c68d5dedc2ccbd548d2a9f73aa293e81c6a1425229ec4c9135?s=96&d=mm&r=g","caption":"Denis Alvarado"},"url":"https:\/\/www.visitcentroamerica.com\/sala-prensa\/author\/denis\/"}]}},"_links":{"self":[{"href":"https:\/\/www.visitcentroamerica.com\/sala-prensa\/wp-json\/wp\/v2\/posts\/14211","targetHints":{"allow":["GET"]}}],"collection":[{"href":"https:\/\/www.visitcentroamerica.com\/sala-prensa\/wp-json\/wp\/v2\/posts"}],"about":[{"href":"https:\/\/www.visitcentroamerica.com\/sala-prensa\/wp-json\/wp\/v2\/types\/post"}],"author":[{"embeddable":true,"href":"https:\/\/www.visitcentroamerica.com\/sala-prensa\/wp-json\/wp\/v2\/users\/5"}],"replies":[{"embeddable":true,"href":"https:\/\/www.visitcentroamerica.com\/sala-prensa\/wp-json\/wp\/v2\/comments?post=14211"}],"version-history":[{"count":1,"href":"https:\/\/www.visitcentroamerica.com\/sala-prensa\/wp-json\/wp\/v2\/posts\/14211\/revisions"}],"predecessor-version":[{"id":14212,"href":"https:\/\/www.visitcentroamerica.com\/sala-prensa\/wp-json\/wp\/v2\/posts\/14211\/revisions\/14212"}],"wp:featuredmedia":[{"embeddable":true,"href":"https:\/\/www.visitcentroamerica.com\/sala-prensa\/wp-json\/wp\/v2\/media\/14205"}],"wp:attachment":[{"href":"https:\/\/www.visitcentroamerica.com\/sala-prensa\/wp-json\/wp\/v2\/media?parent=14211"}],"wp:term":[{"taxonomy":"category","embeddable":true,"href":"https:\/\/www.visitcentroamerica.com\/sala-prensa\/wp-json\/wp\/v2\/categories?post=14211"},{"taxonomy":"post_tag","embeddable":true,"href":"https:\/\/www.visitcentroamerica.com\/sala-prensa\/wp-json\/wp\/v2\/tags?post=14211"}],"curies":[{"name":"wp","href":"https:\/\/api.w.org\/{rel}","templated":true}]}}