{"id":14058,"date":"2023-01-19T16:41:51","date_gmt":"2023-01-19T16:41:51","guid":{"rendered":"https:\/\/www.visitcentroamerica.com\/sala-prensa\/?p=14058"},"modified":"2023-01-19T16:41:51","modified_gmt":"2023-01-19T16:41:51","slug":"cata-llega-a-fitur-2023-con-altas-expectativas-para-el-turismo-de-centroamerica-y-republica-dominicana","status":"publish","type":"post","link":"https:\/\/www.visitcentroamerica.com\/sala-prensa\/internacional\/cata-llega-a-fitur-2023-con-altas-expectativas-para-el-turismo-de-centroamerica-y-republica-dominicana\/","title":{"rendered":"CATA llega a FITUR 2023 con altas expectativas para el turismo de Centroam\u00e9rica y Rep\u00fablica Dominicana"},"content":{"rendered":"<p><img decoding=\"async\" class=\"alignnone size-full wp-image-14050\" src=\"https:\/\/www.visitcentroamerica.com\/sala-prensa\/wp-content\/uploads\/2023\/01\/CATA-llega-a-FITUR-2023-con-altas-expectativas.png\" alt=\"\" width=\"auto\" height=\"100%\" srcset=\"https:\/\/www.visitcentroamerica.com\/sala-prensa\/wp-content\/uploads\/2023\/01\/CATA-llega-a-FITUR-2023-con-altas-expectativas.png 1200w, https:\/\/www.visitcentroamerica.com\/sala-prensa\/wp-content\/uploads\/2023\/01\/CATA-llega-a-FITUR-2023-con-altas-expectativas-300x150.png 300w, https:\/\/www.visitcentroamerica.com\/sala-prensa\/wp-content\/uploads\/2023\/01\/CATA-llega-a-FITUR-2023-con-altas-expectativas-1024x512.png 1024w, https:\/\/www.visitcentroamerica.com\/sala-prensa\/wp-content\/uploads\/2023\/01\/CATA-llega-a-FITUR-2023-con-altas-expectativas-768x384.png 768w, https:\/\/www.visitcentroamerica.com\/sala-prensa\/wp-content\/uploads\/2023\/01\/CATA-llega-a-FITUR-2023-con-altas-expectativas-696x348.png 696w, https:\/\/www.visitcentroamerica.com\/sala-prensa\/wp-content\/uploads\/2023\/01\/CATA-llega-a-FITUR-2023-con-altas-expectativas-1068x534.png 1068w, https:\/\/www.visitcentroamerica.com\/sala-prensa\/wp-content\/uploads\/2023\/01\/CATA-llega-a-FITUR-2023-con-altas-expectativas-840x420.png 840w, https:\/\/www.visitcentroamerica.com\/sala-prensa\/wp-content\/uploads\/2023\/01\/CATA-llega-a-FITUR-2023-con-altas-expectativas-500x250.png 500w\" sizes=\"(max-width: 1200px) 100vw, 1200px\" \/><\/p>\n<p>La Agencia de Promoci\u00f3n Tur\u00edstica de Centroam\u00e9rica (CATA, por sus siglas en ingl\u00e9s) se prepara con gran optimismo y mucha expectativa para participar en la edici\u00f3n n\u00famero 43 de la Feria Internacional de Turismo (FITUR), la cual se realizar\u00e1 del 18 al 22 de enero de 2023 en el recinto de Ifema, Madrid, Espa\u00f1a.<\/p>\n<p>El incremento de la actividad tur\u00edstica registrado en la regi\u00f3n, con cifras muy alentadoras, durante los \u00faltimos a\u00f1os ha propiciado un clima ideal para el repunte definitivo del turismo. Es por ello, que CATA prev\u00e9 participar en FITUR con una ambiciosa agenda de trabajo para promover ante el mundo la oferta complementaria de Centroam\u00e9rica y Rep\u00fablica Dominicana.<\/p>\n<p>La nueva edici\u00f3n de FITUR promete consolidarse como el punto de encuentro global para los profesionales de turismo, ideal para hacer crecer la red de contactos, alcanzar las mejores ofertas personalizadas y conocer las nuevas tendencias para la industria.<\/p>\n<p><img loading=\"lazy\" decoding=\"async\" class=\"wp-image-14052 alignleft\" src=\"https:\/\/www.visitcentroamerica.com\/sala-prensa\/wp-content\/uploads\/2023\/01\/3.jpg\" alt=\"\" width=\"283\" height=\"280\" srcset=\"https:\/\/www.visitcentroamerica.com\/sala-prensa\/wp-content\/uploads\/2023\/01\/3.jpg 1080w, https:\/\/www.visitcentroamerica.com\/sala-prensa\/wp-content\/uploads\/2023\/01\/3-300x297.jpg 300w, https:\/\/www.visitcentroamerica.com\/sala-prensa\/wp-content\/uploads\/2023\/01\/3-1024x1013.jpg 1024w, https:\/\/www.visitcentroamerica.com\/sala-prensa\/wp-content\/uploads\/2023\/01\/3-768x759.jpg 768w, https:\/\/www.visitcentroamerica.com\/sala-prensa\/wp-content\/uploads\/2023\/01\/3-696x688.jpg 696w, https:\/\/www.visitcentroamerica.com\/sala-prensa\/wp-content\/uploads\/2023\/01\/3-1068x1056.jpg 1068w, https:\/\/www.visitcentroamerica.com\/sala-prensa\/wp-content\/uploads\/2023\/01\/3-425x420.jpg 425w, https:\/\/www.visitcentroamerica.com\/sala-prensa\/wp-content\/uploads\/2023\/01\/3-500x494.jpg 500w\" sizes=\"auto, (max-width: 283px) 100vw, 283px\" \/><img loading=\"lazy\" decoding=\"async\" class=\"wp-image-14054 alignright\" src=\"https:\/\/www.visitcentroamerica.com\/sala-prensa\/wp-content\/uploads\/2023\/01\/2.jpg\" alt=\"\" width=\"280\" height=\"280\" srcset=\"https:\/\/www.visitcentroamerica.com\/sala-prensa\/wp-content\/uploads\/2023\/01\/2.jpg 1080w, https:\/\/www.visitcentroamerica.com\/sala-prensa\/wp-content\/uploads\/2023\/01\/2-300x300.jpg 300w, https:\/\/www.visitcentroamerica.com\/sala-prensa\/wp-content\/uploads\/2023\/01\/2-1024x1024.jpg 1024w, https:\/\/www.visitcentroamerica.com\/sala-prensa\/wp-content\/uploads\/2023\/01\/2-150x150.jpg 150w, https:\/\/www.visitcentroamerica.com\/sala-prensa\/wp-content\/uploads\/2023\/01\/2-768x768.jpg 768w, https:\/\/www.visitcentroamerica.com\/sala-prensa\/wp-content\/uploads\/2023\/01\/2-696x696.jpg 696w, https:\/\/www.visitcentroamerica.com\/sala-prensa\/wp-content\/uploads\/2023\/01\/2-1068x1068.jpg 1068w, https:\/\/www.visitcentroamerica.com\/sala-prensa\/wp-content\/uploads\/2023\/01\/2-420x420.jpg 420w, https:\/\/www.visitcentroamerica.com\/sala-prensa\/wp-content\/uploads\/2023\/01\/2-500x500.jpg 500w, https:\/\/www.visitcentroamerica.com\/sala-prensa\/wp-content\/uploads\/2023\/01\/2-800x800.jpg 800w\" sizes=\"auto, (max-width: 280px) 100vw, 280px\" \/><\/p>\n<p>&nbsp;<\/p>\n<p>&nbsp;<\/p>\n<p>&nbsp;<\/p>\n<p>&nbsp;<\/p>\n<p>&nbsp;<\/p>\n<p>&nbsp;<\/p>\n<p>En ese orden, Guatemala figura como pa\u00eds socio, as\u00ed mismo la Rep\u00fablica Dominicana participar\u00e1 como patrocinador oficial de la feria. Con estas acciones, ambos pa\u00edses miembros de CATA abren una ventana de oportunidades para que lo ojos del mundo se sit\u00faen sobre el resto de la regi\u00f3n, la cual destaca por su impresionante riqueza natural y cultural.<\/p>\n<p>En el marco de la feria, CATA realizar\u00e1 una conferencia de prensa donde de manera formal se har\u00e1 el traspaso de la Presidencia Pro T\u00e9mpore del Consejo Centroamericano de Turismo (CCT) y el Consejo Directivo de CATA, a cargo del Sr. David Collado, Ministro de Turismo de Rep\u00fablica Dominicana a su hom\u00f3logo el Sr. Anthony Mahler, Ministro de Turismo y Relaciones con la Di\u00e1spora de Belize, en presencia de las m\u00e1ximas autoridades de turismo de la regi\u00f3n.<\/p>\n<p><img loading=\"lazy\" decoding=\"async\" class=\"wp-image-14060 alignleft\" src=\"https:\/\/www.visitcentroamerica.com\/sala-prensa\/wp-content\/uploads\/2023\/01\/3-1.jpg\" alt=\"\" width=\"280\" height=\"280\" srcset=\"https:\/\/www.visitcentroamerica.com\/sala-prensa\/wp-content\/uploads\/2023\/01\/3-1.jpg 1080w, https:\/\/www.visitcentroamerica.com\/sala-prensa\/wp-content\/uploads\/2023\/01\/3-1-300x300.jpg 300w, https:\/\/www.visitcentroamerica.com\/sala-prensa\/wp-content\/uploads\/2023\/01\/3-1-1024x1024.jpg 1024w, https:\/\/www.visitcentroamerica.com\/sala-prensa\/wp-content\/uploads\/2023\/01\/3-1-150x150.jpg 150w, https:\/\/www.visitcentroamerica.com\/sala-prensa\/wp-content\/uploads\/2023\/01\/3-1-768x768.jpg 768w, https:\/\/www.visitcentroamerica.com\/sala-prensa\/wp-content\/uploads\/2023\/01\/3-1-696x696.jpg 696w, https:\/\/www.visitcentroamerica.com\/sala-prensa\/wp-content\/uploads\/2023\/01\/3-1-1068x1068.jpg 1068w, https:\/\/www.visitcentroamerica.com\/sala-prensa\/wp-content\/uploads\/2023\/01\/3-1-420x420.jpg 420w, https:\/\/www.visitcentroamerica.com\/sala-prensa\/wp-content\/uploads\/2023\/01\/3-1-500x500.jpg 500w, https:\/\/www.visitcentroamerica.com\/sala-prensa\/wp-content\/uploads\/2023\/01\/3-1-800x800.jpg 800w\" sizes=\"auto, (max-width: 280px) 100vw, 280px\" \/><img loading=\"lazy\" decoding=\"async\" class=\"size-full wp-image-14062 alignright\" src=\"https:\/\/www.visitcentroamerica.com\/sala-prensa\/wp-content\/uploads\/2023\/01\/2-1.jpg\" alt=\"\" width=\"280\" height=\"280\" srcset=\"https:\/\/www.visitcentroamerica.com\/sala-prensa\/wp-content\/uploads\/2023\/01\/2-1.jpg 1080w, https:\/\/www.visitcentroamerica.com\/sala-prensa\/wp-content\/uploads\/2023\/01\/2-1-300x300.jpg 300w, https:\/\/www.visitcentroamerica.com\/sala-prensa\/wp-content\/uploads\/2023\/01\/2-1-1024x1024.jpg 1024w, https:\/\/www.visitcentroamerica.com\/sala-prensa\/wp-content\/uploads\/2023\/01\/2-1-150x150.jpg 150w, https:\/\/www.visitcentroamerica.com\/sala-prensa\/wp-content\/uploads\/2023\/01\/2-1-768x768.jpg 768w, https:\/\/www.visitcentroamerica.com\/sala-prensa\/wp-content\/uploads\/2023\/01\/2-1-696x696.jpg 696w, https:\/\/www.visitcentroamerica.com\/sala-prensa\/wp-content\/uploads\/2023\/01\/2-1-1068x1068.jpg 1068w, https:\/\/www.visitcentroamerica.com\/sala-prensa\/wp-content\/uploads\/2023\/01\/2-1-420x420.jpg 420w, https:\/\/www.visitcentroamerica.com\/sala-prensa\/wp-content\/uploads\/2023\/01\/2-1-500x500.jpg 500w, https:\/\/www.visitcentroamerica.com\/sala-prensa\/wp-content\/uploads\/2023\/01\/2-1-800x800.jpg 800w\" sizes=\"auto, (max-width: 280px) 100vw, 280px\" \/><\/p>\n<p>&nbsp;<\/p>\n<p>&nbsp;<\/p>\n<p>&nbsp;<\/p>\n<p>&nbsp;<\/p>\n<p>&nbsp;<\/p>\n<p>&nbsp;<\/p>\n<p>En paralelo, CATA estar\u00e1 desarrollando una caravana de promoci\u00f3n tur\u00edstica en Madrid y Barcelona respectivamente. Las principales ciudades de Espa\u00f1a ser\u00e1n sede de este evento completamente presencial donde podr\u00e1n de conocer directamente la oferta tur\u00edstica renovada y adaptada que la regi\u00f3n tiene para ofrecer durante 2023 a los viajeros.<\/p>\n<p>La Agencia de Promoci\u00f3n inicia el a\u00f1o con una apuesta decidida por recuperar los espacios para la promoci\u00f3n, comercializaci\u00f3n y posicionamiento del multidestino tur\u00edstico en los mercados internacionales, especialmente en Europa. Con ello, se pretende consolidar la recuperaci\u00f3n plena del turismo en Centroam\u00e9rica y Rep\u00fablica Dominicana.<\/p>\n","protected":false},"excerpt":{"rendered":"<p>La Agencia de Promoci\u00f3n Tur\u00edstica de Centroam\u00e9rica (CATA, por sus siglas en ingl\u00e9s) se prepara con gran optimismo y mucha expectativa para participar en la edici\u00f3n n\u00famero 43 de la Feria Internacional de Turismo (FITUR), la cual se realizar\u00e1 del 18 al 22 de enero de 2023 en el recinto de Ifema, Madrid, Espa\u00f1a. El [&hellip;]<\/p>\n","protected":false},"author":5,"featured_media":14050,"comment_status":"open","ping_status":"closed","sticky":false,"template":"","format":"standard","meta":{"footnotes":""},"categories":[15],"tags":[],"class_list":{"0":"post-14058","1":"post","2":"type-post","3":"status-publish","4":"format-standard","5":"has-post-thumbnail","7":"category-internacional"},"yoast_head":"<!-- This site is optimized with the Yoast SEO plugin v27.3 - https:\/\/yoast.com\/product\/yoast-seo-wordpress\/ -->\n<title>CATA llega a FITUR 2023 con altas expectativas muy positivas<\/title>\n<meta name=\"description\" content=\"La Agencia de Promoci\u00f3n Tur\u00edstica de Centroam\u00e9rica se prepara con gran optimismo y mucha expectativa para participar en FITUR 2023.\" \/>\n<meta name=\"robots\" content=\"index, follow, max-snippet:-1, max-image-preview:large, max-video-preview:-1\" \/>\n<link rel=\"canonical\" href=\"https:\/\/www.visitcentroamerica.com\/sala-prensa\/internacional\/cata-llega-a-fitur-2023-con-altas-expectativas-para-el-turismo-de-centroamerica-y-republica-dominicana\/\" \/>\n<meta property=\"og:locale\" content=\"es_ES\" \/>\n<meta property=\"og:type\" content=\"article\" \/>\n<meta property=\"og:title\" content=\"CATA llega a FITUR 2023 con altas expectativas muy positivas\" \/>\n<meta property=\"og:description\" content=\"La Agencia de Promoci\u00f3n Tur\u00edstica de Centroam\u00e9rica se prepara con gran optimismo y mucha expectativa para participar en FITUR 2023.\" \/>\n<meta property=\"og:url\" content=\"https:\/\/www.visitcentroamerica.com\/sala-prensa\/internacional\/cata-llega-a-fitur-2023-con-altas-expectativas-para-el-turismo-de-centroamerica-y-republica-dominicana\/\" \/>\n<meta property=\"og:site_name\" content=\"Sala de prensa\" \/>\n<meta property=\"article:published_time\" content=\"2023-01-19T16:41:51+00:00\" \/>\n<meta property=\"og:image\" content=\"https:\/\/www.visitcentroamerica.com\/sala-prensa\/wp-content\/uploads\/2023\/01\/CATA-llega-a-FITUR-2023-con-altas-expectativas.png\" \/>\n\t<meta property=\"og:image:width\" content=\"1200\" \/>\n\t<meta property=\"og:image:height\" content=\"600\" \/>\n\t<meta property=\"og:image:type\" content=\"image\/png\" \/>\n<meta name=\"author\" content=\"Denis Alvarado\" \/>\n<meta name=\"twitter:card\" content=\"summary_large_image\" \/>\n<meta name=\"twitter:label1\" content=\"Escrito por\" \/>\n\t<meta name=\"twitter:data1\" content=\"Denis Alvarado\" \/>\n\t<meta name=\"twitter:label2\" content=\"Tiempo de lectura\" \/>\n\t<meta name=\"twitter:data2\" content=\"3 minutos\" \/>\n<script type=\"application\/ld+json\" class=\"yoast-schema-graph\">{\"@context\":\"https:\\\/\\\/schema.org\",\"@graph\":[{\"@type\":\"Article\",\"@id\":\"https:\\\/\\\/www.visitcentroamerica.com\\\/sala-prensa\\\/internacional\\\/cata-llega-a-fitur-2023-con-altas-expectativas-para-el-turismo-de-centroamerica-y-republica-dominicana\\\/#article\",\"isPartOf\":{\"@id\":\"https:\\\/\\\/www.visitcentroamerica.com\\\/sala-prensa\\\/internacional\\\/cata-llega-a-fitur-2023-con-altas-expectativas-para-el-turismo-de-centroamerica-y-republica-dominicana\\\/\"},\"author\":{\"name\":\"Denis Alvarado\",\"@id\":\"https:\\\/\\\/www.visitcentroamerica.com\\\/sala-prensa\\\/#\\\/schema\\\/person\\\/0aa3bd0dbaabaead6089ee3dd0cd7ae5\"},\"headline\":\"CATA llega a FITUR 2023 con altas expectativas para el turismo de Centroam\u00e9rica y Rep\u00fablica Dominicana\",\"datePublished\":\"2023-01-19T16:41:51+00:00\",\"mainEntityOfPage\":{\"@id\":\"https:\\\/\\\/www.visitcentroamerica.com\\\/sala-prensa\\\/internacional\\\/cata-llega-a-fitur-2023-con-altas-expectativas-para-el-turismo-de-centroamerica-y-republica-dominicana\\\/\"},\"wordCount\":442,\"commentCount\":0,\"image\":{\"@id\":\"https:\\\/\\\/www.visitcentroamerica.com\\\/sala-prensa\\\/internacional\\\/cata-llega-a-fitur-2023-con-altas-expectativas-para-el-turismo-de-centroamerica-y-republica-dominicana\\\/#primaryimage\"},\"thumbnailUrl\":\"https:\\\/\\\/www.visitcentroamerica.com\\\/sala-prensa\\\/wp-content\\\/uploads\\\/2023\\\/01\\\/CATA-llega-a-FITUR-2023-con-altas-expectativas.png\",\"articleSection\":[\"Internacional\"],\"inLanguage\":\"es\",\"potentialAction\":[{\"@type\":\"CommentAction\",\"name\":\"Comment\",\"target\":[\"https:\\\/\\\/www.visitcentroamerica.com\\\/sala-prensa\\\/internacional\\\/cata-llega-a-fitur-2023-con-altas-expectativas-para-el-turismo-de-centroamerica-y-republica-dominicana\\\/#respond\"]}]},{\"@type\":\"WebPage\",\"@id\":\"https:\\\/\\\/www.visitcentroamerica.com\\\/sala-prensa\\\/internacional\\\/cata-llega-a-fitur-2023-con-altas-expectativas-para-el-turismo-de-centroamerica-y-republica-dominicana\\\/\",\"url\":\"https:\\\/\\\/www.visitcentroamerica.com\\\/sala-prensa\\\/internacional\\\/cata-llega-a-fitur-2023-con-altas-expectativas-para-el-turismo-de-centroamerica-y-republica-dominicana\\\/\",\"name\":\"CATA llega a FITUR 2023 con altas expectativas muy positivas\",\"isPartOf\":{\"@id\":\"https:\\\/\\\/www.visitcentroamerica.com\\\/sala-prensa\\\/#website\"},\"primaryImageOfPage\":{\"@id\":\"https:\\\/\\\/www.visitcentroamerica.com\\\/sala-prensa\\\/internacional\\\/cata-llega-a-fitur-2023-con-altas-expectativas-para-el-turismo-de-centroamerica-y-republica-dominicana\\\/#primaryimage\"},\"image\":{\"@id\":\"https:\\\/\\\/www.visitcentroamerica.com\\\/sala-prensa\\\/internacional\\\/cata-llega-a-fitur-2023-con-altas-expectativas-para-el-turismo-de-centroamerica-y-republica-dominicana\\\/#primaryimage\"},\"thumbnailUrl\":\"https:\\\/\\\/www.visitcentroamerica.com\\\/sala-prensa\\\/wp-content\\\/uploads\\\/2023\\\/01\\\/CATA-llega-a-FITUR-2023-con-altas-expectativas.png\",\"datePublished\":\"2023-01-19T16:41:51+00:00\",\"author\":{\"@id\":\"https:\\\/\\\/www.visitcentroamerica.com\\\/sala-prensa\\\/#\\\/schema\\\/person\\\/0aa3bd0dbaabaead6089ee3dd0cd7ae5\"},\"description\":\"La Agencia de Promoci\u00f3n Tur\u00edstica de Centroam\u00e9rica se prepara con gran optimismo y mucha expectativa para participar en FITUR 2023.\",\"breadcrumb\":{\"@id\":\"https:\\\/\\\/www.visitcentroamerica.com\\\/sala-prensa\\\/internacional\\\/cata-llega-a-fitur-2023-con-altas-expectativas-para-el-turismo-de-centroamerica-y-republica-dominicana\\\/#breadcrumb\"},\"inLanguage\":\"es\",\"potentialAction\":[{\"@type\":\"ReadAction\",\"target\":[\"https:\\\/\\\/www.visitcentroamerica.com\\\/sala-prensa\\\/internacional\\\/cata-llega-a-fitur-2023-con-altas-expectativas-para-el-turismo-de-centroamerica-y-republica-dominicana\\\/\"]}]},{\"@type\":\"ImageObject\",\"inLanguage\":\"es\",\"@id\":\"https:\\\/\\\/www.visitcentroamerica.com\\\/sala-prensa\\\/internacional\\\/cata-llega-a-fitur-2023-con-altas-expectativas-para-el-turismo-de-centroamerica-y-republica-dominicana\\\/#primaryimage\",\"url\":\"https:\\\/\\\/www.visitcentroamerica.com\\\/sala-prensa\\\/wp-content\\\/uploads\\\/2023\\\/01\\\/CATA-llega-a-FITUR-2023-con-altas-expectativas.png\",\"contentUrl\":\"https:\\\/\\\/www.visitcentroamerica.com\\\/sala-prensa\\\/wp-content\\\/uploads\\\/2023\\\/01\\\/CATA-llega-a-FITUR-2023-con-altas-expectativas.png\",\"width\":1200,\"height\":600},{\"@type\":\"BreadcrumbList\",\"@id\":\"https:\\\/\\\/www.visitcentroamerica.com\\\/sala-prensa\\\/internacional\\\/cata-llega-a-fitur-2023-con-altas-expectativas-para-el-turismo-de-centroamerica-y-republica-dominicana\\\/#breadcrumb\",\"itemListElement\":[{\"@type\":\"ListItem\",\"position\":1,\"name\":\"Portada\",\"item\":\"https:\\\/\\\/www.visitcentroamerica.com\\\/sala-prensa\\\/\"},{\"@type\":\"ListItem\",\"position\":2,\"name\":\"CATA llega a FITUR 2023 con altas expectativas para el turismo de Centroam\u00e9rica y Rep\u00fablica Dominicana\"}]},{\"@type\":\"WebSite\",\"@id\":\"https:\\\/\\\/www.visitcentroamerica.com\\\/sala-prensa\\\/#website\",\"url\":\"https:\\\/\\\/www.visitcentroamerica.com\\\/sala-prensa\\\/\",\"name\":\"Sala de prensa\",\"description\":\"\",\"potentialAction\":[{\"@type\":\"SearchAction\",\"target\":{\"@type\":\"EntryPoint\",\"urlTemplate\":\"https:\\\/\\\/www.visitcentroamerica.com\\\/sala-prensa\\\/?s={search_term_string}\"},\"query-input\":{\"@type\":\"PropertyValueSpecification\",\"valueRequired\":true,\"valueName\":\"search_term_string\"}}],\"inLanguage\":\"es\"},{\"@type\":\"Person\",\"@id\":\"https:\\\/\\\/www.visitcentroamerica.com\\\/sala-prensa\\\/#\\\/schema\\\/person\\\/0aa3bd0dbaabaead6089ee3dd0cd7ae5\",\"name\":\"Denis Alvarado\",\"image\":{\"@type\":\"ImageObject\",\"inLanguage\":\"es\",\"@id\":\"https:\\\/\\\/secure.gravatar.com\\\/avatar\\\/c31f0697f6edb7c68d5dedc2ccbd548d2a9f73aa293e81c6a1425229ec4c9135?s=96&d=mm&r=g\",\"url\":\"https:\\\/\\\/secure.gravatar.com\\\/avatar\\\/c31f0697f6edb7c68d5dedc2ccbd548d2a9f73aa293e81c6a1425229ec4c9135?s=96&d=mm&r=g\",\"contentUrl\":\"https:\\\/\\\/secure.gravatar.com\\\/avatar\\\/c31f0697f6edb7c68d5dedc2ccbd548d2a9f73aa293e81c6a1425229ec4c9135?s=96&d=mm&r=g\",\"caption\":\"Denis Alvarado\"},\"url\":\"https:\\\/\\\/www.visitcentroamerica.com\\\/sala-prensa\\\/author\\\/denis\\\/\"}]}<\/script>\n<!-- \/ Yoast SEO plugin. -->","yoast_head_json":{"title":"CATA llega a FITUR 2023 con altas expectativas muy positivas","description":"La Agencia de Promoci\u00f3n Tur\u00edstica de Centroam\u00e9rica se prepara con gran optimismo y mucha expectativa para participar en FITUR 2023.","robots":{"index":"index","follow":"follow","max-snippet":"max-snippet:-1","max-image-preview":"max-image-preview:large","max-video-preview":"max-video-preview:-1"},"canonical":"https:\/\/www.visitcentroamerica.com\/sala-prensa\/internacional\/cata-llega-a-fitur-2023-con-altas-expectativas-para-el-turismo-de-centroamerica-y-republica-dominicana\/","og_locale":"es_ES","og_type":"article","og_title":"CATA llega a FITUR 2023 con altas expectativas muy positivas","og_description":"La Agencia de Promoci\u00f3n Tur\u00edstica de Centroam\u00e9rica se prepara con gran optimismo y mucha expectativa para participar en FITUR 2023.","og_url":"https:\/\/www.visitcentroamerica.com\/sala-prensa\/internacional\/cata-llega-a-fitur-2023-con-altas-expectativas-para-el-turismo-de-centroamerica-y-republica-dominicana\/","og_site_name":"Sala de prensa","article_published_time":"2023-01-19T16:41:51+00:00","og_image":[{"width":1200,"height":600,"url":"https:\/\/www.visitcentroamerica.com\/sala-prensa\/wp-content\/uploads\/2023\/01\/CATA-llega-a-FITUR-2023-con-altas-expectativas.png","type":"image\/png"}],"author":"Denis Alvarado","twitter_card":"summary_large_image","twitter_misc":{"Escrito por":"Denis Alvarado","Tiempo de lectura":"3 minutos"},"schema":{"@context":"https:\/\/schema.org","@graph":[{"@type":"Article","@id":"https:\/\/www.visitcentroamerica.com\/sala-prensa\/internacional\/cata-llega-a-fitur-2023-con-altas-expectativas-para-el-turismo-de-centroamerica-y-republica-dominicana\/#article","isPartOf":{"@id":"https:\/\/www.visitcentroamerica.com\/sala-prensa\/internacional\/cata-llega-a-fitur-2023-con-altas-expectativas-para-el-turismo-de-centroamerica-y-republica-dominicana\/"},"author":{"name":"Denis Alvarado","@id":"https:\/\/www.visitcentroamerica.com\/sala-prensa\/#\/schema\/person\/0aa3bd0dbaabaead6089ee3dd0cd7ae5"},"headline":"CATA llega a FITUR 2023 con altas expectativas para el turismo de Centroam\u00e9rica y Rep\u00fablica Dominicana","datePublished":"2023-01-19T16:41:51+00:00","mainEntityOfPage":{"@id":"https:\/\/www.visitcentroamerica.com\/sala-prensa\/internacional\/cata-llega-a-fitur-2023-con-altas-expectativas-para-el-turismo-de-centroamerica-y-republica-dominicana\/"},"wordCount":442,"commentCount":0,"image":{"@id":"https:\/\/www.visitcentroamerica.com\/sala-prensa\/internacional\/cata-llega-a-fitur-2023-con-altas-expectativas-para-el-turismo-de-centroamerica-y-republica-dominicana\/#primaryimage"},"thumbnailUrl":"https:\/\/www.visitcentroamerica.com\/sala-prensa\/wp-content\/uploads\/2023\/01\/CATA-llega-a-FITUR-2023-con-altas-expectativas.png","articleSection":["Internacional"],"inLanguage":"es","potentialAction":[{"@type":"CommentAction","name":"Comment","target":["https:\/\/www.visitcentroamerica.com\/sala-prensa\/internacional\/cata-llega-a-fitur-2023-con-altas-expectativas-para-el-turismo-de-centroamerica-y-republica-dominicana\/#respond"]}]},{"@type":"WebPage","@id":"https:\/\/www.visitcentroamerica.com\/sala-prensa\/internacional\/cata-llega-a-fitur-2023-con-altas-expectativas-para-el-turismo-de-centroamerica-y-republica-dominicana\/","url":"https:\/\/www.visitcentroamerica.com\/sala-prensa\/internacional\/cata-llega-a-fitur-2023-con-altas-expectativas-para-el-turismo-de-centroamerica-y-republica-dominicana\/","name":"CATA llega a FITUR 2023 con altas expectativas muy positivas","isPartOf":{"@id":"https:\/\/www.visitcentroamerica.com\/sala-prensa\/#website"},"primaryImageOfPage":{"@id":"https:\/\/www.visitcentroamerica.com\/sala-prensa\/internacional\/cata-llega-a-fitur-2023-con-altas-expectativas-para-el-turismo-de-centroamerica-y-republica-dominicana\/#primaryimage"},"image":{"@id":"https:\/\/www.visitcentroamerica.com\/sala-prensa\/internacional\/cata-llega-a-fitur-2023-con-altas-expectativas-para-el-turismo-de-centroamerica-y-republica-dominicana\/#primaryimage"},"thumbnailUrl":"https:\/\/www.visitcentroamerica.com\/sala-prensa\/wp-content\/uploads\/2023\/01\/CATA-llega-a-FITUR-2023-con-altas-expectativas.png","datePublished":"2023-01-19T16:41:51+00:00","author":{"@id":"https:\/\/www.visitcentroamerica.com\/sala-prensa\/#\/schema\/person\/0aa3bd0dbaabaead6089ee3dd0cd7ae5"},"description":"La Agencia de Promoci\u00f3n Tur\u00edstica de Centroam\u00e9rica se prepara con gran optimismo y mucha expectativa para participar en FITUR 2023.","breadcrumb":{"@id":"https:\/\/www.visitcentroamerica.com\/sala-prensa\/internacional\/cata-llega-a-fitur-2023-con-altas-expectativas-para-el-turismo-de-centroamerica-y-republica-dominicana\/#breadcrumb"},"inLanguage":"es","potentialAction":[{"@type":"ReadAction","target":["https:\/\/www.visitcentroamerica.com\/sala-prensa\/internacional\/cata-llega-a-fitur-2023-con-altas-expectativas-para-el-turismo-de-centroamerica-y-republica-dominicana\/"]}]},{"@type":"ImageObject","inLanguage":"es","@id":"https:\/\/www.visitcentroamerica.com\/sala-prensa\/internacional\/cata-llega-a-fitur-2023-con-altas-expectativas-para-el-turismo-de-centroamerica-y-republica-dominicana\/#primaryimage","url":"https:\/\/www.visitcentroamerica.com\/sala-prensa\/wp-content\/uploads\/2023\/01\/CATA-llega-a-FITUR-2023-con-altas-expectativas.png","contentUrl":"https:\/\/www.visitcentroamerica.com\/sala-prensa\/wp-content\/uploads\/2023\/01\/CATA-llega-a-FITUR-2023-con-altas-expectativas.png","width":1200,"height":600},{"@type":"BreadcrumbList","@id":"https:\/\/www.visitcentroamerica.com\/sala-prensa\/internacional\/cata-llega-a-fitur-2023-con-altas-expectativas-para-el-turismo-de-centroamerica-y-republica-dominicana\/#breadcrumb","itemListElement":[{"@type":"ListItem","position":1,"name":"Portada","item":"https:\/\/www.visitcentroamerica.com\/sala-prensa\/"},{"@type":"ListItem","position":2,"name":"CATA llega a FITUR 2023 con altas expectativas para el turismo de Centroam\u00e9rica y Rep\u00fablica Dominicana"}]},{"@type":"WebSite","@id":"https:\/\/www.visitcentroamerica.com\/sala-prensa\/#website","url":"https:\/\/www.visitcentroamerica.com\/sala-prensa\/","name":"Sala de prensa","description":"","potentialAction":[{"@type":"SearchAction","target":{"@type":"EntryPoint","urlTemplate":"https:\/\/www.visitcentroamerica.com\/sala-prensa\/?s={search_term_string}"},"query-input":{"@type":"PropertyValueSpecification","valueRequired":true,"valueName":"search_term_string"}}],"inLanguage":"es"},{"@type":"Person","@id":"https:\/\/www.visitcentroamerica.com\/sala-prensa\/#\/schema\/person\/0aa3bd0dbaabaead6089ee3dd0cd7ae5","name":"Denis Alvarado","image":{"@type":"ImageObject","inLanguage":"es","@id":"https:\/\/secure.gravatar.com\/avatar\/c31f0697f6edb7c68d5dedc2ccbd548d2a9f73aa293e81c6a1425229ec4c9135?s=96&d=mm&r=g","url":"https:\/\/secure.gravatar.com\/avatar\/c31f0697f6edb7c68d5dedc2ccbd548d2a9f73aa293e81c6a1425229ec4c9135?s=96&d=mm&r=g","contentUrl":"https:\/\/secure.gravatar.com\/avatar\/c31f0697f6edb7c68d5dedc2ccbd548d2a9f73aa293e81c6a1425229ec4c9135?s=96&d=mm&r=g","caption":"Denis Alvarado"},"url":"https:\/\/www.visitcentroamerica.com\/sala-prensa\/author\/denis\/"}]}},"_links":{"self":[{"href":"https:\/\/www.visitcentroamerica.com\/sala-prensa\/wp-json\/wp\/v2\/posts\/14058","targetHints":{"allow":["GET"]}}],"collection":[{"href":"https:\/\/www.visitcentroamerica.com\/sala-prensa\/wp-json\/wp\/v2\/posts"}],"about":[{"href":"https:\/\/www.visitcentroamerica.com\/sala-prensa\/wp-json\/wp\/v2\/types\/post"}],"author":[{"embeddable":true,"href":"https:\/\/www.visitcentroamerica.com\/sala-prensa\/wp-json\/wp\/v2\/users\/5"}],"replies":[{"embeddable":true,"href":"https:\/\/www.visitcentroamerica.com\/sala-prensa\/wp-json\/wp\/v2\/comments?post=14058"}],"version-history":[{"count":2,"href":"https:\/\/www.visitcentroamerica.com\/sala-prensa\/wp-json\/wp\/v2\/posts\/14058\/revisions"}],"predecessor-version":[{"id":14064,"href":"https:\/\/www.visitcentroamerica.com\/sala-prensa\/wp-json\/wp\/v2\/posts\/14058\/revisions\/14064"}],"wp:featuredmedia":[{"embeddable":true,"href":"https:\/\/www.visitcentroamerica.com\/sala-prensa\/wp-json\/wp\/v2\/media\/14050"}],"wp:attachment":[{"href":"https:\/\/www.visitcentroamerica.com\/sala-prensa\/wp-json\/wp\/v2\/media?parent=14058"}],"wp:term":[{"taxonomy":"category","embeddable":true,"href":"https:\/\/www.visitcentroamerica.com\/sala-prensa\/wp-json\/wp\/v2\/categories?post=14058"},{"taxonomy":"post_tag","embeddable":true,"href":"https:\/\/www.visitcentroamerica.com\/sala-prensa\/wp-json\/wp\/v2\/tags?post=14058"}],"curies":[{"name":"wp","href":"https:\/\/api.w.org\/{rel}","templated":true}]}}