{"id":13919,"date":"2022-12-07T09:06:25","date_gmt":"2022-12-07T09:06:25","guid":{"rendered":"https:\/\/www.visitcentroamerica.com\/sala-prensa\/?p=13919"},"modified":"2022-12-07T09:06:25","modified_gmt":"2022-12-07T09:06:25","slug":"europa-se-consolida-como-el-segundo-mercado-turistico-mas-importante-para-centroamerica-y-republica-dominicana-rumbo-a-2023","status":"publish","type":"post","link":"https:\/\/www.visitcentroamerica.com\/sala-prensa\/internacional\/europa-se-consolida-como-el-segundo-mercado-turistico-mas-importante-para-centroamerica-y-republica-dominicana-rumbo-a-2023\/","title":{"rendered":"Europa se consolida como el segundo mercado tur\u00edstico m\u00e1s importante para Centroam\u00e9rica y Rep\u00fablica Dominicana rumbo a 2023"},"content":{"rendered":"<p><img decoding=\"async\" class=\"alignnone size-full wp-image-13586\" src=\"https:\/\/www.visitcentroamerica.com\/sala-prensa\/wp-content\/uploads\/2022\/12\/centroamerica-dominicana-mercado-europeo-turistico-centroamerica.jpg\" alt=\"Centroam\u00e9rica y Rep\u00fablica Dominicana destino tur\u00edstico europeo \" width=\"auto\" height=\"100%\" \/><\/p>\n<p><strong>Centroam\u00e9rica y Rep\u00fablica Dominicana siguen posicion\u00e1ndose como una de las regiones que lideran la recuperaci\u00f3n tur\u00edstica en las Am\u00e9ricas<\/strong>. Esto, como resultado de diferentes acciones como el avance en el ritmo de vacunaci\u00f3n de la poblaci\u00f3n, la flexibilizaci\u00f3n de las medidas restrictivas y la transformaci\u00f3n de la oferta tur\u00edstica regional.<\/p>\n<p>Lo anterior, ha permitido que los turistas internacionales encuentren en el istmo la opci\u00f3n perfecta para realizar viajes en la post pandemia. De acuerdo con datos de la Secretar\u00eda de Integraci\u00f3n Tur\u00edstica Centroamericana (SITCA), Europa figura como la segunda regi\u00f3n m\u00e1s importante en la emisi\u00f3n de turistas hacia Centroam\u00e9rica y Rep\u00fablica Dominicana.<\/p>\n<p><img decoding=\"async\" class=\"alignnone wp-image-13925\" src=\"https:\/\/www.visitcentroamerica.com\/sala-prensa\/wp-content\/uploads\/2022\/12\/ranking-turistas-europeos-cata-centroamerica.jpg\" alt=\"\" width=\"1161\" srcset=\"https:\/\/www.visitcentroamerica.com\/sala-prensa\/wp-content\/uploads\/2022\/12\/ranking-turistas-europeos-cata-centroamerica.jpg 1200w, https:\/\/www.visitcentroamerica.com\/sala-prensa\/wp-content\/uploads\/2022\/12\/ranking-turistas-europeos-cata-centroamerica-300x107.jpg 300w, https:\/\/www.visitcentroamerica.com\/sala-prensa\/wp-content\/uploads\/2022\/12\/ranking-turistas-europeos-cata-centroamerica-1024x365.jpg 1024w, https:\/\/www.visitcentroamerica.com\/sala-prensa\/wp-content\/uploads\/2022\/12\/ranking-turistas-europeos-cata-centroamerica-768x274.jpg 768w, https:\/\/www.visitcentroamerica.com\/sala-prensa\/wp-content\/uploads\/2022\/12\/ranking-turistas-europeos-cata-centroamerica-696x248.jpg 696w, https:\/\/www.visitcentroamerica.com\/sala-prensa\/wp-content\/uploads\/2022\/12\/ranking-turistas-europeos-cata-centroamerica-1068x381.jpg 1068w, https:\/\/www.visitcentroamerica.com\/sala-prensa\/wp-content\/uploads\/2022\/12\/ranking-turistas-europeos-cata-centroamerica-1178x420.jpg 1178w, https:\/\/www.visitcentroamerica.com\/sala-prensa\/wp-content\/uploads\/2022\/12\/ranking-turistas-europeos-cata-centroamerica-500x178.jpg 500w\" sizes=\"(max-width: 1200px) 100vw, 1200px\" \/>En 2021, un total de 1.2 millones de turistas procedentes de Europa arribaron a la regi\u00f3n, representando un 14.8% del total de viajeros recibidos durante ese a\u00f1o. De ellos, 691,590 viajeros provinieron de los mercados priorizados por CATA. El ranking los sit\u00faa en el siguiente orden de importancia: <strong>Espa\u00f1a<\/strong> con 227,159 turistas; <strong>Alemania<\/strong> con 164,007 turistas; <strong>Francia<\/strong> con 158,735 turistas; <strong>Italia<\/strong> con 57,385 turistas; <strong>Reino Unido<\/strong> con 47,936 turistas; y <strong>Pa\u00edses Bajos<\/strong> con 36,368 turistas.<\/p>\n<p><img decoding=\"async\" class=\"alignnone wp-image-13927\" src=\"https:\/\/www.visitcentroamerica.com\/sala-prensa\/wp-content\/uploads\/2022\/12\/comportamiento-mercados-europeos-centroamerica.jpg\" alt=\"\" width=\"1200\" srcset=\"https:\/\/www.visitcentroamerica.com\/sala-prensa\/wp-content\/uploads\/2022\/12\/comportamiento-mercados-europeos-centroamerica.jpg 1200w, https:\/\/www.visitcentroamerica.com\/sala-prensa\/wp-content\/uploads\/2022\/12\/comportamiento-mercados-europeos-centroamerica-300x149.jpg 300w, https:\/\/www.visitcentroamerica.com\/sala-prensa\/wp-content\/uploads\/2022\/12\/comportamiento-mercados-europeos-centroamerica-1024x509.jpg 1024w, https:\/\/www.visitcentroamerica.com\/sala-prensa\/wp-content\/uploads\/2022\/12\/comportamiento-mercados-europeos-centroamerica-768x382.jpg 768w, https:\/\/www.visitcentroamerica.com\/sala-prensa\/wp-content\/uploads\/2022\/12\/comportamiento-mercados-europeos-centroamerica-696x346.jpg 696w, https:\/\/www.visitcentroamerica.com\/sala-prensa\/wp-content\/uploads\/2022\/12\/comportamiento-mercados-europeos-centroamerica-1068x531.jpg 1068w, https:\/\/www.visitcentroamerica.com\/sala-prensa\/wp-content\/uploads\/2022\/12\/comportamiento-mercados-europeos-centroamerica-844x420.jpg 844w, https:\/\/www.visitcentroamerica.com\/sala-prensa\/wp-content\/uploads\/2022\/12\/comportamiento-mercados-europeos-centroamerica-324x160.jpg 324w, https:\/\/www.visitcentroamerica.com\/sala-prensa\/wp-content\/uploads\/2022\/12\/comportamiento-mercados-europeos-centroamerica-500x249.jpg 500w\" sizes=\"(max-width: 1200px) 100vw, 1200px\" \/>Asimismo, el \u00faltimo <a href=\"https:\/\/www.unwto.org\/es\/taxonomy\/term\/347\" target=\"_blank\" rel=\"noopener\">Bar\u00f3metro del Turismo Mundial de la Organizaci\u00f3n Mundial del Turismo<\/a> (OMT), las Am\u00e9ricas registr\u00f3 crecimiento fuerte en enero-julio de 2022 con +103% respecto a 2021, alcanzando el 65% de recuperaci\u00f3n de los niveles de 2019. Particularmente, Centroam\u00e9rica y Rep\u00fablica Dominicana mostraron una recuperaci\u00f3n m\u00e1s r\u00e1pida hacia lo niveles prepandemia, en comparaci\u00f3n con otras subregiones del mundo, con un -20% y -8%, respectivamente.<\/p>\n<p><img decoding=\"async\" class=\"alignnone wp-image-13923\" src=\"https:\/\/www.visitcentroamerica.com\/sala-prensa\/wp-content\/uploads\/2022\/12\/llegada-turistas-internacionales-centroamerica.jpg\" alt=\"\" width=\"1200\" srcset=\"https:\/\/www.visitcentroamerica.com\/sala-prensa\/wp-content\/uploads\/2022\/12\/llegada-turistas-internacionales-centroamerica.jpg 1200w, https:\/\/www.visitcentroamerica.com\/sala-prensa\/wp-content\/uploads\/2022\/12\/llegada-turistas-internacionales-centroamerica-300x189.jpg 300w, https:\/\/www.visitcentroamerica.com\/sala-prensa\/wp-content\/uploads\/2022\/12\/llegada-turistas-internacionales-centroamerica-1024x645.jpg 1024w, https:\/\/www.visitcentroamerica.com\/sala-prensa\/wp-content\/uploads\/2022\/12\/llegada-turistas-internacionales-centroamerica-768x484.jpg 768w, https:\/\/www.visitcentroamerica.com\/sala-prensa\/wp-content\/uploads\/2022\/12\/llegada-turistas-internacionales-centroamerica-696x438.jpg 696w, https:\/\/www.visitcentroamerica.com\/sala-prensa\/wp-content\/uploads\/2022\/12\/llegada-turistas-internacionales-centroamerica-1068x673.jpg 1068w, https:\/\/www.visitcentroamerica.com\/sala-prensa\/wp-content\/uploads\/2022\/12\/llegada-turistas-internacionales-centroamerica-667x420.jpg 667w, https:\/\/www.visitcentroamerica.com\/sala-prensa\/wp-content\/uploads\/2022\/12\/llegada-turistas-internacionales-centroamerica-500x315.jpg 500w\" sizes=\"(max-width: 1200px) 100vw, 1200px\" \/>Ante este panorama, Centroam\u00e9rica y Rep\u00fablica Dominicana estar\u00edan experimentando una recuperaci\u00f3n m\u00e1s robusta en el t\u00e9rmino de 2022, de cara a la consolidaci\u00f3n de la recuperaci\u00f3n tur\u00edstica esperada para 2023.<\/p>\n<p>En ese sentido, <strong>durante el segundo semestre de 2022<\/strong>, <strong>CATA ha intensificado sus acciones para el fortalecimiento del sector empresarial y adaptabilidad de la oferta tur\u00edstica regional<\/strong> con innovaci\u00f3n y resiliencia. Adem\u00e1s de focalizar acciones de promoci\u00f3n en los mercados de Europa para proveer informaci\u00f3n tur\u00edstica de calidad, contribuir a la recuperaci\u00f3n de la confianza y posicionar a la regi\u00f3n como un multidestino de puertas abiertas al turismo mundial.<\/p>\n","protected":false},"excerpt":{"rendered":"<p>Centroam\u00e9rica y Rep\u00fablica Dominicana siguen posicion\u00e1ndose como una de las regiones que lideran la recuperaci\u00f3n tur\u00edstica en las Am\u00e9ricas. Esto, como resultado de diferentes acciones como el avance en el ritmo de vacunaci\u00f3n de la poblaci\u00f3n, la flexibilizaci\u00f3n de las medidas restrictivas y la transformaci\u00f3n de la oferta tur\u00edstica regional. Lo anterior, ha permitido que [&hellip;]<\/p>\n","protected":false},"author":5,"featured_media":13921,"comment_status":"open","ping_status":"closed","sticky":false,"template":"","format":"standard","meta":{"footnotes":""},"categories":[19,15],"tags":[],"class_list":{"0":"post-13919","1":"post","2":"type-post","3":"status-publish","4":"format-standard","5":"has-post-thumbnail","7":"category-europa","8":"category-internacional"},"yoast_head":"<!-- This site is optimized with the Yoast SEO plugin v27.3 - https:\/\/yoast.com\/product\/yoast-seo-wordpress\/ -->\n<title>Centroam\u00e9rica y Rep\u00fablica Dominicana, destino tur\u00edstico Europeo<\/title>\n<meta name=\"description\" content=\"Los turistas internacionales encuentran en el istmo la opci\u00f3n perfecta para realizar viajes en la post pandemia.\" \/>\n<meta name=\"robots\" content=\"index, follow, max-snippet:-1, max-image-preview:large, max-video-preview:-1\" \/>\n<link rel=\"canonical\" href=\"https:\/\/www.visitcentroamerica.com\/sala-prensa\/internacional\/europa-se-consolida-como-el-segundo-mercado-turistico-mas-importante-para-centroamerica-y-republica-dominicana-rumbo-a-2023\/\" \/>\n<meta property=\"og:locale\" content=\"es_ES\" \/>\n<meta property=\"og:type\" content=\"article\" \/>\n<meta property=\"og:title\" content=\"Centroam\u00e9rica y Rep\u00fablica Dominicana, destino tur\u00edstico Europeo\" \/>\n<meta property=\"og:description\" content=\"Los turistas internacionales encuentran en el istmo la opci\u00f3n perfecta para realizar viajes en la post pandemia.\" \/>\n<meta property=\"og:url\" content=\"https:\/\/www.visitcentroamerica.com\/sala-prensa\/internacional\/europa-se-consolida-como-el-segundo-mercado-turistico-mas-importante-para-centroamerica-y-republica-dominicana-rumbo-a-2023\/\" \/>\n<meta property=\"og:site_name\" content=\"Sala de prensa\" \/>\n<meta property=\"article:published_time\" content=\"2022-12-07T09:06:25+00:00\" \/>\n<meta property=\"og:image\" content=\"https:\/\/www.visitcentroamerica.com\/sala-prensa\/wp-content\/uploads\/2022\/12\/centroamerica-dominicana-mercado-europeo-turistico-centroamerica.jpg\" \/>\n\t<meta property=\"og:image:width\" content=\"1200\" \/>\n\t<meta property=\"og:image:height\" content=\"600\" \/>\n\t<meta property=\"og:image:type\" content=\"image\/jpeg\" \/>\n<meta name=\"author\" content=\"Denis Alvarado\" \/>\n<meta name=\"twitter:card\" content=\"summary_large_image\" \/>\n<meta name=\"twitter:label1\" content=\"Escrito por\" \/>\n\t<meta name=\"twitter:data1\" content=\"Denis Alvarado\" \/>\n\t<meta name=\"twitter:label2\" content=\"Tiempo de lectura\" \/>\n\t<meta name=\"twitter:data2\" content=\"3 minutos\" \/>\n<script type=\"application\/ld+json\" class=\"yoast-schema-graph\">{\"@context\":\"https:\\\/\\\/schema.org\",\"@graph\":[{\"@type\":\"Article\",\"@id\":\"https:\\\/\\\/www.visitcentroamerica.com\\\/sala-prensa\\\/internacional\\\/europa-se-consolida-como-el-segundo-mercado-turistico-mas-importante-para-centroamerica-y-republica-dominicana-rumbo-a-2023\\\/#article\",\"isPartOf\":{\"@id\":\"https:\\\/\\\/www.visitcentroamerica.com\\\/sala-prensa\\\/internacional\\\/europa-se-consolida-como-el-segundo-mercado-turistico-mas-importante-para-centroamerica-y-republica-dominicana-rumbo-a-2023\\\/\"},\"author\":{\"name\":\"Denis Alvarado\",\"@id\":\"https:\\\/\\\/www.visitcentroamerica.com\\\/sala-prensa\\\/#\\\/schema\\\/person\\\/0aa3bd0dbaabaead6089ee3dd0cd7ae5\"},\"headline\":\"Europa se consolida como el segundo mercado tur\u00edstico m\u00e1s importante para Centroam\u00e9rica y Rep\u00fablica Dominicana rumbo a 2023\",\"datePublished\":\"2022-12-07T09:06:25+00:00\",\"mainEntityOfPage\":{\"@id\":\"https:\\\/\\\/www.visitcentroamerica.com\\\/sala-prensa\\\/internacional\\\/europa-se-consolida-como-el-segundo-mercado-turistico-mas-importante-para-centroamerica-y-republica-dominicana-rumbo-a-2023\\\/\"},\"wordCount\":396,\"commentCount\":0,\"image\":{\"@id\":\"https:\\\/\\\/www.visitcentroamerica.com\\\/sala-prensa\\\/internacional\\\/europa-se-consolida-como-el-segundo-mercado-turistico-mas-importante-para-centroamerica-y-republica-dominicana-rumbo-a-2023\\\/#primaryimage\"},\"thumbnailUrl\":\"https:\\\/\\\/www.visitcentroamerica.com\\\/sala-prensa\\\/wp-content\\\/uploads\\\/2022\\\/12\\\/centroamerica-dominicana-mercado-europeo-turistico-centroamerica.jpg\",\"articleSection\":[\"Europa\",\"Internacional\"],\"inLanguage\":\"es\",\"potentialAction\":[{\"@type\":\"CommentAction\",\"name\":\"Comment\",\"target\":[\"https:\\\/\\\/www.visitcentroamerica.com\\\/sala-prensa\\\/internacional\\\/europa-se-consolida-como-el-segundo-mercado-turistico-mas-importante-para-centroamerica-y-republica-dominicana-rumbo-a-2023\\\/#respond\"]}]},{\"@type\":\"WebPage\",\"@id\":\"https:\\\/\\\/www.visitcentroamerica.com\\\/sala-prensa\\\/internacional\\\/europa-se-consolida-como-el-segundo-mercado-turistico-mas-importante-para-centroamerica-y-republica-dominicana-rumbo-a-2023\\\/\",\"url\":\"https:\\\/\\\/www.visitcentroamerica.com\\\/sala-prensa\\\/internacional\\\/europa-se-consolida-como-el-segundo-mercado-turistico-mas-importante-para-centroamerica-y-republica-dominicana-rumbo-a-2023\\\/\",\"name\":\"Centroam\u00e9rica y Rep\u00fablica Dominicana, destino tur\u00edstico Europeo\",\"isPartOf\":{\"@id\":\"https:\\\/\\\/www.visitcentroamerica.com\\\/sala-prensa\\\/#website\"},\"primaryImageOfPage\":{\"@id\":\"https:\\\/\\\/www.visitcentroamerica.com\\\/sala-prensa\\\/internacional\\\/europa-se-consolida-como-el-segundo-mercado-turistico-mas-importante-para-centroamerica-y-republica-dominicana-rumbo-a-2023\\\/#primaryimage\"},\"image\":{\"@id\":\"https:\\\/\\\/www.visitcentroamerica.com\\\/sala-prensa\\\/internacional\\\/europa-se-consolida-como-el-segundo-mercado-turistico-mas-importante-para-centroamerica-y-republica-dominicana-rumbo-a-2023\\\/#primaryimage\"},\"thumbnailUrl\":\"https:\\\/\\\/www.visitcentroamerica.com\\\/sala-prensa\\\/wp-content\\\/uploads\\\/2022\\\/12\\\/centroamerica-dominicana-mercado-europeo-turistico-centroamerica.jpg\",\"datePublished\":\"2022-12-07T09:06:25+00:00\",\"author\":{\"@id\":\"https:\\\/\\\/www.visitcentroamerica.com\\\/sala-prensa\\\/#\\\/schema\\\/person\\\/0aa3bd0dbaabaead6089ee3dd0cd7ae5\"},\"description\":\"Los turistas internacionales encuentran en el istmo la opci\u00f3n perfecta para realizar viajes en la post pandemia.\",\"breadcrumb\":{\"@id\":\"https:\\\/\\\/www.visitcentroamerica.com\\\/sala-prensa\\\/internacional\\\/europa-se-consolida-como-el-segundo-mercado-turistico-mas-importante-para-centroamerica-y-republica-dominicana-rumbo-a-2023\\\/#breadcrumb\"},\"inLanguage\":\"es\",\"potentialAction\":[{\"@type\":\"ReadAction\",\"target\":[\"https:\\\/\\\/www.visitcentroamerica.com\\\/sala-prensa\\\/internacional\\\/europa-se-consolida-como-el-segundo-mercado-turistico-mas-importante-para-centroamerica-y-republica-dominicana-rumbo-a-2023\\\/\"]}]},{\"@type\":\"ImageObject\",\"inLanguage\":\"es\",\"@id\":\"https:\\\/\\\/www.visitcentroamerica.com\\\/sala-prensa\\\/internacional\\\/europa-se-consolida-como-el-segundo-mercado-turistico-mas-importante-para-centroamerica-y-republica-dominicana-rumbo-a-2023\\\/#primaryimage\",\"url\":\"https:\\\/\\\/www.visitcentroamerica.com\\\/sala-prensa\\\/wp-content\\\/uploads\\\/2022\\\/12\\\/centroamerica-dominicana-mercado-europeo-turistico-centroamerica.jpg\",\"contentUrl\":\"https:\\\/\\\/www.visitcentroamerica.com\\\/sala-prensa\\\/wp-content\\\/uploads\\\/2022\\\/12\\\/centroamerica-dominicana-mercado-europeo-turistico-centroamerica.jpg\",\"width\":1200,\"height\":600},{\"@type\":\"BreadcrumbList\",\"@id\":\"https:\\\/\\\/www.visitcentroamerica.com\\\/sala-prensa\\\/internacional\\\/europa-se-consolida-como-el-segundo-mercado-turistico-mas-importante-para-centroamerica-y-republica-dominicana-rumbo-a-2023\\\/#breadcrumb\",\"itemListElement\":[{\"@type\":\"ListItem\",\"position\":1,\"name\":\"Portada\",\"item\":\"https:\\\/\\\/www.visitcentroamerica.com\\\/sala-prensa\\\/\"},{\"@type\":\"ListItem\",\"position\":2,\"name\":\"Europa se consolida como el segundo mercado tur\u00edstico m\u00e1s importante para Centroam\u00e9rica y Rep\u00fablica Dominicana rumbo a 2023\"}]},{\"@type\":\"WebSite\",\"@id\":\"https:\\\/\\\/www.visitcentroamerica.com\\\/sala-prensa\\\/#website\",\"url\":\"https:\\\/\\\/www.visitcentroamerica.com\\\/sala-prensa\\\/\",\"name\":\"Sala de prensa\",\"description\":\"\",\"potentialAction\":[{\"@type\":\"SearchAction\",\"target\":{\"@type\":\"EntryPoint\",\"urlTemplate\":\"https:\\\/\\\/www.visitcentroamerica.com\\\/sala-prensa\\\/?s={search_term_string}\"},\"query-input\":{\"@type\":\"PropertyValueSpecification\",\"valueRequired\":true,\"valueName\":\"search_term_string\"}}],\"inLanguage\":\"es\"},{\"@type\":\"Person\",\"@id\":\"https:\\\/\\\/www.visitcentroamerica.com\\\/sala-prensa\\\/#\\\/schema\\\/person\\\/0aa3bd0dbaabaead6089ee3dd0cd7ae5\",\"name\":\"Denis Alvarado\",\"image\":{\"@type\":\"ImageObject\",\"inLanguage\":\"es\",\"@id\":\"https:\\\/\\\/secure.gravatar.com\\\/avatar\\\/c31f0697f6edb7c68d5dedc2ccbd548d2a9f73aa293e81c6a1425229ec4c9135?s=96&d=mm&r=g\",\"url\":\"https:\\\/\\\/secure.gravatar.com\\\/avatar\\\/c31f0697f6edb7c68d5dedc2ccbd548d2a9f73aa293e81c6a1425229ec4c9135?s=96&d=mm&r=g\",\"contentUrl\":\"https:\\\/\\\/secure.gravatar.com\\\/avatar\\\/c31f0697f6edb7c68d5dedc2ccbd548d2a9f73aa293e81c6a1425229ec4c9135?s=96&d=mm&r=g\",\"caption\":\"Denis Alvarado\"},\"url\":\"https:\\\/\\\/www.visitcentroamerica.com\\\/sala-prensa\\\/author\\\/denis\\\/\"}]}<\/script>\n<!-- \/ Yoast SEO plugin. -->","yoast_head_json":{"title":"Centroam\u00e9rica y Rep\u00fablica Dominicana, destino tur\u00edstico Europeo","description":"Los turistas internacionales encuentran en el istmo la opci\u00f3n perfecta para realizar viajes en la post pandemia.","robots":{"index":"index","follow":"follow","max-snippet":"max-snippet:-1","max-image-preview":"max-image-preview:large","max-video-preview":"max-video-preview:-1"},"canonical":"https:\/\/www.visitcentroamerica.com\/sala-prensa\/internacional\/europa-se-consolida-como-el-segundo-mercado-turistico-mas-importante-para-centroamerica-y-republica-dominicana-rumbo-a-2023\/","og_locale":"es_ES","og_type":"article","og_title":"Centroam\u00e9rica y Rep\u00fablica Dominicana, destino tur\u00edstico Europeo","og_description":"Los turistas internacionales encuentran en el istmo la opci\u00f3n perfecta para realizar viajes en la post pandemia.","og_url":"https:\/\/www.visitcentroamerica.com\/sala-prensa\/internacional\/europa-se-consolida-como-el-segundo-mercado-turistico-mas-importante-para-centroamerica-y-republica-dominicana-rumbo-a-2023\/","og_site_name":"Sala de prensa","article_published_time":"2022-12-07T09:06:25+00:00","og_image":[{"width":1200,"height":600,"url":"https:\/\/www.visitcentroamerica.com\/sala-prensa\/wp-content\/uploads\/2022\/12\/centroamerica-dominicana-mercado-europeo-turistico-centroamerica.jpg","type":"image\/jpeg"}],"author":"Denis Alvarado","twitter_card":"summary_large_image","twitter_misc":{"Escrito por":"Denis Alvarado","Tiempo de lectura":"3 minutos"},"schema":{"@context":"https:\/\/schema.org","@graph":[{"@type":"Article","@id":"https:\/\/www.visitcentroamerica.com\/sala-prensa\/internacional\/europa-se-consolida-como-el-segundo-mercado-turistico-mas-importante-para-centroamerica-y-republica-dominicana-rumbo-a-2023\/#article","isPartOf":{"@id":"https:\/\/www.visitcentroamerica.com\/sala-prensa\/internacional\/europa-se-consolida-como-el-segundo-mercado-turistico-mas-importante-para-centroamerica-y-republica-dominicana-rumbo-a-2023\/"},"author":{"name":"Denis Alvarado","@id":"https:\/\/www.visitcentroamerica.com\/sala-prensa\/#\/schema\/person\/0aa3bd0dbaabaead6089ee3dd0cd7ae5"},"headline":"Europa se consolida como el segundo mercado tur\u00edstico m\u00e1s importante para Centroam\u00e9rica y Rep\u00fablica Dominicana rumbo a 2023","datePublished":"2022-12-07T09:06:25+00:00","mainEntityOfPage":{"@id":"https:\/\/www.visitcentroamerica.com\/sala-prensa\/internacional\/europa-se-consolida-como-el-segundo-mercado-turistico-mas-importante-para-centroamerica-y-republica-dominicana-rumbo-a-2023\/"},"wordCount":396,"commentCount":0,"image":{"@id":"https:\/\/www.visitcentroamerica.com\/sala-prensa\/internacional\/europa-se-consolida-como-el-segundo-mercado-turistico-mas-importante-para-centroamerica-y-republica-dominicana-rumbo-a-2023\/#primaryimage"},"thumbnailUrl":"https:\/\/www.visitcentroamerica.com\/sala-prensa\/wp-content\/uploads\/2022\/12\/centroamerica-dominicana-mercado-europeo-turistico-centroamerica.jpg","articleSection":["Europa","Internacional"],"inLanguage":"es","potentialAction":[{"@type":"CommentAction","name":"Comment","target":["https:\/\/www.visitcentroamerica.com\/sala-prensa\/internacional\/europa-se-consolida-como-el-segundo-mercado-turistico-mas-importante-para-centroamerica-y-republica-dominicana-rumbo-a-2023\/#respond"]}]},{"@type":"WebPage","@id":"https:\/\/www.visitcentroamerica.com\/sala-prensa\/internacional\/europa-se-consolida-como-el-segundo-mercado-turistico-mas-importante-para-centroamerica-y-republica-dominicana-rumbo-a-2023\/","url":"https:\/\/www.visitcentroamerica.com\/sala-prensa\/internacional\/europa-se-consolida-como-el-segundo-mercado-turistico-mas-importante-para-centroamerica-y-republica-dominicana-rumbo-a-2023\/","name":"Centroam\u00e9rica y Rep\u00fablica Dominicana, destino tur\u00edstico Europeo","isPartOf":{"@id":"https:\/\/www.visitcentroamerica.com\/sala-prensa\/#website"},"primaryImageOfPage":{"@id":"https:\/\/www.visitcentroamerica.com\/sala-prensa\/internacional\/europa-se-consolida-como-el-segundo-mercado-turistico-mas-importante-para-centroamerica-y-republica-dominicana-rumbo-a-2023\/#primaryimage"},"image":{"@id":"https:\/\/www.visitcentroamerica.com\/sala-prensa\/internacional\/europa-se-consolida-como-el-segundo-mercado-turistico-mas-importante-para-centroamerica-y-republica-dominicana-rumbo-a-2023\/#primaryimage"},"thumbnailUrl":"https:\/\/www.visitcentroamerica.com\/sala-prensa\/wp-content\/uploads\/2022\/12\/centroamerica-dominicana-mercado-europeo-turistico-centroamerica.jpg","datePublished":"2022-12-07T09:06:25+00:00","author":{"@id":"https:\/\/www.visitcentroamerica.com\/sala-prensa\/#\/schema\/person\/0aa3bd0dbaabaead6089ee3dd0cd7ae5"},"description":"Los turistas internacionales encuentran en el istmo la opci\u00f3n perfecta para realizar viajes en la post pandemia.","breadcrumb":{"@id":"https:\/\/www.visitcentroamerica.com\/sala-prensa\/internacional\/europa-se-consolida-como-el-segundo-mercado-turistico-mas-importante-para-centroamerica-y-republica-dominicana-rumbo-a-2023\/#breadcrumb"},"inLanguage":"es","potentialAction":[{"@type":"ReadAction","target":["https:\/\/www.visitcentroamerica.com\/sala-prensa\/internacional\/europa-se-consolida-como-el-segundo-mercado-turistico-mas-importante-para-centroamerica-y-republica-dominicana-rumbo-a-2023\/"]}]},{"@type":"ImageObject","inLanguage":"es","@id":"https:\/\/www.visitcentroamerica.com\/sala-prensa\/internacional\/europa-se-consolida-como-el-segundo-mercado-turistico-mas-importante-para-centroamerica-y-republica-dominicana-rumbo-a-2023\/#primaryimage","url":"https:\/\/www.visitcentroamerica.com\/sala-prensa\/wp-content\/uploads\/2022\/12\/centroamerica-dominicana-mercado-europeo-turistico-centroamerica.jpg","contentUrl":"https:\/\/www.visitcentroamerica.com\/sala-prensa\/wp-content\/uploads\/2022\/12\/centroamerica-dominicana-mercado-europeo-turistico-centroamerica.jpg","width":1200,"height":600},{"@type":"BreadcrumbList","@id":"https:\/\/www.visitcentroamerica.com\/sala-prensa\/internacional\/europa-se-consolida-como-el-segundo-mercado-turistico-mas-importante-para-centroamerica-y-republica-dominicana-rumbo-a-2023\/#breadcrumb","itemListElement":[{"@type":"ListItem","position":1,"name":"Portada","item":"https:\/\/www.visitcentroamerica.com\/sala-prensa\/"},{"@type":"ListItem","position":2,"name":"Europa se consolida como el segundo mercado tur\u00edstico m\u00e1s importante para Centroam\u00e9rica y Rep\u00fablica Dominicana rumbo a 2023"}]},{"@type":"WebSite","@id":"https:\/\/www.visitcentroamerica.com\/sala-prensa\/#website","url":"https:\/\/www.visitcentroamerica.com\/sala-prensa\/","name":"Sala de prensa","description":"","potentialAction":[{"@type":"SearchAction","target":{"@type":"EntryPoint","urlTemplate":"https:\/\/www.visitcentroamerica.com\/sala-prensa\/?s={search_term_string}"},"query-input":{"@type":"PropertyValueSpecification","valueRequired":true,"valueName":"search_term_string"}}],"inLanguage":"es"},{"@type":"Person","@id":"https:\/\/www.visitcentroamerica.com\/sala-prensa\/#\/schema\/person\/0aa3bd0dbaabaead6089ee3dd0cd7ae5","name":"Denis Alvarado","image":{"@type":"ImageObject","inLanguage":"es","@id":"https:\/\/secure.gravatar.com\/avatar\/c31f0697f6edb7c68d5dedc2ccbd548d2a9f73aa293e81c6a1425229ec4c9135?s=96&d=mm&r=g","url":"https:\/\/secure.gravatar.com\/avatar\/c31f0697f6edb7c68d5dedc2ccbd548d2a9f73aa293e81c6a1425229ec4c9135?s=96&d=mm&r=g","contentUrl":"https:\/\/secure.gravatar.com\/avatar\/c31f0697f6edb7c68d5dedc2ccbd548d2a9f73aa293e81c6a1425229ec4c9135?s=96&d=mm&r=g","caption":"Denis Alvarado"},"url":"https:\/\/www.visitcentroamerica.com\/sala-prensa\/author\/denis\/"}]}},"_links":{"self":[{"href":"https:\/\/www.visitcentroamerica.com\/sala-prensa\/wp-json\/wp\/v2\/posts\/13919","targetHints":{"allow":["GET"]}}],"collection":[{"href":"https:\/\/www.visitcentroamerica.com\/sala-prensa\/wp-json\/wp\/v2\/posts"}],"about":[{"href":"https:\/\/www.visitcentroamerica.com\/sala-prensa\/wp-json\/wp\/v2\/types\/post"}],"author":[{"embeddable":true,"href":"https:\/\/www.visitcentroamerica.com\/sala-prensa\/wp-json\/wp\/v2\/users\/5"}],"replies":[{"embeddable":true,"href":"https:\/\/www.visitcentroamerica.com\/sala-prensa\/wp-json\/wp\/v2\/comments?post=13919"}],"version-history":[{"count":3,"href":"https:\/\/www.visitcentroamerica.com\/sala-prensa\/wp-json\/wp\/v2\/posts\/13919\/revisions"}],"predecessor-version":[{"id":13931,"href":"https:\/\/www.visitcentroamerica.com\/sala-prensa\/wp-json\/wp\/v2\/posts\/13919\/revisions\/13931"}],"wp:featuredmedia":[{"embeddable":true,"href":"https:\/\/www.visitcentroamerica.com\/sala-prensa\/wp-json\/wp\/v2\/media\/13921"}],"wp:attachment":[{"href":"https:\/\/www.visitcentroamerica.com\/sala-prensa\/wp-json\/wp\/v2\/media?parent=13919"}],"wp:term":[{"taxonomy":"category","embeddable":true,"href":"https:\/\/www.visitcentroamerica.com\/sala-prensa\/wp-json\/wp\/v2\/categories?post=13919"},{"taxonomy":"post_tag","embeddable":true,"href":"https:\/\/www.visitcentroamerica.com\/sala-prensa\/wp-json\/wp\/v2\/tags?post=13919"}],"curies":[{"name":"wp","href":"https:\/\/api.w.org\/{rel}","templated":true}]}}