{"id":13913,"date":"2022-12-05T15:26:59","date_gmt":"2022-12-05T15:26:59","guid":{"rendered":"https:\/\/www.visitcentroamerica.com\/sala-prensa\/?p=13913"},"modified":"2022-12-05T15:26:59","modified_gmt":"2022-12-05T15:26:59","slug":"disfruta-de-la-tradicion-en-nicaragua-el-salvador-belize-y-guatemala","status":"publish","type":"post","link":"https:\/\/www.visitcentroamerica.com\/sala-prensa\/viajar\/cultura\/disfruta-de-la-tradicion-en-nicaragua-el-salvador-belize-y-guatemala\/","title":{"rendered":"Disfruta de la tradici\u00f3n en Nicaragua, El Salvador, Belize y Guatemala"},"content":{"rendered":"<p><img decoding=\"async\" class=\"alignnone size-full wp-image-13586\" src=\"https:\/\/www.visitcentroamerica.com\/sala-prensa\/wp-content\/uploads\/2022\/12\/bram-belize-navidad.jpg\" alt=\"Diciembre y navidad en Centroamerica\" width=\"auto\" height=\"100%\" \/><\/p>\n<p>\u00bfTienes pensado viajar en diciembre? Las tradiciones en Centroam\u00e9rica en estas fechas pueden ser muy diferentes a lo que estamos acostumbrados. Por eso, te vamos a explicar algunas de las experiencias que vas a poder vivir en esta \u00e9poca en una de las zonas m\u00e1s bonitas del mundo.<\/p>\n<p>Si quieres conocer de una forma diferente Nicaragua, El Salvador, Belize y Guatemala te recomendamos que elijas nuestro viaje de <a href=\"https:\/\/www.visitcentroamerica.com\/packages\/centroamerica-colonial-nicaragua-salvador-guatemala\/\" target=\"_blank\" rel=\"noopener\">Centroam\u00e9rica Colonial<\/a>, ver\u00e1s pueblos preciosos, conocer\u00e1s a gente incre\u00edble y podr\u00e1s probar comida que se convertir\u00e1 en tu favorita. \u00a1An\u00edmate!<\/p>\n<h2>Las diferentes tradiciones en Centroam\u00e9rica en diciembre<\/h2>\n<p><strong>\u00bfQu\u00e9 tradiciones en Centroam\u00e9rica hay en la \u00e9poca navide\u00f1a?<\/strong> Cada pa\u00eds del mundo vive el mes de diciembre de forma muy distinta, pero la cultura de esta parte del mundo es muy interesante. Te contamos m\u00e1s a continuaci\u00f3n.<\/p>\n<p><strong>Guatemala: la quema del diablo<\/strong><\/p>\n<p>El <strong>7 de diciembre en Guatemala<\/strong> el pa\u00eds entero se viste de fiesta para llevar al diablo hasta las llamas. \u00bfCu\u00e1l es la tradici\u00f3n? Tener figuras del demonio para poder quemarlas en la parte de fuera de las casas, con esto, se simboliza una limpieza de lo malo.<\/p>\n<p>Lo m\u00e1s curioso es que estas figuras est\u00e1n hechas de art\u00edculos viejos o basura. As\u00ed, al quemarlos tambi\u00e9n se le dice \u00abadi\u00f3s\u00bb a lo antiguo y \u00abhola\u00bb a lo nuevo que est\u00e1 por venir.<\/p>\n<p><strong>Nicaragua: La Griter\u00eda<\/strong><\/p>\n<p>Tambi\u00e9n <strong>el d\u00eda 7 de diciembre en Nicaragua<\/strong> hay una celebraci\u00f3n muy importante, pero muy distinta a la de Guatemala. Esta tradici\u00f3n se lleva haciendo <strong>desde el a\u00f1o 1857<\/strong> y se trata de celebrar la Inmaculada Concepci\u00f3n. Se llama as\u00ed, porque por las iglesias se escucha un grito que dice as\u00ed: \u00bfQui\u00e9n causa tanta alegr\u00eda?; a lo que todo el mundo contesta: \u00a1La concepci\u00f3n de Mar\u00eda!.<\/p>\n<p>En las calles de todo el pa\u00eds se escuchan gritos y hay m\u00fasica y fuegos artificiales. Adem\u00e1s, es tradici\u00f3n ir a visitar los altares a Mar\u00eda por las casas de la gente, en la que los anfitriones dan detalles y comida a los que los visitan. <strong>Sin duda, una experiencia \u00fanica.<\/strong><\/p>\n<p><strong>El Salvador: \u00a1a estrenar ropa nueva!<\/strong><\/p>\n<p>En <strong>El Salvador hay una tradici\u00f3n muy curiosa<\/strong>, en casi todo el mundo el d\u00eda de nochebuena o el d\u00eda de fin de a\u00f1o es un d\u00eda para ponerse guapo y arreglarlo. Pero en este pa\u00eds llegan un poco m\u00e1s all\u00e1. Lo que marca la tradici\u00f3n es que hay que comprase ropa nueva, as\u00ed que, los d\u00edas anteriores los mercados y tiendas se llenan de salvadore\u00f1os buscando la ropa ideal para celebrar las fiestas en familia. Adem\u00e1s, tambi\u00e9n es traici\u00f3n los espect\u00e1culos de pirotecnia en estos dos d\u00edas.<\/p>\n<p><strong>Honduras: el embajador de la Navidad<\/strong><\/p>\n<p>En Honduras hay una tradici\u00f3n gar\u00edfuna muy curiosa. El embajador de la Navidad, Warini, aparece rodeado de cantantes y tamborileros y va de casa en casa haciendo que la m\u00fasica suene, porque todos sabemos que las canciones de esta \u00e9poca son una de las mejores maneras de compartir momentos.<\/p>\n<p><strong>Belize: m\u00fasica y color en el pasacalles<\/strong><\/p>\n<p>Con una mezcla perfecta de la cultura criolla y gar\u00edfuna en Belize el pa\u00eds se viste de color y fiesta. El Bram en Navidad es una celebraci\u00f3n en la que todo el mundo baila y toca m\u00fasica por las calles, de hecho, hay hasta peque\u00f1os campeonatos. Toda una fiesta para despedir el a\u00f1o.<\/p>\n<p><strong>Vive un mes diferente en Centroam\u00e9rica<\/strong><\/p>\n<p>Experiencias \u00fanicas, leyendas, calles llenas de color y m\u00fasica. No te lo pienses m\u00e1s y disfruta del \u00faltimo mes del a\u00f1o. \u00a1Centroam\u00e9rica y sus tradiciones te est\u00e1n esperando!<\/p>\n","protected":false},"excerpt":{"rendered":"<p>\u00bfTienes pensado viajar en diciembre? Las tradiciones en Centroam\u00e9rica en estas fechas pueden ser muy diferentes a lo que estamos acostumbrados. Por eso, te vamos a explicar algunas de las experiencias que vas a poder vivir en esta \u00e9poca en una de las zonas m\u00e1s bonitas del mundo. Si quieres conocer de una forma diferente [&hellip;]<\/p>\n","protected":false},"author":5,"featured_media":13915,"comment_status":"open","ping_status":"closed","sticky":false,"template":"","format":"standard","meta":{"footnotes":""},"categories":[27,29,25],"tags":[],"class_list":{"0":"post-13913","1":"post","2":"type-post","3":"status-publish","4":"format-standard","5":"has-post-thumbnail","7":"category-arqueologia-e-historia","8":"category-cultura","9":"category-viajar"},"yoast_head":"<!-- This site is optimized with the Yoast SEO plugin v27.3 - https:\/\/yoast.com\/product\/yoast-seo-wordpress\/ -->\n<title>Fiestas de Diciembre en Centroam\u00e9rica y navidad para disfrutar<\/title>\n<meta name=\"description\" content=\"Experiencias \u00fanicas, leyendas, color, m\u00fasica... No te lo pienses m\u00e1s y disfruta del \u00faltimo mes del a\u00f1o en Centroam\u00e9rica\" \/>\n<meta name=\"robots\" content=\"index, follow, max-snippet:-1, max-image-preview:large, max-video-preview:-1\" \/>\n<link rel=\"canonical\" href=\"https:\/\/www.visitcentroamerica.com\/sala-prensa\/viajar\/cultura\/disfruta-de-la-tradicion-en-nicaragua-el-salvador-belize-y-guatemala\/\" \/>\n<meta property=\"og:locale\" content=\"es_ES\" \/>\n<meta property=\"og:type\" content=\"article\" \/>\n<meta property=\"og:title\" content=\"Fiestas de Diciembre en Centroam\u00e9rica y navidad para disfrutar\" \/>\n<meta property=\"og:description\" content=\"Experiencias \u00fanicas, leyendas, color, m\u00fasica... No te lo pienses m\u00e1s y disfruta del \u00faltimo mes del a\u00f1o en Centroam\u00e9rica\" \/>\n<meta property=\"og:url\" content=\"https:\/\/www.visitcentroamerica.com\/sala-prensa\/viajar\/cultura\/disfruta-de-la-tradicion-en-nicaragua-el-salvador-belize-y-guatemala\/\" \/>\n<meta property=\"og:site_name\" content=\"Sala de prensa\" \/>\n<meta property=\"article:published_time\" content=\"2022-12-05T15:26:59+00:00\" \/>\n<meta property=\"og:image\" content=\"https:\/\/www.visitcentroamerica.com\/sala-prensa\/wp-content\/uploads\/2022\/12\/bram-belize-navidad.jpg\" \/>\n\t<meta property=\"og:image:width\" content=\"1200\" \/>\n\t<meta property=\"og:image:height\" content=\"600\" \/>\n\t<meta property=\"og:image:type\" content=\"image\/jpeg\" \/>\n<meta name=\"author\" content=\"Denis Alvarado\" \/>\n<meta name=\"twitter:card\" content=\"summary_large_image\" \/>\n<meta name=\"twitter:label1\" content=\"Escrito por\" \/>\n\t<meta name=\"twitter:data1\" content=\"Denis Alvarado\" \/>\n\t<meta name=\"twitter:label2\" content=\"Tiempo de lectura\" \/>\n\t<meta name=\"twitter:data2\" content=\"3 minutos\" \/>\n<script type=\"application\/ld+json\" class=\"yoast-schema-graph\">{\"@context\":\"https:\\\/\\\/schema.org\",\"@graph\":[{\"@type\":\"Article\",\"@id\":\"https:\\\/\\\/www.visitcentroamerica.com\\\/sala-prensa\\\/viajar\\\/cultura\\\/disfruta-de-la-tradicion-en-nicaragua-el-salvador-belize-y-guatemala\\\/#article\",\"isPartOf\":{\"@id\":\"https:\\\/\\\/www.visitcentroamerica.com\\\/sala-prensa\\\/viajar\\\/cultura\\\/disfruta-de-la-tradicion-en-nicaragua-el-salvador-belize-y-guatemala\\\/\"},\"author\":{\"name\":\"Denis Alvarado\",\"@id\":\"https:\\\/\\\/www.visitcentroamerica.com\\\/sala-prensa\\\/#\\\/schema\\\/person\\\/0aa3bd0dbaabaead6089ee3dd0cd7ae5\"},\"headline\":\"Disfruta de la tradici\u00f3n en Nicaragua, El Salvador, Belize y Guatemala\",\"datePublished\":\"2022-12-05T15:26:59+00:00\",\"mainEntityOfPage\":{\"@id\":\"https:\\\/\\\/www.visitcentroamerica.com\\\/sala-prensa\\\/viajar\\\/cultura\\\/disfruta-de-la-tradicion-en-nicaragua-el-salvador-belize-y-guatemala\\\/\"},\"wordCount\":661,\"commentCount\":0,\"image\":{\"@id\":\"https:\\\/\\\/www.visitcentroamerica.com\\\/sala-prensa\\\/viajar\\\/cultura\\\/disfruta-de-la-tradicion-en-nicaragua-el-salvador-belize-y-guatemala\\\/#primaryimage\"},\"thumbnailUrl\":\"https:\\\/\\\/www.visitcentroamerica.com\\\/sala-prensa\\\/wp-content\\\/uploads\\\/2022\\\/12\\\/bram-belize-navidad.jpg\",\"articleSection\":[\"Arqueolog\u00eda e Historia\",\"Cultura\",\"Viajar\"],\"inLanguage\":\"es\",\"potentialAction\":[{\"@type\":\"CommentAction\",\"name\":\"Comment\",\"target\":[\"https:\\\/\\\/www.visitcentroamerica.com\\\/sala-prensa\\\/viajar\\\/cultura\\\/disfruta-de-la-tradicion-en-nicaragua-el-salvador-belize-y-guatemala\\\/#respond\"]}]},{\"@type\":\"WebPage\",\"@id\":\"https:\\\/\\\/www.visitcentroamerica.com\\\/sala-prensa\\\/viajar\\\/cultura\\\/disfruta-de-la-tradicion-en-nicaragua-el-salvador-belize-y-guatemala\\\/\",\"url\":\"https:\\\/\\\/www.visitcentroamerica.com\\\/sala-prensa\\\/viajar\\\/cultura\\\/disfruta-de-la-tradicion-en-nicaragua-el-salvador-belize-y-guatemala\\\/\",\"name\":\"Fiestas de Diciembre en Centroam\u00e9rica y navidad para disfrutar\",\"isPartOf\":{\"@id\":\"https:\\\/\\\/www.visitcentroamerica.com\\\/sala-prensa\\\/#website\"},\"primaryImageOfPage\":{\"@id\":\"https:\\\/\\\/www.visitcentroamerica.com\\\/sala-prensa\\\/viajar\\\/cultura\\\/disfruta-de-la-tradicion-en-nicaragua-el-salvador-belize-y-guatemala\\\/#primaryimage\"},\"image\":{\"@id\":\"https:\\\/\\\/www.visitcentroamerica.com\\\/sala-prensa\\\/viajar\\\/cultura\\\/disfruta-de-la-tradicion-en-nicaragua-el-salvador-belize-y-guatemala\\\/#primaryimage\"},\"thumbnailUrl\":\"https:\\\/\\\/www.visitcentroamerica.com\\\/sala-prensa\\\/wp-content\\\/uploads\\\/2022\\\/12\\\/bram-belize-navidad.jpg\",\"datePublished\":\"2022-12-05T15:26:59+00:00\",\"author\":{\"@id\":\"https:\\\/\\\/www.visitcentroamerica.com\\\/sala-prensa\\\/#\\\/schema\\\/person\\\/0aa3bd0dbaabaead6089ee3dd0cd7ae5\"},\"description\":\"Experiencias \u00fanicas, leyendas, color, m\u00fasica... No te lo pienses m\u00e1s y disfruta del \u00faltimo mes del a\u00f1o en Centroam\u00e9rica\",\"breadcrumb\":{\"@id\":\"https:\\\/\\\/www.visitcentroamerica.com\\\/sala-prensa\\\/viajar\\\/cultura\\\/disfruta-de-la-tradicion-en-nicaragua-el-salvador-belize-y-guatemala\\\/#breadcrumb\"},\"inLanguage\":\"es\",\"potentialAction\":[{\"@type\":\"ReadAction\",\"target\":[\"https:\\\/\\\/www.visitcentroamerica.com\\\/sala-prensa\\\/viajar\\\/cultura\\\/disfruta-de-la-tradicion-en-nicaragua-el-salvador-belize-y-guatemala\\\/\"]}]},{\"@type\":\"ImageObject\",\"inLanguage\":\"es\",\"@id\":\"https:\\\/\\\/www.visitcentroamerica.com\\\/sala-prensa\\\/viajar\\\/cultura\\\/disfruta-de-la-tradicion-en-nicaragua-el-salvador-belize-y-guatemala\\\/#primaryimage\",\"url\":\"https:\\\/\\\/www.visitcentroamerica.com\\\/sala-prensa\\\/wp-content\\\/uploads\\\/2022\\\/12\\\/bram-belize-navidad.jpg\",\"contentUrl\":\"https:\\\/\\\/www.visitcentroamerica.com\\\/sala-prensa\\\/wp-content\\\/uploads\\\/2022\\\/12\\\/bram-belize-navidad.jpg\",\"width\":1200,\"height\":600},{\"@type\":\"BreadcrumbList\",\"@id\":\"https:\\\/\\\/www.visitcentroamerica.com\\\/sala-prensa\\\/viajar\\\/cultura\\\/disfruta-de-la-tradicion-en-nicaragua-el-salvador-belize-y-guatemala\\\/#breadcrumb\",\"itemListElement\":[{\"@type\":\"ListItem\",\"position\":1,\"name\":\"Portada\",\"item\":\"https:\\\/\\\/www.visitcentroamerica.com\\\/sala-prensa\\\/\"},{\"@type\":\"ListItem\",\"position\":2,\"name\":\"Disfruta de la tradici\u00f3n en Nicaragua, El Salvador, Belize y Guatemala\"}]},{\"@type\":\"WebSite\",\"@id\":\"https:\\\/\\\/www.visitcentroamerica.com\\\/sala-prensa\\\/#website\",\"url\":\"https:\\\/\\\/www.visitcentroamerica.com\\\/sala-prensa\\\/\",\"name\":\"Sala de prensa\",\"description\":\"\",\"potentialAction\":[{\"@type\":\"SearchAction\",\"target\":{\"@type\":\"EntryPoint\",\"urlTemplate\":\"https:\\\/\\\/www.visitcentroamerica.com\\\/sala-prensa\\\/?s={search_term_string}\"},\"query-input\":{\"@type\":\"PropertyValueSpecification\",\"valueRequired\":true,\"valueName\":\"search_term_string\"}}],\"inLanguage\":\"es\"},{\"@type\":\"Person\",\"@id\":\"https:\\\/\\\/www.visitcentroamerica.com\\\/sala-prensa\\\/#\\\/schema\\\/person\\\/0aa3bd0dbaabaead6089ee3dd0cd7ae5\",\"name\":\"Denis Alvarado\",\"image\":{\"@type\":\"ImageObject\",\"inLanguage\":\"es\",\"@id\":\"https:\\\/\\\/secure.gravatar.com\\\/avatar\\\/c31f0697f6edb7c68d5dedc2ccbd548d2a9f73aa293e81c6a1425229ec4c9135?s=96&d=mm&r=g\",\"url\":\"https:\\\/\\\/secure.gravatar.com\\\/avatar\\\/c31f0697f6edb7c68d5dedc2ccbd548d2a9f73aa293e81c6a1425229ec4c9135?s=96&d=mm&r=g\",\"contentUrl\":\"https:\\\/\\\/secure.gravatar.com\\\/avatar\\\/c31f0697f6edb7c68d5dedc2ccbd548d2a9f73aa293e81c6a1425229ec4c9135?s=96&d=mm&r=g\",\"caption\":\"Denis Alvarado\"},\"url\":\"https:\\\/\\\/www.visitcentroamerica.com\\\/sala-prensa\\\/author\\\/denis\\\/\"}]}<\/script>\n<!-- \/ Yoast SEO plugin. -->","yoast_head_json":{"title":"Fiestas de Diciembre en Centroam\u00e9rica y navidad para disfrutar","description":"Experiencias \u00fanicas, leyendas, color, m\u00fasica... No te lo pienses m\u00e1s y disfruta del \u00faltimo mes del a\u00f1o en Centroam\u00e9rica","robots":{"index":"index","follow":"follow","max-snippet":"max-snippet:-1","max-image-preview":"max-image-preview:large","max-video-preview":"max-video-preview:-1"},"canonical":"https:\/\/www.visitcentroamerica.com\/sala-prensa\/viajar\/cultura\/disfruta-de-la-tradicion-en-nicaragua-el-salvador-belize-y-guatemala\/","og_locale":"es_ES","og_type":"article","og_title":"Fiestas de Diciembre en Centroam\u00e9rica y navidad para disfrutar","og_description":"Experiencias \u00fanicas, leyendas, color, m\u00fasica... No te lo pienses m\u00e1s y disfruta del \u00faltimo mes del a\u00f1o en Centroam\u00e9rica","og_url":"https:\/\/www.visitcentroamerica.com\/sala-prensa\/viajar\/cultura\/disfruta-de-la-tradicion-en-nicaragua-el-salvador-belize-y-guatemala\/","og_site_name":"Sala de prensa","article_published_time":"2022-12-05T15:26:59+00:00","og_image":[{"width":1200,"height":600,"url":"https:\/\/www.visitcentroamerica.com\/sala-prensa\/wp-content\/uploads\/2022\/12\/bram-belize-navidad.jpg","type":"image\/jpeg"}],"author":"Denis Alvarado","twitter_card":"summary_large_image","twitter_misc":{"Escrito por":"Denis Alvarado","Tiempo de lectura":"3 minutos"},"schema":{"@context":"https:\/\/schema.org","@graph":[{"@type":"Article","@id":"https:\/\/www.visitcentroamerica.com\/sala-prensa\/viajar\/cultura\/disfruta-de-la-tradicion-en-nicaragua-el-salvador-belize-y-guatemala\/#article","isPartOf":{"@id":"https:\/\/www.visitcentroamerica.com\/sala-prensa\/viajar\/cultura\/disfruta-de-la-tradicion-en-nicaragua-el-salvador-belize-y-guatemala\/"},"author":{"name":"Denis Alvarado","@id":"https:\/\/www.visitcentroamerica.com\/sala-prensa\/#\/schema\/person\/0aa3bd0dbaabaead6089ee3dd0cd7ae5"},"headline":"Disfruta de la tradici\u00f3n en Nicaragua, El Salvador, Belize y Guatemala","datePublished":"2022-12-05T15:26:59+00:00","mainEntityOfPage":{"@id":"https:\/\/www.visitcentroamerica.com\/sala-prensa\/viajar\/cultura\/disfruta-de-la-tradicion-en-nicaragua-el-salvador-belize-y-guatemala\/"},"wordCount":661,"commentCount":0,"image":{"@id":"https:\/\/www.visitcentroamerica.com\/sala-prensa\/viajar\/cultura\/disfruta-de-la-tradicion-en-nicaragua-el-salvador-belize-y-guatemala\/#primaryimage"},"thumbnailUrl":"https:\/\/www.visitcentroamerica.com\/sala-prensa\/wp-content\/uploads\/2022\/12\/bram-belize-navidad.jpg","articleSection":["Arqueolog\u00eda e Historia","Cultura","Viajar"],"inLanguage":"es","potentialAction":[{"@type":"CommentAction","name":"Comment","target":["https:\/\/www.visitcentroamerica.com\/sala-prensa\/viajar\/cultura\/disfruta-de-la-tradicion-en-nicaragua-el-salvador-belize-y-guatemala\/#respond"]}]},{"@type":"WebPage","@id":"https:\/\/www.visitcentroamerica.com\/sala-prensa\/viajar\/cultura\/disfruta-de-la-tradicion-en-nicaragua-el-salvador-belize-y-guatemala\/","url":"https:\/\/www.visitcentroamerica.com\/sala-prensa\/viajar\/cultura\/disfruta-de-la-tradicion-en-nicaragua-el-salvador-belize-y-guatemala\/","name":"Fiestas de Diciembre en Centroam\u00e9rica y navidad para disfrutar","isPartOf":{"@id":"https:\/\/www.visitcentroamerica.com\/sala-prensa\/#website"},"primaryImageOfPage":{"@id":"https:\/\/www.visitcentroamerica.com\/sala-prensa\/viajar\/cultura\/disfruta-de-la-tradicion-en-nicaragua-el-salvador-belize-y-guatemala\/#primaryimage"},"image":{"@id":"https:\/\/www.visitcentroamerica.com\/sala-prensa\/viajar\/cultura\/disfruta-de-la-tradicion-en-nicaragua-el-salvador-belize-y-guatemala\/#primaryimage"},"thumbnailUrl":"https:\/\/www.visitcentroamerica.com\/sala-prensa\/wp-content\/uploads\/2022\/12\/bram-belize-navidad.jpg","datePublished":"2022-12-05T15:26:59+00:00","author":{"@id":"https:\/\/www.visitcentroamerica.com\/sala-prensa\/#\/schema\/person\/0aa3bd0dbaabaead6089ee3dd0cd7ae5"},"description":"Experiencias \u00fanicas, leyendas, color, m\u00fasica... No te lo pienses m\u00e1s y disfruta del \u00faltimo mes del a\u00f1o en Centroam\u00e9rica","breadcrumb":{"@id":"https:\/\/www.visitcentroamerica.com\/sala-prensa\/viajar\/cultura\/disfruta-de-la-tradicion-en-nicaragua-el-salvador-belize-y-guatemala\/#breadcrumb"},"inLanguage":"es","potentialAction":[{"@type":"ReadAction","target":["https:\/\/www.visitcentroamerica.com\/sala-prensa\/viajar\/cultura\/disfruta-de-la-tradicion-en-nicaragua-el-salvador-belize-y-guatemala\/"]}]},{"@type":"ImageObject","inLanguage":"es","@id":"https:\/\/www.visitcentroamerica.com\/sala-prensa\/viajar\/cultura\/disfruta-de-la-tradicion-en-nicaragua-el-salvador-belize-y-guatemala\/#primaryimage","url":"https:\/\/www.visitcentroamerica.com\/sala-prensa\/wp-content\/uploads\/2022\/12\/bram-belize-navidad.jpg","contentUrl":"https:\/\/www.visitcentroamerica.com\/sala-prensa\/wp-content\/uploads\/2022\/12\/bram-belize-navidad.jpg","width":1200,"height":600},{"@type":"BreadcrumbList","@id":"https:\/\/www.visitcentroamerica.com\/sala-prensa\/viajar\/cultura\/disfruta-de-la-tradicion-en-nicaragua-el-salvador-belize-y-guatemala\/#breadcrumb","itemListElement":[{"@type":"ListItem","position":1,"name":"Portada","item":"https:\/\/www.visitcentroamerica.com\/sala-prensa\/"},{"@type":"ListItem","position":2,"name":"Disfruta de la tradici\u00f3n en Nicaragua, El Salvador, Belize y Guatemala"}]},{"@type":"WebSite","@id":"https:\/\/www.visitcentroamerica.com\/sala-prensa\/#website","url":"https:\/\/www.visitcentroamerica.com\/sala-prensa\/","name":"Sala de prensa","description":"","potentialAction":[{"@type":"SearchAction","target":{"@type":"EntryPoint","urlTemplate":"https:\/\/www.visitcentroamerica.com\/sala-prensa\/?s={search_term_string}"},"query-input":{"@type":"PropertyValueSpecification","valueRequired":true,"valueName":"search_term_string"}}],"inLanguage":"es"},{"@type":"Person","@id":"https:\/\/www.visitcentroamerica.com\/sala-prensa\/#\/schema\/person\/0aa3bd0dbaabaead6089ee3dd0cd7ae5","name":"Denis Alvarado","image":{"@type":"ImageObject","inLanguage":"es","@id":"https:\/\/secure.gravatar.com\/avatar\/c31f0697f6edb7c68d5dedc2ccbd548d2a9f73aa293e81c6a1425229ec4c9135?s=96&d=mm&r=g","url":"https:\/\/secure.gravatar.com\/avatar\/c31f0697f6edb7c68d5dedc2ccbd548d2a9f73aa293e81c6a1425229ec4c9135?s=96&d=mm&r=g","contentUrl":"https:\/\/secure.gravatar.com\/avatar\/c31f0697f6edb7c68d5dedc2ccbd548d2a9f73aa293e81c6a1425229ec4c9135?s=96&d=mm&r=g","caption":"Denis Alvarado"},"url":"https:\/\/www.visitcentroamerica.com\/sala-prensa\/author\/denis\/"}]}},"_links":{"self":[{"href":"https:\/\/www.visitcentroamerica.com\/sala-prensa\/wp-json\/wp\/v2\/posts\/13913","targetHints":{"allow":["GET"]}}],"collection":[{"href":"https:\/\/www.visitcentroamerica.com\/sala-prensa\/wp-json\/wp\/v2\/posts"}],"about":[{"href":"https:\/\/www.visitcentroamerica.com\/sala-prensa\/wp-json\/wp\/v2\/types\/post"}],"author":[{"embeddable":true,"href":"https:\/\/www.visitcentroamerica.com\/sala-prensa\/wp-json\/wp\/v2\/users\/5"}],"replies":[{"embeddable":true,"href":"https:\/\/www.visitcentroamerica.com\/sala-prensa\/wp-json\/wp\/v2\/comments?post=13913"}],"version-history":[{"count":2,"href":"https:\/\/www.visitcentroamerica.com\/sala-prensa\/wp-json\/wp\/v2\/posts\/13913\/revisions"}],"predecessor-version":[{"id":13918,"href":"https:\/\/www.visitcentroamerica.com\/sala-prensa\/wp-json\/wp\/v2\/posts\/13913\/revisions\/13918"}],"wp:featuredmedia":[{"embeddable":true,"href":"https:\/\/www.visitcentroamerica.com\/sala-prensa\/wp-json\/wp\/v2\/media\/13915"}],"wp:attachment":[{"href":"https:\/\/www.visitcentroamerica.com\/sala-prensa\/wp-json\/wp\/v2\/media?parent=13913"}],"wp:term":[{"taxonomy":"category","embeddable":true,"href":"https:\/\/www.visitcentroamerica.com\/sala-prensa\/wp-json\/wp\/v2\/categories?post=13913"},{"taxonomy":"post_tag","embeddable":true,"href":"https:\/\/www.visitcentroamerica.com\/sala-prensa\/wp-json\/wp\/v2\/tags?post=13913"}],"curies":[{"name":"wp","href":"https:\/\/api.w.org\/{rel}","templated":true}]}}