{"id":13556,"date":"2022-10-20T10:00:23","date_gmt":"2022-10-20T10:00:23","guid":{"rendered":"https:\/\/www.visitcentroamerica.com\/sala-prensa\/?p=13556"},"modified":"2022-09-08T12:00:15","modified_gmt":"2022-09-08T12:00:15","slug":"los-mejores-espacios-de-coworking-en-centroamerica","status":"publish","type":"post","link":"https:\/\/www.visitcentroamerica.com\/sala-prensa\/viajar\/negocios\/los-mejores-espacios-de-coworking-en-centroamerica\/","title":{"rendered":"Los mejores espacios de coworking en Centroam\u00e9rica"},"content":{"rendered":"<p><img decoding=\"async\" class=\"alignnone size-full wp-image-13559\" src=\"https:\/\/www.visitcentroamerica.com\/sala-prensa\/wp-content\/uploads\/2022\/09\/Coworking-Centroamerica.jpg\" alt=\"Coworking Centroam\u00e9rica\" width=\"auto\" height=\"100%\" srcset=\"https:\/\/www.visitcentroamerica.com\/sala-prensa\/wp-content\/uploads\/2022\/09\/Coworking-Centroamerica.jpg 1200w, https:\/\/www.visitcentroamerica.com\/sala-prensa\/wp-content\/uploads\/2022\/09\/Coworking-Centroamerica-300x150.jpg 300w, https:\/\/www.visitcentroamerica.com\/sala-prensa\/wp-content\/uploads\/2022\/09\/Coworking-Centroamerica-1024x512.jpg 1024w, https:\/\/www.visitcentroamerica.com\/sala-prensa\/wp-content\/uploads\/2022\/09\/Coworking-Centroamerica-768x384.jpg 768w, https:\/\/www.visitcentroamerica.com\/sala-prensa\/wp-content\/uploads\/2022\/09\/Coworking-Centroamerica-696x348.jpg 696w, https:\/\/www.visitcentroamerica.com\/sala-prensa\/wp-content\/uploads\/2022\/09\/Coworking-Centroamerica-1068x534.jpg 1068w, https:\/\/www.visitcentroamerica.com\/sala-prensa\/wp-content\/uploads\/2022\/09\/Coworking-Centroamerica-840x420.jpg 840w, https:\/\/www.visitcentroamerica.com\/sala-prensa\/wp-content\/uploads\/2022\/09\/Coworking-Centroamerica-500x250.jpg 500w\" sizes=\"(max-width: 1200px) 100vw, 1200px\" \/><\/p>\n<p>El <strong><a href=\"https:\/\/www.eldiario.es\/tecnologia\/diario-turing\/coworking-ventajas-desventajas_1_5113007.html\" target=\"_blank\" rel=\"noopener\"><em>coworking<\/em><\/a> en Centroam\u00e9rica<\/strong> cada vez est\u00e1 cogiendo m\u00e1s fuerza. El ahorro de costes y la posibilidad de conocer personas de muy diferentes partes del mundo dada la cercan\u00eda en el espacio f\u00edsico son elementos muy atractivos, sobre todo para aquellas personas que est\u00e1n haciendo un viaje <strong>multidestino<\/strong>.<\/p>\n<h2>Espacios para realizar coworking en Latinoam\u00e9rica<\/h2>\n<p>El <strong><a href=\"https:\/\/www.theshedcoworking.com\/coworking-que-es-coworking\/\" target=\"_blank\" rel=\"noopener\"><em>coworking<\/em><\/a> en Latinoam\u00e9rica<\/strong> ya es una tendencia en la gran mayor\u00eda de pa\u00edses. Por ello, si est\u00e1s pensando en realizar un viaje <strong>multidestino<\/strong>, no te preocupes, ya que desde CATA te vamos a enumerar los espacios de referencia:<\/p>\n<ul>\n<li><em><strong>Coworking<\/strong><\/em><strong> en Belice<\/strong>. En la ciudad de Belice (C\/ al Mar 5) se ubican unas peque\u00f1as oficinas con todo el equipamiento necesario.<\/li>\n<li><em><strong>Coworking<\/strong><\/em><strong> Panam\u00e1<\/strong>. My Office Panam\u00e1 es el lugar de referencia, ya que se mezclan tres factores muy atractivos para los que decidan visitarlo: conocer gente, uso de mobiliario ecol\u00f3gico, as\u00ed como creaci\u00f3n de ideas y conceptos.<\/li>\n<li><em><strong>Coworking<\/strong><\/em><strong> LATAM (Nicaragua)<\/strong>. En el centro de Mangua se sit\u00faa un espacio denominado NUMU, espacio para promover el encuentro entre emprendimiento y comunidad digital.<\/li>\n<\/ul>\n<p>\u00bfQuieres hacer un viaje <strong>multidestino<\/strong> y buscas espacios de <em><strong>coworking<\/strong><\/em><strong> en Centroam\u00e9rica<\/strong>? No te preocupes, ya que cada vez los hay m\u00e1s. Reserva un <a href=\"https:\/\/www.visitcentroamerica.com\/packages\/belice-guatemala-ii\/\">tour<\/a> con nosotros en la web, te informaremos de este aspecto. En Centroam\u00e9rica y Rep\u00fablica Dominicana, tambi\u00e9n contamos con numerosas experiencias para relajarte despu\u00e9s de trabajar en estos espacios como, por ejemplo, submarinismo o numerosas actividades de aventura.<\/p>\n","protected":false},"excerpt":{"rendered":"<p>El coworking en Centroam\u00e9rica cada vez est\u00e1 cogiendo m\u00e1s fuerza. El ahorro de costes y la posibilidad de conocer personas de muy diferentes partes del mundo dada la cercan\u00eda en el espacio f\u00edsico son elementos muy atractivos, sobre todo para aquellas personas que est\u00e1n haciendo un viaje multidestino. Espacios para realizar coworking en Latinoam\u00e9rica El [&hellip;]<\/p>\n","protected":false},"author":5,"featured_media":13559,"comment_status":"open","ping_status":"closed","sticky":false,"template":"","format":"standard","meta":{"footnotes":""},"categories":[66],"tags":[],"class_list":{"0":"post-13556","1":"post","2":"type-post","3":"status-publish","4":"format-standard","5":"has-post-thumbnail","7":"category-negocios"},"yoast_head":"<!-- This site is optimized with the Yoast SEO plugin v27.3 - https:\/\/yoast.com\/product\/yoast-seo-wordpress\/ -->\n<title>Los espacios de coworking en Centroam\u00e9rica son ya una tendencia<\/title>\n<meta name=\"description\" content=\"Cada vez hay m\u00e1s espacios de coworking en Centroam\u00e9rica, ya que se ahorra en costes y, adem\u00e1s, existe la posibilidad de conocer a gente de todo el mundo\" \/>\n<meta name=\"robots\" content=\"index, follow, max-snippet:-1, max-image-preview:large, max-video-preview:-1\" \/>\n<link rel=\"canonical\" href=\"https:\/\/www.visitcentroamerica.com\/sala-prensa\/viajar\/negocios\/los-mejores-espacios-de-coworking-en-centroamerica\/\" \/>\n<meta property=\"og:locale\" content=\"es_ES\" \/>\n<meta property=\"og:type\" content=\"article\" \/>\n<meta property=\"og:title\" content=\"Los espacios de coworking en Centroam\u00e9rica son ya una tendencia\" \/>\n<meta property=\"og:description\" content=\"Cada vez hay m\u00e1s espacios de coworking en Centroam\u00e9rica, ya que se ahorra en costes y, adem\u00e1s, existe la posibilidad de conocer a gente de todo el mundo\" \/>\n<meta property=\"og:url\" content=\"https:\/\/www.visitcentroamerica.com\/sala-prensa\/viajar\/negocios\/los-mejores-espacios-de-coworking-en-centroamerica\/\" \/>\n<meta property=\"og:site_name\" content=\"Sala de prensa\" \/>\n<meta property=\"article:published_time\" content=\"2022-10-20T10:00:23+00:00\" \/>\n<meta property=\"og:image\" content=\"https:\/\/www.visitcentroamerica.com\/sala-prensa\/wp-content\/uploads\/2022\/09\/Coworking-Centroamerica.jpg\" \/>\n\t<meta property=\"og:image:width\" content=\"1200\" \/>\n\t<meta property=\"og:image:height\" content=\"600\" \/>\n\t<meta property=\"og:image:type\" content=\"image\/jpeg\" \/>\n<meta name=\"author\" content=\"Denis Alvarado\" \/>\n<meta name=\"twitter:card\" content=\"summary_large_image\" \/>\n<meta name=\"twitter:label1\" content=\"Escrito por\" \/>\n\t<meta name=\"twitter:data1\" content=\"Denis Alvarado\" \/>\n\t<meta name=\"twitter:label2\" content=\"Tiempo de lectura\" \/>\n\t<meta name=\"twitter:data2\" content=\"2 minutos\" \/>\n<script type=\"application\/ld+json\" class=\"yoast-schema-graph\">{\"@context\":\"https:\\\/\\\/schema.org\",\"@graph\":[{\"@type\":\"Article\",\"@id\":\"https:\\\/\\\/www.visitcentroamerica.com\\\/sala-prensa\\\/viajar\\\/negocios\\\/los-mejores-espacios-de-coworking-en-centroamerica\\\/#article\",\"isPartOf\":{\"@id\":\"https:\\\/\\\/www.visitcentroamerica.com\\\/sala-prensa\\\/viajar\\\/negocios\\\/los-mejores-espacios-de-coworking-en-centroamerica\\\/\"},\"author\":{\"name\":\"Denis Alvarado\",\"@id\":\"https:\\\/\\\/www.visitcentroamerica.com\\\/sala-prensa\\\/#\\\/schema\\\/person\\\/0aa3bd0dbaabaead6089ee3dd0cd7ae5\"},\"headline\":\"Los mejores espacios de coworking en Centroam\u00e9rica\",\"datePublished\":\"2022-10-20T10:00:23+00:00\",\"mainEntityOfPage\":{\"@id\":\"https:\\\/\\\/www.visitcentroamerica.com\\\/sala-prensa\\\/viajar\\\/negocios\\\/los-mejores-espacios-de-coworking-en-centroamerica\\\/\"},\"wordCount\":264,\"commentCount\":0,\"image\":{\"@id\":\"https:\\\/\\\/www.visitcentroamerica.com\\\/sala-prensa\\\/viajar\\\/negocios\\\/los-mejores-espacios-de-coworking-en-centroamerica\\\/#primaryimage\"},\"thumbnailUrl\":\"https:\\\/\\\/www.visitcentroamerica.com\\\/sala-prensa\\\/wp-content\\\/uploads\\\/2022\\\/09\\\/Coworking-Centroamerica.jpg\",\"articleSection\":[\"Negocios\"],\"inLanguage\":\"es\",\"potentialAction\":[{\"@type\":\"CommentAction\",\"name\":\"Comment\",\"target\":[\"https:\\\/\\\/www.visitcentroamerica.com\\\/sala-prensa\\\/viajar\\\/negocios\\\/los-mejores-espacios-de-coworking-en-centroamerica\\\/#respond\"]}]},{\"@type\":\"WebPage\",\"@id\":\"https:\\\/\\\/www.visitcentroamerica.com\\\/sala-prensa\\\/viajar\\\/negocios\\\/los-mejores-espacios-de-coworking-en-centroamerica\\\/\",\"url\":\"https:\\\/\\\/www.visitcentroamerica.com\\\/sala-prensa\\\/viajar\\\/negocios\\\/los-mejores-espacios-de-coworking-en-centroamerica\\\/\",\"name\":\"Los espacios de coworking en Centroam\u00e9rica son ya una tendencia\",\"isPartOf\":{\"@id\":\"https:\\\/\\\/www.visitcentroamerica.com\\\/sala-prensa\\\/#website\"},\"primaryImageOfPage\":{\"@id\":\"https:\\\/\\\/www.visitcentroamerica.com\\\/sala-prensa\\\/viajar\\\/negocios\\\/los-mejores-espacios-de-coworking-en-centroamerica\\\/#primaryimage\"},\"image\":{\"@id\":\"https:\\\/\\\/www.visitcentroamerica.com\\\/sala-prensa\\\/viajar\\\/negocios\\\/los-mejores-espacios-de-coworking-en-centroamerica\\\/#primaryimage\"},\"thumbnailUrl\":\"https:\\\/\\\/www.visitcentroamerica.com\\\/sala-prensa\\\/wp-content\\\/uploads\\\/2022\\\/09\\\/Coworking-Centroamerica.jpg\",\"datePublished\":\"2022-10-20T10:00:23+00:00\",\"author\":{\"@id\":\"https:\\\/\\\/www.visitcentroamerica.com\\\/sala-prensa\\\/#\\\/schema\\\/person\\\/0aa3bd0dbaabaead6089ee3dd0cd7ae5\"},\"description\":\"Cada vez hay m\u00e1s espacios de coworking en Centroam\u00e9rica, ya que se ahorra en costes y, adem\u00e1s, existe la posibilidad de conocer a gente de todo el mundo\",\"breadcrumb\":{\"@id\":\"https:\\\/\\\/www.visitcentroamerica.com\\\/sala-prensa\\\/viajar\\\/negocios\\\/los-mejores-espacios-de-coworking-en-centroamerica\\\/#breadcrumb\"},\"inLanguage\":\"es\",\"potentialAction\":[{\"@type\":\"ReadAction\",\"target\":[\"https:\\\/\\\/www.visitcentroamerica.com\\\/sala-prensa\\\/viajar\\\/negocios\\\/los-mejores-espacios-de-coworking-en-centroamerica\\\/\"]}]},{\"@type\":\"ImageObject\",\"inLanguage\":\"es\",\"@id\":\"https:\\\/\\\/www.visitcentroamerica.com\\\/sala-prensa\\\/viajar\\\/negocios\\\/los-mejores-espacios-de-coworking-en-centroamerica\\\/#primaryimage\",\"url\":\"https:\\\/\\\/www.visitcentroamerica.com\\\/sala-prensa\\\/wp-content\\\/uploads\\\/2022\\\/09\\\/Coworking-Centroamerica.jpg\",\"contentUrl\":\"https:\\\/\\\/www.visitcentroamerica.com\\\/sala-prensa\\\/wp-content\\\/uploads\\\/2022\\\/09\\\/Coworking-Centroamerica.jpg\",\"width\":1200,\"height\":600,\"caption\":\"Coworking Centroam\u00e9rica\"},{\"@type\":\"BreadcrumbList\",\"@id\":\"https:\\\/\\\/www.visitcentroamerica.com\\\/sala-prensa\\\/viajar\\\/negocios\\\/los-mejores-espacios-de-coworking-en-centroamerica\\\/#breadcrumb\",\"itemListElement\":[{\"@type\":\"ListItem\",\"position\":1,\"name\":\"Portada\",\"item\":\"https:\\\/\\\/www.visitcentroamerica.com\\\/sala-prensa\\\/\"},{\"@type\":\"ListItem\",\"position\":2,\"name\":\"Los mejores espacios de coworking en Centroam\u00e9rica\"}]},{\"@type\":\"WebSite\",\"@id\":\"https:\\\/\\\/www.visitcentroamerica.com\\\/sala-prensa\\\/#website\",\"url\":\"https:\\\/\\\/www.visitcentroamerica.com\\\/sala-prensa\\\/\",\"name\":\"Sala de prensa\",\"description\":\"\",\"potentialAction\":[{\"@type\":\"SearchAction\",\"target\":{\"@type\":\"EntryPoint\",\"urlTemplate\":\"https:\\\/\\\/www.visitcentroamerica.com\\\/sala-prensa\\\/?s={search_term_string}\"},\"query-input\":{\"@type\":\"PropertyValueSpecification\",\"valueRequired\":true,\"valueName\":\"search_term_string\"}}],\"inLanguage\":\"es\"},{\"@type\":\"Person\",\"@id\":\"https:\\\/\\\/www.visitcentroamerica.com\\\/sala-prensa\\\/#\\\/schema\\\/person\\\/0aa3bd0dbaabaead6089ee3dd0cd7ae5\",\"name\":\"Denis Alvarado\",\"image\":{\"@type\":\"ImageObject\",\"inLanguage\":\"es\",\"@id\":\"https:\\\/\\\/secure.gravatar.com\\\/avatar\\\/c31f0697f6edb7c68d5dedc2ccbd548d2a9f73aa293e81c6a1425229ec4c9135?s=96&d=mm&r=g\",\"url\":\"https:\\\/\\\/secure.gravatar.com\\\/avatar\\\/c31f0697f6edb7c68d5dedc2ccbd548d2a9f73aa293e81c6a1425229ec4c9135?s=96&d=mm&r=g\",\"contentUrl\":\"https:\\\/\\\/secure.gravatar.com\\\/avatar\\\/c31f0697f6edb7c68d5dedc2ccbd548d2a9f73aa293e81c6a1425229ec4c9135?s=96&d=mm&r=g\",\"caption\":\"Denis Alvarado\"},\"url\":\"https:\\\/\\\/www.visitcentroamerica.com\\\/sala-prensa\\\/author\\\/denis\\\/\"}]}<\/script>\n<!-- \/ Yoast SEO plugin. -->","yoast_head_json":{"title":"Los espacios de coworking en Centroam\u00e9rica son ya una tendencia","description":"Cada vez hay m\u00e1s espacios de coworking en Centroam\u00e9rica, ya que se ahorra en costes y, adem\u00e1s, existe la posibilidad de conocer a gente de todo el mundo","robots":{"index":"index","follow":"follow","max-snippet":"max-snippet:-1","max-image-preview":"max-image-preview:large","max-video-preview":"max-video-preview:-1"},"canonical":"https:\/\/www.visitcentroamerica.com\/sala-prensa\/viajar\/negocios\/los-mejores-espacios-de-coworking-en-centroamerica\/","og_locale":"es_ES","og_type":"article","og_title":"Los espacios de coworking en Centroam\u00e9rica son ya una tendencia","og_description":"Cada vez hay m\u00e1s espacios de coworking en Centroam\u00e9rica, ya que se ahorra en costes y, adem\u00e1s, existe la posibilidad de conocer a gente de todo el mundo","og_url":"https:\/\/www.visitcentroamerica.com\/sala-prensa\/viajar\/negocios\/los-mejores-espacios-de-coworking-en-centroamerica\/","og_site_name":"Sala de prensa","article_published_time":"2022-10-20T10:00:23+00:00","og_image":[{"width":1200,"height":600,"url":"https:\/\/www.visitcentroamerica.com\/sala-prensa\/wp-content\/uploads\/2022\/09\/Coworking-Centroamerica.jpg","type":"image\/jpeg"}],"author":"Denis Alvarado","twitter_card":"summary_large_image","twitter_misc":{"Escrito por":"Denis Alvarado","Tiempo de lectura":"2 minutos"},"schema":{"@context":"https:\/\/schema.org","@graph":[{"@type":"Article","@id":"https:\/\/www.visitcentroamerica.com\/sala-prensa\/viajar\/negocios\/los-mejores-espacios-de-coworking-en-centroamerica\/#article","isPartOf":{"@id":"https:\/\/www.visitcentroamerica.com\/sala-prensa\/viajar\/negocios\/los-mejores-espacios-de-coworking-en-centroamerica\/"},"author":{"name":"Denis Alvarado","@id":"https:\/\/www.visitcentroamerica.com\/sala-prensa\/#\/schema\/person\/0aa3bd0dbaabaead6089ee3dd0cd7ae5"},"headline":"Los mejores espacios de coworking en Centroam\u00e9rica","datePublished":"2022-10-20T10:00:23+00:00","mainEntityOfPage":{"@id":"https:\/\/www.visitcentroamerica.com\/sala-prensa\/viajar\/negocios\/los-mejores-espacios-de-coworking-en-centroamerica\/"},"wordCount":264,"commentCount":0,"image":{"@id":"https:\/\/www.visitcentroamerica.com\/sala-prensa\/viajar\/negocios\/los-mejores-espacios-de-coworking-en-centroamerica\/#primaryimage"},"thumbnailUrl":"https:\/\/www.visitcentroamerica.com\/sala-prensa\/wp-content\/uploads\/2022\/09\/Coworking-Centroamerica.jpg","articleSection":["Negocios"],"inLanguage":"es","potentialAction":[{"@type":"CommentAction","name":"Comment","target":["https:\/\/www.visitcentroamerica.com\/sala-prensa\/viajar\/negocios\/los-mejores-espacios-de-coworking-en-centroamerica\/#respond"]}]},{"@type":"WebPage","@id":"https:\/\/www.visitcentroamerica.com\/sala-prensa\/viajar\/negocios\/los-mejores-espacios-de-coworking-en-centroamerica\/","url":"https:\/\/www.visitcentroamerica.com\/sala-prensa\/viajar\/negocios\/los-mejores-espacios-de-coworking-en-centroamerica\/","name":"Los espacios de coworking en Centroam\u00e9rica son ya una tendencia","isPartOf":{"@id":"https:\/\/www.visitcentroamerica.com\/sala-prensa\/#website"},"primaryImageOfPage":{"@id":"https:\/\/www.visitcentroamerica.com\/sala-prensa\/viajar\/negocios\/los-mejores-espacios-de-coworking-en-centroamerica\/#primaryimage"},"image":{"@id":"https:\/\/www.visitcentroamerica.com\/sala-prensa\/viajar\/negocios\/los-mejores-espacios-de-coworking-en-centroamerica\/#primaryimage"},"thumbnailUrl":"https:\/\/www.visitcentroamerica.com\/sala-prensa\/wp-content\/uploads\/2022\/09\/Coworking-Centroamerica.jpg","datePublished":"2022-10-20T10:00:23+00:00","author":{"@id":"https:\/\/www.visitcentroamerica.com\/sala-prensa\/#\/schema\/person\/0aa3bd0dbaabaead6089ee3dd0cd7ae5"},"description":"Cada vez hay m\u00e1s espacios de coworking en Centroam\u00e9rica, ya que se ahorra en costes y, adem\u00e1s, existe la posibilidad de conocer a gente de todo el mundo","breadcrumb":{"@id":"https:\/\/www.visitcentroamerica.com\/sala-prensa\/viajar\/negocios\/los-mejores-espacios-de-coworking-en-centroamerica\/#breadcrumb"},"inLanguage":"es","potentialAction":[{"@type":"ReadAction","target":["https:\/\/www.visitcentroamerica.com\/sala-prensa\/viajar\/negocios\/los-mejores-espacios-de-coworking-en-centroamerica\/"]}]},{"@type":"ImageObject","inLanguage":"es","@id":"https:\/\/www.visitcentroamerica.com\/sala-prensa\/viajar\/negocios\/los-mejores-espacios-de-coworking-en-centroamerica\/#primaryimage","url":"https:\/\/www.visitcentroamerica.com\/sala-prensa\/wp-content\/uploads\/2022\/09\/Coworking-Centroamerica.jpg","contentUrl":"https:\/\/www.visitcentroamerica.com\/sala-prensa\/wp-content\/uploads\/2022\/09\/Coworking-Centroamerica.jpg","width":1200,"height":600,"caption":"Coworking Centroam\u00e9rica"},{"@type":"BreadcrumbList","@id":"https:\/\/www.visitcentroamerica.com\/sala-prensa\/viajar\/negocios\/los-mejores-espacios-de-coworking-en-centroamerica\/#breadcrumb","itemListElement":[{"@type":"ListItem","position":1,"name":"Portada","item":"https:\/\/www.visitcentroamerica.com\/sala-prensa\/"},{"@type":"ListItem","position":2,"name":"Los mejores espacios de coworking en Centroam\u00e9rica"}]},{"@type":"WebSite","@id":"https:\/\/www.visitcentroamerica.com\/sala-prensa\/#website","url":"https:\/\/www.visitcentroamerica.com\/sala-prensa\/","name":"Sala de prensa","description":"","potentialAction":[{"@type":"SearchAction","target":{"@type":"EntryPoint","urlTemplate":"https:\/\/www.visitcentroamerica.com\/sala-prensa\/?s={search_term_string}"},"query-input":{"@type":"PropertyValueSpecification","valueRequired":true,"valueName":"search_term_string"}}],"inLanguage":"es"},{"@type":"Person","@id":"https:\/\/www.visitcentroamerica.com\/sala-prensa\/#\/schema\/person\/0aa3bd0dbaabaead6089ee3dd0cd7ae5","name":"Denis Alvarado","image":{"@type":"ImageObject","inLanguage":"es","@id":"https:\/\/secure.gravatar.com\/avatar\/c31f0697f6edb7c68d5dedc2ccbd548d2a9f73aa293e81c6a1425229ec4c9135?s=96&d=mm&r=g","url":"https:\/\/secure.gravatar.com\/avatar\/c31f0697f6edb7c68d5dedc2ccbd548d2a9f73aa293e81c6a1425229ec4c9135?s=96&d=mm&r=g","contentUrl":"https:\/\/secure.gravatar.com\/avatar\/c31f0697f6edb7c68d5dedc2ccbd548d2a9f73aa293e81c6a1425229ec4c9135?s=96&d=mm&r=g","caption":"Denis Alvarado"},"url":"https:\/\/www.visitcentroamerica.com\/sala-prensa\/author\/denis\/"}]}},"_links":{"self":[{"href":"https:\/\/www.visitcentroamerica.com\/sala-prensa\/wp-json\/wp\/v2\/posts\/13556","targetHints":{"allow":["GET"]}}],"collection":[{"href":"https:\/\/www.visitcentroamerica.com\/sala-prensa\/wp-json\/wp\/v2\/posts"}],"about":[{"href":"https:\/\/www.visitcentroamerica.com\/sala-prensa\/wp-json\/wp\/v2\/types\/post"}],"author":[{"embeddable":true,"href":"https:\/\/www.visitcentroamerica.com\/sala-prensa\/wp-json\/wp\/v2\/users\/5"}],"replies":[{"embeddable":true,"href":"https:\/\/www.visitcentroamerica.com\/sala-prensa\/wp-json\/wp\/v2\/comments?post=13556"}],"version-history":[{"count":1,"href":"https:\/\/www.visitcentroamerica.com\/sala-prensa\/wp-json\/wp\/v2\/posts\/13556\/revisions"}],"predecessor-version":[{"id":13561,"href":"https:\/\/www.visitcentroamerica.com\/sala-prensa\/wp-json\/wp\/v2\/posts\/13556\/revisions\/13561"}],"wp:featuredmedia":[{"embeddable":true,"href":"https:\/\/www.visitcentroamerica.com\/sala-prensa\/wp-json\/wp\/v2\/media\/13559"}],"wp:attachment":[{"href":"https:\/\/www.visitcentroamerica.com\/sala-prensa\/wp-json\/wp\/v2\/media?parent=13556"}],"wp:term":[{"taxonomy":"category","embeddable":true,"href":"https:\/\/www.visitcentroamerica.com\/sala-prensa\/wp-json\/wp\/v2\/categories?post=13556"},{"taxonomy":"post_tag","embeddable":true,"href":"https:\/\/www.visitcentroamerica.com\/sala-prensa\/wp-json\/wp\/v2\/tags?post=13556"}],"curies":[{"name":"wp","href":"https:\/\/api.w.org\/{rel}","templated":true}]}}