{"id":13538,"date":"2022-09-15T10:00:51","date_gmt":"2022-09-15T10:00:51","guid":{"rendered":"https:\/\/www.visitcentroamerica.com\/sala-prensa\/?p=13538"},"modified":"2022-09-06T07:10:08","modified_gmt":"2022-09-06T07:10:08","slug":"las-huellas-de-la-prehistoria-que-comparten-guatemala-y-belice","status":"publish","type":"post","link":"https:\/\/www.visitcentroamerica.com\/sala-prensa\/viajar\/arqueologia-e-historia\/las-huellas-de-la-prehistoria-que-comparten-guatemala-y-belice\/","title":{"rendered":"Las huellas de la prehistoria que comparten Guatemala y Belice"},"content":{"rendered":"<p><img decoding=\"async\" class=\"alignnone size-full wp-image-13539\" src=\"https:\/\/www.visitcentroamerica.com\/sala-prensa\/wp-content\/uploads\/2022\/09\/Prehistoria-Centroamerica.jpg\" alt=\"Prehistoria Centroam\u00e9rica\" width=\"auto\" height=\"100%\" srcset=\"https:\/\/www.visitcentroamerica.com\/sala-prensa\/wp-content\/uploads\/2022\/09\/Prehistoria-Centroamerica.jpg 1200w, https:\/\/www.visitcentroamerica.com\/sala-prensa\/wp-content\/uploads\/2022\/09\/Prehistoria-Centroamerica-300x150.jpg 300w, https:\/\/www.visitcentroamerica.com\/sala-prensa\/wp-content\/uploads\/2022\/09\/Prehistoria-Centroamerica-1024x512.jpg 1024w, https:\/\/www.visitcentroamerica.com\/sala-prensa\/wp-content\/uploads\/2022\/09\/Prehistoria-Centroamerica-768x384.jpg 768w, https:\/\/www.visitcentroamerica.com\/sala-prensa\/wp-content\/uploads\/2022\/09\/Prehistoria-Centroamerica-696x348.jpg 696w, https:\/\/www.visitcentroamerica.com\/sala-prensa\/wp-content\/uploads\/2022\/09\/Prehistoria-Centroamerica-1068x534.jpg 1068w, https:\/\/www.visitcentroamerica.com\/sala-prensa\/wp-content\/uploads\/2022\/09\/Prehistoria-Centroamerica-840x420.jpg 840w, https:\/\/www.visitcentroamerica.com\/sala-prensa\/wp-content\/uploads\/2022\/09\/Prehistoria-Centroamerica-500x250.jpg 500w\" sizes=\"(max-width: 1200px) 100vw, 1200px\" \/><\/p>\n<p>\u00bfQuieres conocer un poco m\u00e1s los lugares m\u00e1s importantes de la <strong>prehistoria en Centroam\u00e9rica<\/strong>? En <strong>Guatemala y Belice<\/strong> podr\u00e1s vivir la historia de cerca desde un punto de vista muy diferente. Al ser vecinas y hacer frontera, conservan un pasado com\u00fan que hace que los <strong>yacimientos de prehistoria de Guatemala y Belice<\/strong> est\u00e9n m\u00e1s relacionados de lo que pueda parecer.<\/p>\n<h2>La prehistoria en Guatemala y Belice<\/h2>\n<p>La <strong>prehistoria en Guatemala y Belice<\/strong> te va a dejar con la boca abierta. Podr\u00e1s visitar sitios como <strong>La Antigua Guatemala <\/strong>y disfrutar de sus coloridas calles y del precioso Arco de Santa Catalina. Cuando la visit\u00e9 por primera vez, no sab\u00eda ni a d\u00f3nde mirar.\u00bfSabes que se han encontrado miles de estructuras mayas en la selva guatemalteca? La <strong>arqueolog\u00eda<\/strong> ha celebrado este gran descubrimiento.<\/p>\n<p>En <strong>Belice<\/strong> podr\u00e1s disfrutar de tierras que antiguamente eran territorio de piratas y de un peque\u00f1o lugar brit\u00e1nico en plena Centroam\u00e9rica. Una combinaci\u00f3n de historia, paisajes y lugares de ensue\u00f1o que te va a cautivar por completo, te lo aseguro.<\/p>\n<p>Los <a href=\"https:\/\/www.visitcentroamerica.com\/packages\/ver-guatemala-belice\/\" target=\"_blank\" rel=\"noopener\"><strong>viajes multidestino <\/strong><\/a>son una idea maravillosa para conocer la<a href=\"https:\/\/www.visitcentroamerica.com\" target=\"_blank\" rel=\"noopener\"> <strong>prehistoria en Centroam\u00e9rica<\/strong><\/a>. Podr\u00e1s ver algunas de las ruinas y yacimientos m\u00e1s importantes de la zona o incluso hacer un <a href=\"https:\/\/experiencias.visitcentroamerica.com\/experiencia\/mirador-quest\/\" target=\"_blank\" rel=\"noopener\"><em><strong>trekking <\/strong><\/em><strong>de aventura para descubrir la Civilizaci\u00f3n Maya<\/strong><\/a>. \u00a1An\u00edmate!<\/p>\n","protected":false},"excerpt":{"rendered":"<p>\u00bfQuieres conocer un poco m\u00e1s los lugares m\u00e1s importantes de la prehistoria en Centroam\u00e9rica? En Guatemala y Belice podr\u00e1s vivir la historia de cerca desde un punto de vista muy diferente. Al ser vecinas y hacer frontera, conservan un pasado com\u00fan que hace que los yacimientos de prehistoria de Guatemala y Belice est\u00e9n m\u00e1s relacionados [&hellip;]<\/p>\n","protected":false},"author":5,"featured_media":13539,"comment_status":"open","ping_status":"closed","sticky":false,"template":"","format":"standard","meta":{"footnotes":""},"categories":[27],"tags":[],"class_list":{"0":"post-13538","1":"post","2":"type-post","3":"status-publish","4":"format-standard","5":"has-post-thumbnail","7":"category-arqueologia-e-historia"},"yoast_head":"<!-- This site is optimized with the Yoast SEO plugin v27.3 - https:\/\/yoast.com\/product\/yoast-seo-wordpress\/ -->\n<title>Guatemala y Belice: la prehistoria en Centroam\u00e9rica, \u00a1desc\u00fabrela!<\/title>\n<meta name=\"description\" content=\"Conoce la prehistoria en Centroam\u00e9rica visitando Belice y Guatemala en un viaje multidestino. Te esperan aventuras muy interesantes, \u00a1toca disfrutar!\" \/>\n<meta name=\"robots\" content=\"index, follow, max-snippet:-1, max-image-preview:large, max-video-preview:-1\" \/>\n<link rel=\"canonical\" href=\"https:\/\/www.visitcentroamerica.com\/sala-prensa\/viajar\/arqueologia-e-historia\/las-huellas-de-la-prehistoria-que-comparten-guatemala-y-belice\/\" \/>\n<meta property=\"og:locale\" content=\"es_ES\" \/>\n<meta property=\"og:type\" content=\"article\" \/>\n<meta property=\"og:title\" content=\"Guatemala y Belice: la prehistoria en Centroam\u00e9rica, \u00a1desc\u00fabrela!\" \/>\n<meta property=\"og:description\" content=\"Conoce la prehistoria en Centroam\u00e9rica visitando Belice y Guatemala en un viaje multidestino. Te esperan aventuras muy interesantes, \u00a1toca disfrutar!\" \/>\n<meta property=\"og:url\" content=\"https:\/\/www.visitcentroamerica.com\/sala-prensa\/viajar\/arqueologia-e-historia\/las-huellas-de-la-prehistoria-que-comparten-guatemala-y-belice\/\" \/>\n<meta property=\"og:site_name\" content=\"Sala de prensa\" \/>\n<meta property=\"article:published_time\" content=\"2022-09-15T10:00:51+00:00\" \/>\n<meta property=\"og:image\" content=\"https:\/\/www.visitcentroamerica.com\/sala-prensa\/wp-content\/uploads\/2022\/09\/Prehistoria-Centroamerica.jpg\" \/>\n\t<meta property=\"og:image:width\" content=\"1200\" \/>\n\t<meta property=\"og:image:height\" content=\"600\" \/>\n\t<meta property=\"og:image:type\" content=\"image\/jpeg\" \/>\n<meta name=\"author\" content=\"Denis Alvarado\" \/>\n<meta name=\"twitter:card\" content=\"summary_large_image\" \/>\n<meta name=\"twitter:label1\" content=\"Escrito por\" \/>\n\t<meta name=\"twitter:data1\" content=\"Denis Alvarado\" \/>\n\t<meta name=\"twitter:label2\" content=\"Tiempo de lectura\" \/>\n\t<meta name=\"twitter:data2\" content=\"2 minutos\" \/>\n<script type=\"application\/ld+json\" class=\"yoast-schema-graph\">{\"@context\":\"https:\\\/\\\/schema.org\",\"@graph\":[{\"@type\":\"Article\",\"@id\":\"https:\\\/\\\/www.visitcentroamerica.com\\\/sala-prensa\\\/viajar\\\/arqueologia-e-historia\\\/las-huellas-de-la-prehistoria-que-comparten-guatemala-y-belice\\\/#article\",\"isPartOf\":{\"@id\":\"https:\\\/\\\/www.visitcentroamerica.com\\\/sala-prensa\\\/viajar\\\/arqueologia-e-historia\\\/las-huellas-de-la-prehistoria-que-comparten-guatemala-y-belice\\\/\"},\"author\":{\"name\":\"Denis Alvarado\",\"@id\":\"https:\\\/\\\/www.visitcentroamerica.com\\\/sala-prensa\\\/#\\\/schema\\\/person\\\/0aa3bd0dbaabaead6089ee3dd0cd7ae5\"},\"headline\":\"Las huellas de la prehistoria que comparten Guatemala y Belice\",\"datePublished\":\"2022-09-15T10:00:51+00:00\",\"mainEntityOfPage\":{\"@id\":\"https:\\\/\\\/www.visitcentroamerica.com\\\/sala-prensa\\\/viajar\\\/arqueologia-e-historia\\\/las-huellas-de-la-prehistoria-que-comparten-guatemala-y-belice\\\/\"},\"wordCount\":243,\"commentCount\":0,\"image\":{\"@id\":\"https:\\\/\\\/www.visitcentroamerica.com\\\/sala-prensa\\\/viajar\\\/arqueologia-e-historia\\\/las-huellas-de-la-prehistoria-que-comparten-guatemala-y-belice\\\/#primaryimage\"},\"thumbnailUrl\":\"https:\\\/\\\/www.visitcentroamerica.com\\\/sala-prensa\\\/wp-content\\\/uploads\\\/2022\\\/09\\\/Prehistoria-Centroamerica.jpg\",\"articleSection\":[\"Arqueolog\u00eda e Historia\"],\"inLanguage\":\"es\",\"potentialAction\":[{\"@type\":\"CommentAction\",\"name\":\"Comment\",\"target\":[\"https:\\\/\\\/www.visitcentroamerica.com\\\/sala-prensa\\\/viajar\\\/arqueologia-e-historia\\\/las-huellas-de-la-prehistoria-que-comparten-guatemala-y-belice\\\/#respond\"]}]},{\"@type\":\"WebPage\",\"@id\":\"https:\\\/\\\/www.visitcentroamerica.com\\\/sala-prensa\\\/viajar\\\/arqueologia-e-historia\\\/las-huellas-de-la-prehistoria-que-comparten-guatemala-y-belice\\\/\",\"url\":\"https:\\\/\\\/www.visitcentroamerica.com\\\/sala-prensa\\\/viajar\\\/arqueologia-e-historia\\\/las-huellas-de-la-prehistoria-que-comparten-guatemala-y-belice\\\/\",\"name\":\"Guatemala y Belice: la prehistoria en Centroam\u00e9rica, \u00a1desc\u00fabrela!\",\"isPartOf\":{\"@id\":\"https:\\\/\\\/www.visitcentroamerica.com\\\/sala-prensa\\\/#website\"},\"primaryImageOfPage\":{\"@id\":\"https:\\\/\\\/www.visitcentroamerica.com\\\/sala-prensa\\\/viajar\\\/arqueologia-e-historia\\\/las-huellas-de-la-prehistoria-que-comparten-guatemala-y-belice\\\/#primaryimage\"},\"image\":{\"@id\":\"https:\\\/\\\/www.visitcentroamerica.com\\\/sala-prensa\\\/viajar\\\/arqueologia-e-historia\\\/las-huellas-de-la-prehistoria-que-comparten-guatemala-y-belice\\\/#primaryimage\"},\"thumbnailUrl\":\"https:\\\/\\\/www.visitcentroamerica.com\\\/sala-prensa\\\/wp-content\\\/uploads\\\/2022\\\/09\\\/Prehistoria-Centroamerica.jpg\",\"datePublished\":\"2022-09-15T10:00:51+00:00\",\"author\":{\"@id\":\"https:\\\/\\\/www.visitcentroamerica.com\\\/sala-prensa\\\/#\\\/schema\\\/person\\\/0aa3bd0dbaabaead6089ee3dd0cd7ae5\"},\"description\":\"Conoce la prehistoria en Centroam\u00e9rica visitando Belice y Guatemala en un viaje multidestino. Te esperan aventuras muy interesantes, \u00a1toca disfrutar!\",\"breadcrumb\":{\"@id\":\"https:\\\/\\\/www.visitcentroamerica.com\\\/sala-prensa\\\/viajar\\\/arqueologia-e-historia\\\/las-huellas-de-la-prehistoria-que-comparten-guatemala-y-belice\\\/#breadcrumb\"},\"inLanguage\":\"es\",\"potentialAction\":[{\"@type\":\"ReadAction\",\"target\":[\"https:\\\/\\\/www.visitcentroamerica.com\\\/sala-prensa\\\/viajar\\\/arqueologia-e-historia\\\/las-huellas-de-la-prehistoria-que-comparten-guatemala-y-belice\\\/\"]}]},{\"@type\":\"ImageObject\",\"inLanguage\":\"es\",\"@id\":\"https:\\\/\\\/www.visitcentroamerica.com\\\/sala-prensa\\\/viajar\\\/arqueologia-e-historia\\\/las-huellas-de-la-prehistoria-que-comparten-guatemala-y-belice\\\/#primaryimage\",\"url\":\"https:\\\/\\\/www.visitcentroamerica.com\\\/sala-prensa\\\/wp-content\\\/uploads\\\/2022\\\/09\\\/Prehistoria-Centroamerica.jpg\",\"contentUrl\":\"https:\\\/\\\/www.visitcentroamerica.com\\\/sala-prensa\\\/wp-content\\\/uploads\\\/2022\\\/09\\\/Prehistoria-Centroamerica.jpg\",\"width\":1200,\"height\":600,\"caption\":\"Prehistoria Centroam\u00e9rica\"},{\"@type\":\"BreadcrumbList\",\"@id\":\"https:\\\/\\\/www.visitcentroamerica.com\\\/sala-prensa\\\/viajar\\\/arqueologia-e-historia\\\/las-huellas-de-la-prehistoria-que-comparten-guatemala-y-belice\\\/#breadcrumb\",\"itemListElement\":[{\"@type\":\"ListItem\",\"position\":1,\"name\":\"Portada\",\"item\":\"https:\\\/\\\/www.visitcentroamerica.com\\\/sala-prensa\\\/\"},{\"@type\":\"ListItem\",\"position\":2,\"name\":\"Las huellas de la prehistoria que comparten Guatemala y Belice\"}]},{\"@type\":\"WebSite\",\"@id\":\"https:\\\/\\\/www.visitcentroamerica.com\\\/sala-prensa\\\/#website\",\"url\":\"https:\\\/\\\/www.visitcentroamerica.com\\\/sala-prensa\\\/\",\"name\":\"Sala de prensa\",\"description\":\"\",\"potentialAction\":[{\"@type\":\"SearchAction\",\"target\":{\"@type\":\"EntryPoint\",\"urlTemplate\":\"https:\\\/\\\/www.visitcentroamerica.com\\\/sala-prensa\\\/?s={search_term_string}\"},\"query-input\":{\"@type\":\"PropertyValueSpecification\",\"valueRequired\":true,\"valueName\":\"search_term_string\"}}],\"inLanguage\":\"es\"},{\"@type\":\"Person\",\"@id\":\"https:\\\/\\\/www.visitcentroamerica.com\\\/sala-prensa\\\/#\\\/schema\\\/person\\\/0aa3bd0dbaabaead6089ee3dd0cd7ae5\",\"name\":\"Denis Alvarado\",\"image\":{\"@type\":\"ImageObject\",\"inLanguage\":\"es\",\"@id\":\"https:\\\/\\\/secure.gravatar.com\\\/avatar\\\/c31f0697f6edb7c68d5dedc2ccbd548d2a9f73aa293e81c6a1425229ec4c9135?s=96&d=mm&r=g\",\"url\":\"https:\\\/\\\/secure.gravatar.com\\\/avatar\\\/c31f0697f6edb7c68d5dedc2ccbd548d2a9f73aa293e81c6a1425229ec4c9135?s=96&d=mm&r=g\",\"contentUrl\":\"https:\\\/\\\/secure.gravatar.com\\\/avatar\\\/c31f0697f6edb7c68d5dedc2ccbd548d2a9f73aa293e81c6a1425229ec4c9135?s=96&d=mm&r=g\",\"caption\":\"Denis Alvarado\"},\"url\":\"https:\\\/\\\/www.visitcentroamerica.com\\\/sala-prensa\\\/author\\\/denis\\\/\"}]}<\/script>\n<!-- \/ Yoast SEO plugin. -->","yoast_head_json":{"title":"Guatemala y Belice: la prehistoria en Centroam\u00e9rica, \u00a1desc\u00fabrela!","description":"Conoce la prehistoria en Centroam\u00e9rica visitando Belice y Guatemala en un viaje multidestino. Te esperan aventuras muy interesantes, \u00a1toca disfrutar!","robots":{"index":"index","follow":"follow","max-snippet":"max-snippet:-1","max-image-preview":"max-image-preview:large","max-video-preview":"max-video-preview:-1"},"canonical":"https:\/\/www.visitcentroamerica.com\/sala-prensa\/viajar\/arqueologia-e-historia\/las-huellas-de-la-prehistoria-que-comparten-guatemala-y-belice\/","og_locale":"es_ES","og_type":"article","og_title":"Guatemala y Belice: la prehistoria en Centroam\u00e9rica, \u00a1desc\u00fabrela!","og_description":"Conoce la prehistoria en Centroam\u00e9rica visitando Belice y Guatemala en un viaje multidestino. Te esperan aventuras muy interesantes, \u00a1toca disfrutar!","og_url":"https:\/\/www.visitcentroamerica.com\/sala-prensa\/viajar\/arqueologia-e-historia\/las-huellas-de-la-prehistoria-que-comparten-guatemala-y-belice\/","og_site_name":"Sala de prensa","article_published_time":"2022-09-15T10:00:51+00:00","og_image":[{"width":1200,"height":600,"url":"https:\/\/www.visitcentroamerica.com\/sala-prensa\/wp-content\/uploads\/2022\/09\/Prehistoria-Centroamerica.jpg","type":"image\/jpeg"}],"author":"Denis Alvarado","twitter_card":"summary_large_image","twitter_misc":{"Escrito por":"Denis Alvarado","Tiempo de lectura":"2 minutos"},"schema":{"@context":"https:\/\/schema.org","@graph":[{"@type":"Article","@id":"https:\/\/www.visitcentroamerica.com\/sala-prensa\/viajar\/arqueologia-e-historia\/las-huellas-de-la-prehistoria-que-comparten-guatemala-y-belice\/#article","isPartOf":{"@id":"https:\/\/www.visitcentroamerica.com\/sala-prensa\/viajar\/arqueologia-e-historia\/las-huellas-de-la-prehistoria-que-comparten-guatemala-y-belice\/"},"author":{"name":"Denis Alvarado","@id":"https:\/\/www.visitcentroamerica.com\/sala-prensa\/#\/schema\/person\/0aa3bd0dbaabaead6089ee3dd0cd7ae5"},"headline":"Las huellas de la prehistoria que comparten Guatemala y Belice","datePublished":"2022-09-15T10:00:51+00:00","mainEntityOfPage":{"@id":"https:\/\/www.visitcentroamerica.com\/sala-prensa\/viajar\/arqueologia-e-historia\/las-huellas-de-la-prehistoria-que-comparten-guatemala-y-belice\/"},"wordCount":243,"commentCount":0,"image":{"@id":"https:\/\/www.visitcentroamerica.com\/sala-prensa\/viajar\/arqueologia-e-historia\/las-huellas-de-la-prehistoria-que-comparten-guatemala-y-belice\/#primaryimage"},"thumbnailUrl":"https:\/\/www.visitcentroamerica.com\/sala-prensa\/wp-content\/uploads\/2022\/09\/Prehistoria-Centroamerica.jpg","articleSection":["Arqueolog\u00eda e Historia"],"inLanguage":"es","potentialAction":[{"@type":"CommentAction","name":"Comment","target":["https:\/\/www.visitcentroamerica.com\/sala-prensa\/viajar\/arqueologia-e-historia\/las-huellas-de-la-prehistoria-que-comparten-guatemala-y-belice\/#respond"]}]},{"@type":"WebPage","@id":"https:\/\/www.visitcentroamerica.com\/sala-prensa\/viajar\/arqueologia-e-historia\/las-huellas-de-la-prehistoria-que-comparten-guatemala-y-belice\/","url":"https:\/\/www.visitcentroamerica.com\/sala-prensa\/viajar\/arqueologia-e-historia\/las-huellas-de-la-prehistoria-que-comparten-guatemala-y-belice\/","name":"Guatemala y Belice: la prehistoria en Centroam\u00e9rica, \u00a1desc\u00fabrela!","isPartOf":{"@id":"https:\/\/www.visitcentroamerica.com\/sala-prensa\/#website"},"primaryImageOfPage":{"@id":"https:\/\/www.visitcentroamerica.com\/sala-prensa\/viajar\/arqueologia-e-historia\/las-huellas-de-la-prehistoria-que-comparten-guatemala-y-belice\/#primaryimage"},"image":{"@id":"https:\/\/www.visitcentroamerica.com\/sala-prensa\/viajar\/arqueologia-e-historia\/las-huellas-de-la-prehistoria-que-comparten-guatemala-y-belice\/#primaryimage"},"thumbnailUrl":"https:\/\/www.visitcentroamerica.com\/sala-prensa\/wp-content\/uploads\/2022\/09\/Prehistoria-Centroamerica.jpg","datePublished":"2022-09-15T10:00:51+00:00","author":{"@id":"https:\/\/www.visitcentroamerica.com\/sala-prensa\/#\/schema\/person\/0aa3bd0dbaabaead6089ee3dd0cd7ae5"},"description":"Conoce la prehistoria en Centroam\u00e9rica visitando Belice y Guatemala en un viaje multidestino. Te esperan aventuras muy interesantes, \u00a1toca disfrutar!","breadcrumb":{"@id":"https:\/\/www.visitcentroamerica.com\/sala-prensa\/viajar\/arqueologia-e-historia\/las-huellas-de-la-prehistoria-que-comparten-guatemala-y-belice\/#breadcrumb"},"inLanguage":"es","potentialAction":[{"@type":"ReadAction","target":["https:\/\/www.visitcentroamerica.com\/sala-prensa\/viajar\/arqueologia-e-historia\/las-huellas-de-la-prehistoria-que-comparten-guatemala-y-belice\/"]}]},{"@type":"ImageObject","inLanguage":"es","@id":"https:\/\/www.visitcentroamerica.com\/sala-prensa\/viajar\/arqueologia-e-historia\/las-huellas-de-la-prehistoria-que-comparten-guatemala-y-belice\/#primaryimage","url":"https:\/\/www.visitcentroamerica.com\/sala-prensa\/wp-content\/uploads\/2022\/09\/Prehistoria-Centroamerica.jpg","contentUrl":"https:\/\/www.visitcentroamerica.com\/sala-prensa\/wp-content\/uploads\/2022\/09\/Prehistoria-Centroamerica.jpg","width":1200,"height":600,"caption":"Prehistoria Centroam\u00e9rica"},{"@type":"BreadcrumbList","@id":"https:\/\/www.visitcentroamerica.com\/sala-prensa\/viajar\/arqueologia-e-historia\/las-huellas-de-la-prehistoria-que-comparten-guatemala-y-belice\/#breadcrumb","itemListElement":[{"@type":"ListItem","position":1,"name":"Portada","item":"https:\/\/www.visitcentroamerica.com\/sala-prensa\/"},{"@type":"ListItem","position":2,"name":"Las huellas de la prehistoria que comparten Guatemala y Belice"}]},{"@type":"WebSite","@id":"https:\/\/www.visitcentroamerica.com\/sala-prensa\/#website","url":"https:\/\/www.visitcentroamerica.com\/sala-prensa\/","name":"Sala de prensa","description":"","potentialAction":[{"@type":"SearchAction","target":{"@type":"EntryPoint","urlTemplate":"https:\/\/www.visitcentroamerica.com\/sala-prensa\/?s={search_term_string}"},"query-input":{"@type":"PropertyValueSpecification","valueRequired":true,"valueName":"search_term_string"}}],"inLanguage":"es"},{"@type":"Person","@id":"https:\/\/www.visitcentroamerica.com\/sala-prensa\/#\/schema\/person\/0aa3bd0dbaabaead6089ee3dd0cd7ae5","name":"Denis Alvarado","image":{"@type":"ImageObject","inLanguage":"es","@id":"https:\/\/secure.gravatar.com\/avatar\/c31f0697f6edb7c68d5dedc2ccbd548d2a9f73aa293e81c6a1425229ec4c9135?s=96&d=mm&r=g","url":"https:\/\/secure.gravatar.com\/avatar\/c31f0697f6edb7c68d5dedc2ccbd548d2a9f73aa293e81c6a1425229ec4c9135?s=96&d=mm&r=g","contentUrl":"https:\/\/secure.gravatar.com\/avatar\/c31f0697f6edb7c68d5dedc2ccbd548d2a9f73aa293e81c6a1425229ec4c9135?s=96&d=mm&r=g","caption":"Denis Alvarado"},"url":"https:\/\/www.visitcentroamerica.com\/sala-prensa\/author\/denis\/"}]}},"_links":{"self":[{"href":"https:\/\/www.visitcentroamerica.com\/sala-prensa\/wp-json\/wp\/v2\/posts\/13538","targetHints":{"allow":["GET"]}}],"collection":[{"href":"https:\/\/www.visitcentroamerica.com\/sala-prensa\/wp-json\/wp\/v2\/posts"}],"about":[{"href":"https:\/\/www.visitcentroamerica.com\/sala-prensa\/wp-json\/wp\/v2\/types\/post"}],"author":[{"embeddable":true,"href":"https:\/\/www.visitcentroamerica.com\/sala-prensa\/wp-json\/wp\/v2\/users\/5"}],"replies":[{"embeddable":true,"href":"https:\/\/www.visitcentroamerica.com\/sala-prensa\/wp-json\/wp\/v2\/comments?post=13538"}],"version-history":[{"count":1,"href":"https:\/\/www.visitcentroamerica.com\/sala-prensa\/wp-json\/wp\/v2\/posts\/13538\/revisions"}],"predecessor-version":[{"id":13541,"href":"https:\/\/www.visitcentroamerica.com\/sala-prensa\/wp-json\/wp\/v2\/posts\/13538\/revisions\/13541"}],"wp:featuredmedia":[{"embeddable":true,"href":"https:\/\/www.visitcentroamerica.com\/sala-prensa\/wp-json\/wp\/v2\/media\/13539"}],"wp:attachment":[{"href":"https:\/\/www.visitcentroamerica.com\/sala-prensa\/wp-json\/wp\/v2\/media?parent=13538"}],"wp:term":[{"taxonomy":"category","embeddable":true,"href":"https:\/\/www.visitcentroamerica.com\/sala-prensa\/wp-json\/wp\/v2\/categories?post=13538"},{"taxonomy":"post_tag","embeddable":true,"href":"https:\/\/www.visitcentroamerica.com\/sala-prensa\/wp-json\/wp\/v2\/tags?post=13538"}],"curies":[{"name":"wp","href":"https:\/\/api.w.org\/{rel}","templated":true}]}}