{"id":13481,"date":"2022-09-09T10:00:48","date_gmt":"2022-09-09T10:00:48","guid":{"rendered":"https:\/\/www.visitcentroamerica.com\/sala-prensa\/?p=13481"},"modified":"2022-09-06T07:41:17","modified_gmt":"2022-09-06T07:41:17","slug":"los-pueblos-indigenas-de-panama-y-costa-rica","status":"publish","type":"post","link":"https:\/\/www.visitcentroamerica.com\/sala-prensa\/viajar\/diversidad-cultural\/los-pueblos-indigenas-de-panama-y-costa-rica\/","title":{"rendered":"Los pueblos ind\u00edgenas de Panam\u00e1 y Costa Rica"},"content":{"rendered":"<p><img decoding=\"async\" class=\"alignnone size-full wp-image-13482\" src=\"https:\/\/www.visitcentroamerica.com\/sala-prensa\/wp-content\/uploads\/2022\/09\/Indigenas-costa-rica.jpg\" alt=\"ind\u00edgenas costa rica y panam\u00e1\" width=\"auto\" height=\"100%\" srcset=\"https:\/\/www.visitcentroamerica.com\/sala-prensa\/wp-content\/uploads\/2022\/09\/Indigenas-costa-rica.jpg 1200w, https:\/\/www.visitcentroamerica.com\/sala-prensa\/wp-content\/uploads\/2022\/09\/Indigenas-costa-rica-300x150.jpg 300w, https:\/\/www.visitcentroamerica.com\/sala-prensa\/wp-content\/uploads\/2022\/09\/Indigenas-costa-rica-1024x512.jpg 1024w, https:\/\/www.visitcentroamerica.com\/sala-prensa\/wp-content\/uploads\/2022\/09\/Indigenas-costa-rica-768x384.jpg 768w, https:\/\/www.visitcentroamerica.com\/sala-prensa\/wp-content\/uploads\/2022\/09\/Indigenas-costa-rica-696x348.jpg 696w, https:\/\/www.visitcentroamerica.com\/sala-prensa\/wp-content\/uploads\/2022\/09\/Indigenas-costa-rica-1068x534.jpg 1068w, https:\/\/www.visitcentroamerica.com\/sala-prensa\/wp-content\/uploads\/2022\/09\/Indigenas-costa-rica-840x420.jpg 840w, https:\/\/www.visitcentroamerica.com\/sala-prensa\/wp-content\/uploads\/2022\/09\/Indigenas-costa-rica-500x250.jpg 500w\" sizes=\"(max-width: 1200px) 100vw, 1200px\" \/>Fuente de la imagen <a href=\"https:\/\/www.publico.es\/internacional\/chiriticos-drama-indigenas-invisibles-costa.html\" target=\"_blank\" rel=\"noopener\">p\u00fablico.es<\/a><\/p>\n<p>Los <strong><a href=\"https:\/\/www.puravidauniversity.eu\/territorios-indigenas-costa-rica\/\" target=\"_blank\" rel=\"noopener\">pueblos ind\u00edgenas<\/a> de Centroam\u00e9rica<\/strong> son uno de los atractivos m\u00e1s interesantes que tiene esta parte del continente en t\u00e9rminos tur\u00edsticos, hist\u00f3ricos y culturales. Por ello, en Centroam\u00e9rica te queremos hablar brevemente de este reclamo tur\u00edstico para que puedas conocerlo si optas por un viaje <strong>multidestino<\/strong>.<\/p>\n<h2>Pueblos ind\u00edgenas entre Panam\u00e1 y Costa Rica<\/h2>\n<p>Los <strong>pueblos ind\u00edgenas entre Panam\u00e1 y Costa Rica<\/strong> son de los m\u00e1s relevantes de Centroam\u00e9rica. Son los siguientes: Bribri, Cab\u00e9car, K\u00ebk\u00f6ldi, <a href=\"https:\/\/www.swissinfo.ch\/spa\/costa-rica-ind%C3%ADgenas--cr%C3%B3nica-_ind%C3%ADgenas-goebe-bugl%C3%A9--una-historia-de-migraci%C3%B3n-y-preservaci%C3%B3n-cultural\/\" target=\"_blank\" rel=\"noopener\">Ngobe<\/a> y Naso.<\/p>\n<p>Su supervivencia siempre ha estado entredicho, ya que sus <strong>territorios<\/strong> est\u00e1n permanentemente amenazados por intereses empresariales. No obstante, la <strong>uni\u00f3n<\/strong> entre todos ellos les ha otorgado una fuerza asociativa muy importante, la llamada Uni\u00f3n de Pueblos Originarios Transfronterizos (UPOT).<\/p>\n<p>A pesar del aislamiento que experimentan con respecto al resto de la sociedad, as\u00ed como a los problemas de abastecimiento, son pueblos ind\u00edgenas que han conseguido <strong>sobrevivir<\/strong> hasta nuestros d\u00edas, estando incluso antes de la colonizaci\u00f3n. A pesar de las diferencias existentes entre ellos, comparten rasgos comunes: comunidades grandes, hospitalarias, artistas y con siglos de historia, adem\u00e1s, como <strong>pueblo ind\u00edgena de Centroam\u00e9rica<\/strong> tienen una deidad propia.<\/p>\n<p>\u00bfTe gustar\u00eda conocer los <strong>pueblos ind\u00edgenas de Centroam\u00e9rica<\/strong>? Reserva en nuestra web uno de los <a href=\"https:\/\/www.visitcentroamerica.com\/packages\/?_sft_person-package=costa-rica\" target=\"_blank\" rel=\"noopener\">tours<\/a> <strong>multidestino<\/strong> que tenemos a tu disposici\u00f3n. Por otro lado, tambi\u00e9n contamos con una serie de experiencias que tambi\u00e9n puedes contratar como, por ejemplo, turismo de aventuras o experiencias naturales.<\/p>\n<ul>\n<li>Fuentes de referencia:<\/li>\n<\/ul>\n<p><a href=\"https:\/\/www.territorioindigenaygobernanza.com\/web\/pueblos-transfronterizos\/\" target=\"_blank\" rel=\"noopener\">territorioindigenaygobernanza.com<\/a><\/p>\n<p><a href=\"https:\/\/viajar.elperiodico.com\/destinos\/8-pueblos-indigenas-costa-rica\" target=\"_blank\" rel=\"noopener\">viajar.elperiodico.com<\/a><\/p>\n<p><a href=\"https:\/\/www.visitcentroamerica.com\/\" target=\"_blank\" rel=\"noopener\">visitcentroamerica.com<\/a><\/p>\n","protected":false},"excerpt":{"rendered":"<p>Fuente de la imagen p\u00fablico.es Los pueblos ind\u00edgenas de Centroam\u00e9rica son uno de los atractivos m\u00e1s interesantes que tiene esta parte del continente en t\u00e9rminos tur\u00edsticos, hist\u00f3ricos y culturales. Por ello, en Centroam\u00e9rica te queremos hablar brevemente de este reclamo tur\u00edstico para que puedas conocerlo si optas por un viaje multidestino. Pueblos ind\u00edgenas entre Panam\u00e1 [&hellip;]<\/p>\n","protected":false},"author":5,"featured_media":13482,"comment_status":"open","ping_status":"closed","sticky":false,"template":"","format":"standard","meta":{"footnotes":""},"categories":[30],"tags":[],"class_list":{"0":"post-13481","1":"post","2":"type-post","3":"status-publish","4":"format-standard","5":"has-post-thumbnail","7":"category-diversidad-cultural"},"yoast_head":"<!-- This site is optimized with the Yoast SEO plugin v27.3 - https:\/\/yoast.com\/product\/yoast-seo-wordpress\/ -->\n<title>Los pueblos ind\u00edgenas de Centroam\u00e9rica: historia y situaci\u00f3n actual<\/title>\n<meta name=\"description\" content=\"Los pueblos ind\u00edgenas de Centroam\u00e9rica son un reclamo tur\u00edstico debido a su enorme riqueza cultural e hist\u00f3rica. Con un viaje multidestino se pueden visitar\" \/>\n<meta name=\"robots\" content=\"index, follow, max-snippet:-1, max-image-preview:large, max-video-preview:-1\" \/>\n<link rel=\"canonical\" href=\"https:\/\/www.visitcentroamerica.com\/sala-prensa\/viajar\/diversidad-cultural\/los-pueblos-indigenas-de-panama-y-costa-rica\/\" \/>\n<meta property=\"og:locale\" content=\"es_ES\" \/>\n<meta property=\"og:type\" content=\"article\" \/>\n<meta property=\"og:title\" content=\"Los pueblos ind\u00edgenas de Centroam\u00e9rica: historia y situaci\u00f3n actual\" \/>\n<meta property=\"og:description\" content=\"Los pueblos ind\u00edgenas de Centroam\u00e9rica son un reclamo tur\u00edstico debido a su enorme riqueza cultural e hist\u00f3rica. Con un viaje multidestino se pueden visitar\" \/>\n<meta property=\"og:url\" content=\"https:\/\/www.visitcentroamerica.com\/sala-prensa\/viajar\/diversidad-cultural\/los-pueblos-indigenas-de-panama-y-costa-rica\/\" \/>\n<meta property=\"og:site_name\" content=\"Sala de prensa\" \/>\n<meta property=\"article:published_time\" content=\"2022-09-09T10:00:48+00:00\" \/>\n<meta property=\"og:image\" content=\"https:\/\/www.visitcentroamerica.com\/sala-prensa\/wp-content\/uploads\/2022\/09\/Indigenas-costa-rica.jpg\" \/>\n\t<meta property=\"og:image:width\" content=\"1200\" \/>\n\t<meta property=\"og:image:height\" content=\"600\" \/>\n\t<meta property=\"og:image:type\" content=\"image\/jpeg\" \/>\n<meta name=\"author\" content=\"Denis Alvarado\" \/>\n<meta name=\"twitter:card\" content=\"summary_large_image\" \/>\n<meta name=\"twitter:label1\" content=\"Escrito por\" \/>\n\t<meta name=\"twitter:data1\" content=\"Denis Alvarado\" \/>\n\t<meta name=\"twitter:label2\" content=\"Tiempo de lectura\" \/>\n\t<meta name=\"twitter:data2\" content=\"2 minutos\" \/>\n<script type=\"application\/ld+json\" class=\"yoast-schema-graph\">{\"@context\":\"https:\\\/\\\/schema.org\",\"@graph\":[{\"@type\":\"Article\",\"@id\":\"https:\\\/\\\/www.visitcentroamerica.com\\\/sala-prensa\\\/viajar\\\/diversidad-cultural\\\/los-pueblos-indigenas-de-panama-y-costa-rica\\\/#article\",\"isPartOf\":{\"@id\":\"https:\\\/\\\/www.visitcentroamerica.com\\\/sala-prensa\\\/viajar\\\/diversidad-cultural\\\/los-pueblos-indigenas-de-panama-y-costa-rica\\\/\"},\"author\":{\"name\":\"Denis Alvarado\",\"@id\":\"https:\\\/\\\/www.visitcentroamerica.com\\\/sala-prensa\\\/#\\\/schema\\\/person\\\/0aa3bd0dbaabaead6089ee3dd0cd7ae5\"},\"headline\":\"Los pueblos ind\u00edgenas de Panam\u00e1 y Costa Rica\",\"datePublished\":\"2022-09-09T10:00:48+00:00\",\"mainEntityOfPage\":{\"@id\":\"https:\\\/\\\/www.visitcentroamerica.com\\\/sala-prensa\\\/viajar\\\/diversidad-cultural\\\/los-pueblos-indigenas-de-panama-y-costa-rica\\\/\"},\"wordCount\":283,\"commentCount\":0,\"image\":{\"@id\":\"https:\\\/\\\/www.visitcentroamerica.com\\\/sala-prensa\\\/viajar\\\/diversidad-cultural\\\/los-pueblos-indigenas-de-panama-y-costa-rica\\\/#primaryimage\"},\"thumbnailUrl\":\"https:\\\/\\\/www.visitcentroamerica.com\\\/sala-prensa\\\/wp-content\\\/uploads\\\/2022\\\/09\\\/Indigenas-costa-rica.jpg\",\"articleSection\":[\"Diversidad Cultural\"],\"inLanguage\":\"es\",\"potentialAction\":[{\"@type\":\"CommentAction\",\"name\":\"Comment\",\"target\":[\"https:\\\/\\\/www.visitcentroamerica.com\\\/sala-prensa\\\/viajar\\\/diversidad-cultural\\\/los-pueblos-indigenas-de-panama-y-costa-rica\\\/#respond\"]}]},{\"@type\":\"WebPage\",\"@id\":\"https:\\\/\\\/www.visitcentroamerica.com\\\/sala-prensa\\\/viajar\\\/diversidad-cultural\\\/los-pueblos-indigenas-de-panama-y-costa-rica\\\/\",\"url\":\"https:\\\/\\\/www.visitcentroamerica.com\\\/sala-prensa\\\/viajar\\\/diversidad-cultural\\\/los-pueblos-indigenas-de-panama-y-costa-rica\\\/\",\"name\":\"Los pueblos ind\u00edgenas de Centroam\u00e9rica: historia y situaci\u00f3n actual\",\"isPartOf\":{\"@id\":\"https:\\\/\\\/www.visitcentroamerica.com\\\/sala-prensa\\\/#website\"},\"primaryImageOfPage\":{\"@id\":\"https:\\\/\\\/www.visitcentroamerica.com\\\/sala-prensa\\\/viajar\\\/diversidad-cultural\\\/los-pueblos-indigenas-de-panama-y-costa-rica\\\/#primaryimage\"},\"image\":{\"@id\":\"https:\\\/\\\/www.visitcentroamerica.com\\\/sala-prensa\\\/viajar\\\/diversidad-cultural\\\/los-pueblos-indigenas-de-panama-y-costa-rica\\\/#primaryimage\"},\"thumbnailUrl\":\"https:\\\/\\\/www.visitcentroamerica.com\\\/sala-prensa\\\/wp-content\\\/uploads\\\/2022\\\/09\\\/Indigenas-costa-rica.jpg\",\"datePublished\":\"2022-09-09T10:00:48+00:00\",\"author\":{\"@id\":\"https:\\\/\\\/www.visitcentroamerica.com\\\/sala-prensa\\\/#\\\/schema\\\/person\\\/0aa3bd0dbaabaead6089ee3dd0cd7ae5\"},\"description\":\"Los pueblos ind\u00edgenas de Centroam\u00e9rica son un reclamo tur\u00edstico debido a su enorme riqueza cultural e hist\u00f3rica. Con un viaje multidestino se pueden visitar\",\"breadcrumb\":{\"@id\":\"https:\\\/\\\/www.visitcentroamerica.com\\\/sala-prensa\\\/viajar\\\/diversidad-cultural\\\/los-pueblos-indigenas-de-panama-y-costa-rica\\\/#breadcrumb\"},\"inLanguage\":\"es\",\"potentialAction\":[{\"@type\":\"ReadAction\",\"target\":[\"https:\\\/\\\/www.visitcentroamerica.com\\\/sala-prensa\\\/viajar\\\/diversidad-cultural\\\/los-pueblos-indigenas-de-panama-y-costa-rica\\\/\"]}]},{\"@type\":\"ImageObject\",\"inLanguage\":\"es\",\"@id\":\"https:\\\/\\\/www.visitcentroamerica.com\\\/sala-prensa\\\/viajar\\\/diversidad-cultural\\\/los-pueblos-indigenas-de-panama-y-costa-rica\\\/#primaryimage\",\"url\":\"https:\\\/\\\/www.visitcentroamerica.com\\\/sala-prensa\\\/wp-content\\\/uploads\\\/2022\\\/09\\\/Indigenas-costa-rica.jpg\",\"contentUrl\":\"https:\\\/\\\/www.visitcentroamerica.com\\\/sala-prensa\\\/wp-content\\\/uploads\\\/2022\\\/09\\\/Indigenas-costa-rica.jpg\",\"width\":1200,\"height\":600,\"caption\":\"ind\u00edgenas costa rica y panam\u00e1\"},{\"@type\":\"BreadcrumbList\",\"@id\":\"https:\\\/\\\/www.visitcentroamerica.com\\\/sala-prensa\\\/viajar\\\/diversidad-cultural\\\/los-pueblos-indigenas-de-panama-y-costa-rica\\\/#breadcrumb\",\"itemListElement\":[{\"@type\":\"ListItem\",\"position\":1,\"name\":\"Portada\",\"item\":\"https:\\\/\\\/www.visitcentroamerica.com\\\/sala-prensa\\\/\"},{\"@type\":\"ListItem\",\"position\":2,\"name\":\"Los pueblos ind\u00edgenas de Panam\u00e1 y Costa Rica\"}]},{\"@type\":\"WebSite\",\"@id\":\"https:\\\/\\\/www.visitcentroamerica.com\\\/sala-prensa\\\/#website\",\"url\":\"https:\\\/\\\/www.visitcentroamerica.com\\\/sala-prensa\\\/\",\"name\":\"Sala de prensa\",\"description\":\"\",\"potentialAction\":[{\"@type\":\"SearchAction\",\"target\":{\"@type\":\"EntryPoint\",\"urlTemplate\":\"https:\\\/\\\/www.visitcentroamerica.com\\\/sala-prensa\\\/?s={search_term_string}\"},\"query-input\":{\"@type\":\"PropertyValueSpecification\",\"valueRequired\":true,\"valueName\":\"search_term_string\"}}],\"inLanguage\":\"es\"},{\"@type\":\"Person\",\"@id\":\"https:\\\/\\\/www.visitcentroamerica.com\\\/sala-prensa\\\/#\\\/schema\\\/person\\\/0aa3bd0dbaabaead6089ee3dd0cd7ae5\",\"name\":\"Denis Alvarado\",\"image\":{\"@type\":\"ImageObject\",\"inLanguage\":\"es\",\"@id\":\"https:\\\/\\\/secure.gravatar.com\\\/avatar\\\/c31f0697f6edb7c68d5dedc2ccbd548d2a9f73aa293e81c6a1425229ec4c9135?s=96&d=mm&r=g\",\"url\":\"https:\\\/\\\/secure.gravatar.com\\\/avatar\\\/c31f0697f6edb7c68d5dedc2ccbd548d2a9f73aa293e81c6a1425229ec4c9135?s=96&d=mm&r=g\",\"contentUrl\":\"https:\\\/\\\/secure.gravatar.com\\\/avatar\\\/c31f0697f6edb7c68d5dedc2ccbd548d2a9f73aa293e81c6a1425229ec4c9135?s=96&d=mm&r=g\",\"caption\":\"Denis Alvarado\"},\"url\":\"https:\\\/\\\/www.visitcentroamerica.com\\\/sala-prensa\\\/author\\\/denis\\\/\"}]}<\/script>\n<!-- \/ Yoast SEO plugin. -->","yoast_head_json":{"title":"Los pueblos ind\u00edgenas de Centroam\u00e9rica: historia y situaci\u00f3n actual","description":"Los pueblos ind\u00edgenas de Centroam\u00e9rica son un reclamo tur\u00edstico debido a su enorme riqueza cultural e hist\u00f3rica. Con un viaje multidestino se pueden visitar","robots":{"index":"index","follow":"follow","max-snippet":"max-snippet:-1","max-image-preview":"max-image-preview:large","max-video-preview":"max-video-preview:-1"},"canonical":"https:\/\/www.visitcentroamerica.com\/sala-prensa\/viajar\/diversidad-cultural\/los-pueblos-indigenas-de-panama-y-costa-rica\/","og_locale":"es_ES","og_type":"article","og_title":"Los pueblos ind\u00edgenas de Centroam\u00e9rica: historia y situaci\u00f3n actual","og_description":"Los pueblos ind\u00edgenas de Centroam\u00e9rica son un reclamo tur\u00edstico debido a su enorme riqueza cultural e hist\u00f3rica. Con un viaje multidestino se pueden visitar","og_url":"https:\/\/www.visitcentroamerica.com\/sala-prensa\/viajar\/diversidad-cultural\/los-pueblos-indigenas-de-panama-y-costa-rica\/","og_site_name":"Sala de prensa","article_published_time":"2022-09-09T10:00:48+00:00","og_image":[{"width":1200,"height":600,"url":"https:\/\/www.visitcentroamerica.com\/sala-prensa\/wp-content\/uploads\/2022\/09\/Indigenas-costa-rica.jpg","type":"image\/jpeg"}],"author":"Denis Alvarado","twitter_card":"summary_large_image","twitter_misc":{"Escrito por":"Denis Alvarado","Tiempo de lectura":"2 minutos"},"schema":{"@context":"https:\/\/schema.org","@graph":[{"@type":"Article","@id":"https:\/\/www.visitcentroamerica.com\/sala-prensa\/viajar\/diversidad-cultural\/los-pueblos-indigenas-de-panama-y-costa-rica\/#article","isPartOf":{"@id":"https:\/\/www.visitcentroamerica.com\/sala-prensa\/viajar\/diversidad-cultural\/los-pueblos-indigenas-de-panama-y-costa-rica\/"},"author":{"name":"Denis Alvarado","@id":"https:\/\/www.visitcentroamerica.com\/sala-prensa\/#\/schema\/person\/0aa3bd0dbaabaead6089ee3dd0cd7ae5"},"headline":"Los pueblos ind\u00edgenas de Panam\u00e1 y Costa Rica","datePublished":"2022-09-09T10:00:48+00:00","mainEntityOfPage":{"@id":"https:\/\/www.visitcentroamerica.com\/sala-prensa\/viajar\/diversidad-cultural\/los-pueblos-indigenas-de-panama-y-costa-rica\/"},"wordCount":283,"commentCount":0,"image":{"@id":"https:\/\/www.visitcentroamerica.com\/sala-prensa\/viajar\/diversidad-cultural\/los-pueblos-indigenas-de-panama-y-costa-rica\/#primaryimage"},"thumbnailUrl":"https:\/\/www.visitcentroamerica.com\/sala-prensa\/wp-content\/uploads\/2022\/09\/Indigenas-costa-rica.jpg","articleSection":["Diversidad Cultural"],"inLanguage":"es","potentialAction":[{"@type":"CommentAction","name":"Comment","target":["https:\/\/www.visitcentroamerica.com\/sala-prensa\/viajar\/diversidad-cultural\/los-pueblos-indigenas-de-panama-y-costa-rica\/#respond"]}]},{"@type":"WebPage","@id":"https:\/\/www.visitcentroamerica.com\/sala-prensa\/viajar\/diversidad-cultural\/los-pueblos-indigenas-de-panama-y-costa-rica\/","url":"https:\/\/www.visitcentroamerica.com\/sala-prensa\/viajar\/diversidad-cultural\/los-pueblos-indigenas-de-panama-y-costa-rica\/","name":"Los pueblos ind\u00edgenas de Centroam\u00e9rica: historia y situaci\u00f3n actual","isPartOf":{"@id":"https:\/\/www.visitcentroamerica.com\/sala-prensa\/#website"},"primaryImageOfPage":{"@id":"https:\/\/www.visitcentroamerica.com\/sala-prensa\/viajar\/diversidad-cultural\/los-pueblos-indigenas-de-panama-y-costa-rica\/#primaryimage"},"image":{"@id":"https:\/\/www.visitcentroamerica.com\/sala-prensa\/viajar\/diversidad-cultural\/los-pueblos-indigenas-de-panama-y-costa-rica\/#primaryimage"},"thumbnailUrl":"https:\/\/www.visitcentroamerica.com\/sala-prensa\/wp-content\/uploads\/2022\/09\/Indigenas-costa-rica.jpg","datePublished":"2022-09-09T10:00:48+00:00","author":{"@id":"https:\/\/www.visitcentroamerica.com\/sala-prensa\/#\/schema\/person\/0aa3bd0dbaabaead6089ee3dd0cd7ae5"},"description":"Los pueblos ind\u00edgenas de Centroam\u00e9rica son un reclamo tur\u00edstico debido a su enorme riqueza cultural e hist\u00f3rica. Con un viaje multidestino se pueden visitar","breadcrumb":{"@id":"https:\/\/www.visitcentroamerica.com\/sala-prensa\/viajar\/diversidad-cultural\/los-pueblos-indigenas-de-panama-y-costa-rica\/#breadcrumb"},"inLanguage":"es","potentialAction":[{"@type":"ReadAction","target":["https:\/\/www.visitcentroamerica.com\/sala-prensa\/viajar\/diversidad-cultural\/los-pueblos-indigenas-de-panama-y-costa-rica\/"]}]},{"@type":"ImageObject","inLanguage":"es","@id":"https:\/\/www.visitcentroamerica.com\/sala-prensa\/viajar\/diversidad-cultural\/los-pueblos-indigenas-de-panama-y-costa-rica\/#primaryimage","url":"https:\/\/www.visitcentroamerica.com\/sala-prensa\/wp-content\/uploads\/2022\/09\/Indigenas-costa-rica.jpg","contentUrl":"https:\/\/www.visitcentroamerica.com\/sala-prensa\/wp-content\/uploads\/2022\/09\/Indigenas-costa-rica.jpg","width":1200,"height":600,"caption":"ind\u00edgenas costa rica y panam\u00e1"},{"@type":"BreadcrumbList","@id":"https:\/\/www.visitcentroamerica.com\/sala-prensa\/viajar\/diversidad-cultural\/los-pueblos-indigenas-de-panama-y-costa-rica\/#breadcrumb","itemListElement":[{"@type":"ListItem","position":1,"name":"Portada","item":"https:\/\/www.visitcentroamerica.com\/sala-prensa\/"},{"@type":"ListItem","position":2,"name":"Los pueblos ind\u00edgenas de Panam\u00e1 y Costa Rica"}]},{"@type":"WebSite","@id":"https:\/\/www.visitcentroamerica.com\/sala-prensa\/#website","url":"https:\/\/www.visitcentroamerica.com\/sala-prensa\/","name":"Sala de prensa","description":"","potentialAction":[{"@type":"SearchAction","target":{"@type":"EntryPoint","urlTemplate":"https:\/\/www.visitcentroamerica.com\/sala-prensa\/?s={search_term_string}"},"query-input":{"@type":"PropertyValueSpecification","valueRequired":true,"valueName":"search_term_string"}}],"inLanguage":"es"},{"@type":"Person","@id":"https:\/\/www.visitcentroamerica.com\/sala-prensa\/#\/schema\/person\/0aa3bd0dbaabaead6089ee3dd0cd7ae5","name":"Denis Alvarado","image":{"@type":"ImageObject","inLanguage":"es","@id":"https:\/\/secure.gravatar.com\/avatar\/c31f0697f6edb7c68d5dedc2ccbd548d2a9f73aa293e81c6a1425229ec4c9135?s=96&d=mm&r=g","url":"https:\/\/secure.gravatar.com\/avatar\/c31f0697f6edb7c68d5dedc2ccbd548d2a9f73aa293e81c6a1425229ec4c9135?s=96&d=mm&r=g","contentUrl":"https:\/\/secure.gravatar.com\/avatar\/c31f0697f6edb7c68d5dedc2ccbd548d2a9f73aa293e81c6a1425229ec4c9135?s=96&d=mm&r=g","caption":"Denis Alvarado"},"url":"https:\/\/www.visitcentroamerica.com\/sala-prensa\/author\/denis\/"}]}},"_links":{"self":[{"href":"https:\/\/www.visitcentroamerica.com\/sala-prensa\/wp-json\/wp\/v2\/posts\/13481","targetHints":{"allow":["GET"]}}],"collection":[{"href":"https:\/\/www.visitcentroamerica.com\/sala-prensa\/wp-json\/wp\/v2\/posts"}],"about":[{"href":"https:\/\/www.visitcentroamerica.com\/sala-prensa\/wp-json\/wp\/v2\/types\/post"}],"author":[{"embeddable":true,"href":"https:\/\/www.visitcentroamerica.com\/sala-prensa\/wp-json\/wp\/v2\/users\/5"}],"replies":[{"embeddable":true,"href":"https:\/\/www.visitcentroamerica.com\/sala-prensa\/wp-json\/wp\/v2\/comments?post=13481"}],"version-history":[{"count":1,"href":"https:\/\/www.visitcentroamerica.com\/sala-prensa\/wp-json\/wp\/v2\/posts\/13481\/revisions"}],"predecessor-version":[{"id":13484,"href":"https:\/\/www.visitcentroamerica.com\/sala-prensa\/wp-json\/wp\/v2\/posts\/13481\/revisions\/13484"}],"wp:featuredmedia":[{"embeddable":true,"href":"https:\/\/www.visitcentroamerica.com\/sala-prensa\/wp-json\/wp\/v2\/media\/13482"}],"wp:attachment":[{"href":"https:\/\/www.visitcentroamerica.com\/sala-prensa\/wp-json\/wp\/v2\/media?parent=13481"}],"wp:term":[{"taxonomy":"category","embeddable":true,"href":"https:\/\/www.visitcentroamerica.com\/sala-prensa\/wp-json\/wp\/v2\/categories?post=13481"},{"taxonomy":"post_tag","embeddable":true,"href":"https:\/\/www.visitcentroamerica.com\/sala-prensa\/wp-json\/wp\/v2\/tags?post=13481"}],"curies":[{"name":"wp","href":"https:\/\/api.w.org\/{rel}","templated":true}]}}