{"id":13358,"date":"2022-06-30T10:00:35","date_gmt":"2022-06-30T10:00:35","guid":{"rendered":"https:\/\/www.visitcentroamerica.com\/sala-prensa\/?p=13358"},"modified":"2022-06-27T07:23:33","modified_gmt":"2022-06-27T07:23:33","slug":"los-pueblos-originarios-ladinos-los-pueblos-indigenas-antes-de-ser-colonizados-en-guatemala","status":"publish","type":"post","link":"https:\/\/www.visitcentroamerica.com\/sala-prensa\/viajar\/diversidad-cultural\/los-pueblos-originarios-ladinos-los-pueblos-indigenas-antes-de-ser-colonizados-en-guatemala\/","title":{"rendered":"Los pueblos originarios ladinos; los pueblos ind\u00edgenas antes de ser colonizados en Guatemala"},"content":{"rendered":"<p><img decoding=\"async\" class=\"alignnone size-full wp-image-13359\" src=\"https:\/\/www.visitcentroamerica.com\/sala-prensa\/wp-content\/uploads\/2022\/06\/Los-pueblos-ladinos.jpg\" alt=\"Los pueblos ladinos\" width=\"auto\" height=\"100%\" srcset=\"https:\/\/www.visitcentroamerica.com\/sala-prensa\/wp-content\/uploads\/2022\/06\/Los-pueblos-ladinos.jpg 1200w, https:\/\/www.visitcentroamerica.com\/sala-prensa\/wp-content\/uploads\/2022\/06\/Los-pueblos-ladinos-300x150.jpg 300w, https:\/\/www.visitcentroamerica.com\/sala-prensa\/wp-content\/uploads\/2022\/06\/Los-pueblos-ladinos-1024x512.jpg 1024w, https:\/\/www.visitcentroamerica.com\/sala-prensa\/wp-content\/uploads\/2022\/06\/Los-pueblos-ladinos-768x384.jpg 768w, https:\/\/www.visitcentroamerica.com\/sala-prensa\/wp-content\/uploads\/2022\/06\/Los-pueblos-ladinos-696x348.jpg 696w, https:\/\/www.visitcentroamerica.com\/sala-prensa\/wp-content\/uploads\/2022\/06\/Los-pueblos-ladinos-1068x534.jpg 1068w, https:\/\/www.visitcentroamerica.com\/sala-prensa\/wp-content\/uploads\/2022\/06\/Los-pueblos-ladinos-840x420.jpg 840w, https:\/\/www.visitcentroamerica.com\/sala-prensa\/wp-content\/uploads\/2022\/06\/Los-pueblos-ladinos-500x250.jpg 500w\" sizes=\"(max-width: 1200px) 100vw, 1200px\" \/><\/p>\n<p>\u00bfSabes <strong>d\u00f3nde est\u00e1 la cultura ladina<\/strong>? \u00bfConoces las costumbres de este interesante grupo \u00e9tnico? Para conocer el <strong>origen de la cultura ladina<\/strong> debemos remontarnos a la Guatemala de la \u00e9poca colonial. El t\u00e9rmino ladino hace referencia a las personas mestizas hispanohablantes fruto de la mezcla entre los conquistadores espa\u00f1oles con la poblaci\u00f3n ind\u00edgena.<\/p>\n<h3>\u00bfEn qu\u00e9 consisten los pueblos ladinos en Guatemala?<\/h3>\n<p>Los ladinos son considerados <strong>descendientes directos de pueblos ind\u00edgenas como los mayas<\/strong>, quienes, entre otros pa\u00edses, se ubicaban en<a href=\"https:\/\/inguat.gob.gt\/\" target=\"_blank\" rel=\"noopener\"> Guatemala<\/a>, Honduras o Belice y sus ruinas a\u00fan pueden verse en estos lugares.<\/p>\n<h3>\u00bfEn qu\u00e9 partes o pa\u00edses de Centroam\u00e9rica se pueden encontrar?<\/h3>\n<p>Los <strong>ladinos en Guatemala<\/strong> tienen costumbres que seguro te encantar\u00e1n: danzas, fiestas, gastronom\u00eda y artesan\u00eda. Especial atenci\u00f3n tiene la celebraci\u00f3n de la Semana Santa. Las posadas, la quema del torito o el Festival de la ciudad de Santiago son sus celebraciones m\u00e1s vistosas.<\/p>\n<p>Podr\u00e1s conocer <strong>d\u00f3nde est\u00e1 la cultura ladina <\/strong>en nuestro tour multidestino<a href=\"https:\/\/www.visitcentroamerica.com\/packages\/el-arqueologo\/\" target=\"_blank\" rel=\"noopener\"> El Arque\u00f3logo<\/a>, donde visitar\u00e1s los antiguos yacimientos mayas de Guatemala, Honduras y Belice. Adem\u00e1s, disfrutar\u00e1s de la deliciosa gastronom\u00eda de estos pa\u00edses y de un tour por localidades como Cop\u00e1n, R\u00edo Dulce, Quirigu\u00e1 o Yaxh\u00e1.<\/p>\n<p>Experiencias:<a href=\"https:\/\/www.visitcentroamerica.com\/experiencias\/semana-santa\/\" target=\"_blank\" rel=\"noopener\"> Semana Santa<\/a> y<a href=\"https:\/\/www.visitcentroamerica.com\/experiencias\/fiestas\/\" target=\"_blank\" rel=\"noopener\"> Fiestas<\/a><\/p>\n","protected":false},"excerpt":{"rendered":"<p>\u00bfSabes d\u00f3nde est\u00e1 la cultura ladina? \u00bfConoces las costumbres de este interesante grupo \u00e9tnico? Para conocer el origen de la cultura ladina debemos remontarnos a la Guatemala de la \u00e9poca colonial. El t\u00e9rmino ladino hace referencia a las personas mestizas hispanohablantes fruto de la mezcla entre los conquistadores espa\u00f1oles con la poblaci\u00f3n ind\u00edgena. \u00bfEn qu\u00e9 [&hellip;]<\/p>\n","protected":false},"author":5,"featured_media":13359,"comment_status":"open","ping_status":"closed","sticky":false,"template":"","format":"standard","meta":{"footnotes":""},"categories":[30],"tags":[],"class_list":{"0":"post-13358","1":"post","2":"type-post","3":"status-publish","4":"format-standard","5":"has-post-thumbnail","7":"category-diversidad-cultural"},"yoast_head":"<!-- This site is optimized with the Yoast SEO plugin v27.3 - https:\/\/yoast.com\/product\/yoast-seo-wordpress\/ -->\n<title>\u00bfSabes d\u00f3nde est\u00e1 la cultura ladina? Aprende m\u00e1s en este art\u00edculo<\/title>\n<meta name=\"description\" content=\"\u00bfD\u00f3nde est\u00e1 la cultura ladina? Esta apasionante mezcla de ind\u00edgenas y espa\u00f1oles se ubica en Guatemala y te invita a conocer su diversidad cultural\" \/>\n<meta name=\"robots\" content=\"index, follow, max-snippet:-1, max-image-preview:large, max-video-preview:-1\" \/>\n<link rel=\"canonical\" href=\"https:\/\/www.visitcentroamerica.com\/sala-prensa\/viajar\/diversidad-cultural\/los-pueblos-originarios-ladinos-los-pueblos-indigenas-antes-de-ser-colonizados-en-guatemala\/\" \/>\n<meta property=\"og:locale\" content=\"es_ES\" \/>\n<meta property=\"og:type\" content=\"article\" \/>\n<meta property=\"og:title\" content=\"\u00bfSabes d\u00f3nde est\u00e1 la cultura ladina? Aprende m\u00e1s en este art\u00edculo\" \/>\n<meta property=\"og:description\" content=\"\u00bfD\u00f3nde est\u00e1 la cultura ladina? Esta apasionante mezcla de ind\u00edgenas y espa\u00f1oles se ubica en Guatemala y te invita a conocer su diversidad cultural\" \/>\n<meta property=\"og:url\" content=\"https:\/\/www.visitcentroamerica.com\/sala-prensa\/viajar\/diversidad-cultural\/los-pueblos-originarios-ladinos-los-pueblos-indigenas-antes-de-ser-colonizados-en-guatemala\/\" \/>\n<meta property=\"og:site_name\" content=\"Sala de prensa\" \/>\n<meta property=\"article:published_time\" content=\"2022-06-30T10:00:35+00:00\" \/>\n<meta property=\"og:image\" content=\"https:\/\/www.visitcentroamerica.com\/sala-prensa\/wp-content\/uploads\/2022\/06\/Los-pueblos-ladinos.jpg\" \/>\n\t<meta property=\"og:image:width\" content=\"1200\" \/>\n\t<meta property=\"og:image:height\" content=\"600\" \/>\n\t<meta property=\"og:image:type\" content=\"image\/jpeg\" \/>\n<meta name=\"author\" content=\"Denis Alvarado\" \/>\n<meta name=\"twitter:card\" content=\"summary_large_image\" \/>\n<meta name=\"twitter:label1\" content=\"Escrito por\" \/>\n\t<meta name=\"twitter:data1\" content=\"Denis Alvarado\" \/>\n\t<meta name=\"twitter:label2\" content=\"Tiempo de lectura\" \/>\n\t<meta name=\"twitter:data2\" content=\"2 minutos\" \/>\n<script type=\"application\/ld+json\" class=\"yoast-schema-graph\">{\"@context\":\"https:\\\/\\\/schema.org\",\"@graph\":[{\"@type\":\"Article\",\"@id\":\"https:\\\/\\\/www.visitcentroamerica.com\\\/sala-prensa\\\/viajar\\\/diversidad-cultural\\\/los-pueblos-originarios-ladinos-los-pueblos-indigenas-antes-de-ser-colonizados-en-guatemala\\\/#article\",\"isPartOf\":{\"@id\":\"https:\\\/\\\/www.visitcentroamerica.com\\\/sala-prensa\\\/viajar\\\/diversidad-cultural\\\/los-pueblos-originarios-ladinos-los-pueblos-indigenas-antes-de-ser-colonizados-en-guatemala\\\/\"},\"author\":{\"name\":\"Denis Alvarado\",\"@id\":\"https:\\\/\\\/www.visitcentroamerica.com\\\/sala-prensa\\\/#\\\/schema\\\/person\\\/0aa3bd0dbaabaead6089ee3dd0cd7ae5\"},\"headline\":\"Los pueblos originarios ladinos; los pueblos ind\u00edgenas antes de ser colonizados en Guatemala\",\"datePublished\":\"2022-06-30T10:00:35+00:00\",\"mainEntityOfPage\":{\"@id\":\"https:\\\/\\\/www.visitcentroamerica.com\\\/sala-prensa\\\/viajar\\\/diversidad-cultural\\\/los-pueblos-originarios-ladinos-los-pueblos-indigenas-antes-de-ser-colonizados-en-guatemala\\\/\"},\"wordCount\":237,\"commentCount\":0,\"image\":{\"@id\":\"https:\\\/\\\/www.visitcentroamerica.com\\\/sala-prensa\\\/viajar\\\/diversidad-cultural\\\/los-pueblos-originarios-ladinos-los-pueblos-indigenas-antes-de-ser-colonizados-en-guatemala\\\/#primaryimage\"},\"thumbnailUrl\":\"https:\\\/\\\/www.visitcentroamerica.com\\\/sala-prensa\\\/wp-content\\\/uploads\\\/2022\\\/06\\\/Los-pueblos-ladinos.jpg\",\"articleSection\":[\"Diversidad Cultural\"],\"inLanguage\":\"es\",\"potentialAction\":[{\"@type\":\"CommentAction\",\"name\":\"Comment\",\"target\":[\"https:\\\/\\\/www.visitcentroamerica.com\\\/sala-prensa\\\/viajar\\\/diversidad-cultural\\\/los-pueblos-originarios-ladinos-los-pueblos-indigenas-antes-de-ser-colonizados-en-guatemala\\\/#respond\"]}]},{\"@type\":\"WebPage\",\"@id\":\"https:\\\/\\\/www.visitcentroamerica.com\\\/sala-prensa\\\/viajar\\\/diversidad-cultural\\\/los-pueblos-originarios-ladinos-los-pueblos-indigenas-antes-de-ser-colonizados-en-guatemala\\\/\",\"url\":\"https:\\\/\\\/www.visitcentroamerica.com\\\/sala-prensa\\\/viajar\\\/diversidad-cultural\\\/los-pueblos-originarios-ladinos-los-pueblos-indigenas-antes-de-ser-colonizados-en-guatemala\\\/\",\"name\":\"\u00bfSabes d\u00f3nde est\u00e1 la cultura ladina? Aprende m\u00e1s en este art\u00edculo\",\"isPartOf\":{\"@id\":\"https:\\\/\\\/www.visitcentroamerica.com\\\/sala-prensa\\\/#website\"},\"primaryImageOfPage\":{\"@id\":\"https:\\\/\\\/www.visitcentroamerica.com\\\/sala-prensa\\\/viajar\\\/diversidad-cultural\\\/los-pueblos-originarios-ladinos-los-pueblos-indigenas-antes-de-ser-colonizados-en-guatemala\\\/#primaryimage\"},\"image\":{\"@id\":\"https:\\\/\\\/www.visitcentroamerica.com\\\/sala-prensa\\\/viajar\\\/diversidad-cultural\\\/los-pueblos-originarios-ladinos-los-pueblos-indigenas-antes-de-ser-colonizados-en-guatemala\\\/#primaryimage\"},\"thumbnailUrl\":\"https:\\\/\\\/www.visitcentroamerica.com\\\/sala-prensa\\\/wp-content\\\/uploads\\\/2022\\\/06\\\/Los-pueblos-ladinos.jpg\",\"datePublished\":\"2022-06-30T10:00:35+00:00\",\"author\":{\"@id\":\"https:\\\/\\\/www.visitcentroamerica.com\\\/sala-prensa\\\/#\\\/schema\\\/person\\\/0aa3bd0dbaabaead6089ee3dd0cd7ae5\"},\"description\":\"\u00bfD\u00f3nde est\u00e1 la cultura ladina? Esta apasionante mezcla de ind\u00edgenas y espa\u00f1oles se ubica en Guatemala y te invita a conocer su diversidad cultural\",\"breadcrumb\":{\"@id\":\"https:\\\/\\\/www.visitcentroamerica.com\\\/sala-prensa\\\/viajar\\\/diversidad-cultural\\\/los-pueblos-originarios-ladinos-los-pueblos-indigenas-antes-de-ser-colonizados-en-guatemala\\\/#breadcrumb\"},\"inLanguage\":\"es\",\"potentialAction\":[{\"@type\":\"ReadAction\",\"target\":[\"https:\\\/\\\/www.visitcentroamerica.com\\\/sala-prensa\\\/viajar\\\/diversidad-cultural\\\/los-pueblos-originarios-ladinos-los-pueblos-indigenas-antes-de-ser-colonizados-en-guatemala\\\/\"]}]},{\"@type\":\"ImageObject\",\"inLanguage\":\"es\",\"@id\":\"https:\\\/\\\/www.visitcentroamerica.com\\\/sala-prensa\\\/viajar\\\/diversidad-cultural\\\/los-pueblos-originarios-ladinos-los-pueblos-indigenas-antes-de-ser-colonizados-en-guatemala\\\/#primaryimage\",\"url\":\"https:\\\/\\\/www.visitcentroamerica.com\\\/sala-prensa\\\/wp-content\\\/uploads\\\/2022\\\/06\\\/Los-pueblos-ladinos.jpg\",\"contentUrl\":\"https:\\\/\\\/www.visitcentroamerica.com\\\/sala-prensa\\\/wp-content\\\/uploads\\\/2022\\\/06\\\/Los-pueblos-ladinos.jpg\",\"width\":1200,\"height\":600,\"caption\":\"Los pueblos ladinos\"},{\"@type\":\"BreadcrumbList\",\"@id\":\"https:\\\/\\\/www.visitcentroamerica.com\\\/sala-prensa\\\/viajar\\\/diversidad-cultural\\\/los-pueblos-originarios-ladinos-los-pueblos-indigenas-antes-de-ser-colonizados-en-guatemala\\\/#breadcrumb\",\"itemListElement\":[{\"@type\":\"ListItem\",\"position\":1,\"name\":\"Portada\",\"item\":\"https:\\\/\\\/www.visitcentroamerica.com\\\/sala-prensa\\\/\"},{\"@type\":\"ListItem\",\"position\":2,\"name\":\"Los pueblos originarios ladinos; los pueblos ind\u00edgenas antes de ser colonizados en Guatemala\"}]},{\"@type\":\"WebSite\",\"@id\":\"https:\\\/\\\/www.visitcentroamerica.com\\\/sala-prensa\\\/#website\",\"url\":\"https:\\\/\\\/www.visitcentroamerica.com\\\/sala-prensa\\\/\",\"name\":\"Sala de prensa\",\"description\":\"\",\"potentialAction\":[{\"@type\":\"SearchAction\",\"target\":{\"@type\":\"EntryPoint\",\"urlTemplate\":\"https:\\\/\\\/www.visitcentroamerica.com\\\/sala-prensa\\\/?s={search_term_string}\"},\"query-input\":{\"@type\":\"PropertyValueSpecification\",\"valueRequired\":true,\"valueName\":\"search_term_string\"}}],\"inLanguage\":\"es\"},{\"@type\":\"Person\",\"@id\":\"https:\\\/\\\/www.visitcentroamerica.com\\\/sala-prensa\\\/#\\\/schema\\\/person\\\/0aa3bd0dbaabaead6089ee3dd0cd7ae5\",\"name\":\"Denis Alvarado\",\"image\":{\"@type\":\"ImageObject\",\"inLanguage\":\"es\",\"@id\":\"https:\\\/\\\/secure.gravatar.com\\\/avatar\\\/c31f0697f6edb7c68d5dedc2ccbd548d2a9f73aa293e81c6a1425229ec4c9135?s=96&d=mm&r=g\",\"url\":\"https:\\\/\\\/secure.gravatar.com\\\/avatar\\\/c31f0697f6edb7c68d5dedc2ccbd548d2a9f73aa293e81c6a1425229ec4c9135?s=96&d=mm&r=g\",\"contentUrl\":\"https:\\\/\\\/secure.gravatar.com\\\/avatar\\\/c31f0697f6edb7c68d5dedc2ccbd548d2a9f73aa293e81c6a1425229ec4c9135?s=96&d=mm&r=g\",\"caption\":\"Denis Alvarado\"},\"url\":\"https:\\\/\\\/www.visitcentroamerica.com\\\/sala-prensa\\\/author\\\/denis\\\/\"}]}<\/script>\n<!-- \/ Yoast SEO plugin. -->","yoast_head_json":{"title":"\u00bfSabes d\u00f3nde est\u00e1 la cultura ladina? Aprende m\u00e1s en este art\u00edculo","description":"\u00bfD\u00f3nde est\u00e1 la cultura ladina? Esta apasionante mezcla de ind\u00edgenas y espa\u00f1oles se ubica en Guatemala y te invita a conocer su diversidad cultural","robots":{"index":"index","follow":"follow","max-snippet":"max-snippet:-1","max-image-preview":"max-image-preview:large","max-video-preview":"max-video-preview:-1"},"canonical":"https:\/\/www.visitcentroamerica.com\/sala-prensa\/viajar\/diversidad-cultural\/los-pueblos-originarios-ladinos-los-pueblos-indigenas-antes-de-ser-colonizados-en-guatemala\/","og_locale":"es_ES","og_type":"article","og_title":"\u00bfSabes d\u00f3nde est\u00e1 la cultura ladina? Aprende m\u00e1s en este art\u00edculo","og_description":"\u00bfD\u00f3nde est\u00e1 la cultura ladina? Esta apasionante mezcla de ind\u00edgenas y espa\u00f1oles se ubica en Guatemala y te invita a conocer su diversidad cultural","og_url":"https:\/\/www.visitcentroamerica.com\/sala-prensa\/viajar\/diversidad-cultural\/los-pueblos-originarios-ladinos-los-pueblos-indigenas-antes-de-ser-colonizados-en-guatemala\/","og_site_name":"Sala de prensa","article_published_time":"2022-06-30T10:00:35+00:00","og_image":[{"width":1200,"height":600,"url":"https:\/\/www.visitcentroamerica.com\/sala-prensa\/wp-content\/uploads\/2022\/06\/Los-pueblos-ladinos.jpg","type":"image\/jpeg"}],"author":"Denis Alvarado","twitter_card":"summary_large_image","twitter_misc":{"Escrito por":"Denis Alvarado","Tiempo de lectura":"2 minutos"},"schema":{"@context":"https:\/\/schema.org","@graph":[{"@type":"Article","@id":"https:\/\/www.visitcentroamerica.com\/sala-prensa\/viajar\/diversidad-cultural\/los-pueblos-originarios-ladinos-los-pueblos-indigenas-antes-de-ser-colonizados-en-guatemala\/#article","isPartOf":{"@id":"https:\/\/www.visitcentroamerica.com\/sala-prensa\/viajar\/diversidad-cultural\/los-pueblos-originarios-ladinos-los-pueblos-indigenas-antes-de-ser-colonizados-en-guatemala\/"},"author":{"name":"Denis Alvarado","@id":"https:\/\/www.visitcentroamerica.com\/sala-prensa\/#\/schema\/person\/0aa3bd0dbaabaead6089ee3dd0cd7ae5"},"headline":"Los pueblos originarios ladinos; los pueblos ind\u00edgenas antes de ser colonizados en Guatemala","datePublished":"2022-06-30T10:00:35+00:00","mainEntityOfPage":{"@id":"https:\/\/www.visitcentroamerica.com\/sala-prensa\/viajar\/diversidad-cultural\/los-pueblos-originarios-ladinos-los-pueblos-indigenas-antes-de-ser-colonizados-en-guatemala\/"},"wordCount":237,"commentCount":0,"image":{"@id":"https:\/\/www.visitcentroamerica.com\/sala-prensa\/viajar\/diversidad-cultural\/los-pueblos-originarios-ladinos-los-pueblos-indigenas-antes-de-ser-colonizados-en-guatemala\/#primaryimage"},"thumbnailUrl":"https:\/\/www.visitcentroamerica.com\/sala-prensa\/wp-content\/uploads\/2022\/06\/Los-pueblos-ladinos.jpg","articleSection":["Diversidad Cultural"],"inLanguage":"es","potentialAction":[{"@type":"CommentAction","name":"Comment","target":["https:\/\/www.visitcentroamerica.com\/sala-prensa\/viajar\/diversidad-cultural\/los-pueblos-originarios-ladinos-los-pueblos-indigenas-antes-de-ser-colonizados-en-guatemala\/#respond"]}]},{"@type":"WebPage","@id":"https:\/\/www.visitcentroamerica.com\/sala-prensa\/viajar\/diversidad-cultural\/los-pueblos-originarios-ladinos-los-pueblos-indigenas-antes-de-ser-colonizados-en-guatemala\/","url":"https:\/\/www.visitcentroamerica.com\/sala-prensa\/viajar\/diversidad-cultural\/los-pueblos-originarios-ladinos-los-pueblos-indigenas-antes-de-ser-colonizados-en-guatemala\/","name":"\u00bfSabes d\u00f3nde est\u00e1 la cultura ladina? Aprende m\u00e1s en este art\u00edculo","isPartOf":{"@id":"https:\/\/www.visitcentroamerica.com\/sala-prensa\/#website"},"primaryImageOfPage":{"@id":"https:\/\/www.visitcentroamerica.com\/sala-prensa\/viajar\/diversidad-cultural\/los-pueblos-originarios-ladinos-los-pueblos-indigenas-antes-de-ser-colonizados-en-guatemala\/#primaryimage"},"image":{"@id":"https:\/\/www.visitcentroamerica.com\/sala-prensa\/viajar\/diversidad-cultural\/los-pueblos-originarios-ladinos-los-pueblos-indigenas-antes-de-ser-colonizados-en-guatemala\/#primaryimage"},"thumbnailUrl":"https:\/\/www.visitcentroamerica.com\/sala-prensa\/wp-content\/uploads\/2022\/06\/Los-pueblos-ladinos.jpg","datePublished":"2022-06-30T10:00:35+00:00","author":{"@id":"https:\/\/www.visitcentroamerica.com\/sala-prensa\/#\/schema\/person\/0aa3bd0dbaabaead6089ee3dd0cd7ae5"},"description":"\u00bfD\u00f3nde est\u00e1 la cultura ladina? Esta apasionante mezcla de ind\u00edgenas y espa\u00f1oles se ubica en Guatemala y te invita a conocer su diversidad cultural","breadcrumb":{"@id":"https:\/\/www.visitcentroamerica.com\/sala-prensa\/viajar\/diversidad-cultural\/los-pueblos-originarios-ladinos-los-pueblos-indigenas-antes-de-ser-colonizados-en-guatemala\/#breadcrumb"},"inLanguage":"es","potentialAction":[{"@type":"ReadAction","target":["https:\/\/www.visitcentroamerica.com\/sala-prensa\/viajar\/diversidad-cultural\/los-pueblos-originarios-ladinos-los-pueblos-indigenas-antes-de-ser-colonizados-en-guatemala\/"]}]},{"@type":"ImageObject","inLanguage":"es","@id":"https:\/\/www.visitcentroamerica.com\/sala-prensa\/viajar\/diversidad-cultural\/los-pueblos-originarios-ladinos-los-pueblos-indigenas-antes-de-ser-colonizados-en-guatemala\/#primaryimage","url":"https:\/\/www.visitcentroamerica.com\/sala-prensa\/wp-content\/uploads\/2022\/06\/Los-pueblos-ladinos.jpg","contentUrl":"https:\/\/www.visitcentroamerica.com\/sala-prensa\/wp-content\/uploads\/2022\/06\/Los-pueblos-ladinos.jpg","width":1200,"height":600,"caption":"Los pueblos ladinos"},{"@type":"BreadcrumbList","@id":"https:\/\/www.visitcentroamerica.com\/sala-prensa\/viajar\/diversidad-cultural\/los-pueblos-originarios-ladinos-los-pueblos-indigenas-antes-de-ser-colonizados-en-guatemala\/#breadcrumb","itemListElement":[{"@type":"ListItem","position":1,"name":"Portada","item":"https:\/\/www.visitcentroamerica.com\/sala-prensa\/"},{"@type":"ListItem","position":2,"name":"Los pueblos originarios ladinos; los pueblos ind\u00edgenas antes de ser colonizados en Guatemala"}]},{"@type":"WebSite","@id":"https:\/\/www.visitcentroamerica.com\/sala-prensa\/#website","url":"https:\/\/www.visitcentroamerica.com\/sala-prensa\/","name":"Sala de prensa","description":"","potentialAction":[{"@type":"SearchAction","target":{"@type":"EntryPoint","urlTemplate":"https:\/\/www.visitcentroamerica.com\/sala-prensa\/?s={search_term_string}"},"query-input":{"@type":"PropertyValueSpecification","valueRequired":true,"valueName":"search_term_string"}}],"inLanguage":"es"},{"@type":"Person","@id":"https:\/\/www.visitcentroamerica.com\/sala-prensa\/#\/schema\/person\/0aa3bd0dbaabaead6089ee3dd0cd7ae5","name":"Denis Alvarado","image":{"@type":"ImageObject","inLanguage":"es","@id":"https:\/\/secure.gravatar.com\/avatar\/c31f0697f6edb7c68d5dedc2ccbd548d2a9f73aa293e81c6a1425229ec4c9135?s=96&d=mm&r=g","url":"https:\/\/secure.gravatar.com\/avatar\/c31f0697f6edb7c68d5dedc2ccbd548d2a9f73aa293e81c6a1425229ec4c9135?s=96&d=mm&r=g","contentUrl":"https:\/\/secure.gravatar.com\/avatar\/c31f0697f6edb7c68d5dedc2ccbd548d2a9f73aa293e81c6a1425229ec4c9135?s=96&d=mm&r=g","caption":"Denis Alvarado"},"url":"https:\/\/www.visitcentroamerica.com\/sala-prensa\/author\/denis\/"}]}},"_links":{"self":[{"href":"https:\/\/www.visitcentroamerica.com\/sala-prensa\/wp-json\/wp\/v2\/posts\/13358","targetHints":{"allow":["GET"]}}],"collection":[{"href":"https:\/\/www.visitcentroamerica.com\/sala-prensa\/wp-json\/wp\/v2\/posts"}],"about":[{"href":"https:\/\/www.visitcentroamerica.com\/sala-prensa\/wp-json\/wp\/v2\/types\/post"}],"author":[{"embeddable":true,"href":"https:\/\/www.visitcentroamerica.com\/sala-prensa\/wp-json\/wp\/v2\/users\/5"}],"replies":[{"embeddable":true,"href":"https:\/\/www.visitcentroamerica.com\/sala-prensa\/wp-json\/wp\/v2\/comments?post=13358"}],"version-history":[{"count":3,"href":"https:\/\/www.visitcentroamerica.com\/sala-prensa\/wp-json\/wp\/v2\/posts\/13358\/revisions"}],"predecessor-version":[{"id":13367,"href":"https:\/\/www.visitcentroamerica.com\/sala-prensa\/wp-json\/wp\/v2\/posts\/13358\/revisions\/13367"}],"wp:featuredmedia":[{"embeddable":true,"href":"https:\/\/www.visitcentroamerica.com\/sala-prensa\/wp-json\/wp\/v2\/media\/13359"}],"wp:attachment":[{"href":"https:\/\/www.visitcentroamerica.com\/sala-prensa\/wp-json\/wp\/v2\/media?parent=13358"}],"wp:term":[{"taxonomy":"category","embeddable":true,"href":"https:\/\/www.visitcentroamerica.com\/sala-prensa\/wp-json\/wp\/v2\/categories?post=13358"},{"taxonomy":"post_tag","embeddable":true,"href":"https:\/\/www.visitcentroamerica.com\/sala-prensa\/wp-json\/wp\/v2\/tags?post=13358"}],"curies":[{"name":"wp","href":"https:\/\/api.w.org\/{rel}","templated":true}]}}