{"id":13110,"date":"2022-03-08T07:07:32","date_gmt":"2022-03-08T07:07:32","guid":{"rendered":"https:\/\/www.visitcentroamerica.com\/sala-prensa\/?p=13110"},"modified":"2022-03-08T07:47:07","modified_gmt":"2022-03-08T07:47:07","slug":"el-mundo-maya-vestigios-de-una-impresionante-cultura-viva","status":"publish","type":"post","link":"https:\/\/www.visitcentroamerica.com\/sala-prensa\/actualidad\/el-mundo-maya-vestigios-de-una-impresionante-cultura-viva\/","title":{"rendered":"El Mundo Maya  Vestigios de una Impresionante Cultura Viva"},"content":{"rendered":"<div class=\"wpb-content-wrapper\"><div id=\"tdi_1\" class=\"tdc-row\"><div class=\"vc_row tdi_2  wpb_row td-pb-row\" >\n<style scoped>\n\/* custom css - generated by TagDiv Composer *\/\n\n\/* custom css - generated by TagDiv Composer *\/\n.tdi_2,\r\n                .tdi_2 .tdc-columns{\r\n                    min-height: 0;\r\n                }.tdi_2,\r\n\t\t\t\t.tdi_2 .tdc-columns{\r\n\t\t\t\t    display: block;\r\n\t\t\t\t}.tdi_2 .tdc-columns{\r\n\t\t\t\t    width: 100%;\r\n\t\t\t\t}.tdi_2:before,\r\n\t\t\t\t.tdi_2:after{\r\n\t\t\t\t    display: table;\r\n\t\t\t\t}\n<\/style><div class=\"vc_column tdi_4  wpb_column vc_column_container tdc-column td-pb-span12\">\n<style scoped>\n\/* custom css - generated by TagDiv Composer *\/\n\n\/* custom css - generated by TagDiv Composer *\/\n.tdi_4{\r\n                    vertical-align: baseline;\r\n                }.tdi_4 > .wpb_wrapper,\r\n\t\t\t\t.tdi_4 > .wpb_wrapper > .tdc-elements{\r\n\t\t\t\t    display: block;\r\n\t\t\t\t}.tdi_4 > .wpb_wrapper > .tdc-elements{\r\n\t\t\t\t    width: 100%;\r\n\t\t\t\t}.tdi_4 > .wpb_wrapper > .vc_row_inner{\r\n\t\t\t\t    width: auto;\r\n\t\t\t\t}.tdi_4 > .wpb_wrapper{\r\n\t\t\t\t    width: auto;\r\n\t\t\t\t    height: auto;\r\n\t\t\t\t}\n<\/style><div class=\"wpb_wrapper\" >[vc_column_text]<img decoding=\"async\" class=\"alignnone size-full wp-image-13126\" src=\"https:\/\/www.visitcentroamerica.com\/sala-prensa\/wp-content\/uploads\/2022\/03\/maya.png\" alt=\"panoramica de Chich\u00e9n Itz\u00e1, M\u00e9rida, Mexico\" width=\"auto\" height=\"full\" srcset=\"https:\/\/www.visitcentroamerica.com\/sala-prensa\/wp-content\/uploads\/2022\/03\/maya.png 1200w, https:\/\/www.visitcentroamerica.com\/sala-prensa\/wp-content\/uploads\/2022\/03\/maya-300x150.png 300w, https:\/\/www.visitcentroamerica.com\/sala-prensa\/wp-content\/uploads\/2022\/03\/maya-1024x512.png 1024w, https:\/\/www.visitcentroamerica.com\/sala-prensa\/wp-content\/uploads\/2022\/03\/maya-768x384.png 768w, https:\/\/www.visitcentroamerica.com\/sala-prensa\/wp-content\/uploads\/2022\/03\/maya-696x348.png 696w, https:\/\/www.visitcentroamerica.com\/sala-prensa\/wp-content\/uploads\/2022\/03\/maya-1068x534.png 1068w, https:\/\/www.visitcentroamerica.com\/sala-prensa\/wp-content\/uploads\/2022\/03\/maya-840x420.png 840w, https:\/\/www.visitcentroamerica.com\/sala-prensa\/wp-content\/uploads\/2022\/03\/maya-500x250.png 500w\" sizes=\"(max-width: 1200px) 100vw, 1200px\" \/><\/p>\n<p>Siendo una regi\u00f3n rica en cultura y tradici\u00f3n, el Mundo Maya brinda a los visitantes la oportunidad de recrearse en una diversidad de segmentos tur\u00edsticos, por mencionar algunos el Agroturismo, Turismo de Salud, Observaci\u00f3n de Aves, el Turismo Comunitario; as\u00ed como realizar actividades como el surf, motocross, parapente y muchos otros deportes extremos.<\/p>\n<p>El Mundo Maya es una de las regiones que los turistas de cualquier parte del mundo deben conocer, pues la herencia de la asombrosa Civilizaci\u00f3n Maya ha sido valiosa para las generaciones actuales y lo ser\u00e1 para las futuras, la exactitud de sus c\u00e1lculos matem\u00e1ticos, la perfecci\u00f3n de las construcciones, la complejidad del calendario tan preciso que permiti\u00f3 prever eclipses solares y lunares con sorprendente visibilidad en sitios arqueol\u00f3gicos durante diferentes \u00e9pocas del a\u00f1o, son prueba de lo maravilloso que resulta adentrarse en esta cultura.<\/p>\n<p>En los 500,000 Kms2 de extensi\u00f3n territorial, la regi\u00f3n del Mundo Maya conserva su pluriculturalidad con gran diversidad de tradiciones, costumbres, etnias ind\u00edgenas, tanto como mestizos y ladinos que practican diversidad de idiomas adem\u00e1s del espa\u00f1ol e ingl\u00e9s. Tambi\u00e9n se utiliza gran variedad de vestimentas ind\u00edgenas, excelentes instrumentos aut\u00f3ctonos y en el interior de cada estado a\u00fan puede observarse la arquitectura vern\u00e1cula que enriquece la experiencia de los turistas al visitar cada una de las comunidades que les atienden con la calidez y hospitalidad propias de cada localidad.<\/p>\n<p>Los mayas manten\u00edan creencias polite\u00edstas y algunos dioses ten\u00edan gran importancia como Chaac, Dios de la Lluvia; Yum Kaax, Dios del Ma\u00edz, tanto como para observar que en la actualidad algunas comunidades a\u00fan realizan ceremonias y ritos mayas que impresionan a los visitantes.<\/p>\n<p>La regi\u00f3n del Mundo Maya alberga m\u00e1s de 300 parques nacionales y reservas naturales; el mayor arrecife coralino en el hemisferio occidental, as\u00ed como la Reserva de la Barrera de Arrecifes en Belice que ha sido declarado patrimonio de la humanidad por<\/p>\n<p>la UNESCO, al igual que muchos sitios arqueol\u00f3gicos, como el caso de Joyas de Cer\u00e9n, ubicado en El Salvador, llamado tambi\u00e9n La Pompeya de Am\u00e9rica, el parque nacional Tikal, en Guatemala; Cop\u00e1n en Honduras, llamado el Atenas del Mundo Maya, o la Zona Arqueol\u00f3gica de Chich\u00e9n Itz\u00e1, en Yucat\u00e1n, M\u00e9xico, por mencionar algunos, los cuales son testigos de la actividad cotidiana de una de las civilizaciones m\u00e1s impresionantes y que ha legado al mundo valiosos conocimientos en la matem\u00e1tica, la arquitectura, la agricultura y la astronom\u00eda entre otros.<\/p>\n<p>\u00a1Su pr\u00f3xima visita debe ser la sorprendente regi\u00f3n del Mundo Maya![\/vc_column_text]<\/div><\/div><\/div><\/div><div id=\"tdi_5\" class=\"tdc-row\"><div class=\"vc_row tdi_6  wpb_row td-pb-row\" >\n<style scoped>\n\/* custom css - generated by TagDiv Composer *\/\n\n\/* custom css - generated by TagDiv Composer *\/\n.tdi_6,\r\n                .tdi_6 .tdc-columns{\r\n                    min-height: 0;\r\n                }.tdi_6,\r\n\t\t\t\t.tdi_6 .tdc-columns{\r\n\t\t\t\t    display: block;\r\n\t\t\t\t}.tdi_6 .tdc-columns{\r\n\t\t\t\t    width: 100%;\r\n\t\t\t\t}.tdi_6:before,\r\n\t\t\t\t.tdi_6:after{\r\n\t\t\t\t    display: table;\r\n\t\t\t\t}\n<\/style><div class=\"vc_column tdi_8  wpb_column vc_column_container tdc-column td-pb-span12\">\n<style scoped>\n\/* custom css - generated by TagDiv Composer *\/\n\n\/* custom css - generated by TagDiv Composer *\/\n.tdi_8{\r\n                    vertical-align: baseline;\r\n                }.tdi_8 > .wpb_wrapper,\r\n\t\t\t\t.tdi_8 > .wpb_wrapper > .tdc-elements{\r\n\t\t\t\t    display: block;\r\n\t\t\t\t}.tdi_8 > .wpb_wrapper > .tdc-elements{\r\n\t\t\t\t    width: 100%;\r\n\t\t\t\t}.tdi_8 > .wpb_wrapper > .vc_row_inner{\r\n\t\t\t\t    width: auto;\r\n\t\t\t\t}.tdi_8 > .wpb_wrapper{\r\n\t\t\t\t    width: auto;\r\n\t\t\t\t    height: auto;\r\n\t\t\t\t}\n<\/style><div class=\"wpb_wrapper\" >[vc_gallery type=\u00bbimage_grid\u00bb images=\u00bb13119,13117,13115,13113,13111&#8243; img_size=\u00bbmedium\u00bb]<\/div><\/div><\/div><\/div><div id=\"tdi_9\" class=\"tdc-row\"><div class=\"vc_row tdi_10  wpb_row td-pb-row\" >\n<style scoped>\n\/* custom css - generated by TagDiv Composer *\/\n\n\/* custom css - generated by TagDiv Composer *\/\n.tdi_10,\r\n                .tdi_10 .tdc-columns{\r\n                    min-height: 0;\r\n                }.tdi_10,\r\n\t\t\t\t.tdi_10 .tdc-columns{\r\n\t\t\t\t    display: block;\r\n\t\t\t\t}.tdi_10 .tdc-columns{\r\n\t\t\t\t    width: 100%;\r\n\t\t\t\t}.tdi_10:before,\r\n\t\t\t\t.tdi_10:after{\r\n\t\t\t\t    display: table;\r\n\t\t\t\t}\n<\/style><div class=\"vc_column tdi_12  wpb_column vc_column_container tdc-column td-pb-span12\">\n<style scoped>\n\/* custom css - generated by TagDiv Composer *\/\n\n\/* custom css - generated by TagDiv Composer *\/\n.tdi_12{\r\n                    vertical-align: baseline;\r\n                }.tdi_12 > .wpb_wrapper,\r\n\t\t\t\t.tdi_12 > .wpb_wrapper > .tdc-elements{\r\n\t\t\t\t    display: block;\r\n\t\t\t\t}.tdi_12 > .wpb_wrapper > .tdc-elements{\r\n\t\t\t\t    width: 100%;\r\n\t\t\t\t}.tdi_12 > .wpb_wrapper > .vc_row_inner{\r\n\t\t\t\t    width: auto;\r\n\t\t\t\t}.tdi_12 > .wpb_wrapper{\r\n\t\t\t\t    width: auto;\r\n\t\t\t\t    height: auto;\r\n\t\t\t\t}\n<\/style><div class=\"wpb_wrapper\" >[vc_column_text]Si quieres saber m\u00e1s sobre Mundo Maya, entra en su web: <a href=\"https:\/\/gomundomaya.com\/\" target=\"_blank\" rel=\"noopener\">https:\/\/gomundomaya.com\/<\/a><br \/>\nY si quieres seguir descubriendo toda Centroam\u00e9rica, entra en nuestra web: <a href=\"https:\/\/www.visitcentroamerica.com\/\">https:\/\/www.visitcentroamerica.com\/<\/a>[\/vc_column_text]<\/div><\/div><\/div><\/div>\n<\/div>","protected":false},"excerpt":{"rendered":"[vc_column_text] Siendo una regi\u00f3n rica en cultura y tradici\u00f3n, el Mundo Maya brinda a los visitantes la oportunidad de recrearse en una diversidad de segmentos tur\u00edsticos, por mencionar algunos el Agroturismo, Turismo de Salud, Observaci\u00f3n de Aves, el Turismo Comunitario; as\u00ed como realizar actividades como el surf, motocross, parapente y muchos otros deportes extremos. El [...]","protected":false},"author":5,"featured_media":13126,"comment_status":"open","ping_status":"closed","sticky":false,"template":"","format":"standard","meta":{"footnotes":""},"categories":[3],"tags":[],"class_list":{"0":"post-13110","1":"post","2":"type-post","3":"status-publish","4":"format-standard","5":"has-post-thumbnail","7":"category-actualidad"},"yoast_head":"<!-- This site is optimized with the Yoast SEO plugin v27.3 - https:\/\/yoast.com\/product\/yoast-seo-wordpress\/ -->\n<title>Descubre Mundo Maya. Noticias en VisitCentroam\u00e9rica<\/title>\n<meta name=\"description\" content=\"El Mundo Maya es un destino indispensable para aventureros, pues es la herencia de la asombrosa Civilizaci\u00f3n Maya\" \/>\n<meta name=\"robots\" content=\"index, follow, max-snippet:-1, max-image-preview:large, max-video-preview:-1\" \/>\n<link rel=\"canonical\" href=\"https:\/\/www.visitcentroamerica.com\/sala-prensa\/actualidad\/el-mundo-maya-vestigios-de-una-impresionante-cultura-viva\/\" \/>\n<meta property=\"og:locale\" content=\"es_ES\" \/>\n<meta property=\"og:type\" content=\"article\" \/>\n<meta property=\"og:title\" content=\"Descubre Mundo Maya. Noticias en VisitCentroam\u00e9rica\" \/>\n<meta property=\"og:description\" content=\"El Mundo Maya es un destino indispensable para aventureros, pues es la herencia de la asombrosa Civilizaci\u00f3n Maya\" \/>\n<meta property=\"og:url\" content=\"https:\/\/www.visitcentroamerica.com\/sala-prensa\/actualidad\/el-mundo-maya-vestigios-de-una-impresionante-cultura-viva\/\" \/>\n<meta property=\"og:site_name\" content=\"Sala de prensa\" \/>\n<meta property=\"article:published_time\" content=\"2022-03-08T07:07:32+00:00\" \/>\n<meta property=\"article:modified_time\" content=\"2022-03-08T07:47:07+00:00\" \/>\n<meta property=\"og:image\" content=\"https:\/\/www.visitcentroamerica.com\/sala-prensa\/wp-content\/uploads\/2022\/03\/maya.png\" \/>\n\t<meta property=\"og:image:width\" content=\"1200\" \/>\n\t<meta property=\"og:image:height\" content=\"600\" \/>\n\t<meta property=\"og:image:type\" content=\"image\/png\" \/>\n<meta name=\"author\" content=\"Denis Alvarado\" \/>\n<meta name=\"twitter:card\" content=\"summary_large_image\" \/>\n<meta name=\"twitter:label1\" content=\"Escrito por\" \/>\n\t<meta name=\"twitter:data1\" content=\"Denis Alvarado\" \/>\n\t<meta name=\"twitter:label2\" content=\"Tiempo de lectura\" \/>\n\t<meta name=\"twitter:data2\" content=\"3 minutos\" \/>\n<script type=\"application\/ld+json\" class=\"yoast-schema-graph\">{\"@context\":\"https:\\\/\\\/schema.org\",\"@graph\":[{\"@type\":\"Article\",\"@id\":\"https:\\\/\\\/www.visitcentroamerica.com\\\/sala-prensa\\\/actualidad\\\/el-mundo-maya-vestigios-de-una-impresionante-cultura-viva\\\/#article\",\"isPartOf\":{\"@id\":\"https:\\\/\\\/www.visitcentroamerica.com\\\/sala-prensa\\\/actualidad\\\/el-mundo-maya-vestigios-de-una-impresionante-cultura-viva\\\/\"},\"author\":{\"name\":\"Denis Alvarado\",\"@id\":\"https:\\\/\\\/www.visitcentroamerica.com\\\/sala-prensa\\\/#\\\/schema\\\/person\\\/0aa3bd0dbaabaead6089ee3dd0cd7ae5\"},\"headline\":\"El Mundo Maya Vestigios de una Impresionante Cultura Viva\",\"datePublished\":\"2022-03-08T07:07:32+00:00\",\"dateModified\":\"2022-03-08T07:47:07+00:00\",\"mainEntityOfPage\":{\"@id\":\"https:\\\/\\\/www.visitcentroamerica.com\\\/sala-prensa\\\/actualidad\\\/el-mundo-maya-vestigios-de-una-impresionante-cultura-viva\\\/\"},\"wordCount\":535,\"commentCount\":0,\"image\":{\"@id\":\"https:\\\/\\\/www.visitcentroamerica.com\\\/sala-prensa\\\/actualidad\\\/el-mundo-maya-vestigios-de-una-impresionante-cultura-viva\\\/#primaryimage\"},\"thumbnailUrl\":\"https:\\\/\\\/www.visitcentroamerica.com\\\/sala-prensa\\\/wp-content\\\/uploads\\\/2022\\\/03\\\/maya.png\",\"articleSection\":[\"Actualidad\"],\"inLanguage\":\"es\",\"potentialAction\":[{\"@type\":\"CommentAction\",\"name\":\"Comment\",\"target\":[\"https:\\\/\\\/www.visitcentroamerica.com\\\/sala-prensa\\\/actualidad\\\/el-mundo-maya-vestigios-de-una-impresionante-cultura-viva\\\/#respond\"]}]},{\"@type\":\"WebPage\",\"@id\":\"https:\\\/\\\/www.visitcentroamerica.com\\\/sala-prensa\\\/actualidad\\\/el-mundo-maya-vestigios-de-una-impresionante-cultura-viva\\\/\",\"url\":\"https:\\\/\\\/www.visitcentroamerica.com\\\/sala-prensa\\\/actualidad\\\/el-mundo-maya-vestigios-de-una-impresionante-cultura-viva\\\/\",\"name\":\"Descubre Mundo Maya. Noticias en VisitCentroam\u00e9rica\",\"isPartOf\":{\"@id\":\"https:\\\/\\\/www.visitcentroamerica.com\\\/sala-prensa\\\/#website\"},\"primaryImageOfPage\":{\"@id\":\"https:\\\/\\\/www.visitcentroamerica.com\\\/sala-prensa\\\/actualidad\\\/el-mundo-maya-vestigios-de-una-impresionante-cultura-viva\\\/#primaryimage\"},\"image\":{\"@id\":\"https:\\\/\\\/www.visitcentroamerica.com\\\/sala-prensa\\\/actualidad\\\/el-mundo-maya-vestigios-de-una-impresionante-cultura-viva\\\/#primaryimage\"},\"thumbnailUrl\":\"https:\\\/\\\/www.visitcentroamerica.com\\\/sala-prensa\\\/wp-content\\\/uploads\\\/2022\\\/03\\\/maya.png\",\"datePublished\":\"2022-03-08T07:07:32+00:00\",\"dateModified\":\"2022-03-08T07:47:07+00:00\",\"author\":{\"@id\":\"https:\\\/\\\/www.visitcentroamerica.com\\\/sala-prensa\\\/#\\\/schema\\\/person\\\/0aa3bd0dbaabaead6089ee3dd0cd7ae5\"},\"description\":\"El Mundo Maya es un destino indispensable para aventureros, pues es la herencia de la asombrosa Civilizaci\u00f3n Maya\",\"breadcrumb\":{\"@id\":\"https:\\\/\\\/www.visitcentroamerica.com\\\/sala-prensa\\\/actualidad\\\/el-mundo-maya-vestigios-de-una-impresionante-cultura-viva\\\/#breadcrumb\"},\"inLanguage\":\"es\",\"potentialAction\":[{\"@type\":\"ReadAction\",\"target\":[\"https:\\\/\\\/www.visitcentroamerica.com\\\/sala-prensa\\\/actualidad\\\/el-mundo-maya-vestigios-de-una-impresionante-cultura-viva\\\/\"]}]},{\"@type\":\"ImageObject\",\"inLanguage\":\"es\",\"@id\":\"https:\\\/\\\/www.visitcentroamerica.com\\\/sala-prensa\\\/actualidad\\\/el-mundo-maya-vestigios-de-una-impresionante-cultura-viva\\\/#primaryimage\",\"url\":\"https:\\\/\\\/www.visitcentroamerica.com\\\/sala-prensa\\\/wp-content\\\/uploads\\\/2022\\\/03\\\/maya.png\",\"contentUrl\":\"https:\\\/\\\/www.visitcentroamerica.com\\\/sala-prensa\\\/wp-content\\\/uploads\\\/2022\\\/03\\\/maya.png\",\"width\":1200,\"height\":600,\"caption\":\"panoramica de Chich\u00e9n Itz\u00e1, M\u00e9rida, Mexico\"},{\"@type\":\"BreadcrumbList\",\"@id\":\"https:\\\/\\\/www.visitcentroamerica.com\\\/sala-prensa\\\/actualidad\\\/el-mundo-maya-vestigios-de-una-impresionante-cultura-viva\\\/#breadcrumb\",\"itemListElement\":[{\"@type\":\"ListItem\",\"position\":1,\"name\":\"Portada\",\"item\":\"https:\\\/\\\/www.visitcentroamerica.com\\\/sala-prensa\\\/\"},{\"@type\":\"ListItem\",\"position\":2,\"name\":\"El Mundo Maya Vestigios de una Impresionante Cultura Viva\"}]},{\"@type\":\"WebSite\",\"@id\":\"https:\\\/\\\/www.visitcentroamerica.com\\\/sala-prensa\\\/#website\",\"url\":\"https:\\\/\\\/www.visitcentroamerica.com\\\/sala-prensa\\\/\",\"name\":\"Sala de prensa\",\"description\":\"\",\"potentialAction\":[{\"@type\":\"SearchAction\",\"target\":{\"@type\":\"EntryPoint\",\"urlTemplate\":\"https:\\\/\\\/www.visitcentroamerica.com\\\/sala-prensa\\\/?s={search_term_string}\"},\"query-input\":{\"@type\":\"PropertyValueSpecification\",\"valueRequired\":true,\"valueName\":\"search_term_string\"}}],\"inLanguage\":\"es\"},{\"@type\":\"Person\",\"@id\":\"https:\\\/\\\/www.visitcentroamerica.com\\\/sala-prensa\\\/#\\\/schema\\\/person\\\/0aa3bd0dbaabaead6089ee3dd0cd7ae5\",\"name\":\"Denis Alvarado\",\"image\":{\"@type\":\"ImageObject\",\"inLanguage\":\"es\",\"@id\":\"https:\\\/\\\/secure.gravatar.com\\\/avatar\\\/c31f0697f6edb7c68d5dedc2ccbd548d2a9f73aa293e81c6a1425229ec4c9135?s=96&d=mm&r=g\",\"url\":\"https:\\\/\\\/secure.gravatar.com\\\/avatar\\\/c31f0697f6edb7c68d5dedc2ccbd548d2a9f73aa293e81c6a1425229ec4c9135?s=96&d=mm&r=g\",\"contentUrl\":\"https:\\\/\\\/secure.gravatar.com\\\/avatar\\\/c31f0697f6edb7c68d5dedc2ccbd548d2a9f73aa293e81c6a1425229ec4c9135?s=96&d=mm&r=g\",\"caption\":\"Denis Alvarado\"},\"url\":\"https:\\\/\\\/www.visitcentroamerica.com\\\/sala-prensa\\\/author\\\/denis\\\/\"}]}<\/script>\n<!-- \/ Yoast SEO plugin. -->","yoast_head_json":{"title":"Descubre Mundo Maya. Noticias en VisitCentroam\u00e9rica","description":"El Mundo Maya es un destino indispensable para aventureros, pues es la herencia de la asombrosa Civilizaci\u00f3n Maya","robots":{"index":"index","follow":"follow","max-snippet":"max-snippet:-1","max-image-preview":"max-image-preview:large","max-video-preview":"max-video-preview:-1"},"canonical":"https:\/\/www.visitcentroamerica.com\/sala-prensa\/actualidad\/el-mundo-maya-vestigios-de-una-impresionante-cultura-viva\/","og_locale":"es_ES","og_type":"article","og_title":"Descubre Mundo Maya. Noticias en VisitCentroam\u00e9rica","og_description":"El Mundo Maya es un destino indispensable para aventureros, pues es la herencia de la asombrosa Civilizaci\u00f3n Maya","og_url":"https:\/\/www.visitcentroamerica.com\/sala-prensa\/actualidad\/el-mundo-maya-vestigios-de-una-impresionante-cultura-viva\/","og_site_name":"Sala de prensa","article_published_time":"2022-03-08T07:07:32+00:00","article_modified_time":"2022-03-08T07:47:07+00:00","og_image":[{"width":1200,"height":600,"url":"https:\/\/www.visitcentroamerica.com\/sala-prensa\/wp-content\/uploads\/2022\/03\/maya.png","type":"image\/png"}],"author":"Denis Alvarado","twitter_card":"summary_large_image","twitter_misc":{"Escrito por":"Denis Alvarado","Tiempo de lectura":"3 minutos"},"schema":{"@context":"https:\/\/schema.org","@graph":[{"@type":"Article","@id":"https:\/\/www.visitcentroamerica.com\/sala-prensa\/actualidad\/el-mundo-maya-vestigios-de-una-impresionante-cultura-viva\/#article","isPartOf":{"@id":"https:\/\/www.visitcentroamerica.com\/sala-prensa\/actualidad\/el-mundo-maya-vestigios-de-una-impresionante-cultura-viva\/"},"author":{"name":"Denis Alvarado","@id":"https:\/\/www.visitcentroamerica.com\/sala-prensa\/#\/schema\/person\/0aa3bd0dbaabaead6089ee3dd0cd7ae5"},"headline":"El Mundo Maya Vestigios de una Impresionante Cultura Viva","datePublished":"2022-03-08T07:07:32+00:00","dateModified":"2022-03-08T07:47:07+00:00","mainEntityOfPage":{"@id":"https:\/\/www.visitcentroamerica.com\/sala-prensa\/actualidad\/el-mundo-maya-vestigios-de-una-impresionante-cultura-viva\/"},"wordCount":535,"commentCount":0,"image":{"@id":"https:\/\/www.visitcentroamerica.com\/sala-prensa\/actualidad\/el-mundo-maya-vestigios-de-una-impresionante-cultura-viva\/#primaryimage"},"thumbnailUrl":"https:\/\/www.visitcentroamerica.com\/sala-prensa\/wp-content\/uploads\/2022\/03\/maya.png","articleSection":["Actualidad"],"inLanguage":"es","potentialAction":[{"@type":"CommentAction","name":"Comment","target":["https:\/\/www.visitcentroamerica.com\/sala-prensa\/actualidad\/el-mundo-maya-vestigios-de-una-impresionante-cultura-viva\/#respond"]}]},{"@type":"WebPage","@id":"https:\/\/www.visitcentroamerica.com\/sala-prensa\/actualidad\/el-mundo-maya-vestigios-de-una-impresionante-cultura-viva\/","url":"https:\/\/www.visitcentroamerica.com\/sala-prensa\/actualidad\/el-mundo-maya-vestigios-de-una-impresionante-cultura-viva\/","name":"Descubre Mundo Maya. Noticias en VisitCentroam\u00e9rica","isPartOf":{"@id":"https:\/\/www.visitcentroamerica.com\/sala-prensa\/#website"},"primaryImageOfPage":{"@id":"https:\/\/www.visitcentroamerica.com\/sala-prensa\/actualidad\/el-mundo-maya-vestigios-de-una-impresionante-cultura-viva\/#primaryimage"},"image":{"@id":"https:\/\/www.visitcentroamerica.com\/sala-prensa\/actualidad\/el-mundo-maya-vestigios-de-una-impresionante-cultura-viva\/#primaryimage"},"thumbnailUrl":"https:\/\/www.visitcentroamerica.com\/sala-prensa\/wp-content\/uploads\/2022\/03\/maya.png","datePublished":"2022-03-08T07:07:32+00:00","dateModified":"2022-03-08T07:47:07+00:00","author":{"@id":"https:\/\/www.visitcentroamerica.com\/sala-prensa\/#\/schema\/person\/0aa3bd0dbaabaead6089ee3dd0cd7ae5"},"description":"El Mundo Maya es un destino indispensable para aventureros, pues es la herencia de la asombrosa Civilizaci\u00f3n Maya","breadcrumb":{"@id":"https:\/\/www.visitcentroamerica.com\/sala-prensa\/actualidad\/el-mundo-maya-vestigios-de-una-impresionante-cultura-viva\/#breadcrumb"},"inLanguage":"es","potentialAction":[{"@type":"ReadAction","target":["https:\/\/www.visitcentroamerica.com\/sala-prensa\/actualidad\/el-mundo-maya-vestigios-de-una-impresionante-cultura-viva\/"]}]},{"@type":"ImageObject","inLanguage":"es","@id":"https:\/\/www.visitcentroamerica.com\/sala-prensa\/actualidad\/el-mundo-maya-vestigios-de-una-impresionante-cultura-viva\/#primaryimage","url":"https:\/\/www.visitcentroamerica.com\/sala-prensa\/wp-content\/uploads\/2022\/03\/maya.png","contentUrl":"https:\/\/www.visitcentroamerica.com\/sala-prensa\/wp-content\/uploads\/2022\/03\/maya.png","width":1200,"height":600,"caption":"panoramica de Chich\u00e9n Itz\u00e1, M\u00e9rida, Mexico"},{"@type":"BreadcrumbList","@id":"https:\/\/www.visitcentroamerica.com\/sala-prensa\/actualidad\/el-mundo-maya-vestigios-de-una-impresionante-cultura-viva\/#breadcrumb","itemListElement":[{"@type":"ListItem","position":1,"name":"Portada","item":"https:\/\/www.visitcentroamerica.com\/sala-prensa\/"},{"@type":"ListItem","position":2,"name":"El Mundo Maya Vestigios de una Impresionante Cultura Viva"}]},{"@type":"WebSite","@id":"https:\/\/www.visitcentroamerica.com\/sala-prensa\/#website","url":"https:\/\/www.visitcentroamerica.com\/sala-prensa\/","name":"Sala de prensa","description":"","potentialAction":[{"@type":"SearchAction","target":{"@type":"EntryPoint","urlTemplate":"https:\/\/www.visitcentroamerica.com\/sala-prensa\/?s={search_term_string}"},"query-input":{"@type":"PropertyValueSpecification","valueRequired":true,"valueName":"search_term_string"}}],"inLanguage":"es"},{"@type":"Person","@id":"https:\/\/www.visitcentroamerica.com\/sala-prensa\/#\/schema\/person\/0aa3bd0dbaabaead6089ee3dd0cd7ae5","name":"Denis Alvarado","image":{"@type":"ImageObject","inLanguage":"es","@id":"https:\/\/secure.gravatar.com\/avatar\/c31f0697f6edb7c68d5dedc2ccbd548d2a9f73aa293e81c6a1425229ec4c9135?s=96&d=mm&r=g","url":"https:\/\/secure.gravatar.com\/avatar\/c31f0697f6edb7c68d5dedc2ccbd548d2a9f73aa293e81c6a1425229ec4c9135?s=96&d=mm&r=g","contentUrl":"https:\/\/secure.gravatar.com\/avatar\/c31f0697f6edb7c68d5dedc2ccbd548d2a9f73aa293e81c6a1425229ec4c9135?s=96&d=mm&r=g","caption":"Denis Alvarado"},"url":"https:\/\/www.visitcentroamerica.com\/sala-prensa\/author\/denis\/"}]}},"_links":{"self":[{"href":"https:\/\/www.visitcentroamerica.com\/sala-prensa\/wp-json\/wp\/v2\/posts\/13110","targetHints":{"allow":["GET"]}}],"collection":[{"href":"https:\/\/www.visitcentroamerica.com\/sala-prensa\/wp-json\/wp\/v2\/posts"}],"about":[{"href":"https:\/\/www.visitcentroamerica.com\/sala-prensa\/wp-json\/wp\/v2\/types\/post"}],"author":[{"embeddable":true,"href":"https:\/\/www.visitcentroamerica.com\/sala-prensa\/wp-json\/wp\/v2\/users\/5"}],"replies":[{"embeddable":true,"href":"https:\/\/www.visitcentroamerica.com\/sala-prensa\/wp-json\/wp\/v2\/comments?post=13110"}],"version-history":[{"count":11,"href":"https:\/\/www.visitcentroamerica.com\/sala-prensa\/wp-json\/wp\/v2\/posts\/13110\/revisions"}],"predecessor-version":[{"id":13133,"href":"https:\/\/www.visitcentroamerica.com\/sala-prensa\/wp-json\/wp\/v2\/posts\/13110\/revisions\/13133"}],"wp:featuredmedia":[{"embeddable":true,"href":"https:\/\/www.visitcentroamerica.com\/sala-prensa\/wp-json\/wp\/v2\/media\/13126"}],"wp:attachment":[{"href":"https:\/\/www.visitcentroamerica.com\/sala-prensa\/wp-json\/wp\/v2\/media?parent=13110"}],"wp:term":[{"taxonomy":"category","embeddable":true,"href":"https:\/\/www.visitcentroamerica.com\/sala-prensa\/wp-json\/wp\/v2\/categories?post=13110"},{"taxonomy":"post_tag","embeddable":true,"href":"https:\/\/www.visitcentroamerica.com\/sala-prensa\/wp-json\/wp\/v2\/tags?post=13110"}],"curies":[{"name":"wp","href":"https:\/\/api.w.org\/{rel}","templated":true}]}}