{"id":13028,"date":"2022-02-02T07:58:21","date_gmt":"2022-02-02T07:58:21","guid":{"rendered":"https:\/\/www.visitcentroamerica.com\/sala-prensa\/?p=13028"},"modified":"2022-02-02T08:46:12","modified_gmt":"2022-02-02T08:46:12","slug":"tropic-air-anuncia-inicio-de-vuelos-a-san-salvador","status":"publish","type":"post","link":"https:\/\/www.visitcentroamerica.com\/sala-prensa\/actualidad\/tropic-air-anuncia-inicio-de-vuelos-a-san-salvador\/","title":{"rendered":"Tropic air anuncia inicio de vuelos a San Salvador"},"content":{"rendered":"<p><img decoding=\"async\" class=\"alignnone size-full wp-image-13031\" src=\"https:\/\/www.visitcentroamerica.com\/sala-prensa\/wp-content\/uploads\/2022\/02\/Tropic-air-anuncia-nueva-ruta-aerea.jpg.png\" alt=\"Tropic air anuncia nueva ruta aerea\" width=\"1200\" height=\"100%\" srcset=\"https:\/\/www.visitcentroamerica.com\/sala-prensa\/wp-content\/uploads\/2022\/02\/Tropic-air-anuncia-nueva-ruta-aerea.jpg.png 1200w, https:\/\/www.visitcentroamerica.com\/sala-prensa\/wp-content\/uploads\/2022\/02\/Tropic-air-anuncia-nueva-ruta-aerea.jpg-300x150.png 300w, https:\/\/www.visitcentroamerica.com\/sala-prensa\/wp-content\/uploads\/2022\/02\/Tropic-air-anuncia-nueva-ruta-aerea.jpg-1024x512.png 1024w, https:\/\/www.visitcentroamerica.com\/sala-prensa\/wp-content\/uploads\/2022\/02\/Tropic-air-anuncia-nueva-ruta-aerea.jpg-768x384.png 768w, https:\/\/www.visitcentroamerica.com\/sala-prensa\/wp-content\/uploads\/2022\/02\/Tropic-air-anuncia-nueva-ruta-aerea.jpg-696x348.png 696w, https:\/\/www.visitcentroamerica.com\/sala-prensa\/wp-content\/uploads\/2022\/02\/Tropic-air-anuncia-nueva-ruta-aerea.jpg-1068x534.png 1068w, https:\/\/www.visitcentroamerica.com\/sala-prensa\/wp-content\/uploads\/2022\/02\/Tropic-air-anuncia-nueva-ruta-aerea.jpg-840x420.png 840w, https:\/\/www.visitcentroamerica.com\/sala-prensa\/wp-content\/uploads\/2022\/02\/Tropic-air-anuncia-nueva-ruta-aerea.jpg-500x250.png 500w\" sizes=\"(max-width: 1200px) 100vw, 1200px\" \/><\/p>\n<p>Tropic Air anuncia que iniciar\u00e1 un nuevo servicio sin escalas entre el Aeropuerto Internacional de El Salvador San \u00d3scar Arnulfo Romero y Gald\u00e1mez (formalmente Aeropuerto Internacional de Comalapa) en San Salvador (SAL) y el Aeropuerto Internacional Philip Goldson (BZE) en la Ciudad de Belice. Los vuelos est\u00e1n programados inicialmente para lunes, mi\u00e9rcoles y viernes a partir del viernes 11 de febrero 2022.<\/p>\n<p>El tiempo de vuelo ser\u00e1 de aproximadamente una hora en el bimotor Beechcraft 1900D de Tropic, un avi\u00f3n moderno, \u00a0de 19 asientos dise\u00f1ado principalmente para rutas regionales como esta. Es popular en todo el mundo por su velocidad y comodidad para los pasajeros.<\/p>\n<p>Para celebrar este nuevo servicio, una tarifa introductoria especial de US $99 por trayecto m\u00e1s impuestos,\u00a0 ahora \u00a0est\u00e1 disponible para viajar hasta el 28 de febrero de 2022. Esta tarifa se puede adquirir a trav\u00e9s de nuestro sitio web o en cualquiera de nuestras estaciones.<\/p>\n<p>El horario de vuelo es el siguiente:<\/p>\n<p><img loading=\"lazy\" decoding=\"async\" class=\"alignnone wp-image-13029\" src=\"https:\/\/www.visitcentroamerica.com\/sala-prensa\/wp-content\/uploads\/2022\/02\/Horario-vuelos.png\" alt=\"Horario vuelos\" width=\"322\" height=\"137\" srcset=\"https:\/\/www.visitcentroamerica.com\/sala-prensa\/wp-content\/uploads\/2022\/02\/Horario-vuelos.png 745w, https:\/\/www.visitcentroamerica.com\/sala-prensa\/wp-content\/uploads\/2022\/02\/Horario-vuelos-300x128.png 300w, https:\/\/www.visitcentroamerica.com\/sala-prensa\/wp-content\/uploads\/2022\/02\/Horario-vuelos-696x296.png 696w, https:\/\/www.visitcentroamerica.com\/sala-prensa\/wp-content\/uploads\/2022\/02\/Horario-vuelos-741x317.png 741w, https:\/\/www.visitcentroamerica.com\/sala-prensa\/wp-content\/uploads\/2022\/02\/Horario-vuelos-500x213.png 500w\" sizes=\"auto, (max-width: 322px) 100vw, 322px\" \/><\/p>\n<p>\u00abEstamos muy orgullosos de nuestro crecimiento de servicios internacionales, conectando Belice con m\u00faltiples destinos regionales en los \u00faltimos 10 a\u00f1os. San Salvador es considerado un segundo hogar para muchos en Belice, con muchos lazos hist\u00f3ricos y econ\u00f3micos, por lo que nuestra expansi\u00f3n en este mercado es natural. Estamos muy emocionados de agregar el destino a nuestra familia Tropic\u00bb, dijo John E Greif III, presidente de Tropic.<\/p>\n<p>\u00abVemos a San Salvador como un destino importante con mucho potencial\u00bb, dijo Steven Schulte, CEO de Tropic. \u00abLa conectividad a\u00e9rea regional es una prioridad para Tropic. \u00a0Creemos que esta ruta se convertir\u00e1 r\u00e1pidamente en un servicio diario. \u00a0Proporciona a los intereses comerciales y a las familias un servicio a\u00e9reo r\u00e1pido y conveniente. Abre otra puerta de entrada para que los turistas sudamericanos lleguen a Belice. Rutas como esta son esenciales para el crecimiento de Belice\u00bb.<\/p>\n<p>La adici\u00f3n de San Salvador al mapa de rutas de la aerol\u00ednea significa una ampliaci\u00f3n del alcance en los importantes mercados de negocios y ocio de Belice. San Salvador no solo es el epicentro econ\u00f3mico del norte de Am\u00e9rica Central, sino que tambi\u00e9n es un importante socio comercial para Belice. San Salvador se unir\u00e1 a Canc\u00fan, Roat\u00e1n y Flores (Pet\u00e9n) en el mapa de rutas internacionales de la aerol\u00ednea.<\/p>\n<p><strong>\u00bfPreguntas?<\/strong><\/p>\n<p>Para informaci\u00f3n de pasajeros, nuestro equipo de reservas \/ informaci\u00f3n est\u00e1 disponible todos los d\u00edas de 6 a.m. a 9 p.m. (hora de Belice) al (+501) 226-2626 o (+501) 226-2012. Tambi\u00e9n puede contactarlos en <a href=\"mailto:reservations@tropicair.com\">reservations@tropicair.com<\/a>, a trav\u00e9s de la funci\u00f3n de chat en nuestro sitio web o a trav\u00e9s de WhatsApp al (+501) 622-5857.<\/p>\n<p>Por favor, siga tambi\u00e9n nuestra p\u00e1gina de Facebook o nuestro feed de Twitter @tropicairbelize para actualizaciones importantes.<\/p>\n<p>Tropic Air es miembro de la Asociaci\u00f3n Latinoamericana de Aerol\u00edneas (ALTA), y recientemente complet\u00f3 con \u00e9xito la Auditor\u00eda de Seguridad Est\u00e1ndar de la Industria de IATA por cuarta vez, despu\u00e9s de unirse al programa en 2015. \u00a0En 2020, Tropic volvi\u00f3 a ganar el premio Traveler&#8217;s Choice award de TripAdvisor en la categor\u00eda de especialidad y leisure.<\/p>\n<p>Periodistas con consultas de los medios de comunicaci\u00f3n, por favor p\u00f3ngase en contacto con la oficina de prensa: <a href=\"mailto:pr@tropicair.com\">pr@tropicair.com<\/a><\/p>\n","protected":false},"excerpt":{"rendered":"<p>Tropic Air anuncia que iniciar\u00e1 un nuevo servicio sin escalas entre el Aeropuerto Internacional de El Salvador San \u00d3scar Arnulfo Romero y Gald\u00e1mez (formalmente Aeropuerto Internacional de Comalapa) en San Salvador (SAL) y el Aeropuerto Internacional Philip Goldson (BZE) en la Ciudad de Belice. Los vuelos est\u00e1n programados inicialmente para lunes, mi\u00e9rcoles y viernes a [&hellip;]<\/p>\n","protected":false},"author":5,"featured_media":13031,"comment_status":"open","ping_status":"closed","sticky":false,"template":"","format":"standard","meta":{"footnotes":""},"categories":[3,13,9],"tags":[],"class_list":{"0":"post-13028","1":"post","2":"type-post","3":"status-publish","4":"format-standard","5":"has-post-thumbnail","7":"category-actualidad","8":"category-belice","9":"category-el-salvador"},"yoast_head":"<!-- This site is optimized with the Yoast SEO plugin v27.3 - https:\/\/yoast.com\/product\/yoast-seo-wordpress\/ -->\n<title>Tropic air anuncia inicio de vuelos a san salvador<\/title>\n<meta name=\"description\" content=\"Tropic Air anuncia que iniciar\u00e1 una nuevo ruta sin escalas entre el Aeropuerto Internacional de El Salvador San \u00d3scar Arnulfo Romero y Gald\u00e1mez...\" \/>\n<meta name=\"robots\" content=\"index, follow, max-snippet:-1, max-image-preview:large, max-video-preview:-1\" \/>\n<link rel=\"canonical\" href=\"https:\/\/www.visitcentroamerica.com\/sala-prensa\/actualidad\/tropic-air-anuncia-inicio-de-vuelos-a-san-salvador\/\" \/>\n<meta property=\"og:locale\" content=\"es_ES\" \/>\n<meta property=\"og:type\" content=\"article\" \/>\n<meta property=\"og:title\" content=\"Tropic air anuncia inicio de vuelos a san salvador\" \/>\n<meta property=\"og:description\" content=\"Tropic Air anuncia que iniciar\u00e1 una nuevo ruta sin escalas entre el Aeropuerto Internacional de El Salvador San \u00d3scar Arnulfo Romero y Gald\u00e1mez...\" \/>\n<meta property=\"og:url\" content=\"https:\/\/www.visitcentroamerica.com\/sala-prensa\/actualidad\/tropic-air-anuncia-inicio-de-vuelos-a-san-salvador\/\" \/>\n<meta property=\"og:site_name\" content=\"Sala de prensa\" \/>\n<meta property=\"article:published_time\" content=\"2022-02-02T07:58:21+00:00\" \/>\n<meta property=\"article:modified_time\" content=\"2022-02-02T08:46:12+00:00\" \/>\n<meta property=\"og:image\" content=\"https:\/\/www.visitcentroamerica.com\/sala-prensa\/wp-content\/uploads\/2022\/02\/Tropic-air-anuncia-nueva-ruta-aerea.jpg.png\" \/>\n\t<meta property=\"og:image:width\" content=\"1200\" \/>\n\t<meta property=\"og:image:height\" content=\"600\" \/>\n\t<meta property=\"og:image:type\" content=\"image\/png\" \/>\n<meta name=\"author\" content=\"Denis Alvarado\" \/>\n<meta name=\"twitter:card\" content=\"summary_large_image\" \/>\n<meta name=\"twitter:label1\" content=\"Escrito por\" \/>\n\t<meta name=\"twitter:data1\" content=\"Denis Alvarado\" \/>\n\t<meta name=\"twitter:label2\" content=\"Tiempo de lectura\" \/>\n\t<meta name=\"twitter:data2\" content=\"3 minutos\" \/>\n<script type=\"application\/ld+json\" class=\"yoast-schema-graph\">{\"@context\":\"https:\\\/\\\/schema.org\",\"@graph\":[{\"@type\":\"Article\",\"@id\":\"https:\\\/\\\/www.visitcentroamerica.com\\\/sala-prensa\\\/actualidad\\\/tropic-air-anuncia-inicio-de-vuelos-a-san-salvador\\\/#article\",\"isPartOf\":{\"@id\":\"https:\\\/\\\/www.visitcentroamerica.com\\\/sala-prensa\\\/actualidad\\\/tropic-air-anuncia-inicio-de-vuelos-a-san-salvador\\\/\"},\"author\":{\"name\":\"Denis Alvarado\",\"@id\":\"https:\\\/\\\/www.visitcentroamerica.com\\\/sala-prensa\\\/#\\\/schema\\\/person\\\/0aa3bd0dbaabaead6089ee3dd0cd7ae5\"},\"headline\":\"Tropic air anuncia inicio de vuelos a San Salvador\",\"datePublished\":\"2022-02-02T07:58:21+00:00\",\"dateModified\":\"2022-02-02T08:46:12+00:00\",\"mainEntityOfPage\":{\"@id\":\"https:\\\/\\\/www.visitcentroamerica.com\\\/sala-prensa\\\/actualidad\\\/tropic-air-anuncia-inicio-de-vuelos-a-san-salvador\\\/\"},\"wordCount\":558,\"commentCount\":0,\"image\":{\"@id\":\"https:\\\/\\\/www.visitcentroamerica.com\\\/sala-prensa\\\/actualidad\\\/tropic-air-anuncia-inicio-de-vuelos-a-san-salvador\\\/#primaryimage\"},\"thumbnailUrl\":\"https:\\\/\\\/www.visitcentroamerica.com\\\/sala-prensa\\\/wp-content\\\/uploads\\\/2022\\\/02\\\/Tropic-air-anuncia-nueva-ruta-aerea.jpg.png\",\"articleSection\":[\"Actualidad\",\"Belice\",\"El Salvador\"],\"inLanguage\":\"es\",\"potentialAction\":[{\"@type\":\"CommentAction\",\"name\":\"Comment\",\"target\":[\"https:\\\/\\\/www.visitcentroamerica.com\\\/sala-prensa\\\/actualidad\\\/tropic-air-anuncia-inicio-de-vuelos-a-san-salvador\\\/#respond\"]}]},{\"@type\":\"WebPage\",\"@id\":\"https:\\\/\\\/www.visitcentroamerica.com\\\/sala-prensa\\\/actualidad\\\/tropic-air-anuncia-inicio-de-vuelos-a-san-salvador\\\/\",\"url\":\"https:\\\/\\\/www.visitcentroamerica.com\\\/sala-prensa\\\/actualidad\\\/tropic-air-anuncia-inicio-de-vuelos-a-san-salvador\\\/\",\"name\":\"Tropic air anuncia inicio de vuelos a san salvador\",\"isPartOf\":{\"@id\":\"https:\\\/\\\/www.visitcentroamerica.com\\\/sala-prensa\\\/#website\"},\"primaryImageOfPage\":{\"@id\":\"https:\\\/\\\/www.visitcentroamerica.com\\\/sala-prensa\\\/actualidad\\\/tropic-air-anuncia-inicio-de-vuelos-a-san-salvador\\\/#primaryimage\"},\"image\":{\"@id\":\"https:\\\/\\\/www.visitcentroamerica.com\\\/sala-prensa\\\/actualidad\\\/tropic-air-anuncia-inicio-de-vuelos-a-san-salvador\\\/#primaryimage\"},\"thumbnailUrl\":\"https:\\\/\\\/www.visitcentroamerica.com\\\/sala-prensa\\\/wp-content\\\/uploads\\\/2022\\\/02\\\/Tropic-air-anuncia-nueva-ruta-aerea.jpg.png\",\"datePublished\":\"2022-02-02T07:58:21+00:00\",\"dateModified\":\"2022-02-02T08:46:12+00:00\",\"author\":{\"@id\":\"https:\\\/\\\/www.visitcentroamerica.com\\\/sala-prensa\\\/#\\\/schema\\\/person\\\/0aa3bd0dbaabaead6089ee3dd0cd7ae5\"},\"description\":\"Tropic Air anuncia que iniciar\u00e1 una nuevo ruta sin escalas entre el Aeropuerto Internacional de El Salvador San \u00d3scar Arnulfo Romero y Gald\u00e1mez...\",\"breadcrumb\":{\"@id\":\"https:\\\/\\\/www.visitcentroamerica.com\\\/sala-prensa\\\/actualidad\\\/tropic-air-anuncia-inicio-de-vuelos-a-san-salvador\\\/#breadcrumb\"},\"inLanguage\":\"es\",\"potentialAction\":[{\"@type\":\"ReadAction\",\"target\":[\"https:\\\/\\\/www.visitcentroamerica.com\\\/sala-prensa\\\/actualidad\\\/tropic-air-anuncia-inicio-de-vuelos-a-san-salvador\\\/\"]}]},{\"@type\":\"ImageObject\",\"inLanguage\":\"es\",\"@id\":\"https:\\\/\\\/www.visitcentroamerica.com\\\/sala-prensa\\\/actualidad\\\/tropic-air-anuncia-inicio-de-vuelos-a-san-salvador\\\/#primaryimage\",\"url\":\"https:\\\/\\\/www.visitcentroamerica.com\\\/sala-prensa\\\/wp-content\\\/uploads\\\/2022\\\/02\\\/Tropic-air-anuncia-nueva-ruta-aerea.jpg.png\",\"contentUrl\":\"https:\\\/\\\/www.visitcentroamerica.com\\\/sala-prensa\\\/wp-content\\\/uploads\\\/2022\\\/02\\\/Tropic-air-anuncia-nueva-ruta-aerea.jpg.png\",\"width\":1200,\"height\":600},{\"@type\":\"BreadcrumbList\",\"@id\":\"https:\\\/\\\/www.visitcentroamerica.com\\\/sala-prensa\\\/actualidad\\\/tropic-air-anuncia-inicio-de-vuelos-a-san-salvador\\\/#breadcrumb\",\"itemListElement\":[{\"@type\":\"ListItem\",\"position\":1,\"name\":\"Portada\",\"item\":\"https:\\\/\\\/www.visitcentroamerica.com\\\/sala-prensa\\\/\"},{\"@type\":\"ListItem\",\"position\":2,\"name\":\"Tropic air anuncia inicio de vuelos a San Salvador\"}]},{\"@type\":\"WebSite\",\"@id\":\"https:\\\/\\\/www.visitcentroamerica.com\\\/sala-prensa\\\/#website\",\"url\":\"https:\\\/\\\/www.visitcentroamerica.com\\\/sala-prensa\\\/\",\"name\":\"Sala de prensa\",\"description\":\"\",\"potentialAction\":[{\"@type\":\"SearchAction\",\"target\":{\"@type\":\"EntryPoint\",\"urlTemplate\":\"https:\\\/\\\/www.visitcentroamerica.com\\\/sala-prensa\\\/?s={search_term_string}\"},\"query-input\":{\"@type\":\"PropertyValueSpecification\",\"valueRequired\":true,\"valueName\":\"search_term_string\"}}],\"inLanguage\":\"es\"},{\"@type\":\"Person\",\"@id\":\"https:\\\/\\\/www.visitcentroamerica.com\\\/sala-prensa\\\/#\\\/schema\\\/person\\\/0aa3bd0dbaabaead6089ee3dd0cd7ae5\",\"name\":\"Denis Alvarado\",\"image\":{\"@type\":\"ImageObject\",\"inLanguage\":\"es\",\"@id\":\"https:\\\/\\\/secure.gravatar.com\\\/avatar\\\/c31f0697f6edb7c68d5dedc2ccbd548d2a9f73aa293e81c6a1425229ec4c9135?s=96&d=mm&r=g\",\"url\":\"https:\\\/\\\/secure.gravatar.com\\\/avatar\\\/c31f0697f6edb7c68d5dedc2ccbd548d2a9f73aa293e81c6a1425229ec4c9135?s=96&d=mm&r=g\",\"contentUrl\":\"https:\\\/\\\/secure.gravatar.com\\\/avatar\\\/c31f0697f6edb7c68d5dedc2ccbd548d2a9f73aa293e81c6a1425229ec4c9135?s=96&d=mm&r=g\",\"caption\":\"Denis Alvarado\"},\"url\":\"https:\\\/\\\/www.visitcentroamerica.com\\\/sala-prensa\\\/author\\\/denis\\\/\"}]}<\/script>\n<!-- \/ Yoast SEO plugin. -->","yoast_head_json":{"title":"Tropic air anuncia inicio de vuelos a san salvador","description":"Tropic Air anuncia que iniciar\u00e1 una nuevo ruta sin escalas entre el Aeropuerto Internacional de El Salvador San \u00d3scar Arnulfo Romero y Gald\u00e1mez...","robots":{"index":"index","follow":"follow","max-snippet":"max-snippet:-1","max-image-preview":"max-image-preview:large","max-video-preview":"max-video-preview:-1"},"canonical":"https:\/\/www.visitcentroamerica.com\/sala-prensa\/actualidad\/tropic-air-anuncia-inicio-de-vuelos-a-san-salvador\/","og_locale":"es_ES","og_type":"article","og_title":"Tropic air anuncia inicio de vuelos a san salvador","og_description":"Tropic Air anuncia que iniciar\u00e1 una nuevo ruta sin escalas entre el Aeropuerto Internacional de El Salvador San \u00d3scar Arnulfo Romero y Gald\u00e1mez...","og_url":"https:\/\/www.visitcentroamerica.com\/sala-prensa\/actualidad\/tropic-air-anuncia-inicio-de-vuelos-a-san-salvador\/","og_site_name":"Sala de prensa","article_published_time":"2022-02-02T07:58:21+00:00","article_modified_time":"2022-02-02T08:46:12+00:00","og_image":[{"width":1200,"height":600,"url":"https:\/\/www.visitcentroamerica.com\/sala-prensa\/wp-content\/uploads\/2022\/02\/Tropic-air-anuncia-nueva-ruta-aerea.jpg.png","type":"image\/png"}],"author":"Denis Alvarado","twitter_card":"summary_large_image","twitter_misc":{"Escrito por":"Denis Alvarado","Tiempo de lectura":"3 minutos"},"schema":{"@context":"https:\/\/schema.org","@graph":[{"@type":"Article","@id":"https:\/\/www.visitcentroamerica.com\/sala-prensa\/actualidad\/tropic-air-anuncia-inicio-de-vuelos-a-san-salvador\/#article","isPartOf":{"@id":"https:\/\/www.visitcentroamerica.com\/sala-prensa\/actualidad\/tropic-air-anuncia-inicio-de-vuelos-a-san-salvador\/"},"author":{"name":"Denis Alvarado","@id":"https:\/\/www.visitcentroamerica.com\/sala-prensa\/#\/schema\/person\/0aa3bd0dbaabaead6089ee3dd0cd7ae5"},"headline":"Tropic air anuncia inicio de vuelos a San Salvador","datePublished":"2022-02-02T07:58:21+00:00","dateModified":"2022-02-02T08:46:12+00:00","mainEntityOfPage":{"@id":"https:\/\/www.visitcentroamerica.com\/sala-prensa\/actualidad\/tropic-air-anuncia-inicio-de-vuelos-a-san-salvador\/"},"wordCount":558,"commentCount":0,"image":{"@id":"https:\/\/www.visitcentroamerica.com\/sala-prensa\/actualidad\/tropic-air-anuncia-inicio-de-vuelos-a-san-salvador\/#primaryimage"},"thumbnailUrl":"https:\/\/www.visitcentroamerica.com\/sala-prensa\/wp-content\/uploads\/2022\/02\/Tropic-air-anuncia-nueva-ruta-aerea.jpg.png","articleSection":["Actualidad","Belice","El Salvador"],"inLanguage":"es","potentialAction":[{"@type":"CommentAction","name":"Comment","target":["https:\/\/www.visitcentroamerica.com\/sala-prensa\/actualidad\/tropic-air-anuncia-inicio-de-vuelos-a-san-salvador\/#respond"]}]},{"@type":"WebPage","@id":"https:\/\/www.visitcentroamerica.com\/sala-prensa\/actualidad\/tropic-air-anuncia-inicio-de-vuelos-a-san-salvador\/","url":"https:\/\/www.visitcentroamerica.com\/sala-prensa\/actualidad\/tropic-air-anuncia-inicio-de-vuelos-a-san-salvador\/","name":"Tropic air anuncia inicio de vuelos a san salvador","isPartOf":{"@id":"https:\/\/www.visitcentroamerica.com\/sala-prensa\/#website"},"primaryImageOfPage":{"@id":"https:\/\/www.visitcentroamerica.com\/sala-prensa\/actualidad\/tropic-air-anuncia-inicio-de-vuelos-a-san-salvador\/#primaryimage"},"image":{"@id":"https:\/\/www.visitcentroamerica.com\/sala-prensa\/actualidad\/tropic-air-anuncia-inicio-de-vuelos-a-san-salvador\/#primaryimage"},"thumbnailUrl":"https:\/\/www.visitcentroamerica.com\/sala-prensa\/wp-content\/uploads\/2022\/02\/Tropic-air-anuncia-nueva-ruta-aerea.jpg.png","datePublished":"2022-02-02T07:58:21+00:00","dateModified":"2022-02-02T08:46:12+00:00","author":{"@id":"https:\/\/www.visitcentroamerica.com\/sala-prensa\/#\/schema\/person\/0aa3bd0dbaabaead6089ee3dd0cd7ae5"},"description":"Tropic Air anuncia que iniciar\u00e1 una nuevo ruta sin escalas entre el Aeropuerto Internacional de El Salvador San \u00d3scar Arnulfo Romero y Gald\u00e1mez...","breadcrumb":{"@id":"https:\/\/www.visitcentroamerica.com\/sala-prensa\/actualidad\/tropic-air-anuncia-inicio-de-vuelos-a-san-salvador\/#breadcrumb"},"inLanguage":"es","potentialAction":[{"@type":"ReadAction","target":["https:\/\/www.visitcentroamerica.com\/sala-prensa\/actualidad\/tropic-air-anuncia-inicio-de-vuelos-a-san-salvador\/"]}]},{"@type":"ImageObject","inLanguage":"es","@id":"https:\/\/www.visitcentroamerica.com\/sala-prensa\/actualidad\/tropic-air-anuncia-inicio-de-vuelos-a-san-salvador\/#primaryimage","url":"https:\/\/www.visitcentroamerica.com\/sala-prensa\/wp-content\/uploads\/2022\/02\/Tropic-air-anuncia-nueva-ruta-aerea.jpg.png","contentUrl":"https:\/\/www.visitcentroamerica.com\/sala-prensa\/wp-content\/uploads\/2022\/02\/Tropic-air-anuncia-nueva-ruta-aerea.jpg.png","width":1200,"height":600},{"@type":"BreadcrumbList","@id":"https:\/\/www.visitcentroamerica.com\/sala-prensa\/actualidad\/tropic-air-anuncia-inicio-de-vuelos-a-san-salvador\/#breadcrumb","itemListElement":[{"@type":"ListItem","position":1,"name":"Portada","item":"https:\/\/www.visitcentroamerica.com\/sala-prensa\/"},{"@type":"ListItem","position":2,"name":"Tropic air anuncia inicio de vuelos a San Salvador"}]},{"@type":"WebSite","@id":"https:\/\/www.visitcentroamerica.com\/sala-prensa\/#website","url":"https:\/\/www.visitcentroamerica.com\/sala-prensa\/","name":"Sala de prensa","description":"","potentialAction":[{"@type":"SearchAction","target":{"@type":"EntryPoint","urlTemplate":"https:\/\/www.visitcentroamerica.com\/sala-prensa\/?s={search_term_string}"},"query-input":{"@type":"PropertyValueSpecification","valueRequired":true,"valueName":"search_term_string"}}],"inLanguage":"es"},{"@type":"Person","@id":"https:\/\/www.visitcentroamerica.com\/sala-prensa\/#\/schema\/person\/0aa3bd0dbaabaead6089ee3dd0cd7ae5","name":"Denis Alvarado","image":{"@type":"ImageObject","inLanguage":"es","@id":"https:\/\/secure.gravatar.com\/avatar\/c31f0697f6edb7c68d5dedc2ccbd548d2a9f73aa293e81c6a1425229ec4c9135?s=96&d=mm&r=g","url":"https:\/\/secure.gravatar.com\/avatar\/c31f0697f6edb7c68d5dedc2ccbd548d2a9f73aa293e81c6a1425229ec4c9135?s=96&d=mm&r=g","contentUrl":"https:\/\/secure.gravatar.com\/avatar\/c31f0697f6edb7c68d5dedc2ccbd548d2a9f73aa293e81c6a1425229ec4c9135?s=96&d=mm&r=g","caption":"Denis Alvarado"},"url":"https:\/\/www.visitcentroamerica.com\/sala-prensa\/author\/denis\/"}]}},"_links":{"self":[{"href":"https:\/\/www.visitcentroamerica.com\/sala-prensa\/wp-json\/wp\/v2\/posts\/13028","targetHints":{"allow":["GET"]}}],"collection":[{"href":"https:\/\/www.visitcentroamerica.com\/sala-prensa\/wp-json\/wp\/v2\/posts"}],"about":[{"href":"https:\/\/www.visitcentroamerica.com\/sala-prensa\/wp-json\/wp\/v2\/types\/post"}],"author":[{"embeddable":true,"href":"https:\/\/www.visitcentroamerica.com\/sala-prensa\/wp-json\/wp\/v2\/users\/5"}],"replies":[{"embeddable":true,"href":"https:\/\/www.visitcentroamerica.com\/sala-prensa\/wp-json\/wp\/v2\/comments?post=13028"}],"version-history":[{"count":3,"href":"https:\/\/www.visitcentroamerica.com\/sala-prensa\/wp-json\/wp\/v2\/posts\/13028\/revisions"}],"predecessor-version":[{"id":13063,"href":"https:\/\/www.visitcentroamerica.com\/sala-prensa\/wp-json\/wp\/v2\/posts\/13028\/revisions\/13063"}],"wp:featuredmedia":[{"embeddable":true,"href":"https:\/\/www.visitcentroamerica.com\/sala-prensa\/wp-json\/wp\/v2\/media\/13031"}],"wp:attachment":[{"href":"https:\/\/www.visitcentroamerica.com\/sala-prensa\/wp-json\/wp\/v2\/media?parent=13028"}],"wp:term":[{"taxonomy":"category","embeddable":true,"href":"https:\/\/www.visitcentroamerica.com\/sala-prensa\/wp-json\/wp\/v2\/categories?post=13028"},{"taxonomy":"post_tag","embeddable":true,"href":"https:\/\/www.visitcentroamerica.com\/sala-prensa\/wp-json\/wp\/v2\/tags?post=13028"}],"curies":[{"name":"wp","href":"https:\/\/api.w.org\/{rel}","templated":true}]}}