{"id":12990,"date":"2021-12-20T12:00:31","date_gmt":"2021-12-20T12:00:31","guid":{"rendered":"https:\/\/www.visitcentroamerica.com\/sala-prensa\/otros\/trade-relations-between-central-america-and-spain-are-strengthening\/"},"modified":"2022-01-25T12:05:20","modified_gmt":"2022-01-25T12:05:20","slug":"las-relaciones-comerciales-entre-centroamerica-y-espana-se-refuerzan","status":"publish","type":"post","link":"https:\/\/www.visitcentroamerica.com\/sala-prensa\/actualidad\/las-relaciones-comerciales-entre-centroamerica-y-espana-se-refuerzan\/","title":{"rendered":"Las relaciones comerciales entre Centroam\u00e9rica y Espa\u00f1a se refuerzan"},"content":{"rendered":"<p><img decoding=\"async\" class=\"alignnone size-full wp-image-12993\" src=\"https:\/\/www.visitcentroamerica.com\/sala-prensa\/wp-content\/uploads\/2021\/12\/trade-relations-between-central-america-and-spain.png\" alt=\"trade relations between central america and spain\" width=\"auto\" height=\"100%\" srcset=\"https:\/\/www.visitcentroamerica.com\/sala-prensa\/wp-content\/uploads\/2021\/12\/trade-relations-between-central-america-and-spain.png 1200w, https:\/\/www.visitcentroamerica.com\/sala-prensa\/wp-content\/uploads\/2021\/12\/trade-relations-between-central-america-and-spain-300x150.png 300w, https:\/\/www.visitcentroamerica.com\/sala-prensa\/wp-content\/uploads\/2021\/12\/trade-relations-between-central-america-and-spain-1024x512.png 1024w, https:\/\/www.visitcentroamerica.com\/sala-prensa\/wp-content\/uploads\/2021\/12\/trade-relations-between-central-america-and-spain-768x384.png 768w, https:\/\/www.visitcentroamerica.com\/sala-prensa\/wp-content\/uploads\/2021\/12\/trade-relations-between-central-america-and-spain-696x348.png 696w, https:\/\/www.visitcentroamerica.com\/sala-prensa\/wp-content\/uploads\/2021\/12\/trade-relations-between-central-america-and-spain-1068x534.png 1068w, https:\/\/www.visitcentroamerica.com\/sala-prensa\/wp-content\/uploads\/2021\/12\/trade-relations-between-central-america-and-spain-840x420.png 840w, https:\/\/www.visitcentroamerica.com\/sala-prensa\/wp-content\/uploads\/2021\/12\/trade-relations-between-central-america-and-spain-500x250.png 500w\" sizes=\"(max-width: 1200px) 100vw, 1200px\" \/>Las <strong>relaciones comerciales entre Centroam\u00e9rica y Espa\u00f1a<\/strong> pasan por uno de sus mejores momentos desde la entrada en vigor del Pilar Comercial del Acuerdo de Asociaci\u00f3n entre Centroam\u00e9rica y la Uni\u00f3n Europea en 2013. Los emprendedores tenemos una gran oportunidad de inversi\u00f3n en uno de los mercados que a\u00fan quedan por explotar.<\/p>\n<h3>Las empresas espa\u00f1olas en Centroam\u00e9rica est\u00e1n en una posici\u00f3n privilegiada<\/h3>\n<p>Las <strong>oportunidades de emprendimiento en Centroam\u00e9rica<\/strong> para las empresas espa\u00f1olas son excelentes. Nos encontramos en una posici\u00f3n privilegiada debido a los estrechos v\u00ednculos que existen con pa\u00edses como Honduras o Nicaragua. Las importaciones espa\u00f1olas de mercanc\u00edas de la regi\u00f3n\u00a0crecieron hasta un 11,3 % solo durante el a\u00f1o 2020.<\/p>\n<p>Adem\u00e1s, suponen el 14 % del total de las importaciones de la Uni\u00f3n Europea. Por tanto, el peso de las <strong>empresas espa\u00f1olas en Centroam\u00e9rica<\/strong> es realmente fuerte. De hecho, recientemente, la <a href=\"https:\/\/comercio.gob.es\/es-es\/NotasPrensa\/2020\/Paginas\/200922_-Encuentro_Guatemala_Tripartito.aspx\" target=\"_blank\" rel=\"noopener\"><strong>Secretaria de Estado de Comercio<\/strong><\/a> destac\u00f3 a Guatemala como uno de los principales socios estrat\u00e9gicos de Espa\u00f1a en la regi\u00f3n de Centroam\u00e9rica.<\/p>\n<p>Como conclusi\u00f3n, la tendencia es que las<strong> relaciones comerciales entre Centroam\u00e9rica y Espa\u00f1a<\/strong> mantengan esta tendencia comercial al alza y sea uno de los principales mercados que debas tener en cuenta para el futuro.\u00a0Visita nuestro sitio web y descubre la incre\u00edble experiencia de descubrir la<\/p>\n<p><a href=\"https:\/\/www.visitcentroamerica.com\/packages\/centroamerica-colonial-nicaragua-salvador-guatemala\/\" target=\"_blank\" rel=\"noopener\"><strong>Centroam\u00e9rica colonial<\/strong><\/a>. Es una excelente oportunidad para que vivas la experiencia de la <a href=\"https:\/\/www.visitcentroamerica.com\/experiencias\/romantic-central-america\/\" target=\"_blank\" rel=\"noopener\">Centroam\u00e9rica rom\u00e1ntica<\/a> multidestino.<\/p>\n","protected":false},"excerpt":{"rendered":"<p>Las relaciones comerciales entre Centroam\u00e9rica y Espa\u00f1a pasan por uno de sus mejores momentos desde la entrada en vigor del Pilar Comercial del Acuerdo de Asociaci\u00f3n entre Centroam\u00e9rica y la Uni\u00f3n Europea en 2013. Los emprendedores tenemos una gran oportunidad de inversi\u00f3n en uno de los mercados que a\u00fan quedan por explotar. Las empresas espa\u00f1olas [&hellip;]<\/p>\n","protected":false},"author":5,"featured_media":12993,"comment_status":"open","ping_status":"closed","sticky":false,"template":"","format":"standard","meta":{"footnotes":""},"categories":[3,66],"tags":[],"class_list":{"0":"post-12990","1":"post","2":"type-post","3":"status-publish","4":"format-standard","5":"has-post-thumbnail","7":"category-actualidad","8":"category-negocios"},"yoast_head":"<!-- This site is optimized with the Yoast SEO plugin v27.3 - https:\/\/yoast.com\/product\/yoast-seo-wordpress\/ -->\n<title>Relaciones comerciales entre Centroam\u00e9rica y Espa\u00f1a: oportunidad<\/title>\n<meta name=\"description\" content=\"Las relaciones comerciales entre Centroam\u00e9rica y Espa\u00f1a pasan por uno de sus mejores momentos.\" \/>\n<meta name=\"robots\" content=\"index, follow, max-snippet:-1, max-image-preview:large, max-video-preview:-1\" \/>\n<link rel=\"canonical\" href=\"https:\/\/www.visitcentroamerica.com\/sala-prensa\/actualidad\/las-relaciones-comerciales-entre-centroamerica-y-espana-se-refuerzan\/\" \/>\n<meta property=\"og:locale\" content=\"es_ES\" \/>\n<meta property=\"og:type\" content=\"article\" \/>\n<meta property=\"og:title\" content=\"Relaciones comerciales entre Centroam\u00e9rica y Espa\u00f1a: oportunidad\" \/>\n<meta property=\"og:description\" content=\"Las relaciones comerciales entre Centroam\u00e9rica y Espa\u00f1a pasan por uno de sus mejores momentos.\" \/>\n<meta property=\"og:url\" content=\"https:\/\/www.visitcentroamerica.com\/sala-prensa\/actualidad\/las-relaciones-comerciales-entre-centroamerica-y-espana-se-refuerzan\/\" \/>\n<meta property=\"og:site_name\" content=\"Sala de prensa\" \/>\n<meta property=\"article:published_time\" content=\"2021-12-20T12:00:31+00:00\" \/>\n<meta property=\"article:modified_time\" content=\"2022-01-25T12:05:20+00:00\" \/>\n<meta property=\"og:image\" content=\"https:\/\/www.visitcentroamerica.com\/sala-prensa\/wp-content\/uploads\/2021\/12\/trade-relations-between-central-america-and-spain.png\" \/>\n\t<meta property=\"og:image:width\" content=\"1200\" \/>\n\t<meta property=\"og:image:height\" content=\"600\" \/>\n\t<meta property=\"og:image:type\" content=\"image\/png\" \/>\n<meta name=\"author\" content=\"Denis Alvarado\" \/>\n<meta name=\"twitter:card\" content=\"summary_large_image\" \/>\n<meta name=\"twitter:label1\" content=\"Escrito por\" \/>\n\t<meta name=\"twitter:data1\" content=\"Denis Alvarado\" \/>\n\t<meta name=\"twitter:label2\" content=\"Tiempo de lectura\" \/>\n\t<meta name=\"twitter:data2\" content=\"2 minutos\" \/>\n<script type=\"application\/ld+json\" class=\"yoast-schema-graph\">{\"@context\":\"https:\\\/\\\/schema.org\",\"@graph\":[{\"@type\":\"Article\",\"@id\":\"https:\\\/\\\/www.visitcentroamerica.com\\\/sala-prensa\\\/actualidad\\\/las-relaciones-comerciales-entre-centroamerica-y-espana-se-refuerzan\\\/#article\",\"isPartOf\":{\"@id\":\"https:\\\/\\\/www.visitcentroamerica.com\\\/sala-prensa\\\/actualidad\\\/las-relaciones-comerciales-entre-centroamerica-y-espana-se-refuerzan\\\/\"},\"author\":{\"name\":\"Denis Alvarado\",\"@id\":\"https:\\\/\\\/www.visitcentroamerica.com\\\/sala-prensa\\\/#\\\/schema\\\/person\\\/0aa3bd0dbaabaead6089ee3dd0cd7ae5\"},\"headline\":\"Las relaciones comerciales entre Centroam\u00e9rica y Espa\u00f1a se refuerzan\",\"datePublished\":\"2021-12-20T12:00:31+00:00\",\"dateModified\":\"2022-01-25T12:05:20+00:00\",\"mainEntityOfPage\":{\"@id\":\"https:\\\/\\\/www.visitcentroamerica.com\\\/sala-prensa\\\/actualidad\\\/las-relaciones-comerciales-entre-centroamerica-y-espana-se-refuerzan\\\/\"},\"wordCount\":266,\"commentCount\":0,\"image\":{\"@id\":\"https:\\\/\\\/www.visitcentroamerica.com\\\/sala-prensa\\\/actualidad\\\/las-relaciones-comerciales-entre-centroamerica-y-espana-se-refuerzan\\\/#primaryimage\"},\"thumbnailUrl\":\"https:\\\/\\\/www.visitcentroamerica.com\\\/sala-prensa\\\/wp-content\\\/uploads\\\/2021\\\/12\\\/trade-relations-between-central-america-and-spain.png\",\"articleSection\":[\"Actualidad\",\"Negocios\"],\"inLanguage\":\"es\",\"potentialAction\":[{\"@type\":\"CommentAction\",\"name\":\"Comment\",\"target\":[\"https:\\\/\\\/www.visitcentroamerica.com\\\/sala-prensa\\\/actualidad\\\/las-relaciones-comerciales-entre-centroamerica-y-espana-se-refuerzan\\\/#respond\"]}]},{\"@type\":\"WebPage\",\"@id\":\"https:\\\/\\\/www.visitcentroamerica.com\\\/sala-prensa\\\/actualidad\\\/las-relaciones-comerciales-entre-centroamerica-y-espana-se-refuerzan\\\/\",\"url\":\"https:\\\/\\\/www.visitcentroamerica.com\\\/sala-prensa\\\/actualidad\\\/las-relaciones-comerciales-entre-centroamerica-y-espana-se-refuerzan\\\/\",\"name\":\"Relaciones comerciales entre Centroam\u00e9rica y Espa\u00f1a: oportunidad\",\"isPartOf\":{\"@id\":\"https:\\\/\\\/www.visitcentroamerica.com\\\/sala-prensa\\\/#website\"},\"primaryImageOfPage\":{\"@id\":\"https:\\\/\\\/www.visitcentroamerica.com\\\/sala-prensa\\\/actualidad\\\/las-relaciones-comerciales-entre-centroamerica-y-espana-se-refuerzan\\\/#primaryimage\"},\"image\":{\"@id\":\"https:\\\/\\\/www.visitcentroamerica.com\\\/sala-prensa\\\/actualidad\\\/las-relaciones-comerciales-entre-centroamerica-y-espana-se-refuerzan\\\/#primaryimage\"},\"thumbnailUrl\":\"https:\\\/\\\/www.visitcentroamerica.com\\\/sala-prensa\\\/wp-content\\\/uploads\\\/2021\\\/12\\\/trade-relations-between-central-america-and-spain.png\",\"datePublished\":\"2021-12-20T12:00:31+00:00\",\"dateModified\":\"2022-01-25T12:05:20+00:00\",\"author\":{\"@id\":\"https:\\\/\\\/www.visitcentroamerica.com\\\/sala-prensa\\\/#\\\/schema\\\/person\\\/0aa3bd0dbaabaead6089ee3dd0cd7ae5\"},\"description\":\"Las relaciones comerciales entre Centroam\u00e9rica y Espa\u00f1a pasan por uno de sus mejores momentos.\",\"breadcrumb\":{\"@id\":\"https:\\\/\\\/www.visitcentroamerica.com\\\/sala-prensa\\\/actualidad\\\/las-relaciones-comerciales-entre-centroamerica-y-espana-se-refuerzan\\\/#breadcrumb\"},\"inLanguage\":\"es\",\"potentialAction\":[{\"@type\":\"ReadAction\",\"target\":[\"https:\\\/\\\/www.visitcentroamerica.com\\\/sala-prensa\\\/actualidad\\\/las-relaciones-comerciales-entre-centroamerica-y-espana-se-refuerzan\\\/\"]}]},{\"@type\":\"ImageObject\",\"inLanguage\":\"es\",\"@id\":\"https:\\\/\\\/www.visitcentroamerica.com\\\/sala-prensa\\\/actualidad\\\/las-relaciones-comerciales-entre-centroamerica-y-espana-se-refuerzan\\\/#primaryimage\",\"url\":\"https:\\\/\\\/www.visitcentroamerica.com\\\/sala-prensa\\\/wp-content\\\/uploads\\\/2021\\\/12\\\/trade-relations-between-central-america-and-spain.png\",\"contentUrl\":\"https:\\\/\\\/www.visitcentroamerica.com\\\/sala-prensa\\\/wp-content\\\/uploads\\\/2021\\\/12\\\/trade-relations-between-central-america-and-spain.png\",\"width\":1200,\"height\":600,\"caption\":\"trade relations between central america and spain\"},{\"@type\":\"BreadcrumbList\",\"@id\":\"https:\\\/\\\/www.visitcentroamerica.com\\\/sala-prensa\\\/actualidad\\\/las-relaciones-comerciales-entre-centroamerica-y-espana-se-refuerzan\\\/#breadcrumb\",\"itemListElement\":[{\"@type\":\"ListItem\",\"position\":1,\"name\":\"Portada\",\"item\":\"https:\\\/\\\/www.visitcentroamerica.com\\\/sala-prensa\\\/\"},{\"@type\":\"ListItem\",\"position\":2,\"name\":\"Las relaciones comerciales entre Centroam\u00e9rica y Espa\u00f1a se refuerzan\"}]},{\"@type\":\"WebSite\",\"@id\":\"https:\\\/\\\/www.visitcentroamerica.com\\\/sala-prensa\\\/#website\",\"url\":\"https:\\\/\\\/www.visitcentroamerica.com\\\/sala-prensa\\\/\",\"name\":\"Sala de prensa\",\"description\":\"\",\"potentialAction\":[{\"@type\":\"SearchAction\",\"target\":{\"@type\":\"EntryPoint\",\"urlTemplate\":\"https:\\\/\\\/www.visitcentroamerica.com\\\/sala-prensa\\\/?s={search_term_string}\"},\"query-input\":{\"@type\":\"PropertyValueSpecification\",\"valueRequired\":true,\"valueName\":\"search_term_string\"}}],\"inLanguage\":\"es\"},{\"@type\":\"Person\",\"@id\":\"https:\\\/\\\/www.visitcentroamerica.com\\\/sala-prensa\\\/#\\\/schema\\\/person\\\/0aa3bd0dbaabaead6089ee3dd0cd7ae5\",\"name\":\"Denis Alvarado\",\"image\":{\"@type\":\"ImageObject\",\"inLanguage\":\"es\",\"@id\":\"https:\\\/\\\/secure.gravatar.com\\\/avatar\\\/c31f0697f6edb7c68d5dedc2ccbd548d2a9f73aa293e81c6a1425229ec4c9135?s=96&d=mm&r=g\",\"url\":\"https:\\\/\\\/secure.gravatar.com\\\/avatar\\\/c31f0697f6edb7c68d5dedc2ccbd548d2a9f73aa293e81c6a1425229ec4c9135?s=96&d=mm&r=g\",\"contentUrl\":\"https:\\\/\\\/secure.gravatar.com\\\/avatar\\\/c31f0697f6edb7c68d5dedc2ccbd548d2a9f73aa293e81c6a1425229ec4c9135?s=96&d=mm&r=g\",\"caption\":\"Denis Alvarado\"},\"url\":\"https:\\\/\\\/www.visitcentroamerica.com\\\/sala-prensa\\\/author\\\/denis\\\/\"}]}<\/script>\n<!-- \/ Yoast SEO plugin. -->","yoast_head_json":{"title":"Relaciones comerciales entre Centroam\u00e9rica y Espa\u00f1a: oportunidad","description":"Las relaciones comerciales entre Centroam\u00e9rica y Espa\u00f1a pasan por uno de sus mejores momentos.","robots":{"index":"index","follow":"follow","max-snippet":"max-snippet:-1","max-image-preview":"max-image-preview:large","max-video-preview":"max-video-preview:-1"},"canonical":"https:\/\/www.visitcentroamerica.com\/sala-prensa\/actualidad\/las-relaciones-comerciales-entre-centroamerica-y-espana-se-refuerzan\/","og_locale":"es_ES","og_type":"article","og_title":"Relaciones comerciales entre Centroam\u00e9rica y Espa\u00f1a: oportunidad","og_description":"Las relaciones comerciales entre Centroam\u00e9rica y Espa\u00f1a pasan por uno de sus mejores momentos.","og_url":"https:\/\/www.visitcentroamerica.com\/sala-prensa\/actualidad\/las-relaciones-comerciales-entre-centroamerica-y-espana-se-refuerzan\/","og_site_name":"Sala de prensa","article_published_time":"2021-12-20T12:00:31+00:00","article_modified_time":"2022-01-25T12:05:20+00:00","og_image":[{"width":1200,"height":600,"url":"https:\/\/www.visitcentroamerica.com\/sala-prensa\/wp-content\/uploads\/2021\/12\/trade-relations-between-central-america-and-spain.png","type":"image\/png"}],"author":"Denis Alvarado","twitter_card":"summary_large_image","twitter_misc":{"Escrito por":"Denis Alvarado","Tiempo de lectura":"2 minutos"},"schema":{"@context":"https:\/\/schema.org","@graph":[{"@type":"Article","@id":"https:\/\/www.visitcentroamerica.com\/sala-prensa\/actualidad\/las-relaciones-comerciales-entre-centroamerica-y-espana-se-refuerzan\/#article","isPartOf":{"@id":"https:\/\/www.visitcentroamerica.com\/sala-prensa\/actualidad\/las-relaciones-comerciales-entre-centroamerica-y-espana-se-refuerzan\/"},"author":{"name":"Denis Alvarado","@id":"https:\/\/www.visitcentroamerica.com\/sala-prensa\/#\/schema\/person\/0aa3bd0dbaabaead6089ee3dd0cd7ae5"},"headline":"Las relaciones comerciales entre Centroam\u00e9rica y Espa\u00f1a se refuerzan","datePublished":"2021-12-20T12:00:31+00:00","dateModified":"2022-01-25T12:05:20+00:00","mainEntityOfPage":{"@id":"https:\/\/www.visitcentroamerica.com\/sala-prensa\/actualidad\/las-relaciones-comerciales-entre-centroamerica-y-espana-se-refuerzan\/"},"wordCount":266,"commentCount":0,"image":{"@id":"https:\/\/www.visitcentroamerica.com\/sala-prensa\/actualidad\/las-relaciones-comerciales-entre-centroamerica-y-espana-se-refuerzan\/#primaryimage"},"thumbnailUrl":"https:\/\/www.visitcentroamerica.com\/sala-prensa\/wp-content\/uploads\/2021\/12\/trade-relations-between-central-america-and-spain.png","articleSection":["Actualidad","Negocios"],"inLanguage":"es","potentialAction":[{"@type":"CommentAction","name":"Comment","target":["https:\/\/www.visitcentroamerica.com\/sala-prensa\/actualidad\/las-relaciones-comerciales-entre-centroamerica-y-espana-se-refuerzan\/#respond"]}]},{"@type":"WebPage","@id":"https:\/\/www.visitcentroamerica.com\/sala-prensa\/actualidad\/las-relaciones-comerciales-entre-centroamerica-y-espana-se-refuerzan\/","url":"https:\/\/www.visitcentroamerica.com\/sala-prensa\/actualidad\/las-relaciones-comerciales-entre-centroamerica-y-espana-se-refuerzan\/","name":"Relaciones comerciales entre Centroam\u00e9rica y Espa\u00f1a: oportunidad","isPartOf":{"@id":"https:\/\/www.visitcentroamerica.com\/sala-prensa\/#website"},"primaryImageOfPage":{"@id":"https:\/\/www.visitcentroamerica.com\/sala-prensa\/actualidad\/las-relaciones-comerciales-entre-centroamerica-y-espana-se-refuerzan\/#primaryimage"},"image":{"@id":"https:\/\/www.visitcentroamerica.com\/sala-prensa\/actualidad\/las-relaciones-comerciales-entre-centroamerica-y-espana-se-refuerzan\/#primaryimage"},"thumbnailUrl":"https:\/\/www.visitcentroamerica.com\/sala-prensa\/wp-content\/uploads\/2021\/12\/trade-relations-between-central-america-and-spain.png","datePublished":"2021-12-20T12:00:31+00:00","dateModified":"2022-01-25T12:05:20+00:00","author":{"@id":"https:\/\/www.visitcentroamerica.com\/sala-prensa\/#\/schema\/person\/0aa3bd0dbaabaead6089ee3dd0cd7ae5"},"description":"Las relaciones comerciales entre Centroam\u00e9rica y Espa\u00f1a pasan por uno de sus mejores momentos.","breadcrumb":{"@id":"https:\/\/www.visitcentroamerica.com\/sala-prensa\/actualidad\/las-relaciones-comerciales-entre-centroamerica-y-espana-se-refuerzan\/#breadcrumb"},"inLanguage":"es","potentialAction":[{"@type":"ReadAction","target":["https:\/\/www.visitcentroamerica.com\/sala-prensa\/actualidad\/las-relaciones-comerciales-entre-centroamerica-y-espana-se-refuerzan\/"]}]},{"@type":"ImageObject","inLanguage":"es","@id":"https:\/\/www.visitcentroamerica.com\/sala-prensa\/actualidad\/las-relaciones-comerciales-entre-centroamerica-y-espana-se-refuerzan\/#primaryimage","url":"https:\/\/www.visitcentroamerica.com\/sala-prensa\/wp-content\/uploads\/2021\/12\/trade-relations-between-central-america-and-spain.png","contentUrl":"https:\/\/www.visitcentroamerica.com\/sala-prensa\/wp-content\/uploads\/2021\/12\/trade-relations-between-central-america-and-spain.png","width":1200,"height":600,"caption":"trade relations between central america and spain"},{"@type":"BreadcrumbList","@id":"https:\/\/www.visitcentroamerica.com\/sala-prensa\/actualidad\/las-relaciones-comerciales-entre-centroamerica-y-espana-se-refuerzan\/#breadcrumb","itemListElement":[{"@type":"ListItem","position":1,"name":"Portada","item":"https:\/\/www.visitcentroamerica.com\/sala-prensa\/"},{"@type":"ListItem","position":2,"name":"Las relaciones comerciales entre Centroam\u00e9rica y Espa\u00f1a se refuerzan"}]},{"@type":"WebSite","@id":"https:\/\/www.visitcentroamerica.com\/sala-prensa\/#website","url":"https:\/\/www.visitcentroamerica.com\/sala-prensa\/","name":"Sala de prensa","description":"","potentialAction":[{"@type":"SearchAction","target":{"@type":"EntryPoint","urlTemplate":"https:\/\/www.visitcentroamerica.com\/sala-prensa\/?s={search_term_string}"},"query-input":{"@type":"PropertyValueSpecification","valueRequired":true,"valueName":"search_term_string"}}],"inLanguage":"es"},{"@type":"Person","@id":"https:\/\/www.visitcentroamerica.com\/sala-prensa\/#\/schema\/person\/0aa3bd0dbaabaead6089ee3dd0cd7ae5","name":"Denis Alvarado","image":{"@type":"ImageObject","inLanguage":"es","@id":"https:\/\/secure.gravatar.com\/avatar\/c31f0697f6edb7c68d5dedc2ccbd548d2a9f73aa293e81c6a1425229ec4c9135?s=96&d=mm&r=g","url":"https:\/\/secure.gravatar.com\/avatar\/c31f0697f6edb7c68d5dedc2ccbd548d2a9f73aa293e81c6a1425229ec4c9135?s=96&d=mm&r=g","contentUrl":"https:\/\/secure.gravatar.com\/avatar\/c31f0697f6edb7c68d5dedc2ccbd548d2a9f73aa293e81c6a1425229ec4c9135?s=96&d=mm&r=g","caption":"Denis Alvarado"},"url":"https:\/\/www.visitcentroamerica.com\/sala-prensa\/author\/denis\/"}]}},"_links":{"self":[{"href":"https:\/\/www.visitcentroamerica.com\/sala-prensa\/wp-json\/wp\/v2\/posts\/12990","targetHints":{"allow":["GET"]}}],"collection":[{"href":"https:\/\/www.visitcentroamerica.com\/sala-prensa\/wp-json\/wp\/v2\/posts"}],"about":[{"href":"https:\/\/www.visitcentroamerica.com\/sala-prensa\/wp-json\/wp\/v2\/types\/post"}],"author":[{"embeddable":true,"href":"https:\/\/www.visitcentroamerica.com\/sala-prensa\/wp-json\/wp\/v2\/users\/5"}],"replies":[{"embeddable":true,"href":"https:\/\/www.visitcentroamerica.com\/sala-prensa\/wp-json\/wp\/v2\/comments?post=12990"}],"version-history":[{"count":3,"href":"https:\/\/www.visitcentroamerica.com\/sala-prensa\/wp-json\/wp\/v2\/posts\/12990\/revisions"}],"predecessor-version":[{"id":12995,"href":"https:\/\/www.visitcentroamerica.com\/sala-prensa\/wp-json\/wp\/v2\/posts\/12990\/revisions\/12995"}],"wp:featuredmedia":[{"embeddable":true,"href":"https:\/\/www.visitcentroamerica.com\/sala-prensa\/wp-json\/wp\/v2\/media\/12993"}],"wp:attachment":[{"href":"https:\/\/www.visitcentroamerica.com\/sala-prensa\/wp-json\/wp\/v2\/media?parent=12990"}],"wp:term":[{"taxonomy":"category","embeddable":true,"href":"https:\/\/www.visitcentroamerica.com\/sala-prensa\/wp-json\/wp\/v2\/categories?post=12990"},{"taxonomy":"post_tag","embeddable":true,"href":"https:\/\/www.visitcentroamerica.com\/sala-prensa\/wp-json\/wp\/v2\/tags?post=12990"}],"curies":[{"name":"wp","href":"https:\/\/api.w.org\/{rel}","templated":true}]}}