{"id":12987,"date":"2021-12-14T12:00:55","date_gmt":"2021-12-14T12:00:55","guid":{"rendered":"https:\/\/www.visitcentroamerica.com\/sala-prensa\/otros\/all-about-the-ethnic-groups-in-central-america-and-their-characteristics\/"},"modified":"2022-01-25T14:36:51","modified_gmt":"2022-01-25T14:36:51","slug":"todo-sobre-los-grupos-etnicos-en-centroamerica-y-sus-caracteristicas","status":"publish","type":"post","link":"https:\/\/www.visitcentroamerica.com\/sala-prensa\/otros\/todo-sobre-los-grupos-etnicos-en-centroamerica-y-sus-caracteristicas\/","title":{"rendered":"Todo sobre los grupos \u00e9tnicos en Centroam\u00e9rica y sus caracter\u00edsticas"},"content":{"rendered":"<p><img decoding=\"async\" class=\"alignnone size-full wp-image-13018\" src=\"https:\/\/www.visitcentroamerica.com\/sala-prensa\/wp-content\/uploads\/2021\/12\/cuanto-sabes-sobre-la-cultura.png\" alt=\"cuanto sabes sobre la cultura\" width=\"auto\" height=\"100%\" srcset=\"https:\/\/www.visitcentroamerica.com\/sala-prensa\/wp-content\/uploads\/2021\/12\/cuanto-sabes-sobre-la-cultura.png 1200w, https:\/\/www.visitcentroamerica.com\/sala-prensa\/wp-content\/uploads\/2021\/12\/cuanto-sabes-sobre-la-cultura-300x150.png 300w, https:\/\/www.visitcentroamerica.com\/sala-prensa\/wp-content\/uploads\/2021\/12\/cuanto-sabes-sobre-la-cultura-1024x512.png 1024w, https:\/\/www.visitcentroamerica.com\/sala-prensa\/wp-content\/uploads\/2021\/12\/cuanto-sabes-sobre-la-cultura-768x384.png 768w, https:\/\/www.visitcentroamerica.com\/sala-prensa\/wp-content\/uploads\/2021\/12\/cuanto-sabes-sobre-la-cultura-696x348.png 696w, https:\/\/www.visitcentroamerica.com\/sala-prensa\/wp-content\/uploads\/2021\/12\/cuanto-sabes-sobre-la-cultura-1068x534.png 1068w, https:\/\/www.visitcentroamerica.com\/sala-prensa\/wp-content\/uploads\/2021\/12\/cuanto-sabes-sobre-la-cultura-840x420.png 840w, https:\/\/www.visitcentroamerica.com\/sala-prensa\/wp-content\/uploads\/2021\/12\/cuanto-sabes-sobre-la-cultura-500x250.png 500w\" sizes=\"(max-width: 1200px) 100vw, 1200px\" \/><\/p>\n<p>Una de las cosas que m\u00e1s llama la atenci\u00f3n de <strong>Centroam\u00e9rica <\/strong>es su diversidad de gentes. Es posible encontrar desde las zonas m\u00e1s norte\u00f1as hasta el sur, pasando por el Caribe, diferentes grupos \u00e9tnicos y tribales que configuran en gran medida la <strong>identidad <\/strong>de cada lugar. Los <strong>grupos \u00e9tnicos en Centroam\u00e9rica y sus caracter\u00edsticas\u00a0<\/strong>han sido un elemento de estudio para muchos expertos. Estas investigaciones han llegado a nosotros en forma de pel\u00edculas y series en las que observamos modos de vida y costumbres fascinantes.<\/p>\n<p>Un viaje por <strong>Centroam\u00e9rica <\/strong>me permitir\u00e1 encontrar civilizaciones antiguas y actuales que conviven en armon\u00eda, respetando la naturaleza y el legado de las culturas precolombinas. Estas <strong>civilizaciones <\/strong>expresan su sentir mediante rituales, obras de arte y lenguas que conocer\u00e9 de la mano de sus protagonistas, los descendientes de valientes guerreros centroamericanos.<\/p>\n<p>A diferencia de lo que ocurre en otros lugares ex\u00f3ticos, las<strong> etnias de Centroam\u00e9rica <\/strong>conservan un positivo estado de salud poblacional. Es posible encontrar muchas personas con rasgos ind\u00edgenas y un pasado al que pueden remontarse. Muchos de ellos poseen antepasados que hablaban las lenguas originarias en pa\u00edses como Honduras o <a href=\"https:\/\/www.visitcentroamerica.com\/packages\/herencia-maya-y-naturaleza\/\" target=\"_blank\" rel=\"noopener\">Guatemala<\/a>. En estos pa\u00edses encontrar\u00e1s a descendientes de estas civilizaciones que mantienen ciertas tradiciones y costumbres que han dado forma a la cultura de los pa\u00edses que habitan hoy.<\/p>\n<h3>\u00bfQu\u00e9 etnias hay en Centroam\u00e9rica?<\/h3>\n<p>Un viaje por esta regi\u00f3n me permitir\u00e1 no solo entrar en contacto con especies de flora y fauna fascinantes, sino tambi\u00e9n conectar con diferentes etnias. Esta es una de las <strong>experiencias enriquecedoras <\/strong>de viajar, el entrar en contacto con otras formas de vivir y aprender de ellas. Para responder a la pregunta de qu\u00e9 etnias hay en Centroam\u00e9rica, lo mejor es viajar al lugar y disfrutar en el terreno de algunas de las m\u00e1s conocidas y admiradas.<\/p>\n<p>Estas personas no solo me hablar\u00e1n de folclore y de festividades locales, sino tambi\u00e9n de Historia. El curso de los hechos hist\u00f3ricos ha hecho que hoy en d\u00eda los 50 millones<strong> de personas <\/strong>que viven en la regi\u00f3n se organicen de forma desigual entre distintas etnias. Es importante matizar que suelen clasificarse en varias categor\u00edas: mestizos, ind\u00edgenas, blancos, afrodescendientes y un peque\u00f1o grupo de asi\u00e1ticos. Cada pa\u00eds tiene una composici\u00f3n \u00e9tnica diferente, ya que en pa\u00edses como El Salvador apenas encontramos <strong>afrodescendientes<\/strong>, pero s\u00ed los hay en Honduras, por ejemplo.<\/p>\n<p>Estas historias de guerras, migraciones forzosas y esclavitud han marcado el car\u00e1cter de muchos pueblos, que sonr\u00eden hoy libres y nos cuentan un relato personal. Descubrir\u00e9 emocionado diferentes hechos hist\u00f3ricos que han acontecido en la regi\u00f3n y que han involucrado a grupos como los <strong>mayas<\/strong>, arawaks, lencas, xincas o n\u00e1huat. Estos grupos \u00e9tnicos han cooperado y luchado entre s\u00ed por el control de estas bellas tierras durante a\u00f1os. Hoy en d\u00eda muestran un legado de apego a la tierra y de devoci\u00f3n hacia algunos s\u00edmbolos sagrados.<\/p>\n<p>Podr\u00e9 descubrir como la <strong>herencia ind\u00edgena<\/strong> y de sus religiones se mezcla con la europea y cristiana\u00a0para crear costumbres muy especiales. En estos eventos y festividades locales me podr\u00e9 sentir acogido y parte de una celebraci\u00f3n especial. Adem\u00e1s, me servir\u00e1n para establecer v\u00ednculos con personas deseosas de abrir su cultura al mundo.<\/p>\n<p>En mi mano quedar\u00e1 contar a los dem\u00e1s todo lo que he visto y hablarles de todos los grupos \u00e9tnicos que descubrir\u00e9. Los <strong>grupos \u00e9tnicos en Centroam\u00e9rica y sus caracter\u00edsticas <\/strong>son algo que a nivel antropol\u00f3gico, pol\u00edtico y social tienen gran relevancia hoy en d\u00eda. Entra en <a href=\"https:\/\/www.visitcentroamerica.com\/\" target=\"_blank\" rel=\"noopener\">nuestra web<\/a> y descubre c\u00f3mo puedes ponerte en contacto con estas <strong>culturas milenarias\u00a0<\/strong>con nuestros viajes multidestino.<\/p>\n<p><a href=\"https:\/\/www.visitcentroamerica.com\/packages\/el-magico-guatemala\/\" target=\"_blank\" rel=\"noopener\">El m\u00e1gico Guatemala<\/a><\/p>\n<p><a href=\"https:\/\/www.visitcentroamerica.com\/packages\/ruta-los-volcanes-mayas-lencas-garifunas\/\" target=\"_blank\" rel=\"noopener\">Ruta de los volcanes: mayas, lencas y garifunas<\/a><\/p>\n","protected":false},"excerpt":{"rendered":"<p>Una de las cosas que m\u00e1s llama la atenci\u00f3n de Centroam\u00e9rica es su diversidad de gentes. Es posible encontrar desde las zonas m\u00e1s norte\u00f1as hasta el sur, pasando por el Caribe, diferentes grupos \u00e9tnicos y tribales que configuran en gran medida la identidad de cada lugar. Los grupos \u00e9tnicos en Centroam\u00e9rica y sus caracter\u00edsticas\u00a0han sido [&hellip;]<\/p>\n","protected":false},"author":5,"featured_media":13018,"comment_status":"open","ping_status":"closed","sticky":false,"template":"","format":"standard","meta":{"footnotes":""},"categories":[29,30,1],"tags":[],"class_list":{"0":"post-12987","1":"post","2":"type-post","3":"status-publish","4":"format-standard","5":"has-post-thumbnail","7":"category-cultura","8":"category-diversidad-cultural","9":"category-otros"},"yoast_head":"<!-- This site is optimized with the Yoast SEO plugin v27.3 - https:\/\/yoast.com\/product\/yoast-seo-wordpress\/ -->\n<title>Grupos \u00e9tnicos en Centroam\u00e9rica y sus caracter\u00edsticas: inf\u00f3rmate<\/title>\n<meta name=\"description\" content=\"Grupos \u00e9tnicos en Centroam\u00e9rica y sus caracter\u00edsticas. Te contamos todo sobre los packs de viaje que te permiten descubrir esta riqueza cultural\" \/>\n<meta name=\"robots\" content=\"index, follow, max-snippet:-1, max-image-preview:large, max-video-preview:-1\" \/>\n<link rel=\"canonical\" href=\"https:\/\/www.visitcentroamerica.com\/sala-prensa\/otros\/todo-sobre-los-grupos-etnicos-en-centroamerica-y-sus-caracteristicas\/\" \/>\n<meta property=\"og:locale\" content=\"es_ES\" \/>\n<meta property=\"og:type\" content=\"article\" \/>\n<meta property=\"og:title\" content=\"Grupos \u00e9tnicos en Centroam\u00e9rica y sus caracter\u00edsticas: inf\u00f3rmate\" \/>\n<meta property=\"og:description\" content=\"Grupos \u00e9tnicos en Centroam\u00e9rica y sus caracter\u00edsticas. Te contamos todo sobre los packs de viaje que te permiten descubrir esta riqueza cultural\" \/>\n<meta property=\"og:url\" content=\"https:\/\/www.visitcentroamerica.com\/sala-prensa\/otros\/todo-sobre-los-grupos-etnicos-en-centroamerica-y-sus-caracteristicas\/\" \/>\n<meta property=\"og:site_name\" content=\"Sala de prensa\" \/>\n<meta property=\"article:published_time\" content=\"2021-12-14T12:00:55+00:00\" \/>\n<meta property=\"article:modified_time\" content=\"2022-01-25T14:36:51+00:00\" \/>\n<meta property=\"og:image\" content=\"https:\/\/www.visitcentroamerica.com\/sala-prensa\/wp-content\/uploads\/2021\/12\/cuanto-sabes-sobre-la-cultura.png\" \/>\n\t<meta property=\"og:image:width\" content=\"1200\" \/>\n\t<meta property=\"og:image:height\" content=\"600\" \/>\n\t<meta property=\"og:image:type\" content=\"image\/png\" \/>\n<meta name=\"author\" content=\"Denis Alvarado\" \/>\n<meta name=\"twitter:card\" content=\"summary_large_image\" \/>\n<meta name=\"twitter:label1\" content=\"Escrito por\" \/>\n\t<meta name=\"twitter:data1\" content=\"Denis Alvarado\" \/>\n\t<meta name=\"twitter:label2\" content=\"Tiempo de lectura\" \/>\n\t<meta name=\"twitter:data2\" content=\"3 minutos\" \/>\n<script type=\"application\/ld+json\" class=\"yoast-schema-graph\">{\"@context\":\"https:\\\/\\\/schema.org\",\"@graph\":[{\"@type\":\"Article\",\"@id\":\"https:\\\/\\\/www.visitcentroamerica.com\\\/sala-prensa\\\/otros\\\/todo-sobre-los-grupos-etnicos-en-centroamerica-y-sus-caracteristicas\\\/#article\",\"isPartOf\":{\"@id\":\"https:\\\/\\\/www.visitcentroamerica.com\\\/sala-prensa\\\/otros\\\/todo-sobre-los-grupos-etnicos-en-centroamerica-y-sus-caracteristicas\\\/\"},\"author\":{\"name\":\"Denis Alvarado\",\"@id\":\"https:\\\/\\\/www.visitcentroamerica.com\\\/sala-prensa\\\/#\\\/schema\\\/person\\\/0aa3bd0dbaabaead6089ee3dd0cd7ae5\"},\"headline\":\"Todo sobre los grupos \u00e9tnicos en Centroam\u00e9rica y sus caracter\u00edsticas\",\"datePublished\":\"2021-12-14T12:00:55+00:00\",\"dateModified\":\"2022-01-25T14:36:51+00:00\",\"mainEntityOfPage\":{\"@id\":\"https:\\\/\\\/www.visitcentroamerica.com\\\/sala-prensa\\\/otros\\\/todo-sobre-los-grupos-etnicos-en-centroamerica-y-sus-caracteristicas\\\/\"},\"wordCount\":669,\"commentCount\":0,\"image\":{\"@id\":\"https:\\\/\\\/www.visitcentroamerica.com\\\/sala-prensa\\\/otros\\\/todo-sobre-los-grupos-etnicos-en-centroamerica-y-sus-caracteristicas\\\/#primaryimage\"},\"thumbnailUrl\":\"https:\\\/\\\/www.visitcentroamerica.com\\\/sala-prensa\\\/wp-content\\\/uploads\\\/2021\\\/12\\\/cuanto-sabes-sobre-la-cultura.png\",\"articleSection\":[\"Cultura\",\"Diversidad Cultural\",\"Otros\"],\"inLanguage\":\"es\",\"potentialAction\":[{\"@type\":\"CommentAction\",\"name\":\"Comment\",\"target\":[\"https:\\\/\\\/www.visitcentroamerica.com\\\/sala-prensa\\\/otros\\\/todo-sobre-los-grupos-etnicos-en-centroamerica-y-sus-caracteristicas\\\/#respond\"]}]},{\"@type\":\"WebPage\",\"@id\":\"https:\\\/\\\/www.visitcentroamerica.com\\\/sala-prensa\\\/otros\\\/todo-sobre-los-grupos-etnicos-en-centroamerica-y-sus-caracteristicas\\\/\",\"url\":\"https:\\\/\\\/www.visitcentroamerica.com\\\/sala-prensa\\\/otros\\\/todo-sobre-los-grupos-etnicos-en-centroamerica-y-sus-caracteristicas\\\/\",\"name\":\"Grupos \u00e9tnicos en Centroam\u00e9rica y sus caracter\u00edsticas: inf\u00f3rmate\",\"isPartOf\":{\"@id\":\"https:\\\/\\\/www.visitcentroamerica.com\\\/sala-prensa\\\/#website\"},\"primaryImageOfPage\":{\"@id\":\"https:\\\/\\\/www.visitcentroamerica.com\\\/sala-prensa\\\/otros\\\/todo-sobre-los-grupos-etnicos-en-centroamerica-y-sus-caracteristicas\\\/#primaryimage\"},\"image\":{\"@id\":\"https:\\\/\\\/www.visitcentroamerica.com\\\/sala-prensa\\\/otros\\\/todo-sobre-los-grupos-etnicos-en-centroamerica-y-sus-caracteristicas\\\/#primaryimage\"},\"thumbnailUrl\":\"https:\\\/\\\/www.visitcentroamerica.com\\\/sala-prensa\\\/wp-content\\\/uploads\\\/2021\\\/12\\\/cuanto-sabes-sobre-la-cultura.png\",\"datePublished\":\"2021-12-14T12:00:55+00:00\",\"dateModified\":\"2022-01-25T14:36:51+00:00\",\"author\":{\"@id\":\"https:\\\/\\\/www.visitcentroamerica.com\\\/sala-prensa\\\/#\\\/schema\\\/person\\\/0aa3bd0dbaabaead6089ee3dd0cd7ae5\"},\"description\":\"Grupos \u00e9tnicos en Centroam\u00e9rica y sus caracter\u00edsticas. Te contamos todo sobre los packs de viaje que te permiten descubrir esta riqueza cultural\",\"breadcrumb\":{\"@id\":\"https:\\\/\\\/www.visitcentroamerica.com\\\/sala-prensa\\\/otros\\\/todo-sobre-los-grupos-etnicos-en-centroamerica-y-sus-caracteristicas\\\/#breadcrumb\"},\"inLanguage\":\"es\",\"potentialAction\":[{\"@type\":\"ReadAction\",\"target\":[\"https:\\\/\\\/www.visitcentroamerica.com\\\/sala-prensa\\\/otros\\\/todo-sobre-los-grupos-etnicos-en-centroamerica-y-sus-caracteristicas\\\/\"]}]},{\"@type\":\"ImageObject\",\"inLanguage\":\"es\",\"@id\":\"https:\\\/\\\/www.visitcentroamerica.com\\\/sala-prensa\\\/otros\\\/todo-sobre-los-grupos-etnicos-en-centroamerica-y-sus-caracteristicas\\\/#primaryimage\",\"url\":\"https:\\\/\\\/www.visitcentroamerica.com\\\/sala-prensa\\\/wp-content\\\/uploads\\\/2021\\\/12\\\/cuanto-sabes-sobre-la-cultura.png\",\"contentUrl\":\"https:\\\/\\\/www.visitcentroamerica.com\\\/sala-prensa\\\/wp-content\\\/uploads\\\/2021\\\/12\\\/cuanto-sabes-sobre-la-cultura.png\",\"width\":1200,\"height\":600,\"caption\":\"cuanto sabes sobre la cultura\"},{\"@type\":\"BreadcrumbList\",\"@id\":\"https:\\\/\\\/www.visitcentroamerica.com\\\/sala-prensa\\\/otros\\\/todo-sobre-los-grupos-etnicos-en-centroamerica-y-sus-caracteristicas\\\/#breadcrumb\",\"itemListElement\":[{\"@type\":\"ListItem\",\"position\":1,\"name\":\"Portada\",\"item\":\"https:\\\/\\\/www.visitcentroamerica.com\\\/sala-prensa\\\/\"},{\"@type\":\"ListItem\",\"position\":2,\"name\":\"Todo sobre los grupos \u00e9tnicos en Centroam\u00e9rica y sus caracter\u00edsticas\"}]},{\"@type\":\"WebSite\",\"@id\":\"https:\\\/\\\/www.visitcentroamerica.com\\\/sala-prensa\\\/#website\",\"url\":\"https:\\\/\\\/www.visitcentroamerica.com\\\/sala-prensa\\\/\",\"name\":\"Sala de prensa\",\"description\":\"\",\"potentialAction\":[{\"@type\":\"SearchAction\",\"target\":{\"@type\":\"EntryPoint\",\"urlTemplate\":\"https:\\\/\\\/www.visitcentroamerica.com\\\/sala-prensa\\\/?s={search_term_string}\"},\"query-input\":{\"@type\":\"PropertyValueSpecification\",\"valueRequired\":true,\"valueName\":\"search_term_string\"}}],\"inLanguage\":\"es\"},{\"@type\":\"Person\",\"@id\":\"https:\\\/\\\/www.visitcentroamerica.com\\\/sala-prensa\\\/#\\\/schema\\\/person\\\/0aa3bd0dbaabaead6089ee3dd0cd7ae5\",\"name\":\"Denis Alvarado\",\"image\":{\"@type\":\"ImageObject\",\"inLanguage\":\"es\",\"@id\":\"https:\\\/\\\/secure.gravatar.com\\\/avatar\\\/c31f0697f6edb7c68d5dedc2ccbd548d2a9f73aa293e81c6a1425229ec4c9135?s=96&d=mm&r=g\",\"url\":\"https:\\\/\\\/secure.gravatar.com\\\/avatar\\\/c31f0697f6edb7c68d5dedc2ccbd548d2a9f73aa293e81c6a1425229ec4c9135?s=96&d=mm&r=g\",\"contentUrl\":\"https:\\\/\\\/secure.gravatar.com\\\/avatar\\\/c31f0697f6edb7c68d5dedc2ccbd548d2a9f73aa293e81c6a1425229ec4c9135?s=96&d=mm&r=g\",\"caption\":\"Denis Alvarado\"},\"url\":\"https:\\\/\\\/www.visitcentroamerica.com\\\/sala-prensa\\\/author\\\/denis\\\/\"}]}<\/script>\n<!-- \/ Yoast SEO plugin. -->","yoast_head_json":{"title":"Grupos \u00e9tnicos en Centroam\u00e9rica y sus caracter\u00edsticas: inf\u00f3rmate","description":"Grupos \u00e9tnicos en Centroam\u00e9rica y sus caracter\u00edsticas. Te contamos todo sobre los packs de viaje que te permiten descubrir esta riqueza cultural","robots":{"index":"index","follow":"follow","max-snippet":"max-snippet:-1","max-image-preview":"max-image-preview:large","max-video-preview":"max-video-preview:-1"},"canonical":"https:\/\/www.visitcentroamerica.com\/sala-prensa\/otros\/todo-sobre-los-grupos-etnicos-en-centroamerica-y-sus-caracteristicas\/","og_locale":"es_ES","og_type":"article","og_title":"Grupos \u00e9tnicos en Centroam\u00e9rica y sus caracter\u00edsticas: inf\u00f3rmate","og_description":"Grupos \u00e9tnicos en Centroam\u00e9rica y sus caracter\u00edsticas. Te contamos todo sobre los packs de viaje que te permiten descubrir esta riqueza cultural","og_url":"https:\/\/www.visitcentroamerica.com\/sala-prensa\/otros\/todo-sobre-los-grupos-etnicos-en-centroamerica-y-sus-caracteristicas\/","og_site_name":"Sala de prensa","article_published_time":"2021-12-14T12:00:55+00:00","article_modified_time":"2022-01-25T14:36:51+00:00","og_image":[{"width":1200,"height":600,"url":"https:\/\/www.visitcentroamerica.com\/sala-prensa\/wp-content\/uploads\/2021\/12\/cuanto-sabes-sobre-la-cultura.png","type":"image\/png"}],"author":"Denis Alvarado","twitter_card":"summary_large_image","twitter_misc":{"Escrito por":"Denis Alvarado","Tiempo de lectura":"3 minutos"},"schema":{"@context":"https:\/\/schema.org","@graph":[{"@type":"Article","@id":"https:\/\/www.visitcentroamerica.com\/sala-prensa\/otros\/todo-sobre-los-grupos-etnicos-en-centroamerica-y-sus-caracteristicas\/#article","isPartOf":{"@id":"https:\/\/www.visitcentroamerica.com\/sala-prensa\/otros\/todo-sobre-los-grupos-etnicos-en-centroamerica-y-sus-caracteristicas\/"},"author":{"name":"Denis Alvarado","@id":"https:\/\/www.visitcentroamerica.com\/sala-prensa\/#\/schema\/person\/0aa3bd0dbaabaead6089ee3dd0cd7ae5"},"headline":"Todo sobre los grupos \u00e9tnicos en Centroam\u00e9rica y sus caracter\u00edsticas","datePublished":"2021-12-14T12:00:55+00:00","dateModified":"2022-01-25T14:36:51+00:00","mainEntityOfPage":{"@id":"https:\/\/www.visitcentroamerica.com\/sala-prensa\/otros\/todo-sobre-los-grupos-etnicos-en-centroamerica-y-sus-caracteristicas\/"},"wordCount":669,"commentCount":0,"image":{"@id":"https:\/\/www.visitcentroamerica.com\/sala-prensa\/otros\/todo-sobre-los-grupos-etnicos-en-centroamerica-y-sus-caracteristicas\/#primaryimage"},"thumbnailUrl":"https:\/\/www.visitcentroamerica.com\/sala-prensa\/wp-content\/uploads\/2021\/12\/cuanto-sabes-sobre-la-cultura.png","articleSection":["Cultura","Diversidad Cultural","Otros"],"inLanguage":"es","potentialAction":[{"@type":"CommentAction","name":"Comment","target":["https:\/\/www.visitcentroamerica.com\/sala-prensa\/otros\/todo-sobre-los-grupos-etnicos-en-centroamerica-y-sus-caracteristicas\/#respond"]}]},{"@type":"WebPage","@id":"https:\/\/www.visitcentroamerica.com\/sala-prensa\/otros\/todo-sobre-los-grupos-etnicos-en-centroamerica-y-sus-caracteristicas\/","url":"https:\/\/www.visitcentroamerica.com\/sala-prensa\/otros\/todo-sobre-los-grupos-etnicos-en-centroamerica-y-sus-caracteristicas\/","name":"Grupos \u00e9tnicos en Centroam\u00e9rica y sus caracter\u00edsticas: inf\u00f3rmate","isPartOf":{"@id":"https:\/\/www.visitcentroamerica.com\/sala-prensa\/#website"},"primaryImageOfPage":{"@id":"https:\/\/www.visitcentroamerica.com\/sala-prensa\/otros\/todo-sobre-los-grupos-etnicos-en-centroamerica-y-sus-caracteristicas\/#primaryimage"},"image":{"@id":"https:\/\/www.visitcentroamerica.com\/sala-prensa\/otros\/todo-sobre-los-grupos-etnicos-en-centroamerica-y-sus-caracteristicas\/#primaryimage"},"thumbnailUrl":"https:\/\/www.visitcentroamerica.com\/sala-prensa\/wp-content\/uploads\/2021\/12\/cuanto-sabes-sobre-la-cultura.png","datePublished":"2021-12-14T12:00:55+00:00","dateModified":"2022-01-25T14:36:51+00:00","author":{"@id":"https:\/\/www.visitcentroamerica.com\/sala-prensa\/#\/schema\/person\/0aa3bd0dbaabaead6089ee3dd0cd7ae5"},"description":"Grupos \u00e9tnicos en Centroam\u00e9rica y sus caracter\u00edsticas. Te contamos todo sobre los packs de viaje que te permiten descubrir esta riqueza cultural","breadcrumb":{"@id":"https:\/\/www.visitcentroamerica.com\/sala-prensa\/otros\/todo-sobre-los-grupos-etnicos-en-centroamerica-y-sus-caracteristicas\/#breadcrumb"},"inLanguage":"es","potentialAction":[{"@type":"ReadAction","target":["https:\/\/www.visitcentroamerica.com\/sala-prensa\/otros\/todo-sobre-los-grupos-etnicos-en-centroamerica-y-sus-caracteristicas\/"]}]},{"@type":"ImageObject","inLanguage":"es","@id":"https:\/\/www.visitcentroamerica.com\/sala-prensa\/otros\/todo-sobre-los-grupos-etnicos-en-centroamerica-y-sus-caracteristicas\/#primaryimage","url":"https:\/\/www.visitcentroamerica.com\/sala-prensa\/wp-content\/uploads\/2021\/12\/cuanto-sabes-sobre-la-cultura.png","contentUrl":"https:\/\/www.visitcentroamerica.com\/sala-prensa\/wp-content\/uploads\/2021\/12\/cuanto-sabes-sobre-la-cultura.png","width":1200,"height":600,"caption":"cuanto sabes sobre la cultura"},{"@type":"BreadcrumbList","@id":"https:\/\/www.visitcentroamerica.com\/sala-prensa\/otros\/todo-sobre-los-grupos-etnicos-en-centroamerica-y-sus-caracteristicas\/#breadcrumb","itemListElement":[{"@type":"ListItem","position":1,"name":"Portada","item":"https:\/\/www.visitcentroamerica.com\/sala-prensa\/"},{"@type":"ListItem","position":2,"name":"Todo sobre los grupos \u00e9tnicos en Centroam\u00e9rica y sus caracter\u00edsticas"}]},{"@type":"WebSite","@id":"https:\/\/www.visitcentroamerica.com\/sala-prensa\/#website","url":"https:\/\/www.visitcentroamerica.com\/sala-prensa\/","name":"Sala de prensa","description":"","potentialAction":[{"@type":"SearchAction","target":{"@type":"EntryPoint","urlTemplate":"https:\/\/www.visitcentroamerica.com\/sala-prensa\/?s={search_term_string}"},"query-input":{"@type":"PropertyValueSpecification","valueRequired":true,"valueName":"search_term_string"}}],"inLanguage":"es"},{"@type":"Person","@id":"https:\/\/www.visitcentroamerica.com\/sala-prensa\/#\/schema\/person\/0aa3bd0dbaabaead6089ee3dd0cd7ae5","name":"Denis Alvarado","image":{"@type":"ImageObject","inLanguage":"es","@id":"https:\/\/secure.gravatar.com\/avatar\/c31f0697f6edb7c68d5dedc2ccbd548d2a9f73aa293e81c6a1425229ec4c9135?s=96&d=mm&r=g","url":"https:\/\/secure.gravatar.com\/avatar\/c31f0697f6edb7c68d5dedc2ccbd548d2a9f73aa293e81c6a1425229ec4c9135?s=96&d=mm&r=g","contentUrl":"https:\/\/secure.gravatar.com\/avatar\/c31f0697f6edb7c68d5dedc2ccbd548d2a9f73aa293e81c6a1425229ec4c9135?s=96&d=mm&r=g","caption":"Denis Alvarado"},"url":"https:\/\/www.visitcentroamerica.com\/sala-prensa\/author\/denis\/"}]}},"_links":{"self":[{"href":"https:\/\/www.visitcentroamerica.com\/sala-prensa\/wp-json\/wp\/v2\/posts\/12987","targetHints":{"allow":["GET"]}}],"collection":[{"href":"https:\/\/www.visitcentroamerica.com\/sala-prensa\/wp-json\/wp\/v2\/posts"}],"about":[{"href":"https:\/\/www.visitcentroamerica.com\/sala-prensa\/wp-json\/wp\/v2\/types\/post"}],"author":[{"embeddable":true,"href":"https:\/\/www.visitcentroamerica.com\/sala-prensa\/wp-json\/wp\/v2\/users\/5"}],"replies":[{"embeddable":true,"href":"https:\/\/www.visitcentroamerica.com\/sala-prensa\/wp-json\/wp\/v2\/comments?post=12987"}],"version-history":[{"count":3,"href":"https:\/\/www.visitcentroamerica.com\/sala-prensa\/wp-json\/wp\/v2\/posts\/12987\/revisions"}],"predecessor-version":[{"id":13020,"href":"https:\/\/www.visitcentroamerica.com\/sala-prensa\/wp-json\/wp\/v2\/posts\/12987\/revisions\/13020"}],"wp:featuredmedia":[{"embeddable":true,"href":"https:\/\/www.visitcentroamerica.com\/sala-prensa\/wp-json\/wp\/v2\/media\/13018"}],"wp:attachment":[{"href":"https:\/\/www.visitcentroamerica.com\/sala-prensa\/wp-json\/wp\/v2\/media?parent=12987"}],"wp:term":[{"taxonomy":"category","embeddable":true,"href":"https:\/\/www.visitcentroamerica.com\/sala-prensa\/wp-json\/wp\/v2\/categories?post=12987"},{"taxonomy":"post_tag","embeddable":true,"href":"https:\/\/www.visitcentroamerica.com\/sala-prensa\/wp-json\/wp\/v2\/tags?post=12987"}],"curies":[{"name":"wp","href":"https:\/\/api.w.org\/{rel}","templated":true}]}}