{"id":12913,"date":"2022-01-19T16:00:23","date_gmt":"2022-01-19T16:00:23","guid":{"rendered":"https:\/\/www.visitcentroamerica.com\/sala-prensa\/?p=12913"},"modified":"2022-01-19T10:21:55","modified_gmt":"2022-01-19T10:21:55","slug":"guatemala-se-hace-presente-en-fitur-2022","status":"publish","type":"post","link":"https:\/\/www.visitcentroamerica.com\/sala-prensa\/internacional\/guatemala-se-hace-presente-en-fitur-2022\/","title":{"rendered":"Guatemala se hace presente en FITUR 2022"},"content":{"rendered":"<p><img decoding=\"async\" class=\"alignnone size-full wp-image-12914\" src=\"https:\/\/www.visitcentroamerica.com\/sala-prensa\/wp-content\/uploads\/2022\/01\/Guatemala-FITUR.png\" alt=\"Guatemala FITUR\" width=\"auto\" height=\"100%\" srcset=\"https:\/\/www.visitcentroamerica.com\/sala-prensa\/wp-content\/uploads\/2022\/01\/Guatemala-FITUR.png 1200w, https:\/\/www.visitcentroamerica.com\/sala-prensa\/wp-content\/uploads\/2022\/01\/Guatemala-FITUR-300x150.png 300w, https:\/\/www.visitcentroamerica.com\/sala-prensa\/wp-content\/uploads\/2022\/01\/Guatemala-FITUR-1024x512.png 1024w, https:\/\/www.visitcentroamerica.com\/sala-prensa\/wp-content\/uploads\/2022\/01\/Guatemala-FITUR-768x384.png 768w, https:\/\/www.visitcentroamerica.com\/sala-prensa\/wp-content\/uploads\/2022\/01\/Guatemala-FITUR-696x348.png 696w, https:\/\/www.visitcentroamerica.com\/sala-prensa\/wp-content\/uploads\/2022\/01\/Guatemala-FITUR-1068x534.png 1068w, https:\/\/www.visitcentroamerica.com\/sala-prensa\/wp-content\/uploads\/2022\/01\/Guatemala-FITUR-840x420.png 840w, https:\/\/www.visitcentroamerica.com\/sala-prensa\/wp-content\/uploads\/2022\/01\/Guatemala-FITUR-500x250.png 500w\" sizes=\"(max-width: 1200px) 100vw, 1200px\" \/><\/p>\n<p>En la edici\u00f3n 42 del encuentro internacional de turismo que marca el primer punto de encuentro global para los profesionales del sector tur\u00edstico, Guatemala participa a trav\u00e9s de una delegaci\u00f3n integrada por 11 empresarios, el Instituto Guatemalteco de Turismo \u2013INGUAT- y el apoyo del Ministerio de Relaciones Exteriores a trav\u00e9s de la embajada guatemalteca en Espa\u00f1a.<\/p>\n<p>Esta actividad se desarrollar\u00e1 del 19 al 23 de enero de 2022 en el recinto ferial de Madrid, en donde estar\u00e1 ubicado el stand de Guatemala en el pabell\u00f3n n\u00famero tres Am\u00e9ricas. Del 19 al 21 se concretar\u00e1n las citas de los profesionales, mientras que el 22 y 23 ser\u00e1 el encuentro con el p\u00fablico.<\/p>\n<p>El Director General del INGUAT, Mynor Cord\u00f3n, explic\u00f3: \u201c<em>Nuestra participaci\u00f3n en FITUR, nos permite exponer la oferta del pa\u00eds a trav\u00e9s de las propuestas con las que cuentan los prestadores de servicios que nos acompa\u00f1an, quienes cuentan con el Sello de Bioseguridad y Safe Travels permiti\u00e9ndonos promover a Guatemala como un destino seguro con una amplia y \u00fanica propuesta tur\u00edstica natural y cultural\u201d.<\/em><\/p>\n<p>Dentro de la agenda de la delegaci\u00f3n guatemalteca se encuentra la participaci\u00f3n en:<\/p>\n<ul>\n<li>La XXV Conferencia Iberoamericana de Ministros y Empresarios de Turismo (CIMET), el 18 de enero.<\/li>\n<li>Inauguraci\u00f3n oficial de FITUR en recinto ferial, el 19 de enero.<\/li>\n<li>Desarrollo de citas entre empresarios, mayoristas, entrevistas a medios de comunicaci\u00f3n, entre otros, del 19 al 21 de enero.<\/li>\n<li>Conferencia de prensa para la entrega de la Presidencia Prot\u00e9mpore del Consejo Centroamericano de Turismo \u2013CCT- de Guatemala a Panam\u00e1, el 20 de enero.<\/li>\n<li>Atenci\u00f3n al p\u00fablico el 22 y 23 de enero.<\/li>\n<\/ul>\n<p>La delegaci\u00f3n del pa\u00eds est\u00e1 integrada por:<\/p>\n<ol>\n<li>Condor Verde Travel, tour operador.<\/li>\n<li>Maya Kakaw Travel, tour operador.<\/li>\n<li>Altanueva DMC, (Destination Management Company).<\/li>\n<li>DMC LATAM Giftravel, (Destination Management Company).<\/li>\n<li>Mayan Gateway, tour operador.<\/li>\n<li>PTP Mundo Maya, tour operador.<\/li>\n<li>Neys Viajes y Turismo, tour operador.<\/li>\n<li>Tag Airlines, l\u00ednea a\u00e9rea.<\/li>\n<li>GAirways \/ ARM Aviaci\u00f3n, tour operador y l\u00ednea a\u00e9rea.<\/li>\n<li>Must Travel &amp; Tech, OTA (Online Travel Agency)<\/li>\n<li>Sin Fronteras Viajes y Turismo, tour operador<\/li>\n<li>Instituto Guatemalteco de Turismo \u2013INGUAT-<\/li>\n<li>Embajada de Guatemala en Espa\u00f1a, MINEX.<\/li>\n<\/ol>\n<p>De acuerdo a los datos del Departamento de Investigaci\u00f3n y An\u00e1lisis de Mercados del INGUAT, el comportamiento del turismo espa\u00f1ol hacia Guatemala a octubre del 2021, registr\u00f3 a 5,795 personas que tuvieron una estad\u00eda promedio de 7.12 d\u00edas, \u00a0con un gasto promedio de USD 78.06, generando a la econom\u00eda alrededor de USD 2 millones en concepto de divisas. El total de visitantes de Europa fue de 36,153 con una estad\u00eda promedio de 10.13 d\u00edas y gasto promedio diario de USD 91.76, generando USD 28 millones.<\/p>\n<p>En el 2020 el pa\u00eds recibi\u00f3 a 41,519 europeos de los cuales 5,960 fueron espa\u00f1oles. Es importante resaltar que los primeros meses de ese a\u00f1o tuvieron comportamiento normal, previo al primer caso de coronavirus en Guatemala.<\/p>\n<h3>Sobre FITUR<\/h3>\n<p>Es la primera cita anual para los profesionales del turismo mundial y la feria l\u00edder para los mercados receptivos y emisores de Iberoam\u00e9rica. Se considera un foro \u00fanico para promocionar las marcas, destinos, presentar nuevos productos, conocer las \u00faltimas tendencias y llenar las agendas de contactos y perspectivas.<\/p>\n<p>De acuerdo a los organizadores, la edici\u00f3n del 2021 cont\u00f3 con la participaci\u00f3n de 5 mil empresas, 55 pa\u00edses, m\u00e1s de 82 mil asistentes presenciales, 42,000 asistentes profesionales y 2,500 periodistas de 33 pa\u00edses.<\/p>\n","protected":false},"excerpt":{"rendered":"<p>En la edici\u00f3n 42 del encuentro internacional de turismo que marca el primer punto de encuentro global para los profesionales del sector tur\u00edstico, Guatemala participa a trav\u00e9s de una delegaci\u00f3n integrada por 11 empresarios, el Instituto Guatemalteco de Turismo \u2013INGUAT- y el apoyo del Ministerio de Relaciones Exteriores a trav\u00e9s de la embajada guatemalteca en [&hellip;]<\/p>\n","protected":false},"author":5,"featured_media":12914,"comment_status":"open","ping_status":"closed","sticky":false,"template":"","format":"standard","meta":{"footnotes":""},"categories":[15],"tags":[],"class_list":{"0":"post-12913","1":"post","2":"type-post","3":"status-publish","4":"format-standard","5":"has-post-thumbnail","7":"category-internacional"},"yoast_head":"<!-- This site is optimized with the Yoast SEO plugin v27.3 - https:\/\/yoast.com\/product\/yoast-seo-wordpress\/ -->\n<title>Guatemala se hace presente en FITUR 2022<\/title>\n<meta name=\"description\" content=\"Guatemala participa a trav\u00e9s de una delegaci\u00f3n integrada por 11 empresarios, el INGUAT y el apoyo del Ministerio de Relaciones Exteriores - FITUR 2022\" \/>\n<meta name=\"robots\" content=\"index, follow, max-snippet:-1, max-image-preview:large, max-video-preview:-1\" \/>\n<link rel=\"canonical\" href=\"https:\/\/www.visitcentroamerica.com\/sala-prensa\/internacional\/guatemala-se-hace-presente-en-fitur-2022\/\" \/>\n<meta property=\"og:locale\" content=\"es_ES\" \/>\n<meta property=\"og:type\" content=\"article\" \/>\n<meta property=\"og:title\" content=\"Guatemala se hace presente en FITUR 2022\" \/>\n<meta property=\"og:description\" content=\"Guatemala participa a trav\u00e9s de una delegaci\u00f3n integrada por 11 empresarios, el INGUAT y el apoyo del Ministerio de Relaciones Exteriores - FITUR 2022\" \/>\n<meta property=\"og:url\" content=\"https:\/\/www.visitcentroamerica.com\/sala-prensa\/internacional\/guatemala-se-hace-presente-en-fitur-2022\/\" \/>\n<meta property=\"og:site_name\" content=\"Sala de prensa\" \/>\n<meta property=\"article:published_time\" content=\"2022-01-19T16:00:23+00:00\" \/>\n<meta property=\"og:image\" content=\"https:\/\/www.visitcentroamerica.com\/sala-prensa\/wp-content\/uploads\/2022\/01\/Guatemala-FITUR.png\" \/>\n\t<meta property=\"og:image:width\" content=\"1200\" \/>\n\t<meta property=\"og:image:height\" content=\"600\" \/>\n\t<meta property=\"og:image:type\" content=\"image\/png\" \/>\n<meta name=\"author\" content=\"Denis Alvarado\" \/>\n<meta name=\"twitter:card\" content=\"summary_large_image\" \/>\n<meta name=\"twitter:label1\" content=\"Escrito por\" \/>\n\t<meta name=\"twitter:data1\" content=\"Denis Alvarado\" \/>\n\t<meta name=\"twitter:label2\" content=\"Tiempo de lectura\" \/>\n\t<meta name=\"twitter:data2\" content=\"3 minutos\" \/>\n<script type=\"application\/ld+json\" class=\"yoast-schema-graph\">{\"@context\":\"https:\\\/\\\/schema.org\",\"@graph\":[{\"@type\":\"Article\",\"@id\":\"https:\\\/\\\/www.visitcentroamerica.com\\\/sala-prensa\\\/internacional\\\/guatemala-se-hace-presente-en-fitur-2022\\\/#article\",\"isPartOf\":{\"@id\":\"https:\\\/\\\/www.visitcentroamerica.com\\\/sala-prensa\\\/internacional\\\/guatemala-se-hace-presente-en-fitur-2022\\\/\"},\"author\":{\"name\":\"Denis Alvarado\",\"@id\":\"https:\\\/\\\/www.visitcentroamerica.com\\\/sala-prensa\\\/#\\\/schema\\\/person\\\/0aa3bd0dbaabaead6089ee3dd0cd7ae5\"},\"headline\":\"Guatemala se hace presente en FITUR 2022\",\"datePublished\":\"2022-01-19T16:00:23+00:00\",\"mainEntityOfPage\":{\"@id\":\"https:\\\/\\\/www.visitcentroamerica.com\\\/sala-prensa\\\/internacional\\\/guatemala-se-hace-presente-en-fitur-2022\\\/\"},\"wordCount\":573,\"commentCount\":0,\"image\":{\"@id\":\"https:\\\/\\\/www.visitcentroamerica.com\\\/sala-prensa\\\/internacional\\\/guatemala-se-hace-presente-en-fitur-2022\\\/#primaryimage\"},\"thumbnailUrl\":\"https:\\\/\\\/www.visitcentroamerica.com\\\/sala-prensa\\\/wp-content\\\/uploads\\\/2022\\\/01\\\/Guatemala-FITUR.png\",\"articleSection\":[\"Internacional\"],\"inLanguage\":\"es\",\"potentialAction\":[{\"@type\":\"CommentAction\",\"name\":\"Comment\",\"target\":[\"https:\\\/\\\/www.visitcentroamerica.com\\\/sala-prensa\\\/internacional\\\/guatemala-se-hace-presente-en-fitur-2022\\\/#respond\"]}]},{\"@type\":\"WebPage\",\"@id\":\"https:\\\/\\\/www.visitcentroamerica.com\\\/sala-prensa\\\/internacional\\\/guatemala-se-hace-presente-en-fitur-2022\\\/\",\"url\":\"https:\\\/\\\/www.visitcentroamerica.com\\\/sala-prensa\\\/internacional\\\/guatemala-se-hace-presente-en-fitur-2022\\\/\",\"name\":\"Guatemala se hace presente en FITUR 2022\",\"isPartOf\":{\"@id\":\"https:\\\/\\\/www.visitcentroamerica.com\\\/sala-prensa\\\/#website\"},\"primaryImageOfPage\":{\"@id\":\"https:\\\/\\\/www.visitcentroamerica.com\\\/sala-prensa\\\/internacional\\\/guatemala-se-hace-presente-en-fitur-2022\\\/#primaryimage\"},\"image\":{\"@id\":\"https:\\\/\\\/www.visitcentroamerica.com\\\/sala-prensa\\\/internacional\\\/guatemala-se-hace-presente-en-fitur-2022\\\/#primaryimage\"},\"thumbnailUrl\":\"https:\\\/\\\/www.visitcentroamerica.com\\\/sala-prensa\\\/wp-content\\\/uploads\\\/2022\\\/01\\\/Guatemala-FITUR.png\",\"datePublished\":\"2022-01-19T16:00:23+00:00\",\"author\":{\"@id\":\"https:\\\/\\\/www.visitcentroamerica.com\\\/sala-prensa\\\/#\\\/schema\\\/person\\\/0aa3bd0dbaabaead6089ee3dd0cd7ae5\"},\"description\":\"Guatemala participa a trav\u00e9s de una delegaci\u00f3n integrada por 11 empresarios, el INGUAT y el apoyo del Ministerio de Relaciones Exteriores - FITUR 2022\",\"breadcrumb\":{\"@id\":\"https:\\\/\\\/www.visitcentroamerica.com\\\/sala-prensa\\\/internacional\\\/guatemala-se-hace-presente-en-fitur-2022\\\/#breadcrumb\"},\"inLanguage\":\"es\",\"potentialAction\":[{\"@type\":\"ReadAction\",\"target\":[\"https:\\\/\\\/www.visitcentroamerica.com\\\/sala-prensa\\\/internacional\\\/guatemala-se-hace-presente-en-fitur-2022\\\/\"]}]},{\"@type\":\"ImageObject\",\"inLanguage\":\"es\",\"@id\":\"https:\\\/\\\/www.visitcentroamerica.com\\\/sala-prensa\\\/internacional\\\/guatemala-se-hace-presente-en-fitur-2022\\\/#primaryimage\",\"url\":\"https:\\\/\\\/www.visitcentroamerica.com\\\/sala-prensa\\\/wp-content\\\/uploads\\\/2022\\\/01\\\/Guatemala-FITUR.png\",\"contentUrl\":\"https:\\\/\\\/www.visitcentroamerica.com\\\/sala-prensa\\\/wp-content\\\/uploads\\\/2022\\\/01\\\/Guatemala-FITUR.png\",\"width\":1200,\"height\":600,\"caption\":\"Guatemala FITUR\"},{\"@type\":\"BreadcrumbList\",\"@id\":\"https:\\\/\\\/www.visitcentroamerica.com\\\/sala-prensa\\\/internacional\\\/guatemala-se-hace-presente-en-fitur-2022\\\/#breadcrumb\",\"itemListElement\":[{\"@type\":\"ListItem\",\"position\":1,\"name\":\"Portada\",\"item\":\"https:\\\/\\\/www.visitcentroamerica.com\\\/sala-prensa\\\/\"},{\"@type\":\"ListItem\",\"position\":2,\"name\":\"Guatemala se hace presente en FITUR 2022\"}]},{\"@type\":\"WebSite\",\"@id\":\"https:\\\/\\\/www.visitcentroamerica.com\\\/sala-prensa\\\/#website\",\"url\":\"https:\\\/\\\/www.visitcentroamerica.com\\\/sala-prensa\\\/\",\"name\":\"Sala de prensa\",\"description\":\"\",\"potentialAction\":[{\"@type\":\"SearchAction\",\"target\":{\"@type\":\"EntryPoint\",\"urlTemplate\":\"https:\\\/\\\/www.visitcentroamerica.com\\\/sala-prensa\\\/?s={search_term_string}\"},\"query-input\":{\"@type\":\"PropertyValueSpecification\",\"valueRequired\":true,\"valueName\":\"search_term_string\"}}],\"inLanguage\":\"es\"},{\"@type\":\"Person\",\"@id\":\"https:\\\/\\\/www.visitcentroamerica.com\\\/sala-prensa\\\/#\\\/schema\\\/person\\\/0aa3bd0dbaabaead6089ee3dd0cd7ae5\",\"name\":\"Denis Alvarado\",\"image\":{\"@type\":\"ImageObject\",\"inLanguage\":\"es\",\"@id\":\"https:\\\/\\\/secure.gravatar.com\\\/avatar\\\/c31f0697f6edb7c68d5dedc2ccbd548d2a9f73aa293e81c6a1425229ec4c9135?s=96&d=mm&r=g\",\"url\":\"https:\\\/\\\/secure.gravatar.com\\\/avatar\\\/c31f0697f6edb7c68d5dedc2ccbd548d2a9f73aa293e81c6a1425229ec4c9135?s=96&d=mm&r=g\",\"contentUrl\":\"https:\\\/\\\/secure.gravatar.com\\\/avatar\\\/c31f0697f6edb7c68d5dedc2ccbd548d2a9f73aa293e81c6a1425229ec4c9135?s=96&d=mm&r=g\",\"caption\":\"Denis Alvarado\"},\"url\":\"https:\\\/\\\/www.visitcentroamerica.com\\\/sala-prensa\\\/author\\\/denis\\\/\"}]}<\/script>\n<!-- \/ Yoast SEO plugin. -->","yoast_head_json":{"title":"Guatemala se hace presente en FITUR 2022","description":"Guatemala participa a trav\u00e9s de una delegaci\u00f3n integrada por 11 empresarios, el INGUAT y el apoyo del Ministerio de Relaciones Exteriores - FITUR 2022","robots":{"index":"index","follow":"follow","max-snippet":"max-snippet:-1","max-image-preview":"max-image-preview:large","max-video-preview":"max-video-preview:-1"},"canonical":"https:\/\/www.visitcentroamerica.com\/sala-prensa\/internacional\/guatemala-se-hace-presente-en-fitur-2022\/","og_locale":"es_ES","og_type":"article","og_title":"Guatemala se hace presente en FITUR 2022","og_description":"Guatemala participa a trav\u00e9s de una delegaci\u00f3n integrada por 11 empresarios, el INGUAT y el apoyo del Ministerio de Relaciones Exteriores - FITUR 2022","og_url":"https:\/\/www.visitcentroamerica.com\/sala-prensa\/internacional\/guatemala-se-hace-presente-en-fitur-2022\/","og_site_name":"Sala de prensa","article_published_time":"2022-01-19T16:00:23+00:00","og_image":[{"width":1200,"height":600,"url":"https:\/\/www.visitcentroamerica.com\/sala-prensa\/wp-content\/uploads\/2022\/01\/Guatemala-FITUR.png","type":"image\/png"}],"author":"Denis Alvarado","twitter_card":"summary_large_image","twitter_misc":{"Escrito por":"Denis Alvarado","Tiempo de lectura":"3 minutos"},"schema":{"@context":"https:\/\/schema.org","@graph":[{"@type":"Article","@id":"https:\/\/www.visitcentroamerica.com\/sala-prensa\/internacional\/guatemala-se-hace-presente-en-fitur-2022\/#article","isPartOf":{"@id":"https:\/\/www.visitcentroamerica.com\/sala-prensa\/internacional\/guatemala-se-hace-presente-en-fitur-2022\/"},"author":{"name":"Denis Alvarado","@id":"https:\/\/www.visitcentroamerica.com\/sala-prensa\/#\/schema\/person\/0aa3bd0dbaabaead6089ee3dd0cd7ae5"},"headline":"Guatemala se hace presente en FITUR 2022","datePublished":"2022-01-19T16:00:23+00:00","mainEntityOfPage":{"@id":"https:\/\/www.visitcentroamerica.com\/sala-prensa\/internacional\/guatemala-se-hace-presente-en-fitur-2022\/"},"wordCount":573,"commentCount":0,"image":{"@id":"https:\/\/www.visitcentroamerica.com\/sala-prensa\/internacional\/guatemala-se-hace-presente-en-fitur-2022\/#primaryimage"},"thumbnailUrl":"https:\/\/www.visitcentroamerica.com\/sala-prensa\/wp-content\/uploads\/2022\/01\/Guatemala-FITUR.png","articleSection":["Internacional"],"inLanguage":"es","potentialAction":[{"@type":"CommentAction","name":"Comment","target":["https:\/\/www.visitcentroamerica.com\/sala-prensa\/internacional\/guatemala-se-hace-presente-en-fitur-2022\/#respond"]}]},{"@type":"WebPage","@id":"https:\/\/www.visitcentroamerica.com\/sala-prensa\/internacional\/guatemala-se-hace-presente-en-fitur-2022\/","url":"https:\/\/www.visitcentroamerica.com\/sala-prensa\/internacional\/guatemala-se-hace-presente-en-fitur-2022\/","name":"Guatemala se hace presente en FITUR 2022","isPartOf":{"@id":"https:\/\/www.visitcentroamerica.com\/sala-prensa\/#website"},"primaryImageOfPage":{"@id":"https:\/\/www.visitcentroamerica.com\/sala-prensa\/internacional\/guatemala-se-hace-presente-en-fitur-2022\/#primaryimage"},"image":{"@id":"https:\/\/www.visitcentroamerica.com\/sala-prensa\/internacional\/guatemala-se-hace-presente-en-fitur-2022\/#primaryimage"},"thumbnailUrl":"https:\/\/www.visitcentroamerica.com\/sala-prensa\/wp-content\/uploads\/2022\/01\/Guatemala-FITUR.png","datePublished":"2022-01-19T16:00:23+00:00","author":{"@id":"https:\/\/www.visitcentroamerica.com\/sala-prensa\/#\/schema\/person\/0aa3bd0dbaabaead6089ee3dd0cd7ae5"},"description":"Guatemala participa a trav\u00e9s de una delegaci\u00f3n integrada por 11 empresarios, el INGUAT y el apoyo del Ministerio de Relaciones Exteriores - FITUR 2022","breadcrumb":{"@id":"https:\/\/www.visitcentroamerica.com\/sala-prensa\/internacional\/guatemala-se-hace-presente-en-fitur-2022\/#breadcrumb"},"inLanguage":"es","potentialAction":[{"@type":"ReadAction","target":["https:\/\/www.visitcentroamerica.com\/sala-prensa\/internacional\/guatemala-se-hace-presente-en-fitur-2022\/"]}]},{"@type":"ImageObject","inLanguage":"es","@id":"https:\/\/www.visitcentroamerica.com\/sala-prensa\/internacional\/guatemala-se-hace-presente-en-fitur-2022\/#primaryimage","url":"https:\/\/www.visitcentroamerica.com\/sala-prensa\/wp-content\/uploads\/2022\/01\/Guatemala-FITUR.png","contentUrl":"https:\/\/www.visitcentroamerica.com\/sala-prensa\/wp-content\/uploads\/2022\/01\/Guatemala-FITUR.png","width":1200,"height":600,"caption":"Guatemala FITUR"},{"@type":"BreadcrumbList","@id":"https:\/\/www.visitcentroamerica.com\/sala-prensa\/internacional\/guatemala-se-hace-presente-en-fitur-2022\/#breadcrumb","itemListElement":[{"@type":"ListItem","position":1,"name":"Portada","item":"https:\/\/www.visitcentroamerica.com\/sala-prensa\/"},{"@type":"ListItem","position":2,"name":"Guatemala se hace presente en FITUR 2022"}]},{"@type":"WebSite","@id":"https:\/\/www.visitcentroamerica.com\/sala-prensa\/#website","url":"https:\/\/www.visitcentroamerica.com\/sala-prensa\/","name":"Sala de prensa","description":"","potentialAction":[{"@type":"SearchAction","target":{"@type":"EntryPoint","urlTemplate":"https:\/\/www.visitcentroamerica.com\/sala-prensa\/?s={search_term_string}"},"query-input":{"@type":"PropertyValueSpecification","valueRequired":true,"valueName":"search_term_string"}}],"inLanguage":"es"},{"@type":"Person","@id":"https:\/\/www.visitcentroamerica.com\/sala-prensa\/#\/schema\/person\/0aa3bd0dbaabaead6089ee3dd0cd7ae5","name":"Denis Alvarado","image":{"@type":"ImageObject","inLanguage":"es","@id":"https:\/\/secure.gravatar.com\/avatar\/c31f0697f6edb7c68d5dedc2ccbd548d2a9f73aa293e81c6a1425229ec4c9135?s=96&d=mm&r=g","url":"https:\/\/secure.gravatar.com\/avatar\/c31f0697f6edb7c68d5dedc2ccbd548d2a9f73aa293e81c6a1425229ec4c9135?s=96&d=mm&r=g","contentUrl":"https:\/\/secure.gravatar.com\/avatar\/c31f0697f6edb7c68d5dedc2ccbd548d2a9f73aa293e81c6a1425229ec4c9135?s=96&d=mm&r=g","caption":"Denis Alvarado"},"url":"https:\/\/www.visitcentroamerica.com\/sala-prensa\/author\/denis\/"}]}},"_links":{"self":[{"href":"https:\/\/www.visitcentroamerica.com\/sala-prensa\/wp-json\/wp\/v2\/posts\/12913","targetHints":{"allow":["GET"]}}],"collection":[{"href":"https:\/\/www.visitcentroamerica.com\/sala-prensa\/wp-json\/wp\/v2\/posts"}],"about":[{"href":"https:\/\/www.visitcentroamerica.com\/sala-prensa\/wp-json\/wp\/v2\/types\/post"}],"author":[{"embeddable":true,"href":"https:\/\/www.visitcentroamerica.com\/sala-prensa\/wp-json\/wp\/v2\/users\/5"}],"replies":[{"embeddable":true,"href":"https:\/\/www.visitcentroamerica.com\/sala-prensa\/wp-json\/wp\/v2\/comments?post=12913"}],"version-history":[{"count":1,"href":"https:\/\/www.visitcentroamerica.com\/sala-prensa\/wp-json\/wp\/v2\/posts\/12913\/revisions"}],"predecessor-version":[{"id":12916,"href":"https:\/\/www.visitcentroamerica.com\/sala-prensa\/wp-json\/wp\/v2\/posts\/12913\/revisions\/12916"}],"wp:featuredmedia":[{"embeddable":true,"href":"https:\/\/www.visitcentroamerica.com\/sala-prensa\/wp-json\/wp\/v2\/media\/12914"}],"wp:attachment":[{"href":"https:\/\/www.visitcentroamerica.com\/sala-prensa\/wp-json\/wp\/v2\/media?parent=12913"}],"wp:term":[{"taxonomy":"category","embeddable":true,"href":"https:\/\/www.visitcentroamerica.com\/sala-prensa\/wp-json\/wp\/v2\/categories?post=12913"},{"taxonomy":"post_tag","embeddable":true,"href":"https:\/\/www.visitcentroamerica.com\/sala-prensa\/wp-json\/wp\/v2\/tags?post=12913"}],"curies":[{"name":"wp","href":"https:\/\/api.w.org\/{rel}","templated":true}]}}