{"id":12803,"date":"2021-12-01T12:00:05","date_gmt":"2021-12-01T12:00:05","guid":{"rendered":"https:\/\/www.visitcentroamerica.com\/sala-prensa\/?p=12803"},"modified":"2021-11-24T08:53:29","modified_gmt":"2021-11-24T08:53:29","slug":"por-que-deberias-hacer-la-ruta-de-los-cafetales-en-centroamerica","status":"publish","type":"post","link":"https:\/\/www.visitcentroamerica.com\/sala-prensa\/viajar\/gastronomia\/por-que-deberias-hacer-la-ruta-de-los-cafetales-en-centroamerica\/","title":{"rendered":"\u00bfPor qu\u00e9 deber\u00edas hacer la ruta de los cafetales en Centroam\u00e9rica?"},"content":{"rendered":"<p><img decoding=\"async\" class=\"alignnone size-full wp-image-12804\" src=\"https:\/\/www.visitcentroamerica.com\/sala-prensa\/wp-content\/uploads\/2021\/11\/ruta-del-cafe.jpg\" alt=\"Ruta del caf\u00e9\" width=\"100%\" height=\"auto\" srcset=\"https:\/\/www.visitcentroamerica.com\/sala-prensa\/wp-content\/uploads\/2021\/11\/ruta-del-cafe.jpg 1200w, https:\/\/www.visitcentroamerica.com\/sala-prensa\/wp-content\/uploads\/2021\/11\/ruta-del-cafe-300x150.jpg 300w, https:\/\/www.visitcentroamerica.com\/sala-prensa\/wp-content\/uploads\/2021\/11\/ruta-del-cafe-1024x512.jpg 1024w, https:\/\/www.visitcentroamerica.com\/sala-prensa\/wp-content\/uploads\/2021\/11\/ruta-del-cafe-768x384.jpg 768w, https:\/\/www.visitcentroamerica.com\/sala-prensa\/wp-content\/uploads\/2021\/11\/ruta-del-cafe-696x348.jpg 696w, https:\/\/www.visitcentroamerica.com\/sala-prensa\/wp-content\/uploads\/2021\/11\/ruta-del-cafe-1068x534.jpg 1068w, https:\/\/www.visitcentroamerica.com\/sala-prensa\/wp-content\/uploads\/2021\/11\/ruta-del-cafe-840x420.jpg 840w, https:\/\/www.visitcentroamerica.com\/sala-prensa\/wp-content\/uploads\/2021\/11\/ruta-del-cafe-500x250.jpg 500w\" sizes=\"(max-width: 1200px) 100vw, 1200px\" \/><\/p>\n<p>\u00bfTe gustar\u00eda disfrutar de una experiencia diferente en tus pr\u00f3ximas vacaciones? La <strong>ruta de los cafetales de Centroam\u00e9rica<\/strong> te fascinar\u00e1. La experiencia\u00a0permitir\u00e1 conocer a fondo su cultivo y cuanto rodea a esta actividad. Descubre las principales razones por las que merece la pena embarcarte en esta aventura.<\/p>\n<h3>1. Visitar las fincas de caf\u00e9 en Centroam\u00e9rica<\/h3>\n<p>Tener la oportunidad de adentrarte en las <strong>fincas de caf\u00e9 en Centroam\u00e9rica<\/strong>, como las existentes en <a href=\"https:\/\/www.visitanicaragua.com\/\" target=\"_blank\" rel=\"noopener\"><strong>Nicaragua<\/strong><\/a> y <a href=\"http:\/\/www.exteriores.gob.es\/documents\/fichaspais\/honduras_ficha%20pais.pdf\" target=\"_blank\" rel=\"noopener\"><strong>Honduras<\/strong><\/a>, es un motivo de peso para tomar parte en la iniciativa. Te aseguro que disfrutar\u00e1s contempl\u00e1ndolas.<\/p>\n<h3>2. Recorrer cafetales dignos de visitar<\/h3>\n<p>Podr\u00e1s recorrer<strong> cafetales dignos de visitar<\/strong>, como las fincas Rosa Blanca y Dantica. El paisaje, provisto de una gran riqueza en vegetaci\u00f3n,\u00a0te impactar\u00e1. Podr\u00e1s inmortalizarlo en fotograf\u00edas para compartir en tus redes sociales.<\/p>\n<h3>3. Acceder a museos que desvelan su historia<\/h3>\n<p>Pa\u00edses como Guatemala albergan <strong>museos que desvelan la historia<\/strong> de los cafetales y su producci\u00f3n. Ampliar\u00e1s conocimientos y, en algunos casos, asistir\u00e1s a una cata al acabar la visita.<\/p>\n<h3>4. Disfrutar\u00e1s de actividades alternativas<\/h3>\n<p>Hacer una ruta en bicicleta por sus l\u00edmites o alojarte en <strong>caba\u00f1as con jacuzzi y piscina<\/strong> suponen un extra para los visitantes. Te permitir\u00e1 sacar partido a tu estancia.<\/p>\n<p>Haz la <strong>ruta de los cafetales de Centroam\u00e9rica<\/strong>. Visita nuestra web y ap\u00fantate a un <em>tour<\/em> <strong>multidestino<\/strong> como el de <a href=\"https:\/\/www.visitcentroamerica.com\/packages\/cafe-mayas-anil-ron\/\" target=\"_blank\" rel=\"noopener\">Caf\u00e9, mayas, a\u00f1il y ron<\/a>, as\u00ed como a las experiencias <a href=\"https:\/\/www.visitcentroamerica.com\/experiencias\/gastronomia\/\" target=\"_blank\" rel=\"noopener\">Gastronom\u00eda<\/a> y <a href=\"https:\/\/www.visitcentroamerica.com\/experiencias\/natural\/\" target=\"_blank\" rel=\"noopener\">Centroam\u00e9rica natural<\/a>.<\/p>\n<ul>\n<li>Fuentes de referencia<\/li>\n<\/ul>\n<p><a href=\"https:\/\/catatur.com\/experiencias-cafeteras-en-centroamerica\/\" target=\"_blank\" rel=\"noopener\">Catatur<\/a><\/p>\n<p><a href=\"https:\/\/www.notimerica.com\/sociedad\/noticia-conoce-centroamerica-traves-rutas-cafe-20151216142539.html\" target=\"_blank\" rel=\"noopener\">Notim\u00e9rica<\/a><\/p>\n","protected":false},"excerpt":{"rendered":"<p>\u00bfTe gustar\u00eda disfrutar de una experiencia diferente en tus pr\u00f3ximas vacaciones? La ruta de los cafetales de Centroam\u00e9rica te fascinar\u00e1. La experiencia\u00a0permitir\u00e1 conocer a fondo su cultivo y cuanto rodea a esta actividad. Descubre las principales razones por las que merece la pena embarcarte en esta aventura. 1. Visitar las fincas de caf\u00e9 en Centroam\u00e9rica [&hellip;]<\/p>\n","protected":false},"author":5,"featured_media":12804,"comment_status":"open","ping_status":"closed","sticky":false,"template":"","format":"standard","meta":{"footnotes":""},"categories":[39,32],"tags":[],"class_list":{"0":"post-12803","1":"post","2":"type-post","3":"status-publish","4":"format-standard","5":"has-post-thumbnail","7":"category-gastronomia","8":"category-naturaleza"},"yoast_head":"<!-- This site is optimized with the Yoast SEO plugin v27.3 - https:\/\/yoast.com\/product\/yoast-seo-wordpress\/ -->\n<title>Motivos por los que hacer la ruta de los cafetales de Centroam\u00e9rica<\/title>\n<meta name=\"description\" content=\"Conoce los principales motivos por los que merece la pena realizar la ruta de los cafetales de Centroam\u00e9rica y an\u00edmate a planear el que ser\u00e1 tu mejor viaje\" \/>\n<meta name=\"robots\" content=\"index, follow, max-snippet:-1, max-image-preview:large, max-video-preview:-1\" \/>\n<link rel=\"canonical\" href=\"https:\/\/www.visitcentroamerica.com\/sala-prensa\/viajar\/gastronomia\/por-que-deberias-hacer-la-ruta-de-los-cafetales-en-centroamerica\/\" \/>\n<meta property=\"og:locale\" content=\"es_ES\" \/>\n<meta property=\"og:type\" content=\"article\" \/>\n<meta property=\"og:title\" content=\"Motivos por los que hacer la ruta de los cafetales de Centroam\u00e9rica\" \/>\n<meta property=\"og:description\" content=\"Conoce los principales motivos por los que merece la pena realizar la ruta de los cafetales de Centroam\u00e9rica y an\u00edmate a planear el que ser\u00e1 tu mejor viaje\" \/>\n<meta property=\"og:url\" content=\"https:\/\/www.visitcentroamerica.com\/sala-prensa\/viajar\/gastronomia\/por-que-deberias-hacer-la-ruta-de-los-cafetales-en-centroamerica\/\" \/>\n<meta property=\"og:site_name\" content=\"Sala de prensa\" \/>\n<meta property=\"article:published_time\" content=\"2021-12-01T12:00:05+00:00\" \/>\n<meta property=\"og:image\" content=\"https:\/\/www.visitcentroamerica.com\/sala-prensa\/wp-content\/uploads\/2021\/11\/ruta-del-cafe.jpg\" \/>\n\t<meta property=\"og:image:width\" content=\"1200\" \/>\n\t<meta property=\"og:image:height\" content=\"600\" \/>\n\t<meta property=\"og:image:type\" content=\"image\/jpeg\" \/>\n<meta name=\"author\" content=\"Denis Alvarado\" \/>\n<meta name=\"twitter:card\" content=\"summary_large_image\" \/>\n<meta name=\"twitter:label1\" content=\"Escrito por\" \/>\n\t<meta name=\"twitter:data1\" content=\"Denis Alvarado\" \/>\n\t<meta name=\"twitter:label2\" content=\"Tiempo de lectura\" \/>\n\t<meta name=\"twitter:data2\" content=\"2 minutos\" \/>\n<script type=\"application\/ld+json\" class=\"yoast-schema-graph\">{\"@context\":\"https:\\\/\\\/schema.org\",\"@graph\":[{\"@type\":\"Article\",\"@id\":\"https:\\\/\\\/www.visitcentroamerica.com\\\/sala-prensa\\\/viajar\\\/gastronomia\\\/por-que-deberias-hacer-la-ruta-de-los-cafetales-en-centroamerica\\\/#article\",\"isPartOf\":{\"@id\":\"https:\\\/\\\/www.visitcentroamerica.com\\\/sala-prensa\\\/viajar\\\/gastronomia\\\/por-que-deberias-hacer-la-ruta-de-los-cafetales-en-centroamerica\\\/\"},\"author\":{\"name\":\"Denis Alvarado\",\"@id\":\"https:\\\/\\\/www.visitcentroamerica.com\\\/sala-prensa\\\/#\\\/schema\\\/person\\\/0aa3bd0dbaabaead6089ee3dd0cd7ae5\"},\"headline\":\"\u00bfPor qu\u00e9 deber\u00edas hacer la ruta de los cafetales en Centroam\u00e9rica?\",\"datePublished\":\"2021-12-01T12:00:05+00:00\",\"mainEntityOfPage\":{\"@id\":\"https:\\\/\\\/www.visitcentroamerica.com\\\/sala-prensa\\\/viajar\\\/gastronomia\\\/por-que-deberias-hacer-la-ruta-de-los-cafetales-en-centroamerica\\\/\"},\"wordCount\":274,\"commentCount\":0,\"image\":{\"@id\":\"https:\\\/\\\/www.visitcentroamerica.com\\\/sala-prensa\\\/viajar\\\/gastronomia\\\/por-que-deberias-hacer-la-ruta-de-los-cafetales-en-centroamerica\\\/#primaryimage\"},\"thumbnailUrl\":\"https:\\\/\\\/www.visitcentroamerica.com\\\/sala-prensa\\\/wp-content\\\/uploads\\\/2021\\\/11\\\/ruta-del-cafe.jpg\",\"articleSection\":[\"Gastronom\u00eda\",\"Naturaleza\"],\"inLanguage\":\"es\",\"potentialAction\":[{\"@type\":\"CommentAction\",\"name\":\"Comment\",\"target\":[\"https:\\\/\\\/www.visitcentroamerica.com\\\/sala-prensa\\\/viajar\\\/gastronomia\\\/por-que-deberias-hacer-la-ruta-de-los-cafetales-en-centroamerica\\\/#respond\"]}]},{\"@type\":\"WebPage\",\"@id\":\"https:\\\/\\\/www.visitcentroamerica.com\\\/sala-prensa\\\/viajar\\\/gastronomia\\\/por-que-deberias-hacer-la-ruta-de-los-cafetales-en-centroamerica\\\/\",\"url\":\"https:\\\/\\\/www.visitcentroamerica.com\\\/sala-prensa\\\/viajar\\\/gastronomia\\\/por-que-deberias-hacer-la-ruta-de-los-cafetales-en-centroamerica\\\/\",\"name\":\"Motivos por los que hacer la ruta de los cafetales de Centroam\u00e9rica\",\"isPartOf\":{\"@id\":\"https:\\\/\\\/www.visitcentroamerica.com\\\/sala-prensa\\\/#website\"},\"primaryImageOfPage\":{\"@id\":\"https:\\\/\\\/www.visitcentroamerica.com\\\/sala-prensa\\\/viajar\\\/gastronomia\\\/por-que-deberias-hacer-la-ruta-de-los-cafetales-en-centroamerica\\\/#primaryimage\"},\"image\":{\"@id\":\"https:\\\/\\\/www.visitcentroamerica.com\\\/sala-prensa\\\/viajar\\\/gastronomia\\\/por-que-deberias-hacer-la-ruta-de-los-cafetales-en-centroamerica\\\/#primaryimage\"},\"thumbnailUrl\":\"https:\\\/\\\/www.visitcentroamerica.com\\\/sala-prensa\\\/wp-content\\\/uploads\\\/2021\\\/11\\\/ruta-del-cafe.jpg\",\"datePublished\":\"2021-12-01T12:00:05+00:00\",\"author\":{\"@id\":\"https:\\\/\\\/www.visitcentroamerica.com\\\/sala-prensa\\\/#\\\/schema\\\/person\\\/0aa3bd0dbaabaead6089ee3dd0cd7ae5\"},\"description\":\"Conoce los principales motivos por los que merece la pena realizar la ruta de los cafetales de Centroam\u00e9rica y an\u00edmate a planear el que ser\u00e1 tu mejor viaje\",\"breadcrumb\":{\"@id\":\"https:\\\/\\\/www.visitcentroamerica.com\\\/sala-prensa\\\/viajar\\\/gastronomia\\\/por-que-deberias-hacer-la-ruta-de-los-cafetales-en-centroamerica\\\/#breadcrumb\"},\"inLanguage\":\"es\",\"potentialAction\":[{\"@type\":\"ReadAction\",\"target\":[\"https:\\\/\\\/www.visitcentroamerica.com\\\/sala-prensa\\\/viajar\\\/gastronomia\\\/por-que-deberias-hacer-la-ruta-de-los-cafetales-en-centroamerica\\\/\"]}]},{\"@type\":\"ImageObject\",\"inLanguage\":\"es\",\"@id\":\"https:\\\/\\\/www.visitcentroamerica.com\\\/sala-prensa\\\/viajar\\\/gastronomia\\\/por-que-deberias-hacer-la-ruta-de-los-cafetales-en-centroamerica\\\/#primaryimage\",\"url\":\"https:\\\/\\\/www.visitcentroamerica.com\\\/sala-prensa\\\/wp-content\\\/uploads\\\/2021\\\/11\\\/ruta-del-cafe.jpg\",\"contentUrl\":\"https:\\\/\\\/www.visitcentroamerica.com\\\/sala-prensa\\\/wp-content\\\/uploads\\\/2021\\\/11\\\/ruta-del-cafe.jpg\",\"width\":1200,\"height\":600,\"caption\":\"Ruta del caf\u00e9\"},{\"@type\":\"BreadcrumbList\",\"@id\":\"https:\\\/\\\/www.visitcentroamerica.com\\\/sala-prensa\\\/viajar\\\/gastronomia\\\/por-que-deberias-hacer-la-ruta-de-los-cafetales-en-centroamerica\\\/#breadcrumb\",\"itemListElement\":[{\"@type\":\"ListItem\",\"position\":1,\"name\":\"Portada\",\"item\":\"https:\\\/\\\/www.visitcentroamerica.com\\\/sala-prensa\\\/\"},{\"@type\":\"ListItem\",\"position\":2,\"name\":\"\u00bfPor qu\u00e9 deber\u00edas hacer la ruta de los cafetales en Centroam\u00e9rica?\"}]},{\"@type\":\"WebSite\",\"@id\":\"https:\\\/\\\/www.visitcentroamerica.com\\\/sala-prensa\\\/#website\",\"url\":\"https:\\\/\\\/www.visitcentroamerica.com\\\/sala-prensa\\\/\",\"name\":\"Sala de prensa\",\"description\":\"\",\"potentialAction\":[{\"@type\":\"SearchAction\",\"target\":{\"@type\":\"EntryPoint\",\"urlTemplate\":\"https:\\\/\\\/www.visitcentroamerica.com\\\/sala-prensa\\\/?s={search_term_string}\"},\"query-input\":{\"@type\":\"PropertyValueSpecification\",\"valueRequired\":true,\"valueName\":\"search_term_string\"}}],\"inLanguage\":\"es\"},{\"@type\":\"Person\",\"@id\":\"https:\\\/\\\/www.visitcentroamerica.com\\\/sala-prensa\\\/#\\\/schema\\\/person\\\/0aa3bd0dbaabaead6089ee3dd0cd7ae5\",\"name\":\"Denis Alvarado\",\"image\":{\"@type\":\"ImageObject\",\"inLanguage\":\"es\",\"@id\":\"https:\\\/\\\/secure.gravatar.com\\\/avatar\\\/c31f0697f6edb7c68d5dedc2ccbd548d2a9f73aa293e81c6a1425229ec4c9135?s=96&d=mm&r=g\",\"url\":\"https:\\\/\\\/secure.gravatar.com\\\/avatar\\\/c31f0697f6edb7c68d5dedc2ccbd548d2a9f73aa293e81c6a1425229ec4c9135?s=96&d=mm&r=g\",\"contentUrl\":\"https:\\\/\\\/secure.gravatar.com\\\/avatar\\\/c31f0697f6edb7c68d5dedc2ccbd548d2a9f73aa293e81c6a1425229ec4c9135?s=96&d=mm&r=g\",\"caption\":\"Denis Alvarado\"},\"url\":\"https:\\\/\\\/www.visitcentroamerica.com\\\/sala-prensa\\\/author\\\/denis\\\/\"}]}<\/script>\n<!-- \/ Yoast SEO plugin. -->","yoast_head_json":{"title":"Motivos por los que hacer la ruta de los cafetales de Centroam\u00e9rica","description":"Conoce los principales motivos por los que merece la pena realizar la ruta de los cafetales de Centroam\u00e9rica y an\u00edmate a planear el que ser\u00e1 tu mejor viaje","robots":{"index":"index","follow":"follow","max-snippet":"max-snippet:-1","max-image-preview":"max-image-preview:large","max-video-preview":"max-video-preview:-1"},"canonical":"https:\/\/www.visitcentroamerica.com\/sala-prensa\/viajar\/gastronomia\/por-que-deberias-hacer-la-ruta-de-los-cafetales-en-centroamerica\/","og_locale":"es_ES","og_type":"article","og_title":"Motivos por los que hacer la ruta de los cafetales de Centroam\u00e9rica","og_description":"Conoce los principales motivos por los que merece la pena realizar la ruta de los cafetales de Centroam\u00e9rica y an\u00edmate a planear el que ser\u00e1 tu mejor viaje","og_url":"https:\/\/www.visitcentroamerica.com\/sala-prensa\/viajar\/gastronomia\/por-que-deberias-hacer-la-ruta-de-los-cafetales-en-centroamerica\/","og_site_name":"Sala de prensa","article_published_time":"2021-12-01T12:00:05+00:00","og_image":[{"width":1200,"height":600,"url":"https:\/\/www.visitcentroamerica.com\/sala-prensa\/wp-content\/uploads\/2021\/11\/ruta-del-cafe.jpg","type":"image\/jpeg"}],"author":"Denis Alvarado","twitter_card":"summary_large_image","twitter_misc":{"Escrito por":"Denis Alvarado","Tiempo de lectura":"2 minutos"},"schema":{"@context":"https:\/\/schema.org","@graph":[{"@type":"Article","@id":"https:\/\/www.visitcentroamerica.com\/sala-prensa\/viajar\/gastronomia\/por-que-deberias-hacer-la-ruta-de-los-cafetales-en-centroamerica\/#article","isPartOf":{"@id":"https:\/\/www.visitcentroamerica.com\/sala-prensa\/viajar\/gastronomia\/por-que-deberias-hacer-la-ruta-de-los-cafetales-en-centroamerica\/"},"author":{"name":"Denis Alvarado","@id":"https:\/\/www.visitcentroamerica.com\/sala-prensa\/#\/schema\/person\/0aa3bd0dbaabaead6089ee3dd0cd7ae5"},"headline":"\u00bfPor qu\u00e9 deber\u00edas hacer la ruta de los cafetales en Centroam\u00e9rica?","datePublished":"2021-12-01T12:00:05+00:00","mainEntityOfPage":{"@id":"https:\/\/www.visitcentroamerica.com\/sala-prensa\/viajar\/gastronomia\/por-que-deberias-hacer-la-ruta-de-los-cafetales-en-centroamerica\/"},"wordCount":274,"commentCount":0,"image":{"@id":"https:\/\/www.visitcentroamerica.com\/sala-prensa\/viajar\/gastronomia\/por-que-deberias-hacer-la-ruta-de-los-cafetales-en-centroamerica\/#primaryimage"},"thumbnailUrl":"https:\/\/www.visitcentroamerica.com\/sala-prensa\/wp-content\/uploads\/2021\/11\/ruta-del-cafe.jpg","articleSection":["Gastronom\u00eda","Naturaleza"],"inLanguage":"es","potentialAction":[{"@type":"CommentAction","name":"Comment","target":["https:\/\/www.visitcentroamerica.com\/sala-prensa\/viajar\/gastronomia\/por-que-deberias-hacer-la-ruta-de-los-cafetales-en-centroamerica\/#respond"]}]},{"@type":"WebPage","@id":"https:\/\/www.visitcentroamerica.com\/sala-prensa\/viajar\/gastronomia\/por-que-deberias-hacer-la-ruta-de-los-cafetales-en-centroamerica\/","url":"https:\/\/www.visitcentroamerica.com\/sala-prensa\/viajar\/gastronomia\/por-que-deberias-hacer-la-ruta-de-los-cafetales-en-centroamerica\/","name":"Motivos por los que hacer la ruta de los cafetales de Centroam\u00e9rica","isPartOf":{"@id":"https:\/\/www.visitcentroamerica.com\/sala-prensa\/#website"},"primaryImageOfPage":{"@id":"https:\/\/www.visitcentroamerica.com\/sala-prensa\/viajar\/gastronomia\/por-que-deberias-hacer-la-ruta-de-los-cafetales-en-centroamerica\/#primaryimage"},"image":{"@id":"https:\/\/www.visitcentroamerica.com\/sala-prensa\/viajar\/gastronomia\/por-que-deberias-hacer-la-ruta-de-los-cafetales-en-centroamerica\/#primaryimage"},"thumbnailUrl":"https:\/\/www.visitcentroamerica.com\/sala-prensa\/wp-content\/uploads\/2021\/11\/ruta-del-cafe.jpg","datePublished":"2021-12-01T12:00:05+00:00","author":{"@id":"https:\/\/www.visitcentroamerica.com\/sala-prensa\/#\/schema\/person\/0aa3bd0dbaabaead6089ee3dd0cd7ae5"},"description":"Conoce los principales motivos por los que merece la pena realizar la ruta de los cafetales de Centroam\u00e9rica y an\u00edmate a planear el que ser\u00e1 tu mejor viaje","breadcrumb":{"@id":"https:\/\/www.visitcentroamerica.com\/sala-prensa\/viajar\/gastronomia\/por-que-deberias-hacer-la-ruta-de-los-cafetales-en-centroamerica\/#breadcrumb"},"inLanguage":"es","potentialAction":[{"@type":"ReadAction","target":["https:\/\/www.visitcentroamerica.com\/sala-prensa\/viajar\/gastronomia\/por-que-deberias-hacer-la-ruta-de-los-cafetales-en-centroamerica\/"]}]},{"@type":"ImageObject","inLanguage":"es","@id":"https:\/\/www.visitcentroamerica.com\/sala-prensa\/viajar\/gastronomia\/por-que-deberias-hacer-la-ruta-de-los-cafetales-en-centroamerica\/#primaryimage","url":"https:\/\/www.visitcentroamerica.com\/sala-prensa\/wp-content\/uploads\/2021\/11\/ruta-del-cafe.jpg","contentUrl":"https:\/\/www.visitcentroamerica.com\/sala-prensa\/wp-content\/uploads\/2021\/11\/ruta-del-cafe.jpg","width":1200,"height":600,"caption":"Ruta del caf\u00e9"},{"@type":"BreadcrumbList","@id":"https:\/\/www.visitcentroamerica.com\/sala-prensa\/viajar\/gastronomia\/por-que-deberias-hacer-la-ruta-de-los-cafetales-en-centroamerica\/#breadcrumb","itemListElement":[{"@type":"ListItem","position":1,"name":"Portada","item":"https:\/\/www.visitcentroamerica.com\/sala-prensa\/"},{"@type":"ListItem","position":2,"name":"\u00bfPor qu\u00e9 deber\u00edas hacer la ruta de los cafetales en Centroam\u00e9rica?"}]},{"@type":"WebSite","@id":"https:\/\/www.visitcentroamerica.com\/sala-prensa\/#website","url":"https:\/\/www.visitcentroamerica.com\/sala-prensa\/","name":"Sala de prensa","description":"","potentialAction":[{"@type":"SearchAction","target":{"@type":"EntryPoint","urlTemplate":"https:\/\/www.visitcentroamerica.com\/sala-prensa\/?s={search_term_string}"},"query-input":{"@type":"PropertyValueSpecification","valueRequired":true,"valueName":"search_term_string"}}],"inLanguage":"es"},{"@type":"Person","@id":"https:\/\/www.visitcentroamerica.com\/sala-prensa\/#\/schema\/person\/0aa3bd0dbaabaead6089ee3dd0cd7ae5","name":"Denis Alvarado","image":{"@type":"ImageObject","inLanguage":"es","@id":"https:\/\/secure.gravatar.com\/avatar\/c31f0697f6edb7c68d5dedc2ccbd548d2a9f73aa293e81c6a1425229ec4c9135?s=96&d=mm&r=g","url":"https:\/\/secure.gravatar.com\/avatar\/c31f0697f6edb7c68d5dedc2ccbd548d2a9f73aa293e81c6a1425229ec4c9135?s=96&d=mm&r=g","contentUrl":"https:\/\/secure.gravatar.com\/avatar\/c31f0697f6edb7c68d5dedc2ccbd548d2a9f73aa293e81c6a1425229ec4c9135?s=96&d=mm&r=g","caption":"Denis Alvarado"},"url":"https:\/\/www.visitcentroamerica.com\/sala-prensa\/author\/denis\/"}]}},"_links":{"self":[{"href":"https:\/\/www.visitcentroamerica.com\/sala-prensa\/wp-json\/wp\/v2\/posts\/12803","targetHints":{"allow":["GET"]}}],"collection":[{"href":"https:\/\/www.visitcentroamerica.com\/sala-prensa\/wp-json\/wp\/v2\/posts"}],"about":[{"href":"https:\/\/www.visitcentroamerica.com\/sala-prensa\/wp-json\/wp\/v2\/types\/post"}],"author":[{"embeddable":true,"href":"https:\/\/www.visitcentroamerica.com\/sala-prensa\/wp-json\/wp\/v2\/users\/5"}],"replies":[{"embeddable":true,"href":"https:\/\/www.visitcentroamerica.com\/sala-prensa\/wp-json\/wp\/v2\/comments?post=12803"}],"version-history":[{"count":1,"href":"https:\/\/www.visitcentroamerica.com\/sala-prensa\/wp-json\/wp\/v2\/posts\/12803\/revisions"}],"predecessor-version":[{"id":12827,"href":"https:\/\/www.visitcentroamerica.com\/sala-prensa\/wp-json\/wp\/v2\/posts\/12803\/revisions\/12827"}],"wp:featuredmedia":[{"embeddable":true,"href":"https:\/\/www.visitcentroamerica.com\/sala-prensa\/wp-json\/wp\/v2\/media\/12804"}],"wp:attachment":[{"href":"https:\/\/www.visitcentroamerica.com\/sala-prensa\/wp-json\/wp\/v2\/media?parent=12803"}],"wp:term":[{"taxonomy":"category","embeddable":true,"href":"https:\/\/www.visitcentroamerica.com\/sala-prensa\/wp-json\/wp\/v2\/categories?post=12803"},{"taxonomy":"post_tag","embeddable":true,"href":"https:\/\/www.visitcentroamerica.com\/sala-prensa\/wp-json\/wp\/v2\/tags?post=12803"}],"curies":[{"name":"wp","href":"https:\/\/api.w.org\/{rel}","templated":true}]}}