{"id":12710,"date":"2021-11-01T11:00:35","date_gmt":"2021-11-01T11:00:35","guid":{"rendered":"https:\/\/www.visitcentroamerica.com\/sala-prensa\/?p=12710"},"modified":"2021-11-03T08:09:47","modified_gmt":"2021-11-03T08:09:47","slug":"puntos-clave-para-la-conservacion-del-medioambiente-y-la-sostenibilidad-economica-cultural-y-social-de-centroamerica","status":"publish","type":"post","link":"https:\/\/www.visitcentroamerica.com\/sala-prensa\/viajar\/naturaleza\/puntos-clave-para-la-conservacion-del-medioambiente-y-la-sostenibilidad-economica-cultural-y-social-de-centroamerica\/","title":{"rendered":"Puntos clave para la conservaci\u00f3n del medioambiente y la sostenibilidad econ\u00f3mica, cultural y social de Centroam\u00e9rica"},"content":{"rendered":"<p><strong><img decoding=\"async\" class=\"alignnone size-full wp-image-12711\" src=\"https:\/\/www.visitcentroamerica.com\/sala-prensa\/wp-content\/uploads\/2021\/10\/medioambiente-y-la-sostenibilidad-economica.jpg\" alt=\"medioambiente y la sostenibilidad econ\u00f3mica\" width=\"auto\" height=\"100%\" srcset=\"https:\/\/www.visitcentroamerica.com\/sala-prensa\/wp-content\/uploads\/2021\/10\/medioambiente-y-la-sostenibilidad-economica.jpg 1200w, https:\/\/www.visitcentroamerica.com\/sala-prensa\/wp-content\/uploads\/2021\/10\/medioambiente-y-la-sostenibilidad-economica-300x150.jpg 300w, https:\/\/www.visitcentroamerica.com\/sala-prensa\/wp-content\/uploads\/2021\/10\/medioambiente-y-la-sostenibilidad-economica-1024x512.jpg 1024w, https:\/\/www.visitcentroamerica.com\/sala-prensa\/wp-content\/uploads\/2021\/10\/medioambiente-y-la-sostenibilidad-economica-768x384.jpg 768w, https:\/\/www.visitcentroamerica.com\/sala-prensa\/wp-content\/uploads\/2021\/10\/medioambiente-y-la-sostenibilidad-economica-696x348.jpg 696w, https:\/\/www.visitcentroamerica.com\/sala-prensa\/wp-content\/uploads\/2021\/10\/medioambiente-y-la-sostenibilidad-economica-1068x534.jpg 1068w, https:\/\/www.visitcentroamerica.com\/sala-prensa\/wp-content\/uploads\/2021\/10\/medioambiente-y-la-sostenibilidad-economica-840x420.jpg 840w, https:\/\/www.visitcentroamerica.com\/sala-prensa\/wp-content\/uploads\/2021\/10\/medioambiente-y-la-sostenibilidad-economica-500x250.jpg 500w\" sizes=\"(max-width: 1200px) 100vw, 1200px\" \/><\/strong><\/p>\n<p><strong>Centroam\u00e9rica afronta en la actualidad diferentes retos<\/strong>, entre los que destaca el referido al cuidado del medio ambiente realizando una apuesta clara y decidida por la sostenibilidad. Esta es una tendencia al alza que encuentra su reflejo en \u00e1mbitos tan diversos como el del consumo energ\u00e9tico y el del turismo.<\/p>\n<p>Si planeas hacer el viaje de tu vida a pa\u00edses como <a href=\"https:\/\/www.presidencia.gob.sv\/\" target=\"_blank\" rel=\"noopener\"><strong>El Salvador<\/strong><\/a>, Belize o <a href=\"https:\/\/www.visitpanama.com\/es\/\" target=\"_blank\" rel=\"noopener\">Panam\u00e1<\/a>, este <em>post<\/em> te interesa. Prep\u00e1rate para conocer una tierra que promete conquistarte. Ya lo hizo conmigo. \u00a1Te lo aseguro! Vas a llevar a cabo el viaje de tu vida.<\/p>\n<h3>El reto de la conservaci\u00f3n de la cultura en Centroam\u00e9rica<\/h3>\n<p>Centroam\u00e9rica suma cerca de una veintena de enclaves que han sido declarados a lo largo de los \u00faltimos a\u00f1os por la Unesco como <strong>Patrimonio de la Humanidad<\/strong>. Visitarlos ha sido para m\u00ed todo un placer. Tambi\u00e9n lo ser\u00e1 para ti. No lo dudes. Te aguardan lugares m\u00e1gicos. Desde la Reserva del Arrecife de Belice hasta el Parque Nacional Isla del Coco de Costa Rica, pasando por las fortificaciones de Portobelo y San Lorenzo de Panam\u00e1 o\u00a0La Antigua Guatemala.<\/p>\n<p>La <strong>conservaci\u00f3n de la cultura en Centroam\u00e9rica <\/strong>es clave, al igual que la exuberancia natural. Deben preservarse para que contin\u00faen siendo una riqueza entre los diferentes pa\u00edses vecinos, as\u00ed como un atractivo tur\u00edstico de primer orden. Lo descubrir\u00e1s cuando viajes a este punto del planeta. La p\u00e9rdida de su patrimonio, tanto material como inmaterial, ser\u00eda irreparable.<\/p>\n<h3>Las diferentes dimensiones de la sostenibilidad ambiental en Centroam\u00e9rica<\/h3>\n<p>La <strong>sombra de la crisis medioambiental<\/strong> se cierne desde hace ya bastantes a\u00f1os sobre esta parte del continente americano. Avanza a pasos muy lentos, pero no por ello sus efectos dejan de ser graves. Sus habitantes ponen el foco en esta serie de cuestiones:<\/p>\n<ul>\n<li><strong>Delitos medioambientales.<\/strong> Se trata de combatir la deforestaci\u00f3n y la tala ilegal, los derrames de sustancias qu\u00edmicas y el tr\u00e1fico de especies, entre otras actuaciones indeseadas.<\/li>\n<li><strong>Extinci\u00f3n de especies.<\/strong> Es una de las consecuencias de la acci\u00f3n de los humanos que hay que frenar.<\/li>\n<li><strong>Acciones insostenibles amparadas por la ley.<\/strong> Ese es el caso del monocultivo o las talas llevadas a cabo por subsistencia.<\/li>\n<li><strong>Delitos contra los defensores medioambientales.<\/strong> Pueden desembocar incluso en su asesinato.<\/li>\n<li><strong>Fen\u00f3menos que da\u00f1an el medio ambiente.<\/strong> Entre estos se encuentran los incendios y los desastres naturales, como terremotos, volcanes en erupci\u00f3n, tsunamis, etc.<\/li>\n<\/ul>\n<h3>El primer tratado nacido en Latinoam\u00e9rica<\/h3>\n<p>La <strong>sostenibilidad ambiental en Centroam\u00e9rica<\/strong> es un tema que ocupa hoy en d\u00eda un lugar prioritario en las agendas de los gobernantes. As\u00ed queda de manifiesto en acuerdos adoptados entre distintos pa\u00edses, como el Tratado de Escaz\u00fa. Es el primer pacto ambiental creado en Latinoam\u00e9rica. Su contenido es de gran importancia.<\/p>\n<h4>Sus principales ejes de trabajo son estos:<\/h4>\n<ol>\n<li>Posibilitar el <strong>acceso a la informaci\u00f3n<\/strong> relacionada con el medio ambiente.<\/li>\n<li>Impulso a la <strong>participaci\u00f3n p\u00fablica<\/strong> cuando se trata de tomar decisiones sobre asuntos ambientales.<\/li>\n<li>Tener <strong>acceso a la justicia<\/strong> en cuestiones referidas al medio ambiente.<\/li>\n<\/ol>\n<p>Los pa\u00edses tratan de <strong>plantar cara a la crisis<\/strong> que les azota. Se trata de una crisis econ\u00f3mica, pero tambi\u00e9n de p\u00e9rdida de la biodiversidad biol\u00f3gica y de la aparente impunidad con la que se act\u00faa en esta regi\u00f3n ante delitos que tienen como v\u00edctima a la naturaleza.<\/p>\n<p>Con los acuerdos internacionales y otras acciones de marcado car\u00e1cter sostenible, ha llegado el momento de que descubras los mejores enclaves de este <strong>multidestino que es Centroam\u00e9rica<\/strong>. Ap\u00fantate al <em>tour <\/em><a href=\"https:\/\/www.visitcentroamerica.com\/packages\/centroamerica-colonial-nicaragua-salvador-guatemala\/\" target=\"_blank\" rel=\"noopener\"><strong>Centroam\u00e9rica colonial<\/strong><\/a> y a experiencias como <a href=\"https:\/\/www.visitcentroamerica.com\/experiencias\/patrimonio-la-humanidad\/\" target=\"_blank\" rel=\"noopener\"><strong>Patrimonio de la Humanidad<\/strong><\/a> y <a href=\"https:\/\/www.visitcentroamerica.com\/experiencias\/natural\/\" target=\"_blank\" rel=\"noopener\"><strong>Centroam\u00e9rica natural<\/strong><\/a>. No olvides visitar nuestra web para conocer los destinos que te ofrecemos con todo detalle.<\/p>\n","protected":false},"excerpt":{"rendered":"<p>Centroam\u00e9rica afronta en la actualidad diferentes retos, entre los que destaca el referido al cuidado del medio ambiente realizando una apuesta clara y decidida por la sostenibilidad. Esta es una tendencia al alza que encuentra su reflejo en \u00e1mbitos tan diversos como el del consumo energ\u00e9tico y el del turismo. Si planeas hacer el viaje [&hellip;]<\/p>\n","protected":false},"author":5,"featured_media":12711,"comment_status":"open","ping_status":"closed","sticky":false,"template":"","format":"standard","meta":{"footnotes":""},"categories":[29,32],"tags":[],"class_list":{"0":"post-12710","1":"post","2":"type-post","3":"status-publish","4":"format-standard","5":"has-post-thumbnail","7":"category-cultura","8":"category-naturaleza"},"yoast_head":"<!-- This site is optimized with the Yoast SEO plugin v27.3 - https:\/\/yoast.com\/product\/yoast-seo-wordpress\/ -->\n<title>Centroam\u00e9rica: un esfuerzo com\u00fan y decidido por la sostenibilidad<\/title>\n<meta name=\"description\" content=\"Conoce el modo en que Centroam\u00e9rica lleva a cabo una apuesta firme y decidida por la sostenibilidad ambiental y la conservaci\u00f3n de la cultura en sus pa\u00edses\" \/>\n<meta name=\"robots\" content=\"index, follow, max-snippet:-1, max-image-preview:large, max-video-preview:-1\" \/>\n<link rel=\"canonical\" href=\"https:\/\/www.visitcentroamerica.com\/sala-prensa\/viajar\/naturaleza\/puntos-clave-para-la-conservacion-del-medioambiente-y-la-sostenibilidad-economica-cultural-y-social-de-centroamerica\/\" \/>\n<meta property=\"og:locale\" content=\"es_ES\" \/>\n<meta property=\"og:type\" content=\"article\" \/>\n<meta property=\"og:title\" content=\"Centroam\u00e9rica: un esfuerzo com\u00fan y decidido por la sostenibilidad\" \/>\n<meta property=\"og:description\" content=\"Conoce el modo en que Centroam\u00e9rica lleva a cabo una apuesta firme y decidida por la sostenibilidad ambiental y la conservaci\u00f3n de la cultura en sus pa\u00edses\" \/>\n<meta property=\"og:url\" content=\"https:\/\/www.visitcentroamerica.com\/sala-prensa\/viajar\/naturaleza\/puntos-clave-para-la-conservacion-del-medioambiente-y-la-sostenibilidad-economica-cultural-y-social-de-centroamerica\/\" \/>\n<meta property=\"og:site_name\" content=\"Sala de prensa\" \/>\n<meta property=\"article:published_time\" content=\"2021-11-01T11:00:35+00:00\" \/>\n<meta property=\"article:modified_time\" content=\"2021-11-03T08:09:47+00:00\" \/>\n<meta property=\"og:image\" content=\"https:\/\/www.visitcentroamerica.com\/sala-prensa\/wp-content\/uploads\/2021\/10\/medioambiente-y-la-sostenibilidad-economica.jpg\" \/>\n\t<meta property=\"og:image:width\" content=\"1200\" \/>\n\t<meta property=\"og:image:height\" content=\"600\" \/>\n\t<meta property=\"og:image:type\" content=\"image\/jpeg\" \/>\n<meta name=\"author\" content=\"Denis Alvarado\" \/>\n<meta name=\"twitter:card\" content=\"summary_large_image\" \/>\n<meta name=\"twitter:label1\" content=\"Escrito por\" \/>\n\t<meta name=\"twitter:data1\" content=\"Denis Alvarado\" \/>\n\t<meta name=\"twitter:label2\" content=\"Tiempo de lectura\" \/>\n\t<meta name=\"twitter:data2\" content=\"3 minutos\" \/>\n<script type=\"application\/ld+json\" class=\"yoast-schema-graph\">{\"@context\":\"https:\\\/\\\/schema.org\",\"@graph\":[{\"@type\":\"Article\",\"@id\":\"https:\\\/\\\/www.visitcentroamerica.com\\\/sala-prensa\\\/viajar\\\/naturaleza\\\/puntos-clave-para-la-conservacion-del-medioambiente-y-la-sostenibilidad-economica-cultural-y-social-de-centroamerica\\\/#article\",\"isPartOf\":{\"@id\":\"https:\\\/\\\/www.visitcentroamerica.com\\\/sala-prensa\\\/viajar\\\/naturaleza\\\/puntos-clave-para-la-conservacion-del-medioambiente-y-la-sostenibilidad-economica-cultural-y-social-de-centroamerica\\\/\"},\"author\":{\"name\":\"Denis Alvarado\",\"@id\":\"https:\\\/\\\/www.visitcentroamerica.com\\\/sala-prensa\\\/#\\\/schema\\\/person\\\/0aa3bd0dbaabaead6089ee3dd0cd7ae5\"},\"headline\":\"Puntos clave para la conservaci\u00f3n del medioambiente y la sostenibilidad econ\u00f3mica, cultural y social de Centroam\u00e9rica\",\"datePublished\":\"2021-11-01T11:00:35+00:00\",\"dateModified\":\"2021-11-03T08:09:47+00:00\",\"mainEntityOfPage\":{\"@id\":\"https:\\\/\\\/www.visitcentroamerica.com\\\/sala-prensa\\\/viajar\\\/naturaleza\\\/puntos-clave-para-la-conservacion-del-medioambiente-y-la-sostenibilidad-economica-cultural-y-social-de-centroamerica\\\/\"},\"wordCount\":665,\"commentCount\":0,\"image\":{\"@id\":\"https:\\\/\\\/www.visitcentroamerica.com\\\/sala-prensa\\\/viajar\\\/naturaleza\\\/puntos-clave-para-la-conservacion-del-medioambiente-y-la-sostenibilidad-economica-cultural-y-social-de-centroamerica\\\/#primaryimage\"},\"thumbnailUrl\":\"https:\\\/\\\/www.visitcentroamerica.com\\\/sala-prensa\\\/wp-content\\\/uploads\\\/2021\\\/10\\\/medioambiente-y-la-sostenibilidad-economica.jpg\",\"articleSection\":[\"Cultura\",\"Naturaleza\"],\"inLanguage\":\"es\",\"potentialAction\":[{\"@type\":\"CommentAction\",\"name\":\"Comment\",\"target\":[\"https:\\\/\\\/www.visitcentroamerica.com\\\/sala-prensa\\\/viajar\\\/naturaleza\\\/puntos-clave-para-la-conservacion-del-medioambiente-y-la-sostenibilidad-economica-cultural-y-social-de-centroamerica\\\/#respond\"]}]},{\"@type\":\"WebPage\",\"@id\":\"https:\\\/\\\/www.visitcentroamerica.com\\\/sala-prensa\\\/viajar\\\/naturaleza\\\/puntos-clave-para-la-conservacion-del-medioambiente-y-la-sostenibilidad-economica-cultural-y-social-de-centroamerica\\\/\",\"url\":\"https:\\\/\\\/www.visitcentroamerica.com\\\/sala-prensa\\\/viajar\\\/naturaleza\\\/puntos-clave-para-la-conservacion-del-medioambiente-y-la-sostenibilidad-economica-cultural-y-social-de-centroamerica\\\/\",\"name\":\"Centroam\u00e9rica: un esfuerzo com\u00fan y decidido por la sostenibilidad\",\"isPartOf\":{\"@id\":\"https:\\\/\\\/www.visitcentroamerica.com\\\/sala-prensa\\\/#website\"},\"primaryImageOfPage\":{\"@id\":\"https:\\\/\\\/www.visitcentroamerica.com\\\/sala-prensa\\\/viajar\\\/naturaleza\\\/puntos-clave-para-la-conservacion-del-medioambiente-y-la-sostenibilidad-economica-cultural-y-social-de-centroamerica\\\/#primaryimage\"},\"image\":{\"@id\":\"https:\\\/\\\/www.visitcentroamerica.com\\\/sala-prensa\\\/viajar\\\/naturaleza\\\/puntos-clave-para-la-conservacion-del-medioambiente-y-la-sostenibilidad-economica-cultural-y-social-de-centroamerica\\\/#primaryimage\"},\"thumbnailUrl\":\"https:\\\/\\\/www.visitcentroamerica.com\\\/sala-prensa\\\/wp-content\\\/uploads\\\/2021\\\/10\\\/medioambiente-y-la-sostenibilidad-economica.jpg\",\"datePublished\":\"2021-11-01T11:00:35+00:00\",\"dateModified\":\"2021-11-03T08:09:47+00:00\",\"author\":{\"@id\":\"https:\\\/\\\/www.visitcentroamerica.com\\\/sala-prensa\\\/#\\\/schema\\\/person\\\/0aa3bd0dbaabaead6089ee3dd0cd7ae5\"},\"description\":\"Conoce el modo en que Centroam\u00e9rica lleva a cabo una apuesta firme y decidida por la sostenibilidad ambiental y la conservaci\u00f3n de la cultura en sus pa\u00edses\",\"breadcrumb\":{\"@id\":\"https:\\\/\\\/www.visitcentroamerica.com\\\/sala-prensa\\\/viajar\\\/naturaleza\\\/puntos-clave-para-la-conservacion-del-medioambiente-y-la-sostenibilidad-economica-cultural-y-social-de-centroamerica\\\/#breadcrumb\"},\"inLanguage\":\"es\",\"potentialAction\":[{\"@type\":\"ReadAction\",\"target\":[\"https:\\\/\\\/www.visitcentroamerica.com\\\/sala-prensa\\\/viajar\\\/naturaleza\\\/puntos-clave-para-la-conservacion-del-medioambiente-y-la-sostenibilidad-economica-cultural-y-social-de-centroamerica\\\/\"]}]},{\"@type\":\"ImageObject\",\"inLanguage\":\"es\",\"@id\":\"https:\\\/\\\/www.visitcentroamerica.com\\\/sala-prensa\\\/viajar\\\/naturaleza\\\/puntos-clave-para-la-conservacion-del-medioambiente-y-la-sostenibilidad-economica-cultural-y-social-de-centroamerica\\\/#primaryimage\",\"url\":\"https:\\\/\\\/www.visitcentroamerica.com\\\/sala-prensa\\\/wp-content\\\/uploads\\\/2021\\\/10\\\/medioambiente-y-la-sostenibilidad-economica.jpg\",\"contentUrl\":\"https:\\\/\\\/www.visitcentroamerica.com\\\/sala-prensa\\\/wp-content\\\/uploads\\\/2021\\\/10\\\/medioambiente-y-la-sostenibilidad-economica.jpg\",\"width\":1200,\"height\":600,\"caption\":\"medioambiente y la sostenibilidad econ\u00f3mica\"},{\"@type\":\"BreadcrumbList\",\"@id\":\"https:\\\/\\\/www.visitcentroamerica.com\\\/sala-prensa\\\/viajar\\\/naturaleza\\\/puntos-clave-para-la-conservacion-del-medioambiente-y-la-sostenibilidad-economica-cultural-y-social-de-centroamerica\\\/#breadcrumb\",\"itemListElement\":[{\"@type\":\"ListItem\",\"position\":1,\"name\":\"Portada\",\"item\":\"https:\\\/\\\/www.visitcentroamerica.com\\\/sala-prensa\\\/\"},{\"@type\":\"ListItem\",\"position\":2,\"name\":\"Puntos clave para la conservaci\u00f3n del medioambiente y la sostenibilidad econ\u00f3mica, cultural y social de Centroam\u00e9rica\"}]},{\"@type\":\"WebSite\",\"@id\":\"https:\\\/\\\/www.visitcentroamerica.com\\\/sala-prensa\\\/#website\",\"url\":\"https:\\\/\\\/www.visitcentroamerica.com\\\/sala-prensa\\\/\",\"name\":\"Sala de prensa\",\"description\":\"\",\"potentialAction\":[{\"@type\":\"SearchAction\",\"target\":{\"@type\":\"EntryPoint\",\"urlTemplate\":\"https:\\\/\\\/www.visitcentroamerica.com\\\/sala-prensa\\\/?s={search_term_string}\"},\"query-input\":{\"@type\":\"PropertyValueSpecification\",\"valueRequired\":true,\"valueName\":\"search_term_string\"}}],\"inLanguage\":\"es\"},{\"@type\":\"Person\",\"@id\":\"https:\\\/\\\/www.visitcentroamerica.com\\\/sala-prensa\\\/#\\\/schema\\\/person\\\/0aa3bd0dbaabaead6089ee3dd0cd7ae5\",\"name\":\"Denis Alvarado\",\"image\":{\"@type\":\"ImageObject\",\"inLanguage\":\"es\",\"@id\":\"https:\\\/\\\/secure.gravatar.com\\\/avatar\\\/c31f0697f6edb7c68d5dedc2ccbd548d2a9f73aa293e81c6a1425229ec4c9135?s=96&d=mm&r=g\",\"url\":\"https:\\\/\\\/secure.gravatar.com\\\/avatar\\\/c31f0697f6edb7c68d5dedc2ccbd548d2a9f73aa293e81c6a1425229ec4c9135?s=96&d=mm&r=g\",\"contentUrl\":\"https:\\\/\\\/secure.gravatar.com\\\/avatar\\\/c31f0697f6edb7c68d5dedc2ccbd548d2a9f73aa293e81c6a1425229ec4c9135?s=96&d=mm&r=g\",\"caption\":\"Denis Alvarado\"},\"url\":\"https:\\\/\\\/www.visitcentroamerica.com\\\/sala-prensa\\\/author\\\/denis\\\/\"}]}<\/script>\n<!-- \/ Yoast SEO plugin. -->","yoast_head_json":{"title":"Centroam\u00e9rica: un esfuerzo com\u00fan y decidido por la sostenibilidad","description":"Conoce el modo en que Centroam\u00e9rica lleva a cabo una apuesta firme y decidida por la sostenibilidad ambiental y la conservaci\u00f3n de la cultura en sus pa\u00edses","robots":{"index":"index","follow":"follow","max-snippet":"max-snippet:-1","max-image-preview":"max-image-preview:large","max-video-preview":"max-video-preview:-1"},"canonical":"https:\/\/www.visitcentroamerica.com\/sala-prensa\/viajar\/naturaleza\/puntos-clave-para-la-conservacion-del-medioambiente-y-la-sostenibilidad-economica-cultural-y-social-de-centroamerica\/","og_locale":"es_ES","og_type":"article","og_title":"Centroam\u00e9rica: un esfuerzo com\u00fan y decidido por la sostenibilidad","og_description":"Conoce el modo en que Centroam\u00e9rica lleva a cabo una apuesta firme y decidida por la sostenibilidad ambiental y la conservaci\u00f3n de la cultura en sus pa\u00edses","og_url":"https:\/\/www.visitcentroamerica.com\/sala-prensa\/viajar\/naturaleza\/puntos-clave-para-la-conservacion-del-medioambiente-y-la-sostenibilidad-economica-cultural-y-social-de-centroamerica\/","og_site_name":"Sala de prensa","article_published_time":"2021-11-01T11:00:35+00:00","article_modified_time":"2021-11-03T08:09:47+00:00","og_image":[{"width":1200,"height":600,"url":"https:\/\/www.visitcentroamerica.com\/sala-prensa\/wp-content\/uploads\/2021\/10\/medioambiente-y-la-sostenibilidad-economica.jpg","type":"image\/jpeg"}],"author":"Denis Alvarado","twitter_card":"summary_large_image","twitter_misc":{"Escrito por":"Denis Alvarado","Tiempo de lectura":"3 minutos"},"schema":{"@context":"https:\/\/schema.org","@graph":[{"@type":"Article","@id":"https:\/\/www.visitcentroamerica.com\/sala-prensa\/viajar\/naturaleza\/puntos-clave-para-la-conservacion-del-medioambiente-y-la-sostenibilidad-economica-cultural-y-social-de-centroamerica\/#article","isPartOf":{"@id":"https:\/\/www.visitcentroamerica.com\/sala-prensa\/viajar\/naturaleza\/puntos-clave-para-la-conservacion-del-medioambiente-y-la-sostenibilidad-economica-cultural-y-social-de-centroamerica\/"},"author":{"name":"Denis Alvarado","@id":"https:\/\/www.visitcentroamerica.com\/sala-prensa\/#\/schema\/person\/0aa3bd0dbaabaead6089ee3dd0cd7ae5"},"headline":"Puntos clave para la conservaci\u00f3n del medioambiente y la sostenibilidad econ\u00f3mica, cultural y social de Centroam\u00e9rica","datePublished":"2021-11-01T11:00:35+00:00","dateModified":"2021-11-03T08:09:47+00:00","mainEntityOfPage":{"@id":"https:\/\/www.visitcentroamerica.com\/sala-prensa\/viajar\/naturaleza\/puntos-clave-para-la-conservacion-del-medioambiente-y-la-sostenibilidad-economica-cultural-y-social-de-centroamerica\/"},"wordCount":665,"commentCount":0,"image":{"@id":"https:\/\/www.visitcentroamerica.com\/sala-prensa\/viajar\/naturaleza\/puntos-clave-para-la-conservacion-del-medioambiente-y-la-sostenibilidad-economica-cultural-y-social-de-centroamerica\/#primaryimage"},"thumbnailUrl":"https:\/\/www.visitcentroamerica.com\/sala-prensa\/wp-content\/uploads\/2021\/10\/medioambiente-y-la-sostenibilidad-economica.jpg","articleSection":["Cultura","Naturaleza"],"inLanguage":"es","potentialAction":[{"@type":"CommentAction","name":"Comment","target":["https:\/\/www.visitcentroamerica.com\/sala-prensa\/viajar\/naturaleza\/puntos-clave-para-la-conservacion-del-medioambiente-y-la-sostenibilidad-economica-cultural-y-social-de-centroamerica\/#respond"]}]},{"@type":"WebPage","@id":"https:\/\/www.visitcentroamerica.com\/sala-prensa\/viajar\/naturaleza\/puntos-clave-para-la-conservacion-del-medioambiente-y-la-sostenibilidad-economica-cultural-y-social-de-centroamerica\/","url":"https:\/\/www.visitcentroamerica.com\/sala-prensa\/viajar\/naturaleza\/puntos-clave-para-la-conservacion-del-medioambiente-y-la-sostenibilidad-economica-cultural-y-social-de-centroamerica\/","name":"Centroam\u00e9rica: un esfuerzo com\u00fan y decidido por la sostenibilidad","isPartOf":{"@id":"https:\/\/www.visitcentroamerica.com\/sala-prensa\/#website"},"primaryImageOfPage":{"@id":"https:\/\/www.visitcentroamerica.com\/sala-prensa\/viajar\/naturaleza\/puntos-clave-para-la-conservacion-del-medioambiente-y-la-sostenibilidad-economica-cultural-y-social-de-centroamerica\/#primaryimage"},"image":{"@id":"https:\/\/www.visitcentroamerica.com\/sala-prensa\/viajar\/naturaleza\/puntos-clave-para-la-conservacion-del-medioambiente-y-la-sostenibilidad-economica-cultural-y-social-de-centroamerica\/#primaryimage"},"thumbnailUrl":"https:\/\/www.visitcentroamerica.com\/sala-prensa\/wp-content\/uploads\/2021\/10\/medioambiente-y-la-sostenibilidad-economica.jpg","datePublished":"2021-11-01T11:00:35+00:00","dateModified":"2021-11-03T08:09:47+00:00","author":{"@id":"https:\/\/www.visitcentroamerica.com\/sala-prensa\/#\/schema\/person\/0aa3bd0dbaabaead6089ee3dd0cd7ae5"},"description":"Conoce el modo en que Centroam\u00e9rica lleva a cabo una apuesta firme y decidida por la sostenibilidad ambiental y la conservaci\u00f3n de la cultura en sus pa\u00edses","breadcrumb":{"@id":"https:\/\/www.visitcentroamerica.com\/sala-prensa\/viajar\/naturaleza\/puntos-clave-para-la-conservacion-del-medioambiente-y-la-sostenibilidad-economica-cultural-y-social-de-centroamerica\/#breadcrumb"},"inLanguage":"es","potentialAction":[{"@type":"ReadAction","target":["https:\/\/www.visitcentroamerica.com\/sala-prensa\/viajar\/naturaleza\/puntos-clave-para-la-conservacion-del-medioambiente-y-la-sostenibilidad-economica-cultural-y-social-de-centroamerica\/"]}]},{"@type":"ImageObject","inLanguage":"es","@id":"https:\/\/www.visitcentroamerica.com\/sala-prensa\/viajar\/naturaleza\/puntos-clave-para-la-conservacion-del-medioambiente-y-la-sostenibilidad-economica-cultural-y-social-de-centroamerica\/#primaryimage","url":"https:\/\/www.visitcentroamerica.com\/sala-prensa\/wp-content\/uploads\/2021\/10\/medioambiente-y-la-sostenibilidad-economica.jpg","contentUrl":"https:\/\/www.visitcentroamerica.com\/sala-prensa\/wp-content\/uploads\/2021\/10\/medioambiente-y-la-sostenibilidad-economica.jpg","width":1200,"height":600,"caption":"medioambiente y la sostenibilidad econ\u00f3mica"},{"@type":"BreadcrumbList","@id":"https:\/\/www.visitcentroamerica.com\/sala-prensa\/viajar\/naturaleza\/puntos-clave-para-la-conservacion-del-medioambiente-y-la-sostenibilidad-economica-cultural-y-social-de-centroamerica\/#breadcrumb","itemListElement":[{"@type":"ListItem","position":1,"name":"Portada","item":"https:\/\/www.visitcentroamerica.com\/sala-prensa\/"},{"@type":"ListItem","position":2,"name":"Puntos clave para la conservaci\u00f3n del medioambiente y la sostenibilidad econ\u00f3mica, cultural y social de Centroam\u00e9rica"}]},{"@type":"WebSite","@id":"https:\/\/www.visitcentroamerica.com\/sala-prensa\/#website","url":"https:\/\/www.visitcentroamerica.com\/sala-prensa\/","name":"Sala de prensa","description":"","potentialAction":[{"@type":"SearchAction","target":{"@type":"EntryPoint","urlTemplate":"https:\/\/www.visitcentroamerica.com\/sala-prensa\/?s={search_term_string}"},"query-input":{"@type":"PropertyValueSpecification","valueRequired":true,"valueName":"search_term_string"}}],"inLanguage":"es"},{"@type":"Person","@id":"https:\/\/www.visitcentroamerica.com\/sala-prensa\/#\/schema\/person\/0aa3bd0dbaabaead6089ee3dd0cd7ae5","name":"Denis Alvarado","image":{"@type":"ImageObject","inLanguage":"es","@id":"https:\/\/secure.gravatar.com\/avatar\/c31f0697f6edb7c68d5dedc2ccbd548d2a9f73aa293e81c6a1425229ec4c9135?s=96&d=mm&r=g","url":"https:\/\/secure.gravatar.com\/avatar\/c31f0697f6edb7c68d5dedc2ccbd548d2a9f73aa293e81c6a1425229ec4c9135?s=96&d=mm&r=g","contentUrl":"https:\/\/secure.gravatar.com\/avatar\/c31f0697f6edb7c68d5dedc2ccbd548d2a9f73aa293e81c6a1425229ec4c9135?s=96&d=mm&r=g","caption":"Denis Alvarado"},"url":"https:\/\/www.visitcentroamerica.com\/sala-prensa\/author\/denis\/"}]}},"_links":{"self":[{"href":"https:\/\/www.visitcentroamerica.com\/sala-prensa\/wp-json\/wp\/v2\/posts\/12710","targetHints":{"allow":["GET"]}}],"collection":[{"href":"https:\/\/www.visitcentroamerica.com\/sala-prensa\/wp-json\/wp\/v2\/posts"}],"about":[{"href":"https:\/\/www.visitcentroamerica.com\/sala-prensa\/wp-json\/wp\/v2\/types\/post"}],"author":[{"embeddable":true,"href":"https:\/\/www.visitcentroamerica.com\/sala-prensa\/wp-json\/wp\/v2\/users\/5"}],"replies":[{"embeddable":true,"href":"https:\/\/www.visitcentroamerica.com\/sala-prensa\/wp-json\/wp\/v2\/comments?post=12710"}],"version-history":[{"count":1,"href":"https:\/\/www.visitcentroamerica.com\/sala-prensa\/wp-json\/wp\/v2\/posts\/12710\/revisions"}],"predecessor-version":[{"id":12713,"href":"https:\/\/www.visitcentroamerica.com\/sala-prensa\/wp-json\/wp\/v2\/posts\/12710\/revisions\/12713"}],"wp:featuredmedia":[{"embeddable":true,"href":"https:\/\/www.visitcentroamerica.com\/sala-prensa\/wp-json\/wp\/v2\/media\/12711"}],"wp:attachment":[{"href":"https:\/\/www.visitcentroamerica.com\/sala-prensa\/wp-json\/wp\/v2\/media?parent=12710"}],"wp:term":[{"taxonomy":"category","embeddable":true,"href":"https:\/\/www.visitcentroamerica.com\/sala-prensa\/wp-json\/wp\/v2\/categories?post=12710"},{"taxonomy":"post_tag","embeddable":true,"href":"https:\/\/www.visitcentroamerica.com\/sala-prensa\/wp-json\/wp\/v2\/tags?post=12710"}],"curies":[{"name":"wp","href":"https:\/\/api.w.org\/{rel}","templated":true}]}}