{"id":12496,"date":"2021-09-03T07:43:36","date_gmt":"2021-09-03T07:43:36","guid":{"rendered":"https:\/\/www.visitcentroamerica.com\/sala-prensa\/?p=12496"},"modified":"2021-09-06T10:35:37","modified_gmt":"2021-09-06T10:35:37","slug":"centroamerica-inicia-en-mexico-su-roadshow-para-agentes-de-viajes","status":"publish","type":"post","link":"https:\/\/www.visitcentroamerica.com\/sala-prensa\/roadshow\/centroamerica-inicia-en-mexico-su-roadshow-para-agentes-de-viajes\/","title":{"rendered":"Centroam\u00e9rica inicia en M\u00e9xico su Roadshow para agentes de viajes"},"content":{"rendered":"<p><img decoding=\"async\" class=\"alignnone size-full wp-image-12497\" src=\"https:\/\/www.visitcentroamerica.com\/sala-prensa\/wp-content\/uploads\/2021\/09\/centroamerica-multidestino-viajeros-internacionales.jpg\" alt=\" Centroam\u00e9rica inicia en M\u00e9xico su Roadshow para agentes de viajes \" width=\"100%\" height=\"auto\" srcset=\"https:\/\/www.visitcentroamerica.com\/sala-prensa\/wp-content\/uploads\/2021\/09\/centroamerica-multidestino-viajeros-internacionales.jpg 1200w, https:\/\/www.visitcentroamerica.com\/sala-prensa\/wp-content\/uploads\/2021\/09\/centroamerica-multidestino-viajeros-internacionales-300x150.jpg 300w, https:\/\/www.visitcentroamerica.com\/sala-prensa\/wp-content\/uploads\/2021\/09\/centroamerica-multidestino-viajeros-internacionales-1024x512.jpg 1024w, https:\/\/www.visitcentroamerica.com\/sala-prensa\/wp-content\/uploads\/2021\/09\/centroamerica-multidestino-viajeros-internacionales-768x384.jpg 768w, https:\/\/www.visitcentroamerica.com\/sala-prensa\/wp-content\/uploads\/2021\/09\/centroamerica-multidestino-viajeros-internacionales-696x348.jpg 696w, https:\/\/www.visitcentroamerica.com\/sala-prensa\/wp-content\/uploads\/2021\/09\/centroamerica-multidestino-viajeros-internacionales-1068x534.jpg 1068w, https:\/\/www.visitcentroamerica.com\/sala-prensa\/wp-content\/uploads\/2021\/09\/centroamerica-multidestino-viajeros-internacionales-840x420.jpg 840w, https:\/\/www.visitcentroamerica.com\/sala-prensa\/wp-content\/uploads\/2021\/09\/centroamerica-multidestino-viajeros-internacionales-500x250.jpg 500w\" sizes=\"(max-width: 1200px) 100vw, 1200px\" \/><\/p>\n<p>M\u00e9xico fue el punto de partida de The Central American Virtual Roadshow: The Americas 2021, en el que cuatro pa\u00edses de Centroam\u00e9rica presentaron su oferta a los agentes de viajes para impulsar la llegada de viajeros a la regi\u00f3n como multidestino.<\/p>\n<blockquote>\n<p class=\"post-description\">Cuatro pa\u00edses de Centroam\u00e9rica presentan su oferta multidestino a los principales mercados emisores de viajeros internacionales<\/p>\n<\/blockquote>\n<p>El evento virtual fue organizado por la Agencia para la <a href=\"https:\/\/www.reportelobby.com\/2021\/08\/volaris-el-salvador-cdmx-cancun.html\" target=\"_blank\" rel=\"noopener\">Promoci\u00f3n<\/a> Tur\u00edstica de Centroam\u00e9rica (CATA, por sus siglas en ingl\u00e9s) y en esta participan Belice, Guatemala, Honduras y Nicaragua quienes presentaron su oferta por separado pero con la intenci\u00f3n de generar negocios en conjunto.<\/p>\n<p>Luego de M\u00e9xico, el Roadshow llegar\u00e1, en su formato virtual, a Estados Unidos el 8 de septiembre y a Canad\u00e1 el 23 de este mes, al ser los principales mercados emisores de turismo internacional a estas naciones.<\/p>\n<p>De acuerdo con Mynor Cordon, director general del Instituto Guatemalteco de Turismo (INGUAT), en 2019, los tres pa\u00edses de Norteam\u00e9rica aportaron 43.1% de los viajeros extranjeros a Centroam\u00e9rica, con un total de 7.4 millones de turistas.<\/p>\n<p>De \u00e9stos, casi 5.8 millones fueron de Estados Unidos, 1.3 millones de Canad\u00e1 y M\u00e9xico aport\u00f3 390,762 turistas, cifra que pudiera incrementarse con el apoyo de los agentes de viajes mayoristas y minoristas de nuestro pa\u00eds.<\/p>\n<p>Carolina Briones, secretaria general de CATA, explic\u00f3 la importancia de promover la oferta tur\u00edstica de Centroam\u00e9rica como multidestino, en el que tambi\u00e9n est\u00e1 integrado Rep\u00fablica Dominicana, para impulsar la variada oferta tur\u00edstica que tienen.<\/p>\n<h3>Centroam\u00e9rica se integra para impulsar turismo<\/h3>\n<p>El gran potencial tur\u00edstico de Centroam\u00e9rica, concentrado en los pa\u00edses mencionados, est\u00e1 distribuido en una extensi\u00f3n de 570,948 kil\u00f3metros cuadrados, de los cuales 25% del espacio terrestre es \u00e1rea protegida y cuenta con 20 sitios declarados Patrimonio de la Humanidad por la Unesco.<\/p>\n<p>La regi\u00f3n supera los 57 millones de habitantes y es un puente de conexi\u00f3n entre el Oc\u00e9ano Pac\u00edfico y Atl\u00e1ntico, adem\u00e1s alberga 12% de la biodiversidad del mundo, destac\u00f3 Briones.<\/p>\n<p>The Central American Virtual Roadshow: The Americas 2021 cont\u00f3 con la presentaci\u00f3n de los atractivos de cada destino, en voz de sus representantes de <a href=\"https:\/\/www.reportelobby.com\/2021\/08\/volaris-el-salvador-cdmx-cancun.html\" target=\"_blank\" rel=\"noopener\">turismo<\/a> en breves intervenciones de 10 minutos.<\/p>\n<p>De ah\u00ed, los asistente virtuales pudieron entrar a una plataforma de negocios donde pod\u00eda interactuar con 26 tour operadores de la regi\u00f3n en citas de negocios e informativas, principalmente con miras a los viajes de 2022.<\/p>\n<p>Tambi\u00e9n se dio a conocer la p\u00e1gina VisitCentroamerica.com que concentra la informaci\u00f3n necesaria para los agentes de viajes, tanto en producto, requisitos de ingreso materiales gr\u00e1ficos y de video, entre otras herramientas que les ayudar\u00e1n a vender el producto.<\/p>\n<p>Por su geograf\u00eda, desde Guatemala hacia Belice, Honduras y Nicaragua, uno de los principales motivos de viaje es el turismo de naturaleza, que se diversifica en ecoturismo, deportivo, de aventura y sol y playa.<\/p>\n<p>Sin embargo, los expositores destacaron que tambi\u00e9n hay una gran oferta de turismo cultural, y un fuerte potencial para el turismo de romance, n\u00e1utico, educativo.<\/p>\n<p>Centroam\u00e9rica tambi\u00e9n cuenta con una importante conectividad a\u00e9rea desde M\u00e9xico, Estados Unidos y Canad\u00e1. Entre las compa\u00f1\u00edas regionales que facilitan las llegadas est\u00e1 Avianca, Copa Airlines y Aerom\u00e9xico, sin embargo hay m\u00e1s opciones.<\/p>\n<p>The Central American Virtual Roadshow: The Americas 2021 se desarroll\u00f3 en el marco del proyecto \u201cFortalecimiento de la Integraci\u00f3n y Promoci\u00f3n Tur\u00edstica <a href=\"https:\/\/www.reportelobby.com\/2021\/08\/volaris-el-salvador-cdmx-cancun.html\" target=\"_blank\" rel=\"noopener\">Centroameticana<\/a>\u201d que cuenta con el apoyo de Taiw\u00e1n.<\/p>\n<p>Fuente: <a href=\"https:\/\/www.reportelobby.com\/\" target=\"_blank\" rel=\"noopener\">www.reportelobby.com<\/a>.<\/p>\n","protected":false},"excerpt":{"rendered":"<p>M\u00e9xico fue el punto de partida de The Central American Virtual Roadshow: The Americas 2021, en el que cuatro pa\u00edses de Centroam\u00e9rica presentaron su oferta a los agentes de viajes para impulsar la llegada de viajeros a la regi\u00f3n como multidestino. Cuatro pa\u00edses de Centroam\u00e9rica presentan su oferta multidestino a los principales mercados emisores de [&hellip;]<\/p>\n","protected":false},"author":5,"featured_media":12497,"comment_status":"open","ping_status":"closed","sticky":false,"template":"","format":"standard","meta":{"footnotes":""},"categories":[15,3200],"tags":[],"class_list":{"0":"post-12496","1":"post","2":"type-post","3":"status-publish","4":"format-standard","5":"has-post-thumbnail","7":"category-internacional","8":"category-roadshow"},"yoast_head":"<!-- This site is optimized with the Yoast SEO plugin v27.3 - https:\/\/yoast.com\/product\/yoast-seo-wordpress\/ -->\n<title>Centroam\u00e9rica inicia en M\u00e9xico su Roadshow para agentes de viajes - Sala de prensa<\/title>\n<meta name=\"description\" content=\"M\u00e9xico fue el punto de partida de The Central American Virtual Roadshow: The Americas 2021.\" \/>\n<meta name=\"robots\" content=\"index, follow, max-snippet:-1, max-image-preview:large, max-video-preview:-1\" \/>\n<link rel=\"canonical\" href=\"https:\/\/www.visitcentroamerica.com\/sala-prensa\/roadshow\/centroamerica-inicia-en-mexico-su-roadshow-para-agentes-de-viajes\/\" \/>\n<meta property=\"og:locale\" content=\"es_ES\" \/>\n<meta property=\"og:type\" content=\"article\" \/>\n<meta property=\"og:title\" content=\"Centroam\u00e9rica inicia en M\u00e9xico su Roadshow para agentes de viajes - Sala de prensa\" \/>\n<meta property=\"og:description\" content=\"M\u00e9xico fue el punto de partida de The Central American Virtual Roadshow: The Americas 2021.\" \/>\n<meta property=\"og:url\" content=\"https:\/\/www.visitcentroamerica.com\/sala-prensa\/roadshow\/centroamerica-inicia-en-mexico-su-roadshow-para-agentes-de-viajes\/\" \/>\n<meta property=\"og:site_name\" content=\"Sala de prensa\" \/>\n<meta property=\"article:published_time\" content=\"2021-09-03T07:43:36+00:00\" \/>\n<meta property=\"article:modified_time\" content=\"2021-09-06T10:35:37+00:00\" \/>\n<meta property=\"og:image\" content=\"https:\/\/www.visitcentroamerica.com\/sala-prensa\/wp-content\/uploads\/2021\/09\/centroamerica-multidestino-viajeros-internacionales.jpg\" \/>\n\t<meta property=\"og:image:width\" content=\"1200\" \/>\n\t<meta property=\"og:image:height\" content=\"600\" \/>\n\t<meta property=\"og:image:type\" content=\"image\/jpeg\" \/>\n<meta name=\"author\" content=\"Denis Alvarado\" \/>\n<meta name=\"twitter:card\" content=\"summary_large_image\" \/>\n<meta name=\"twitter:label1\" content=\"Escrito por\" \/>\n\t<meta name=\"twitter:data1\" content=\"Denis Alvarado\" \/>\n\t<meta name=\"twitter:label2\" content=\"Tiempo de lectura\" \/>\n\t<meta name=\"twitter:data2\" content=\"3 minutos\" \/>\n<script type=\"application\/ld+json\" class=\"yoast-schema-graph\">{\"@context\":\"https:\\\/\\\/schema.org\",\"@graph\":[{\"@type\":\"Article\",\"@id\":\"https:\\\/\\\/www.visitcentroamerica.com\\\/sala-prensa\\\/roadshow\\\/centroamerica-inicia-en-mexico-su-roadshow-para-agentes-de-viajes\\\/#article\",\"isPartOf\":{\"@id\":\"https:\\\/\\\/www.visitcentroamerica.com\\\/sala-prensa\\\/roadshow\\\/centroamerica-inicia-en-mexico-su-roadshow-para-agentes-de-viajes\\\/\"},\"author\":{\"name\":\"Denis Alvarado\",\"@id\":\"https:\\\/\\\/www.visitcentroamerica.com\\\/sala-prensa\\\/#\\\/schema\\\/person\\\/0aa3bd0dbaabaead6089ee3dd0cd7ae5\"},\"headline\":\"Centroam\u00e9rica inicia en M\u00e9xico su Roadshow para agentes de viajes\",\"datePublished\":\"2021-09-03T07:43:36+00:00\",\"dateModified\":\"2021-09-06T10:35:37+00:00\",\"mainEntityOfPage\":{\"@id\":\"https:\\\/\\\/www.visitcentroamerica.com\\\/sala-prensa\\\/roadshow\\\/centroamerica-inicia-en-mexico-su-roadshow-para-agentes-de-viajes\\\/\"},\"wordCount\":605,\"commentCount\":0,\"image\":{\"@id\":\"https:\\\/\\\/www.visitcentroamerica.com\\\/sala-prensa\\\/roadshow\\\/centroamerica-inicia-en-mexico-su-roadshow-para-agentes-de-viajes\\\/#primaryimage\"},\"thumbnailUrl\":\"https:\\\/\\\/www.visitcentroamerica.com\\\/sala-prensa\\\/wp-content\\\/uploads\\\/2021\\\/09\\\/centroamerica-multidestino-viajeros-internacionales.jpg\",\"articleSection\":[\"Internacional\",\"Roadshow\"],\"inLanguage\":\"es\",\"potentialAction\":[{\"@type\":\"CommentAction\",\"name\":\"Comment\",\"target\":[\"https:\\\/\\\/www.visitcentroamerica.com\\\/sala-prensa\\\/roadshow\\\/centroamerica-inicia-en-mexico-su-roadshow-para-agentes-de-viajes\\\/#respond\"]}]},{\"@type\":\"WebPage\",\"@id\":\"https:\\\/\\\/www.visitcentroamerica.com\\\/sala-prensa\\\/roadshow\\\/centroamerica-inicia-en-mexico-su-roadshow-para-agentes-de-viajes\\\/\",\"url\":\"https:\\\/\\\/www.visitcentroamerica.com\\\/sala-prensa\\\/roadshow\\\/centroamerica-inicia-en-mexico-su-roadshow-para-agentes-de-viajes\\\/\",\"name\":\"Centroam\u00e9rica inicia en M\u00e9xico su Roadshow para agentes de viajes - Sala de prensa\",\"isPartOf\":{\"@id\":\"https:\\\/\\\/www.visitcentroamerica.com\\\/sala-prensa\\\/#website\"},\"primaryImageOfPage\":{\"@id\":\"https:\\\/\\\/www.visitcentroamerica.com\\\/sala-prensa\\\/roadshow\\\/centroamerica-inicia-en-mexico-su-roadshow-para-agentes-de-viajes\\\/#primaryimage\"},\"image\":{\"@id\":\"https:\\\/\\\/www.visitcentroamerica.com\\\/sala-prensa\\\/roadshow\\\/centroamerica-inicia-en-mexico-su-roadshow-para-agentes-de-viajes\\\/#primaryimage\"},\"thumbnailUrl\":\"https:\\\/\\\/www.visitcentroamerica.com\\\/sala-prensa\\\/wp-content\\\/uploads\\\/2021\\\/09\\\/centroamerica-multidestino-viajeros-internacionales.jpg\",\"datePublished\":\"2021-09-03T07:43:36+00:00\",\"dateModified\":\"2021-09-06T10:35:37+00:00\",\"author\":{\"@id\":\"https:\\\/\\\/www.visitcentroamerica.com\\\/sala-prensa\\\/#\\\/schema\\\/person\\\/0aa3bd0dbaabaead6089ee3dd0cd7ae5\"},\"description\":\"M\u00e9xico fue el punto de partida de The Central American Virtual Roadshow: The Americas 2021.\",\"breadcrumb\":{\"@id\":\"https:\\\/\\\/www.visitcentroamerica.com\\\/sala-prensa\\\/roadshow\\\/centroamerica-inicia-en-mexico-su-roadshow-para-agentes-de-viajes\\\/#breadcrumb\"},\"inLanguage\":\"es\",\"potentialAction\":[{\"@type\":\"ReadAction\",\"target\":[\"https:\\\/\\\/www.visitcentroamerica.com\\\/sala-prensa\\\/roadshow\\\/centroamerica-inicia-en-mexico-su-roadshow-para-agentes-de-viajes\\\/\"]}]},{\"@type\":\"ImageObject\",\"inLanguage\":\"es\",\"@id\":\"https:\\\/\\\/www.visitcentroamerica.com\\\/sala-prensa\\\/roadshow\\\/centroamerica-inicia-en-mexico-su-roadshow-para-agentes-de-viajes\\\/#primaryimage\",\"url\":\"https:\\\/\\\/www.visitcentroamerica.com\\\/sala-prensa\\\/wp-content\\\/uploads\\\/2021\\\/09\\\/centroamerica-multidestino-viajeros-internacionales.jpg\",\"contentUrl\":\"https:\\\/\\\/www.visitcentroamerica.com\\\/sala-prensa\\\/wp-content\\\/uploads\\\/2021\\\/09\\\/centroamerica-multidestino-viajeros-internacionales.jpg\",\"width\":1200,\"height\":600},{\"@type\":\"BreadcrumbList\",\"@id\":\"https:\\\/\\\/www.visitcentroamerica.com\\\/sala-prensa\\\/roadshow\\\/centroamerica-inicia-en-mexico-su-roadshow-para-agentes-de-viajes\\\/#breadcrumb\",\"itemListElement\":[{\"@type\":\"ListItem\",\"position\":1,\"name\":\"Portada\",\"item\":\"https:\\\/\\\/www.visitcentroamerica.com\\\/sala-prensa\\\/\"},{\"@type\":\"ListItem\",\"position\":2,\"name\":\"Centroam\u00e9rica inicia en M\u00e9xico su Roadshow para agentes de viajes\"}]},{\"@type\":\"WebSite\",\"@id\":\"https:\\\/\\\/www.visitcentroamerica.com\\\/sala-prensa\\\/#website\",\"url\":\"https:\\\/\\\/www.visitcentroamerica.com\\\/sala-prensa\\\/\",\"name\":\"Sala de prensa\",\"description\":\"\",\"potentialAction\":[{\"@type\":\"SearchAction\",\"target\":{\"@type\":\"EntryPoint\",\"urlTemplate\":\"https:\\\/\\\/www.visitcentroamerica.com\\\/sala-prensa\\\/?s={search_term_string}\"},\"query-input\":{\"@type\":\"PropertyValueSpecification\",\"valueRequired\":true,\"valueName\":\"search_term_string\"}}],\"inLanguage\":\"es\"},{\"@type\":\"Person\",\"@id\":\"https:\\\/\\\/www.visitcentroamerica.com\\\/sala-prensa\\\/#\\\/schema\\\/person\\\/0aa3bd0dbaabaead6089ee3dd0cd7ae5\",\"name\":\"Denis Alvarado\",\"image\":{\"@type\":\"ImageObject\",\"inLanguage\":\"es\",\"@id\":\"https:\\\/\\\/secure.gravatar.com\\\/avatar\\\/c31f0697f6edb7c68d5dedc2ccbd548d2a9f73aa293e81c6a1425229ec4c9135?s=96&d=mm&r=g\",\"url\":\"https:\\\/\\\/secure.gravatar.com\\\/avatar\\\/c31f0697f6edb7c68d5dedc2ccbd548d2a9f73aa293e81c6a1425229ec4c9135?s=96&d=mm&r=g\",\"contentUrl\":\"https:\\\/\\\/secure.gravatar.com\\\/avatar\\\/c31f0697f6edb7c68d5dedc2ccbd548d2a9f73aa293e81c6a1425229ec4c9135?s=96&d=mm&r=g\",\"caption\":\"Denis Alvarado\"},\"url\":\"https:\\\/\\\/www.visitcentroamerica.com\\\/sala-prensa\\\/author\\\/denis\\\/\"}]}<\/script>\n<!-- \/ Yoast SEO plugin. -->","yoast_head_json":{"title":"Centroam\u00e9rica inicia en M\u00e9xico su Roadshow para agentes de viajes - Sala de prensa","description":"M\u00e9xico fue el punto de partida de The Central American Virtual Roadshow: The Americas 2021.","robots":{"index":"index","follow":"follow","max-snippet":"max-snippet:-1","max-image-preview":"max-image-preview:large","max-video-preview":"max-video-preview:-1"},"canonical":"https:\/\/www.visitcentroamerica.com\/sala-prensa\/roadshow\/centroamerica-inicia-en-mexico-su-roadshow-para-agentes-de-viajes\/","og_locale":"es_ES","og_type":"article","og_title":"Centroam\u00e9rica inicia en M\u00e9xico su Roadshow para agentes de viajes - Sala de prensa","og_description":"M\u00e9xico fue el punto de partida de The Central American Virtual Roadshow: The Americas 2021.","og_url":"https:\/\/www.visitcentroamerica.com\/sala-prensa\/roadshow\/centroamerica-inicia-en-mexico-su-roadshow-para-agentes-de-viajes\/","og_site_name":"Sala de prensa","article_published_time":"2021-09-03T07:43:36+00:00","article_modified_time":"2021-09-06T10:35:37+00:00","og_image":[{"width":1200,"height":600,"url":"https:\/\/www.visitcentroamerica.com\/sala-prensa\/wp-content\/uploads\/2021\/09\/centroamerica-multidestino-viajeros-internacionales.jpg","type":"image\/jpeg"}],"author":"Denis Alvarado","twitter_card":"summary_large_image","twitter_misc":{"Escrito por":"Denis Alvarado","Tiempo de lectura":"3 minutos"},"schema":{"@context":"https:\/\/schema.org","@graph":[{"@type":"Article","@id":"https:\/\/www.visitcentroamerica.com\/sala-prensa\/roadshow\/centroamerica-inicia-en-mexico-su-roadshow-para-agentes-de-viajes\/#article","isPartOf":{"@id":"https:\/\/www.visitcentroamerica.com\/sala-prensa\/roadshow\/centroamerica-inicia-en-mexico-su-roadshow-para-agentes-de-viajes\/"},"author":{"name":"Denis Alvarado","@id":"https:\/\/www.visitcentroamerica.com\/sala-prensa\/#\/schema\/person\/0aa3bd0dbaabaead6089ee3dd0cd7ae5"},"headline":"Centroam\u00e9rica inicia en M\u00e9xico su Roadshow para agentes de viajes","datePublished":"2021-09-03T07:43:36+00:00","dateModified":"2021-09-06T10:35:37+00:00","mainEntityOfPage":{"@id":"https:\/\/www.visitcentroamerica.com\/sala-prensa\/roadshow\/centroamerica-inicia-en-mexico-su-roadshow-para-agentes-de-viajes\/"},"wordCount":605,"commentCount":0,"image":{"@id":"https:\/\/www.visitcentroamerica.com\/sala-prensa\/roadshow\/centroamerica-inicia-en-mexico-su-roadshow-para-agentes-de-viajes\/#primaryimage"},"thumbnailUrl":"https:\/\/www.visitcentroamerica.com\/sala-prensa\/wp-content\/uploads\/2021\/09\/centroamerica-multidestino-viajeros-internacionales.jpg","articleSection":["Internacional","Roadshow"],"inLanguage":"es","potentialAction":[{"@type":"CommentAction","name":"Comment","target":["https:\/\/www.visitcentroamerica.com\/sala-prensa\/roadshow\/centroamerica-inicia-en-mexico-su-roadshow-para-agentes-de-viajes\/#respond"]}]},{"@type":"WebPage","@id":"https:\/\/www.visitcentroamerica.com\/sala-prensa\/roadshow\/centroamerica-inicia-en-mexico-su-roadshow-para-agentes-de-viajes\/","url":"https:\/\/www.visitcentroamerica.com\/sala-prensa\/roadshow\/centroamerica-inicia-en-mexico-su-roadshow-para-agentes-de-viajes\/","name":"Centroam\u00e9rica inicia en M\u00e9xico su Roadshow para agentes de viajes - Sala de prensa","isPartOf":{"@id":"https:\/\/www.visitcentroamerica.com\/sala-prensa\/#website"},"primaryImageOfPage":{"@id":"https:\/\/www.visitcentroamerica.com\/sala-prensa\/roadshow\/centroamerica-inicia-en-mexico-su-roadshow-para-agentes-de-viajes\/#primaryimage"},"image":{"@id":"https:\/\/www.visitcentroamerica.com\/sala-prensa\/roadshow\/centroamerica-inicia-en-mexico-su-roadshow-para-agentes-de-viajes\/#primaryimage"},"thumbnailUrl":"https:\/\/www.visitcentroamerica.com\/sala-prensa\/wp-content\/uploads\/2021\/09\/centroamerica-multidestino-viajeros-internacionales.jpg","datePublished":"2021-09-03T07:43:36+00:00","dateModified":"2021-09-06T10:35:37+00:00","author":{"@id":"https:\/\/www.visitcentroamerica.com\/sala-prensa\/#\/schema\/person\/0aa3bd0dbaabaead6089ee3dd0cd7ae5"},"description":"M\u00e9xico fue el punto de partida de The Central American Virtual Roadshow: The Americas 2021.","breadcrumb":{"@id":"https:\/\/www.visitcentroamerica.com\/sala-prensa\/roadshow\/centroamerica-inicia-en-mexico-su-roadshow-para-agentes-de-viajes\/#breadcrumb"},"inLanguage":"es","potentialAction":[{"@type":"ReadAction","target":["https:\/\/www.visitcentroamerica.com\/sala-prensa\/roadshow\/centroamerica-inicia-en-mexico-su-roadshow-para-agentes-de-viajes\/"]}]},{"@type":"ImageObject","inLanguage":"es","@id":"https:\/\/www.visitcentroamerica.com\/sala-prensa\/roadshow\/centroamerica-inicia-en-mexico-su-roadshow-para-agentes-de-viajes\/#primaryimage","url":"https:\/\/www.visitcentroamerica.com\/sala-prensa\/wp-content\/uploads\/2021\/09\/centroamerica-multidestino-viajeros-internacionales.jpg","contentUrl":"https:\/\/www.visitcentroamerica.com\/sala-prensa\/wp-content\/uploads\/2021\/09\/centroamerica-multidestino-viajeros-internacionales.jpg","width":1200,"height":600},{"@type":"BreadcrumbList","@id":"https:\/\/www.visitcentroamerica.com\/sala-prensa\/roadshow\/centroamerica-inicia-en-mexico-su-roadshow-para-agentes-de-viajes\/#breadcrumb","itemListElement":[{"@type":"ListItem","position":1,"name":"Portada","item":"https:\/\/www.visitcentroamerica.com\/sala-prensa\/"},{"@type":"ListItem","position":2,"name":"Centroam\u00e9rica inicia en M\u00e9xico su Roadshow para agentes de viajes"}]},{"@type":"WebSite","@id":"https:\/\/www.visitcentroamerica.com\/sala-prensa\/#website","url":"https:\/\/www.visitcentroamerica.com\/sala-prensa\/","name":"Sala de prensa","description":"","potentialAction":[{"@type":"SearchAction","target":{"@type":"EntryPoint","urlTemplate":"https:\/\/www.visitcentroamerica.com\/sala-prensa\/?s={search_term_string}"},"query-input":{"@type":"PropertyValueSpecification","valueRequired":true,"valueName":"search_term_string"}}],"inLanguage":"es"},{"@type":"Person","@id":"https:\/\/www.visitcentroamerica.com\/sala-prensa\/#\/schema\/person\/0aa3bd0dbaabaead6089ee3dd0cd7ae5","name":"Denis Alvarado","image":{"@type":"ImageObject","inLanguage":"es","@id":"https:\/\/secure.gravatar.com\/avatar\/c31f0697f6edb7c68d5dedc2ccbd548d2a9f73aa293e81c6a1425229ec4c9135?s=96&d=mm&r=g","url":"https:\/\/secure.gravatar.com\/avatar\/c31f0697f6edb7c68d5dedc2ccbd548d2a9f73aa293e81c6a1425229ec4c9135?s=96&d=mm&r=g","contentUrl":"https:\/\/secure.gravatar.com\/avatar\/c31f0697f6edb7c68d5dedc2ccbd548d2a9f73aa293e81c6a1425229ec4c9135?s=96&d=mm&r=g","caption":"Denis Alvarado"},"url":"https:\/\/www.visitcentroamerica.com\/sala-prensa\/author\/denis\/"}]}},"_links":{"self":[{"href":"https:\/\/www.visitcentroamerica.com\/sala-prensa\/wp-json\/wp\/v2\/posts\/12496","targetHints":{"allow":["GET"]}}],"collection":[{"href":"https:\/\/www.visitcentroamerica.com\/sala-prensa\/wp-json\/wp\/v2\/posts"}],"about":[{"href":"https:\/\/www.visitcentroamerica.com\/sala-prensa\/wp-json\/wp\/v2\/types\/post"}],"author":[{"embeddable":true,"href":"https:\/\/www.visitcentroamerica.com\/sala-prensa\/wp-json\/wp\/v2\/users\/5"}],"replies":[{"embeddable":true,"href":"https:\/\/www.visitcentroamerica.com\/sala-prensa\/wp-json\/wp\/v2\/comments?post=12496"}],"version-history":[{"count":1,"href":"https:\/\/www.visitcentroamerica.com\/sala-prensa\/wp-json\/wp\/v2\/posts\/12496\/revisions"}],"predecessor-version":[{"id":12499,"href":"https:\/\/www.visitcentroamerica.com\/sala-prensa\/wp-json\/wp\/v2\/posts\/12496\/revisions\/12499"}],"wp:featuredmedia":[{"embeddable":true,"href":"https:\/\/www.visitcentroamerica.com\/sala-prensa\/wp-json\/wp\/v2\/media\/12497"}],"wp:attachment":[{"href":"https:\/\/www.visitcentroamerica.com\/sala-prensa\/wp-json\/wp\/v2\/media?parent=12496"}],"wp:term":[{"taxonomy":"category","embeddable":true,"href":"https:\/\/www.visitcentroamerica.com\/sala-prensa\/wp-json\/wp\/v2\/categories?post=12496"},{"taxonomy":"post_tag","embeddable":true,"href":"https:\/\/www.visitcentroamerica.com\/sala-prensa\/wp-json\/wp\/v2\/tags?post=12496"}],"curies":[{"name":"wp","href":"https:\/\/api.w.org\/{rel}","templated":true}]}}