{"id":12480,"date":"2021-09-06T09:47:21","date_gmt":"2021-09-06T09:47:21","guid":{"rendered":"https:\/\/www.visitcentroamerica.com\/sala-prensa\/?p=12480"},"modified":"2021-08-30T10:06:58","modified_gmt":"2021-08-30T10:06:58","slug":"gastronomia-sostenible-en-republica-dominicana-y-centroamerica","status":"publish","type":"post","link":"https:\/\/www.visitcentroamerica.com\/sala-prensa\/viajar\/gastronomia\/gastronomia-sostenible-en-republica-dominicana-y-centroamerica\/","title":{"rendered":"Gastronom\u00eda sostenible en Rep\u00fablica Dominicana y Centroam\u00e9rica"},"content":{"rendered":"<p><strong><img decoding=\"async\" class=\"alignnone size-full wp-image-12481\" src=\"https:\/\/www.visitcentroamerica.com\/sala-prensa\/wp-content\/uploads\/2021\/08\/Gatronomia-sostenible.jpg\" alt=\"Gastronom\u00eda sostenible\" width=\"1200\" height=\"auto\" srcset=\"https:\/\/www.visitcentroamerica.com\/sala-prensa\/wp-content\/uploads\/2021\/08\/Gatronomia-sostenible.jpg 1200w, https:\/\/www.visitcentroamerica.com\/sala-prensa\/wp-content\/uploads\/2021\/08\/Gatronomia-sostenible-300x150.jpg 300w, https:\/\/www.visitcentroamerica.com\/sala-prensa\/wp-content\/uploads\/2021\/08\/Gatronomia-sostenible-1024x512.jpg 1024w, https:\/\/www.visitcentroamerica.com\/sala-prensa\/wp-content\/uploads\/2021\/08\/Gatronomia-sostenible-768x384.jpg 768w, https:\/\/www.visitcentroamerica.com\/sala-prensa\/wp-content\/uploads\/2021\/08\/Gatronomia-sostenible-696x348.jpg 696w, https:\/\/www.visitcentroamerica.com\/sala-prensa\/wp-content\/uploads\/2021\/08\/Gatronomia-sostenible-1068x534.jpg 1068w, https:\/\/www.visitcentroamerica.com\/sala-prensa\/wp-content\/uploads\/2021\/08\/Gatronomia-sostenible-840x420.jpg 840w, https:\/\/www.visitcentroamerica.com\/sala-prensa\/wp-content\/uploads\/2021\/08\/Gatronomia-sostenible-500x250.jpg 500w\" sizes=\"(max-width: 1200px) 100vw, 1200px\" \/><\/strong><\/p>\n<p><strong>Centroam\u00e9rica y Rep\u00fablica Dominicana\u00a0 <\/strong>son un ejemplo de\u00a0<strong>gastronom\u00eda sostenible<\/strong>;\u00a0la apuesta por los alimentos de proximidad es cada vez mayor. \u00a1Compru\u00e9balo en tu<strong>\u00a0viaje multidestino<\/strong>!<\/p>\n<h3>Ruta por la Centroam\u00e9rica sostenible<\/h3>\n<p>Te recomiendo comenzar en<strong> Rep\u00fablica Dominicana<\/strong>, ventana a Centroam\u00e9rica. All\u00ed se recuperan las recetas ancestrales, ya que emplean ingredientes de entonces. As\u00ed\u00a0trabaja el chef Carlos Est\u00e9vez, quien, a trav\u00e9s de <strong>La Perla del Sur, en Barahona<\/strong>, pone en valor a los pescadores locales. Adem\u00e1s, crea nuevas formas de cocinar productos de la tierra como las almejas de Cabral y de Juancho.<\/p>\n<h3>Otros ejemplos de gastronom\u00eda sostenible<\/h3>\n<p>Tambi\u00e9n se impulsa la pesca sostenible en \u00abFish right, eat right\u00bb,<strong> programa belice\u00f1o<\/strong>\u00a0en el que los pescadores que utilizan\u00a0buenas pr\u00e1cticas son premiados con su presencia en mercados y con la promoci\u00f3n de su producto. \u00bfSab\u00edas, adem\u00e1s, que muchos restaurantes y hoteles en<strong> San Pedro <\/strong>cuentan con sus propios huertos y que los turistas participan en la cosecha?<\/p>\n<p><strong>Panam\u00e1<\/strong> es otro de los pa\u00edses donde se salvaguarda a los productores locales gracias a\u00a0proyectos como \u00abIberoam\u00e9rica para comer, Iberoam\u00e9rica para llevar\u00bb, que saca el m\u00e1ximo provecho a cada alimento. Uno de los sectores\u00a0protegidos es el del caf\u00e9 (muy popular el de <strong>Chiriqu\u00ed<\/strong>).<\/p>\n<p>Convierte la comida sustentable en el aliciente de tu aventura por <strong>Centroam\u00e9rica y Rep\u00fablica Dominicana.<\/strong> <a href=\"http:\/\/www.visitcentroamerica.com\/\" target=\"_blank\" rel=\"noopener\">Vis\u00edtanos<\/a> y descubre otros <a href=\"https:\/\/www.visitcentroamerica.com\/packages\/?_sft_typology-package=turismo-comunitario&amp;amp;_sft_person-package=belice\" target=\"_blank\" rel=\"noopener\">tours<\/a> para profundizar en la <strong>Centroam\u00e9rica sostenible<\/strong>.<\/p>\n<p>Experiencias:<\/p>\n<p>&#8211; <a href=\"https:\/\/www.visitcentroamerica.com\/experiencias\/gastronomia\/\" target=\"_blank\" rel=\"noopener\">Gastronom\u00eda<\/a>.<\/p>\n<p>&#8211; <a href=\"https:\/\/www.visitcentroamerica.com\/experiencias\/diversidad-cultural\/\" target=\"_blank\" rel=\"noopener\">Diversidad cultural<\/a>.<\/p>\n<p>Fuente de la imagen: <a href=\"https:\/\/pixabay.com\/es\/photos\/pescadores-playa-bote-pesca-mar-2983615\/\" target=\"_blank\" rel=\"noopener\">\u00a9 Quangpraha<\/a><\/p>\n","protected":false},"excerpt":{"rendered":"<p>Centroam\u00e9rica y Rep\u00fablica Dominicana\u00a0 son un ejemplo de\u00a0gastronom\u00eda sostenible;\u00a0la apuesta por los alimentos de proximidad es cada vez mayor. \u00a1Compru\u00e9balo en tu\u00a0viaje multidestino! Ruta por la Centroam\u00e9rica sostenible Te recomiendo comenzar en Rep\u00fablica Dominicana, ventana a Centroam\u00e9rica. All\u00ed se recuperan las recetas ancestrales, ya que emplean ingredientes de entonces. As\u00ed\u00a0trabaja el chef Carlos Est\u00e9vez, quien, [&hellip;]<\/p>\n","protected":false},"author":5,"featured_media":12481,"comment_status":"open","ping_status":"closed","sticky":false,"template":"","format":"standard","meta":{"footnotes":""},"categories":[30,39],"tags":[],"class_list":{"0":"post-12480","1":"post","2":"type-post","3":"status-publish","4":"format-standard","5":"has-post-thumbnail","7":"category-diversidad-cultural","8":"category-gastronomia"},"yoast_head":"<!-- This site is optimized with the Yoast SEO plugin v27.3 - https:\/\/yoast.com\/product\/yoast-seo-wordpress\/ -->\n<title>Centroam\u00e9rica y Rep\u00fablica Dominicana y: la sostenibilidad en la mesa<\/title>\n<meta name=\"description\" content=\"Centroam\u00e9rica y Rep\u00fablica Dominicana potencian la gastronom\u00eda sostenible y protegen a los productores de la tierra a trav\u00e9s de diversas iniciativas\" \/>\n<meta name=\"robots\" content=\"index, follow, max-snippet:-1, max-image-preview:large, max-video-preview:-1\" \/>\n<link rel=\"canonical\" href=\"https:\/\/www.visitcentroamerica.com\/sala-prensa\/viajar\/gastronomia\/gastronomia-sostenible-en-republica-dominicana-y-centroamerica\/\" \/>\n<meta property=\"og:locale\" content=\"es_ES\" \/>\n<meta property=\"og:type\" content=\"article\" \/>\n<meta property=\"og:title\" content=\"Centroam\u00e9rica y Rep\u00fablica Dominicana y: la sostenibilidad en la mesa\" \/>\n<meta property=\"og:description\" content=\"Centroam\u00e9rica y Rep\u00fablica Dominicana potencian la gastronom\u00eda sostenible y protegen a los productores de la tierra a trav\u00e9s de diversas iniciativas\" \/>\n<meta property=\"og:url\" content=\"https:\/\/www.visitcentroamerica.com\/sala-prensa\/viajar\/gastronomia\/gastronomia-sostenible-en-republica-dominicana-y-centroamerica\/\" \/>\n<meta property=\"og:site_name\" content=\"Sala de prensa\" \/>\n<meta property=\"article:published_time\" content=\"2021-09-06T09:47:21+00:00\" \/>\n<meta property=\"og:image\" content=\"https:\/\/www.visitcentroamerica.com\/sala-prensa\/wp-content\/uploads\/2021\/08\/Gatronomia-sostenible.jpg\" \/>\n\t<meta property=\"og:image:width\" content=\"1200\" \/>\n\t<meta property=\"og:image:height\" content=\"600\" \/>\n\t<meta property=\"og:image:type\" content=\"image\/jpeg\" \/>\n<meta name=\"author\" content=\"Denis Alvarado\" \/>\n<meta name=\"twitter:card\" content=\"summary_large_image\" \/>\n<meta name=\"twitter:label1\" content=\"Escrito por\" \/>\n\t<meta name=\"twitter:data1\" content=\"Denis Alvarado\" \/>\n\t<meta name=\"twitter:label2\" content=\"Tiempo de lectura\" \/>\n\t<meta name=\"twitter:data2\" content=\"2 minutos\" \/>\n<script type=\"application\/ld+json\" class=\"yoast-schema-graph\">{\"@context\":\"https:\\\/\\\/schema.org\",\"@graph\":[{\"@type\":\"Article\",\"@id\":\"https:\\\/\\\/www.visitcentroamerica.com\\\/sala-prensa\\\/viajar\\\/gastronomia\\\/gastronomia-sostenible-en-republica-dominicana-y-centroamerica\\\/#article\",\"isPartOf\":{\"@id\":\"https:\\\/\\\/www.visitcentroamerica.com\\\/sala-prensa\\\/viajar\\\/gastronomia\\\/gastronomia-sostenible-en-republica-dominicana-y-centroamerica\\\/\"},\"author\":{\"name\":\"Denis Alvarado\",\"@id\":\"https:\\\/\\\/www.visitcentroamerica.com\\\/sala-prensa\\\/#\\\/schema\\\/person\\\/0aa3bd0dbaabaead6089ee3dd0cd7ae5\"},\"headline\":\"Gastronom\u00eda sostenible en Rep\u00fablica Dominicana y Centroam\u00e9rica\",\"datePublished\":\"2021-09-06T09:47:21+00:00\",\"mainEntityOfPage\":{\"@id\":\"https:\\\/\\\/www.visitcentroamerica.com\\\/sala-prensa\\\/viajar\\\/gastronomia\\\/gastronomia-sostenible-en-republica-dominicana-y-centroamerica\\\/\"},\"wordCount\":275,\"commentCount\":0,\"image\":{\"@id\":\"https:\\\/\\\/www.visitcentroamerica.com\\\/sala-prensa\\\/viajar\\\/gastronomia\\\/gastronomia-sostenible-en-republica-dominicana-y-centroamerica\\\/#primaryimage\"},\"thumbnailUrl\":\"https:\\\/\\\/www.visitcentroamerica.com\\\/sala-prensa\\\/wp-content\\\/uploads\\\/2021\\\/08\\\/Gatronomia-sostenible.jpg\",\"articleSection\":[\"Diversidad Cultural\",\"Gastronom\u00eda\"],\"inLanguage\":\"es\",\"potentialAction\":[{\"@type\":\"CommentAction\",\"name\":\"Comment\",\"target\":[\"https:\\\/\\\/www.visitcentroamerica.com\\\/sala-prensa\\\/viajar\\\/gastronomia\\\/gastronomia-sostenible-en-republica-dominicana-y-centroamerica\\\/#respond\"]}]},{\"@type\":\"WebPage\",\"@id\":\"https:\\\/\\\/www.visitcentroamerica.com\\\/sala-prensa\\\/viajar\\\/gastronomia\\\/gastronomia-sostenible-en-republica-dominicana-y-centroamerica\\\/\",\"url\":\"https:\\\/\\\/www.visitcentroamerica.com\\\/sala-prensa\\\/viajar\\\/gastronomia\\\/gastronomia-sostenible-en-republica-dominicana-y-centroamerica\\\/\",\"name\":\"Centroam\u00e9rica y Rep\u00fablica Dominicana y: la sostenibilidad en la mesa\",\"isPartOf\":{\"@id\":\"https:\\\/\\\/www.visitcentroamerica.com\\\/sala-prensa\\\/#website\"},\"primaryImageOfPage\":{\"@id\":\"https:\\\/\\\/www.visitcentroamerica.com\\\/sala-prensa\\\/viajar\\\/gastronomia\\\/gastronomia-sostenible-en-republica-dominicana-y-centroamerica\\\/#primaryimage\"},\"image\":{\"@id\":\"https:\\\/\\\/www.visitcentroamerica.com\\\/sala-prensa\\\/viajar\\\/gastronomia\\\/gastronomia-sostenible-en-republica-dominicana-y-centroamerica\\\/#primaryimage\"},\"thumbnailUrl\":\"https:\\\/\\\/www.visitcentroamerica.com\\\/sala-prensa\\\/wp-content\\\/uploads\\\/2021\\\/08\\\/Gatronomia-sostenible.jpg\",\"datePublished\":\"2021-09-06T09:47:21+00:00\",\"author\":{\"@id\":\"https:\\\/\\\/www.visitcentroamerica.com\\\/sala-prensa\\\/#\\\/schema\\\/person\\\/0aa3bd0dbaabaead6089ee3dd0cd7ae5\"},\"description\":\"Centroam\u00e9rica y Rep\u00fablica Dominicana potencian la gastronom\u00eda sostenible y protegen a los productores de la tierra a trav\u00e9s de diversas iniciativas\",\"breadcrumb\":{\"@id\":\"https:\\\/\\\/www.visitcentroamerica.com\\\/sala-prensa\\\/viajar\\\/gastronomia\\\/gastronomia-sostenible-en-republica-dominicana-y-centroamerica\\\/#breadcrumb\"},\"inLanguage\":\"es\",\"potentialAction\":[{\"@type\":\"ReadAction\",\"target\":[\"https:\\\/\\\/www.visitcentroamerica.com\\\/sala-prensa\\\/viajar\\\/gastronomia\\\/gastronomia-sostenible-en-republica-dominicana-y-centroamerica\\\/\"]}]},{\"@type\":\"ImageObject\",\"inLanguage\":\"es\",\"@id\":\"https:\\\/\\\/www.visitcentroamerica.com\\\/sala-prensa\\\/viajar\\\/gastronomia\\\/gastronomia-sostenible-en-republica-dominicana-y-centroamerica\\\/#primaryimage\",\"url\":\"https:\\\/\\\/www.visitcentroamerica.com\\\/sala-prensa\\\/wp-content\\\/uploads\\\/2021\\\/08\\\/Gatronomia-sostenible.jpg\",\"contentUrl\":\"https:\\\/\\\/www.visitcentroamerica.com\\\/sala-prensa\\\/wp-content\\\/uploads\\\/2021\\\/08\\\/Gatronomia-sostenible.jpg\",\"width\":1200,\"height\":600,\"caption\":\"Gastronom\u00eda sostenible\"},{\"@type\":\"BreadcrumbList\",\"@id\":\"https:\\\/\\\/www.visitcentroamerica.com\\\/sala-prensa\\\/viajar\\\/gastronomia\\\/gastronomia-sostenible-en-republica-dominicana-y-centroamerica\\\/#breadcrumb\",\"itemListElement\":[{\"@type\":\"ListItem\",\"position\":1,\"name\":\"Portada\",\"item\":\"https:\\\/\\\/www.visitcentroamerica.com\\\/sala-prensa\\\/\"},{\"@type\":\"ListItem\",\"position\":2,\"name\":\"Gastronom\u00eda sostenible en Rep\u00fablica Dominicana y Centroam\u00e9rica\"}]},{\"@type\":\"WebSite\",\"@id\":\"https:\\\/\\\/www.visitcentroamerica.com\\\/sala-prensa\\\/#website\",\"url\":\"https:\\\/\\\/www.visitcentroamerica.com\\\/sala-prensa\\\/\",\"name\":\"Sala de prensa\",\"description\":\"\",\"potentialAction\":[{\"@type\":\"SearchAction\",\"target\":{\"@type\":\"EntryPoint\",\"urlTemplate\":\"https:\\\/\\\/www.visitcentroamerica.com\\\/sala-prensa\\\/?s={search_term_string}\"},\"query-input\":{\"@type\":\"PropertyValueSpecification\",\"valueRequired\":true,\"valueName\":\"search_term_string\"}}],\"inLanguage\":\"es\"},{\"@type\":\"Person\",\"@id\":\"https:\\\/\\\/www.visitcentroamerica.com\\\/sala-prensa\\\/#\\\/schema\\\/person\\\/0aa3bd0dbaabaead6089ee3dd0cd7ae5\",\"name\":\"Denis Alvarado\",\"image\":{\"@type\":\"ImageObject\",\"inLanguage\":\"es\",\"@id\":\"https:\\\/\\\/secure.gravatar.com\\\/avatar\\\/c31f0697f6edb7c68d5dedc2ccbd548d2a9f73aa293e81c6a1425229ec4c9135?s=96&d=mm&r=g\",\"url\":\"https:\\\/\\\/secure.gravatar.com\\\/avatar\\\/c31f0697f6edb7c68d5dedc2ccbd548d2a9f73aa293e81c6a1425229ec4c9135?s=96&d=mm&r=g\",\"contentUrl\":\"https:\\\/\\\/secure.gravatar.com\\\/avatar\\\/c31f0697f6edb7c68d5dedc2ccbd548d2a9f73aa293e81c6a1425229ec4c9135?s=96&d=mm&r=g\",\"caption\":\"Denis Alvarado\"},\"url\":\"https:\\\/\\\/www.visitcentroamerica.com\\\/sala-prensa\\\/author\\\/denis\\\/\"}]}<\/script>\n<!-- \/ Yoast SEO plugin. -->","yoast_head_json":{"title":"Centroam\u00e9rica y Rep\u00fablica Dominicana y: la sostenibilidad en la mesa","description":"Centroam\u00e9rica y Rep\u00fablica Dominicana potencian la gastronom\u00eda sostenible y protegen a los productores de la tierra a trav\u00e9s de diversas iniciativas","robots":{"index":"index","follow":"follow","max-snippet":"max-snippet:-1","max-image-preview":"max-image-preview:large","max-video-preview":"max-video-preview:-1"},"canonical":"https:\/\/www.visitcentroamerica.com\/sala-prensa\/viajar\/gastronomia\/gastronomia-sostenible-en-republica-dominicana-y-centroamerica\/","og_locale":"es_ES","og_type":"article","og_title":"Centroam\u00e9rica y Rep\u00fablica Dominicana y: la sostenibilidad en la mesa","og_description":"Centroam\u00e9rica y Rep\u00fablica Dominicana potencian la gastronom\u00eda sostenible y protegen a los productores de la tierra a trav\u00e9s de diversas iniciativas","og_url":"https:\/\/www.visitcentroamerica.com\/sala-prensa\/viajar\/gastronomia\/gastronomia-sostenible-en-republica-dominicana-y-centroamerica\/","og_site_name":"Sala de prensa","article_published_time":"2021-09-06T09:47:21+00:00","og_image":[{"width":1200,"height":600,"url":"https:\/\/www.visitcentroamerica.com\/sala-prensa\/wp-content\/uploads\/2021\/08\/Gatronomia-sostenible.jpg","type":"image\/jpeg"}],"author":"Denis Alvarado","twitter_card":"summary_large_image","twitter_misc":{"Escrito por":"Denis Alvarado","Tiempo de lectura":"2 minutos"},"schema":{"@context":"https:\/\/schema.org","@graph":[{"@type":"Article","@id":"https:\/\/www.visitcentroamerica.com\/sala-prensa\/viajar\/gastronomia\/gastronomia-sostenible-en-republica-dominicana-y-centroamerica\/#article","isPartOf":{"@id":"https:\/\/www.visitcentroamerica.com\/sala-prensa\/viajar\/gastronomia\/gastronomia-sostenible-en-republica-dominicana-y-centroamerica\/"},"author":{"name":"Denis Alvarado","@id":"https:\/\/www.visitcentroamerica.com\/sala-prensa\/#\/schema\/person\/0aa3bd0dbaabaead6089ee3dd0cd7ae5"},"headline":"Gastronom\u00eda sostenible en Rep\u00fablica Dominicana y Centroam\u00e9rica","datePublished":"2021-09-06T09:47:21+00:00","mainEntityOfPage":{"@id":"https:\/\/www.visitcentroamerica.com\/sala-prensa\/viajar\/gastronomia\/gastronomia-sostenible-en-republica-dominicana-y-centroamerica\/"},"wordCount":275,"commentCount":0,"image":{"@id":"https:\/\/www.visitcentroamerica.com\/sala-prensa\/viajar\/gastronomia\/gastronomia-sostenible-en-republica-dominicana-y-centroamerica\/#primaryimage"},"thumbnailUrl":"https:\/\/www.visitcentroamerica.com\/sala-prensa\/wp-content\/uploads\/2021\/08\/Gatronomia-sostenible.jpg","articleSection":["Diversidad Cultural","Gastronom\u00eda"],"inLanguage":"es","potentialAction":[{"@type":"CommentAction","name":"Comment","target":["https:\/\/www.visitcentroamerica.com\/sala-prensa\/viajar\/gastronomia\/gastronomia-sostenible-en-republica-dominicana-y-centroamerica\/#respond"]}]},{"@type":"WebPage","@id":"https:\/\/www.visitcentroamerica.com\/sala-prensa\/viajar\/gastronomia\/gastronomia-sostenible-en-republica-dominicana-y-centroamerica\/","url":"https:\/\/www.visitcentroamerica.com\/sala-prensa\/viajar\/gastronomia\/gastronomia-sostenible-en-republica-dominicana-y-centroamerica\/","name":"Centroam\u00e9rica y Rep\u00fablica Dominicana y: la sostenibilidad en la mesa","isPartOf":{"@id":"https:\/\/www.visitcentroamerica.com\/sala-prensa\/#website"},"primaryImageOfPage":{"@id":"https:\/\/www.visitcentroamerica.com\/sala-prensa\/viajar\/gastronomia\/gastronomia-sostenible-en-republica-dominicana-y-centroamerica\/#primaryimage"},"image":{"@id":"https:\/\/www.visitcentroamerica.com\/sala-prensa\/viajar\/gastronomia\/gastronomia-sostenible-en-republica-dominicana-y-centroamerica\/#primaryimage"},"thumbnailUrl":"https:\/\/www.visitcentroamerica.com\/sala-prensa\/wp-content\/uploads\/2021\/08\/Gatronomia-sostenible.jpg","datePublished":"2021-09-06T09:47:21+00:00","author":{"@id":"https:\/\/www.visitcentroamerica.com\/sala-prensa\/#\/schema\/person\/0aa3bd0dbaabaead6089ee3dd0cd7ae5"},"description":"Centroam\u00e9rica y Rep\u00fablica Dominicana potencian la gastronom\u00eda sostenible y protegen a los productores de la tierra a trav\u00e9s de diversas iniciativas","breadcrumb":{"@id":"https:\/\/www.visitcentroamerica.com\/sala-prensa\/viajar\/gastronomia\/gastronomia-sostenible-en-republica-dominicana-y-centroamerica\/#breadcrumb"},"inLanguage":"es","potentialAction":[{"@type":"ReadAction","target":["https:\/\/www.visitcentroamerica.com\/sala-prensa\/viajar\/gastronomia\/gastronomia-sostenible-en-republica-dominicana-y-centroamerica\/"]}]},{"@type":"ImageObject","inLanguage":"es","@id":"https:\/\/www.visitcentroamerica.com\/sala-prensa\/viajar\/gastronomia\/gastronomia-sostenible-en-republica-dominicana-y-centroamerica\/#primaryimage","url":"https:\/\/www.visitcentroamerica.com\/sala-prensa\/wp-content\/uploads\/2021\/08\/Gatronomia-sostenible.jpg","contentUrl":"https:\/\/www.visitcentroamerica.com\/sala-prensa\/wp-content\/uploads\/2021\/08\/Gatronomia-sostenible.jpg","width":1200,"height":600,"caption":"Gastronom\u00eda sostenible"},{"@type":"BreadcrumbList","@id":"https:\/\/www.visitcentroamerica.com\/sala-prensa\/viajar\/gastronomia\/gastronomia-sostenible-en-republica-dominicana-y-centroamerica\/#breadcrumb","itemListElement":[{"@type":"ListItem","position":1,"name":"Portada","item":"https:\/\/www.visitcentroamerica.com\/sala-prensa\/"},{"@type":"ListItem","position":2,"name":"Gastronom\u00eda sostenible en Rep\u00fablica Dominicana y Centroam\u00e9rica"}]},{"@type":"WebSite","@id":"https:\/\/www.visitcentroamerica.com\/sala-prensa\/#website","url":"https:\/\/www.visitcentroamerica.com\/sala-prensa\/","name":"Sala de prensa","description":"","potentialAction":[{"@type":"SearchAction","target":{"@type":"EntryPoint","urlTemplate":"https:\/\/www.visitcentroamerica.com\/sala-prensa\/?s={search_term_string}"},"query-input":{"@type":"PropertyValueSpecification","valueRequired":true,"valueName":"search_term_string"}}],"inLanguage":"es"},{"@type":"Person","@id":"https:\/\/www.visitcentroamerica.com\/sala-prensa\/#\/schema\/person\/0aa3bd0dbaabaead6089ee3dd0cd7ae5","name":"Denis Alvarado","image":{"@type":"ImageObject","inLanguage":"es","@id":"https:\/\/secure.gravatar.com\/avatar\/c31f0697f6edb7c68d5dedc2ccbd548d2a9f73aa293e81c6a1425229ec4c9135?s=96&d=mm&r=g","url":"https:\/\/secure.gravatar.com\/avatar\/c31f0697f6edb7c68d5dedc2ccbd548d2a9f73aa293e81c6a1425229ec4c9135?s=96&d=mm&r=g","contentUrl":"https:\/\/secure.gravatar.com\/avatar\/c31f0697f6edb7c68d5dedc2ccbd548d2a9f73aa293e81c6a1425229ec4c9135?s=96&d=mm&r=g","caption":"Denis Alvarado"},"url":"https:\/\/www.visitcentroamerica.com\/sala-prensa\/author\/denis\/"}]}},"_links":{"self":[{"href":"https:\/\/www.visitcentroamerica.com\/sala-prensa\/wp-json\/wp\/v2\/posts\/12480","targetHints":{"allow":["GET"]}}],"collection":[{"href":"https:\/\/www.visitcentroamerica.com\/sala-prensa\/wp-json\/wp\/v2\/posts"}],"about":[{"href":"https:\/\/www.visitcentroamerica.com\/sala-prensa\/wp-json\/wp\/v2\/types\/post"}],"author":[{"embeddable":true,"href":"https:\/\/www.visitcentroamerica.com\/sala-prensa\/wp-json\/wp\/v2\/users\/5"}],"replies":[{"embeddable":true,"href":"https:\/\/www.visitcentroamerica.com\/sala-prensa\/wp-json\/wp\/v2\/comments?post=12480"}],"version-history":[{"count":1,"href":"https:\/\/www.visitcentroamerica.com\/sala-prensa\/wp-json\/wp\/v2\/posts\/12480\/revisions"}],"predecessor-version":[{"id":12483,"href":"https:\/\/www.visitcentroamerica.com\/sala-prensa\/wp-json\/wp\/v2\/posts\/12480\/revisions\/12483"}],"wp:featuredmedia":[{"embeddable":true,"href":"https:\/\/www.visitcentroamerica.com\/sala-prensa\/wp-json\/wp\/v2\/media\/12481"}],"wp:attachment":[{"href":"https:\/\/www.visitcentroamerica.com\/sala-prensa\/wp-json\/wp\/v2\/media?parent=12480"}],"wp:term":[{"taxonomy":"category","embeddable":true,"href":"https:\/\/www.visitcentroamerica.com\/sala-prensa\/wp-json\/wp\/v2\/categories?post=12480"},{"taxonomy":"post_tag","embeddable":true,"href":"https:\/\/www.visitcentroamerica.com\/sala-prensa\/wp-json\/wp\/v2\/tags?post=12480"}],"curies":[{"name":"wp","href":"https:\/\/api.w.org\/{rel}","templated":true}]}}