{"id":12474,"date":"2021-09-02T10:30:28","date_gmt":"2021-09-02T10:30:28","guid":{"rendered":"https:\/\/www.visitcentroamerica.com\/sala-prensa\/?p=12474"},"modified":"2021-09-09T06:21:26","modified_gmt":"2021-09-09T06:21:26","slug":"lengua-derecho-y-cultura-en-centroamerica","status":"publish","type":"post","link":"https:\/\/www.visitcentroamerica.com\/sala-prensa\/viajar\/aprendiendo-espanol\/lengua-derecho-y-cultura-en-centroamerica\/","title":{"rendered":"Lengua, Derecho y Cultura en Centroam\u00e9rica"},"content":{"rendered":"<p><img decoding=\"async\" class=\"alignnone size-full wp-image-12475\" src=\"https:\/\/www.visitcentroamerica.com\/sala-prensa\/wp-content\/uploads\/2021\/08\/lengua-derecho-cultura.jpg\" alt=\"Lengua derecho y cultura\" width=\"1200\" height=\"auto\" srcset=\"https:\/\/www.visitcentroamerica.com\/sala-prensa\/wp-content\/uploads\/2021\/08\/lengua-derecho-cultura.jpg 1200w, https:\/\/www.visitcentroamerica.com\/sala-prensa\/wp-content\/uploads\/2021\/08\/lengua-derecho-cultura-300x150.jpg 300w, https:\/\/www.visitcentroamerica.com\/sala-prensa\/wp-content\/uploads\/2021\/08\/lengua-derecho-cultura-1024x512.jpg 1024w, https:\/\/www.visitcentroamerica.com\/sala-prensa\/wp-content\/uploads\/2021\/08\/lengua-derecho-cultura-768x384.jpg 768w, https:\/\/www.visitcentroamerica.com\/sala-prensa\/wp-content\/uploads\/2021\/08\/lengua-derecho-cultura-696x348.jpg 696w, https:\/\/www.visitcentroamerica.com\/sala-prensa\/wp-content\/uploads\/2021\/08\/lengua-derecho-cultura-1068x534.jpg 1068w, https:\/\/www.visitcentroamerica.com\/sala-prensa\/wp-content\/uploads\/2021\/08\/lengua-derecho-cultura-840x420.jpg 840w, https:\/\/www.visitcentroamerica.com\/sala-prensa\/wp-content\/uploads\/2021\/08\/lengua-derecho-cultura-500x250.jpg 500w\" sizes=\"(max-width: 1200px) 100vw, 1200px\" \/><\/p>\n<p>La lengua espa\u00f1ola, el <strong>Derecho y la Cultura en Centroam\u00e9rica<\/strong> son los protagonistas de los proyectos que pondr\u00e1n en marcha la RAE y la Secretar\u00eda General del SICA. Te hablo de una cooperaci\u00f3n necesaria, pues a\u00fan existe una vasta <strong>cultura por descubrir en Centroam\u00e9rica<\/strong> que precisa la acci\u00f3n de las instituciones para visibilizarla.<\/p>\n<h3>Cultura por descubrir en Centroam\u00e9rica<\/h3>\n<p>Me refiero a un patrimonio inmaterial del que podr\u00e1s empaparte en tu pr\u00f3ximo <strong>viaje multidestino<\/strong>, aventura en la que te ver\u00e1s conquistado por el voseo que se emplea en <strong>Nicaragua, Costa Rica y Panam\u00e1<\/strong>, entre otras cosas.\u00a0\u00a1Te encandilar\u00e1 la diversidad de acentos que copan la regi\u00f3n!<\/p>\n<p>Este proyecto se centrar\u00e1 en las \u00e1reas que he mencionado, pero tambi\u00e9n pondr\u00e1 el foco en la seguridad democr\u00e1tica, la ciencia y la tecnolog\u00eda. \u00bfQuieres conocer m\u00e1s detalles de esta colaboraci\u00f3n en favor de la<strong> cultura de Centroam\u00e9rica<\/strong>?<\/p>\n<h3>Iniciativa de esta uni\u00f3n por la cultura de Centroam\u00e9rica<\/h3>\n<p>Una de las iniciativas en marcha es el establecimiento en los pa\u00edses hispanohablantes de bases de datos legislativas digitales en el marco de una herramienta de gran utilidad: el Diccionario Panhisp\u00e1nico del espa\u00f1ol jur\u00eddico. El DPEJ enlaza con las legislaciones de los pa\u00edses.<\/p>\n<p>La lengua espa\u00f1ola, el <strong>Derecho y la Cultura en Centroam\u00e9rica<\/strong> son bienes universales. Ac\u00e9rcate a estos tesoros de la regi\u00f3n en tu<strong> viaje multidestino<\/strong>. \u00a1Y <a href=\"http:\/\/www.visitcentroamerica.com\/\" target=\"_blank\" rel=\"noopener\">visita nuestra web<\/a> para conocer los <a href=\"https:\/\/www.visitcentroamerica.com\/packages\/?_sft_typology-package=cultura\" target=\"_blank\" rel=\"noopener\">tours<\/a> donde podr\u00e1s hacerlo!<\/p>\n<p>Experiencias:<\/p>\n<p>&#8211; <a href=\"https:\/\/www.visitcentroamerica.com\/experiencias\/aprendiendo-espanol\/\" target=\"_blank\" rel=\"noopener\">Aprendiendo espa\u00f1ol<\/a>.<\/p>\n<p>&#8211; <a href=\"https:\/\/www.visitcentroamerica.com\/experiencias\/diversidad-cultural\/\" target=\"_blank\" rel=\"noopener\">Diversidad cultural<\/a>.<\/p>\n<p>Fuente de la imagen: <a href=\"https:\/\/pixabay.com\/es\/photos\/espa%c3%b1ol-ense%c3%b1anza-tablero-escuela-2938033\/\" target=\"_blank\" rel=\"noopener\">\u00a9 sgrunden<\/a><\/p>\n","protected":false},"excerpt":{"rendered":"<p>La lengua espa\u00f1ola, el Derecho y la Cultura en Centroam\u00e9rica son los protagonistas de los proyectos que pondr\u00e1n en marcha la RAE y la Secretar\u00eda General del SICA. Te hablo de una cooperaci\u00f3n necesaria, pues a\u00fan existe una vasta cultura por descubrir en Centroam\u00e9rica que precisa la acci\u00f3n de las instituciones para visibilizarla. Cultura por [&hellip;]<\/p>\n","protected":false},"author":5,"featured_media":12475,"comment_status":"open","ping_status":"closed","sticky":false,"template":"","format":"standard","meta":{"footnotes":""},"categories":[48,30],"tags":[],"class_list":{"0":"post-12474","1":"post","2":"type-post","3":"status-publish","4":"format-standard","5":"has-post-thumbnail","7":"category-aprendiendo-espanol","8":"category-diversidad-cultural"},"yoast_head":"<!-- This site is optimized with the Yoast SEO plugin v27.3 - https:\/\/yoast.com\/product\/yoast-seo-wordpress\/ -->\n<title>SICA y la RAE, unidos por la Lengua, el Derecho y la Cultura en Centroam\u00e9rica<\/title>\n<meta name=\"description\" content=\"As\u00ed es el reciente proyecto de colaboraci\u00f3n entre el SICA y la Real Academia Espa\u00f1ola para impulsar la Lengua, el Derecho y la Cultura en Centroam\u00e9rica\" \/>\n<meta name=\"robots\" content=\"index, follow, max-snippet:-1, max-image-preview:large, max-video-preview:-1\" \/>\n<link rel=\"canonical\" href=\"https:\/\/www.visitcentroamerica.com\/sala-prensa\/viajar\/aprendiendo-espanol\/lengua-derecho-y-cultura-en-centroamerica\/\" \/>\n<meta property=\"og:locale\" content=\"es_ES\" \/>\n<meta property=\"og:type\" content=\"article\" \/>\n<meta property=\"og:title\" content=\"SICA y la RAE, unidos por la Lengua, el Derecho y la Cultura en Centroam\u00e9rica\" \/>\n<meta property=\"og:description\" content=\"As\u00ed es el reciente proyecto de colaboraci\u00f3n entre el SICA y la Real Academia Espa\u00f1ola para impulsar la Lengua, el Derecho y la Cultura en Centroam\u00e9rica\" \/>\n<meta property=\"og:url\" content=\"https:\/\/www.visitcentroamerica.com\/sala-prensa\/viajar\/aprendiendo-espanol\/lengua-derecho-y-cultura-en-centroamerica\/\" \/>\n<meta property=\"og:site_name\" content=\"Sala de prensa\" \/>\n<meta property=\"article:published_time\" content=\"2021-09-02T10:30:28+00:00\" \/>\n<meta property=\"article:modified_time\" content=\"2021-09-09T06:21:26+00:00\" \/>\n<meta property=\"og:image\" content=\"https:\/\/www.visitcentroamerica.com\/sala-prensa\/wp-content\/uploads\/2021\/08\/lengua-derecho-cultura.jpg\" \/>\n\t<meta property=\"og:image:width\" content=\"1200\" \/>\n\t<meta property=\"og:image:height\" content=\"600\" \/>\n\t<meta property=\"og:image:type\" content=\"image\/jpeg\" \/>\n<meta name=\"author\" content=\"Denis Alvarado\" \/>\n<meta name=\"twitter:card\" content=\"summary_large_image\" \/>\n<meta name=\"twitter:label1\" content=\"Escrito por\" \/>\n\t<meta name=\"twitter:data1\" content=\"Denis Alvarado\" \/>\n\t<meta name=\"twitter:label2\" content=\"Tiempo de lectura\" \/>\n\t<meta name=\"twitter:data2\" content=\"2 minutos\" \/>\n<script type=\"application\/ld+json\" class=\"yoast-schema-graph\">{\"@context\":\"https:\\\/\\\/schema.org\",\"@graph\":[{\"@type\":\"Article\",\"@id\":\"https:\\\/\\\/www.visitcentroamerica.com\\\/sala-prensa\\\/viajar\\\/aprendiendo-espanol\\\/lengua-derecho-y-cultura-en-centroamerica\\\/#article\",\"isPartOf\":{\"@id\":\"https:\\\/\\\/www.visitcentroamerica.com\\\/sala-prensa\\\/viajar\\\/aprendiendo-espanol\\\/lengua-derecho-y-cultura-en-centroamerica\\\/\"},\"author\":{\"name\":\"Denis Alvarado\",\"@id\":\"https:\\\/\\\/www.visitcentroamerica.com\\\/sala-prensa\\\/#\\\/schema\\\/person\\\/0aa3bd0dbaabaead6089ee3dd0cd7ae5\"},\"headline\":\"Lengua, Derecho y Cultura en Centroam\u00e9rica\",\"datePublished\":\"2021-09-02T10:30:28+00:00\",\"dateModified\":\"2021-09-09T06:21:26+00:00\",\"mainEntityOfPage\":{\"@id\":\"https:\\\/\\\/www.visitcentroamerica.com\\\/sala-prensa\\\/viajar\\\/aprendiendo-espanol\\\/lengua-derecho-y-cultura-en-centroamerica\\\/\"},\"wordCount\":281,\"commentCount\":0,\"image\":{\"@id\":\"https:\\\/\\\/www.visitcentroamerica.com\\\/sala-prensa\\\/viajar\\\/aprendiendo-espanol\\\/lengua-derecho-y-cultura-en-centroamerica\\\/#primaryimage\"},\"thumbnailUrl\":\"https:\\\/\\\/www.visitcentroamerica.com\\\/sala-prensa\\\/wp-content\\\/uploads\\\/2021\\\/08\\\/lengua-derecho-cultura.jpg\",\"articleSection\":[\"Aprendiendo Espa\u00f1ol\",\"Diversidad Cultural\"],\"inLanguage\":\"es\",\"potentialAction\":[{\"@type\":\"CommentAction\",\"name\":\"Comment\",\"target\":[\"https:\\\/\\\/www.visitcentroamerica.com\\\/sala-prensa\\\/viajar\\\/aprendiendo-espanol\\\/lengua-derecho-y-cultura-en-centroamerica\\\/#respond\"]}]},{\"@type\":\"WebPage\",\"@id\":\"https:\\\/\\\/www.visitcentroamerica.com\\\/sala-prensa\\\/viajar\\\/aprendiendo-espanol\\\/lengua-derecho-y-cultura-en-centroamerica\\\/\",\"url\":\"https:\\\/\\\/www.visitcentroamerica.com\\\/sala-prensa\\\/viajar\\\/aprendiendo-espanol\\\/lengua-derecho-y-cultura-en-centroamerica\\\/\",\"name\":\"SICA y la RAE, unidos por la Lengua, el Derecho y la Cultura en Centroam\u00e9rica\",\"isPartOf\":{\"@id\":\"https:\\\/\\\/www.visitcentroamerica.com\\\/sala-prensa\\\/#website\"},\"primaryImageOfPage\":{\"@id\":\"https:\\\/\\\/www.visitcentroamerica.com\\\/sala-prensa\\\/viajar\\\/aprendiendo-espanol\\\/lengua-derecho-y-cultura-en-centroamerica\\\/#primaryimage\"},\"image\":{\"@id\":\"https:\\\/\\\/www.visitcentroamerica.com\\\/sala-prensa\\\/viajar\\\/aprendiendo-espanol\\\/lengua-derecho-y-cultura-en-centroamerica\\\/#primaryimage\"},\"thumbnailUrl\":\"https:\\\/\\\/www.visitcentroamerica.com\\\/sala-prensa\\\/wp-content\\\/uploads\\\/2021\\\/08\\\/lengua-derecho-cultura.jpg\",\"datePublished\":\"2021-09-02T10:30:28+00:00\",\"dateModified\":\"2021-09-09T06:21:26+00:00\",\"author\":{\"@id\":\"https:\\\/\\\/www.visitcentroamerica.com\\\/sala-prensa\\\/#\\\/schema\\\/person\\\/0aa3bd0dbaabaead6089ee3dd0cd7ae5\"},\"description\":\"As\u00ed es el reciente proyecto de colaboraci\u00f3n entre el SICA y la Real Academia Espa\u00f1ola para impulsar la Lengua, el Derecho y la Cultura en Centroam\u00e9rica\",\"breadcrumb\":{\"@id\":\"https:\\\/\\\/www.visitcentroamerica.com\\\/sala-prensa\\\/viajar\\\/aprendiendo-espanol\\\/lengua-derecho-y-cultura-en-centroamerica\\\/#breadcrumb\"},\"inLanguage\":\"es\",\"potentialAction\":[{\"@type\":\"ReadAction\",\"target\":[\"https:\\\/\\\/www.visitcentroamerica.com\\\/sala-prensa\\\/viajar\\\/aprendiendo-espanol\\\/lengua-derecho-y-cultura-en-centroamerica\\\/\"]}]},{\"@type\":\"ImageObject\",\"inLanguage\":\"es\",\"@id\":\"https:\\\/\\\/www.visitcentroamerica.com\\\/sala-prensa\\\/viajar\\\/aprendiendo-espanol\\\/lengua-derecho-y-cultura-en-centroamerica\\\/#primaryimage\",\"url\":\"https:\\\/\\\/www.visitcentroamerica.com\\\/sala-prensa\\\/wp-content\\\/uploads\\\/2021\\\/08\\\/lengua-derecho-cultura.jpg\",\"contentUrl\":\"https:\\\/\\\/www.visitcentroamerica.com\\\/sala-prensa\\\/wp-content\\\/uploads\\\/2021\\\/08\\\/lengua-derecho-cultura.jpg\",\"width\":1200,\"height\":600,\"caption\":\"Lengua derecho y cultura\"},{\"@type\":\"BreadcrumbList\",\"@id\":\"https:\\\/\\\/www.visitcentroamerica.com\\\/sala-prensa\\\/viajar\\\/aprendiendo-espanol\\\/lengua-derecho-y-cultura-en-centroamerica\\\/#breadcrumb\",\"itemListElement\":[{\"@type\":\"ListItem\",\"position\":1,\"name\":\"Portada\",\"item\":\"https:\\\/\\\/www.visitcentroamerica.com\\\/sala-prensa\\\/\"},{\"@type\":\"ListItem\",\"position\":2,\"name\":\"Lengua, Derecho y Cultura en Centroam\u00e9rica\"}]},{\"@type\":\"WebSite\",\"@id\":\"https:\\\/\\\/www.visitcentroamerica.com\\\/sala-prensa\\\/#website\",\"url\":\"https:\\\/\\\/www.visitcentroamerica.com\\\/sala-prensa\\\/\",\"name\":\"Sala de prensa\",\"description\":\"\",\"potentialAction\":[{\"@type\":\"SearchAction\",\"target\":{\"@type\":\"EntryPoint\",\"urlTemplate\":\"https:\\\/\\\/www.visitcentroamerica.com\\\/sala-prensa\\\/?s={search_term_string}\"},\"query-input\":{\"@type\":\"PropertyValueSpecification\",\"valueRequired\":true,\"valueName\":\"search_term_string\"}}],\"inLanguage\":\"es\"},{\"@type\":\"Person\",\"@id\":\"https:\\\/\\\/www.visitcentroamerica.com\\\/sala-prensa\\\/#\\\/schema\\\/person\\\/0aa3bd0dbaabaead6089ee3dd0cd7ae5\",\"name\":\"Denis Alvarado\",\"image\":{\"@type\":\"ImageObject\",\"inLanguage\":\"es\",\"@id\":\"https:\\\/\\\/secure.gravatar.com\\\/avatar\\\/c31f0697f6edb7c68d5dedc2ccbd548d2a9f73aa293e81c6a1425229ec4c9135?s=96&d=mm&r=g\",\"url\":\"https:\\\/\\\/secure.gravatar.com\\\/avatar\\\/c31f0697f6edb7c68d5dedc2ccbd548d2a9f73aa293e81c6a1425229ec4c9135?s=96&d=mm&r=g\",\"contentUrl\":\"https:\\\/\\\/secure.gravatar.com\\\/avatar\\\/c31f0697f6edb7c68d5dedc2ccbd548d2a9f73aa293e81c6a1425229ec4c9135?s=96&d=mm&r=g\",\"caption\":\"Denis Alvarado\"},\"url\":\"https:\\\/\\\/www.visitcentroamerica.com\\\/sala-prensa\\\/author\\\/denis\\\/\"}]}<\/script>\n<!-- \/ Yoast SEO plugin. -->","yoast_head_json":{"title":"SICA y la RAE, unidos por la Lengua, el Derecho y la Cultura en Centroam\u00e9rica","description":"As\u00ed es el reciente proyecto de colaboraci\u00f3n entre el SICA y la Real Academia Espa\u00f1ola para impulsar la Lengua, el Derecho y la Cultura en Centroam\u00e9rica","robots":{"index":"index","follow":"follow","max-snippet":"max-snippet:-1","max-image-preview":"max-image-preview:large","max-video-preview":"max-video-preview:-1"},"canonical":"https:\/\/www.visitcentroamerica.com\/sala-prensa\/viajar\/aprendiendo-espanol\/lengua-derecho-y-cultura-en-centroamerica\/","og_locale":"es_ES","og_type":"article","og_title":"SICA y la RAE, unidos por la Lengua, el Derecho y la Cultura en Centroam\u00e9rica","og_description":"As\u00ed es el reciente proyecto de colaboraci\u00f3n entre el SICA y la Real Academia Espa\u00f1ola para impulsar la Lengua, el Derecho y la Cultura en Centroam\u00e9rica","og_url":"https:\/\/www.visitcentroamerica.com\/sala-prensa\/viajar\/aprendiendo-espanol\/lengua-derecho-y-cultura-en-centroamerica\/","og_site_name":"Sala de prensa","article_published_time":"2021-09-02T10:30:28+00:00","article_modified_time":"2021-09-09T06:21:26+00:00","og_image":[{"width":1200,"height":600,"url":"https:\/\/www.visitcentroamerica.com\/sala-prensa\/wp-content\/uploads\/2021\/08\/lengua-derecho-cultura.jpg","type":"image\/jpeg"}],"author":"Denis Alvarado","twitter_card":"summary_large_image","twitter_misc":{"Escrito por":"Denis Alvarado","Tiempo de lectura":"2 minutos"},"schema":{"@context":"https:\/\/schema.org","@graph":[{"@type":"Article","@id":"https:\/\/www.visitcentroamerica.com\/sala-prensa\/viajar\/aprendiendo-espanol\/lengua-derecho-y-cultura-en-centroamerica\/#article","isPartOf":{"@id":"https:\/\/www.visitcentroamerica.com\/sala-prensa\/viajar\/aprendiendo-espanol\/lengua-derecho-y-cultura-en-centroamerica\/"},"author":{"name":"Denis Alvarado","@id":"https:\/\/www.visitcentroamerica.com\/sala-prensa\/#\/schema\/person\/0aa3bd0dbaabaead6089ee3dd0cd7ae5"},"headline":"Lengua, Derecho y Cultura en Centroam\u00e9rica","datePublished":"2021-09-02T10:30:28+00:00","dateModified":"2021-09-09T06:21:26+00:00","mainEntityOfPage":{"@id":"https:\/\/www.visitcentroamerica.com\/sala-prensa\/viajar\/aprendiendo-espanol\/lengua-derecho-y-cultura-en-centroamerica\/"},"wordCount":281,"commentCount":0,"image":{"@id":"https:\/\/www.visitcentroamerica.com\/sala-prensa\/viajar\/aprendiendo-espanol\/lengua-derecho-y-cultura-en-centroamerica\/#primaryimage"},"thumbnailUrl":"https:\/\/www.visitcentroamerica.com\/sala-prensa\/wp-content\/uploads\/2021\/08\/lengua-derecho-cultura.jpg","articleSection":["Aprendiendo Espa\u00f1ol","Diversidad Cultural"],"inLanguage":"es","potentialAction":[{"@type":"CommentAction","name":"Comment","target":["https:\/\/www.visitcentroamerica.com\/sala-prensa\/viajar\/aprendiendo-espanol\/lengua-derecho-y-cultura-en-centroamerica\/#respond"]}]},{"@type":"WebPage","@id":"https:\/\/www.visitcentroamerica.com\/sala-prensa\/viajar\/aprendiendo-espanol\/lengua-derecho-y-cultura-en-centroamerica\/","url":"https:\/\/www.visitcentroamerica.com\/sala-prensa\/viajar\/aprendiendo-espanol\/lengua-derecho-y-cultura-en-centroamerica\/","name":"SICA y la RAE, unidos por la Lengua, el Derecho y la Cultura en Centroam\u00e9rica","isPartOf":{"@id":"https:\/\/www.visitcentroamerica.com\/sala-prensa\/#website"},"primaryImageOfPage":{"@id":"https:\/\/www.visitcentroamerica.com\/sala-prensa\/viajar\/aprendiendo-espanol\/lengua-derecho-y-cultura-en-centroamerica\/#primaryimage"},"image":{"@id":"https:\/\/www.visitcentroamerica.com\/sala-prensa\/viajar\/aprendiendo-espanol\/lengua-derecho-y-cultura-en-centroamerica\/#primaryimage"},"thumbnailUrl":"https:\/\/www.visitcentroamerica.com\/sala-prensa\/wp-content\/uploads\/2021\/08\/lengua-derecho-cultura.jpg","datePublished":"2021-09-02T10:30:28+00:00","dateModified":"2021-09-09T06:21:26+00:00","author":{"@id":"https:\/\/www.visitcentroamerica.com\/sala-prensa\/#\/schema\/person\/0aa3bd0dbaabaead6089ee3dd0cd7ae5"},"description":"As\u00ed es el reciente proyecto de colaboraci\u00f3n entre el SICA y la Real Academia Espa\u00f1ola para impulsar la Lengua, el Derecho y la Cultura en Centroam\u00e9rica","breadcrumb":{"@id":"https:\/\/www.visitcentroamerica.com\/sala-prensa\/viajar\/aprendiendo-espanol\/lengua-derecho-y-cultura-en-centroamerica\/#breadcrumb"},"inLanguage":"es","potentialAction":[{"@type":"ReadAction","target":["https:\/\/www.visitcentroamerica.com\/sala-prensa\/viajar\/aprendiendo-espanol\/lengua-derecho-y-cultura-en-centroamerica\/"]}]},{"@type":"ImageObject","inLanguage":"es","@id":"https:\/\/www.visitcentroamerica.com\/sala-prensa\/viajar\/aprendiendo-espanol\/lengua-derecho-y-cultura-en-centroamerica\/#primaryimage","url":"https:\/\/www.visitcentroamerica.com\/sala-prensa\/wp-content\/uploads\/2021\/08\/lengua-derecho-cultura.jpg","contentUrl":"https:\/\/www.visitcentroamerica.com\/sala-prensa\/wp-content\/uploads\/2021\/08\/lengua-derecho-cultura.jpg","width":1200,"height":600,"caption":"Lengua derecho y cultura"},{"@type":"BreadcrumbList","@id":"https:\/\/www.visitcentroamerica.com\/sala-prensa\/viajar\/aprendiendo-espanol\/lengua-derecho-y-cultura-en-centroamerica\/#breadcrumb","itemListElement":[{"@type":"ListItem","position":1,"name":"Portada","item":"https:\/\/www.visitcentroamerica.com\/sala-prensa\/"},{"@type":"ListItem","position":2,"name":"Lengua, Derecho y Cultura en Centroam\u00e9rica"}]},{"@type":"WebSite","@id":"https:\/\/www.visitcentroamerica.com\/sala-prensa\/#website","url":"https:\/\/www.visitcentroamerica.com\/sala-prensa\/","name":"Sala de prensa","description":"","potentialAction":[{"@type":"SearchAction","target":{"@type":"EntryPoint","urlTemplate":"https:\/\/www.visitcentroamerica.com\/sala-prensa\/?s={search_term_string}"},"query-input":{"@type":"PropertyValueSpecification","valueRequired":true,"valueName":"search_term_string"}}],"inLanguage":"es"},{"@type":"Person","@id":"https:\/\/www.visitcentroamerica.com\/sala-prensa\/#\/schema\/person\/0aa3bd0dbaabaead6089ee3dd0cd7ae5","name":"Denis Alvarado","image":{"@type":"ImageObject","inLanguage":"es","@id":"https:\/\/secure.gravatar.com\/avatar\/c31f0697f6edb7c68d5dedc2ccbd548d2a9f73aa293e81c6a1425229ec4c9135?s=96&d=mm&r=g","url":"https:\/\/secure.gravatar.com\/avatar\/c31f0697f6edb7c68d5dedc2ccbd548d2a9f73aa293e81c6a1425229ec4c9135?s=96&d=mm&r=g","contentUrl":"https:\/\/secure.gravatar.com\/avatar\/c31f0697f6edb7c68d5dedc2ccbd548d2a9f73aa293e81c6a1425229ec4c9135?s=96&d=mm&r=g","caption":"Denis Alvarado"},"url":"https:\/\/www.visitcentroamerica.com\/sala-prensa\/author\/denis\/"}]}},"_links":{"self":[{"href":"https:\/\/www.visitcentroamerica.com\/sala-prensa\/wp-json\/wp\/v2\/posts\/12474","targetHints":{"allow":["GET"]}}],"collection":[{"href":"https:\/\/www.visitcentroamerica.com\/sala-prensa\/wp-json\/wp\/v2\/posts"}],"about":[{"href":"https:\/\/www.visitcentroamerica.com\/sala-prensa\/wp-json\/wp\/v2\/types\/post"}],"author":[{"embeddable":true,"href":"https:\/\/www.visitcentroamerica.com\/sala-prensa\/wp-json\/wp\/v2\/users\/5"}],"replies":[{"embeddable":true,"href":"https:\/\/www.visitcentroamerica.com\/sala-prensa\/wp-json\/wp\/v2\/comments?post=12474"}],"version-history":[{"count":3,"href":"https:\/\/www.visitcentroamerica.com\/sala-prensa\/wp-json\/wp\/v2\/posts\/12474\/revisions"}],"predecessor-version":[{"id":12479,"href":"https:\/\/www.visitcentroamerica.com\/sala-prensa\/wp-json\/wp\/v2\/posts\/12474\/revisions\/12479"}],"wp:featuredmedia":[{"embeddable":true,"href":"https:\/\/www.visitcentroamerica.com\/sala-prensa\/wp-json\/wp\/v2\/media\/12475"}],"wp:attachment":[{"href":"https:\/\/www.visitcentroamerica.com\/sala-prensa\/wp-json\/wp\/v2\/media?parent=12474"}],"wp:term":[{"taxonomy":"category","embeddable":true,"href":"https:\/\/www.visitcentroamerica.com\/sala-prensa\/wp-json\/wp\/v2\/categories?post=12474"},{"taxonomy":"post_tag","embeddable":true,"href":"https:\/\/www.visitcentroamerica.com\/sala-prensa\/wp-json\/wp\/v2\/tags?post=12474"}],"curies":[{"name":"wp","href":"https:\/\/api.w.org\/{rel}","templated":true}]}}