{"id":12184,"date":"2021-07-12T08:33:48","date_gmt":"2021-07-12T08:33:48","guid":{"rendered":"https:\/\/www.visitcentroamerica.com\/sala-prensa\/?p=12184"},"modified":"2021-07-08T08:39:04","modified_gmt":"2021-07-08T08:39:04","slug":"oferta-ecoturistica-de-centroamerica-y-republica-dominicana","status":"publish","type":"post","link":"https:\/\/www.visitcentroamerica.com\/sala-prensa\/viajar\/naturaleza\/oferta-ecoturistica-de-centroamerica-y-republica-dominicana\/","title":{"rendered":"Oferta ecotur\u00edstica de Centroam\u00e9rica y Rep\u00fablica Dominicana"},"content":{"rendered":"<p><img decoding=\"async\" class=\"alignnone size-full wp-image-12185\" src=\"https:\/\/www.visitcentroamerica.com\/sala-prensa\/wp-content\/uploads\/2021\/07\/ecoturismo-republica-dominicana.jpg\" alt=\"\" width=\"1200\" height=\"auto\" srcset=\"https:\/\/www.visitcentroamerica.com\/sala-prensa\/wp-content\/uploads\/2021\/07\/ecoturismo-republica-dominicana.jpg 1200w, https:\/\/www.visitcentroamerica.com\/sala-prensa\/wp-content\/uploads\/2021\/07\/ecoturismo-republica-dominicana-300x150.jpg 300w, https:\/\/www.visitcentroamerica.com\/sala-prensa\/wp-content\/uploads\/2021\/07\/ecoturismo-republica-dominicana-1024x512.jpg 1024w, https:\/\/www.visitcentroamerica.com\/sala-prensa\/wp-content\/uploads\/2021\/07\/ecoturismo-republica-dominicana-768x384.jpg 768w, https:\/\/www.visitcentroamerica.com\/sala-prensa\/wp-content\/uploads\/2021\/07\/ecoturismo-republica-dominicana-696x348.jpg 696w, https:\/\/www.visitcentroamerica.com\/sala-prensa\/wp-content\/uploads\/2021\/07\/ecoturismo-republica-dominicana-1068x534.jpg 1068w, https:\/\/www.visitcentroamerica.com\/sala-prensa\/wp-content\/uploads\/2021\/07\/ecoturismo-republica-dominicana-840x420.jpg 840w, https:\/\/www.visitcentroamerica.com\/sala-prensa\/wp-content\/uploads\/2021\/07\/ecoturismo-republica-dominicana-500x250.jpg 500w\" sizes=\"(max-width: 1200px) 100vw, 1200px\" \/><\/p>\n<p><strong>Centroam\u00e9rica<\/strong><strong> y<\/strong> <strong>Rep\u00fablica Dominicana <\/strong>son un binomio que funciona a la perfecci\u00f3n cuando hablamos de turismo sostenible. La integraci\u00f3n est\u00e1 en el af\u00e1n de los pa\u00edses centroamericanos por impulsar el ecoturismo que resulta fundamental para ofrecer a los viajeros experiencias ecol\u00f3gicas \u00fanicas y diversas.<\/p>\n<p>\u00bfQuieres disfrutar de ellas? Te invito a descubrir <a href=\"http:\/\/campaign.r20.constantcontact.com\/render?ca=987fe253-1801-402b-a1a5-20a4013906d4&amp;amp;preview=true&amp;amp;m=1134774969504&amp;amp;id=preview\"><strong><em>The best of the best<\/em><\/strong><\/a>, un<strong> <em>tour <\/em>multidestino<\/strong>\u00a0desarrollado por la Agencia de Promoci\u00f3n Tur\u00edstica de Centroam\u00e9rica que incluye\u00a0las mejores propuestas <em>verdes<\/em> de<strong> turismo en <\/strong><strong>Centroam\u00e9rica y Rep\u00fablica Dominicana<\/strong>.<\/p>\n<h3>Turismo en Rep\u00fablica Dominicana<\/h3>\n<p>Con esta iniciativa puedes visitar alguno de los 29 parques nacionales que protegen su biodiversidad <strong>(Los Haitises, Jaragua<\/strong>&#8230;) u observar a los cocodrilos americanos que habitan en el <strong>lago Enriquillo<\/strong>.<\/p>\n<p>Quiz\u00e1 prefieras avistar ballenas jorobadas\u00a0en <strong>Saman\u00e1 <\/strong>o\u00a0practicar espeleolog\u00eda en las<strong>\u00a0cuevas de Berna\u00a0<\/strong>o\u00a0<strong>Cabarete<\/strong>. En esta zona tambi\u00e9n es posible descender en r\u00e1pel y emprender una ruta con la bici de monta\u00f1a.<\/p>\n<h3>Ecoturismo en Centroam\u00e9rica<\/h3>\n<p>Te recomiendo completar tu aventura con otras actividades de<strong>\u00a0ecoturismo en Centroam\u00e9rica <\/strong>como nadar, escalar y caminar por la cueva <strong>Actun Tunichil Muknal (Belize)<\/strong> o practicar <em>rafting <\/em><strong>en r\u00edo Tuba (Nicaragua).<\/strong><\/p>\n<p>Como ves, <strong>Centroam\u00e9rica<\/strong><strong> y<\/strong> <strong>Rep\u00fablica Dominicana <\/strong>funcionan como el destino m\u00e1s potente en lo que a ecoturismo se refiere. Completa tu<strong> ruta multidestino<\/strong> y\u00a0<a href=\"http:\/\/www.visitcentroamerica.com\">visita nuestra web<\/a> para descubrir m\u00e1s <a href=\"https:\/\/www.visitcentroamerica.com\/packages\/?_sft_typology-package=agroturismo\">tours<\/a> de este calibre. \u00a1D\u00e9jate sorprender por la multitud de opciones de turismo verde que te brindan estos ocho pa\u00edses!<\/p>\n<p>Experiencias:<\/p>\n<p>&#8211; <a href=\"https:\/\/www.visitcentroamerica.com\/experiencias\/natural\/\">Centroam\u00e9rica natural<\/a>.<br \/>\n&#8211; <a href=\"https:\/\/www.visitcentroamerica.com\/experiencias\/submarinismo\/\">Submarinismo<\/a>.<\/p>\n","protected":false},"excerpt":{"rendered":"<p>Centroam\u00e9rica y Rep\u00fablica Dominicana son un binomio que funciona a la perfecci\u00f3n cuando hablamos de turismo sostenible. La integraci\u00f3n est\u00e1 en el af\u00e1n de los pa\u00edses centroamericanos por impulsar el ecoturismo que resulta fundamental para ofrecer a los viajeros experiencias ecol\u00f3gicas \u00fanicas y diversas. \u00bfQuieres disfrutar de ellas? Te invito a descubrir The best of [&hellip;]<\/p>\n","protected":false},"author":5,"featured_media":12185,"comment_status":"open","ping_status":"closed","sticky":false,"template":"","format":"standard","meta":{"footnotes":""},"categories":[31,32],"tags":[],"class_list":{"0":"post-12184","1":"post","2":"type-post","3":"status-publish","4":"format-standard","5":"has-post-thumbnail","7":"category-ecoturismo","8":"category-naturaleza"},"yoast_head":"<!-- This site is optimized with the Yoast SEO plugin v27.3 - https:\/\/yoast.com\/product\/yoast-seo-wordpress\/ -->\n<title>El lado m\u00e1s ecotur\u00edstico de Centroam\u00e9rica y Rep\u00fablica Dominicana<\/title>\n<meta name=\"description\" content=\"Conoce la ruta ecotur\u00edstica The best of the best y practica un turismo responsable en tu viaje multidestino por Centroam\u00e9rica y Rep\u00fablica Dominicana\" \/>\n<meta name=\"robots\" content=\"index, follow, max-snippet:-1, max-image-preview:large, max-video-preview:-1\" \/>\n<link rel=\"canonical\" href=\"https:\/\/www.visitcentroamerica.com\/sala-prensa\/viajar\/naturaleza\/oferta-ecoturistica-de-centroamerica-y-republica-dominicana\/\" \/>\n<meta property=\"og:locale\" content=\"es_ES\" \/>\n<meta property=\"og:type\" content=\"article\" \/>\n<meta property=\"og:title\" content=\"El lado m\u00e1s ecotur\u00edstico de Centroam\u00e9rica y Rep\u00fablica Dominicana\" \/>\n<meta property=\"og:description\" content=\"Conoce la ruta ecotur\u00edstica The best of the best y practica un turismo responsable en tu viaje multidestino por Centroam\u00e9rica y Rep\u00fablica Dominicana\" \/>\n<meta property=\"og:url\" content=\"https:\/\/www.visitcentroamerica.com\/sala-prensa\/viajar\/naturaleza\/oferta-ecoturistica-de-centroamerica-y-republica-dominicana\/\" \/>\n<meta property=\"og:site_name\" content=\"Sala de prensa\" \/>\n<meta property=\"article:published_time\" content=\"2021-07-12T08:33:48+00:00\" \/>\n<meta property=\"og:image\" content=\"https:\/\/www.visitcentroamerica.com\/sala-prensa\/wp-content\/uploads\/2021\/07\/ecoturismo-republica-dominicana.jpg\" \/>\n\t<meta property=\"og:image:width\" content=\"1200\" \/>\n\t<meta property=\"og:image:height\" content=\"600\" \/>\n\t<meta property=\"og:image:type\" content=\"image\/jpeg\" \/>\n<meta name=\"author\" content=\"Denis Alvarado\" \/>\n<meta name=\"twitter:card\" content=\"summary_large_image\" \/>\n<meta name=\"twitter:label1\" content=\"Escrito por\" \/>\n\t<meta name=\"twitter:data1\" content=\"Denis Alvarado\" \/>\n\t<meta name=\"twitter:label2\" content=\"Tiempo de lectura\" \/>\n\t<meta name=\"twitter:data2\" content=\"2 minutos\" \/>\n<script type=\"application\/ld+json\" class=\"yoast-schema-graph\">{\"@context\":\"https:\\\/\\\/schema.org\",\"@graph\":[{\"@type\":\"Article\",\"@id\":\"https:\\\/\\\/www.visitcentroamerica.com\\\/sala-prensa\\\/viajar\\\/naturaleza\\\/oferta-ecoturistica-de-centroamerica-y-republica-dominicana\\\/#article\",\"isPartOf\":{\"@id\":\"https:\\\/\\\/www.visitcentroamerica.com\\\/sala-prensa\\\/viajar\\\/naturaleza\\\/oferta-ecoturistica-de-centroamerica-y-republica-dominicana\\\/\"},\"author\":{\"name\":\"Denis Alvarado\",\"@id\":\"https:\\\/\\\/www.visitcentroamerica.com\\\/sala-prensa\\\/#\\\/schema\\\/person\\\/0aa3bd0dbaabaead6089ee3dd0cd7ae5\"},\"headline\":\"Oferta ecotur\u00edstica de Centroam\u00e9rica y Rep\u00fablica Dominicana\",\"datePublished\":\"2021-07-12T08:33:48+00:00\",\"mainEntityOfPage\":{\"@id\":\"https:\\\/\\\/www.visitcentroamerica.com\\\/sala-prensa\\\/viajar\\\/naturaleza\\\/oferta-ecoturistica-de-centroamerica-y-republica-dominicana\\\/\"},\"wordCount\":277,\"commentCount\":0,\"image\":{\"@id\":\"https:\\\/\\\/www.visitcentroamerica.com\\\/sala-prensa\\\/viajar\\\/naturaleza\\\/oferta-ecoturistica-de-centroamerica-y-republica-dominicana\\\/#primaryimage\"},\"thumbnailUrl\":\"https:\\\/\\\/www.visitcentroamerica.com\\\/sala-prensa\\\/wp-content\\\/uploads\\\/2021\\\/07\\\/ecoturismo-republica-dominicana.jpg\",\"articleSection\":[\"Ecoturismo\",\"Naturaleza\"],\"inLanguage\":\"es\",\"potentialAction\":[{\"@type\":\"CommentAction\",\"name\":\"Comment\",\"target\":[\"https:\\\/\\\/www.visitcentroamerica.com\\\/sala-prensa\\\/viajar\\\/naturaleza\\\/oferta-ecoturistica-de-centroamerica-y-republica-dominicana\\\/#respond\"]}]},{\"@type\":\"WebPage\",\"@id\":\"https:\\\/\\\/www.visitcentroamerica.com\\\/sala-prensa\\\/viajar\\\/naturaleza\\\/oferta-ecoturistica-de-centroamerica-y-republica-dominicana\\\/\",\"url\":\"https:\\\/\\\/www.visitcentroamerica.com\\\/sala-prensa\\\/viajar\\\/naturaleza\\\/oferta-ecoturistica-de-centroamerica-y-republica-dominicana\\\/\",\"name\":\"El lado m\u00e1s ecotur\u00edstico de Centroam\u00e9rica y Rep\u00fablica Dominicana\",\"isPartOf\":{\"@id\":\"https:\\\/\\\/www.visitcentroamerica.com\\\/sala-prensa\\\/#website\"},\"primaryImageOfPage\":{\"@id\":\"https:\\\/\\\/www.visitcentroamerica.com\\\/sala-prensa\\\/viajar\\\/naturaleza\\\/oferta-ecoturistica-de-centroamerica-y-republica-dominicana\\\/#primaryimage\"},\"image\":{\"@id\":\"https:\\\/\\\/www.visitcentroamerica.com\\\/sala-prensa\\\/viajar\\\/naturaleza\\\/oferta-ecoturistica-de-centroamerica-y-republica-dominicana\\\/#primaryimage\"},\"thumbnailUrl\":\"https:\\\/\\\/www.visitcentroamerica.com\\\/sala-prensa\\\/wp-content\\\/uploads\\\/2021\\\/07\\\/ecoturismo-republica-dominicana.jpg\",\"datePublished\":\"2021-07-12T08:33:48+00:00\",\"author\":{\"@id\":\"https:\\\/\\\/www.visitcentroamerica.com\\\/sala-prensa\\\/#\\\/schema\\\/person\\\/0aa3bd0dbaabaead6089ee3dd0cd7ae5\"},\"description\":\"Conoce la ruta ecotur\u00edstica The best of the best y practica un turismo responsable en tu viaje multidestino por Centroam\u00e9rica y Rep\u00fablica Dominicana\",\"breadcrumb\":{\"@id\":\"https:\\\/\\\/www.visitcentroamerica.com\\\/sala-prensa\\\/viajar\\\/naturaleza\\\/oferta-ecoturistica-de-centroamerica-y-republica-dominicana\\\/#breadcrumb\"},\"inLanguage\":\"es\",\"potentialAction\":[{\"@type\":\"ReadAction\",\"target\":[\"https:\\\/\\\/www.visitcentroamerica.com\\\/sala-prensa\\\/viajar\\\/naturaleza\\\/oferta-ecoturistica-de-centroamerica-y-republica-dominicana\\\/\"]}]},{\"@type\":\"ImageObject\",\"inLanguage\":\"es\",\"@id\":\"https:\\\/\\\/www.visitcentroamerica.com\\\/sala-prensa\\\/viajar\\\/naturaleza\\\/oferta-ecoturistica-de-centroamerica-y-republica-dominicana\\\/#primaryimage\",\"url\":\"https:\\\/\\\/www.visitcentroamerica.com\\\/sala-prensa\\\/wp-content\\\/uploads\\\/2021\\\/07\\\/ecoturismo-republica-dominicana.jpg\",\"contentUrl\":\"https:\\\/\\\/www.visitcentroamerica.com\\\/sala-prensa\\\/wp-content\\\/uploads\\\/2021\\\/07\\\/ecoturismo-republica-dominicana.jpg\",\"width\":1200,\"height\":600},{\"@type\":\"BreadcrumbList\",\"@id\":\"https:\\\/\\\/www.visitcentroamerica.com\\\/sala-prensa\\\/viajar\\\/naturaleza\\\/oferta-ecoturistica-de-centroamerica-y-republica-dominicana\\\/#breadcrumb\",\"itemListElement\":[{\"@type\":\"ListItem\",\"position\":1,\"name\":\"Portada\",\"item\":\"https:\\\/\\\/www.visitcentroamerica.com\\\/sala-prensa\\\/\"},{\"@type\":\"ListItem\",\"position\":2,\"name\":\"Oferta ecotur\u00edstica de Centroam\u00e9rica y Rep\u00fablica Dominicana\"}]},{\"@type\":\"WebSite\",\"@id\":\"https:\\\/\\\/www.visitcentroamerica.com\\\/sala-prensa\\\/#website\",\"url\":\"https:\\\/\\\/www.visitcentroamerica.com\\\/sala-prensa\\\/\",\"name\":\"Sala de prensa\",\"description\":\"\",\"potentialAction\":[{\"@type\":\"SearchAction\",\"target\":{\"@type\":\"EntryPoint\",\"urlTemplate\":\"https:\\\/\\\/www.visitcentroamerica.com\\\/sala-prensa\\\/?s={search_term_string}\"},\"query-input\":{\"@type\":\"PropertyValueSpecification\",\"valueRequired\":true,\"valueName\":\"search_term_string\"}}],\"inLanguage\":\"es\"},{\"@type\":\"Person\",\"@id\":\"https:\\\/\\\/www.visitcentroamerica.com\\\/sala-prensa\\\/#\\\/schema\\\/person\\\/0aa3bd0dbaabaead6089ee3dd0cd7ae5\",\"name\":\"Denis Alvarado\",\"image\":{\"@type\":\"ImageObject\",\"inLanguage\":\"es\",\"@id\":\"https:\\\/\\\/secure.gravatar.com\\\/avatar\\\/c31f0697f6edb7c68d5dedc2ccbd548d2a9f73aa293e81c6a1425229ec4c9135?s=96&d=mm&r=g\",\"url\":\"https:\\\/\\\/secure.gravatar.com\\\/avatar\\\/c31f0697f6edb7c68d5dedc2ccbd548d2a9f73aa293e81c6a1425229ec4c9135?s=96&d=mm&r=g\",\"contentUrl\":\"https:\\\/\\\/secure.gravatar.com\\\/avatar\\\/c31f0697f6edb7c68d5dedc2ccbd548d2a9f73aa293e81c6a1425229ec4c9135?s=96&d=mm&r=g\",\"caption\":\"Denis Alvarado\"},\"url\":\"https:\\\/\\\/www.visitcentroamerica.com\\\/sala-prensa\\\/author\\\/denis\\\/\"}]}<\/script>\n<!-- \/ Yoast SEO plugin. -->","yoast_head_json":{"title":"El lado m\u00e1s ecotur\u00edstico de Centroam\u00e9rica y Rep\u00fablica Dominicana","description":"Conoce la ruta ecotur\u00edstica The best of the best y practica un turismo responsable en tu viaje multidestino por Centroam\u00e9rica y Rep\u00fablica Dominicana","robots":{"index":"index","follow":"follow","max-snippet":"max-snippet:-1","max-image-preview":"max-image-preview:large","max-video-preview":"max-video-preview:-1"},"canonical":"https:\/\/www.visitcentroamerica.com\/sala-prensa\/viajar\/naturaleza\/oferta-ecoturistica-de-centroamerica-y-republica-dominicana\/","og_locale":"es_ES","og_type":"article","og_title":"El lado m\u00e1s ecotur\u00edstico de Centroam\u00e9rica y Rep\u00fablica Dominicana","og_description":"Conoce la ruta ecotur\u00edstica The best of the best y practica un turismo responsable en tu viaje multidestino por Centroam\u00e9rica y Rep\u00fablica Dominicana","og_url":"https:\/\/www.visitcentroamerica.com\/sala-prensa\/viajar\/naturaleza\/oferta-ecoturistica-de-centroamerica-y-republica-dominicana\/","og_site_name":"Sala de prensa","article_published_time":"2021-07-12T08:33:48+00:00","og_image":[{"width":1200,"height":600,"url":"https:\/\/www.visitcentroamerica.com\/sala-prensa\/wp-content\/uploads\/2021\/07\/ecoturismo-republica-dominicana.jpg","type":"image\/jpeg"}],"author":"Denis Alvarado","twitter_card":"summary_large_image","twitter_misc":{"Escrito por":"Denis Alvarado","Tiempo de lectura":"2 minutos"},"schema":{"@context":"https:\/\/schema.org","@graph":[{"@type":"Article","@id":"https:\/\/www.visitcentroamerica.com\/sala-prensa\/viajar\/naturaleza\/oferta-ecoturistica-de-centroamerica-y-republica-dominicana\/#article","isPartOf":{"@id":"https:\/\/www.visitcentroamerica.com\/sala-prensa\/viajar\/naturaleza\/oferta-ecoturistica-de-centroamerica-y-republica-dominicana\/"},"author":{"name":"Denis Alvarado","@id":"https:\/\/www.visitcentroamerica.com\/sala-prensa\/#\/schema\/person\/0aa3bd0dbaabaead6089ee3dd0cd7ae5"},"headline":"Oferta ecotur\u00edstica de Centroam\u00e9rica y Rep\u00fablica Dominicana","datePublished":"2021-07-12T08:33:48+00:00","mainEntityOfPage":{"@id":"https:\/\/www.visitcentroamerica.com\/sala-prensa\/viajar\/naturaleza\/oferta-ecoturistica-de-centroamerica-y-republica-dominicana\/"},"wordCount":277,"commentCount":0,"image":{"@id":"https:\/\/www.visitcentroamerica.com\/sala-prensa\/viajar\/naturaleza\/oferta-ecoturistica-de-centroamerica-y-republica-dominicana\/#primaryimage"},"thumbnailUrl":"https:\/\/www.visitcentroamerica.com\/sala-prensa\/wp-content\/uploads\/2021\/07\/ecoturismo-republica-dominicana.jpg","articleSection":["Ecoturismo","Naturaleza"],"inLanguage":"es","potentialAction":[{"@type":"CommentAction","name":"Comment","target":["https:\/\/www.visitcentroamerica.com\/sala-prensa\/viajar\/naturaleza\/oferta-ecoturistica-de-centroamerica-y-republica-dominicana\/#respond"]}]},{"@type":"WebPage","@id":"https:\/\/www.visitcentroamerica.com\/sala-prensa\/viajar\/naturaleza\/oferta-ecoturistica-de-centroamerica-y-republica-dominicana\/","url":"https:\/\/www.visitcentroamerica.com\/sala-prensa\/viajar\/naturaleza\/oferta-ecoturistica-de-centroamerica-y-republica-dominicana\/","name":"El lado m\u00e1s ecotur\u00edstico de Centroam\u00e9rica y Rep\u00fablica Dominicana","isPartOf":{"@id":"https:\/\/www.visitcentroamerica.com\/sala-prensa\/#website"},"primaryImageOfPage":{"@id":"https:\/\/www.visitcentroamerica.com\/sala-prensa\/viajar\/naturaleza\/oferta-ecoturistica-de-centroamerica-y-republica-dominicana\/#primaryimage"},"image":{"@id":"https:\/\/www.visitcentroamerica.com\/sala-prensa\/viajar\/naturaleza\/oferta-ecoturistica-de-centroamerica-y-republica-dominicana\/#primaryimage"},"thumbnailUrl":"https:\/\/www.visitcentroamerica.com\/sala-prensa\/wp-content\/uploads\/2021\/07\/ecoturismo-republica-dominicana.jpg","datePublished":"2021-07-12T08:33:48+00:00","author":{"@id":"https:\/\/www.visitcentroamerica.com\/sala-prensa\/#\/schema\/person\/0aa3bd0dbaabaead6089ee3dd0cd7ae5"},"description":"Conoce la ruta ecotur\u00edstica The best of the best y practica un turismo responsable en tu viaje multidestino por Centroam\u00e9rica y Rep\u00fablica Dominicana","breadcrumb":{"@id":"https:\/\/www.visitcentroamerica.com\/sala-prensa\/viajar\/naturaleza\/oferta-ecoturistica-de-centroamerica-y-republica-dominicana\/#breadcrumb"},"inLanguage":"es","potentialAction":[{"@type":"ReadAction","target":["https:\/\/www.visitcentroamerica.com\/sala-prensa\/viajar\/naturaleza\/oferta-ecoturistica-de-centroamerica-y-republica-dominicana\/"]}]},{"@type":"ImageObject","inLanguage":"es","@id":"https:\/\/www.visitcentroamerica.com\/sala-prensa\/viajar\/naturaleza\/oferta-ecoturistica-de-centroamerica-y-republica-dominicana\/#primaryimage","url":"https:\/\/www.visitcentroamerica.com\/sala-prensa\/wp-content\/uploads\/2021\/07\/ecoturismo-republica-dominicana.jpg","contentUrl":"https:\/\/www.visitcentroamerica.com\/sala-prensa\/wp-content\/uploads\/2021\/07\/ecoturismo-republica-dominicana.jpg","width":1200,"height":600},{"@type":"BreadcrumbList","@id":"https:\/\/www.visitcentroamerica.com\/sala-prensa\/viajar\/naturaleza\/oferta-ecoturistica-de-centroamerica-y-republica-dominicana\/#breadcrumb","itemListElement":[{"@type":"ListItem","position":1,"name":"Portada","item":"https:\/\/www.visitcentroamerica.com\/sala-prensa\/"},{"@type":"ListItem","position":2,"name":"Oferta ecotur\u00edstica de Centroam\u00e9rica y Rep\u00fablica Dominicana"}]},{"@type":"WebSite","@id":"https:\/\/www.visitcentroamerica.com\/sala-prensa\/#website","url":"https:\/\/www.visitcentroamerica.com\/sala-prensa\/","name":"Sala de prensa","description":"","potentialAction":[{"@type":"SearchAction","target":{"@type":"EntryPoint","urlTemplate":"https:\/\/www.visitcentroamerica.com\/sala-prensa\/?s={search_term_string}"},"query-input":{"@type":"PropertyValueSpecification","valueRequired":true,"valueName":"search_term_string"}}],"inLanguage":"es"},{"@type":"Person","@id":"https:\/\/www.visitcentroamerica.com\/sala-prensa\/#\/schema\/person\/0aa3bd0dbaabaead6089ee3dd0cd7ae5","name":"Denis Alvarado","image":{"@type":"ImageObject","inLanguage":"es","@id":"https:\/\/secure.gravatar.com\/avatar\/c31f0697f6edb7c68d5dedc2ccbd548d2a9f73aa293e81c6a1425229ec4c9135?s=96&d=mm&r=g","url":"https:\/\/secure.gravatar.com\/avatar\/c31f0697f6edb7c68d5dedc2ccbd548d2a9f73aa293e81c6a1425229ec4c9135?s=96&d=mm&r=g","contentUrl":"https:\/\/secure.gravatar.com\/avatar\/c31f0697f6edb7c68d5dedc2ccbd548d2a9f73aa293e81c6a1425229ec4c9135?s=96&d=mm&r=g","caption":"Denis Alvarado"},"url":"https:\/\/www.visitcentroamerica.com\/sala-prensa\/author\/denis\/"}]}},"_links":{"self":[{"href":"https:\/\/www.visitcentroamerica.com\/sala-prensa\/wp-json\/wp\/v2\/posts\/12184","targetHints":{"allow":["GET"]}}],"collection":[{"href":"https:\/\/www.visitcentroamerica.com\/sala-prensa\/wp-json\/wp\/v2\/posts"}],"about":[{"href":"https:\/\/www.visitcentroamerica.com\/sala-prensa\/wp-json\/wp\/v2\/types\/post"}],"author":[{"embeddable":true,"href":"https:\/\/www.visitcentroamerica.com\/sala-prensa\/wp-json\/wp\/v2\/users\/5"}],"replies":[{"embeddable":true,"href":"https:\/\/www.visitcentroamerica.com\/sala-prensa\/wp-json\/wp\/v2\/comments?post=12184"}],"version-history":[{"count":1,"href":"https:\/\/www.visitcentroamerica.com\/sala-prensa\/wp-json\/wp\/v2\/posts\/12184\/revisions"}],"predecessor-version":[{"id":12187,"href":"https:\/\/www.visitcentroamerica.com\/sala-prensa\/wp-json\/wp\/v2\/posts\/12184\/revisions\/12187"}],"wp:featuredmedia":[{"embeddable":true,"href":"https:\/\/www.visitcentroamerica.com\/sala-prensa\/wp-json\/wp\/v2\/media\/12185"}],"wp:attachment":[{"href":"https:\/\/www.visitcentroamerica.com\/sala-prensa\/wp-json\/wp\/v2\/media?parent=12184"}],"wp:term":[{"taxonomy":"category","embeddable":true,"href":"https:\/\/www.visitcentroamerica.com\/sala-prensa\/wp-json\/wp\/v2\/categories?post=12184"},{"taxonomy":"post_tag","embeddable":true,"href":"https:\/\/www.visitcentroamerica.com\/sala-prensa\/wp-json\/wp\/v2\/tags?post=12184"}],"curies":[{"name":"wp","href":"https:\/\/api.w.org\/{rel}","templated":true}]}}