{"id":12066,"date":"2021-06-07T07:01:29","date_gmt":"2021-06-07T07:01:29","guid":{"rendered":"https:\/\/www.visitcentroamerica.com\/sala-prensa\/?p=12066"},"modified":"2021-06-07T07:02:44","modified_gmt":"2021-06-07T07:02:44","slug":"centroamerica-y-republica-dominicana-la-union-de-dos-mundos-para-la-promocion-del-turismo-sostenible","status":"publish","type":"post","link":"https:\/\/www.visitcentroamerica.com\/sala-prensa\/actualidad\/republica-dominicana\/centroamerica-y-republica-dominicana-la-union-de-dos-mundos-para-la-promocion-del-turismo-sostenible\/","title":{"rendered":"Centroam\u00e9rica y Rep\u00fablica Dominicana, la uni\u00f3n de dos mundos para la promoci\u00f3n del turismo sostenible"},"content":{"rendered":"<p><img decoding=\"async\" class=\"alignnone size-full wp-image-12067\" src=\"https:\/\/www.visitcentroamerica.com\/sala-prensa\/wp-content\/uploads\/2021\/06\/republica-dominicana-turismo.jpg\" alt=\"Rep\u00fablica Dominicana\" width=\"1200\" height=\"auto\" srcset=\"https:\/\/www.visitcentroamerica.com\/sala-prensa\/wp-content\/uploads\/2021\/06\/republica-dominicana-turismo.jpg 1200w, https:\/\/www.visitcentroamerica.com\/sala-prensa\/wp-content\/uploads\/2021\/06\/republica-dominicana-turismo-300x150.jpg 300w, https:\/\/www.visitcentroamerica.com\/sala-prensa\/wp-content\/uploads\/2021\/06\/republica-dominicana-turismo-1024x512.jpg 1024w, https:\/\/www.visitcentroamerica.com\/sala-prensa\/wp-content\/uploads\/2021\/06\/republica-dominicana-turismo-768x384.jpg 768w, https:\/\/www.visitcentroamerica.com\/sala-prensa\/wp-content\/uploads\/2021\/06\/republica-dominicana-turismo-696x348.jpg 696w, https:\/\/www.visitcentroamerica.com\/sala-prensa\/wp-content\/uploads\/2021\/06\/republica-dominicana-turismo-1068x534.jpg 1068w, https:\/\/www.visitcentroamerica.com\/sala-prensa\/wp-content\/uploads\/2021\/06\/republica-dominicana-turismo-840x420.jpg 840w, https:\/\/www.visitcentroamerica.com\/sala-prensa\/wp-content\/uploads\/2021\/06\/republica-dominicana-turismo-500x250.jpg 500w\" sizes=\"(max-width: 1200px) 100vw, 1200px\" \/><\/p>\n<p>El esfuerzo por la integraci\u00f3n tur\u00edstica de Centroam\u00e9rica y Rep\u00fablica Dominicana data desde hace algunos a\u00f1os atr\u00e1s y gracias al esfuerzo realizado previamente hoy se ve materializada la incorporaci\u00f3n del pa\u00eds caribe\u00f1o en las acciones de promoci\u00f3n tur\u00edstica de la regi\u00f3n.<\/p>\n<p>\u00bfC\u00f3mo se ha realizado esta exitosa<strong> integraci\u00f3n tur\u00edstica con Centroam\u00e9rica?<\/strong> Resulta necesario que me retrotraiga\u00a0a la primera fecha importante. 2016, fue cuando\u00a0Rep\u00fablica Dominicana inici\u00f3 su participaci\u00f3n en los espacios de integraci\u00f3n (como observador) en las reuniones del Consejo Directivo de la Agencia de Promoci\u00f3n Tur\u00edstica de Centroam\u00e9rica (CATA, por sus siglas en ingl\u00e9s).<\/p>\n<p>Tres a\u00f1os despu\u00e9s, en 2019,\u00a0se materializ\u00f3 su incorporaci\u00f3n, decidida por unanimidad unos meses antes, como miembro pleno de dicha agencia, encaminando la integraci\u00f3n tur\u00edstica hacia una nueva era con nuevos matices de la oferta tur\u00edstica para proyectar a los 8 pa\u00edses en el mercado internacional como destinos complementarios.<\/p>\n<h3>Rep\u00fablica Dominicana aporta con su dinamismo y producto complementario a la promoci\u00f3n tur\u00edstica de Centroam\u00e9rica<\/h3>\n<p>La incorporaci\u00f3n del producto <strong>tur\u00edstico de Rep\u00fablica Dominicana a las acciones de promoci\u00f3n de Centroam\u00e9rica <\/strong>da muestras de una oferta regional m\u00e1s potente que puede presumir de captar la atenci\u00f3n de viajeros cada vez m\u00e1s exigentes. La fusi\u00f3n de estos dos mundos permite disfrutar de uno de los destinos m\u00e1s importantes del Caribe y mezclarlo con cualquiera de los destinos de Centroam\u00e9rica.<\/p>\n<p>Una oferta tur\u00edstica con la capacidad de enamorar a cualquiera ofrece cultura, legado ancestral, cultura milenaria, grupos originarios, gastronom\u00eda y una enorme riqueza natural,\u00a0pilar para atraer a los mercados de inter\u00e9s presentes y futuros. <a href=\"http:\/\/www.visitcentroamerica.com\" target=\"_blank\" rel=\"noopener\">Visita nuestra web<\/a> para conocer<a href=\"https:\/\/www.visitcentroamerica.com\/packages\/?_sft_typology-package=naturaleza\" target=\"_blank\" rel=\"noopener\"><em>\u00a0<strong>tours<\/strong><\/em><strong> multidestino<\/strong><\/a> que te ayudar\u00e1n a disfrutar todos los tesoros de la regi\u00f3n.<\/p>\n<p>Experiencias:<\/p>\n<p>&#8211; <a href=\"https:\/\/www.visitcentroamerica.com\/experiencias\/patrimonio-la-humanidad\/\" target=\"_blank\" rel=\"noopener\">Patrimonio de la Humanidad<\/a>.<br \/>\n&#8211; <a href=\"https:\/\/www.visitcentroamerica.com\/experiencias\/natural\/\" target=\"_blank\" rel=\"noopener\">Centroam\u00e9rica Natural<\/a>.<\/p>\n","protected":false},"excerpt":{"rendered":"<p>El esfuerzo por la integraci\u00f3n tur\u00edstica de Centroam\u00e9rica y Rep\u00fablica Dominicana data desde hace algunos a\u00f1os atr\u00e1s y gracias al esfuerzo realizado previamente hoy se ve materializada la incorporaci\u00f3n del pa\u00eds caribe\u00f1o en las acciones de promoci\u00f3n tur\u00edstica de la regi\u00f3n. \u00bfC\u00f3mo se ha realizado esta exitosa integraci\u00f3n tur\u00edstica con Centroam\u00e9rica? Resulta necesario que me [&hellip;]<\/p>\n","protected":false},"author":5,"featured_media":12067,"comment_status":"open","ping_status":"closed","sticky":false,"template":"","format":"standard","meta":{"footnotes":""},"categories":[14],"tags":[],"class_list":{"0":"post-12066","1":"post","2":"type-post","3":"status-publish","4":"format-standard","5":"has-post-thumbnail","7":"category-republica-dominicana"},"yoast_head":"<!-- This site is optimized with the Yoast SEO plugin v27.3 - https:\/\/yoast.com\/product\/yoast-seo-wordpress\/ -->\n<title>Turismo sostenible, apuesta de Centroam\u00e9rica y Rep\u00fablica Dominicana<\/title>\n<meta name=\"description\" content=\"La integraci\u00f3n de Rep\u00fablica Dominicana y Centroam\u00e9rica en la misma estructura de promoci\u00f3n tur\u00edstica potencia la oferta del turismo sostenible en la regi\u00f3n\" \/>\n<meta name=\"robots\" content=\"index, follow, max-snippet:-1, max-image-preview:large, max-video-preview:-1\" \/>\n<link rel=\"canonical\" href=\"https:\/\/www.visitcentroamerica.com\/sala-prensa\/actualidad\/republica-dominicana\/centroamerica-y-republica-dominicana-la-union-de-dos-mundos-para-la-promocion-del-turismo-sostenible\/\" \/>\n<meta property=\"og:locale\" content=\"es_ES\" \/>\n<meta property=\"og:type\" content=\"article\" \/>\n<meta property=\"og:title\" content=\"Turismo sostenible, apuesta de Centroam\u00e9rica y Rep\u00fablica Dominicana\" \/>\n<meta property=\"og:description\" content=\"La integraci\u00f3n de Rep\u00fablica Dominicana y Centroam\u00e9rica en la misma estructura de promoci\u00f3n tur\u00edstica potencia la oferta del turismo sostenible en la regi\u00f3n\" \/>\n<meta property=\"og:url\" content=\"https:\/\/www.visitcentroamerica.com\/sala-prensa\/actualidad\/republica-dominicana\/centroamerica-y-republica-dominicana-la-union-de-dos-mundos-para-la-promocion-del-turismo-sostenible\/\" \/>\n<meta property=\"og:site_name\" content=\"Sala de prensa\" \/>\n<meta property=\"article:published_time\" content=\"2021-06-07T07:01:29+00:00\" \/>\n<meta property=\"article:modified_time\" content=\"2021-06-07T07:02:44+00:00\" \/>\n<meta property=\"og:image\" content=\"https:\/\/www.visitcentroamerica.com\/sala-prensa\/wp-content\/uploads\/2021\/06\/republica-dominicana-turismo.jpg\" \/>\n\t<meta property=\"og:image:width\" content=\"1200\" \/>\n\t<meta property=\"og:image:height\" content=\"600\" \/>\n\t<meta property=\"og:image:type\" content=\"image\/jpeg\" \/>\n<meta name=\"author\" content=\"Denis Alvarado\" \/>\n<meta name=\"twitter:card\" content=\"summary_large_image\" \/>\n<meta name=\"twitter:label1\" content=\"Escrito por\" \/>\n\t<meta name=\"twitter:data1\" content=\"Denis Alvarado\" \/>\n\t<meta name=\"twitter:label2\" content=\"Tiempo de lectura\" \/>\n\t<meta name=\"twitter:data2\" content=\"2 minutos\" \/>\n<script type=\"application\/ld+json\" class=\"yoast-schema-graph\">{\"@context\":\"https:\\\/\\\/schema.org\",\"@graph\":[{\"@type\":\"Article\",\"@id\":\"https:\\\/\\\/www.visitcentroamerica.com\\\/sala-prensa\\\/actualidad\\\/republica-dominicana\\\/centroamerica-y-republica-dominicana-la-union-de-dos-mundos-para-la-promocion-del-turismo-sostenible\\\/#article\",\"isPartOf\":{\"@id\":\"https:\\\/\\\/www.visitcentroamerica.com\\\/sala-prensa\\\/actualidad\\\/republica-dominicana\\\/centroamerica-y-republica-dominicana-la-union-de-dos-mundos-para-la-promocion-del-turismo-sostenible\\\/\"},\"author\":{\"name\":\"Denis Alvarado\",\"@id\":\"https:\\\/\\\/www.visitcentroamerica.com\\\/sala-prensa\\\/#\\\/schema\\\/person\\\/0aa3bd0dbaabaead6089ee3dd0cd7ae5\"},\"headline\":\"Centroam\u00e9rica y Rep\u00fablica Dominicana, la uni\u00f3n de dos mundos para la promoci\u00f3n del turismo sostenible\",\"datePublished\":\"2021-06-07T07:01:29+00:00\",\"dateModified\":\"2021-06-07T07:02:44+00:00\",\"mainEntityOfPage\":{\"@id\":\"https:\\\/\\\/www.visitcentroamerica.com\\\/sala-prensa\\\/actualidad\\\/republica-dominicana\\\/centroamerica-y-republica-dominicana-la-union-de-dos-mundos-para-la-promocion-del-turismo-sostenible\\\/\"},\"wordCount\":351,\"commentCount\":0,\"image\":{\"@id\":\"https:\\\/\\\/www.visitcentroamerica.com\\\/sala-prensa\\\/actualidad\\\/republica-dominicana\\\/centroamerica-y-republica-dominicana-la-union-de-dos-mundos-para-la-promocion-del-turismo-sostenible\\\/#primaryimage\"},\"thumbnailUrl\":\"https:\\\/\\\/www.visitcentroamerica.com\\\/sala-prensa\\\/wp-content\\\/uploads\\\/2021\\\/06\\\/republica-dominicana-turismo.jpg\",\"articleSection\":[\"Rep\u00fablica Dominicana\"],\"inLanguage\":\"es\",\"potentialAction\":[{\"@type\":\"CommentAction\",\"name\":\"Comment\",\"target\":[\"https:\\\/\\\/www.visitcentroamerica.com\\\/sala-prensa\\\/actualidad\\\/republica-dominicana\\\/centroamerica-y-republica-dominicana-la-union-de-dos-mundos-para-la-promocion-del-turismo-sostenible\\\/#respond\"]}]},{\"@type\":\"WebPage\",\"@id\":\"https:\\\/\\\/www.visitcentroamerica.com\\\/sala-prensa\\\/actualidad\\\/republica-dominicana\\\/centroamerica-y-republica-dominicana-la-union-de-dos-mundos-para-la-promocion-del-turismo-sostenible\\\/\",\"url\":\"https:\\\/\\\/www.visitcentroamerica.com\\\/sala-prensa\\\/actualidad\\\/republica-dominicana\\\/centroamerica-y-republica-dominicana-la-union-de-dos-mundos-para-la-promocion-del-turismo-sostenible\\\/\",\"name\":\"Turismo sostenible, apuesta de Centroam\u00e9rica y Rep\u00fablica Dominicana\",\"isPartOf\":{\"@id\":\"https:\\\/\\\/www.visitcentroamerica.com\\\/sala-prensa\\\/#website\"},\"primaryImageOfPage\":{\"@id\":\"https:\\\/\\\/www.visitcentroamerica.com\\\/sala-prensa\\\/actualidad\\\/republica-dominicana\\\/centroamerica-y-republica-dominicana-la-union-de-dos-mundos-para-la-promocion-del-turismo-sostenible\\\/#primaryimage\"},\"image\":{\"@id\":\"https:\\\/\\\/www.visitcentroamerica.com\\\/sala-prensa\\\/actualidad\\\/republica-dominicana\\\/centroamerica-y-republica-dominicana-la-union-de-dos-mundos-para-la-promocion-del-turismo-sostenible\\\/#primaryimage\"},\"thumbnailUrl\":\"https:\\\/\\\/www.visitcentroamerica.com\\\/sala-prensa\\\/wp-content\\\/uploads\\\/2021\\\/06\\\/republica-dominicana-turismo.jpg\",\"datePublished\":\"2021-06-07T07:01:29+00:00\",\"dateModified\":\"2021-06-07T07:02:44+00:00\",\"author\":{\"@id\":\"https:\\\/\\\/www.visitcentroamerica.com\\\/sala-prensa\\\/#\\\/schema\\\/person\\\/0aa3bd0dbaabaead6089ee3dd0cd7ae5\"},\"description\":\"La integraci\u00f3n de Rep\u00fablica Dominicana y Centroam\u00e9rica en la misma estructura de promoci\u00f3n tur\u00edstica potencia la oferta del turismo sostenible en la regi\u00f3n\",\"breadcrumb\":{\"@id\":\"https:\\\/\\\/www.visitcentroamerica.com\\\/sala-prensa\\\/actualidad\\\/republica-dominicana\\\/centroamerica-y-republica-dominicana-la-union-de-dos-mundos-para-la-promocion-del-turismo-sostenible\\\/#breadcrumb\"},\"inLanguage\":\"es\",\"potentialAction\":[{\"@type\":\"ReadAction\",\"target\":[\"https:\\\/\\\/www.visitcentroamerica.com\\\/sala-prensa\\\/actualidad\\\/republica-dominicana\\\/centroamerica-y-republica-dominicana-la-union-de-dos-mundos-para-la-promocion-del-turismo-sostenible\\\/\"]}]},{\"@type\":\"ImageObject\",\"inLanguage\":\"es\",\"@id\":\"https:\\\/\\\/www.visitcentroamerica.com\\\/sala-prensa\\\/actualidad\\\/republica-dominicana\\\/centroamerica-y-republica-dominicana-la-union-de-dos-mundos-para-la-promocion-del-turismo-sostenible\\\/#primaryimage\",\"url\":\"https:\\\/\\\/www.visitcentroamerica.com\\\/sala-prensa\\\/wp-content\\\/uploads\\\/2021\\\/06\\\/republica-dominicana-turismo.jpg\",\"contentUrl\":\"https:\\\/\\\/www.visitcentroamerica.com\\\/sala-prensa\\\/wp-content\\\/uploads\\\/2021\\\/06\\\/republica-dominicana-turismo.jpg\",\"width\":1200,\"height\":600},{\"@type\":\"BreadcrumbList\",\"@id\":\"https:\\\/\\\/www.visitcentroamerica.com\\\/sala-prensa\\\/actualidad\\\/republica-dominicana\\\/centroamerica-y-republica-dominicana-la-union-de-dos-mundos-para-la-promocion-del-turismo-sostenible\\\/#breadcrumb\",\"itemListElement\":[{\"@type\":\"ListItem\",\"position\":1,\"name\":\"Portada\",\"item\":\"https:\\\/\\\/www.visitcentroamerica.com\\\/sala-prensa\\\/\"},{\"@type\":\"ListItem\",\"position\":2,\"name\":\"Centroam\u00e9rica y Rep\u00fablica Dominicana, la uni\u00f3n de dos mundos para la promoci\u00f3n del turismo sostenible\"}]},{\"@type\":\"WebSite\",\"@id\":\"https:\\\/\\\/www.visitcentroamerica.com\\\/sala-prensa\\\/#website\",\"url\":\"https:\\\/\\\/www.visitcentroamerica.com\\\/sala-prensa\\\/\",\"name\":\"Sala de prensa\",\"description\":\"\",\"potentialAction\":[{\"@type\":\"SearchAction\",\"target\":{\"@type\":\"EntryPoint\",\"urlTemplate\":\"https:\\\/\\\/www.visitcentroamerica.com\\\/sala-prensa\\\/?s={search_term_string}\"},\"query-input\":{\"@type\":\"PropertyValueSpecification\",\"valueRequired\":true,\"valueName\":\"search_term_string\"}}],\"inLanguage\":\"es\"},{\"@type\":\"Person\",\"@id\":\"https:\\\/\\\/www.visitcentroamerica.com\\\/sala-prensa\\\/#\\\/schema\\\/person\\\/0aa3bd0dbaabaead6089ee3dd0cd7ae5\",\"name\":\"Denis Alvarado\",\"image\":{\"@type\":\"ImageObject\",\"inLanguage\":\"es\",\"@id\":\"https:\\\/\\\/secure.gravatar.com\\\/avatar\\\/c31f0697f6edb7c68d5dedc2ccbd548d2a9f73aa293e81c6a1425229ec4c9135?s=96&d=mm&r=g\",\"url\":\"https:\\\/\\\/secure.gravatar.com\\\/avatar\\\/c31f0697f6edb7c68d5dedc2ccbd548d2a9f73aa293e81c6a1425229ec4c9135?s=96&d=mm&r=g\",\"contentUrl\":\"https:\\\/\\\/secure.gravatar.com\\\/avatar\\\/c31f0697f6edb7c68d5dedc2ccbd548d2a9f73aa293e81c6a1425229ec4c9135?s=96&d=mm&r=g\",\"caption\":\"Denis Alvarado\"},\"url\":\"https:\\\/\\\/www.visitcentroamerica.com\\\/sala-prensa\\\/author\\\/denis\\\/\"}]}<\/script>\n<!-- \/ Yoast SEO plugin. -->","yoast_head_json":{"title":"Turismo sostenible, apuesta de Centroam\u00e9rica y Rep\u00fablica Dominicana","description":"La integraci\u00f3n de Rep\u00fablica Dominicana y Centroam\u00e9rica en la misma estructura de promoci\u00f3n tur\u00edstica potencia la oferta del turismo sostenible en la regi\u00f3n","robots":{"index":"index","follow":"follow","max-snippet":"max-snippet:-1","max-image-preview":"max-image-preview:large","max-video-preview":"max-video-preview:-1"},"canonical":"https:\/\/www.visitcentroamerica.com\/sala-prensa\/actualidad\/republica-dominicana\/centroamerica-y-republica-dominicana-la-union-de-dos-mundos-para-la-promocion-del-turismo-sostenible\/","og_locale":"es_ES","og_type":"article","og_title":"Turismo sostenible, apuesta de Centroam\u00e9rica y Rep\u00fablica Dominicana","og_description":"La integraci\u00f3n de Rep\u00fablica Dominicana y Centroam\u00e9rica en la misma estructura de promoci\u00f3n tur\u00edstica potencia la oferta del turismo sostenible en la regi\u00f3n","og_url":"https:\/\/www.visitcentroamerica.com\/sala-prensa\/actualidad\/republica-dominicana\/centroamerica-y-republica-dominicana-la-union-de-dos-mundos-para-la-promocion-del-turismo-sostenible\/","og_site_name":"Sala de prensa","article_published_time":"2021-06-07T07:01:29+00:00","article_modified_time":"2021-06-07T07:02:44+00:00","og_image":[{"width":1200,"height":600,"url":"https:\/\/www.visitcentroamerica.com\/sala-prensa\/wp-content\/uploads\/2021\/06\/republica-dominicana-turismo.jpg","type":"image\/jpeg"}],"author":"Denis Alvarado","twitter_card":"summary_large_image","twitter_misc":{"Escrito por":"Denis Alvarado","Tiempo de lectura":"2 minutos"},"schema":{"@context":"https:\/\/schema.org","@graph":[{"@type":"Article","@id":"https:\/\/www.visitcentroamerica.com\/sala-prensa\/actualidad\/republica-dominicana\/centroamerica-y-republica-dominicana-la-union-de-dos-mundos-para-la-promocion-del-turismo-sostenible\/#article","isPartOf":{"@id":"https:\/\/www.visitcentroamerica.com\/sala-prensa\/actualidad\/republica-dominicana\/centroamerica-y-republica-dominicana-la-union-de-dos-mundos-para-la-promocion-del-turismo-sostenible\/"},"author":{"name":"Denis Alvarado","@id":"https:\/\/www.visitcentroamerica.com\/sala-prensa\/#\/schema\/person\/0aa3bd0dbaabaead6089ee3dd0cd7ae5"},"headline":"Centroam\u00e9rica y Rep\u00fablica Dominicana, la uni\u00f3n de dos mundos para la promoci\u00f3n del turismo sostenible","datePublished":"2021-06-07T07:01:29+00:00","dateModified":"2021-06-07T07:02:44+00:00","mainEntityOfPage":{"@id":"https:\/\/www.visitcentroamerica.com\/sala-prensa\/actualidad\/republica-dominicana\/centroamerica-y-republica-dominicana-la-union-de-dos-mundos-para-la-promocion-del-turismo-sostenible\/"},"wordCount":351,"commentCount":0,"image":{"@id":"https:\/\/www.visitcentroamerica.com\/sala-prensa\/actualidad\/republica-dominicana\/centroamerica-y-republica-dominicana-la-union-de-dos-mundos-para-la-promocion-del-turismo-sostenible\/#primaryimage"},"thumbnailUrl":"https:\/\/www.visitcentroamerica.com\/sala-prensa\/wp-content\/uploads\/2021\/06\/republica-dominicana-turismo.jpg","articleSection":["Rep\u00fablica Dominicana"],"inLanguage":"es","potentialAction":[{"@type":"CommentAction","name":"Comment","target":["https:\/\/www.visitcentroamerica.com\/sala-prensa\/actualidad\/republica-dominicana\/centroamerica-y-republica-dominicana-la-union-de-dos-mundos-para-la-promocion-del-turismo-sostenible\/#respond"]}]},{"@type":"WebPage","@id":"https:\/\/www.visitcentroamerica.com\/sala-prensa\/actualidad\/republica-dominicana\/centroamerica-y-republica-dominicana-la-union-de-dos-mundos-para-la-promocion-del-turismo-sostenible\/","url":"https:\/\/www.visitcentroamerica.com\/sala-prensa\/actualidad\/republica-dominicana\/centroamerica-y-republica-dominicana-la-union-de-dos-mundos-para-la-promocion-del-turismo-sostenible\/","name":"Turismo sostenible, apuesta de Centroam\u00e9rica y Rep\u00fablica Dominicana","isPartOf":{"@id":"https:\/\/www.visitcentroamerica.com\/sala-prensa\/#website"},"primaryImageOfPage":{"@id":"https:\/\/www.visitcentroamerica.com\/sala-prensa\/actualidad\/republica-dominicana\/centroamerica-y-republica-dominicana-la-union-de-dos-mundos-para-la-promocion-del-turismo-sostenible\/#primaryimage"},"image":{"@id":"https:\/\/www.visitcentroamerica.com\/sala-prensa\/actualidad\/republica-dominicana\/centroamerica-y-republica-dominicana-la-union-de-dos-mundos-para-la-promocion-del-turismo-sostenible\/#primaryimage"},"thumbnailUrl":"https:\/\/www.visitcentroamerica.com\/sala-prensa\/wp-content\/uploads\/2021\/06\/republica-dominicana-turismo.jpg","datePublished":"2021-06-07T07:01:29+00:00","dateModified":"2021-06-07T07:02:44+00:00","author":{"@id":"https:\/\/www.visitcentroamerica.com\/sala-prensa\/#\/schema\/person\/0aa3bd0dbaabaead6089ee3dd0cd7ae5"},"description":"La integraci\u00f3n de Rep\u00fablica Dominicana y Centroam\u00e9rica en la misma estructura de promoci\u00f3n tur\u00edstica potencia la oferta del turismo sostenible en la regi\u00f3n","breadcrumb":{"@id":"https:\/\/www.visitcentroamerica.com\/sala-prensa\/actualidad\/republica-dominicana\/centroamerica-y-republica-dominicana-la-union-de-dos-mundos-para-la-promocion-del-turismo-sostenible\/#breadcrumb"},"inLanguage":"es","potentialAction":[{"@type":"ReadAction","target":["https:\/\/www.visitcentroamerica.com\/sala-prensa\/actualidad\/republica-dominicana\/centroamerica-y-republica-dominicana-la-union-de-dos-mundos-para-la-promocion-del-turismo-sostenible\/"]}]},{"@type":"ImageObject","inLanguage":"es","@id":"https:\/\/www.visitcentroamerica.com\/sala-prensa\/actualidad\/republica-dominicana\/centroamerica-y-republica-dominicana-la-union-de-dos-mundos-para-la-promocion-del-turismo-sostenible\/#primaryimage","url":"https:\/\/www.visitcentroamerica.com\/sala-prensa\/wp-content\/uploads\/2021\/06\/republica-dominicana-turismo.jpg","contentUrl":"https:\/\/www.visitcentroamerica.com\/sala-prensa\/wp-content\/uploads\/2021\/06\/republica-dominicana-turismo.jpg","width":1200,"height":600},{"@type":"BreadcrumbList","@id":"https:\/\/www.visitcentroamerica.com\/sala-prensa\/actualidad\/republica-dominicana\/centroamerica-y-republica-dominicana-la-union-de-dos-mundos-para-la-promocion-del-turismo-sostenible\/#breadcrumb","itemListElement":[{"@type":"ListItem","position":1,"name":"Portada","item":"https:\/\/www.visitcentroamerica.com\/sala-prensa\/"},{"@type":"ListItem","position":2,"name":"Centroam\u00e9rica y Rep\u00fablica Dominicana, la uni\u00f3n de dos mundos para la promoci\u00f3n del turismo sostenible"}]},{"@type":"WebSite","@id":"https:\/\/www.visitcentroamerica.com\/sala-prensa\/#website","url":"https:\/\/www.visitcentroamerica.com\/sala-prensa\/","name":"Sala de prensa","description":"","potentialAction":[{"@type":"SearchAction","target":{"@type":"EntryPoint","urlTemplate":"https:\/\/www.visitcentroamerica.com\/sala-prensa\/?s={search_term_string}"},"query-input":{"@type":"PropertyValueSpecification","valueRequired":true,"valueName":"search_term_string"}}],"inLanguage":"es"},{"@type":"Person","@id":"https:\/\/www.visitcentroamerica.com\/sala-prensa\/#\/schema\/person\/0aa3bd0dbaabaead6089ee3dd0cd7ae5","name":"Denis Alvarado","image":{"@type":"ImageObject","inLanguage":"es","@id":"https:\/\/secure.gravatar.com\/avatar\/c31f0697f6edb7c68d5dedc2ccbd548d2a9f73aa293e81c6a1425229ec4c9135?s=96&d=mm&r=g","url":"https:\/\/secure.gravatar.com\/avatar\/c31f0697f6edb7c68d5dedc2ccbd548d2a9f73aa293e81c6a1425229ec4c9135?s=96&d=mm&r=g","contentUrl":"https:\/\/secure.gravatar.com\/avatar\/c31f0697f6edb7c68d5dedc2ccbd548d2a9f73aa293e81c6a1425229ec4c9135?s=96&d=mm&r=g","caption":"Denis Alvarado"},"url":"https:\/\/www.visitcentroamerica.com\/sala-prensa\/author\/denis\/"}]}},"_links":{"self":[{"href":"https:\/\/www.visitcentroamerica.com\/sala-prensa\/wp-json\/wp\/v2\/posts\/12066","targetHints":{"allow":["GET"]}}],"collection":[{"href":"https:\/\/www.visitcentroamerica.com\/sala-prensa\/wp-json\/wp\/v2\/posts"}],"about":[{"href":"https:\/\/www.visitcentroamerica.com\/sala-prensa\/wp-json\/wp\/v2\/types\/post"}],"author":[{"embeddable":true,"href":"https:\/\/www.visitcentroamerica.com\/sala-prensa\/wp-json\/wp\/v2\/users\/5"}],"replies":[{"embeddable":true,"href":"https:\/\/www.visitcentroamerica.com\/sala-prensa\/wp-json\/wp\/v2\/comments?post=12066"}],"version-history":[{"count":2,"href":"https:\/\/www.visitcentroamerica.com\/sala-prensa\/wp-json\/wp\/v2\/posts\/12066\/revisions"}],"predecessor-version":[{"id":12070,"href":"https:\/\/www.visitcentroamerica.com\/sala-prensa\/wp-json\/wp\/v2\/posts\/12066\/revisions\/12070"}],"wp:featuredmedia":[{"embeddable":true,"href":"https:\/\/www.visitcentroamerica.com\/sala-prensa\/wp-json\/wp\/v2\/media\/12067"}],"wp:attachment":[{"href":"https:\/\/www.visitcentroamerica.com\/sala-prensa\/wp-json\/wp\/v2\/media?parent=12066"}],"wp:term":[{"taxonomy":"category","embeddable":true,"href":"https:\/\/www.visitcentroamerica.com\/sala-prensa\/wp-json\/wp\/v2\/categories?post=12066"},{"taxonomy":"post_tag","embeddable":true,"href":"https:\/\/www.visitcentroamerica.com\/sala-prensa\/wp-json\/wp\/v2\/tags?post=12066"}],"curies":[{"name":"wp","href":"https:\/\/api.w.org\/{rel}","templated":true}]}}