{"id":11974,"date":"2021-04-09T16:30:13","date_gmt":"2021-04-09T16:30:13","guid":{"rendered":"https:\/\/www.visitcentroamerica.com\/sala-prensa\/?p=11974"},"modified":"2021-04-09T16:30:13","modified_gmt":"2021-04-09T16:30:13","slug":"cultura-aventura-y-sostenibilidad-alrededor-del-cafe-de-especialidad-panameno","status":"publish","type":"post","link":"https:\/\/www.visitcentroamerica.com\/sala-prensa\/actualidad\/cultura-aventura-y-sostenibilidad-alrededor-del-cafe-de-especialidad-panameno\/","title":{"rendered":"Cultura, aventura y sostenibilidad alrededor del caf\u00e9 de especialidad paname\u00f1o"},"content":{"rendered":"\r\n<p><strong><em>PROMTUR Panam\u00e1 contin\u00faa posicionando al pa\u00eds como destino tur\u00edstico, bajo el marco de lacampa\u00f1a \u201cDescubierta por Naturaleza,\u201d esta vez protagonizada por una activaci\u00f3n de relaciones p\u00fablicas internacionales aprovechando la temporada de cosecha de caf\u00e9.<\/em><\/strong><\/p>\r\n\r\n\r\n\r\n<p>Vivir la experiencia de la \u00e9poca de la cosecha del caf\u00e9 en el distrito de Tierras Altas, provincia de Chiriqu\u00ed, y conocer las maravillosas atracciones naturales con las que cuenta esta regi\u00f3n, son la ocasi\u00f3n perfecta para el desarrollo de la m\u00e1s reciente activaci\u00f3n de relaciones p\u00fablicas internacionales a cargo de PROMTUR Panam\u00e1, organizaci\u00f3n de mercado de destino para todos<br \/>los segmentos y productos de turismo.<\/p>\r\n\r\n\r\n\r\n<figure class=\"wp-block-image size-large is-resized\"><img decoding=\"async\" class=\"wp-image-11980\" src=\"https:\/\/www.visitcentroamerica.com\/sala-prensa\/wp-content\/uploads\/2021\/04\/Chiriqui-Highlands_Promtur1.jpg\" alt=\"\" width=\"100%\" height=\"100%\" srcset=\"https:\/\/www.visitcentroamerica.com\/sala-prensa\/wp-content\/uploads\/2021\/04\/Chiriqui-Highlands_Promtur1.jpg 1024w, https:\/\/www.visitcentroamerica.com\/sala-prensa\/wp-content\/uploads\/2021\/04\/Chiriqui-Highlands_Promtur1-300x199.jpg 300w, https:\/\/www.visitcentroamerica.com\/sala-prensa\/wp-content\/uploads\/2021\/04\/Chiriqui-Highlands_Promtur1-768x510.jpg 768w, https:\/\/www.visitcentroamerica.com\/sala-prensa\/wp-content\/uploads\/2021\/04\/Chiriqui-Highlands_Promtur1-696x462.jpg 696w, https:\/\/www.visitcentroamerica.com\/sala-prensa\/wp-content\/uploads\/2021\/04\/Chiriqui-Highlands_Promtur1-632x420.jpg 632w, https:\/\/www.visitcentroamerica.com\/sala-prensa\/wp-content\/uploads\/2021\/04\/Chiriqui-Highlands_Promtur1-500x332.jpg 500w\" sizes=\"(max-width: 1024px) 100vw, 1024px\" \/><\/figure>\r\n\r\n\r\n\r\n<p>Como parte de la campa\u00f1a \u201cDescubierta por la Naturaleza\u201d, activa desde diciembre 2020, y con el objetivo de seguir atrayendo turistas de mercados internacionales, PROMTUR Panam\u00e1 aprovecha las actividades alrededor del circuito del caf\u00e9, en la \u00e9poca de cosecha, para posicionar a Panam\u00e1 en la cima de la lista de los viajeros, a trav\u00e9s de inspiraci\u00f3n e informaci\u00f3n sobre nuestro caf\u00e9 de especialidad y todas las actividades alrededor de esta degustaci\u00f3n: sostenibilidad, aventura, gastronom\u00eda y cultura.<\/p>\r\n\r\n\r\n\r\n<p>Fernando Fondevila, director general de PROMTUR Panam\u00e1, quien acompa\u00f1a a medios de comunicaci\u00f3n internacionales en esta jornada, afirm\u00f3 que \u201cproducto de la pandemia, las preferencias y gustos de los viajeros ha tomado un giro hacia los ambientes abiertos, que les permitan conectar con la naturaleza y vivir experiencias \u00fanicas. Es por ello que buscamos aprovechar la biodiversidad de ecosistemas naturales con la que cuenta nuestro pa\u00eds para posicionarnos como un destino ideal y seguro en los mercados internacionales que son nuestro objetivo a corto plazo como Estados Unidos, Canad\u00e1, Colombia, Brasil y Argentina\u201d.<\/p>\r\n\r\n\r\n\r\n<p>La temporada del caf\u00e9 de especialidad, que comienza en septiembre y termina en marzo, se enaltece en la cuarta edici\u00f3n de \u201cLa Cosecha\u201d, un evento exclusivo que se desarrolla desde el jueves 8 de abril al domingo 11 de marzo, d\u00edas dedicados a los aficionados al caf\u00e9, invitados a conocer el extenso proceso, el cual resulta en la creaci\u00f3n de algunos de los mejores caf\u00e9s del mundo.<\/p>\r\n\r\n\r\n\r\n<p>\u201cTenemos el mejor caf\u00e9 del mundo y queremos mostrar el detr\u00e1s de c\u00e1maras de nuestra tierra: 80 km entre costa Pac\u00edfica y Atl\u00e1ntica, el clima, las historias familiares de hace m\u00e1s de 100 a\u00f1os trabajando el campo, acompa\u00f1\u00e1ndolo de una buena gastronom\u00eda de la granja a la mesa\u201d respondi\u00f3 Jorge Chanis, fundador de \u201cLa Cosecha\u201d, al preguntarle por qu\u00e9 los turistas deben visitar el Circuito del Caf\u00e9.<\/p>\r\n\r\n\r\n\r\n<p>\u201cLa Cosecha\u201d ofrece experiencias lujosas e \u00edntimas, desde recorridos individuales con los principales recolectores de caf\u00e9 de la regi\u00f3n, un ritual especial del caf\u00e9, inmersiones culturales con la comunidad ind\u00edgena Ng\u00e4be y Bugl\u00e9, hasta una degustaci\u00f3n de caf\u00e9 disfrutando del amanecer en la cima del famoso Volc\u00e1n Bar\u00fa.<\/p>\r\n\r\n\r\n\r\n<p>&nbsp;<\/p>\r\n\r\n\r\n\r\n<div class=\"wp-block-image\">\r\n<figure class=\"aligncenter size-full is-resized\"><img decoding=\"async\" class=\"wp-image-11983\" src=\"https:\/\/www.visitcentroamerica.com\/sala-prensa\/wp-content\/uploads\/2021\/04\/Baru-National-Park_Promtur1.jpg\" alt=\"\" width=\"100%\" height=\"100%\" srcset=\"https:\/\/www.visitcentroamerica.com\/sala-prensa\/wp-content\/uploads\/2021\/04\/Baru-National-Park_Promtur1.jpg 1024w, https:\/\/www.visitcentroamerica.com\/sala-prensa\/wp-content\/uploads\/2021\/04\/Baru-National-Park_Promtur1-300x199.jpg 300w, https:\/\/www.visitcentroamerica.com\/sala-prensa\/wp-content\/uploads\/2021\/04\/Baru-National-Park_Promtur1-768x509.jpg 768w, https:\/\/www.visitcentroamerica.com\/sala-prensa\/wp-content\/uploads\/2021\/04\/Baru-National-Park_Promtur1-696x461.jpg 696w, https:\/\/www.visitcentroamerica.com\/sala-prensa\/wp-content\/uploads\/2021\/04\/Baru-National-Park_Promtur1-634x420.jpg 634w, https:\/\/www.visitcentroamerica.com\/sala-prensa\/wp-content\/uploads\/2021\/04\/Baru-National-Park_Promtur1-500x331.jpg 500w\" sizes=\"(max-width: 1024px) 100vw, 1024px\" \/>\r\n<figcaption>Small waterfall at cloud forest, La Amistad international park, Chiriqui province, Panama, Central America<\/figcaption>\r\n<\/figure>\r\n<\/div>\r\n\r\n\r\n\r\n<p>A diferencia de otros pa\u00edses, la cultura del caf\u00e9 en Panam\u00e1 est\u00e1 enfocada en el caf\u00e9 de especialidad, no tanto en la producci\u00f3n masiva. Detr\u00e1s de la experiencia tur\u00edstica cafetera, hay personas que conservan y protegen sus tierras tanto como a su caf\u00e9. Si usted no puede escaparse a Tierras Altas este fin de semana, le invitamos a conocer la activaci\u00f3n y las fincas registradas en el Circuito del Caf\u00e9 en <a href=\"https:\/\/discover.visitpanama.com\/coffee\" target=\"_blank\" rel=\"noreferrer noopener\">https:\/\/discover.visitpanama.com\/coffee<\/a>.<\/p>\r\n\r\n\r\n\r\n<p><strong>Chiriqu\u00ed, entre el caf\u00e9 y atractivos naturales<\/strong><br \/>Y es que el distrito de Tierras Altas es reconocido como la regi\u00f3n cafetalera del pa\u00eds y adem\u00e1s cuenta con numerosas atracciones de los tres patrimonios de Panam\u00e1: Verde (naturaleza), Azul (oc\u00e9anos) y Cultural, las cuales PROMTUR Panam\u00e1 est\u00e1 posicionado en mercados internacionales, como parte del Plan Maestro de Turismo Sostenible 2020 \u2013 2025 de la Autoridad de Turismo de Panam\u00e1, el cual es la base de la estrategia de posicionamiento del pa\u00eds como destino tur\u00edstico.<\/p>\r\n\r\n\r\n\r\n<p>Con una diversidad de ambientes, la regi\u00f3n cuenta con una amplia selecci\u00f3n de lugares y atractivos naturales, desde un lugar para alpinistas y observadores de aves hasta recorridos ideales para viajeros apasionados por la cultura ind\u00edgena y el desarrollo sostenible.<\/p>\r\n\r\n\r\n\r\n<p><strong>Una mirada desde lo alto<\/strong><br \/>Los turistas aventureros pueden ir de excursi\u00f3n al famoso Volc\u00e1n Bar\u00fa, que alcanza m\u00e1s de 3.000 metros sobre el nivel del mar, haci\u00e9ndolo el punto m\u00e1s alto de Panam\u00e1. Su cima es el \u00fanico lugar en el mundo donde se pueden observar los oc\u00e9anos Pac\u00edfico y Atl\u00e1ntico al mismo tiempo. Mientras que los amantes de la cultura pueden optar por visitar a los Ng\u00e4be y Bugl\u00e9, dos de las siete comunidades ind\u00edgenas de Panam\u00e1 que se enorgullecen de compartir su cultura, cosmovisi\u00f3n y su historia con los visitantes, as\u00ed como los hermosos paisajes y las atracciones que rodean a su comunidad.<\/p>\r\n\r\n\r\n\r\n<p>Para los viajeros que buscan naturaleza, disfrutar\u00e1n de un recorrido para encontrar la Cascada Perdida, una preciosa caminata a trav\u00e9s de la densa selva tropical que conduce a tres hermosas cascadas en Boquete, Chiriqu\u00ed. Tambi\u00e9n pueden participar en excursiones que ofrecen rafting por r\u00edos de agua blanca y tirolesas cruzando a la selva tropical por encima de r\u00edos, con una vista \u00fanica de los paisajes naturales y la vida silvestre.<\/p>\r\n\r\n\r\n\r\n<p>&nbsp;<\/p>\r\n\r\n\r\n\r\n<p>Para obtener im\u00e1genes de estas inolvidables experiencias, ingrese al siguiente <a href=\"https:\/\/drive.google.com\/drive\/folders\/17WLFWAjFykNFrus8NBqQ9If0JjPgvhxC\" target=\"_blank\" rel=\"noreferrer noopener\">enlace<\/a>.<\/p>\r\n","protected":false},"excerpt":{"rendered":"<p>PROMTUR Panam\u00e1 contin\u00faa posicionando al pa\u00eds como destino tur\u00edstico, bajo el marco de lacampa\u00f1a \u201cDescubierta por Naturaleza,\u201d esta vez protagonizada por una activaci\u00f3n de relaciones p\u00fablicas internacionales aprovechando la temporada de cosecha de caf\u00e9. Vivir la experiencia de la \u00e9poca de la cosecha del caf\u00e9 en el distrito de Tierras Altas, provincia de Chiriqu\u00ed, y [&hellip;]<\/p>\n","protected":false},"author":5,"featured_media":11975,"comment_status":"open","ping_status":"closed","sticky":false,"template":"","format":"standard","meta":{"footnotes":""},"categories":[3,26,7],"tags":[],"class_list":{"0":"post-11974","1":"post","2":"type-post","3":"status-publish","4":"format-standard","5":"has-post-thumbnail","7":"category-actualidad","8":"category-agroturismo","9":"category-panama"},"yoast_head":"<!-- This site is optimized with the Yoast SEO plugin v27.3 - https:\/\/yoast.com\/product\/yoast-seo-wordpress\/ -->\n<title>Cultura, aventura y sostenibilidad alrededor del caf\u00e9 de especialidad paname\u00f1o - Sala de prensa<\/title>\n<meta name=\"robots\" content=\"index, follow, max-snippet:-1, max-image-preview:large, max-video-preview:-1\" \/>\n<link rel=\"canonical\" href=\"https:\/\/www.visitcentroamerica.com\/sala-prensa\/actualidad\/cultura-aventura-y-sostenibilidad-alrededor-del-cafe-de-especialidad-panameno\/\" \/>\n<meta property=\"og:locale\" content=\"es_ES\" \/>\n<meta property=\"og:type\" content=\"article\" \/>\n<meta property=\"og:title\" content=\"Cultura, aventura y sostenibilidad alrededor del caf\u00e9 de especialidad paname\u00f1o - Sala de prensa\" \/>\n<meta property=\"og:description\" content=\"PROMTUR Panam\u00e1 contin\u00faa posicionando al pa\u00eds como destino tur\u00edstico, bajo el marco de lacampa\u00f1a \u201cDescubierta por Naturaleza,\u201d esta vez protagonizada por una activaci\u00f3n de relaciones p\u00fablicas internacionales aprovechando la temporada de cosecha de caf\u00e9. Vivir la experiencia de la \u00e9poca de la cosecha del caf\u00e9 en el distrito de Tierras Altas, provincia de Chiriqu\u00ed, y [&hellip;]\" \/>\n<meta property=\"og:url\" content=\"https:\/\/www.visitcentroamerica.com\/sala-prensa\/actualidad\/cultura-aventura-y-sostenibilidad-alrededor-del-cafe-de-especialidad-panameno\/\" \/>\n<meta property=\"og:site_name\" content=\"Sala de prensa\" \/>\n<meta property=\"article:published_time\" content=\"2021-04-09T16:30:13+00:00\" \/>\n<meta property=\"og:image\" content=\"https:\/\/www.visitcentroamerica.com\/sala-prensa\/wp-content\/uploads\/2021\/04\/Coffee-Beans_Finca-Lereida-Coffee-Estate_Promtur1.jpg\" \/>\n\t<meta property=\"og:image:width\" content=\"1024\" \/>\n\t<meta property=\"og:image:height\" content=\"681\" \/>\n\t<meta property=\"og:image:type\" content=\"image\/jpeg\" \/>\n<meta name=\"author\" content=\"Denis Alvarado\" \/>\n<meta name=\"twitter:card\" content=\"summary_large_image\" \/>\n<meta name=\"twitter:label1\" content=\"Escrito por\" \/>\n\t<meta name=\"twitter:data1\" content=\"Denis Alvarado\" \/>\n\t<meta name=\"twitter:label2\" content=\"Tiempo de lectura\" \/>\n\t<meta name=\"twitter:data2\" content=\"5 minutos\" \/>\n<script type=\"application\/ld+json\" class=\"yoast-schema-graph\">{\"@context\":\"https:\\\/\\\/schema.org\",\"@graph\":[{\"@type\":\"Article\",\"@id\":\"https:\\\/\\\/www.visitcentroamerica.com\\\/sala-prensa\\\/actualidad\\\/cultura-aventura-y-sostenibilidad-alrededor-del-cafe-de-especialidad-panameno\\\/#article\",\"isPartOf\":{\"@id\":\"https:\\\/\\\/www.visitcentroamerica.com\\\/sala-prensa\\\/actualidad\\\/cultura-aventura-y-sostenibilidad-alrededor-del-cafe-de-especialidad-panameno\\\/\"},\"author\":{\"name\":\"Denis Alvarado\",\"@id\":\"https:\\\/\\\/www.visitcentroamerica.com\\\/sala-prensa\\\/#\\\/schema\\\/person\\\/0aa3bd0dbaabaead6089ee3dd0cd7ae5\"},\"headline\":\"Cultura, aventura y sostenibilidad alrededor del caf\u00e9 de especialidad paname\u00f1o\",\"datePublished\":\"2021-04-09T16:30:13+00:00\",\"mainEntityOfPage\":{\"@id\":\"https:\\\/\\\/www.visitcentroamerica.com\\\/sala-prensa\\\/actualidad\\\/cultura-aventura-y-sostenibilidad-alrededor-del-cafe-de-especialidad-panameno\\\/\"},\"wordCount\":923,\"commentCount\":0,\"image\":{\"@id\":\"https:\\\/\\\/www.visitcentroamerica.com\\\/sala-prensa\\\/actualidad\\\/cultura-aventura-y-sostenibilidad-alrededor-del-cafe-de-especialidad-panameno\\\/#primaryimage\"},\"thumbnailUrl\":\"https:\\\/\\\/www.visitcentroamerica.com\\\/sala-prensa\\\/wp-content\\\/uploads\\\/2021\\\/04\\\/Coffee-Beans_Finca-Lereida-Coffee-Estate_Promtur1.jpg\",\"articleSection\":[\"Actualidad\",\"Agroturismo\",\"Panam\u00e1\"],\"inLanguage\":\"es\",\"potentialAction\":[{\"@type\":\"CommentAction\",\"name\":\"Comment\",\"target\":[\"https:\\\/\\\/www.visitcentroamerica.com\\\/sala-prensa\\\/actualidad\\\/cultura-aventura-y-sostenibilidad-alrededor-del-cafe-de-especialidad-panameno\\\/#respond\"]}]},{\"@type\":\"WebPage\",\"@id\":\"https:\\\/\\\/www.visitcentroamerica.com\\\/sala-prensa\\\/actualidad\\\/cultura-aventura-y-sostenibilidad-alrededor-del-cafe-de-especialidad-panameno\\\/\",\"url\":\"https:\\\/\\\/www.visitcentroamerica.com\\\/sala-prensa\\\/actualidad\\\/cultura-aventura-y-sostenibilidad-alrededor-del-cafe-de-especialidad-panameno\\\/\",\"name\":\"Cultura, aventura y sostenibilidad alrededor del caf\u00e9 de especialidad paname\u00f1o - Sala de prensa\",\"isPartOf\":{\"@id\":\"https:\\\/\\\/www.visitcentroamerica.com\\\/sala-prensa\\\/#website\"},\"primaryImageOfPage\":{\"@id\":\"https:\\\/\\\/www.visitcentroamerica.com\\\/sala-prensa\\\/actualidad\\\/cultura-aventura-y-sostenibilidad-alrededor-del-cafe-de-especialidad-panameno\\\/#primaryimage\"},\"image\":{\"@id\":\"https:\\\/\\\/www.visitcentroamerica.com\\\/sala-prensa\\\/actualidad\\\/cultura-aventura-y-sostenibilidad-alrededor-del-cafe-de-especialidad-panameno\\\/#primaryimage\"},\"thumbnailUrl\":\"https:\\\/\\\/www.visitcentroamerica.com\\\/sala-prensa\\\/wp-content\\\/uploads\\\/2021\\\/04\\\/Coffee-Beans_Finca-Lereida-Coffee-Estate_Promtur1.jpg\",\"datePublished\":\"2021-04-09T16:30:13+00:00\",\"author\":{\"@id\":\"https:\\\/\\\/www.visitcentroamerica.com\\\/sala-prensa\\\/#\\\/schema\\\/person\\\/0aa3bd0dbaabaead6089ee3dd0cd7ae5\"},\"breadcrumb\":{\"@id\":\"https:\\\/\\\/www.visitcentroamerica.com\\\/sala-prensa\\\/actualidad\\\/cultura-aventura-y-sostenibilidad-alrededor-del-cafe-de-especialidad-panameno\\\/#breadcrumb\"},\"inLanguage\":\"es\",\"potentialAction\":[{\"@type\":\"ReadAction\",\"target\":[\"https:\\\/\\\/www.visitcentroamerica.com\\\/sala-prensa\\\/actualidad\\\/cultura-aventura-y-sostenibilidad-alrededor-del-cafe-de-especialidad-panameno\\\/\"]}]},{\"@type\":\"ImageObject\",\"inLanguage\":\"es\",\"@id\":\"https:\\\/\\\/www.visitcentroamerica.com\\\/sala-prensa\\\/actualidad\\\/cultura-aventura-y-sostenibilidad-alrededor-del-cafe-de-especialidad-panameno\\\/#primaryimage\",\"url\":\"https:\\\/\\\/www.visitcentroamerica.com\\\/sala-prensa\\\/wp-content\\\/uploads\\\/2021\\\/04\\\/Coffee-Beans_Finca-Lereida-Coffee-Estate_Promtur1.jpg\",\"contentUrl\":\"https:\\\/\\\/www.visitcentroamerica.com\\\/sala-prensa\\\/wp-content\\\/uploads\\\/2021\\\/04\\\/Coffee-Beans_Finca-Lereida-Coffee-Estate_Promtur1.jpg\",\"width\":1024,\"height\":681},{\"@type\":\"BreadcrumbList\",\"@id\":\"https:\\\/\\\/www.visitcentroamerica.com\\\/sala-prensa\\\/actualidad\\\/cultura-aventura-y-sostenibilidad-alrededor-del-cafe-de-especialidad-panameno\\\/#breadcrumb\",\"itemListElement\":[{\"@type\":\"ListItem\",\"position\":1,\"name\":\"Portada\",\"item\":\"https:\\\/\\\/www.visitcentroamerica.com\\\/sala-prensa\\\/\"},{\"@type\":\"ListItem\",\"position\":2,\"name\":\"Cultura, aventura y sostenibilidad alrededor del caf\u00e9 de especialidad paname\u00f1o\"}]},{\"@type\":\"WebSite\",\"@id\":\"https:\\\/\\\/www.visitcentroamerica.com\\\/sala-prensa\\\/#website\",\"url\":\"https:\\\/\\\/www.visitcentroamerica.com\\\/sala-prensa\\\/\",\"name\":\"Sala de prensa\",\"description\":\"\",\"potentialAction\":[{\"@type\":\"SearchAction\",\"target\":{\"@type\":\"EntryPoint\",\"urlTemplate\":\"https:\\\/\\\/www.visitcentroamerica.com\\\/sala-prensa\\\/?s={search_term_string}\"},\"query-input\":{\"@type\":\"PropertyValueSpecification\",\"valueRequired\":true,\"valueName\":\"search_term_string\"}}],\"inLanguage\":\"es\"},{\"@type\":\"Person\",\"@id\":\"https:\\\/\\\/www.visitcentroamerica.com\\\/sala-prensa\\\/#\\\/schema\\\/person\\\/0aa3bd0dbaabaead6089ee3dd0cd7ae5\",\"name\":\"Denis Alvarado\",\"image\":{\"@type\":\"ImageObject\",\"inLanguage\":\"es\",\"@id\":\"https:\\\/\\\/secure.gravatar.com\\\/avatar\\\/c31f0697f6edb7c68d5dedc2ccbd548d2a9f73aa293e81c6a1425229ec4c9135?s=96&d=mm&r=g\",\"url\":\"https:\\\/\\\/secure.gravatar.com\\\/avatar\\\/c31f0697f6edb7c68d5dedc2ccbd548d2a9f73aa293e81c6a1425229ec4c9135?s=96&d=mm&r=g\",\"contentUrl\":\"https:\\\/\\\/secure.gravatar.com\\\/avatar\\\/c31f0697f6edb7c68d5dedc2ccbd548d2a9f73aa293e81c6a1425229ec4c9135?s=96&d=mm&r=g\",\"caption\":\"Denis Alvarado\"},\"url\":\"https:\\\/\\\/www.visitcentroamerica.com\\\/sala-prensa\\\/author\\\/denis\\\/\"}]}<\/script>\n<!-- \/ Yoast SEO plugin. -->","yoast_head_json":{"title":"Cultura, aventura y sostenibilidad alrededor del caf\u00e9 de especialidad paname\u00f1o - Sala de prensa","robots":{"index":"index","follow":"follow","max-snippet":"max-snippet:-1","max-image-preview":"max-image-preview:large","max-video-preview":"max-video-preview:-1"},"canonical":"https:\/\/www.visitcentroamerica.com\/sala-prensa\/actualidad\/cultura-aventura-y-sostenibilidad-alrededor-del-cafe-de-especialidad-panameno\/","og_locale":"es_ES","og_type":"article","og_title":"Cultura, aventura y sostenibilidad alrededor del caf\u00e9 de especialidad paname\u00f1o - Sala de prensa","og_description":"PROMTUR Panam\u00e1 contin\u00faa posicionando al pa\u00eds como destino tur\u00edstico, bajo el marco de lacampa\u00f1a \u201cDescubierta por Naturaleza,\u201d esta vez protagonizada por una activaci\u00f3n de relaciones p\u00fablicas internacionales aprovechando la temporada de cosecha de caf\u00e9. Vivir la experiencia de la \u00e9poca de la cosecha del caf\u00e9 en el distrito de Tierras Altas, provincia de Chiriqu\u00ed, y [&hellip;]","og_url":"https:\/\/www.visitcentroamerica.com\/sala-prensa\/actualidad\/cultura-aventura-y-sostenibilidad-alrededor-del-cafe-de-especialidad-panameno\/","og_site_name":"Sala de prensa","article_published_time":"2021-04-09T16:30:13+00:00","og_image":[{"width":1024,"height":681,"url":"https:\/\/www.visitcentroamerica.com\/sala-prensa\/wp-content\/uploads\/2021\/04\/Coffee-Beans_Finca-Lereida-Coffee-Estate_Promtur1.jpg","type":"image\/jpeg"}],"author":"Denis Alvarado","twitter_card":"summary_large_image","twitter_misc":{"Escrito por":"Denis Alvarado","Tiempo de lectura":"5 minutos"},"schema":{"@context":"https:\/\/schema.org","@graph":[{"@type":"Article","@id":"https:\/\/www.visitcentroamerica.com\/sala-prensa\/actualidad\/cultura-aventura-y-sostenibilidad-alrededor-del-cafe-de-especialidad-panameno\/#article","isPartOf":{"@id":"https:\/\/www.visitcentroamerica.com\/sala-prensa\/actualidad\/cultura-aventura-y-sostenibilidad-alrededor-del-cafe-de-especialidad-panameno\/"},"author":{"name":"Denis Alvarado","@id":"https:\/\/www.visitcentroamerica.com\/sala-prensa\/#\/schema\/person\/0aa3bd0dbaabaead6089ee3dd0cd7ae5"},"headline":"Cultura, aventura y sostenibilidad alrededor del caf\u00e9 de especialidad paname\u00f1o","datePublished":"2021-04-09T16:30:13+00:00","mainEntityOfPage":{"@id":"https:\/\/www.visitcentroamerica.com\/sala-prensa\/actualidad\/cultura-aventura-y-sostenibilidad-alrededor-del-cafe-de-especialidad-panameno\/"},"wordCount":923,"commentCount":0,"image":{"@id":"https:\/\/www.visitcentroamerica.com\/sala-prensa\/actualidad\/cultura-aventura-y-sostenibilidad-alrededor-del-cafe-de-especialidad-panameno\/#primaryimage"},"thumbnailUrl":"https:\/\/www.visitcentroamerica.com\/sala-prensa\/wp-content\/uploads\/2021\/04\/Coffee-Beans_Finca-Lereida-Coffee-Estate_Promtur1.jpg","articleSection":["Actualidad","Agroturismo","Panam\u00e1"],"inLanguage":"es","potentialAction":[{"@type":"CommentAction","name":"Comment","target":["https:\/\/www.visitcentroamerica.com\/sala-prensa\/actualidad\/cultura-aventura-y-sostenibilidad-alrededor-del-cafe-de-especialidad-panameno\/#respond"]}]},{"@type":"WebPage","@id":"https:\/\/www.visitcentroamerica.com\/sala-prensa\/actualidad\/cultura-aventura-y-sostenibilidad-alrededor-del-cafe-de-especialidad-panameno\/","url":"https:\/\/www.visitcentroamerica.com\/sala-prensa\/actualidad\/cultura-aventura-y-sostenibilidad-alrededor-del-cafe-de-especialidad-panameno\/","name":"Cultura, aventura y sostenibilidad alrededor del caf\u00e9 de especialidad paname\u00f1o - Sala de prensa","isPartOf":{"@id":"https:\/\/www.visitcentroamerica.com\/sala-prensa\/#website"},"primaryImageOfPage":{"@id":"https:\/\/www.visitcentroamerica.com\/sala-prensa\/actualidad\/cultura-aventura-y-sostenibilidad-alrededor-del-cafe-de-especialidad-panameno\/#primaryimage"},"image":{"@id":"https:\/\/www.visitcentroamerica.com\/sala-prensa\/actualidad\/cultura-aventura-y-sostenibilidad-alrededor-del-cafe-de-especialidad-panameno\/#primaryimage"},"thumbnailUrl":"https:\/\/www.visitcentroamerica.com\/sala-prensa\/wp-content\/uploads\/2021\/04\/Coffee-Beans_Finca-Lereida-Coffee-Estate_Promtur1.jpg","datePublished":"2021-04-09T16:30:13+00:00","author":{"@id":"https:\/\/www.visitcentroamerica.com\/sala-prensa\/#\/schema\/person\/0aa3bd0dbaabaead6089ee3dd0cd7ae5"},"breadcrumb":{"@id":"https:\/\/www.visitcentroamerica.com\/sala-prensa\/actualidad\/cultura-aventura-y-sostenibilidad-alrededor-del-cafe-de-especialidad-panameno\/#breadcrumb"},"inLanguage":"es","potentialAction":[{"@type":"ReadAction","target":["https:\/\/www.visitcentroamerica.com\/sala-prensa\/actualidad\/cultura-aventura-y-sostenibilidad-alrededor-del-cafe-de-especialidad-panameno\/"]}]},{"@type":"ImageObject","inLanguage":"es","@id":"https:\/\/www.visitcentroamerica.com\/sala-prensa\/actualidad\/cultura-aventura-y-sostenibilidad-alrededor-del-cafe-de-especialidad-panameno\/#primaryimage","url":"https:\/\/www.visitcentroamerica.com\/sala-prensa\/wp-content\/uploads\/2021\/04\/Coffee-Beans_Finca-Lereida-Coffee-Estate_Promtur1.jpg","contentUrl":"https:\/\/www.visitcentroamerica.com\/sala-prensa\/wp-content\/uploads\/2021\/04\/Coffee-Beans_Finca-Lereida-Coffee-Estate_Promtur1.jpg","width":1024,"height":681},{"@type":"BreadcrumbList","@id":"https:\/\/www.visitcentroamerica.com\/sala-prensa\/actualidad\/cultura-aventura-y-sostenibilidad-alrededor-del-cafe-de-especialidad-panameno\/#breadcrumb","itemListElement":[{"@type":"ListItem","position":1,"name":"Portada","item":"https:\/\/www.visitcentroamerica.com\/sala-prensa\/"},{"@type":"ListItem","position":2,"name":"Cultura, aventura y sostenibilidad alrededor del caf\u00e9 de especialidad paname\u00f1o"}]},{"@type":"WebSite","@id":"https:\/\/www.visitcentroamerica.com\/sala-prensa\/#website","url":"https:\/\/www.visitcentroamerica.com\/sala-prensa\/","name":"Sala de prensa","description":"","potentialAction":[{"@type":"SearchAction","target":{"@type":"EntryPoint","urlTemplate":"https:\/\/www.visitcentroamerica.com\/sala-prensa\/?s={search_term_string}"},"query-input":{"@type":"PropertyValueSpecification","valueRequired":true,"valueName":"search_term_string"}}],"inLanguage":"es"},{"@type":"Person","@id":"https:\/\/www.visitcentroamerica.com\/sala-prensa\/#\/schema\/person\/0aa3bd0dbaabaead6089ee3dd0cd7ae5","name":"Denis Alvarado","image":{"@type":"ImageObject","inLanguage":"es","@id":"https:\/\/secure.gravatar.com\/avatar\/c31f0697f6edb7c68d5dedc2ccbd548d2a9f73aa293e81c6a1425229ec4c9135?s=96&d=mm&r=g","url":"https:\/\/secure.gravatar.com\/avatar\/c31f0697f6edb7c68d5dedc2ccbd548d2a9f73aa293e81c6a1425229ec4c9135?s=96&d=mm&r=g","contentUrl":"https:\/\/secure.gravatar.com\/avatar\/c31f0697f6edb7c68d5dedc2ccbd548d2a9f73aa293e81c6a1425229ec4c9135?s=96&d=mm&r=g","caption":"Denis Alvarado"},"url":"https:\/\/www.visitcentroamerica.com\/sala-prensa\/author\/denis\/"}]}},"_links":{"self":[{"href":"https:\/\/www.visitcentroamerica.com\/sala-prensa\/wp-json\/wp\/v2\/posts\/11974","targetHints":{"allow":["GET"]}}],"collection":[{"href":"https:\/\/www.visitcentroamerica.com\/sala-prensa\/wp-json\/wp\/v2\/posts"}],"about":[{"href":"https:\/\/www.visitcentroamerica.com\/sala-prensa\/wp-json\/wp\/v2\/types\/post"}],"author":[{"embeddable":true,"href":"https:\/\/www.visitcentroamerica.com\/sala-prensa\/wp-json\/wp\/v2\/users\/5"}],"replies":[{"embeddable":true,"href":"https:\/\/www.visitcentroamerica.com\/sala-prensa\/wp-json\/wp\/v2\/comments?post=11974"}],"version-history":[{"count":10,"href":"https:\/\/www.visitcentroamerica.com\/sala-prensa\/wp-json\/wp\/v2\/posts\/11974\/revisions"}],"predecessor-version":[{"id":11990,"href":"https:\/\/www.visitcentroamerica.com\/sala-prensa\/wp-json\/wp\/v2\/posts\/11974\/revisions\/11990"}],"wp:featuredmedia":[{"embeddable":true,"href":"https:\/\/www.visitcentroamerica.com\/sala-prensa\/wp-json\/wp\/v2\/media\/11975"}],"wp:attachment":[{"href":"https:\/\/www.visitcentroamerica.com\/sala-prensa\/wp-json\/wp\/v2\/media?parent=11974"}],"wp:term":[{"taxonomy":"category","embeddable":true,"href":"https:\/\/www.visitcentroamerica.com\/sala-prensa\/wp-json\/wp\/v2\/categories?post=11974"},{"taxonomy":"post_tag","embeddable":true,"href":"https:\/\/www.visitcentroamerica.com\/sala-prensa\/wp-json\/wp\/v2\/tags?post=11974"}],"curies":[{"name":"wp","href":"https:\/\/api.w.org\/{rel}","templated":true}]}}