{"id":11965,"date":"2021-04-09T15:53:19","date_gmt":"2021-04-09T15:53:19","guid":{"rendered":"https:\/\/www.visitcentroamerica.com\/sala-prensa\/?p=11965"},"modified":"2021-04-09T15:55:20","modified_gmt":"2021-04-09T15:55:20","slug":"ha-comenzado-la-vacunacion-del-sector-turistico-2","status":"publish","type":"post","link":"https:\/\/www.visitcentroamerica.com\/sala-prensa\/actualidad\/panama\/ha-comenzado-la-vacunacion-del-sector-turistico-2\/","title":{"rendered":"Panam\u00e1 celebra el final de la cosecha cafetera y aprovecha las experiencias tur\u00edsticas de las Tierras Altas"},"content":{"rendered":"\n<p><\/p>\n\n\n<p>Con el mes de marzo a punto de terminar, Panam\u00e1 celebra el final de su emblem\u00e1tica temporada de cosecha de caf\u00e9 y las experiencias tur\u00edsticas de la regi\u00f3n de las Tierras Altas de Chiriqu\u00ed. Conocida por la producci\u00f3n del famoso caf\u00e9 Geisha, el m\u00e1s valioso del mundo, que es cosechado por las comunidades ind\u00edgenas Ng\u00e4be y Bugl\u00e9, las Tierras Altas de Chiriqu\u00ed cuentan con un suelo volc\u00e1nico muy f\u00e9rtil que hace que la zona sea perfecta para la agricultura y la exploraci\u00f3n de la naturaleza.<\/p>\n<figure class=\"wp-block-image is-resized size-large\"><img loading=\"lazy\" decoding=\"async\" class=\"wp-image-16257 td-animation-stack-type0-2\" src=\"https:\/\/drifttravel.com\/wp-content\/uploads\/2021\/04\/Coffee-Beans_Finca-Lereida-Coffee-Estate_Promtur.jpg\" alt=\"\" width=\"721\" height=\"480\" \/><\/figure>\n<p>Celebrando la temporada del caf\u00e9 de especialidad, que comienza en septiembre y termina en marzo, \u201cLa Cosecha\u201d, un evento exclusivo de tres d\u00edas dedicado a celebrar la temporada, invita a los aficionados al caf\u00e9 a conocer el extenso proceso cual resulta en la creaci\u00f3n de algunos de los mejores caf\u00e9s del mundo. En su cuarta edici\u00f3n, celebrada del 8 al 11 de abril de este a\u00f1o, el evento ofrece experiencias lujosas e \u00edntimas, desde recorridos individuales con los principales recolectores de caf\u00e9 de la regi\u00f3n, un ritual especial del caf\u00e9, inmersiones culturales con la comunidad ind\u00edgena Ng\u00e4be, hasta una degustaci\u00f3n de caf\u00e9 disfrutando del amanecer en la cima del famoso Volc\u00e1n Bar\u00fa.<\/p>\n<figure class=\"wp-block-image is-resized size-large\"><img loading=\"lazy\" decoding=\"async\" class=\"wp-image-16258 td-animation-stack-type0-2\" src=\"https:\/\/drifttravel.com\/wp-content\/uploads\/2021\/04\/Finca-Lereida-Coffee-Estate_Promtur.jpg\" alt=\"\" width=\"723\" height=\"480\" \/><\/figure>\n<p>Aunque las ra\u00edces del caf\u00e9 son profundas en las Tierras Altas y en la provincia de Chiriqu\u00ed, eso no es todo lo que ofrece este destino monta\u00f1oso. La zona tambi\u00e9n es conocida como la tierra de las flores: un lugar para alpinistas, observadores de aves y viajeros apasionados por la cultura ind\u00edgena y las atracciones naturales. Los viajeros que deseen visitar la provincia pueden participar en numerosas experiencias de los tres patrimonios de Panam\u00e1: Verde (naturaleza), Azul (oc\u00e9anos) y Cultural.<\/p>\n<p>Los aventureros pueden ir de excursi\u00f3n al famoso Volc\u00e1n Bar\u00fa, que alcanza m\u00e1s de 3.000 metros sobre el nivel del mar, haci\u00e9ndolo el punto m\u00e1s alto de Panam\u00e1. Su cima es el \u00fanico lugar en el mundo donde se pueden observar los oc\u00e9anos Pac\u00edfico y Atl\u00e1ntico al mismo tiempo. Aqu\u00ed, los excursionistas pueden acampar por encima de las nubes para contemplar las estrellas y ver la cima al amanecer, o caminar de noche para llegar a tiempo de las incre\u00edbles vistas del amanecer.<\/p>\n<p>Los amantes de la cultura pueden optar por visitar a los Ng\u00e4be y Bugl\u00e9, dos de las siete comunidades ind\u00edgenas de Panam\u00e1, que se enorgullecen de compartir su cultura, cosmovisi\u00f3n y su historia con los visitantes, as\u00ed como los hermosos paisajes y las atracciones que rodean a su comunidad. Las comunidades Ng\u00e4be ofrecen experiencias que incluyen recorridos de cacao, caminatas por las cascadas, un d\u00eda en granjas org\u00e1nicas, artesan\u00edas y noches culturales en un entorno ecol\u00f3gicamente sostenible.<\/p>\n<p>Los amantes de la naturaleza disfrutar\u00e1n el recorrido para encontrar la Cascada Perdida, una preciosa caminata a trav\u00e9s de la densa selva tropical que conduce a tres hermosas cascadas en Boquete, Chiriqu\u00ed. Los visitantes tambi\u00e9n pueden participar en excursiones que ofrecen rafting por r\u00edos de agua blanca y tirolesas cruzando a trav\u00e9s de la selva tropical, con una vista \u00fanica de los paisajes naturales y la vida silvestre. Para los observadores de aves, un viaje a Panam\u00e1 no est\u00e1 completo sin visitar los impresionantes bosques nubosos y tropicales del Parque Internacional La Amistad, famoso por su biodiversidad, que cuenta con m\u00e1s de 600 especies de aves. Una de ellas es el Quetzal Resplandeciente, un ave llamativa que fue sagrada para los antiguos mayas y aztecas.<\/p>\n<p>Los viajeros pueden llegar a las Tierras Altas por carretera (un viaje de 7 horas desde Ciudad de Panam\u00e1) o tomar un vuelo nacional de menos de una hora a David, Chiriqu\u00ed, seguido de un viaje por carretera de 45 minutos. Visitar las Tierras Altas de Chiriqu\u00ed apoya el Plan Maestro de Turismo Sostenible de Panam\u00e1, recientemente reconocido por la UNESCO como ejemplo de innovaci\u00f3n y sostenibilidad, destacando las nuevas experiencias \u00fanicas de turismo en Panam\u00e1. El plan reactiva la estrategia de Turismo, Conservaci\u00f3n e Investigaci\u00f3n (TCI) de Panam\u00e1. La estrategia TCI actualizada se centra en tres \u00e1reas fundamentales: el Patrimonio Cultural (cultura multifac\u00e9tica), el Patrimonio Verde (extraordinaria biodiversidad) y el Patrimonio Azul (maravillas oce\u00e1nicas) de Panam\u00e1.<\/p>\n<p>Para aprender m\u00e1s sobre la regi\u00f3n de las tierras altas de Panam\u00e1 y la cultura del caf\u00e9, visite: <a href=\"http:\/\/discover.visitpanama.com\/coffee\">discover.visitpanama.com\/coffee<\/a>.<\/p>\n<p>Para aprender m\u00e1s sobre el patrimonio cultural, verde y azul de Panam\u00e1, as\u00ed como las experiencias que lo rodean, visite: <a href=\"https:\/\/visitpanama.com\/things-to-do\/nature\/\">https:\/\/visitpanama.com\/things-to-do\/<\/a>.<\/p>\n<p>Para obtener la informaci\u00f3n m\u00e1s reciente sobre los protocolos de salud y seguridad de Panam\u00e1 para los visitantes internacionales, visite:<\/p>\n<p><a href=\"https:\/\/www.visitpanama.com\/information\/travel-guidelines\">https:\/\/www.visitpanama.com\/information\/travel-guidelines<\/a>.<\/p>","protected":false},"excerpt":{"rendered":"<p>Con el mes de marzo a punto de terminar, Panam\u00e1 celebra el final de su emblem\u00e1tica temporada de cosecha de caf\u00e9 y las experiencias tur\u00edsticas de la regi\u00f3n de las Tierras Altas de Chiriqu\u00ed. Conocida por la producci\u00f3n del famoso caf\u00e9 Geisha, el m\u00e1s valioso del mundo, que es cosechado por las comunidades ind\u00edgenas Ng\u00e4be [&hellip;]<\/p>\n","protected":false},"author":5,"featured_media":11969,"comment_status":"open","ping_status":"closed","sticky":false,"template":"","format":"standard","meta":{"footnotes":""},"categories":[7],"tags":[],"class_list":{"0":"post-11965","1":"post","2":"type-post","3":"status-publish","4":"format-standard","5":"has-post-thumbnail","7":"category-panama"},"yoast_head":"<!-- This site is optimized with the Yoast SEO plugin v27.3 - https:\/\/yoast.com\/product\/yoast-seo-wordpress\/ -->\n<title>Panam\u00e1 celebra el final de la cosecha cafetera y aprovecha las experiencias tur\u00edsticas de las Tierras Altas - Sala de prensa<\/title>\n<meta name=\"description\" content=\"La vacunaci\u00f3n del sector tur\u00edstico en Belice ya ha comenzado. Se est\u00e1n poniendo a disposici\u00f3n del sector tur\u00edstico miles de dosis.\" \/>\n<meta name=\"robots\" content=\"index, follow, max-snippet:-1, max-image-preview:large, max-video-preview:-1\" \/>\n<link rel=\"canonical\" href=\"https:\/\/www.visitcentroamerica.com\/sala-prensa\/actualidad\/panama\/ha-comenzado-la-vacunacion-del-sector-turistico-2\/\" \/>\n<meta property=\"og:locale\" content=\"es_ES\" \/>\n<meta property=\"og:type\" content=\"article\" \/>\n<meta property=\"og:title\" content=\"Panam\u00e1 celebra el final de la cosecha cafetera y aprovecha las experiencias tur\u00edsticas de las Tierras Altas - Sala de prensa\" \/>\n<meta property=\"og:description\" content=\"La vacunaci\u00f3n del sector tur\u00edstico en Belice ya ha comenzado. Se est\u00e1n poniendo a disposici\u00f3n del sector tur\u00edstico miles de dosis.\" \/>\n<meta property=\"og:url\" content=\"https:\/\/www.visitcentroamerica.com\/sala-prensa\/actualidad\/panama\/ha-comenzado-la-vacunacion-del-sector-turistico-2\/\" \/>\n<meta property=\"og:site_name\" content=\"Sala de prensa\" \/>\n<meta property=\"article:published_time\" content=\"2021-04-09T15:53:19+00:00\" \/>\n<meta property=\"article:modified_time\" content=\"2021-04-09T15:55:20+00:00\" \/>\n<meta property=\"og:image\" content=\"https:\/\/www.visitcentroamerica.com\/sala-prensa\/wp-content\/uploads\/2021\/04\/visit-centroamerica-panama.jpg\" \/>\n\t<meta property=\"og:image:width\" content=\"1021\" \/>\n\t<meta property=\"og:image:height\" content=\"580\" \/>\n\t<meta property=\"og:image:type\" content=\"image\/jpeg\" \/>\n<meta name=\"author\" content=\"Denis Alvarado\" \/>\n<meta name=\"twitter:card\" content=\"summary_large_image\" \/>\n<meta name=\"twitter:label1\" content=\"Escrito por\" \/>\n\t<meta name=\"twitter:data1\" content=\"Denis Alvarado\" \/>\n\t<meta name=\"twitter:label2\" content=\"Tiempo de lectura\" \/>\n\t<meta name=\"twitter:data2\" content=\"4 minutos\" \/>\n<script type=\"application\/ld+json\" class=\"yoast-schema-graph\">{\"@context\":\"https:\\\/\\\/schema.org\",\"@graph\":[{\"@type\":\"Article\",\"@id\":\"https:\\\/\\\/www.visitcentroamerica.com\\\/sala-prensa\\\/actualidad\\\/panama\\\/ha-comenzado-la-vacunacion-del-sector-turistico-2\\\/#article\",\"isPartOf\":{\"@id\":\"https:\\\/\\\/www.visitcentroamerica.com\\\/sala-prensa\\\/actualidad\\\/panama\\\/ha-comenzado-la-vacunacion-del-sector-turistico-2\\\/\"},\"author\":{\"name\":\"Denis Alvarado\",\"@id\":\"https:\\\/\\\/www.visitcentroamerica.com\\\/sala-prensa\\\/#\\\/schema\\\/person\\\/0aa3bd0dbaabaead6089ee3dd0cd7ae5\"},\"headline\":\"Panam\u00e1 celebra el final de la cosecha cafetera y aprovecha las experiencias tur\u00edsticas de las Tierras Altas\",\"datePublished\":\"2021-04-09T15:53:19+00:00\",\"dateModified\":\"2021-04-09T15:55:20+00:00\",\"mainEntityOfPage\":{\"@id\":\"https:\\\/\\\/www.visitcentroamerica.com\\\/sala-prensa\\\/actualidad\\\/panama\\\/ha-comenzado-la-vacunacion-del-sector-turistico-2\\\/\"},\"wordCount\":821,\"commentCount\":0,\"image\":{\"@id\":\"https:\\\/\\\/www.visitcentroamerica.com\\\/sala-prensa\\\/actualidad\\\/panama\\\/ha-comenzado-la-vacunacion-del-sector-turistico-2\\\/#primaryimage\"},\"thumbnailUrl\":\"https:\\\/\\\/www.visitcentroamerica.com\\\/sala-prensa\\\/wp-content\\\/uploads\\\/2021\\\/04\\\/visit-centroamerica-panama.jpg\",\"articleSection\":[\"Panam\u00e1\"],\"inLanguage\":\"es\",\"potentialAction\":[{\"@type\":\"CommentAction\",\"name\":\"Comment\",\"target\":[\"https:\\\/\\\/www.visitcentroamerica.com\\\/sala-prensa\\\/actualidad\\\/panama\\\/ha-comenzado-la-vacunacion-del-sector-turistico-2\\\/#respond\"]}]},{\"@type\":\"WebPage\",\"@id\":\"https:\\\/\\\/www.visitcentroamerica.com\\\/sala-prensa\\\/actualidad\\\/panama\\\/ha-comenzado-la-vacunacion-del-sector-turistico-2\\\/\",\"url\":\"https:\\\/\\\/www.visitcentroamerica.com\\\/sala-prensa\\\/actualidad\\\/panama\\\/ha-comenzado-la-vacunacion-del-sector-turistico-2\\\/\",\"name\":\"Panam\u00e1 celebra el final de la cosecha cafetera y aprovecha las experiencias tur\u00edsticas de las Tierras Altas - Sala de prensa\",\"isPartOf\":{\"@id\":\"https:\\\/\\\/www.visitcentroamerica.com\\\/sala-prensa\\\/#website\"},\"primaryImageOfPage\":{\"@id\":\"https:\\\/\\\/www.visitcentroamerica.com\\\/sala-prensa\\\/actualidad\\\/panama\\\/ha-comenzado-la-vacunacion-del-sector-turistico-2\\\/#primaryimage\"},\"image\":{\"@id\":\"https:\\\/\\\/www.visitcentroamerica.com\\\/sala-prensa\\\/actualidad\\\/panama\\\/ha-comenzado-la-vacunacion-del-sector-turistico-2\\\/#primaryimage\"},\"thumbnailUrl\":\"https:\\\/\\\/www.visitcentroamerica.com\\\/sala-prensa\\\/wp-content\\\/uploads\\\/2021\\\/04\\\/visit-centroamerica-panama.jpg\",\"datePublished\":\"2021-04-09T15:53:19+00:00\",\"dateModified\":\"2021-04-09T15:55:20+00:00\",\"author\":{\"@id\":\"https:\\\/\\\/www.visitcentroamerica.com\\\/sala-prensa\\\/#\\\/schema\\\/person\\\/0aa3bd0dbaabaead6089ee3dd0cd7ae5\"},\"description\":\"La vacunaci\u00f3n del sector tur\u00edstico en Belice ya ha comenzado. Se est\u00e1n poniendo a disposici\u00f3n del sector tur\u00edstico miles de dosis.\",\"breadcrumb\":{\"@id\":\"https:\\\/\\\/www.visitcentroamerica.com\\\/sala-prensa\\\/actualidad\\\/panama\\\/ha-comenzado-la-vacunacion-del-sector-turistico-2\\\/#breadcrumb\"},\"inLanguage\":\"es\",\"potentialAction\":[{\"@type\":\"ReadAction\",\"target\":[\"https:\\\/\\\/www.visitcentroamerica.com\\\/sala-prensa\\\/actualidad\\\/panama\\\/ha-comenzado-la-vacunacion-del-sector-turistico-2\\\/\"]}]},{\"@type\":\"ImageObject\",\"inLanguage\":\"es\",\"@id\":\"https:\\\/\\\/www.visitcentroamerica.com\\\/sala-prensa\\\/actualidad\\\/panama\\\/ha-comenzado-la-vacunacion-del-sector-turistico-2\\\/#primaryimage\",\"url\":\"https:\\\/\\\/www.visitcentroamerica.com\\\/sala-prensa\\\/wp-content\\\/uploads\\\/2021\\\/04\\\/visit-centroamerica-panama.jpg\",\"contentUrl\":\"https:\\\/\\\/www.visitcentroamerica.com\\\/sala-prensa\\\/wp-content\\\/uploads\\\/2021\\\/04\\\/visit-centroamerica-panama.jpg\",\"width\":1021,\"height\":511,\"caption\":\"Panam\u00e1\"},{\"@type\":\"BreadcrumbList\",\"@id\":\"https:\\\/\\\/www.visitcentroamerica.com\\\/sala-prensa\\\/actualidad\\\/panama\\\/ha-comenzado-la-vacunacion-del-sector-turistico-2\\\/#breadcrumb\",\"itemListElement\":[{\"@type\":\"ListItem\",\"position\":1,\"name\":\"Portada\",\"item\":\"https:\\\/\\\/www.visitcentroamerica.com\\\/sala-prensa\\\/\"},{\"@type\":\"ListItem\",\"position\":2,\"name\":\"Panam\u00e1 celebra el final de la cosecha cafetera y aprovecha las experiencias tur\u00edsticas de las Tierras Altas\"}]},{\"@type\":\"WebSite\",\"@id\":\"https:\\\/\\\/www.visitcentroamerica.com\\\/sala-prensa\\\/#website\",\"url\":\"https:\\\/\\\/www.visitcentroamerica.com\\\/sala-prensa\\\/\",\"name\":\"Sala de prensa\",\"description\":\"\",\"potentialAction\":[{\"@type\":\"SearchAction\",\"target\":{\"@type\":\"EntryPoint\",\"urlTemplate\":\"https:\\\/\\\/www.visitcentroamerica.com\\\/sala-prensa\\\/?s={search_term_string}\"},\"query-input\":{\"@type\":\"PropertyValueSpecification\",\"valueRequired\":true,\"valueName\":\"search_term_string\"}}],\"inLanguage\":\"es\"},{\"@type\":\"Person\",\"@id\":\"https:\\\/\\\/www.visitcentroamerica.com\\\/sala-prensa\\\/#\\\/schema\\\/person\\\/0aa3bd0dbaabaead6089ee3dd0cd7ae5\",\"name\":\"Denis Alvarado\",\"image\":{\"@type\":\"ImageObject\",\"inLanguage\":\"es\",\"@id\":\"https:\\\/\\\/secure.gravatar.com\\\/avatar\\\/c31f0697f6edb7c68d5dedc2ccbd548d2a9f73aa293e81c6a1425229ec4c9135?s=96&d=mm&r=g\",\"url\":\"https:\\\/\\\/secure.gravatar.com\\\/avatar\\\/c31f0697f6edb7c68d5dedc2ccbd548d2a9f73aa293e81c6a1425229ec4c9135?s=96&d=mm&r=g\",\"contentUrl\":\"https:\\\/\\\/secure.gravatar.com\\\/avatar\\\/c31f0697f6edb7c68d5dedc2ccbd548d2a9f73aa293e81c6a1425229ec4c9135?s=96&d=mm&r=g\",\"caption\":\"Denis Alvarado\"},\"url\":\"https:\\\/\\\/www.visitcentroamerica.com\\\/sala-prensa\\\/author\\\/denis\\\/\"}]}<\/script>\n<!-- \/ Yoast SEO plugin. -->","yoast_head_json":{"title":"Panam\u00e1 celebra el final de la cosecha cafetera y aprovecha las experiencias tur\u00edsticas de las Tierras Altas - Sala de prensa","description":"La vacunaci\u00f3n del sector tur\u00edstico en Belice ya ha comenzado. Se est\u00e1n poniendo a disposici\u00f3n del sector tur\u00edstico miles de dosis.","robots":{"index":"index","follow":"follow","max-snippet":"max-snippet:-1","max-image-preview":"max-image-preview:large","max-video-preview":"max-video-preview:-1"},"canonical":"https:\/\/www.visitcentroamerica.com\/sala-prensa\/actualidad\/panama\/ha-comenzado-la-vacunacion-del-sector-turistico-2\/","og_locale":"es_ES","og_type":"article","og_title":"Panam\u00e1 celebra el final de la cosecha cafetera y aprovecha las experiencias tur\u00edsticas de las Tierras Altas - Sala de prensa","og_description":"La vacunaci\u00f3n del sector tur\u00edstico en Belice ya ha comenzado. Se est\u00e1n poniendo a disposici\u00f3n del sector tur\u00edstico miles de dosis.","og_url":"https:\/\/www.visitcentroamerica.com\/sala-prensa\/actualidad\/panama\/ha-comenzado-la-vacunacion-del-sector-turistico-2\/","og_site_name":"Sala de prensa","article_published_time":"2021-04-09T15:53:19+00:00","article_modified_time":"2021-04-09T15:55:20+00:00","og_image":[{"width":1021,"height":580,"url":"https:\/\/www.visitcentroamerica.com\/sala-prensa\/wp-content\/uploads\/2021\/04\/visit-centroamerica-panama.jpg","type":"image\/jpeg"}],"author":"Denis Alvarado","twitter_card":"summary_large_image","twitter_misc":{"Escrito por":"Denis Alvarado","Tiempo de lectura":"4 minutos"},"schema":{"@context":"https:\/\/schema.org","@graph":[{"@type":"Article","@id":"https:\/\/www.visitcentroamerica.com\/sala-prensa\/actualidad\/panama\/ha-comenzado-la-vacunacion-del-sector-turistico-2\/#article","isPartOf":{"@id":"https:\/\/www.visitcentroamerica.com\/sala-prensa\/actualidad\/panama\/ha-comenzado-la-vacunacion-del-sector-turistico-2\/"},"author":{"name":"Denis Alvarado","@id":"https:\/\/www.visitcentroamerica.com\/sala-prensa\/#\/schema\/person\/0aa3bd0dbaabaead6089ee3dd0cd7ae5"},"headline":"Panam\u00e1 celebra el final de la cosecha cafetera y aprovecha las experiencias tur\u00edsticas de las Tierras Altas","datePublished":"2021-04-09T15:53:19+00:00","dateModified":"2021-04-09T15:55:20+00:00","mainEntityOfPage":{"@id":"https:\/\/www.visitcentroamerica.com\/sala-prensa\/actualidad\/panama\/ha-comenzado-la-vacunacion-del-sector-turistico-2\/"},"wordCount":821,"commentCount":0,"image":{"@id":"https:\/\/www.visitcentroamerica.com\/sala-prensa\/actualidad\/panama\/ha-comenzado-la-vacunacion-del-sector-turistico-2\/#primaryimage"},"thumbnailUrl":"https:\/\/www.visitcentroamerica.com\/sala-prensa\/wp-content\/uploads\/2021\/04\/visit-centroamerica-panama.jpg","articleSection":["Panam\u00e1"],"inLanguage":"es","potentialAction":[{"@type":"CommentAction","name":"Comment","target":["https:\/\/www.visitcentroamerica.com\/sala-prensa\/actualidad\/panama\/ha-comenzado-la-vacunacion-del-sector-turistico-2\/#respond"]}]},{"@type":"WebPage","@id":"https:\/\/www.visitcentroamerica.com\/sala-prensa\/actualidad\/panama\/ha-comenzado-la-vacunacion-del-sector-turistico-2\/","url":"https:\/\/www.visitcentroamerica.com\/sala-prensa\/actualidad\/panama\/ha-comenzado-la-vacunacion-del-sector-turistico-2\/","name":"Panam\u00e1 celebra el final de la cosecha cafetera y aprovecha las experiencias tur\u00edsticas de las Tierras Altas - Sala de prensa","isPartOf":{"@id":"https:\/\/www.visitcentroamerica.com\/sala-prensa\/#website"},"primaryImageOfPage":{"@id":"https:\/\/www.visitcentroamerica.com\/sala-prensa\/actualidad\/panama\/ha-comenzado-la-vacunacion-del-sector-turistico-2\/#primaryimage"},"image":{"@id":"https:\/\/www.visitcentroamerica.com\/sala-prensa\/actualidad\/panama\/ha-comenzado-la-vacunacion-del-sector-turistico-2\/#primaryimage"},"thumbnailUrl":"https:\/\/www.visitcentroamerica.com\/sala-prensa\/wp-content\/uploads\/2021\/04\/visit-centroamerica-panama.jpg","datePublished":"2021-04-09T15:53:19+00:00","dateModified":"2021-04-09T15:55:20+00:00","author":{"@id":"https:\/\/www.visitcentroamerica.com\/sala-prensa\/#\/schema\/person\/0aa3bd0dbaabaead6089ee3dd0cd7ae5"},"description":"La vacunaci\u00f3n del sector tur\u00edstico en Belice ya ha comenzado. Se est\u00e1n poniendo a disposici\u00f3n del sector tur\u00edstico miles de dosis.","breadcrumb":{"@id":"https:\/\/www.visitcentroamerica.com\/sala-prensa\/actualidad\/panama\/ha-comenzado-la-vacunacion-del-sector-turistico-2\/#breadcrumb"},"inLanguage":"es","potentialAction":[{"@type":"ReadAction","target":["https:\/\/www.visitcentroamerica.com\/sala-prensa\/actualidad\/panama\/ha-comenzado-la-vacunacion-del-sector-turistico-2\/"]}]},{"@type":"ImageObject","inLanguage":"es","@id":"https:\/\/www.visitcentroamerica.com\/sala-prensa\/actualidad\/panama\/ha-comenzado-la-vacunacion-del-sector-turistico-2\/#primaryimage","url":"https:\/\/www.visitcentroamerica.com\/sala-prensa\/wp-content\/uploads\/2021\/04\/visit-centroamerica-panama.jpg","contentUrl":"https:\/\/www.visitcentroamerica.com\/sala-prensa\/wp-content\/uploads\/2021\/04\/visit-centroamerica-panama.jpg","width":1021,"height":511,"caption":"Panam\u00e1"},{"@type":"BreadcrumbList","@id":"https:\/\/www.visitcentroamerica.com\/sala-prensa\/actualidad\/panama\/ha-comenzado-la-vacunacion-del-sector-turistico-2\/#breadcrumb","itemListElement":[{"@type":"ListItem","position":1,"name":"Portada","item":"https:\/\/www.visitcentroamerica.com\/sala-prensa\/"},{"@type":"ListItem","position":2,"name":"Panam\u00e1 celebra el final de la cosecha cafetera y aprovecha las experiencias tur\u00edsticas de las Tierras Altas"}]},{"@type":"WebSite","@id":"https:\/\/www.visitcentroamerica.com\/sala-prensa\/#website","url":"https:\/\/www.visitcentroamerica.com\/sala-prensa\/","name":"Sala de prensa","description":"","potentialAction":[{"@type":"SearchAction","target":{"@type":"EntryPoint","urlTemplate":"https:\/\/www.visitcentroamerica.com\/sala-prensa\/?s={search_term_string}"},"query-input":{"@type":"PropertyValueSpecification","valueRequired":true,"valueName":"search_term_string"}}],"inLanguage":"es"},{"@type":"Person","@id":"https:\/\/www.visitcentroamerica.com\/sala-prensa\/#\/schema\/person\/0aa3bd0dbaabaead6089ee3dd0cd7ae5","name":"Denis Alvarado","image":{"@type":"ImageObject","inLanguage":"es","@id":"https:\/\/secure.gravatar.com\/avatar\/c31f0697f6edb7c68d5dedc2ccbd548d2a9f73aa293e81c6a1425229ec4c9135?s=96&d=mm&r=g","url":"https:\/\/secure.gravatar.com\/avatar\/c31f0697f6edb7c68d5dedc2ccbd548d2a9f73aa293e81c6a1425229ec4c9135?s=96&d=mm&r=g","contentUrl":"https:\/\/secure.gravatar.com\/avatar\/c31f0697f6edb7c68d5dedc2ccbd548d2a9f73aa293e81c6a1425229ec4c9135?s=96&d=mm&r=g","caption":"Denis Alvarado"},"url":"https:\/\/www.visitcentroamerica.com\/sala-prensa\/author\/denis\/"}]}},"_links":{"self":[{"href":"https:\/\/www.visitcentroamerica.com\/sala-prensa\/wp-json\/wp\/v2\/posts\/11965","targetHints":{"allow":["GET"]}}],"collection":[{"href":"https:\/\/www.visitcentroamerica.com\/sala-prensa\/wp-json\/wp\/v2\/posts"}],"about":[{"href":"https:\/\/www.visitcentroamerica.com\/sala-prensa\/wp-json\/wp\/v2\/types\/post"}],"author":[{"embeddable":true,"href":"https:\/\/www.visitcentroamerica.com\/sala-prensa\/wp-json\/wp\/v2\/users\/5"}],"replies":[{"embeddable":true,"href":"https:\/\/www.visitcentroamerica.com\/sala-prensa\/wp-json\/wp\/v2\/comments?post=11965"}],"version-history":[{"count":3,"href":"https:\/\/www.visitcentroamerica.com\/sala-prensa\/wp-json\/wp\/v2\/posts\/11965\/revisions"}],"predecessor-version":[{"id":11973,"href":"https:\/\/www.visitcentroamerica.com\/sala-prensa\/wp-json\/wp\/v2\/posts\/11965\/revisions\/11973"}],"wp:featuredmedia":[{"embeddable":true,"href":"https:\/\/www.visitcentroamerica.com\/sala-prensa\/wp-json\/wp\/v2\/media\/11969"}],"wp:attachment":[{"href":"https:\/\/www.visitcentroamerica.com\/sala-prensa\/wp-json\/wp\/v2\/media?parent=11965"}],"wp:term":[{"taxonomy":"category","embeddable":true,"href":"https:\/\/www.visitcentroamerica.com\/sala-prensa\/wp-json\/wp\/v2\/categories?post=11965"},{"taxonomy":"post_tag","embeddable":true,"href":"https:\/\/www.visitcentroamerica.com\/sala-prensa\/wp-json\/wp\/v2\/tags?post=11965"}],"curies":[{"name":"wp","href":"https:\/\/api.w.org\/{rel}","templated":true}]}}