{"id":11875,"date":"2021-03-22T12:30:57","date_gmt":"2021-03-22T12:30:57","guid":{"rendered":"https:\/\/www.visitcentroamerica.com\/sala-prensa\/?p=11875"},"modified":"2021-03-22T12:35:25","modified_gmt":"2021-03-22T12:35:25","slug":"la-estacion-seca-para-viajar-a-centroamerica-para-que-es-ideal","status":"publish","type":"post","link":"https:\/\/www.visitcentroamerica.com\/sala-prensa\/viajar\/fiestas\/la-estacion-seca-para-viajar-a-centroamerica-para-que-es-ideal\/","title":{"rendered":"La estaci\u00f3n seca para viajar a Centroam\u00e9rica, \u00bfpara qu\u00e9 es ideal?"},"content":{"rendered":"<p><strong><img decoding=\"async\" class=\"alignnone size-full wp-image-11876\" src=\"https:\/\/www.visitcentroamerica.com\/sala-prensa\/wp-content\/uploads\/2021\/03\/estacion-viajar-centroamerica.jpg\" alt=\"Estaci\u00f3n seca - Centroam\u00e9rica\" width=\"100%\" height=\"auto\" srcset=\"https:\/\/www.visitcentroamerica.com\/sala-prensa\/wp-content\/uploads\/2021\/03\/estacion-viajar-centroamerica.jpg 1200w, https:\/\/www.visitcentroamerica.com\/sala-prensa\/wp-content\/uploads\/2021\/03\/estacion-viajar-centroamerica-300x150.jpg 300w, https:\/\/www.visitcentroamerica.com\/sala-prensa\/wp-content\/uploads\/2021\/03\/estacion-viajar-centroamerica-1024x512.jpg 1024w, https:\/\/www.visitcentroamerica.com\/sala-prensa\/wp-content\/uploads\/2021\/03\/estacion-viajar-centroamerica-768x384.jpg 768w, https:\/\/www.visitcentroamerica.com\/sala-prensa\/wp-content\/uploads\/2021\/03\/estacion-viajar-centroamerica-696x348.jpg 696w, https:\/\/www.visitcentroamerica.com\/sala-prensa\/wp-content\/uploads\/2021\/03\/estacion-viajar-centroamerica-1068x534.jpg 1068w, https:\/\/www.visitcentroamerica.com\/sala-prensa\/wp-content\/uploads\/2021\/03\/estacion-viajar-centroamerica-840x420.jpg 840w, https:\/\/www.visitcentroamerica.com\/sala-prensa\/wp-content\/uploads\/2021\/03\/estacion-viajar-centroamerica-500x250.jpg 500w\" sizes=\"(max-width: 1200px) 100vw, 1200px\" \/><\/strong><\/p>\n<p><strong>Viajar en invierno <\/strong>a <strong>Centroam\u00e9rica<\/strong> es una decisi\u00f3n tan acertada como hacerlo en verano. En esta regi\u00f3n las posibilidades son infinitas y se adaptan a cada momento. Debes saber, en cualquier caso, que aqu\u00ed las estaciones no las marca el cambio de temperaturas, sino la cantidad de lluvias. Por eso, existe una estaci\u00f3n seca (de noviembre a abril) y otra h\u00fameda. Aprovecha el encanto de la <strong>estaci\u00f3n seca y viaja a Centroam\u00e9rica<\/strong> pensando en este plan que propongo.<\/p>\n<h3>Viajar en invierno a Costa Rica<\/h3>\n<p>Inicia tu aventura en el <strong><a href=\"https:\/\/www.visitcentroamerica.com\/visitar\/puerto-viejo-talamanca-cahuita\/\" target=\"_blank\" rel=\"noopener\">Parque Nacional Cahuita<\/a>, situado en Costa Rica <\/strong>y que es el para\u00edso de los perezosos, que se dejan ver con m\u00e1s asiduidad en febrero y marzo. Es una oportunidad para ver\u00a0reptiles, mapaches cangrejeros o\u00a0monos congo.<\/p>\n<p>Es tambi\u00e9n el momento m\u00e1s propicio para visitar la zona caribe\u00f1a de <strong>Nicaragua<\/strong>, la m\u00e1s selv\u00e1tica del pa\u00eds y ausente de inundaciones en \u00e9poca seca. Te recomiendo que aproveches para fotografiar la desembocadura del <a href=\"https:\/\/www.visitcentroamerica.com\/visitar\/geoparque-rio-coco\/\" target=\"_blank\" rel=\"noopener\"><strong>R\u00edo Coco<\/strong><\/a>.<\/p>\n<h3>Belice, \u00faltima parada en este viaje por Centroam\u00e9rica<\/h3>\n<p>Finalizamos en Belice, que celebra en la temporada seca algunas de sus fiestas m\u00e1s emblem\u00e1ticas. Por ejemplo, la de la <strong>colonizaci\u00f3n gar\u00edfuna<\/strong> (en diciembre).<\/p>\n<p>Apuesta por la <strong>estaci\u00f3n seca y viaja a Centroam\u00e9rica <\/strong>para descubrir la autenticidad de estos pa\u00edses. <a href=\"http:\/\/www.visitcentroamerica.com\" target=\"_blank\" rel=\"noopener\"><strong>Explora nuestra web<\/strong><\/a> para conocer otros <a href=\"https:\/\/www.visitcentroamerica.com\/packages\/?_sft_person-package=costa-rica+nicaragua\" target=\"_blank\" rel=\"noopener\"><strong><em>tours <\/em><\/strong><strong>multidestino<\/strong><\/a> ideales para esta \u00e9poca.<\/p>\n<p>Experiencias:<\/p>\n<p>&#8211;<a href=\"https:\/\/www.visitcentroamerica.com\/experiencias\/patrimonio-la-humanidad\/\" target=\"_blank\" rel=\"noopener\">Patrimonio de la Humanidad<\/a><br \/>\n&#8211;<a href=\"https:\/\/www.visitcentroamerica.com\/experiencias\/fiestas\/\" target=\"_blank\" rel=\"noopener\">Fiestas<\/a><\/p>\n","protected":false},"excerpt":{"rendered":"<p>Viajar en invierno a Centroam\u00e9rica es una decisi\u00f3n tan acertada como hacerlo en verano. En esta regi\u00f3n las posibilidades son infinitas y se adaptan a cada momento. Debes saber, en cualquier caso, que aqu\u00ed las estaciones no las marca el cambio de temperaturas, sino la cantidad de lluvias. Por eso, existe una estaci\u00f3n seca (de [&hellip;]<\/p>\n","protected":false},"author":5,"featured_media":11876,"comment_status":"open","ping_status":"closed","sticky":false,"template":"","format":"standard","meta":{"footnotes":""},"categories":[38,33],"tags":[],"class_list":{"0":"post-11875","1":"post","2":"type-post","3":"status-publish","4":"format-standard","5":"has-post-thumbnail","7":"category-fiestas","8":"category-patrimonio-de-la-humanidad"},"yoast_head":"<!-- This site is optimized with the Yoast SEO plugin v27.3 - https:\/\/yoast.com\/product\/yoast-seo-wordpress\/ -->\n<title>Aprovecha las bondades de la estaci\u00f3n seca y viaja a Centroam\u00e9rica<\/title>\n<meta name=\"description\" content=\"Apuesta por la estaci\u00f3n seca y viaja a Centroam\u00e9rica en esta \u00e9poca, de noviembre a abril, para conocer estos lugares de Nicaragua, Costa Rica y BeliceMeta keywords: estaci\u00f3n seca viaja Centroam\u00e9rica\" \/>\n<meta name=\"robots\" content=\"index, follow, max-snippet:-1, max-image-preview:large, max-video-preview:-1\" \/>\n<link rel=\"canonical\" href=\"https:\/\/www.visitcentroamerica.com\/sala-prensa\/viajar\/fiestas\/la-estacion-seca-para-viajar-a-centroamerica-para-que-es-ideal\/\" \/>\n<meta property=\"og:locale\" content=\"es_ES\" \/>\n<meta property=\"og:type\" content=\"article\" \/>\n<meta property=\"og:title\" content=\"Aprovecha las bondades de la estaci\u00f3n seca y viaja a Centroam\u00e9rica\" \/>\n<meta property=\"og:description\" content=\"Apuesta por la estaci\u00f3n seca y viaja a Centroam\u00e9rica en esta \u00e9poca, de noviembre a abril, para conocer estos lugares de Nicaragua, Costa Rica y BeliceMeta keywords: estaci\u00f3n seca viaja Centroam\u00e9rica\" \/>\n<meta property=\"og:url\" content=\"https:\/\/www.visitcentroamerica.com\/sala-prensa\/viajar\/fiestas\/la-estacion-seca-para-viajar-a-centroamerica-para-que-es-ideal\/\" \/>\n<meta property=\"og:site_name\" content=\"Sala de prensa\" \/>\n<meta property=\"article:published_time\" content=\"2021-03-22T12:30:57+00:00\" \/>\n<meta property=\"article:modified_time\" content=\"2021-03-22T12:35:25+00:00\" \/>\n<meta property=\"og:image\" content=\"https:\/\/www.visitcentroamerica.com\/sala-prensa\/wp-content\/uploads\/2021\/03\/estacion-viajar-centroamerica.jpg\" \/>\n\t<meta property=\"og:image:width\" content=\"1200\" \/>\n\t<meta property=\"og:image:height\" content=\"600\" \/>\n\t<meta property=\"og:image:type\" content=\"image\/jpeg\" \/>\n<meta name=\"author\" content=\"Denis Alvarado\" \/>\n<meta name=\"twitter:card\" content=\"summary_large_image\" \/>\n<meta name=\"twitter:label1\" content=\"Escrito por\" \/>\n\t<meta name=\"twitter:data1\" content=\"Denis Alvarado\" \/>\n\t<meta name=\"twitter:label2\" content=\"Tiempo de lectura\" \/>\n\t<meta name=\"twitter:data2\" content=\"1 minuto\" \/>\n<script type=\"application\/ld+json\" class=\"yoast-schema-graph\">{\"@context\":\"https:\\\/\\\/schema.org\",\"@graph\":[{\"@type\":\"Article\",\"@id\":\"https:\\\/\\\/www.visitcentroamerica.com\\\/sala-prensa\\\/viajar\\\/fiestas\\\/la-estacion-seca-para-viajar-a-centroamerica-para-que-es-ideal\\\/#article\",\"isPartOf\":{\"@id\":\"https:\\\/\\\/www.visitcentroamerica.com\\\/sala-prensa\\\/viajar\\\/fiestas\\\/la-estacion-seca-para-viajar-a-centroamerica-para-que-es-ideal\\\/\"},\"author\":{\"name\":\"Denis Alvarado\",\"@id\":\"https:\\\/\\\/www.visitcentroamerica.com\\\/sala-prensa\\\/#\\\/schema\\\/person\\\/0aa3bd0dbaabaead6089ee3dd0cd7ae5\"},\"headline\":\"La estaci\u00f3n seca para viajar a Centroam\u00e9rica, \u00bfpara qu\u00e9 es ideal?\",\"datePublished\":\"2021-03-22T12:30:57+00:00\",\"dateModified\":\"2021-03-22T12:35:25+00:00\",\"mainEntityOfPage\":{\"@id\":\"https:\\\/\\\/www.visitcentroamerica.com\\\/sala-prensa\\\/viajar\\\/fiestas\\\/la-estacion-seca-para-viajar-a-centroamerica-para-que-es-ideal\\\/\"},\"wordCount\":265,\"commentCount\":0,\"image\":{\"@id\":\"https:\\\/\\\/www.visitcentroamerica.com\\\/sala-prensa\\\/viajar\\\/fiestas\\\/la-estacion-seca-para-viajar-a-centroamerica-para-que-es-ideal\\\/#primaryimage\"},\"thumbnailUrl\":\"https:\\\/\\\/www.visitcentroamerica.com\\\/sala-prensa\\\/wp-content\\\/uploads\\\/2021\\\/03\\\/estacion-viajar-centroamerica.jpg\",\"articleSection\":[\"Fiestas\",\"Patrimonio de la Humanidad\"],\"inLanguage\":\"es\",\"potentialAction\":[{\"@type\":\"CommentAction\",\"name\":\"Comment\",\"target\":[\"https:\\\/\\\/www.visitcentroamerica.com\\\/sala-prensa\\\/viajar\\\/fiestas\\\/la-estacion-seca-para-viajar-a-centroamerica-para-que-es-ideal\\\/#respond\"]}]},{\"@type\":\"WebPage\",\"@id\":\"https:\\\/\\\/www.visitcentroamerica.com\\\/sala-prensa\\\/viajar\\\/fiestas\\\/la-estacion-seca-para-viajar-a-centroamerica-para-que-es-ideal\\\/\",\"url\":\"https:\\\/\\\/www.visitcentroamerica.com\\\/sala-prensa\\\/viajar\\\/fiestas\\\/la-estacion-seca-para-viajar-a-centroamerica-para-que-es-ideal\\\/\",\"name\":\"Aprovecha las bondades de la estaci\u00f3n seca y viaja a Centroam\u00e9rica\",\"isPartOf\":{\"@id\":\"https:\\\/\\\/www.visitcentroamerica.com\\\/sala-prensa\\\/#website\"},\"primaryImageOfPage\":{\"@id\":\"https:\\\/\\\/www.visitcentroamerica.com\\\/sala-prensa\\\/viajar\\\/fiestas\\\/la-estacion-seca-para-viajar-a-centroamerica-para-que-es-ideal\\\/#primaryimage\"},\"image\":{\"@id\":\"https:\\\/\\\/www.visitcentroamerica.com\\\/sala-prensa\\\/viajar\\\/fiestas\\\/la-estacion-seca-para-viajar-a-centroamerica-para-que-es-ideal\\\/#primaryimage\"},\"thumbnailUrl\":\"https:\\\/\\\/www.visitcentroamerica.com\\\/sala-prensa\\\/wp-content\\\/uploads\\\/2021\\\/03\\\/estacion-viajar-centroamerica.jpg\",\"datePublished\":\"2021-03-22T12:30:57+00:00\",\"dateModified\":\"2021-03-22T12:35:25+00:00\",\"author\":{\"@id\":\"https:\\\/\\\/www.visitcentroamerica.com\\\/sala-prensa\\\/#\\\/schema\\\/person\\\/0aa3bd0dbaabaead6089ee3dd0cd7ae5\"},\"description\":\"Apuesta por la estaci\u00f3n seca y viaja a Centroam\u00e9rica en esta \u00e9poca, de noviembre a abril, para conocer estos lugares de Nicaragua, Costa Rica y BeliceMeta keywords: estaci\u00f3n seca viaja Centroam\u00e9rica\",\"breadcrumb\":{\"@id\":\"https:\\\/\\\/www.visitcentroamerica.com\\\/sala-prensa\\\/viajar\\\/fiestas\\\/la-estacion-seca-para-viajar-a-centroamerica-para-que-es-ideal\\\/#breadcrumb\"},\"inLanguage\":\"es\",\"potentialAction\":[{\"@type\":\"ReadAction\",\"target\":[\"https:\\\/\\\/www.visitcentroamerica.com\\\/sala-prensa\\\/viajar\\\/fiestas\\\/la-estacion-seca-para-viajar-a-centroamerica-para-que-es-ideal\\\/\"]}]},{\"@type\":\"ImageObject\",\"inLanguage\":\"es\",\"@id\":\"https:\\\/\\\/www.visitcentroamerica.com\\\/sala-prensa\\\/viajar\\\/fiestas\\\/la-estacion-seca-para-viajar-a-centroamerica-para-que-es-ideal\\\/#primaryimage\",\"url\":\"https:\\\/\\\/www.visitcentroamerica.com\\\/sala-prensa\\\/wp-content\\\/uploads\\\/2021\\\/03\\\/estacion-viajar-centroamerica.jpg\",\"contentUrl\":\"https:\\\/\\\/www.visitcentroamerica.com\\\/sala-prensa\\\/wp-content\\\/uploads\\\/2021\\\/03\\\/estacion-viajar-centroamerica.jpg\",\"width\":1200,\"height\":600,\"caption\":\"Estaci\u00f3n seca - Centroam\u00e9rica\"},{\"@type\":\"BreadcrumbList\",\"@id\":\"https:\\\/\\\/www.visitcentroamerica.com\\\/sala-prensa\\\/viajar\\\/fiestas\\\/la-estacion-seca-para-viajar-a-centroamerica-para-que-es-ideal\\\/#breadcrumb\",\"itemListElement\":[{\"@type\":\"ListItem\",\"position\":1,\"name\":\"Portada\",\"item\":\"https:\\\/\\\/www.visitcentroamerica.com\\\/sala-prensa\\\/\"},{\"@type\":\"ListItem\",\"position\":2,\"name\":\"La estaci\u00f3n seca para viajar a Centroam\u00e9rica, \u00bfpara qu\u00e9 es ideal?\"}]},{\"@type\":\"WebSite\",\"@id\":\"https:\\\/\\\/www.visitcentroamerica.com\\\/sala-prensa\\\/#website\",\"url\":\"https:\\\/\\\/www.visitcentroamerica.com\\\/sala-prensa\\\/\",\"name\":\"Sala de prensa\",\"description\":\"\",\"potentialAction\":[{\"@type\":\"SearchAction\",\"target\":{\"@type\":\"EntryPoint\",\"urlTemplate\":\"https:\\\/\\\/www.visitcentroamerica.com\\\/sala-prensa\\\/?s={search_term_string}\"},\"query-input\":{\"@type\":\"PropertyValueSpecification\",\"valueRequired\":true,\"valueName\":\"search_term_string\"}}],\"inLanguage\":\"es\"},{\"@type\":\"Person\",\"@id\":\"https:\\\/\\\/www.visitcentroamerica.com\\\/sala-prensa\\\/#\\\/schema\\\/person\\\/0aa3bd0dbaabaead6089ee3dd0cd7ae5\",\"name\":\"Denis Alvarado\",\"image\":{\"@type\":\"ImageObject\",\"inLanguage\":\"es\",\"@id\":\"https:\\\/\\\/secure.gravatar.com\\\/avatar\\\/c31f0697f6edb7c68d5dedc2ccbd548d2a9f73aa293e81c6a1425229ec4c9135?s=96&d=mm&r=g\",\"url\":\"https:\\\/\\\/secure.gravatar.com\\\/avatar\\\/c31f0697f6edb7c68d5dedc2ccbd548d2a9f73aa293e81c6a1425229ec4c9135?s=96&d=mm&r=g\",\"contentUrl\":\"https:\\\/\\\/secure.gravatar.com\\\/avatar\\\/c31f0697f6edb7c68d5dedc2ccbd548d2a9f73aa293e81c6a1425229ec4c9135?s=96&d=mm&r=g\",\"caption\":\"Denis Alvarado\"},\"url\":\"https:\\\/\\\/www.visitcentroamerica.com\\\/sala-prensa\\\/author\\\/denis\\\/\"}]}<\/script>\n<!-- \/ Yoast SEO plugin. -->","yoast_head_json":{"title":"Aprovecha las bondades de la estaci\u00f3n seca y viaja a Centroam\u00e9rica","description":"Apuesta por la estaci\u00f3n seca y viaja a Centroam\u00e9rica en esta \u00e9poca, de noviembre a abril, para conocer estos lugares de Nicaragua, Costa Rica y BeliceMeta keywords: estaci\u00f3n seca viaja Centroam\u00e9rica","robots":{"index":"index","follow":"follow","max-snippet":"max-snippet:-1","max-image-preview":"max-image-preview:large","max-video-preview":"max-video-preview:-1"},"canonical":"https:\/\/www.visitcentroamerica.com\/sala-prensa\/viajar\/fiestas\/la-estacion-seca-para-viajar-a-centroamerica-para-que-es-ideal\/","og_locale":"es_ES","og_type":"article","og_title":"Aprovecha las bondades de la estaci\u00f3n seca y viaja a Centroam\u00e9rica","og_description":"Apuesta por la estaci\u00f3n seca y viaja a Centroam\u00e9rica en esta \u00e9poca, de noviembre a abril, para conocer estos lugares de Nicaragua, Costa Rica y BeliceMeta keywords: estaci\u00f3n seca viaja Centroam\u00e9rica","og_url":"https:\/\/www.visitcentroamerica.com\/sala-prensa\/viajar\/fiestas\/la-estacion-seca-para-viajar-a-centroamerica-para-que-es-ideal\/","og_site_name":"Sala de prensa","article_published_time":"2021-03-22T12:30:57+00:00","article_modified_time":"2021-03-22T12:35:25+00:00","og_image":[{"width":1200,"height":600,"url":"https:\/\/www.visitcentroamerica.com\/sala-prensa\/wp-content\/uploads\/2021\/03\/estacion-viajar-centroamerica.jpg","type":"image\/jpeg"}],"author":"Denis Alvarado","twitter_card":"summary_large_image","twitter_misc":{"Escrito por":"Denis Alvarado","Tiempo de lectura":"1 minuto"},"schema":{"@context":"https:\/\/schema.org","@graph":[{"@type":"Article","@id":"https:\/\/www.visitcentroamerica.com\/sala-prensa\/viajar\/fiestas\/la-estacion-seca-para-viajar-a-centroamerica-para-que-es-ideal\/#article","isPartOf":{"@id":"https:\/\/www.visitcentroamerica.com\/sala-prensa\/viajar\/fiestas\/la-estacion-seca-para-viajar-a-centroamerica-para-que-es-ideal\/"},"author":{"name":"Denis Alvarado","@id":"https:\/\/www.visitcentroamerica.com\/sala-prensa\/#\/schema\/person\/0aa3bd0dbaabaead6089ee3dd0cd7ae5"},"headline":"La estaci\u00f3n seca para viajar a Centroam\u00e9rica, \u00bfpara qu\u00e9 es ideal?","datePublished":"2021-03-22T12:30:57+00:00","dateModified":"2021-03-22T12:35:25+00:00","mainEntityOfPage":{"@id":"https:\/\/www.visitcentroamerica.com\/sala-prensa\/viajar\/fiestas\/la-estacion-seca-para-viajar-a-centroamerica-para-que-es-ideal\/"},"wordCount":265,"commentCount":0,"image":{"@id":"https:\/\/www.visitcentroamerica.com\/sala-prensa\/viajar\/fiestas\/la-estacion-seca-para-viajar-a-centroamerica-para-que-es-ideal\/#primaryimage"},"thumbnailUrl":"https:\/\/www.visitcentroamerica.com\/sala-prensa\/wp-content\/uploads\/2021\/03\/estacion-viajar-centroamerica.jpg","articleSection":["Fiestas","Patrimonio de la Humanidad"],"inLanguage":"es","potentialAction":[{"@type":"CommentAction","name":"Comment","target":["https:\/\/www.visitcentroamerica.com\/sala-prensa\/viajar\/fiestas\/la-estacion-seca-para-viajar-a-centroamerica-para-que-es-ideal\/#respond"]}]},{"@type":"WebPage","@id":"https:\/\/www.visitcentroamerica.com\/sala-prensa\/viajar\/fiestas\/la-estacion-seca-para-viajar-a-centroamerica-para-que-es-ideal\/","url":"https:\/\/www.visitcentroamerica.com\/sala-prensa\/viajar\/fiestas\/la-estacion-seca-para-viajar-a-centroamerica-para-que-es-ideal\/","name":"Aprovecha las bondades de la estaci\u00f3n seca y viaja a Centroam\u00e9rica","isPartOf":{"@id":"https:\/\/www.visitcentroamerica.com\/sala-prensa\/#website"},"primaryImageOfPage":{"@id":"https:\/\/www.visitcentroamerica.com\/sala-prensa\/viajar\/fiestas\/la-estacion-seca-para-viajar-a-centroamerica-para-que-es-ideal\/#primaryimage"},"image":{"@id":"https:\/\/www.visitcentroamerica.com\/sala-prensa\/viajar\/fiestas\/la-estacion-seca-para-viajar-a-centroamerica-para-que-es-ideal\/#primaryimage"},"thumbnailUrl":"https:\/\/www.visitcentroamerica.com\/sala-prensa\/wp-content\/uploads\/2021\/03\/estacion-viajar-centroamerica.jpg","datePublished":"2021-03-22T12:30:57+00:00","dateModified":"2021-03-22T12:35:25+00:00","author":{"@id":"https:\/\/www.visitcentroamerica.com\/sala-prensa\/#\/schema\/person\/0aa3bd0dbaabaead6089ee3dd0cd7ae5"},"description":"Apuesta por la estaci\u00f3n seca y viaja a Centroam\u00e9rica en esta \u00e9poca, de noviembre a abril, para conocer estos lugares de Nicaragua, Costa Rica y BeliceMeta keywords: estaci\u00f3n seca viaja Centroam\u00e9rica","breadcrumb":{"@id":"https:\/\/www.visitcentroamerica.com\/sala-prensa\/viajar\/fiestas\/la-estacion-seca-para-viajar-a-centroamerica-para-que-es-ideal\/#breadcrumb"},"inLanguage":"es","potentialAction":[{"@type":"ReadAction","target":["https:\/\/www.visitcentroamerica.com\/sala-prensa\/viajar\/fiestas\/la-estacion-seca-para-viajar-a-centroamerica-para-que-es-ideal\/"]}]},{"@type":"ImageObject","inLanguage":"es","@id":"https:\/\/www.visitcentroamerica.com\/sala-prensa\/viajar\/fiestas\/la-estacion-seca-para-viajar-a-centroamerica-para-que-es-ideal\/#primaryimage","url":"https:\/\/www.visitcentroamerica.com\/sala-prensa\/wp-content\/uploads\/2021\/03\/estacion-viajar-centroamerica.jpg","contentUrl":"https:\/\/www.visitcentroamerica.com\/sala-prensa\/wp-content\/uploads\/2021\/03\/estacion-viajar-centroamerica.jpg","width":1200,"height":600,"caption":"Estaci\u00f3n seca - Centroam\u00e9rica"},{"@type":"BreadcrumbList","@id":"https:\/\/www.visitcentroamerica.com\/sala-prensa\/viajar\/fiestas\/la-estacion-seca-para-viajar-a-centroamerica-para-que-es-ideal\/#breadcrumb","itemListElement":[{"@type":"ListItem","position":1,"name":"Portada","item":"https:\/\/www.visitcentroamerica.com\/sala-prensa\/"},{"@type":"ListItem","position":2,"name":"La estaci\u00f3n seca para viajar a Centroam\u00e9rica, \u00bfpara qu\u00e9 es ideal?"}]},{"@type":"WebSite","@id":"https:\/\/www.visitcentroamerica.com\/sala-prensa\/#website","url":"https:\/\/www.visitcentroamerica.com\/sala-prensa\/","name":"Sala de prensa","description":"","potentialAction":[{"@type":"SearchAction","target":{"@type":"EntryPoint","urlTemplate":"https:\/\/www.visitcentroamerica.com\/sala-prensa\/?s={search_term_string}"},"query-input":{"@type":"PropertyValueSpecification","valueRequired":true,"valueName":"search_term_string"}}],"inLanguage":"es"},{"@type":"Person","@id":"https:\/\/www.visitcentroamerica.com\/sala-prensa\/#\/schema\/person\/0aa3bd0dbaabaead6089ee3dd0cd7ae5","name":"Denis Alvarado","image":{"@type":"ImageObject","inLanguage":"es","@id":"https:\/\/secure.gravatar.com\/avatar\/c31f0697f6edb7c68d5dedc2ccbd548d2a9f73aa293e81c6a1425229ec4c9135?s=96&d=mm&r=g","url":"https:\/\/secure.gravatar.com\/avatar\/c31f0697f6edb7c68d5dedc2ccbd548d2a9f73aa293e81c6a1425229ec4c9135?s=96&d=mm&r=g","contentUrl":"https:\/\/secure.gravatar.com\/avatar\/c31f0697f6edb7c68d5dedc2ccbd548d2a9f73aa293e81c6a1425229ec4c9135?s=96&d=mm&r=g","caption":"Denis Alvarado"},"url":"https:\/\/www.visitcentroamerica.com\/sala-prensa\/author\/denis\/"}]}},"_links":{"self":[{"href":"https:\/\/www.visitcentroamerica.com\/sala-prensa\/wp-json\/wp\/v2\/posts\/11875","targetHints":{"allow":["GET"]}}],"collection":[{"href":"https:\/\/www.visitcentroamerica.com\/sala-prensa\/wp-json\/wp\/v2\/posts"}],"about":[{"href":"https:\/\/www.visitcentroamerica.com\/sala-prensa\/wp-json\/wp\/v2\/types\/post"}],"author":[{"embeddable":true,"href":"https:\/\/www.visitcentroamerica.com\/sala-prensa\/wp-json\/wp\/v2\/users\/5"}],"replies":[{"embeddable":true,"href":"https:\/\/www.visitcentroamerica.com\/sala-prensa\/wp-json\/wp\/v2\/comments?post=11875"}],"version-history":[{"count":4,"href":"https:\/\/www.visitcentroamerica.com\/sala-prensa\/wp-json\/wp\/v2\/posts\/11875\/revisions"}],"predecessor-version":[{"id":11900,"href":"https:\/\/www.visitcentroamerica.com\/sala-prensa\/wp-json\/wp\/v2\/posts\/11875\/revisions\/11900"}],"wp:featuredmedia":[{"embeddable":true,"href":"https:\/\/www.visitcentroamerica.com\/sala-prensa\/wp-json\/wp\/v2\/media\/11876"}],"wp:attachment":[{"href":"https:\/\/www.visitcentroamerica.com\/sala-prensa\/wp-json\/wp\/v2\/media?parent=11875"}],"wp:term":[{"taxonomy":"category","embeddable":true,"href":"https:\/\/www.visitcentroamerica.com\/sala-prensa\/wp-json\/wp\/v2\/categories?post=11875"},{"taxonomy":"post_tag","embeddable":true,"href":"https:\/\/www.visitcentroamerica.com\/sala-prensa\/wp-json\/wp\/v2\/tags?post=11875"}],"curies":[{"name":"wp","href":"https:\/\/api.w.org\/{rel}","templated":true}]}}